{"id":19548,"date":"2023-06-23T11:04:35","date_gmt":"2023-06-23T11:04:35","guid":{"rendered":"https:\/\/www.binauralmedia.org\/news?p=19548"},"modified":"2023-07-06T11:06:41","modified_gmt":"2023-07-06T11:06:41","slug":"historias-da-emigracao-contadas-aos-mais-novos-em-varzea-de-calde","status":"publish","type":"post","link":"https:\/\/www.binauralmedia.org\/news\/arquivo\/19548","title":{"rendered":"Hist\u00f3rias da emigra\u00e7\u00e3o contadas aos mais novos em V\u00e1rzea de Calde"},"content":{"rendered":"<p>OU\u00c7O, LEMBRO, SINTO<br \/>\nAs hist\u00f3rias da emigra\u00e7\u00e3o<\/p>\n<p>Ateli\u00ea sonoro e de express\u00e3o oral<br \/>\nS\u00e1bado, 17 junho \u00e0s 14h30<br \/>\nMuseu do Linho de V\u00e1rzea de Calde (Viseu)<\/p>\n<p>A Binaural Nodar dinamizou o ateli\u00ea sonoro e de express\u00e3o oral &#8216;Ou\u00e7o, Lembro, Sinto&#8217; dirigido a crian\u00e7as e jovens, no \u00e2mbito do qual foram propostas express\u00f5es relacionadas com as hist\u00f3rias de emigra\u00e7\u00e3o refletidas na exposi\u00e7\u00e3o &#8216;Ecos da Ida e do Retorno&#8217;, patente no Museu do Linho de V\u00e1rzea e que inclui obras de Lu\u00eds Costa, Liliana Silva, Ana Rodr\u00edguez, Niccol\u00f3 Masini, Andr\u00e9 Ara\u00fajo e Rafael Bresciani.<\/p>\n<p>O ateli\u00ea foi dirigido por Luis Costa e tem como base uma metodologia pedag\u00f3gica patrimonial desenvolvida pela Binaural Nodar em 2018 intitulada &#8216;Todos somos mem\u00f3ria&#8217;, a qual promove uma atitide ativa por parte das crian\u00e7as e dos jovens no recordar e no expressar aspetos da sua pr\u00f3pria mem\u00f3ria pessoal, familiar e comunit\u00e1ria.<\/p>\n<p>Este ateli\u00ea est\u00e1 integrado num protocolo de apoio do Munic\u00edpio de Viseu  \u00e0 Binaural Nodar.<\/p>\n<p>A Binaural Nodar \u00e9 uma entidade cultural apoiada pelo Governo Portugu\u00eas &#8211; Cultura | Dire\u00e7\u00e3o-Geral das Artes.<\/p>\n","protected":false},"excerpt":{"rendered":"<p>OU\u00c7O, LEMBRO, SINTO As hist\u00f3rias da emigra\u00e7\u00e3o Ateli\u00ea sonoro e  [&#8230;]<\/p>\n","protected":false},"author":8,"featured_media":19549,"comment_status":"closed","ping_status":"closed","sticky":false,"template":"","format":"standard","meta":{"_acf_changed":false,"_bbp_topic_count":0,"_bbp_reply_count":0,"_bbp_total_topic_count":0,"_bbp_total_reply_count":0,"_bbp_voice_count":0,"_bbp_anonymous_reply_count":0,"_bbp_topic_count_hidden":0,"_bbp_reply_count_hidden":0,"_bbp_forum_subforum_count":0,"footnotes":""},"categories":[1,1159],"tags":[],"class_list":["post-19548","post","type-post","status-publish","format-standard","has-post-thumbnail","hentry","category-news","category-educational-programme"],"acf":[],"aioseo_notices":[],"aioseo_head":"\n\t\t<!-- All in One SEO 5.0.1.1 - aioseo.com -->\n\t<meta name=\"description\" content=\"OU\u00c7O, LEMBRO, SINTO As hist\u00f3rias da emigra\u00e7\u00e3o Ateli\u00ea sonoro e de express\u00e3o oral S\u00e1bado, 17 junho \u00e0s 14h30 Museu do Linho de V\u00e1rzea de Calde (Viseu) A Binaural Nodar dinamizou o ateli\u00ea sonoro e de express\u00e3o oral &#039;Ou\u00e7o, Lembro, Sinto&#039; dirigido a crian\u00e7as e jovens, no \u00e2mbito do qual foram propostas express\u00f5es relacionadas com as\" \/>\n\t<meta name=\"robots\" content=\"max-image-preview:large\" \/>\n\t<meta name=\"author\" content=\"Nely Ferreira\"\/>\n\t<link rel=\"canonical\" href=\"https:\/\/www.binauralmedia.org\/news\/arquivo\/19548\" \/>\n\t<meta name=\"generator\" content=\"All in One SEO (AIOSEO) 5.0.1.1\" \/>\n\t\t<meta property=\"og:locale\" content=\"pt_PT\" \/>\n\t\t<meta property=\"og:site_name\" content=\"binauralmedia.org - Rural Based Sound\/Media Arts &amp; Social Research\" \/>\n\t\t<meta property=\"og:type\" content=\"article\" \/>\n\t\t<meta property=\"og:title\" content=\"Hist\u00f3rias da emigra\u00e7\u00e3o contadas aos mais novos em V\u00e1rzea de Calde - binauralmedia.org\" \/>\n\t\t<meta property=\"og:description\" content=\"OU\u00c7O, LEMBRO, SINTO As hist\u00f3rias da emigra\u00e7\u00e3o Ateli\u00ea sonoro e de express\u00e3o oral S\u00e1bado, 17 junho \u00e0s 14h30 Museu do Linho de V\u00e1rzea de Calde (Viseu) A Binaural Nodar dinamizou o ateli\u00ea sonoro e de express\u00e3o oral &#039;Ou\u00e7o, Lembro, Sinto&#039; dirigido a crian\u00e7as e jovens, no \u00e2mbito do qual foram propostas express\u00f5es relacionadas com as\" \/>\n\t\t<meta property=\"og:url\" content=\"https:\/\/www.binauralmedia.org\/news\/arquivo\/19548\" \/>\n\t\t<meta property=\"article:published_time\" content=\"2023-06-23T11:04:35+00:00\" \/>\n\t\t<meta property=\"article:modified_time\" content=\"2023-07-06T11:06:41+00:00\" \/>\n\t\t<meta name=\"twitter:card\" content=\"summary_large_image\" \/>\n\t\t<meta name=\"twitter:title\" content=\"Hist\u00f3rias da emigra\u00e7\u00e3o contadas aos mais novos em V\u00e1rzea de Calde - binauralmedia.org\" \/>\n\t\t<meta name=\"twitter:description\" content=\"OU\u00c7O, LEMBRO, SINTO As hist\u00f3rias da emigra\u00e7\u00e3o Ateli\u00ea sonoro e de express\u00e3o oral S\u00e1bado, 17 junho \u00e0s 14h30 Museu do Linho de V\u00e1rzea de Calde (Viseu) A Binaural Nodar dinamizou o ateli\u00ea sonoro e de express\u00e3o oral &#039;Ou\u00e7o, Lembro, Sinto&#039; dirigido a crian\u00e7as e jovens, no \u00e2mbito do qual foram propostas express\u00f5es relacionadas com as\" \/>\n\t\t<script type=\"application\/ld+json\" class=\"aioseo-schema\">\n\t\t\t{\"@context\":\"https:\\\/\\\/schema.org\",\"@graph\":[{\"@type\":\"BlogPosting\",\"@id\":\"https:\\\/\\\/www.binauralmedia.org\\\/news\\\/arquivo\\\/19548#blogposting\",\"name\":\"Hist\\u00f3rias da emigra\\u00e7\\u00e3o contadas aos mais novos em V\\u00e1rzea de Calde - binauralmedia.org\",\"headline\":\"Hist\\u00f3rias da emigra\\u00e7\\u00e3o contadas aos mais novos em V\\u00e1rzea de Calde\",\"author\":{\"@id\":\"https:\\\/\\\/www.binauralmedia.org\\\/news\\\/arquivo\\\/author\\\/nelyferreira#author\"},\"publisher\":{\"@id\":\"https:\\\/\\\/www.binauralmedia.org\\\/news\\\/#organization\"},\"image\":{\"@type\":\"ImageObject\",\"url\":\"https:\\\/\\\/www.binauralmedia.org\\\/news\\\/wp-content\\\/uploads\\\/Varzea-de-Calde-1.jpg\",\"width\":1200,\"height\":800},\"datePublished\":\"2023-06-23T11:04:35+00:00\",\"dateModified\":\"2023-07-06T11:06:41+00:00\",\"inLanguage\":\"pt-PT\",\"mainEntityOfPage\":{\"@id\":\"https:\\\/\\\/www.binauralmedia.org\\\/news\\\/arquivo\\\/19548#webpage\"},\"isPartOf\":{\"@id\":\"https:\\\/\\\/www.binauralmedia.org\\\/news\\\/arquivo\\\/19548#webpage\"},\"articleSection\":\"Not\\u00edcias, Programa Educativo, Opcional\"},{\"@type\":\"BreadcrumbList\",\"@id\":\"https:\\\/\\\/www.binauralmedia.org\\\/news\\\/arquivo\\\/19548#breadcrumblist\",\"itemListElement\":[{\"@type\":\"ListItem\",\"@id\":\"https:\\\/\\\/www.binauralmedia.org\\\/news#listItem\",\"position\":1,\"name\":\"Home\",\"item\":\"https:\\\/\\\/www.binauralmedia.org\\\/news\",\"nextItem\":{\"@type\":\"ListItem\",\"@id\":\"https:\\\/\\\/www.binauralmedia.org\\\/news\\\/arquivo\\\/category\\\/news#listItem\",\"name\":\"Not\\u00edcias\"}},{\"@type\":\"ListItem\",\"@id\":\"https:\\\/\\\/www.binauralmedia.org\\\/news\\\/arquivo\\\/category\\\/news#listItem\",\"position\":2,\"name\":\"Not\\u00edcias\",\"item\":\"https:\\\/\\\/www.binauralmedia.org\\\/news\\\/arquivo\\\/category\\\/news\",\"nextItem\":{\"@type\":\"ListItem\",\"@id\":\"https:\\\/\\\/www.binauralmedia.org\\\/news\\\/arquivo\\\/19548#listItem\",\"name\":\"Hist\\u00f3rias da emigra\\u00e7\\u00e3o contadas aos mais novos em V\\u00e1rzea de Calde\"},\"previousItem\":{\"@type\":\"ListItem\",\"@id\":\"https:\\\/\\\/www.binauralmedia.org\\\/news#listItem\",\"name\":\"Home\"}},{\"@type\":\"ListItem\",\"@id\":\"https:\\\/\\\/www.binauralmedia.org\\\/news\\\/arquivo\\\/19548#listItem\",\"position\":3,\"name\":\"Hist\\u00f3rias da emigra\\u00e7\\u00e3o contadas aos mais novos em V\\u00e1rzea de Calde\",\"previousItem\":{\"@type\":\"ListItem\",\"@id\":\"https:\\\/\\\/www.binauralmedia.org\\\/news\\\/arquivo\\\/category\\\/news#listItem\",\"name\":\"Not\\u00edcias\"}}]},{\"@type\":\"Organization\",\"@id\":\"https:\\\/\\\/www.binauralmedia.org\\\/news\\\/#organization\",\"name\":\"binauralmedia.org\",\"description\":\"Rural Based Sound\\\/Media Arts & Social Research\",\"url\":\"https:\\\/\\\/www.binauralmedia.org\\\/news\\\/\"},{\"@type\":\"Person\",\"@id\":\"https:\\\/\\\/www.binauralmedia.org\\\/news\\\/arquivo\\\/author\\\/nelyferreira#author\",\"url\":\"https:\\\/\\\/www.binauralmedia.org\\\/news\\\/arquivo\\\/author\\\/nelyferreira\",\"name\":\"Nely Ferreira\"},{\"@type\":\"WebPage\",\"@id\":\"https:\\\/\\\/www.binauralmedia.org\\\/news\\\/arquivo\\\/19548#webpage\",\"url\":\"https:\\\/\\\/www.binauralmedia.org\\\/news\\\/arquivo\\\/19548\",\"name\":\"Hist\\u00f3rias da emigra\\u00e7\\u00e3o contadas aos mais novos em V\\u00e1rzea de Calde - binauralmedia.org\",\"description\":\"OU\\u00c7O, LEMBRO, SINTO As hist\\u00f3rias da emigra\\u00e7\\u00e3o Ateli\\u00ea sonoro e de express\\u00e3o oral S\\u00e1bado, 17 junho \\u00e0s 14h30 Museu do Linho de V\\u00e1rzea de Calde (Viseu) A Binaural Nodar dinamizou o ateli\\u00ea sonoro e de express\\u00e3o oral 'Ou\\u00e7o, Lembro, Sinto' dirigido a crian\\u00e7as e jovens, no \\u00e2mbito do qual foram propostas express\\u00f5es relacionadas com as\",\"inLanguage\":\"pt-PT\",\"isPartOf\":{\"@id\":\"https:\\\/\\\/www.binauralmedia.org\\\/news\\\/#website\"},\"breadcrumb\":{\"@id\":\"https:\\\/\\\/www.binauralmedia.org\\\/news\\\/arquivo\\\/19548#breadcrumblist\"},\"author\":{\"@id\":\"https:\\\/\\\/www.binauralmedia.org\\\/news\\\/arquivo\\\/author\\\/nelyferreira#author\"},\"creator\":{\"@id\":\"https:\\\/\\\/www.binauralmedia.org\\\/news\\\/arquivo\\\/author\\\/nelyferreira#author\"},\"image\":{\"@type\":\"ImageObject\",\"url\":\"https:\\\/\\\/www.binauralmedia.org\\\/news\\\/wp-content\\\/uploads\\\/Varzea-de-Calde-1.jpg\",\"@id\":\"https:\\\/\\\/www.binauralmedia.org\\\/news\\\/arquivo\\\/19548\\\/#mainImage\",\"width\":1200,\"height\":800},\"primaryImageOfPage\":{\"@id\":\"https:\\\/\\\/www.binauralmedia.org\\\/news\\\/arquivo\\\/19548#mainImage\"},\"datePublished\":\"2023-06-23T11:04:35+00:00\",\"dateModified\":\"2023-07-06T11:06:41+00:00\"},{\"@type\":\"WebSite\",\"@id\":\"https:\\\/\\\/www.binauralmedia.org\\\/news\\\/#website\",\"url\":\"https:\\\/\\\/www.binauralmedia.org\\\/news\\\/\",\"name\":\"binauralmedia.org\",\"description\":\"Rural Based Sound\\\/Media Arts & Social Research\",\"inLanguage\":\"pt-PT\",\"publisher\":{\"@id\":\"https:\\\/\\\/www.binauralmedia.org\\\/news\\\/#organization\"}}]}\n\t\t<\/script>\n\t\t<!-- All in One SEO -->\n\n","aioseo_head_json":{"title":"Hist\u00f3rias da emigra\u00e7\u00e3o contadas aos mais novos em V\u00e1rzea de Calde - binauralmedia.org","description":"OU\u00c7O, LEMBRO, SINTO As hist\u00f3rias da emigra\u00e7\u00e3o Ateli\u00ea sonoro e de express\u00e3o oral S\u00e1bado, 17 junho \u00e0s 14h30 Museu do Linho de V\u00e1rzea de Calde (Viseu) A Binaural Nodar dinamizou o ateli\u00ea sonoro e de express\u00e3o oral 'Ou\u00e7o, Lembro, Sinto' dirigido a crian\u00e7as e jovens, no \u00e2mbito do qual foram propostas express\u00f5es relacionadas com as","canonical_url":"https:\/\/www.binauralmedia.org\/news\/arquivo\/19548","robots":"max-image-preview:large","keywords":"","webmasterTools":{"miscellaneous":""},"schema":{"@context":"https:\/\/schema.org","@graph":[{"@type":"BlogPosting","@id":"https:\/\/www.binauralmedia.org\/news\/arquivo\/19548#blogposting","name":"Hist\u00f3rias da emigra\u00e7\u00e3o contadas aos mais novos em V\u00e1rzea de Calde - binauralmedia.org","headline":"Hist\u00f3rias da emigra\u00e7\u00e3o contadas aos mais novos em V\u00e1rzea de Calde","author":{"@id":"https:\/\/www.binauralmedia.org\/news\/arquivo\/author\/nelyferreira#author"},"publisher":{"@id":"https:\/\/www.binauralmedia.org\/news\/#organization"},"image":{"@type":"ImageObject","url":"https:\/\/www.binauralmedia.org\/news\/wp-content\/uploads\/Varzea-de-Calde-1.jpg","width":1200,"height":800},"datePublished":"2023-06-23T11:04:35+00:00","dateModified":"2023-07-06T11:06:41+00:00","inLanguage":"pt-PT","mainEntityOfPage":{"@id":"https:\/\/www.binauralmedia.org\/news\/arquivo\/19548#webpage"},"isPartOf":{"@id":"https:\/\/www.binauralmedia.org\/news\/arquivo\/19548#webpage"},"articleSection":"Not\u00edcias, Programa Educativo, Opcional"},{"@type":"BreadcrumbList","@id":"https:\/\/www.binauralmedia.org\/news\/arquivo\/19548#breadcrumblist","itemListElement":[{"@type":"ListItem","@id":"https:\/\/www.binauralmedia.org\/news#listItem","position":1,"name":"Home","item":"https:\/\/www.binauralmedia.org\/news","nextItem":{"@type":"ListItem","@id":"https:\/\/www.binauralmedia.org\/news\/arquivo\/category\/news#listItem","name":"Not\u00edcias"}},{"@type":"ListItem","@id":"https:\/\/www.binauralmedia.org\/news\/arquivo\/category\/news#listItem","position":2,"name":"Not\u00edcias","item":"https:\/\/www.binauralmedia.org\/news\/arquivo\/category\/news","nextItem":{"@type":"ListItem","@id":"https:\/\/www.binauralmedia.org\/news\/arquivo\/19548#listItem","name":"Hist\u00f3rias da emigra\u00e7\u00e3o contadas aos mais novos em V\u00e1rzea de Calde"},"previousItem":{"@type":"ListItem","@id":"https:\/\/www.binauralmedia.org\/news#listItem","name":"Home"}},{"@type":"ListItem","@id":"https:\/\/www.binauralmedia.org\/news\/arquivo\/19548#listItem","position":3,"name":"Hist\u00f3rias da emigra\u00e7\u00e3o contadas aos mais novos em V\u00e1rzea de Calde","previousItem":{"@type":"ListItem","@id":"https:\/\/www.binauralmedia.org\/news\/arquivo\/category\/news#listItem","name":"Not\u00edcias"}}]},{"@type":"Organization","@id":"https:\/\/www.binauralmedia.org\/news\/#organization","name":"binauralmedia.org","description":"Rural Based Sound\/Media Arts & Social Research","url":"https:\/\/www.binauralmedia.org\/news\/"},{"@type":"Person","@id":"https:\/\/www.binauralmedia.org\/news\/arquivo\/author\/nelyferreira#author","url":"https:\/\/www.binauralmedia.org\/news\/arquivo\/author\/nelyferreira","name":"Nely Ferreira"},{"@type":"WebPage","@id":"https:\/\/www.binauralmedia.org\/news\/arquivo\/19548#webpage","url":"https:\/\/www.binauralmedia.org\/news\/arquivo\/19548","name":"Hist\u00f3rias da emigra\u00e7\u00e3o contadas aos mais novos em V\u00e1rzea de Calde - binauralmedia.org","description":"OU\u00c7O, LEMBRO, SINTO As hist\u00f3rias da emigra\u00e7\u00e3o Ateli\u00ea sonoro e de express\u00e3o oral S\u00e1bado, 17 junho \u00e0s 14h30 Museu do Linho de V\u00e1rzea de Calde (Viseu) A Binaural Nodar dinamizou o ateli\u00ea sonoro e de express\u00e3o oral 'Ou\u00e7o, Lembro, Sinto' dirigido a crian\u00e7as e jovens, no \u00e2mbito do qual foram propostas express\u00f5es relacionadas com as","inLanguage":"pt-PT","isPartOf":{"@id":"https:\/\/www.binauralmedia.org\/news\/#website"},"breadcrumb":{"@id":"https:\/\/www.binauralmedia.org\/news\/arquivo\/19548#breadcrumblist"},"author":{"@id":"https:\/\/www.binauralmedia.org\/news\/arquivo\/author\/nelyferreira#author"},"creator":{"@id":"https:\/\/www.binauralmedia.org\/news\/arquivo\/author\/nelyferreira#author"},"image":{"@type":"ImageObject","url":"https:\/\/www.binauralmedia.org\/news\/wp-content\/uploads\/Varzea-de-Calde-1.jpg","@id":"https:\/\/www.binauralmedia.org\/news\/arquivo\/19548\/#mainImage","width":1200,"height":800},"primaryImageOfPage":{"@id":"https:\/\/www.binauralmedia.org\/news\/arquivo\/19548#mainImage"},"datePublished":"2023-06-23T11:04:35+00:00","dateModified":"2023-07-06T11:06:41+00:00"},{"@type":"WebSite","@id":"https:\/\/www.binauralmedia.org\/news\/#website","url":"https:\/\/www.binauralmedia.org\/news\/","name":"binauralmedia.org","description":"Rural Based Sound\/Media Arts & Social Research","inLanguage":"pt-PT","publisher":{"@id":"https:\/\/www.binauralmedia.org\/news\/#organization"}}]},"og:locale":"pt_PT","og:site_name":"binauralmedia.org - Rural Based Sound\/Media Arts &amp; Social Research","og:type":"article","og:title":"Hist\u00f3rias da emigra\u00e7\u00e3o contadas aos mais novos em V\u00e1rzea de Calde - binauralmedia.org","og:description":"OU\u00c7O, LEMBRO, SINTO As hist\u00f3rias da emigra\u00e7\u00e3o Ateli\u00ea sonoro e de express\u00e3o oral S\u00e1bado, 17 junho \u00e0s 14h30 Museu do Linho de V\u00e1rzea de Calde (Viseu) A Binaural Nodar dinamizou o ateli\u00ea sonoro e de express\u00e3o oral 'Ou\u00e7o, Lembro, Sinto' dirigido a crian\u00e7as e jovens, no \u00e2mbito do qual foram propostas express\u00f5es relacionadas com as","og:url":"https:\/\/www.binauralmedia.org\/news\/arquivo\/19548","article:published_time":"2023-06-23T11:04:35+00:00","article:modified_time":"2023-07-06T11:06:41+00:00","twitter:card":"summary_large_image","twitter:title":"Hist\u00f3rias da emigra\u00e7\u00e3o contadas aos mais novos em V\u00e1rzea de Calde - binauralmedia.org","twitter:description":"OU\u00c7O, LEMBRO, SINTO As hist\u00f3rias da emigra\u00e7\u00e3o Ateli\u00ea sonoro e de express\u00e3o oral S\u00e1bado, 17 junho \u00e0s 14h30 Museu do Linho de V\u00e1rzea de Calde (Viseu) A Binaural Nodar dinamizou o ateli\u00ea sonoro e de express\u00e3o oral 'Ou\u00e7o, Lembro, Sinto' dirigido a crian\u00e7as e jovens, no \u00e2mbito do qual foram propostas express\u00f5es relacionadas com as"},"aioseo_meta_data":{"post_id":"19548","title":null,"description":null,"keywords":null,"keyphrases":null,"primary_term":null,"canonical_url":null,"og_title":null,"og_description":null,"og_object_type":"default","og_image_type":"default","og_image_custom_url":null,"og_image_custom_fields":null,"og_image_url":null,"og_image_width":null,"og_image_height":null,"og_video":null,"og_custom_url":null,"og_article_section":null,"og_article_tags":null,"twitter_use_og":false,"twitter_card":"default","twitter_image_type":"default","twitter_image_custom_url":null,"twitter_image_custom_fields":null,"twitter_image_url":null,"twitter_title":null,"twitter_description":null,"schema_type":"default","schema_type_options":null,"schema":{"blockGraphs":[],"customGraphs":[],"default":{"data":{"Article":[],"Course":[],"Dataset":[],"FAQPage":[],"Movie":[],"Person":[],"Product":[],"ProductReview":[],"Car":[],"Recipe":[],"Service":[],"SoftwareApplication":[],"WebPage":[]},"graphName":"","isEnabled":true},"graphs":[]},"pillar_content":false,"robots_default":true,"robots_noindex":false,"robots_noarchive":false,"robots_nosnippet":false,"robots_nofollow":false,"robots_noimageindex":false,"robots_noodp":false,"robots_notranslate":false,"robots_max_snippet":null,"robots_max_videopreview":null,"robots_max_imagepreview":"large","priority":null,"frequency":null,"local_seo":null,"limit_modified_date":false,"ai":null,"breadcrumb_settings":null,"seo_analyzer_scan_date":null,"created":"2026-08-05 05:37:59","updated":"2026-08-05 05:37:59","focus_keyword":null,"additional_keywords":null,"truseo_locale":null},"aioseo_breadcrumb":"<div class=\"aioseo-breadcrumbs\"><span class=\"aioseo-breadcrumb\">\n\t\t\t<a href=\"https:\/\/www.binauralmedia.org\/news\" title=\"Home\">Home<\/a>\n\t\t<\/span><span class=\"aioseo-breadcrumb-separator\">&raquo;<\/span><span class=\"aioseo-breadcrumb\">\n\t\t\t<a href=\"https:\/\/www.binauralmedia.org\/news\/arquivo\/category\/news\" title=\"Not\u00edcias\">Not\u00edcias<\/a>\n\t\t<\/span><span class=\"aioseo-breadcrumb-separator\">&raquo;<\/span><span class=\"aioseo-breadcrumb\">\n\t\t\tHist\u00f3rias da emigra\u00e7\u00e3o contadas aos mais novos em V\u00e1rzea de Calde\n\t\t<\/span><\/div>","aioseo_breadcrumb_json":[{"label":"Home","link":"https:\/\/www.binauralmedia.org\/news"},{"label":"Not\u00edcias","link":"https:\/\/www.binauralmedia.org\/news\/arquivo\/category\/news"},{"label":"Hist\u00f3rias da emigra\u00e7\u00e3o contadas aos mais novos em V\u00e1rzea de Calde","link":"https:\/\/www.binauralmedia.org\/news\/arquivo\/19548"}],"_links":{"self":[{"href":"https:\/\/www.binauralmedia.org\/news\/wp-json\/wp\/v2\/posts\/19548","targetHints":{"allow":["GET"]}}],"collection":[{"href":"https:\/\/www.binauralmedia.org\/news\/wp-json\/wp\/v2\/posts"}],"about":[{"href":"https:\/\/www.binauralmedia.org\/news\/wp-json\/wp\/v2\/types\/post"}],"author":[{"embeddable":true,"href":"https:\/\/www.binauralmedia.org\/news\/wp-json\/wp\/v2\/users\/8"}],"replies":[{"embeddable":true,"href":"https:\/\/www.binauralmedia.org\/news\/wp-json\/wp\/v2\/comments?post=19548"}],"version-history":[{"count":2,"href":"https:\/\/www.binauralmedia.org\/news\/wp-json\/wp\/v2\/posts\/19548\/revisions"}],"predecessor-version":[{"id":19553,"href":"https:\/\/www.binauralmedia.org\/news\/wp-json\/wp\/v2\/posts\/19548\/revisions\/19553"}],"wp:featuredmedia":[{"embeddable":true,"href":"https:\/\/www.binauralmedia.org\/news\/wp-json\/wp\/v2\/media\/19549"}],"wp:attachment":[{"href":"https:\/\/www.binauralmedia.org\/news\/wp-json\/wp\/v2\/media?parent=19548"}],"wp:term":[{"taxonomy":"category","embeddable":true,"href":"https:\/\/www.binauralmedia.org\/news\/wp-json\/wp\/v2\/categories?post=19548"},{"taxonomy":"post_tag","embeddable":true,"href":"https:\/\/www.binauralmedia.org\/news\/wp-json\/wp\/v2\/tags?post=19548"}],"curies":[{"name":"wp","href":"https:\/\/api.w.org\/{rel}","templated":true}]}}