{"id":17140,"date":"2023-05-30T21:36:29","date_gmt":"2023-05-30T21:36:29","guid":{"rendered":"https:\/\/www.binauralmedia.org\/news?p=17140"},"modified":"2023-06-05T21:41:15","modified_gmt":"2023-06-05T21:41:15","slug":"exposicao-intersectar-na-universidade-de-aveiro","status":"publish","type":"post","link":"https:\/\/www.binauralmedia.org\/news\/arquivo\/17140","title":{"rendered":"Exposi\u00e7\u00e3o &#8220;Intersectar&#8221; na Universidade de Aveiro"},"content":{"rendered":"<p>EXPOSI\u00c7\u00c3O &#8220;INTERSECTAR&#8221;<br \/>\nProjetos finais dos alunos do Mestrado em Cria\u00e7\u00e3o Art\u00edstica Contempor\u00e2nea da Universidade de Aveiro<br \/>\nMuseu de Aveiro | Santa Joana<br \/>\nDe 1 a 11 de junho 2023<br \/>\nInaugura\u00e7\u00e3o: quinta-feira, 1 de junho \u00e0s 19h00<\/p>\n<p>A Binaural Nodar tem o gosto de se associar, enquanto parceira, \u00e0 exposi\u00e7\u00e3o &#8220;Intersectar&#8221; que inclui os projetos art\u00edsticos finais dos alunos do Mestrado em Cria\u00e7\u00e3o Art\u00edstica Contempor\u00e2nea, do Departamento de Comunica\u00e7\u00e3o e Arte, da Universidade de Aveiro.<\/p>\n<p>A exposi\u00e7\u00e3o inaugura na quinta-feira, 1 de junho pelas 19h00 no Museu de Aveiro\/Santa Joana, sendo a d\u00e9cima sexta edi\u00e7\u00e3o deste evento que celebra o \u00e1rduo trabalho do corpo discente do mestrado ao longo do ano letivo. A Binaural Nodar acolhe desde 2011 uma resid\u00eancia art\u00edstica dirigida aos alunos do referido mestrado, no \u00e2mbito da qual s\u00e3o testados os respetivos projetos art\u00edsticos numa l\u00f3gica &#8220;work in progress&#8221;, em paralelo com uma forma\u00e7\u00e3o na utiliza\u00e7\u00e3o de paisagens sonoras e da arte sonora enquanto t\u00e9cnicas criativas interessantes, complementares a outras aprofundadas no \u00e2mbito do mestrado.<\/p>\n<p>Entendendo a pr\u00e1tica art\u00edstica de um modo abrangente s\u00e3o explorados nos projetos art\u00edsticos apresentados diferentes media: da performance \u00e0 escultura\/pintura, do v\u00eddeo \u00e0 instala\u00e7\u00e3o interativa e \u00e0 arte sonora.<\/p>\n<p>A exposi\u00e7\u00e3o dos trabalhos dos alunos produzidos no Mestrado em Cria\u00e7\u00e3o Art\u00edstica Contempor\u00e2nea assenta no desenvolvimento de projetos que tem por objetivo refor\u00e7ar a autonomia na concretiza\u00e7\u00e3o da obra e a consciencializa\u00e7\u00e3o do ato criativo \u2013 condi\u00e7\u00f5es essenciais da praxis art\u00edstica. Procura-se aprofundar conhecimentos, assentes na subst\u00e2ncia dos conceitos, enquadrando a mat\u00e9ria, procurando atingir a compreens\u00e3o abrangente da pr\u00e1tica art\u00edstica, com um pressuposto de transdisciplinaridade que se revela na inten\u00e7\u00e3o de desenvolver, aplicar e aumentar o conhecimento e reflex\u00e3o acerca das artes visuais.<\/p>\n<p>Hor\u00e1rio do Museu de Aveiro | Santa Joana:<br \/>\nTer\u00e7a-feira a Domingo<br \/>\nDas 10:00h \u00e0s 12:30h; 13:30h \u00e0s 18:00h<\/p>\n<p>A Binaural Nodar \u00e9 uma estrutura cultural apoiada pelo Governo Portugu\u00eas &#8211; Cultura | Dire\u00e7\u00e3o-Geral das Artes.<\/p>\n","protected":false},"excerpt":{"rendered":"<p>EXPOSI\u00c7\u00c3O &#8220;INTERSECTAR&#8221; Projetos finais dos alunos do Mestrado em Cria\u00e7\u00e3o  [&#8230;]<\/p>\n","protected":false},"author":8,"featured_media":17141,"comment_status":"closed","ping_status":"closed","sticky":false,"template":"","format":"standard","meta":{"_acf_changed":false,"_bbp_topic_count":0,"_bbp_reply_count":0,"_bbp_total_topic_count":0,"_bbp_total_reply_count":0,"_bbp_voice_count":0,"_bbp_anonymous_reply_count":0,"_bbp_topic_count_hidden":0,"_bbp_reply_count_hidden":0,"_bbp_forum_subforum_count":0,"footnotes":""},"categories":[1,1159],"tags":[],"class_list":["post-17140","post","type-post","status-publish","format-standard","has-post-thumbnail","hentry","category-news","category-educational-programme"],"acf":[],"aioseo_notices":[],"aioseo_head":"\n\t\t<!-- All in One SEO 5.0.1.1 - aioseo.com -->\n\t<meta name=\"description\" content=\"EXPOSI\u00c7\u00c3O \u201cINTERSECTAR\u201d Projetos finais dos alunos do Mestrado em Cria\u00e7\u00e3o Art\u00edstica Contempor\u00e2nea da Universidade de Aveiro Museu de Aveiro | Santa Joana De 1 a 11 de junho 2023 Inaugura\u00e7\u00e3o: quinta-feira, 1 de junho \u00e0s 19h00 A Binaural Nodar tem o gosto de se associar, enquanto parceira, \u00e0 exposi\u00e7\u00e3o \u201cIntersectar\u201d que inclui os projetos art\u00edsticos\" \/>\n\t<meta name=\"robots\" content=\"max-image-preview:large\" \/>\n\t<meta name=\"author\" content=\"Nely Ferreira\"\/>\n\t<link rel=\"canonical\" href=\"https:\/\/www.binauralmedia.org\/news\/arquivo\/17140\" \/>\n\t<meta name=\"generator\" content=\"All in One SEO (AIOSEO) 5.0.1.1\" \/>\n\t\t<meta property=\"og:locale\" content=\"pt_PT\" \/>\n\t\t<meta property=\"og:site_name\" content=\"binauralmedia.org - Rural Based Sound\/Media Arts &amp; Social Research\" \/>\n\t\t<meta property=\"og:type\" content=\"article\" \/>\n\t\t<meta property=\"og:title\" content=\"Exposi\u00e7\u00e3o \u201cIntersectar\u201d na Universidade de Aveiro - binauralmedia.org\" \/>\n\t\t<meta property=\"og:description\" content=\"EXPOSI\u00c7\u00c3O \u201cINTERSECTAR\u201d Projetos finais dos alunos do Mestrado em Cria\u00e7\u00e3o Art\u00edstica Contempor\u00e2nea da Universidade de Aveiro Museu de Aveiro | Santa Joana De 1 a 11 de junho 2023 Inaugura\u00e7\u00e3o: quinta-feira, 1 de junho \u00e0s 19h00 A Binaural Nodar tem o gosto de se associar, enquanto parceira, \u00e0 exposi\u00e7\u00e3o \u201cIntersectar\u201d que inclui os projetos art\u00edsticos\" \/>\n\t\t<meta property=\"og:url\" content=\"https:\/\/www.binauralmedia.org\/news\/arquivo\/17140\" \/>\n\t\t<meta property=\"article:published_time\" content=\"2023-05-30T21:36:29+00:00\" \/>\n\t\t<meta property=\"article:modified_time\" content=\"2023-06-05T21:41:15+00:00\" \/>\n\t\t<meta name=\"twitter:card\" content=\"summary_large_image\" \/>\n\t\t<meta name=\"twitter:title\" content=\"Exposi\u00e7\u00e3o \u201cIntersectar\u201d na Universidade de Aveiro - binauralmedia.org\" \/>\n\t\t<meta name=\"twitter:description\" content=\"EXPOSI\u00c7\u00c3O \u201cINTERSECTAR\u201d Projetos finais dos alunos do Mestrado em Cria\u00e7\u00e3o Art\u00edstica Contempor\u00e2nea da Universidade de Aveiro Museu de Aveiro | Santa Joana De 1 a 11 de junho 2023 Inaugura\u00e7\u00e3o: quinta-feira, 1 de junho \u00e0s 19h00 A Binaural Nodar tem o gosto de se associar, enquanto parceira, \u00e0 exposi\u00e7\u00e3o \u201cIntersectar\u201d que inclui os projetos art\u00edsticos\" \/>\n\t\t<script type=\"application\/ld+json\" class=\"aioseo-schema\">\n\t\t\t{\"@context\":\"https:\\\/\\\/schema.org\",\"@graph\":[{\"@type\":\"BlogPosting\",\"@id\":\"https:\\\/\\\/www.binauralmedia.org\\\/news\\\/arquivo\\\/17140#blogposting\",\"name\":\"Exposi\\u00e7\\u00e3o \\u201cIntersectar\\u201d na Universidade de Aveiro - binauralmedia.org\",\"headline\":\"Exposi\\u00e7\\u00e3o &#8220;Intersectar&#8221; na Universidade de Aveiro\",\"author\":{\"@id\":\"https:\\\/\\\/www.binauralmedia.org\\\/news\\\/arquivo\\\/author\\\/nelyferreira#author\"},\"publisher\":{\"@id\":\"https:\\\/\\\/www.binauralmedia.org\\\/news\\\/#organization\"},\"image\":{\"@type\":\"ImageObject\",\"url\":\"https:\\\/\\\/www.binauralmedia.org\\\/news\\\/wp-content\\\/uploads\\\/Exposicao-MCAC-2023.jpeg\",\"width\":1200,\"height\":800},\"datePublished\":\"2023-05-30T21:36:29+00:00\",\"dateModified\":\"2023-06-05T21:41:15+00:00\",\"inLanguage\":\"pt-PT\",\"mainEntityOfPage\":{\"@id\":\"https:\\\/\\\/www.binauralmedia.org\\\/news\\\/arquivo\\\/17140#webpage\"},\"isPartOf\":{\"@id\":\"https:\\\/\\\/www.binauralmedia.org\\\/news\\\/arquivo\\\/17140#webpage\"},\"articleSection\":\"Not\\u00edcias, Programa Educativo, Opcional\"},{\"@type\":\"BreadcrumbList\",\"@id\":\"https:\\\/\\\/www.binauralmedia.org\\\/news\\\/arquivo\\\/17140#breadcrumblist\",\"itemListElement\":[{\"@type\":\"ListItem\",\"@id\":\"https:\\\/\\\/www.binauralmedia.org\\\/news#listItem\",\"position\":1,\"name\":\"Home\",\"item\":\"https:\\\/\\\/www.binauralmedia.org\\\/news\",\"nextItem\":{\"@type\":\"ListItem\",\"@id\":\"https:\\\/\\\/www.binauralmedia.org\\\/news\\\/arquivo\\\/category\\\/news#listItem\",\"name\":\"Not\\u00edcias\"}},{\"@type\":\"ListItem\",\"@id\":\"https:\\\/\\\/www.binauralmedia.org\\\/news\\\/arquivo\\\/category\\\/news#listItem\",\"position\":2,\"name\":\"Not\\u00edcias\",\"item\":\"https:\\\/\\\/www.binauralmedia.org\\\/news\\\/arquivo\\\/category\\\/news\",\"nextItem\":{\"@type\":\"ListItem\",\"@id\":\"https:\\\/\\\/www.binauralmedia.org\\\/news\\\/arquivo\\\/17140#listItem\",\"name\":\"Exposi\\u00e7\\u00e3o &#8220;Intersectar&#8221; na Universidade de Aveiro\"},\"previousItem\":{\"@type\":\"ListItem\",\"@id\":\"https:\\\/\\\/www.binauralmedia.org\\\/news#listItem\",\"name\":\"Home\"}},{\"@type\":\"ListItem\",\"@id\":\"https:\\\/\\\/www.binauralmedia.org\\\/news\\\/arquivo\\\/17140#listItem\",\"position\":3,\"name\":\"Exposi\\u00e7\\u00e3o &#8220;Intersectar&#8221; na Universidade de Aveiro\",\"previousItem\":{\"@type\":\"ListItem\",\"@id\":\"https:\\\/\\\/www.binauralmedia.org\\\/news\\\/arquivo\\\/category\\\/news#listItem\",\"name\":\"Not\\u00edcias\"}}]},{\"@type\":\"Organization\",\"@id\":\"https:\\\/\\\/www.binauralmedia.org\\\/news\\\/#organization\",\"name\":\"binauralmedia.org\",\"description\":\"Rural Based Sound\\\/Media Arts & Social Research\",\"url\":\"https:\\\/\\\/www.binauralmedia.org\\\/news\\\/\"},{\"@type\":\"Person\",\"@id\":\"https:\\\/\\\/www.binauralmedia.org\\\/news\\\/arquivo\\\/author\\\/nelyferreira#author\",\"url\":\"https:\\\/\\\/www.binauralmedia.org\\\/news\\\/arquivo\\\/author\\\/nelyferreira\",\"name\":\"Nely Ferreira\"},{\"@type\":\"WebPage\",\"@id\":\"https:\\\/\\\/www.binauralmedia.org\\\/news\\\/arquivo\\\/17140#webpage\",\"url\":\"https:\\\/\\\/www.binauralmedia.org\\\/news\\\/arquivo\\\/17140\",\"name\":\"Exposi\\u00e7\\u00e3o \\u201cIntersectar\\u201d na Universidade de Aveiro - binauralmedia.org\",\"description\":\"EXPOSI\\u00c7\\u00c3O \\u201cINTERSECTAR\\u201d Projetos finais dos alunos do Mestrado em Cria\\u00e7\\u00e3o Art\\u00edstica Contempor\\u00e2nea da Universidade de Aveiro Museu de Aveiro | Santa Joana De 1 a 11 de junho 2023 Inaugura\\u00e7\\u00e3o: quinta-feira, 1 de junho \\u00e0s 19h00 A Binaural Nodar tem o gosto de se associar, enquanto parceira, \\u00e0 exposi\\u00e7\\u00e3o \\u201cIntersectar\\u201d que inclui os projetos art\\u00edsticos\",\"inLanguage\":\"pt-PT\",\"isPartOf\":{\"@id\":\"https:\\\/\\\/www.binauralmedia.org\\\/news\\\/#website\"},\"breadcrumb\":{\"@id\":\"https:\\\/\\\/www.binauralmedia.org\\\/news\\\/arquivo\\\/17140#breadcrumblist\"},\"author\":{\"@id\":\"https:\\\/\\\/www.binauralmedia.org\\\/news\\\/arquivo\\\/author\\\/nelyferreira#author\"},\"creator\":{\"@id\":\"https:\\\/\\\/www.binauralmedia.org\\\/news\\\/arquivo\\\/author\\\/nelyferreira#author\"},\"image\":{\"@type\":\"ImageObject\",\"url\":\"https:\\\/\\\/www.binauralmedia.org\\\/news\\\/wp-content\\\/uploads\\\/Exposicao-MCAC-2023.jpeg\",\"@id\":\"https:\\\/\\\/www.binauralmedia.org\\\/news\\\/arquivo\\\/17140\\\/#mainImage\",\"width\":1200,\"height\":800},\"primaryImageOfPage\":{\"@id\":\"https:\\\/\\\/www.binauralmedia.org\\\/news\\\/arquivo\\\/17140#mainImage\"},\"datePublished\":\"2023-05-30T21:36:29+00:00\",\"dateModified\":\"2023-06-05T21:41:15+00:00\"},{\"@type\":\"WebSite\",\"@id\":\"https:\\\/\\\/www.binauralmedia.org\\\/news\\\/#website\",\"url\":\"https:\\\/\\\/www.binauralmedia.org\\\/news\\\/\",\"name\":\"binauralmedia.org\",\"description\":\"Rural Based Sound\\\/Media Arts & Social Research\",\"inLanguage\":\"pt-PT\",\"publisher\":{\"@id\":\"https:\\\/\\\/www.binauralmedia.org\\\/news\\\/#organization\"}}]}\n\t\t<\/script>\n\t\t<!-- All in One SEO -->\n\n","aioseo_head_json":{"title":"Exposi\u00e7\u00e3o \u201cIntersectar\u201d na Universidade de Aveiro - binauralmedia.org","description":"EXPOSI\u00c7\u00c3O \u201cINTERSECTAR\u201d Projetos finais dos alunos do Mestrado em Cria\u00e7\u00e3o Art\u00edstica Contempor\u00e2nea da Universidade de Aveiro Museu de Aveiro | Santa Joana De 1 a 11 de junho 2023 Inaugura\u00e7\u00e3o: quinta-feira, 1 de junho \u00e0s 19h00 A Binaural Nodar tem o gosto de se associar, enquanto parceira, \u00e0 exposi\u00e7\u00e3o \u201cIntersectar\u201d que inclui os projetos art\u00edsticos","canonical_url":"https:\/\/www.binauralmedia.org\/news\/arquivo\/17140","robots":"max-image-preview:large","keywords":"","webmasterTools":{"miscellaneous":""},"schema":{"@context":"https:\/\/schema.org","@graph":[{"@type":"BlogPosting","@id":"https:\/\/www.binauralmedia.org\/news\/arquivo\/17140#blogposting","name":"Exposi\u00e7\u00e3o \u201cIntersectar\u201d na Universidade de Aveiro - binauralmedia.org","headline":"Exposi\u00e7\u00e3o &#8220;Intersectar&#8221; na Universidade de Aveiro","author":{"@id":"https:\/\/www.binauralmedia.org\/news\/arquivo\/author\/nelyferreira#author"},"publisher":{"@id":"https:\/\/www.binauralmedia.org\/news\/#organization"},"image":{"@type":"ImageObject","url":"https:\/\/www.binauralmedia.org\/news\/wp-content\/uploads\/Exposicao-MCAC-2023.jpeg","width":1200,"height":800},"datePublished":"2023-05-30T21:36:29+00:00","dateModified":"2023-06-05T21:41:15+00:00","inLanguage":"pt-PT","mainEntityOfPage":{"@id":"https:\/\/www.binauralmedia.org\/news\/arquivo\/17140#webpage"},"isPartOf":{"@id":"https:\/\/www.binauralmedia.org\/news\/arquivo\/17140#webpage"},"articleSection":"Not\u00edcias, Programa Educativo, Opcional"},{"@type":"BreadcrumbList","@id":"https:\/\/www.binauralmedia.org\/news\/arquivo\/17140#breadcrumblist","itemListElement":[{"@type":"ListItem","@id":"https:\/\/www.binauralmedia.org\/news#listItem","position":1,"name":"Home","item":"https:\/\/www.binauralmedia.org\/news","nextItem":{"@type":"ListItem","@id":"https:\/\/www.binauralmedia.org\/news\/arquivo\/category\/news#listItem","name":"Not\u00edcias"}},{"@type":"ListItem","@id":"https:\/\/www.binauralmedia.org\/news\/arquivo\/category\/news#listItem","position":2,"name":"Not\u00edcias","item":"https:\/\/www.binauralmedia.org\/news\/arquivo\/category\/news","nextItem":{"@type":"ListItem","@id":"https:\/\/www.binauralmedia.org\/news\/arquivo\/17140#listItem","name":"Exposi\u00e7\u00e3o &#8220;Intersectar&#8221; na Universidade de Aveiro"},"previousItem":{"@type":"ListItem","@id":"https:\/\/www.binauralmedia.org\/news#listItem","name":"Home"}},{"@type":"ListItem","@id":"https:\/\/www.binauralmedia.org\/news\/arquivo\/17140#listItem","position":3,"name":"Exposi\u00e7\u00e3o &#8220;Intersectar&#8221; na Universidade de Aveiro","previousItem":{"@type":"ListItem","@id":"https:\/\/www.binauralmedia.org\/news\/arquivo\/category\/news#listItem","name":"Not\u00edcias"}}]},{"@type":"Organization","@id":"https:\/\/www.binauralmedia.org\/news\/#organization","name":"binauralmedia.org","description":"Rural Based Sound\/Media Arts & Social Research","url":"https:\/\/www.binauralmedia.org\/news\/"},{"@type":"Person","@id":"https:\/\/www.binauralmedia.org\/news\/arquivo\/author\/nelyferreira#author","url":"https:\/\/www.binauralmedia.org\/news\/arquivo\/author\/nelyferreira","name":"Nely Ferreira"},{"@type":"WebPage","@id":"https:\/\/www.binauralmedia.org\/news\/arquivo\/17140#webpage","url":"https:\/\/www.binauralmedia.org\/news\/arquivo\/17140","name":"Exposi\u00e7\u00e3o \u201cIntersectar\u201d na Universidade de Aveiro - binauralmedia.org","description":"EXPOSI\u00c7\u00c3O \u201cINTERSECTAR\u201d Projetos finais dos alunos do Mestrado em Cria\u00e7\u00e3o Art\u00edstica Contempor\u00e2nea da Universidade de Aveiro Museu de Aveiro | Santa Joana De 1 a 11 de junho 2023 Inaugura\u00e7\u00e3o: quinta-feira, 1 de junho \u00e0s 19h00 A Binaural Nodar tem o gosto de se associar, enquanto parceira, \u00e0 exposi\u00e7\u00e3o \u201cIntersectar\u201d que inclui os projetos art\u00edsticos","inLanguage":"pt-PT","isPartOf":{"@id":"https:\/\/www.binauralmedia.org\/news\/#website"},"breadcrumb":{"@id":"https:\/\/www.binauralmedia.org\/news\/arquivo\/17140#breadcrumblist"},"author":{"@id":"https:\/\/www.binauralmedia.org\/news\/arquivo\/author\/nelyferreira#author"},"creator":{"@id":"https:\/\/www.binauralmedia.org\/news\/arquivo\/author\/nelyferreira#author"},"image":{"@type":"ImageObject","url":"https:\/\/www.binauralmedia.org\/news\/wp-content\/uploads\/Exposicao-MCAC-2023.jpeg","@id":"https:\/\/www.binauralmedia.org\/news\/arquivo\/17140\/#mainImage","width":1200,"height":800},"primaryImageOfPage":{"@id":"https:\/\/www.binauralmedia.org\/news\/arquivo\/17140#mainImage"},"datePublished":"2023-05-30T21:36:29+00:00","dateModified":"2023-06-05T21:41:15+00:00"},{"@type":"WebSite","@id":"https:\/\/www.binauralmedia.org\/news\/#website","url":"https:\/\/www.binauralmedia.org\/news\/","name":"binauralmedia.org","description":"Rural Based Sound\/Media Arts & Social Research","inLanguage":"pt-PT","publisher":{"@id":"https:\/\/www.binauralmedia.org\/news\/#organization"}}]},"og:locale":"pt_PT","og:site_name":"binauralmedia.org - Rural Based Sound\/Media Arts &amp; Social Research","og:type":"article","og:title":"Exposi\u00e7\u00e3o \u201cIntersectar\u201d na Universidade de Aveiro - binauralmedia.org","og:description":"EXPOSI\u00c7\u00c3O \u201cINTERSECTAR\u201d Projetos finais dos alunos do Mestrado em Cria\u00e7\u00e3o Art\u00edstica Contempor\u00e2nea da Universidade de Aveiro Museu de Aveiro | Santa Joana De 1 a 11 de junho 2023 Inaugura\u00e7\u00e3o: quinta-feira, 1 de junho \u00e0s 19h00 A Binaural Nodar tem o gosto de se associar, enquanto parceira, \u00e0 exposi\u00e7\u00e3o \u201cIntersectar\u201d que inclui os projetos art\u00edsticos","og:url":"https:\/\/www.binauralmedia.org\/news\/arquivo\/17140","article:published_time":"2023-05-30T21:36:29+00:00","article:modified_time":"2023-06-05T21:41:15+00:00","twitter:card":"summary_large_image","twitter:title":"Exposi\u00e7\u00e3o \u201cIntersectar\u201d na Universidade de Aveiro - binauralmedia.org","twitter:description":"EXPOSI\u00c7\u00c3O \u201cINTERSECTAR\u201d Projetos finais dos alunos do Mestrado em Cria\u00e7\u00e3o Art\u00edstica Contempor\u00e2nea da Universidade de Aveiro Museu de Aveiro | Santa Joana De 1 a 11 de junho 2023 Inaugura\u00e7\u00e3o: quinta-feira, 1 de junho \u00e0s 19h00 A Binaural Nodar tem o gosto de se associar, enquanto parceira, \u00e0 exposi\u00e7\u00e3o \u201cIntersectar\u201d que inclui os projetos art\u00edsticos"},"aioseo_meta_data":{"post_id":"17140","title":null,"description":null,"keywords":null,"keyphrases":null,"primary_term":null,"canonical_url":null,"og_title":null,"og_description":null,"og_object_type":"default","og_image_type":"default","og_image_custom_url":null,"og_image_custom_fields":null,"og_image_url":null,"og_image_width":null,"og_image_height":null,"og_video":null,"og_custom_url":null,"og_article_section":null,"og_article_tags":null,"twitter_use_og":false,"twitter_card":"default","twitter_image_type":"default","twitter_image_custom_url":null,"twitter_image_custom_fields":null,"twitter_image_url":null,"twitter_title":null,"twitter_description":null,"schema_type":"default","schema_type_options":null,"schema":{"blockGraphs":[],"customGraphs":[],"default":{"data":{"Article":[],"Course":[],"Dataset":[],"FAQPage":[],"Movie":[],"Person":[],"Product":[],"ProductReview":[],"Car":[],"Recipe":[],"Service":[],"SoftwareApplication":[],"WebPage":[]},"graphName":"","isEnabled":true},"graphs":[]},"pillar_content":false,"robots_default":true,"robots_noindex":false,"robots_noarchive":false,"robots_nosnippet":false,"robots_nofollow":false,"robots_noimageindex":false,"robots_noodp":false,"robots_notranslate":false,"robots_max_snippet":null,"robots_max_videopreview":null,"robots_max_imagepreview":"large","priority":null,"frequency":null,"local_seo":null,"limit_modified_date":false,"ai":null,"breadcrumb_settings":null,"seo_analyzer_scan_date":null,"created":"2026-08-05 05:26:55","updated":"2026-08-05 05:26:55","focus_keyword":null,"additional_keywords":null,"truseo_locale":null},"aioseo_breadcrumb":"<div class=\"aioseo-breadcrumbs\"><span class=\"aioseo-breadcrumb\">\n\t\t\t<a href=\"https:\/\/www.binauralmedia.org\/news\" title=\"Home\">Home<\/a>\n\t\t<\/span><span class=\"aioseo-breadcrumb-separator\">&raquo;<\/span><span class=\"aioseo-breadcrumb\">\n\t\t\t<a href=\"https:\/\/www.binauralmedia.org\/news\/arquivo\/category\/news\" title=\"Not\u00edcias\">Not\u00edcias<\/a>\n\t\t<\/span><span class=\"aioseo-breadcrumb-separator\">&raquo;<\/span><span class=\"aioseo-breadcrumb\">\n\t\t\tExposi\u00e7\u00e3o \u201cIntersectar\u201d na Universidade de Aveiro\n\t\t<\/span><\/div>","aioseo_breadcrumb_json":[{"label":"Home","link":"https:\/\/www.binauralmedia.org\/news"},{"label":"Not\u00edcias","link":"https:\/\/www.binauralmedia.org\/news\/arquivo\/category\/news"},{"label":"Exposi\u00e7\u00e3o &#8220;Intersectar&#8221; na Universidade de Aveiro","link":"https:\/\/www.binauralmedia.org\/news\/arquivo\/17140"}],"_links":{"self":[{"href":"https:\/\/www.binauralmedia.org\/news\/wp-json\/wp\/v2\/posts\/17140","targetHints":{"allow":["GET"]}}],"collection":[{"href":"https:\/\/www.binauralmedia.org\/news\/wp-json\/wp\/v2\/posts"}],"about":[{"href":"https:\/\/www.binauralmedia.org\/news\/wp-json\/wp\/v2\/types\/post"}],"author":[{"embeddable":true,"href":"https:\/\/www.binauralmedia.org\/news\/wp-json\/wp\/v2\/users\/8"}],"replies":[{"embeddable":true,"href":"https:\/\/www.binauralmedia.org\/news\/wp-json\/wp\/v2\/comments?post=17140"}],"version-history":[{"count":2,"href":"https:\/\/www.binauralmedia.org\/news\/wp-json\/wp\/v2\/posts\/17140\/revisions"}],"predecessor-version":[{"id":17144,"href":"https:\/\/www.binauralmedia.org\/news\/wp-json\/wp\/v2\/posts\/17140\/revisions\/17144"}],"wp:featuredmedia":[{"embeddable":true,"href":"https:\/\/www.binauralmedia.org\/news\/wp-json\/wp\/v2\/media\/17141"}],"wp:attachment":[{"href":"https:\/\/www.binauralmedia.org\/news\/wp-json\/wp\/v2\/media?parent=17140"}],"wp:term":[{"taxonomy":"category","embeddable":true,"href":"https:\/\/www.binauralmedia.org\/news\/wp-json\/wp\/v2\/categories?post=17140"},{"taxonomy":"post_tag","embeddable":true,"href":"https:\/\/www.binauralmedia.org\/news\/wp-json\/wp\/v2\/tags?post=17140"}],"curies":[{"name":"wp","href":"https:\/\/api.w.org\/{rel}","templated":true}]}}