{"id":16315,"date":"2022-12-09T14:48:39","date_gmt":"2022-12-09T14:48:39","guid":{"rendered":"https:\/\/www.binauralmedia.org\/news?p=16315"},"modified":"2022-12-23T17:41:07","modified_gmt":"2022-12-23T17:41:07","slug":"binaural-nodar-participa-num-evento-em-varzea-de-calde","status":"publish","type":"post","link":"https:\/\/www.binauralmedia.org\/news\/arquivo\/16315","title":{"rendered":"Binaural Nodar participa em evento em V\u00e1rzea de Calde"},"content":{"rendered":"<div class=\"fusion-fullwidth fullwidth-box fusion-builder-row-1 fusion-flex-container nonhundred-percent-fullwidth non-hundred-percent-height-scrolling\" style=\"--awb-border-radius-top-left:0px;--awb-border-radius-top-right:0px;--awb-border-radius-bottom-right:0px;--awb-border-radius-bottom-left:0px;--awb-flex-wrap:wrap;\" ><div class=\"fusion-builder-row fusion-row fusion-flex-align-items-flex-start fusion-flex-content-wrap\" style=\"max-width:1144px;margin-left: calc(-4% \/ 2 );margin-right: calc(-4% \/ 2 );\"><div class=\"fusion-layout-column fusion_builder_column fusion-builder-column-0 fusion_builder_column_1_1 1_1 fusion-flex-column\" style=\"--awb-bg-size:cover;--awb-width-large:100%;--awb-margin-top-large:0px;--awb-spacing-right-large:1.92%;--awb-margin-bottom-large:0px;--awb-spacing-left-large:1.92%;--awb-width-medium:100%;--awb-spacing-right-medium:1.92%;--awb-spacing-left-medium:1.92%;--awb-width-small:100%;--awb-spacing-right-small:1.92%;--awb-spacing-left-small:1.92%;\"><div class=\"fusion-column-wrapper fusion-flex-justify-content-flex-start fusion-content-layout-column\"><div class=\"fusion-text fusion-text-1\"><p>O NATAL NAS ALDEIAS<br \/>\nDomingo, 11 dezembro \u00e0s 15h45<br \/>\nV\u00e1rzea de Calde, Viseu<\/p>\n<p>Ser\u00e1 com todo o gosto que a Binaural Nodar estar\u00e1 presente no evento de celebra\u00e7\u00e3o da atribui\u00e7\u00e3o do t\u00edtulo de Aldeia de Portugal, a ter lugar no domingo, 11 dezembro, no Museu do Linho de V\u00e1rzea de Calde (Junta de Freguesia de Calde, Munic\u00edpio de Viseu).<\/p>\n<p>O coordenador da Binaural Nodar, Lu\u00eds Gomes da Costa, ser\u00e1 um dos oradores da confer\u00eancia &#8216;O Natal nas Aldeias&#8217;, juntamente com a vereadora da cultura do Munic\u00edpio de Viseu, Dra. Leonor Barata e com o historiador e etn\u00f3grafo, Dr. Alberto Correia, para falar do Natal rural de tempos idos e de como o mesmo pode ser abordado numa perspectiva multisensorial.<\/p>\n<p>No final da sess\u00e3o, Lu\u00eds Gomes da Costa, contar\u00e1 um conto de Natal da sua autoria.<\/p>\n<\/div><\/div><\/div><\/div><\/div>\n","protected":false},"excerpt":{"rendered":"","protected":false},"author":8,"featured_media":16316,"comment_status":"closed","ping_status":"closed","sticky":false,"template":"","format":"standard","meta":{"_acf_changed":false,"_bbp_topic_count":0,"_bbp_reply_count":0,"_bbp_total_topic_count":0,"_bbp_total_reply_count":0,"_bbp_voice_count":0,"_bbp_anonymous_reply_count":0,"_bbp_topic_count_hidden":0,"_bbp_reply_count_hidden":0,"_bbp_forum_subforum_count":0,"footnotes":""},"categories":[1158,1],"tags":[],"class_list":["post-16315","post","type-post","status-publish","format-standard","has-post-thumbnail","hentry","category-visual-sound-ethnograhpy","category-news"],"acf":[],"aioseo_notices":[],"aioseo_head":"\n\t\t<!-- All in One SEO 5.0.1.1 - aioseo.com -->\n\t<meta name=\"description\" content=\"O NATAL NAS ALDEIAS Domingo, 11 dezembro \u00e0s 15h45 V\u00e1rzea de Calde, Viseu Ser\u00e1 com todo o gosto que a Binaural Nodar estar\u00e1 presente no evento de celebra\u00e7\u00e3o da atribui\u00e7\u00e3o do t\u00edtulo de Aldeia de Portugal, a ter lugar no domingo, 11 dezembro, no Museu do Linho de V\u00e1rzea de Calde (Junta de Freguesia de\" \/>\n\t<meta name=\"robots\" content=\"max-image-preview:large\" \/>\n\t<meta name=\"author\" content=\"Nely Ferreira\"\/>\n\t<link rel=\"canonical\" href=\"https:\/\/www.binauralmedia.org\/news\/arquivo\/16315\" \/>\n\t<meta name=\"generator\" content=\"All in One SEO (AIOSEO) 5.0.1.1\" \/>\n\t\t<meta property=\"og:locale\" content=\"pt_PT\" \/>\n\t\t<meta property=\"og:site_name\" content=\"binauralmedia.org - Rural Based Sound\/Media Arts &amp; Social Research\" \/>\n\t\t<meta property=\"og:type\" content=\"article\" \/>\n\t\t<meta property=\"og:title\" content=\"Binaural Nodar participa em evento em V\u00e1rzea de Calde - binauralmedia.org\" \/>\n\t\t<meta property=\"og:description\" content=\"O NATAL NAS ALDEIAS Domingo, 11 dezembro \u00e0s 15h45 V\u00e1rzea de Calde, Viseu Ser\u00e1 com todo o gosto que a Binaural Nodar estar\u00e1 presente no evento de celebra\u00e7\u00e3o da atribui\u00e7\u00e3o do t\u00edtulo de Aldeia de Portugal, a ter lugar no domingo, 11 dezembro, no Museu do Linho de V\u00e1rzea de Calde (Junta de Freguesia de\" \/>\n\t\t<meta property=\"og:url\" content=\"https:\/\/www.binauralmedia.org\/news\/arquivo\/16315\" \/>\n\t\t<meta property=\"article:published_time\" content=\"2022-12-09T14:48:39+00:00\" \/>\n\t\t<meta property=\"article:modified_time\" content=\"2022-12-23T17:41:07+00:00\" \/>\n\t\t<meta name=\"twitter:card\" content=\"summary_large_image\" \/>\n\t\t<meta name=\"twitter:title\" content=\"Binaural Nodar participa em evento em V\u00e1rzea de Calde - binauralmedia.org\" \/>\n\t\t<meta name=\"twitter:description\" content=\"O NATAL NAS ALDEIAS Domingo, 11 dezembro \u00e0s 15h45 V\u00e1rzea de Calde, Viseu Ser\u00e1 com todo o gosto que a Binaural Nodar estar\u00e1 presente no evento de celebra\u00e7\u00e3o da atribui\u00e7\u00e3o do t\u00edtulo de Aldeia de Portugal, a ter lugar no domingo, 11 dezembro, no Museu do Linho de V\u00e1rzea de Calde (Junta de Freguesia de\" \/>\n\t\t<script type=\"application\/ld+json\" class=\"aioseo-schema\">\n\t\t\t{\"@context\":\"https:\\\/\\\/schema.org\",\"@graph\":[{\"@type\":\"BlogPosting\",\"@id\":\"https:\\\/\\\/www.binauralmedia.org\\\/news\\\/arquivo\\\/16315#blogposting\",\"name\":\"Binaural Nodar participa em evento em V\\u00e1rzea de Calde - binauralmedia.org\",\"headline\":\"Binaural Nodar participa em evento em V\\u00e1rzea de Calde\",\"author\":{\"@id\":\"https:\\\/\\\/www.binauralmedia.org\\\/news\\\/arquivo\\\/author\\\/nelyferreira#author\"},\"publisher\":{\"@id\":\"https:\\\/\\\/www.binauralmedia.org\\\/news\\\/#organization\"},\"image\":{\"@type\":\"ImageObject\",\"url\":\"https:\\\/\\\/www.binauralmedia.org\\\/news\\\/wp-content\\\/uploads\\\/varzea-de-calde_natal-e1671807367812.jpeg\",\"width\":1203,\"height\":798},\"datePublished\":\"2022-12-09T14:48:39+00:00\",\"dateModified\":\"2022-12-23T17:41:07+00:00\",\"inLanguage\":\"pt-PT\",\"mainEntityOfPage\":{\"@id\":\"https:\\\/\\\/www.binauralmedia.org\\\/news\\\/arquivo\\\/16315#webpage\"},\"isPartOf\":{\"@id\":\"https:\\\/\\\/www.binauralmedia.org\\\/news\\\/arquivo\\\/16315#webpage\"},\"articleSection\":\"Etnografia Sonora e Visual, Not\\u00edcias, Opcional\"},{\"@type\":\"BreadcrumbList\",\"@id\":\"https:\\\/\\\/www.binauralmedia.org\\\/news\\\/arquivo\\\/16315#breadcrumblist\",\"itemListElement\":[{\"@type\":\"ListItem\",\"@id\":\"https:\\\/\\\/www.binauralmedia.org\\\/news#listItem\",\"position\":1,\"name\":\"Home\",\"item\":\"https:\\\/\\\/www.binauralmedia.org\\\/news\",\"nextItem\":{\"@type\":\"ListItem\",\"@id\":\"https:\\\/\\\/www.binauralmedia.org\\\/news\\\/arquivo\\\/category\\\/news#listItem\",\"name\":\"Not\\u00edcias\"}},{\"@type\":\"ListItem\",\"@id\":\"https:\\\/\\\/www.binauralmedia.org\\\/news\\\/arquivo\\\/category\\\/news#listItem\",\"position\":2,\"name\":\"Not\\u00edcias\",\"item\":\"https:\\\/\\\/www.binauralmedia.org\\\/news\\\/arquivo\\\/category\\\/news\",\"nextItem\":{\"@type\":\"ListItem\",\"@id\":\"https:\\\/\\\/www.binauralmedia.org\\\/news\\\/arquivo\\\/16315#listItem\",\"name\":\"Binaural Nodar participa em evento em V\\u00e1rzea de Calde\"},\"previousItem\":{\"@type\":\"ListItem\",\"@id\":\"https:\\\/\\\/www.binauralmedia.org\\\/news#listItem\",\"name\":\"Home\"}},{\"@type\":\"ListItem\",\"@id\":\"https:\\\/\\\/www.binauralmedia.org\\\/news\\\/arquivo\\\/16315#listItem\",\"position\":3,\"name\":\"Binaural Nodar participa em evento em V\\u00e1rzea de Calde\",\"previousItem\":{\"@type\":\"ListItem\",\"@id\":\"https:\\\/\\\/www.binauralmedia.org\\\/news\\\/arquivo\\\/category\\\/news#listItem\",\"name\":\"Not\\u00edcias\"}}]},{\"@type\":\"Organization\",\"@id\":\"https:\\\/\\\/www.binauralmedia.org\\\/news\\\/#organization\",\"name\":\"binauralmedia.org\",\"description\":\"Rural Based Sound\\\/Media Arts & Social Research\",\"url\":\"https:\\\/\\\/www.binauralmedia.org\\\/news\\\/\"},{\"@type\":\"Person\",\"@id\":\"https:\\\/\\\/www.binauralmedia.org\\\/news\\\/arquivo\\\/author\\\/nelyferreira#author\",\"url\":\"https:\\\/\\\/www.binauralmedia.org\\\/news\\\/arquivo\\\/author\\\/nelyferreira\",\"name\":\"Nely Ferreira\"},{\"@type\":\"WebPage\",\"@id\":\"https:\\\/\\\/www.binauralmedia.org\\\/news\\\/arquivo\\\/16315#webpage\",\"url\":\"https:\\\/\\\/www.binauralmedia.org\\\/news\\\/arquivo\\\/16315\",\"name\":\"Binaural Nodar participa em evento em V\\u00e1rzea de Calde - binauralmedia.org\",\"description\":\"O NATAL NAS ALDEIAS Domingo, 11 dezembro \\u00e0s 15h45 V\\u00e1rzea de Calde, Viseu Ser\\u00e1 com todo o gosto que a Binaural Nodar estar\\u00e1 presente no evento de celebra\\u00e7\\u00e3o da atribui\\u00e7\\u00e3o do t\\u00edtulo de Aldeia de Portugal, a ter lugar no domingo, 11 dezembro, no Museu do Linho de V\\u00e1rzea de Calde (Junta de Freguesia de\",\"inLanguage\":\"pt-PT\",\"isPartOf\":{\"@id\":\"https:\\\/\\\/www.binauralmedia.org\\\/news\\\/#website\"},\"breadcrumb\":{\"@id\":\"https:\\\/\\\/www.binauralmedia.org\\\/news\\\/arquivo\\\/16315#breadcrumblist\"},\"author\":{\"@id\":\"https:\\\/\\\/www.binauralmedia.org\\\/news\\\/arquivo\\\/author\\\/nelyferreira#author\"},\"creator\":{\"@id\":\"https:\\\/\\\/www.binauralmedia.org\\\/news\\\/arquivo\\\/author\\\/nelyferreira#author\"},\"image\":{\"@type\":\"ImageObject\",\"url\":\"https:\\\/\\\/www.binauralmedia.org\\\/news\\\/wp-content\\\/uploads\\\/varzea-de-calde_natal-e1671807367812.jpeg\",\"@id\":\"https:\\\/\\\/www.binauralmedia.org\\\/news\\\/arquivo\\\/16315\\\/#mainImage\",\"width\":1203,\"height\":798},\"primaryImageOfPage\":{\"@id\":\"https:\\\/\\\/www.binauralmedia.org\\\/news\\\/arquivo\\\/16315#mainImage\"},\"datePublished\":\"2022-12-09T14:48:39+00:00\",\"dateModified\":\"2022-12-23T17:41:07+00:00\"},{\"@type\":\"WebSite\",\"@id\":\"https:\\\/\\\/www.binauralmedia.org\\\/news\\\/#website\",\"url\":\"https:\\\/\\\/www.binauralmedia.org\\\/news\\\/\",\"name\":\"binauralmedia.org\",\"description\":\"Rural Based Sound\\\/Media Arts & Social Research\",\"inLanguage\":\"pt-PT\",\"publisher\":{\"@id\":\"https:\\\/\\\/www.binauralmedia.org\\\/news\\\/#organization\"}}]}\n\t\t<\/script>\n\t\t<!-- All in One SEO -->\n\n","aioseo_head_json":{"title":"Binaural Nodar participa em evento em V\u00e1rzea de Calde - binauralmedia.org","description":"O NATAL NAS ALDEIAS Domingo, 11 dezembro \u00e0s 15h45 V\u00e1rzea de Calde, Viseu Ser\u00e1 com todo o gosto que a Binaural Nodar estar\u00e1 presente no evento de celebra\u00e7\u00e3o da atribui\u00e7\u00e3o do t\u00edtulo de Aldeia de Portugal, a ter lugar no domingo, 11 dezembro, no Museu do Linho de V\u00e1rzea de Calde (Junta de Freguesia de","canonical_url":"https:\/\/www.binauralmedia.org\/news\/arquivo\/16315","robots":"max-image-preview:large","keywords":"","webmasterTools":{"miscellaneous":""},"schema":{"@context":"https:\/\/schema.org","@graph":[{"@type":"BlogPosting","@id":"https:\/\/www.binauralmedia.org\/news\/arquivo\/16315#blogposting","name":"Binaural Nodar participa em evento em V\u00e1rzea de Calde - binauralmedia.org","headline":"Binaural Nodar participa em evento em V\u00e1rzea de Calde","author":{"@id":"https:\/\/www.binauralmedia.org\/news\/arquivo\/author\/nelyferreira#author"},"publisher":{"@id":"https:\/\/www.binauralmedia.org\/news\/#organization"},"image":{"@type":"ImageObject","url":"https:\/\/www.binauralmedia.org\/news\/wp-content\/uploads\/varzea-de-calde_natal-e1671807367812.jpeg","width":1203,"height":798},"datePublished":"2022-12-09T14:48:39+00:00","dateModified":"2022-12-23T17:41:07+00:00","inLanguage":"pt-PT","mainEntityOfPage":{"@id":"https:\/\/www.binauralmedia.org\/news\/arquivo\/16315#webpage"},"isPartOf":{"@id":"https:\/\/www.binauralmedia.org\/news\/arquivo\/16315#webpage"},"articleSection":"Etnografia Sonora e Visual, Not\u00edcias, Opcional"},{"@type":"BreadcrumbList","@id":"https:\/\/www.binauralmedia.org\/news\/arquivo\/16315#breadcrumblist","itemListElement":[{"@type":"ListItem","@id":"https:\/\/www.binauralmedia.org\/news#listItem","position":1,"name":"Home","item":"https:\/\/www.binauralmedia.org\/news","nextItem":{"@type":"ListItem","@id":"https:\/\/www.binauralmedia.org\/news\/arquivo\/category\/news#listItem","name":"Not\u00edcias"}},{"@type":"ListItem","@id":"https:\/\/www.binauralmedia.org\/news\/arquivo\/category\/news#listItem","position":2,"name":"Not\u00edcias","item":"https:\/\/www.binauralmedia.org\/news\/arquivo\/category\/news","nextItem":{"@type":"ListItem","@id":"https:\/\/www.binauralmedia.org\/news\/arquivo\/16315#listItem","name":"Binaural Nodar participa em evento em V\u00e1rzea de Calde"},"previousItem":{"@type":"ListItem","@id":"https:\/\/www.binauralmedia.org\/news#listItem","name":"Home"}},{"@type":"ListItem","@id":"https:\/\/www.binauralmedia.org\/news\/arquivo\/16315#listItem","position":3,"name":"Binaural Nodar participa em evento em V\u00e1rzea de Calde","previousItem":{"@type":"ListItem","@id":"https:\/\/www.binauralmedia.org\/news\/arquivo\/category\/news#listItem","name":"Not\u00edcias"}}]},{"@type":"Organization","@id":"https:\/\/www.binauralmedia.org\/news\/#organization","name":"binauralmedia.org","description":"Rural Based Sound\/Media Arts & Social Research","url":"https:\/\/www.binauralmedia.org\/news\/"},{"@type":"Person","@id":"https:\/\/www.binauralmedia.org\/news\/arquivo\/author\/nelyferreira#author","url":"https:\/\/www.binauralmedia.org\/news\/arquivo\/author\/nelyferreira","name":"Nely Ferreira"},{"@type":"WebPage","@id":"https:\/\/www.binauralmedia.org\/news\/arquivo\/16315#webpage","url":"https:\/\/www.binauralmedia.org\/news\/arquivo\/16315","name":"Binaural Nodar participa em evento em V\u00e1rzea de Calde - binauralmedia.org","description":"O NATAL NAS ALDEIAS Domingo, 11 dezembro \u00e0s 15h45 V\u00e1rzea de Calde, Viseu Ser\u00e1 com todo o gosto que a Binaural Nodar estar\u00e1 presente no evento de celebra\u00e7\u00e3o da atribui\u00e7\u00e3o do t\u00edtulo de Aldeia de Portugal, a ter lugar no domingo, 11 dezembro, no Museu do Linho de V\u00e1rzea de Calde (Junta de Freguesia de","inLanguage":"pt-PT","isPartOf":{"@id":"https:\/\/www.binauralmedia.org\/news\/#website"},"breadcrumb":{"@id":"https:\/\/www.binauralmedia.org\/news\/arquivo\/16315#breadcrumblist"},"author":{"@id":"https:\/\/www.binauralmedia.org\/news\/arquivo\/author\/nelyferreira#author"},"creator":{"@id":"https:\/\/www.binauralmedia.org\/news\/arquivo\/author\/nelyferreira#author"},"image":{"@type":"ImageObject","url":"https:\/\/www.binauralmedia.org\/news\/wp-content\/uploads\/varzea-de-calde_natal-e1671807367812.jpeg","@id":"https:\/\/www.binauralmedia.org\/news\/arquivo\/16315\/#mainImage","width":1203,"height":798},"primaryImageOfPage":{"@id":"https:\/\/www.binauralmedia.org\/news\/arquivo\/16315#mainImage"},"datePublished":"2022-12-09T14:48:39+00:00","dateModified":"2022-12-23T17:41:07+00:00"},{"@type":"WebSite","@id":"https:\/\/www.binauralmedia.org\/news\/#website","url":"https:\/\/www.binauralmedia.org\/news\/","name":"binauralmedia.org","description":"Rural Based Sound\/Media Arts & Social Research","inLanguage":"pt-PT","publisher":{"@id":"https:\/\/www.binauralmedia.org\/news\/#organization"}}]},"og:locale":"pt_PT","og:site_name":"binauralmedia.org - Rural Based Sound\/Media Arts &amp; Social Research","og:type":"article","og:title":"Binaural Nodar participa em evento em V\u00e1rzea de Calde - binauralmedia.org","og:description":"O NATAL NAS ALDEIAS Domingo, 11 dezembro \u00e0s 15h45 V\u00e1rzea de Calde, Viseu Ser\u00e1 com todo o gosto que a Binaural Nodar estar\u00e1 presente no evento de celebra\u00e7\u00e3o da atribui\u00e7\u00e3o do t\u00edtulo de Aldeia de Portugal, a ter lugar no domingo, 11 dezembro, no Museu do Linho de V\u00e1rzea de Calde (Junta de Freguesia de","og:url":"https:\/\/www.binauralmedia.org\/news\/arquivo\/16315","article:published_time":"2022-12-09T14:48:39+00:00","article:modified_time":"2022-12-23T17:41:07+00:00","twitter:card":"summary_large_image","twitter:title":"Binaural Nodar participa em evento em V\u00e1rzea de Calde - binauralmedia.org","twitter:description":"O NATAL NAS ALDEIAS Domingo, 11 dezembro \u00e0s 15h45 V\u00e1rzea de Calde, Viseu Ser\u00e1 com todo o gosto que a Binaural Nodar estar\u00e1 presente no evento de celebra\u00e7\u00e3o da atribui\u00e7\u00e3o do t\u00edtulo de Aldeia de Portugal, a ter lugar no domingo, 11 dezembro, no Museu do Linho de V\u00e1rzea de Calde (Junta de Freguesia de"},"aioseo_meta_data":{"post_id":"16315","title":null,"description":null,"keywords":null,"keyphrases":null,"primary_term":null,"canonical_url":null,"og_title":null,"og_description":null,"og_object_type":"default","og_image_type":"default","og_image_custom_url":null,"og_image_custom_fields":null,"og_image_url":null,"og_image_width":null,"og_image_height":null,"og_video":null,"og_custom_url":null,"og_article_section":null,"og_article_tags":null,"twitter_use_og":false,"twitter_card":"default","twitter_image_type":"default","twitter_image_custom_url":null,"twitter_image_custom_fields":null,"twitter_image_url":null,"twitter_title":null,"twitter_description":null,"schema_type":"default","schema_type_options":null,"schema":{"blockGraphs":[],"customGraphs":[],"default":{"data":{"Article":[],"Course":[],"Dataset":[],"FAQPage":[],"Movie":[],"Person":[],"Product":[],"ProductReview":[],"Car":[],"Recipe":[],"Service":[],"SoftwareApplication":[],"WebPage":[]},"graphName":"","isEnabled":true},"graphs":[]},"pillar_content":false,"robots_default":true,"robots_noindex":false,"robots_noarchive":false,"robots_nosnippet":false,"robots_nofollow":false,"robots_noimageindex":false,"robots_noodp":false,"robots_notranslate":false,"robots_max_snippet":null,"robots_max_videopreview":null,"robots_max_imagepreview":"large","priority":null,"frequency":null,"local_seo":null,"limit_modified_date":false,"ai":null,"breadcrumb_settings":null,"seo_analyzer_scan_date":null,"created":"2026-08-05 05:05:42","updated":"2026-08-05 05:05:42","focus_keyword":null,"additional_keywords":null,"truseo_locale":null},"aioseo_breadcrumb":"<div class=\"aioseo-breadcrumbs\"><span class=\"aioseo-breadcrumb\">\n\t\t\t<a href=\"https:\/\/www.binauralmedia.org\/news\" title=\"Home\">Home<\/a>\n\t\t<\/span><span class=\"aioseo-breadcrumb-separator\">&raquo;<\/span><span class=\"aioseo-breadcrumb\">\n\t\t\t<a href=\"https:\/\/www.binauralmedia.org\/news\/arquivo\/category\/news\" title=\"Not\u00edcias\">Not\u00edcias<\/a>\n\t\t<\/span><span class=\"aioseo-breadcrumb-separator\">&raquo;<\/span><span class=\"aioseo-breadcrumb\">\n\t\t\tBinaural Nodar participa em evento em V\u00e1rzea de Calde\n\t\t<\/span><\/div>","aioseo_breadcrumb_json":[{"label":"Home","link":"https:\/\/www.binauralmedia.org\/news"},{"label":"Not\u00edcias","link":"https:\/\/www.binauralmedia.org\/news\/arquivo\/category\/news"},{"label":"Binaural Nodar participa em evento em V\u00e1rzea de Calde","link":"https:\/\/www.binauralmedia.org\/news\/arquivo\/16315"}],"_links":{"self":[{"href":"https:\/\/www.binauralmedia.org\/news\/wp-json\/wp\/v2\/posts\/16315","targetHints":{"allow":["GET"]}}],"collection":[{"href":"https:\/\/www.binauralmedia.org\/news\/wp-json\/wp\/v2\/posts"}],"about":[{"href":"https:\/\/www.binauralmedia.org\/news\/wp-json\/wp\/v2\/types\/post"}],"author":[{"embeddable":true,"href":"https:\/\/www.binauralmedia.org\/news\/wp-json\/wp\/v2\/users\/8"}],"replies":[{"embeddable":true,"href":"https:\/\/www.binauralmedia.org\/news\/wp-json\/wp\/v2\/comments?post=16315"}],"version-history":[{"count":2,"href":"https:\/\/www.binauralmedia.org\/news\/wp-json\/wp\/v2\/posts\/16315\/revisions"}],"predecessor-version":[{"id":16322,"href":"https:\/\/www.binauralmedia.org\/news\/wp-json\/wp\/v2\/posts\/16315\/revisions\/16322"}],"wp:featuredmedia":[{"embeddable":true,"href":"https:\/\/www.binauralmedia.org\/news\/wp-json\/wp\/v2\/media\/16316"}],"wp:attachment":[{"href":"https:\/\/www.binauralmedia.org\/news\/wp-json\/wp\/v2\/media?parent=16315"}],"wp:term":[{"taxonomy":"category","embeddable":true,"href":"https:\/\/www.binauralmedia.org\/news\/wp-json\/wp\/v2\/categories?post=16315"},{"taxonomy":"post_tag","embeddable":true,"href":"https:\/\/www.binauralmedia.org\/news\/wp-json\/wp\/v2\/tags?post=16315"}],"curies":[{"name":"wp","href":"https:\/\/api.w.org\/{rel}","templated":true}]}}