{"id":16210,"date":"2022-12-02T14:38:43","date_gmt":"2022-12-02T14:38:43","guid":{"rendered":"https:\/\/www.binauralmedia.org\/news?p=16210"},"modified":"2022-12-05T19:35:08","modified_gmt":"2022-12-05T19:35:08","slug":"ecos-da-ida-e-do-retorno-sentidos-da-emigracao-na-freguesia-de-calde","status":"publish","type":"post","link":"https:\/\/www.binauralmedia.org\/news\/arquivo\/16210","title":{"rendered":"Ecos da ida e do retorno: sentidos da emigra\u00e7\u00e3o na freguesia de Calde"},"content":{"rendered":"<div class=\"fusion-fullwidth fullwidth-box fusion-builder-row-1 fusion-flex-container nonhundred-percent-fullwidth non-hundred-percent-height-scrolling\" style=\"--awb-border-radius-top-left:0px;--awb-border-radius-top-right:0px;--awb-border-radius-bottom-right:0px;--awb-border-radius-bottom-left:0px;--awb-flex-wrap:wrap;\" ><div class=\"fusion-builder-row fusion-row fusion-flex-align-items-flex-start fusion-flex-content-wrap\" style=\"max-width:1144px;margin-left: calc(-4% \/ 2 );margin-right: calc(-4% \/ 2 );\"><div class=\"fusion-layout-column fusion_builder_column fusion-builder-column-0 fusion_builder_column_1_1 1_1 fusion-flex-column\" style=\"--awb-bg-size:cover;--awb-width-large:100%;--awb-margin-top-large:0px;--awb-spacing-right-large:1.92%;--awb-margin-bottom-large:0px;--awb-spacing-left-large:1.92%;--awb-width-medium:100%;--awb-spacing-right-medium:1.92%;--awb-spacing-left-medium:1.92%;--awb-width-small:100%;--awb-spacing-right-small:1.92%;--awb-spacing-left-small:1.92%;\"><div class=\"fusion-column-wrapper fusion-flex-justify-content-flex-start fusion-content-layout-column\"><div class=\"fusion-text fusion-text-1\"><p><iframe src=\"https:\/\/player.vimeo.com\/video\/777309020?title=1&amp;byline=1&amp;portrait=1&amp;color=\" width=\"650\" height=\"360\" frameborder=\"0\" allowfullscreen=\"allowfullscreen\"><span data-mce-type=\"bookmark\" style=\"display: inline-block; width: 0px; overflow: hidden; line-height: 0;\" class=\"mce_SELRES_start\">\ufeff<\/span><span data-mce-type=\"bookmark\" style=\"display: inline-block; width: 0px; overflow: hidden; line-height: 0;\" class=\"mce_SELRES_start\">\ufeff<\/span><\/iframe><\/p>\n<p>ECOS DA IDA E DO RETORNO: SENTIDOS DA EMIGRA\u00c7\u00c3O NA FREGUESIA DE CALDE<\/p>\n<p>Ecos da ida e do retorno: sentidos da emigra\u00e7\u00e3o na freguesia de Calde<br \/>\nUm projeto de Lu\u00eds Costa, Ana Rodr\u00edguez e Liliana Silva para a Binaural Nodar<\/p>\n<p>Co-produ\u00e7\u00e3o: Binaural Nodar, Museu do Linho de V\u00e1rzea de Calde (Museus de Viseu) e Junta de Freguesia de Calde.<\/p>\n<p>Com: Graciano Louren\u00e7o, Virg\u00ednia Louren\u00e7o Pereira, Jos\u00e9 de Almeida Gon\u00e7alo, Virg\u00ednia de Jesus, Ant\u00f3nio Santos, Cid\u00e1lia Santos, Maria do Carmo Campos, Lu\u00eds Maur\u00edcio, Cid\u00e1lia Costa, Alcina de Jesus, Ant\u00f3nio Brito Martins e Jos\u00e9 Fernandes.<\/p>\n<p>Desde o final do s\u00e9culo XIX at\u00e9 \u00e0 atualidade, milh\u00f5es de portugueses emigraram, procurando alternativas \u00e0 pobreza, a uma economia de subsist\u00eancia e\/ou \u00e0 falta de oportunidades de trabalho. Como tal, a emigra\u00e7\u00e3o \u00e9 simultaneamente parte da mem\u00f3ria e do presente das regi\u00f5es rurais portuguesas. Em cada aldeia coexistem m\u00faltiplas camadas tem\u00e1ticas que se relacionam com as distintas vagas de emigra\u00e7\u00e3o, aquelas mais long\u00ednquas, para o Brasil, Venezuela, Estados Unidos da Am\u00e9rica, etc. ou aquelas mais pr\u00f3ximas, para pa\u00edses europeus como a Fran\u00e7a, Alemanha, Su\u00ed\u00e7a ou Luxemburgo. De igual forma, muitas zonas rurais acolhem hoje pessoas origin\u00e1rias de outras paragens dos v\u00e1rios continentes, num processo em sentido contr\u00e1rio ao que encetaram tantos portugueses.<\/p>\n<p>O voo migrat\u00f3rio pensado em termos hist\u00f3rico-sociais identificou origens, destinos, contextos, motiva\u00e7\u00f5es e quantificou os fluxos dos que emigraram e dos que regressaram ou n\u00e3o. N\u00e3o obstante, existe um leque literalmente infinito de temas que \u00e9 poss\u00edvel aprofundar quando se contacta diretamente com antigos e atuais emigrantes e com os seus descendentes, como a arquitetura, a economia, a l\u00edngua, os sentidos de perten\u00e7a e de inser\u00e7\u00e3o cultural dos que emigraram e dos seus descendentes, as percep\u00e7\u00f5es sobre a evolu\u00e7\u00e3o dos lugares de destino e origem, o tipo de vincula\u00e7\u00e3o com o mundo rural, as narra\u00e7\u00f5es e os registos documentais familiares, a simbologia e semi\u00f3tica afetiva, a gastronomia e tantos outros.<\/p>\n<p>No \u00e2mbito de um projeto dedicado aos fen\u00f3menos migrat\u00f3rios, intitulado &#8220;Ecos da Ida e do Retorno&#8221; que a Binaural Nodar est\u00e1 a desenvolver em v\u00e1rios territ\u00f3rios beir\u00f5es e em pa\u00edses como a Su\u00ed\u00e7a, Brasil e Uruguai, a equipa da Binaural Nodar efetuou em setembro de 2022 um conjunto de entrevistas sonoras e de registos fotogr\u00e1ficos com antigos e atuais emigrantes origin\u00e1rios da freguesia de Calde, com particular aten\u00e7\u00e3o a aspetos relacionados com a \u201csensorialidade migrante\u201d, ou seja, como a condi\u00e7\u00e3o de perten\u00e7a partilhada (entre o lugar de origem e de migra\u00e7\u00e3o) se reflete nos sentidos (a paisagem visual e sonora, os cheiros, a m\u00fasica, a gastronomia, os objetos com valor simb\u00f3lico, etc.).<\/p>\n<p>Projeto co-financiado pelo Munic\u00edpio de Viseu, no \u00e2mbito de um protocolo de apoio e pela Dire\u00e7\u00e3o-Geral das Artes, no \u00e2mbito de um financiamento bienal estrutural.<\/p>\n<\/div><\/div><\/div><\/div><\/div>\n","protected":false},"excerpt":{"rendered":"","protected":false},"author":8,"featured_media":16211,"comment_status":"closed","ping_status":"closed","sticky":false,"template":"","format":"standard","meta":{"_acf_changed":false,"_bbp_topic_count":0,"_bbp_reply_count":0,"_bbp_total_topic_count":0,"_bbp_total_reply_count":0,"_bbp_voice_count":0,"_bbp_anonymous_reply_count":0,"_bbp_topic_count_hidden":0,"_bbp_reply_count_hidden":0,"_bbp_forum_subforum_count":0,"footnotes":""},"categories":[1158,1],"tags":[],"class_list":["post-16210","post","type-post","status-publish","format-standard","has-post-thumbnail","hentry","category-visual-sound-ethnograhpy","category-news"],"acf":[],"aioseo_notices":[],"aioseo_head":"\n\t\t<!-- All in One SEO 5.0.1.1 - aioseo.com -->\n\t<meta name=\"robots\" content=\"max-image-preview:large\" \/>\n\t<meta name=\"author\" content=\"Nely Ferreira\"\/>\n\t<link rel=\"canonical\" href=\"https:\/\/www.binauralmedia.org\/news\/arquivo\/16210\" \/>\n\t<meta name=\"generator\" content=\"All in One SEO (AIOSEO) 5.0.1.1\" \/>\n\t\t<meta property=\"og:locale\" content=\"pt_PT\" \/>\n\t\t<meta property=\"og:site_name\" content=\"binauralmedia.org - Rural Based Sound\/Media Arts &amp; Social Research\" \/>\n\t\t<meta property=\"og:type\" content=\"article\" \/>\n\t\t<meta property=\"og:title\" content=\"Ecos da ida e do retorno: sentidos da emigra\u00e7\u00e3o na freguesia de Calde - binauralmedia.org\" \/>\n\t\t<meta property=\"og:url\" content=\"https:\/\/www.binauralmedia.org\/news\/arquivo\/16210\" \/>\n\t\t<meta property=\"article:published_time\" content=\"2022-12-02T14:38:43+00:00\" \/>\n\t\t<meta property=\"article:modified_time\" content=\"2022-12-05T19:35:08+00:00\" \/>\n\t\t<meta name=\"twitter:card\" content=\"summary_large_image\" \/>\n\t\t<meta name=\"twitter:title\" content=\"Ecos da ida e do retorno: sentidos da emigra\u00e7\u00e3o na freguesia de Calde - binauralmedia.org\" \/>\n\t\t<script type=\"application\/ld+json\" class=\"aioseo-schema\">\n\t\t\t{\"@context\":\"https:\\\/\\\/schema.org\",\"@graph\":[{\"@type\":\"BlogPosting\",\"@id\":\"https:\\\/\\\/www.binauralmedia.org\\\/news\\\/arquivo\\\/16210#blogposting\",\"name\":\"Ecos da ida e do retorno: sentidos da emigra\\u00e7\\u00e3o na freguesia de Calde - binauralmedia.org\",\"headline\":\"Ecos da ida e do retorno: sentidos da emigra\\u00e7\\u00e3o na freguesia de Calde\",\"author\":{\"@id\":\"https:\\\/\\\/www.binauralmedia.org\\\/news\\\/arquivo\\\/author\\\/nelyferreira#author\"},\"publisher\":{\"@id\":\"https:\\\/\\\/www.binauralmedia.org\\\/news\\\/#organization\"},\"image\":{\"@type\":\"ImageObject\",\"url\":\"https:\\\/\\\/www.binauralmedia.org\\\/news\\\/wp-content\\\/uploads\\\/emigracao_calde.jpg\",\"width\":1200,\"height\":800},\"datePublished\":\"2022-12-02T14:38:43+00:00\",\"dateModified\":\"2022-12-05T19:35:08+00:00\",\"inLanguage\":\"pt-PT\",\"mainEntityOfPage\":{\"@id\":\"https:\\\/\\\/www.binauralmedia.org\\\/news\\\/arquivo\\\/16210#webpage\"},\"isPartOf\":{\"@id\":\"https:\\\/\\\/www.binauralmedia.org\\\/news\\\/arquivo\\\/16210#webpage\"},\"articleSection\":\"Etnografia Sonora e Visual, Not\\u00edcias, Opcional\"},{\"@type\":\"BreadcrumbList\",\"@id\":\"https:\\\/\\\/www.binauralmedia.org\\\/news\\\/arquivo\\\/16210#breadcrumblist\",\"itemListElement\":[{\"@type\":\"ListItem\",\"@id\":\"https:\\\/\\\/www.binauralmedia.org\\\/news#listItem\",\"position\":1,\"name\":\"Home\",\"item\":\"https:\\\/\\\/www.binauralmedia.org\\\/news\",\"nextItem\":{\"@type\":\"ListItem\",\"@id\":\"https:\\\/\\\/www.binauralmedia.org\\\/news\\\/arquivo\\\/category\\\/news#listItem\",\"name\":\"Not\\u00edcias\"}},{\"@type\":\"ListItem\",\"@id\":\"https:\\\/\\\/www.binauralmedia.org\\\/news\\\/arquivo\\\/category\\\/news#listItem\",\"position\":2,\"name\":\"Not\\u00edcias\",\"item\":\"https:\\\/\\\/www.binauralmedia.org\\\/news\\\/arquivo\\\/category\\\/news\",\"nextItem\":{\"@type\":\"ListItem\",\"@id\":\"https:\\\/\\\/www.binauralmedia.org\\\/news\\\/arquivo\\\/16210#listItem\",\"name\":\"Ecos da ida e do retorno: sentidos da emigra\\u00e7\\u00e3o na freguesia de Calde\"},\"previousItem\":{\"@type\":\"ListItem\",\"@id\":\"https:\\\/\\\/www.binauralmedia.org\\\/news#listItem\",\"name\":\"Home\"}},{\"@type\":\"ListItem\",\"@id\":\"https:\\\/\\\/www.binauralmedia.org\\\/news\\\/arquivo\\\/16210#listItem\",\"position\":3,\"name\":\"Ecos da ida e do retorno: sentidos da emigra\\u00e7\\u00e3o na freguesia de Calde\",\"previousItem\":{\"@type\":\"ListItem\",\"@id\":\"https:\\\/\\\/www.binauralmedia.org\\\/news\\\/arquivo\\\/category\\\/news#listItem\",\"name\":\"Not\\u00edcias\"}}]},{\"@type\":\"Organization\",\"@id\":\"https:\\\/\\\/www.binauralmedia.org\\\/news\\\/#organization\",\"name\":\"binauralmedia.org\",\"description\":\"Rural Based Sound\\\/Media Arts & Social Research\",\"url\":\"https:\\\/\\\/www.binauralmedia.org\\\/news\\\/\"},{\"@type\":\"Person\",\"@id\":\"https:\\\/\\\/www.binauralmedia.org\\\/news\\\/arquivo\\\/author\\\/nelyferreira#author\",\"url\":\"https:\\\/\\\/www.binauralmedia.org\\\/news\\\/arquivo\\\/author\\\/nelyferreira\",\"name\":\"Nely Ferreira\"},{\"@type\":\"WebPage\",\"@id\":\"https:\\\/\\\/www.binauralmedia.org\\\/news\\\/arquivo\\\/16210#webpage\",\"url\":\"https:\\\/\\\/www.binauralmedia.org\\\/news\\\/arquivo\\\/16210\",\"name\":\"Ecos da ida e do retorno: sentidos da emigra\\u00e7\\u00e3o na freguesia de Calde - binauralmedia.org\",\"inLanguage\":\"pt-PT\",\"isPartOf\":{\"@id\":\"https:\\\/\\\/www.binauralmedia.org\\\/news\\\/#website\"},\"breadcrumb\":{\"@id\":\"https:\\\/\\\/www.binauralmedia.org\\\/news\\\/arquivo\\\/16210#breadcrumblist\"},\"author\":{\"@id\":\"https:\\\/\\\/www.binauralmedia.org\\\/news\\\/arquivo\\\/author\\\/nelyferreira#author\"},\"creator\":{\"@id\":\"https:\\\/\\\/www.binauralmedia.org\\\/news\\\/arquivo\\\/author\\\/nelyferreira#author\"},\"image\":{\"@type\":\"ImageObject\",\"url\":\"https:\\\/\\\/www.binauralmedia.org\\\/news\\\/wp-content\\\/uploads\\\/emigracao_calde.jpg\",\"@id\":\"https:\\\/\\\/www.binauralmedia.org\\\/news\\\/arquivo\\\/16210\\\/#mainImage\",\"width\":1200,\"height\":800},\"primaryImageOfPage\":{\"@id\":\"https:\\\/\\\/www.binauralmedia.org\\\/news\\\/arquivo\\\/16210#mainImage\"},\"datePublished\":\"2022-12-02T14:38:43+00:00\",\"dateModified\":\"2022-12-05T19:35:08+00:00\"},{\"@type\":\"WebSite\",\"@id\":\"https:\\\/\\\/www.binauralmedia.org\\\/news\\\/#website\",\"url\":\"https:\\\/\\\/www.binauralmedia.org\\\/news\\\/\",\"name\":\"binauralmedia.org\",\"description\":\"Rural Based Sound\\\/Media Arts & Social Research\",\"inLanguage\":\"pt-PT\",\"publisher\":{\"@id\":\"https:\\\/\\\/www.binauralmedia.org\\\/news\\\/#organization\"}}]}\n\t\t<\/script>\n\t\t<!-- All in One SEO -->\n\n","aioseo_head_json":{"title":"Ecos da ida e do retorno: sentidos da emigra\u00e7\u00e3o na freguesia de Calde - binauralmedia.org","description":"","canonical_url":"https:\/\/www.binauralmedia.org\/news\/arquivo\/16210","robots":"max-image-preview:large","keywords":"","webmasterTools":{"miscellaneous":""},"schema":{"@context":"https:\/\/schema.org","@graph":[{"@type":"BlogPosting","@id":"https:\/\/www.binauralmedia.org\/news\/arquivo\/16210#blogposting","name":"Ecos da ida e do retorno: sentidos da emigra\u00e7\u00e3o na freguesia de Calde - binauralmedia.org","headline":"Ecos da ida e do retorno: sentidos da emigra\u00e7\u00e3o na freguesia de Calde","author":{"@id":"https:\/\/www.binauralmedia.org\/news\/arquivo\/author\/nelyferreira#author"},"publisher":{"@id":"https:\/\/www.binauralmedia.org\/news\/#organization"},"image":{"@type":"ImageObject","url":"https:\/\/www.binauralmedia.org\/news\/wp-content\/uploads\/emigracao_calde.jpg","width":1200,"height":800},"datePublished":"2022-12-02T14:38:43+00:00","dateModified":"2022-12-05T19:35:08+00:00","inLanguage":"pt-PT","mainEntityOfPage":{"@id":"https:\/\/www.binauralmedia.org\/news\/arquivo\/16210#webpage"},"isPartOf":{"@id":"https:\/\/www.binauralmedia.org\/news\/arquivo\/16210#webpage"},"articleSection":"Etnografia Sonora e Visual, Not\u00edcias, Opcional"},{"@type":"BreadcrumbList","@id":"https:\/\/www.binauralmedia.org\/news\/arquivo\/16210#breadcrumblist","itemListElement":[{"@type":"ListItem","@id":"https:\/\/www.binauralmedia.org\/news#listItem","position":1,"name":"Home","item":"https:\/\/www.binauralmedia.org\/news","nextItem":{"@type":"ListItem","@id":"https:\/\/www.binauralmedia.org\/news\/arquivo\/category\/news#listItem","name":"Not\u00edcias"}},{"@type":"ListItem","@id":"https:\/\/www.binauralmedia.org\/news\/arquivo\/category\/news#listItem","position":2,"name":"Not\u00edcias","item":"https:\/\/www.binauralmedia.org\/news\/arquivo\/category\/news","nextItem":{"@type":"ListItem","@id":"https:\/\/www.binauralmedia.org\/news\/arquivo\/16210#listItem","name":"Ecos da ida e do retorno: sentidos da emigra\u00e7\u00e3o na freguesia de Calde"},"previousItem":{"@type":"ListItem","@id":"https:\/\/www.binauralmedia.org\/news#listItem","name":"Home"}},{"@type":"ListItem","@id":"https:\/\/www.binauralmedia.org\/news\/arquivo\/16210#listItem","position":3,"name":"Ecos da ida e do retorno: sentidos da emigra\u00e7\u00e3o na freguesia de Calde","previousItem":{"@type":"ListItem","@id":"https:\/\/www.binauralmedia.org\/news\/arquivo\/category\/news#listItem","name":"Not\u00edcias"}}]},{"@type":"Organization","@id":"https:\/\/www.binauralmedia.org\/news\/#organization","name":"binauralmedia.org","description":"Rural Based Sound\/Media Arts & Social Research","url":"https:\/\/www.binauralmedia.org\/news\/"},{"@type":"Person","@id":"https:\/\/www.binauralmedia.org\/news\/arquivo\/author\/nelyferreira#author","url":"https:\/\/www.binauralmedia.org\/news\/arquivo\/author\/nelyferreira","name":"Nely Ferreira"},{"@type":"WebPage","@id":"https:\/\/www.binauralmedia.org\/news\/arquivo\/16210#webpage","url":"https:\/\/www.binauralmedia.org\/news\/arquivo\/16210","name":"Ecos da ida e do retorno: sentidos da emigra\u00e7\u00e3o na freguesia de Calde - binauralmedia.org","inLanguage":"pt-PT","isPartOf":{"@id":"https:\/\/www.binauralmedia.org\/news\/#website"},"breadcrumb":{"@id":"https:\/\/www.binauralmedia.org\/news\/arquivo\/16210#breadcrumblist"},"author":{"@id":"https:\/\/www.binauralmedia.org\/news\/arquivo\/author\/nelyferreira#author"},"creator":{"@id":"https:\/\/www.binauralmedia.org\/news\/arquivo\/author\/nelyferreira#author"},"image":{"@type":"ImageObject","url":"https:\/\/www.binauralmedia.org\/news\/wp-content\/uploads\/emigracao_calde.jpg","@id":"https:\/\/www.binauralmedia.org\/news\/arquivo\/16210\/#mainImage","width":1200,"height":800},"primaryImageOfPage":{"@id":"https:\/\/www.binauralmedia.org\/news\/arquivo\/16210#mainImage"},"datePublished":"2022-12-02T14:38:43+00:00","dateModified":"2022-12-05T19:35:08+00:00"},{"@type":"WebSite","@id":"https:\/\/www.binauralmedia.org\/news\/#website","url":"https:\/\/www.binauralmedia.org\/news\/","name":"binauralmedia.org","description":"Rural Based Sound\/Media Arts & Social Research","inLanguage":"pt-PT","publisher":{"@id":"https:\/\/www.binauralmedia.org\/news\/#organization"}}]},"og:locale":"pt_PT","og:site_name":"binauralmedia.org - Rural Based Sound\/Media Arts &amp; Social Research","og:type":"article","og:title":"Ecos da ida e do retorno: sentidos da emigra\u00e7\u00e3o na freguesia de Calde - binauralmedia.org","og:url":"https:\/\/www.binauralmedia.org\/news\/arquivo\/16210","article:published_time":"2022-12-02T14:38:43+00:00","article:modified_time":"2022-12-05T19:35:08+00:00","twitter:card":"summary_large_image","twitter:title":"Ecos da ida e do retorno: sentidos da emigra\u00e7\u00e3o na freguesia de Calde - binauralmedia.org"},"aioseo_meta_data":{"post_id":"16210","title":null,"description":null,"keywords":null,"keyphrases":null,"primary_term":null,"canonical_url":null,"og_title":null,"og_description":null,"og_object_type":"default","og_image_type":"default","og_image_custom_url":null,"og_image_custom_fields":null,"og_image_url":null,"og_image_width":null,"og_image_height":null,"og_video":null,"og_custom_url":null,"og_article_section":null,"og_article_tags":null,"twitter_use_og":false,"twitter_card":"default","twitter_image_type":"default","twitter_image_custom_url":null,"twitter_image_custom_fields":null,"twitter_image_url":null,"twitter_title":null,"twitter_description":null,"schema_type":"default","schema_type_options":null,"schema":{"blockGraphs":[],"customGraphs":[],"default":{"data":{"Article":[],"Course":[],"Dataset":[],"FAQPage":[],"Movie":[],"Person":[],"Product":[],"ProductReview":[],"Car":[],"Recipe":[],"Service":[],"SoftwareApplication":[],"WebPage":[]},"graphName":"","isEnabled":true},"graphs":[]},"pillar_content":false,"robots_default":true,"robots_noindex":false,"robots_noarchive":false,"robots_nosnippet":false,"robots_nofollow":false,"robots_noimageindex":false,"robots_noodp":false,"robots_notranslate":false,"robots_max_snippet":null,"robots_max_videopreview":null,"robots_max_imagepreview":"large","priority":null,"frequency":null,"local_seo":null,"limit_modified_date":false,"ai":null,"breadcrumb_settings":null,"seo_analyzer_scan_date":null,"created":"2026-08-05 05:05:42","updated":"2026-08-05 05:05:42","focus_keyword":null,"additional_keywords":null,"truseo_locale":null},"aioseo_breadcrumb":"<div class=\"aioseo-breadcrumbs\"><span class=\"aioseo-breadcrumb\">\n\t\t\t<a href=\"https:\/\/www.binauralmedia.org\/news\" title=\"Home\">Home<\/a>\n\t\t<\/span><span class=\"aioseo-breadcrumb-separator\">&raquo;<\/span><span class=\"aioseo-breadcrumb\">\n\t\t\t<a href=\"https:\/\/www.binauralmedia.org\/news\/arquivo\/category\/news\" title=\"Not\u00edcias\">Not\u00edcias<\/a>\n\t\t<\/span><span class=\"aioseo-breadcrumb-separator\">&raquo;<\/span><span class=\"aioseo-breadcrumb\">\n\t\t\tEcos da ida e do retorno: sentidos da emigra\u00e7\u00e3o na freguesia de Calde\n\t\t<\/span><\/div>","aioseo_breadcrumb_json":[{"label":"Home","link":"https:\/\/www.binauralmedia.org\/news"},{"label":"Not\u00edcias","link":"https:\/\/www.binauralmedia.org\/news\/arquivo\/category\/news"},{"label":"Ecos da ida e do retorno: sentidos da emigra\u00e7\u00e3o na freguesia de Calde","link":"https:\/\/www.binauralmedia.org\/news\/arquivo\/16210"}],"_links":{"self":[{"href":"https:\/\/www.binauralmedia.org\/news\/wp-json\/wp\/v2\/posts\/16210","targetHints":{"allow":["GET"]}}],"collection":[{"href":"https:\/\/www.binauralmedia.org\/news\/wp-json\/wp\/v2\/posts"}],"about":[{"href":"https:\/\/www.binauralmedia.org\/news\/wp-json\/wp\/v2\/types\/post"}],"author":[{"embeddable":true,"href":"https:\/\/www.binauralmedia.org\/news\/wp-json\/wp\/v2\/users\/8"}],"replies":[{"embeddable":true,"href":"https:\/\/www.binauralmedia.org\/news\/wp-json\/wp\/v2\/comments?post=16210"}],"version-history":[{"count":5,"href":"https:\/\/www.binauralmedia.org\/news\/wp-json\/wp\/v2\/posts\/16210\/revisions"}],"predecessor-version":[{"id":16273,"href":"https:\/\/www.binauralmedia.org\/news\/wp-json\/wp\/v2\/posts\/16210\/revisions\/16273"}],"wp:featuredmedia":[{"embeddable":true,"href":"https:\/\/www.binauralmedia.org\/news\/wp-json\/wp\/v2\/media\/16211"}],"wp:attachment":[{"href":"https:\/\/www.binauralmedia.org\/news\/wp-json\/wp\/v2\/media?parent=16210"}],"wp:term":[{"taxonomy":"category","embeddable":true,"href":"https:\/\/www.binauralmedia.org\/news\/wp-json\/wp\/v2\/categories?post=16210"},{"taxonomy":"post_tag","embeddable":true,"href":"https:\/\/www.binauralmedia.org\/news\/wp-json\/wp\/v2\/tags?post=16210"}],"curies":[{"name":"wp","href":"https:\/\/api.w.org\/{rel}","templated":true}]}}