{"id":16098,"date":"2022-11-09T13:01:53","date_gmt":"2022-11-09T13:01:53","guid":{"rendered":"https:\/\/www.binauralmedia.org\/news?p=16098"},"modified":"2022-11-13T13:13:47","modified_gmt":"2022-11-13T13:13:47","slug":"atelie-de-fotografia-por-liliana-silva","status":"publish","type":"post","link":"https:\/\/www.binauralmedia.org\/news\/arquivo\/16098","title":{"rendered":"Ateli\u00ea de fotografia, com Liliana Silva"},"content":{"rendered":"<div class=\"fusion-fullwidth fullwidth-box fusion-builder-row-1 fusion-flex-container nonhundred-percent-fullwidth non-hundred-percent-height-scrolling\" style=\"--awb-border-radius-top-left:0px;--awb-border-radius-top-right:0px;--awb-border-radius-bottom-right:0px;--awb-border-radius-bottom-left:0px;--awb-flex-wrap:wrap;\" ><div class=\"fusion-builder-row fusion-row fusion-flex-align-items-flex-start fusion-flex-content-wrap\" style=\"max-width:1144px;margin-left: calc(-4% \/ 2 );margin-right: calc(-4% \/ 2 );\"><div class=\"fusion-layout-column fusion_builder_column fusion-builder-column-0 fusion_builder_column_1_1 1_1 fusion-flex-column\" style=\"--awb-bg-size:cover;--awb-width-large:100%;--awb-margin-top-large:0px;--awb-spacing-right-large:1.92%;--awb-margin-bottom-large:0px;--awb-spacing-left-large:1.92%;--awb-width-medium:100%;--awb-spacing-right-medium:1.92%;--awb-spacing-left-medium:1.92%;--awb-width-small:100%;--awb-spacing-right-small:1.92%;--awb-spacing-left-small:1.92%;\"><div class=\"fusion-column-wrapper fusion-flex-justify-content-flex-start fusion-content-layout-column\"><div class=\"fusion-text fusion-text-1\"><p>ATELI\u00ca DE FOTOGRAFIA<br \/>\nDirigido por Liliana Silva<br \/>\nEscola Profissional de Vouzela<br \/>\n14 de novembro | 15H30<\/p>\n<p>Numa parceria com a Escola Profissional de Vouzela, a Binaural Nodar tem o gosto de anunciar a realiza\u00e7\u00e3o de um ateli\u00ea de fotografia, proposto aos alunos do 10\u00ba ano do novo Curso de Comunica\u00e7\u00e3o e Servi\u00e7o Digital.<\/p>\n<p>Este ateli\u00ea ser\u00e1 dirigido por Liliana Silva, no qual ser\u00e3o abordados temas como composi\u00e7\u00e3o, enquadramento, luz, etc., a partir de fotografias do arquivo fotogr\u00e1fico da Binaural Nodar e incluindo alguns exerc\u00edcios pr\u00e1ticos.<\/p>\n<p>Liliana Silva \u00e9 licenciada em Artes Pl\u00e1sticas, Ramo Multim\u00e9dia na Faculdade de Belas Artes da Universidade do Porto. Nesse mesmo ano ingressou no Mestrado em Comunica\u00e7\u00e3o Multim\u00e9dia, Ramo Multim\u00e9dia Interativo pela Universidade de Aveiro, que viria a concluir em 2016. Desde Agosto de 2017 que desempenha na Binaural Nodar as fun\u00e7\u00f5es de respons\u00e1vel pelas \u00e1reas de comunica\u00e7\u00e3o e multim\u00e9dia, tendo desenvolvido intensa atividade na \u00e1rea do desenho gr\u00e1fico, gr\u00e1fica editorial, registo e edi\u00e7\u00e3o v\u00eddeo, apoio na concep\u00e7\u00e3o e montagem de exposi\u00e7\u00f5es multim\u00e9dia, etc.<\/p>\n<p>Imagem do cartaz: pianista e cantora Violette Pr\u00e9vost, no contexto do espet\u00e1culo Le Piano du lac (Munic\u00edpio de Oliveira de Frades 2022). Foto de Liliana Silva.<\/p>\n<p>A Binaural Nodar \u00e9 uma entidade cultural profissional apoiada com financiamento bienal da Dire\u00e7\u00e3o-Geral das Artes, contando com apoio log\u00edstico do Munic\u00edpio de Vouzela.<\/p>\n<\/div><\/div><\/div><\/div><\/div>\n","protected":false},"excerpt":{"rendered":"","protected":false},"author":8,"featured_media":16099,"comment_status":"closed","ping_status":"closed","sticky":false,"template":"","format":"standard","meta":{"_acf_changed":false,"_bbp_topic_count":0,"_bbp_reply_count":0,"_bbp_total_topic_count":0,"_bbp_total_reply_count":0,"_bbp_voice_count":0,"_bbp_anonymous_reply_count":0,"_bbp_topic_count_hidden":0,"_bbp_reply_count_hidden":0,"_bbp_forum_subforum_count":0,"footnotes":""},"categories":[1,1159],"tags":[],"class_list":["post-16098","post","type-post","status-publish","format-standard","has-post-thumbnail","hentry","category-news","category-educational-programme"],"acf":[],"aioseo_notices":[],"aioseo_head":"\n\t\t<!-- All in One SEO 5.0.1.1 - aioseo.com -->\n\t<meta name=\"description\" content=\"ATELI\u00ca DE FOTOGRAFIA Dirigido por Liliana Silva Escola Profissional de Vouzela 14 de novembro | 15H30 Numa parceria com a Escola Profissional de Vouzela, a Binaural Nodar tem o gosto de anunciar a realiza\u00e7\u00e3o de um ateli\u00ea de fotografia, proposto aos alunos do 10\u00ba ano do novo Curso de Comunica\u00e7\u00e3o e Servi\u00e7o Digital. Este ateli\u00ea\" \/>\n\t<meta name=\"robots\" content=\"max-image-preview:large\" \/>\n\t<meta name=\"author\" content=\"Nely Ferreira\"\/>\n\t<link rel=\"canonical\" href=\"https:\/\/www.binauralmedia.org\/news\/arquivo\/16098\" \/>\n\t<meta name=\"generator\" content=\"All in One SEO (AIOSEO) 5.0.1.1\" \/>\n\t\t<meta property=\"og:locale\" content=\"pt_PT\" \/>\n\t\t<meta property=\"og:site_name\" content=\"binauralmedia.org - Rural Based Sound\/Media Arts &amp; Social Research\" \/>\n\t\t<meta property=\"og:type\" content=\"article\" \/>\n\t\t<meta property=\"og:title\" content=\"Ateli\u00ea de fotografia, com Liliana Silva - binauralmedia.org\" \/>\n\t\t<meta property=\"og:description\" content=\"ATELI\u00ca DE FOTOGRAFIA Dirigido por Liliana Silva Escola Profissional de Vouzela 14 de novembro | 15H30 Numa parceria com a Escola Profissional de Vouzela, a Binaural Nodar tem o gosto de anunciar a realiza\u00e7\u00e3o de um ateli\u00ea de fotografia, proposto aos alunos do 10\u00ba ano do novo Curso de Comunica\u00e7\u00e3o e Servi\u00e7o Digital. Este ateli\u00ea\" \/>\n\t\t<meta property=\"og:url\" content=\"https:\/\/www.binauralmedia.org\/news\/arquivo\/16098\" \/>\n\t\t<meta property=\"article:published_time\" content=\"2022-11-09T13:01:53+00:00\" \/>\n\t\t<meta property=\"article:modified_time\" content=\"2022-11-13T13:13:47+00:00\" \/>\n\t\t<meta name=\"twitter:card\" content=\"summary_large_image\" \/>\n\t\t<meta name=\"twitter:title\" content=\"Ateli\u00ea de fotografia, com Liliana Silva - binauralmedia.org\" \/>\n\t\t<meta name=\"twitter:description\" content=\"ATELI\u00ca DE FOTOGRAFIA Dirigido por Liliana Silva Escola Profissional de Vouzela 14 de novembro | 15H30 Numa parceria com a Escola Profissional de Vouzela, a Binaural Nodar tem o gosto de anunciar a realiza\u00e7\u00e3o de um ateli\u00ea de fotografia, proposto aos alunos do 10\u00ba ano do novo Curso de Comunica\u00e7\u00e3o e Servi\u00e7o Digital. Este ateli\u00ea\" \/>\n\t\t<script type=\"application\/ld+json\" class=\"aioseo-schema\">\n\t\t\t{\"@context\":\"https:\\\/\\\/schema.org\",\"@graph\":[{\"@type\":\"BlogPosting\",\"@id\":\"https:\\\/\\\/www.binauralmedia.org\\\/news\\\/arquivo\\\/16098#blogposting\",\"name\":\"Ateli\\u00ea de fotografia, com Liliana Silva - binauralmedia.org\",\"headline\":\"Ateli\\u00ea de fotografia, com Liliana Silva\",\"author\":{\"@id\":\"https:\\\/\\\/www.binauralmedia.org\\\/news\\\/arquivo\\\/author\\\/nelyferreira#author\"},\"publisher\":{\"@id\":\"https:\\\/\\\/www.binauralmedia.org\\\/news\\\/#organization\"},\"image\":{\"@type\":\"ImageObject\",\"url\":\"https:\\\/\\\/www.binauralmedia.org\\\/news\\\/wp-content\\\/uploads\\\/Atelie\\u0302-de-fotografia-EPV-2022-FINAL.jpg\",\"width\":1200,\"height\":800},\"datePublished\":\"2022-11-09T13:01:53+00:00\",\"dateModified\":\"2022-11-13T13:13:47+00:00\",\"inLanguage\":\"pt-PT\",\"mainEntityOfPage\":{\"@id\":\"https:\\\/\\\/www.binauralmedia.org\\\/news\\\/arquivo\\\/16098#webpage\"},\"isPartOf\":{\"@id\":\"https:\\\/\\\/www.binauralmedia.org\\\/news\\\/arquivo\\\/16098#webpage\"},\"articleSection\":\"Not\\u00edcias, Programa Educativo, Opcional\"},{\"@type\":\"BreadcrumbList\",\"@id\":\"https:\\\/\\\/www.binauralmedia.org\\\/news\\\/arquivo\\\/16098#breadcrumblist\",\"itemListElement\":[{\"@type\":\"ListItem\",\"@id\":\"https:\\\/\\\/www.binauralmedia.org\\\/news#listItem\",\"position\":1,\"name\":\"Home\",\"item\":\"https:\\\/\\\/www.binauralmedia.org\\\/news\",\"nextItem\":{\"@type\":\"ListItem\",\"@id\":\"https:\\\/\\\/www.binauralmedia.org\\\/news\\\/arquivo\\\/category\\\/news#listItem\",\"name\":\"Not\\u00edcias\"}},{\"@type\":\"ListItem\",\"@id\":\"https:\\\/\\\/www.binauralmedia.org\\\/news\\\/arquivo\\\/category\\\/news#listItem\",\"position\":2,\"name\":\"Not\\u00edcias\",\"item\":\"https:\\\/\\\/www.binauralmedia.org\\\/news\\\/arquivo\\\/category\\\/news\",\"nextItem\":{\"@type\":\"ListItem\",\"@id\":\"https:\\\/\\\/www.binauralmedia.org\\\/news\\\/arquivo\\\/16098#listItem\",\"name\":\"Ateli\\u00ea de fotografia, com Liliana Silva\"},\"previousItem\":{\"@type\":\"ListItem\",\"@id\":\"https:\\\/\\\/www.binauralmedia.org\\\/news#listItem\",\"name\":\"Home\"}},{\"@type\":\"ListItem\",\"@id\":\"https:\\\/\\\/www.binauralmedia.org\\\/news\\\/arquivo\\\/16098#listItem\",\"position\":3,\"name\":\"Ateli\\u00ea de fotografia, com Liliana Silva\",\"previousItem\":{\"@type\":\"ListItem\",\"@id\":\"https:\\\/\\\/www.binauralmedia.org\\\/news\\\/arquivo\\\/category\\\/news#listItem\",\"name\":\"Not\\u00edcias\"}}]},{\"@type\":\"Organization\",\"@id\":\"https:\\\/\\\/www.binauralmedia.org\\\/news\\\/#organization\",\"name\":\"binauralmedia.org\",\"description\":\"Rural Based Sound\\\/Media Arts & Social Research\",\"url\":\"https:\\\/\\\/www.binauralmedia.org\\\/news\\\/\"},{\"@type\":\"Person\",\"@id\":\"https:\\\/\\\/www.binauralmedia.org\\\/news\\\/arquivo\\\/author\\\/nelyferreira#author\",\"url\":\"https:\\\/\\\/www.binauralmedia.org\\\/news\\\/arquivo\\\/author\\\/nelyferreira\",\"name\":\"Nely Ferreira\"},{\"@type\":\"WebPage\",\"@id\":\"https:\\\/\\\/www.binauralmedia.org\\\/news\\\/arquivo\\\/16098#webpage\",\"url\":\"https:\\\/\\\/www.binauralmedia.org\\\/news\\\/arquivo\\\/16098\",\"name\":\"Ateli\\u00ea de fotografia, com Liliana Silva - binauralmedia.org\",\"description\":\"ATELI\\u00ca DE FOTOGRAFIA Dirigido por Liliana Silva Escola Profissional de Vouzela 14 de novembro | 15H30 Numa parceria com a Escola Profissional de Vouzela, a Binaural Nodar tem o gosto de anunciar a realiza\\u00e7\\u00e3o de um ateli\\u00ea de fotografia, proposto aos alunos do 10\\u00ba ano do novo Curso de Comunica\\u00e7\\u00e3o e Servi\\u00e7o Digital. Este ateli\\u00ea\",\"inLanguage\":\"pt-PT\",\"isPartOf\":{\"@id\":\"https:\\\/\\\/www.binauralmedia.org\\\/news\\\/#website\"},\"breadcrumb\":{\"@id\":\"https:\\\/\\\/www.binauralmedia.org\\\/news\\\/arquivo\\\/16098#breadcrumblist\"},\"author\":{\"@id\":\"https:\\\/\\\/www.binauralmedia.org\\\/news\\\/arquivo\\\/author\\\/nelyferreira#author\"},\"creator\":{\"@id\":\"https:\\\/\\\/www.binauralmedia.org\\\/news\\\/arquivo\\\/author\\\/nelyferreira#author\"},\"image\":{\"@type\":\"ImageObject\",\"url\":\"https:\\\/\\\/www.binauralmedia.org\\\/news\\\/wp-content\\\/uploads\\\/Atelie\\u0302-de-fotografia-EPV-2022-FINAL.jpg\",\"@id\":\"https:\\\/\\\/www.binauralmedia.org\\\/news\\\/arquivo\\\/16098\\\/#mainImage\",\"width\":1200,\"height\":800},\"primaryImageOfPage\":{\"@id\":\"https:\\\/\\\/www.binauralmedia.org\\\/news\\\/arquivo\\\/16098#mainImage\"},\"datePublished\":\"2022-11-09T13:01:53+00:00\",\"dateModified\":\"2022-11-13T13:13:47+00:00\"},{\"@type\":\"WebSite\",\"@id\":\"https:\\\/\\\/www.binauralmedia.org\\\/news\\\/#website\",\"url\":\"https:\\\/\\\/www.binauralmedia.org\\\/news\\\/\",\"name\":\"binauralmedia.org\",\"description\":\"Rural Based Sound\\\/Media Arts & Social Research\",\"inLanguage\":\"pt-PT\",\"publisher\":{\"@id\":\"https:\\\/\\\/www.binauralmedia.org\\\/news\\\/#organization\"}}]}\n\t\t<\/script>\n\t\t<!-- All in One SEO -->\n\n","aioseo_head_json":{"title":"Ateli\u00ea de fotografia, com Liliana Silva - binauralmedia.org","description":"ATELI\u00ca DE FOTOGRAFIA Dirigido por Liliana Silva Escola Profissional de Vouzela 14 de novembro | 15H30 Numa parceria com a Escola Profissional de Vouzela, a Binaural Nodar tem o gosto de anunciar a realiza\u00e7\u00e3o de um ateli\u00ea de fotografia, proposto aos alunos do 10\u00ba ano do novo Curso de Comunica\u00e7\u00e3o e Servi\u00e7o Digital. Este ateli\u00ea","canonical_url":"https:\/\/www.binauralmedia.org\/news\/arquivo\/16098","robots":"max-image-preview:large","keywords":"","webmasterTools":{"miscellaneous":""},"schema":{"@context":"https:\/\/schema.org","@graph":[{"@type":"BlogPosting","@id":"https:\/\/www.binauralmedia.org\/news\/arquivo\/16098#blogposting","name":"Ateli\u00ea de fotografia, com Liliana Silva - binauralmedia.org","headline":"Ateli\u00ea de fotografia, com Liliana Silva","author":{"@id":"https:\/\/www.binauralmedia.org\/news\/arquivo\/author\/nelyferreira#author"},"publisher":{"@id":"https:\/\/www.binauralmedia.org\/news\/#organization"},"image":{"@type":"ImageObject","url":"https:\/\/www.binauralmedia.org\/news\/wp-content\/uploads\/Atelie\u0302-de-fotografia-EPV-2022-FINAL.jpg","width":1200,"height":800},"datePublished":"2022-11-09T13:01:53+00:00","dateModified":"2022-11-13T13:13:47+00:00","inLanguage":"pt-PT","mainEntityOfPage":{"@id":"https:\/\/www.binauralmedia.org\/news\/arquivo\/16098#webpage"},"isPartOf":{"@id":"https:\/\/www.binauralmedia.org\/news\/arquivo\/16098#webpage"},"articleSection":"Not\u00edcias, Programa Educativo, Opcional"},{"@type":"BreadcrumbList","@id":"https:\/\/www.binauralmedia.org\/news\/arquivo\/16098#breadcrumblist","itemListElement":[{"@type":"ListItem","@id":"https:\/\/www.binauralmedia.org\/news#listItem","position":1,"name":"Home","item":"https:\/\/www.binauralmedia.org\/news","nextItem":{"@type":"ListItem","@id":"https:\/\/www.binauralmedia.org\/news\/arquivo\/category\/news#listItem","name":"Not\u00edcias"}},{"@type":"ListItem","@id":"https:\/\/www.binauralmedia.org\/news\/arquivo\/category\/news#listItem","position":2,"name":"Not\u00edcias","item":"https:\/\/www.binauralmedia.org\/news\/arquivo\/category\/news","nextItem":{"@type":"ListItem","@id":"https:\/\/www.binauralmedia.org\/news\/arquivo\/16098#listItem","name":"Ateli\u00ea de fotografia, com Liliana Silva"},"previousItem":{"@type":"ListItem","@id":"https:\/\/www.binauralmedia.org\/news#listItem","name":"Home"}},{"@type":"ListItem","@id":"https:\/\/www.binauralmedia.org\/news\/arquivo\/16098#listItem","position":3,"name":"Ateli\u00ea de fotografia, com Liliana Silva","previousItem":{"@type":"ListItem","@id":"https:\/\/www.binauralmedia.org\/news\/arquivo\/category\/news#listItem","name":"Not\u00edcias"}}]},{"@type":"Organization","@id":"https:\/\/www.binauralmedia.org\/news\/#organization","name":"binauralmedia.org","description":"Rural Based Sound\/Media Arts & Social Research","url":"https:\/\/www.binauralmedia.org\/news\/"},{"@type":"Person","@id":"https:\/\/www.binauralmedia.org\/news\/arquivo\/author\/nelyferreira#author","url":"https:\/\/www.binauralmedia.org\/news\/arquivo\/author\/nelyferreira","name":"Nely Ferreira"},{"@type":"WebPage","@id":"https:\/\/www.binauralmedia.org\/news\/arquivo\/16098#webpage","url":"https:\/\/www.binauralmedia.org\/news\/arquivo\/16098","name":"Ateli\u00ea de fotografia, com Liliana Silva - binauralmedia.org","description":"ATELI\u00ca DE FOTOGRAFIA Dirigido por Liliana Silva Escola Profissional de Vouzela 14 de novembro | 15H30 Numa parceria com a Escola Profissional de Vouzela, a Binaural Nodar tem o gosto de anunciar a realiza\u00e7\u00e3o de um ateli\u00ea de fotografia, proposto aos alunos do 10\u00ba ano do novo Curso de Comunica\u00e7\u00e3o e Servi\u00e7o Digital. Este ateli\u00ea","inLanguage":"pt-PT","isPartOf":{"@id":"https:\/\/www.binauralmedia.org\/news\/#website"},"breadcrumb":{"@id":"https:\/\/www.binauralmedia.org\/news\/arquivo\/16098#breadcrumblist"},"author":{"@id":"https:\/\/www.binauralmedia.org\/news\/arquivo\/author\/nelyferreira#author"},"creator":{"@id":"https:\/\/www.binauralmedia.org\/news\/arquivo\/author\/nelyferreira#author"},"image":{"@type":"ImageObject","url":"https:\/\/www.binauralmedia.org\/news\/wp-content\/uploads\/Atelie\u0302-de-fotografia-EPV-2022-FINAL.jpg","@id":"https:\/\/www.binauralmedia.org\/news\/arquivo\/16098\/#mainImage","width":1200,"height":800},"primaryImageOfPage":{"@id":"https:\/\/www.binauralmedia.org\/news\/arquivo\/16098#mainImage"},"datePublished":"2022-11-09T13:01:53+00:00","dateModified":"2022-11-13T13:13:47+00:00"},{"@type":"WebSite","@id":"https:\/\/www.binauralmedia.org\/news\/#website","url":"https:\/\/www.binauralmedia.org\/news\/","name":"binauralmedia.org","description":"Rural Based Sound\/Media Arts & Social Research","inLanguage":"pt-PT","publisher":{"@id":"https:\/\/www.binauralmedia.org\/news\/#organization"}}]},"og:locale":"pt_PT","og:site_name":"binauralmedia.org - Rural Based Sound\/Media Arts &amp; Social Research","og:type":"article","og:title":"Ateli\u00ea de fotografia, com Liliana Silva - binauralmedia.org","og:description":"ATELI\u00ca DE FOTOGRAFIA Dirigido por Liliana Silva Escola Profissional de Vouzela 14 de novembro | 15H30 Numa parceria com a Escola Profissional de Vouzela, a Binaural Nodar tem o gosto de anunciar a realiza\u00e7\u00e3o de um ateli\u00ea de fotografia, proposto aos alunos do 10\u00ba ano do novo Curso de Comunica\u00e7\u00e3o e Servi\u00e7o Digital. Este ateli\u00ea","og:url":"https:\/\/www.binauralmedia.org\/news\/arquivo\/16098","article:published_time":"2022-11-09T13:01:53+00:00","article:modified_time":"2022-11-13T13:13:47+00:00","twitter:card":"summary_large_image","twitter:title":"Ateli\u00ea de fotografia, com Liliana Silva - binauralmedia.org","twitter:description":"ATELI\u00ca DE FOTOGRAFIA Dirigido por Liliana Silva Escola Profissional de Vouzela 14 de novembro | 15H30 Numa parceria com a Escola Profissional de Vouzela, a Binaural Nodar tem o gosto de anunciar a realiza\u00e7\u00e3o de um ateli\u00ea de fotografia, proposto aos alunos do 10\u00ba ano do novo Curso de Comunica\u00e7\u00e3o e Servi\u00e7o Digital. Este ateli\u00ea"},"aioseo_meta_data":{"post_id":"16098","title":null,"description":null,"keywords":null,"keyphrases":null,"primary_term":null,"canonical_url":null,"og_title":null,"og_description":null,"og_object_type":"default","og_image_type":"default","og_image_custom_url":null,"og_image_custom_fields":null,"og_image_url":null,"og_image_width":null,"og_image_height":null,"og_video":null,"og_custom_url":null,"og_article_section":null,"og_article_tags":null,"twitter_use_og":false,"twitter_card":"default","twitter_image_type":"default","twitter_image_custom_url":null,"twitter_image_custom_fields":null,"twitter_image_url":null,"twitter_title":null,"twitter_description":null,"schema_type":"default","schema_type_options":null,"schema":{"blockGraphs":[],"customGraphs":[],"default":{"data":{"Article":[],"Course":[],"Dataset":[],"FAQPage":[],"Movie":[],"Person":[],"Product":[],"ProductReview":[],"Car":[],"Recipe":[],"Service":[],"SoftwareApplication":[],"WebPage":[]},"graphName":"","isEnabled":true},"graphs":[]},"pillar_content":false,"robots_default":true,"robots_noindex":false,"robots_noarchive":false,"robots_nosnippet":false,"robots_nofollow":false,"robots_noimageindex":false,"robots_noodp":false,"robots_notranslate":false,"robots_max_snippet":null,"robots_max_videopreview":null,"robots_max_imagepreview":"large","priority":null,"frequency":null,"local_seo":null,"limit_modified_date":false,"ai":null,"breadcrumb_settings":null,"seo_analyzer_scan_date":null,"created":"2026-08-05 05:01:41","updated":"2026-08-05 05:01:41","focus_keyword":null,"additional_keywords":null,"truseo_locale":null},"aioseo_breadcrumb":"<div class=\"aioseo-breadcrumbs\"><span class=\"aioseo-breadcrumb\">\n\t\t\t<a href=\"https:\/\/www.binauralmedia.org\/news\" title=\"Home\">Home<\/a>\n\t\t<\/span><span class=\"aioseo-breadcrumb-separator\">&raquo;<\/span><span class=\"aioseo-breadcrumb\">\n\t\t\t<a href=\"https:\/\/www.binauralmedia.org\/news\/arquivo\/category\/news\" title=\"Not\u00edcias\">Not\u00edcias<\/a>\n\t\t<\/span><span class=\"aioseo-breadcrumb-separator\">&raquo;<\/span><span class=\"aioseo-breadcrumb\">\n\t\t\tAteli\u00ea de fotografia, com Liliana Silva\n\t\t<\/span><\/div>","aioseo_breadcrumb_json":[{"label":"Home","link":"https:\/\/www.binauralmedia.org\/news"},{"label":"Not\u00edcias","link":"https:\/\/www.binauralmedia.org\/news\/arquivo\/category\/news"},{"label":"Ateli\u00ea de fotografia, com Liliana Silva","link":"https:\/\/www.binauralmedia.org\/news\/arquivo\/16098"}],"_links":{"self":[{"href":"https:\/\/www.binauralmedia.org\/news\/wp-json\/wp\/v2\/posts\/16098","targetHints":{"allow":["GET"]}}],"collection":[{"href":"https:\/\/www.binauralmedia.org\/news\/wp-json\/wp\/v2\/posts"}],"about":[{"href":"https:\/\/www.binauralmedia.org\/news\/wp-json\/wp\/v2\/types\/post"}],"author":[{"embeddable":true,"href":"https:\/\/www.binauralmedia.org\/news\/wp-json\/wp\/v2\/users\/8"}],"replies":[{"embeddable":true,"href":"https:\/\/www.binauralmedia.org\/news\/wp-json\/wp\/v2\/comments?post=16098"}],"version-history":[{"count":2,"href":"https:\/\/www.binauralmedia.org\/news\/wp-json\/wp\/v2\/posts\/16098\/revisions"}],"predecessor-version":[{"id":16102,"href":"https:\/\/www.binauralmedia.org\/news\/wp-json\/wp\/v2\/posts\/16098\/revisions\/16102"}],"wp:featuredmedia":[{"embeddable":true,"href":"https:\/\/www.binauralmedia.org\/news\/wp-json\/wp\/v2\/media\/16099"}],"wp:attachment":[{"href":"https:\/\/www.binauralmedia.org\/news\/wp-json\/wp\/v2\/media?parent=16098"}],"wp:term":[{"taxonomy":"category","embeddable":true,"href":"https:\/\/www.binauralmedia.org\/news\/wp-json\/wp\/v2\/categories?post=16098"},{"taxonomy":"post_tag","embeddable":true,"href":"https:\/\/www.binauralmedia.org\/news\/wp-json\/wp\/v2\/tags?post=16098"}],"curies":[{"name":"wp","href":"https:\/\/api.w.org\/{rel}","templated":true}]}}