{"id":15952,"date":"2022-07-13T09:35:04","date_gmt":"2022-07-13T09:35:04","guid":{"rendered":"https:\/\/www.binauralmedia.org\/news?p=15952"},"modified":"2022-08-10T09:43:51","modified_gmt":"2022-08-10T09:43:51","slug":"binaural-nodar-programa-a-estreia-em-portugal-da-companhia-francesa-le-piano-du-lac","status":"publish","type":"post","link":"https:\/\/www.binauralmedia.org\/news\/arquivo\/15952","title":{"rendered":"Binaural Nodar programa a estreia em Portugal da companhia francesa Le Piano du Lac"},"content":{"rendered":"<div class=\"fusion-fullwidth fullwidth-box fusion-builder-row-1 fusion-flex-container nonhundred-percent-fullwidth non-hundred-percent-height-scrolling\" style=\"--awb-border-radius-top-left:0px;--awb-border-radius-top-right:0px;--awb-border-radius-bottom-right:0px;--awb-border-radius-bottom-left:0px;--awb-flex-wrap:wrap;\" ><div class=\"fusion-builder-row fusion-row fusion-flex-align-items-flex-start fusion-flex-content-wrap\" style=\"max-width:1144px;margin-left: calc(-4% \/ 2 );margin-right: calc(-4% \/ 2 );\"><div class=\"fusion-layout-column fusion_builder_column fusion-builder-column-0 fusion_builder_column_1_1 1_1 fusion-flex-column\" style=\"--awb-bg-size:cover;--awb-width-large:100%;--awb-margin-top-large:0px;--awb-spacing-right-large:1.92%;--awb-margin-bottom-large:0px;--awb-spacing-left-large:1.92%;--awb-width-medium:100%;--awb-spacing-right-medium:1.92%;--awb-spacing-left-medium:1.92%;--awb-width-small:100%;--awb-spacing-right-small:1.92%;--awb-spacing-left-small:1.92%;\"><div class=\"fusion-column-wrapper fusion-flex-justify-content-flex-start fusion-content-layout-column\"><div class=\"fusion-text fusion-text-1\"><p><strong>La Flota Idonea | Le Piano du Lac<\/strong><br \/>29 e 30 julho \u00e0s 19h00: Barragem de V\u00e1rzea de Calde (Viseu)<br \/>31 de julho \u00e0s 19h00: Parque Urbano de Oliveira de Frades<\/p>\n<p>Le Piano du lac nasceu nos Alpes franceses para reinventar o conceito do concerto cl\u00e1ssico e para construir instrumentos adaptados \u00e0 paisagem. Ao longo da sua transum\u00e2ncia sonora, fundem m\u00fasica, teatro e dan\u00e7a apresentados em cen\u00e1rios naturais que se transformam em verdadeiros anfiteatros improvisados, potenciando novos espa\u00e7os de escuta ativa onde se pode desfrutar m\u00fasica e paisagem e promover la\u00e7os sociais.<\/p>\n<p>Todos os ver\u00f5es desde 2014, diferentes digress\u00f5es autoproduzidas percorrem m\u00faltiplas art\u00e9rias aqu\u00e1ticas europeias, convidando o p\u00fablico a viver um momento de encontro e de poesia sobre a \u00e1gua, no cora\u00e7\u00e3o de paisagens aqu\u00e1ticas naturais ou urbanas escolhidas pela sua beleza \u00fanica. Em 2021, foram realizadas 5 digress\u00f5es com 5 espet\u00e1culos flutuantes diferentes em Fran\u00e7a, Espanha &#8211; e ocasionalmente na B\u00e9lgica -, num total de 209 concertos e 42.659 espectadores.<\/p>\n<p>Em 2022, e em coprodu\u00e7\u00e3o com a companhia espanhola La Xata La Rifa, Le pianO du lac apresenta o seu novo espet\u00e1culo Flota Id\u00f3nea, um recital flutuante que convida a desfrutar do p\u00f4r-do-sol e da paisagem de uma forma surpreendente, o qual ser\u00e1 apresentado em:<br \/>&#8211; Barragem de V\u00e1rzea de Calde, Viseu, nos dias 29 e 30 de julho \u00e0s 19h00.<br \/>&#8211; Parque Urbano de Oliveira de Frades, dia 31 de julho \u00e0s 19h00.<\/p>\n<p>Os espet\u00e1culos realizados em Portugal s\u00e3o programados e acolhidos pela associa\u00e7\u00e3o Binaural Nodar e contam com a colabora\u00e7\u00e3o de v\u00e1rias entidades locais:<br \/>&#8211; Espet\u00e1culos de 29 e 30 julho: Colabora\u00e7\u00e3o do Munic\u00edpio de Viseu, do Museu do Linho de V\u00e1rzea de Calde (Museus de Viseu), da Junta de Freguesia de Calde e da Junta de Agricultores de V\u00e1rzea de Calde.<br \/>&#8211; Espet\u00e1culo de 31 de julho: Colabora\u00e7\u00e3o do Munic\u00edpio de Oliveira de Frades<\/p>\n<p>Por ocasi\u00e3o da sua aventura em Espanha e em Portugal, Violette Pr\u00e9vost, a pianista rouge, propor\u00e1 o seu repert\u00f3rio repleto de composi\u00e7\u00f5es e t\u00e3o suaves quanto intensas, a bordo do seu redOnda-pianO, uma nova plataforma flutuante constru\u00edda artesanalmente em madeira e alum\u00ednio. Acompanhada pela flauta m\u00e1gica de Sabine Figuet e pelos passos de dan\u00e7a de M\u00f3nica Cofi\u00f1o, Violette ela perder\u00e1 as inibi\u00e7\u00f5es no franc\u00eas, emocionar\u00e1 no espanhol e aventurar-se-\u00e1 no portugu\u00eas. O piano ganha impulso antes de se desvanecer, tudo \u00e9 movimento nessa plataforma flutuante que balan\u00e7a ao sabor dos impulsos do nadador e core\u00f3grafo!<br \/>O conjunto estar\u00e1 \u00e0 merc\u00ea das ondas, das correntes e dos caprichos do clima&#8230; Neste grande ballet aqu\u00e1tico, a fus\u00e3o entre as melodias da flauta e os passos de dan\u00e7a, cativar\u00e3o o p\u00fabico com a sua delicada intensidade.<\/p>\n<p>O p\u00fablico dever\u00e1 assistir aos espet\u00e1culos com o seu kit de conforto, uma pequena cadeira ou almofada, pois n\u00e3o h\u00e1 lugares pr\u00e9-estabelecidos: o espet\u00e1culo \u00e9 desfrutado ao ar livre, no meio do contexto envolvente.<\/p>\n<p>Os bilhetes volunt\u00e1rios podem ser adquiridos em <a href=\"https:\/\/www.pianodulac.eu\" target=\"_blank\" rel=\"noopener\">https:\/\/www.pianodulac.eu<\/a> ou na bilheteira instalada junto ao local do espet\u00e1culo no dia do concerto, pelo pre\u00e7o sugerido de 12 euros.<\/p>\n<p>Para consultar as v\u00e1rias digress\u00f5es de espet\u00e1culos flutuantes: <a href=\"https:\/\/pianodulac.eu\/es\/mapa-de-giras\/\" target=\"_blank\" rel=\"noopener\">https:\/\/pianodulac.eu\/es\/mapa-de-giras\/<\/a><\/p>\n<\/div><\/div><\/div><\/div><\/div>\n","protected":false},"excerpt":{"rendered":"","protected":false},"author":2,"featured_media":15953,"comment_status":"closed","ping_status":"closed","sticky":false,"template":"","format":"standard","meta":{"_acf_changed":false,"_bbp_topic_count":0,"_bbp_reply_count":0,"_bbp_total_topic_count":0,"_bbp_total_reply_count":0,"_bbp_voice_count":0,"_bbp_anonymous_reply_count":0,"_bbp_topic_count_hidden":0,"_bbp_reply_count_hidden":0,"_bbp_forum_subforum_count":0,"footnotes":""},"categories":[1],"tags":[],"class_list":["post-15952","post","type-post","status-publish","format-standard","has-post-thumbnail","hentry","category-news"],"acf":[],"aioseo_notices":[],"aioseo_head":"\n\t\t<!-- All in One SEO 5.0.1.1 - aioseo.com -->\n\t<meta name=\"description\" content=\"La Flota Idonea | Le Piano du Lac29 e 30 julho \u00e0s 19h00: Barragem de V\u00e1rzea de Calde (Viseu)31 de julho \u00e0s 19h00: Parque Urbano de Oliveira de Frades Le Piano du lac nasceu nos Alpes franceses para reinventar o conceito do concerto cl\u00e1ssico e para construir instrumentos adaptados \u00e0 paisagem. Ao longo da sua\" \/>\n\t<meta name=\"robots\" content=\"max-image-preview:large\" \/>\n\t<meta name=\"author\" content=\"luiscosta\"\/>\n\t<link rel=\"canonical\" href=\"https:\/\/www.binauralmedia.org\/news\/arquivo\/15952\" \/>\n\t<meta name=\"generator\" content=\"All in One SEO (AIOSEO) 5.0.1.1\" \/>\n\t\t<meta property=\"og:locale\" content=\"pt_PT\" \/>\n\t\t<meta property=\"og:site_name\" content=\"binauralmedia.org - Rural Based Sound\/Media Arts &amp; Social Research\" \/>\n\t\t<meta property=\"og:type\" content=\"article\" \/>\n\t\t<meta property=\"og:title\" content=\"Binaural Nodar programa a estreia em Portugal da companhia francesa Le Piano du Lac - binauralmedia.org\" \/>\n\t\t<meta property=\"og:description\" content=\"La Flota Idonea | Le Piano du Lac29 e 30 julho \u00e0s 19h00: Barragem de V\u00e1rzea de Calde (Viseu)31 de julho \u00e0s 19h00: Parque Urbano de Oliveira de Frades Le Piano du lac nasceu nos Alpes franceses para reinventar o conceito do concerto cl\u00e1ssico e para construir instrumentos adaptados \u00e0 paisagem. Ao longo da sua\" \/>\n\t\t<meta property=\"og:url\" content=\"https:\/\/www.binauralmedia.org\/news\/arquivo\/15952\" \/>\n\t\t<meta property=\"article:published_time\" content=\"2022-07-13T09:35:04+00:00\" \/>\n\t\t<meta property=\"article:modified_time\" content=\"2022-08-10T09:43:51+00:00\" \/>\n\t\t<meta name=\"twitter:card\" content=\"summary_large_image\" \/>\n\t\t<meta name=\"twitter:title\" content=\"Binaural Nodar programa a estreia em Portugal da companhia francesa Le Piano du Lac - binauralmedia.org\" \/>\n\t\t<meta name=\"twitter:description\" content=\"La Flota Idonea | Le Piano du Lac29 e 30 julho \u00e0s 19h00: Barragem de V\u00e1rzea de Calde (Viseu)31 de julho \u00e0s 19h00: Parque Urbano de Oliveira de Frades Le Piano du lac nasceu nos Alpes franceses para reinventar o conceito do concerto cl\u00e1ssico e para construir instrumentos adaptados \u00e0 paisagem. Ao longo da sua\" \/>\n\t\t<script type=\"application\/ld+json\" class=\"aioseo-schema\">\n\t\t\t{\"@context\":\"https:\\\/\\\/schema.org\",\"@graph\":[{\"@type\":\"BlogPosting\",\"@id\":\"https:\\\/\\\/www.binauralmedia.org\\\/news\\\/arquivo\\\/15952#blogposting\",\"name\":\"Binaural Nodar programa a estreia em Portugal da companhia francesa Le Piano du Lac - binauralmedia.org\",\"headline\":\"Binaural Nodar programa a estreia em Portugal da companhia francesa Le Piano du Lac\",\"author\":{\"@id\":\"https:\\\/\\\/www.binauralmedia.org\\\/news\\\/arquivo\\\/author\\\/luiscosta#author\"},\"publisher\":{\"@id\":\"https:\\\/\\\/www.binauralmedia.org\\\/news\\\/#organization\"},\"image\":{\"@type\":\"ImageObject\",\"url\":\"https:\\\/\\\/www.binauralmedia.org\\\/news\\\/wp-content\\\/uploads\\\/lepianodulac.jpg\",\"width\":1200,\"height\":800},\"datePublished\":\"2022-07-13T09:35:04+00:00\",\"dateModified\":\"2022-08-10T09:43:51+00:00\",\"inLanguage\":\"pt-PT\",\"mainEntityOfPage\":{\"@id\":\"https:\\\/\\\/www.binauralmedia.org\\\/news\\\/arquivo\\\/15952#webpage\"},\"isPartOf\":{\"@id\":\"https:\\\/\\\/www.binauralmedia.org\\\/news\\\/arquivo\\\/15952#webpage\"},\"articleSection\":\"Not\\u00edcias, Opcional\"},{\"@type\":\"BreadcrumbList\",\"@id\":\"https:\\\/\\\/www.binauralmedia.org\\\/news\\\/arquivo\\\/15952#breadcrumblist\",\"itemListElement\":[{\"@type\":\"ListItem\",\"@id\":\"https:\\\/\\\/www.binauralmedia.org\\\/news#listItem\",\"position\":1,\"name\":\"Home\",\"item\":\"https:\\\/\\\/www.binauralmedia.org\\\/news\",\"nextItem\":{\"@type\":\"ListItem\",\"@id\":\"https:\\\/\\\/www.binauralmedia.org\\\/news\\\/arquivo\\\/category\\\/news#listItem\",\"name\":\"Not\\u00edcias\"}},{\"@type\":\"ListItem\",\"@id\":\"https:\\\/\\\/www.binauralmedia.org\\\/news\\\/arquivo\\\/category\\\/news#listItem\",\"position\":2,\"name\":\"Not\\u00edcias\",\"item\":\"https:\\\/\\\/www.binauralmedia.org\\\/news\\\/arquivo\\\/category\\\/news\",\"nextItem\":{\"@type\":\"ListItem\",\"@id\":\"https:\\\/\\\/www.binauralmedia.org\\\/news\\\/arquivo\\\/15952#listItem\",\"name\":\"Binaural Nodar programa a estreia em Portugal da companhia francesa Le Piano du Lac\"},\"previousItem\":{\"@type\":\"ListItem\",\"@id\":\"https:\\\/\\\/www.binauralmedia.org\\\/news#listItem\",\"name\":\"Home\"}},{\"@type\":\"ListItem\",\"@id\":\"https:\\\/\\\/www.binauralmedia.org\\\/news\\\/arquivo\\\/15952#listItem\",\"position\":3,\"name\":\"Binaural Nodar programa a estreia em Portugal da companhia francesa Le Piano du Lac\",\"previousItem\":{\"@type\":\"ListItem\",\"@id\":\"https:\\\/\\\/www.binauralmedia.org\\\/news\\\/arquivo\\\/category\\\/news#listItem\",\"name\":\"Not\\u00edcias\"}}]},{\"@type\":\"Organization\",\"@id\":\"https:\\\/\\\/www.binauralmedia.org\\\/news\\\/#organization\",\"name\":\"binauralmedia.org\",\"description\":\"Rural Based Sound\\\/Media Arts & Social Research\",\"url\":\"https:\\\/\\\/www.binauralmedia.org\\\/news\\\/\"},{\"@type\":\"Person\",\"@id\":\"https:\\\/\\\/www.binauralmedia.org\\\/news\\\/arquivo\\\/author\\\/luiscosta#author\",\"url\":\"https:\\\/\\\/www.binauralmedia.org\\\/news\\\/arquivo\\\/author\\\/luiscosta\",\"name\":\"luiscosta\"},{\"@type\":\"WebPage\",\"@id\":\"https:\\\/\\\/www.binauralmedia.org\\\/news\\\/arquivo\\\/15952#webpage\",\"url\":\"https:\\\/\\\/www.binauralmedia.org\\\/news\\\/arquivo\\\/15952\",\"name\":\"Binaural Nodar programa a estreia em Portugal da companhia francesa Le Piano du Lac - binauralmedia.org\",\"description\":\"La Flota Idonea | Le Piano du Lac29 e 30 julho \\u00e0s 19h00: Barragem de V\\u00e1rzea de Calde (Viseu)31 de julho \\u00e0s 19h00: Parque Urbano de Oliveira de Frades Le Piano du lac nasceu nos Alpes franceses para reinventar o conceito do concerto cl\\u00e1ssico e para construir instrumentos adaptados \\u00e0 paisagem. Ao longo da sua\",\"inLanguage\":\"pt-PT\",\"isPartOf\":{\"@id\":\"https:\\\/\\\/www.binauralmedia.org\\\/news\\\/#website\"},\"breadcrumb\":{\"@id\":\"https:\\\/\\\/www.binauralmedia.org\\\/news\\\/arquivo\\\/15952#breadcrumblist\"},\"author\":{\"@id\":\"https:\\\/\\\/www.binauralmedia.org\\\/news\\\/arquivo\\\/author\\\/luiscosta#author\"},\"creator\":{\"@id\":\"https:\\\/\\\/www.binauralmedia.org\\\/news\\\/arquivo\\\/author\\\/luiscosta#author\"},\"image\":{\"@type\":\"ImageObject\",\"url\":\"https:\\\/\\\/www.binauralmedia.org\\\/news\\\/wp-content\\\/uploads\\\/lepianodulac.jpg\",\"@id\":\"https:\\\/\\\/www.binauralmedia.org\\\/news\\\/arquivo\\\/15952\\\/#mainImage\",\"width\":1200,\"height\":800},\"primaryImageOfPage\":{\"@id\":\"https:\\\/\\\/www.binauralmedia.org\\\/news\\\/arquivo\\\/15952#mainImage\"},\"datePublished\":\"2022-07-13T09:35:04+00:00\",\"dateModified\":\"2022-08-10T09:43:51+00:00\"},{\"@type\":\"WebSite\",\"@id\":\"https:\\\/\\\/www.binauralmedia.org\\\/news\\\/#website\",\"url\":\"https:\\\/\\\/www.binauralmedia.org\\\/news\\\/\",\"name\":\"binauralmedia.org\",\"description\":\"Rural Based Sound\\\/Media Arts & Social Research\",\"inLanguage\":\"pt-PT\",\"publisher\":{\"@id\":\"https:\\\/\\\/www.binauralmedia.org\\\/news\\\/#organization\"}}]}\n\t\t<\/script>\n\t\t<!-- All in One SEO -->\n\n","aioseo_head_json":{"title":"Binaural Nodar programa a estreia em Portugal da companhia francesa Le Piano du Lac - binauralmedia.org","description":"La Flota Idonea | Le Piano du Lac29 e 30 julho \u00e0s 19h00: Barragem de V\u00e1rzea de Calde (Viseu)31 de julho \u00e0s 19h00: Parque Urbano de Oliveira de Frades Le Piano du lac nasceu nos Alpes franceses para reinventar o conceito do concerto cl\u00e1ssico e para construir instrumentos adaptados \u00e0 paisagem. Ao longo da sua","canonical_url":"https:\/\/www.binauralmedia.org\/news\/arquivo\/15952","robots":"max-image-preview:large","keywords":"","webmasterTools":{"miscellaneous":""},"schema":{"@context":"https:\/\/schema.org","@graph":[{"@type":"BlogPosting","@id":"https:\/\/www.binauralmedia.org\/news\/arquivo\/15952#blogposting","name":"Binaural Nodar programa a estreia em Portugal da companhia francesa Le Piano du Lac - binauralmedia.org","headline":"Binaural Nodar programa a estreia em Portugal da companhia francesa Le Piano du Lac","author":{"@id":"https:\/\/www.binauralmedia.org\/news\/arquivo\/author\/luiscosta#author"},"publisher":{"@id":"https:\/\/www.binauralmedia.org\/news\/#organization"},"image":{"@type":"ImageObject","url":"https:\/\/www.binauralmedia.org\/news\/wp-content\/uploads\/lepianodulac.jpg","width":1200,"height":800},"datePublished":"2022-07-13T09:35:04+00:00","dateModified":"2022-08-10T09:43:51+00:00","inLanguage":"pt-PT","mainEntityOfPage":{"@id":"https:\/\/www.binauralmedia.org\/news\/arquivo\/15952#webpage"},"isPartOf":{"@id":"https:\/\/www.binauralmedia.org\/news\/arquivo\/15952#webpage"},"articleSection":"Not\u00edcias, Opcional"},{"@type":"BreadcrumbList","@id":"https:\/\/www.binauralmedia.org\/news\/arquivo\/15952#breadcrumblist","itemListElement":[{"@type":"ListItem","@id":"https:\/\/www.binauralmedia.org\/news#listItem","position":1,"name":"Home","item":"https:\/\/www.binauralmedia.org\/news","nextItem":{"@type":"ListItem","@id":"https:\/\/www.binauralmedia.org\/news\/arquivo\/category\/news#listItem","name":"Not\u00edcias"}},{"@type":"ListItem","@id":"https:\/\/www.binauralmedia.org\/news\/arquivo\/category\/news#listItem","position":2,"name":"Not\u00edcias","item":"https:\/\/www.binauralmedia.org\/news\/arquivo\/category\/news","nextItem":{"@type":"ListItem","@id":"https:\/\/www.binauralmedia.org\/news\/arquivo\/15952#listItem","name":"Binaural Nodar programa a estreia em Portugal da companhia francesa Le Piano du Lac"},"previousItem":{"@type":"ListItem","@id":"https:\/\/www.binauralmedia.org\/news#listItem","name":"Home"}},{"@type":"ListItem","@id":"https:\/\/www.binauralmedia.org\/news\/arquivo\/15952#listItem","position":3,"name":"Binaural Nodar programa a estreia em Portugal da companhia francesa Le Piano du Lac","previousItem":{"@type":"ListItem","@id":"https:\/\/www.binauralmedia.org\/news\/arquivo\/category\/news#listItem","name":"Not\u00edcias"}}]},{"@type":"Organization","@id":"https:\/\/www.binauralmedia.org\/news\/#organization","name":"binauralmedia.org","description":"Rural Based Sound\/Media Arts & Social Research","url":"https:\/\/www.binauralmedia.org\/news\/"},{"@type":"Person","@id":"https:\/\/www.binauralmedia.org\/news\/arquivo\/author\/luiscosta#author","url":"https:\/\/www.binauralmedia.org\/news\/arquivo\/author\/luiscosta","name":"luiscosta"},{"@type":"WebPage","@id":"https:\/\/www.binauralmedia.org\/news\/arquivo\/15952#webpage","url":"https:\/\/www.binauralmedia.org\/news\/arquivo\/15952","name":"Binaural Nodar programa a estreia em Portugal da companhia francesa Le Piano du Lac - binauralmedia.org","description":"La Flota Idonea | Le Piano du Lac29 e 30 julho \u00e0s 19h00: Barragem de V\u00e1rzea de Calde (Viseu)31 de julho \u00e0s 19h00: Parque Urbano de Oliveira de Frades Le Piano du lac nasceu nos Alpes franceses para reinventar o conceito do concerto cl\u00e1ssico e para construir instrumentos adaptados \u00e0 paisagem. Ao longo da sua","inLanguage":"pt-PT","isPartOf":{"@id":"https:\/\/www.binauralmedia.org\/news\/#website"},"breadcrumb":{"@id":"https:\/\/www.binauralmedia.org\/news\/arquivo\/15952#breadcrumblist"},"author":{"@id":"https:\/\/www.binauralmedia.org\/news\/arquivo\/author\/luiscosta#author"},"creator":{"@id":"https:\/\/www.binauralmedia.org\/news\/arquivo\/author\/luiscosta#author"},"image":{"@type":"ImageObject","url":"https:\/\/www.binauralmedia.org\/news\/wp-content\/uploads\/lepianodulac.jpg","@id":"https:\/\/www.binauralmedia.org\/news\/arquivo\/15952\/#mainImage","width":1200,"height":800},"primaryImageOfPage":{"@id":"https:\/\/www.binauralmedia.org\/news\/arquivo\/15952#mainImage"},"datePublished":"2022-07-13T09:35:04+00:00","dateModified":"2022-08-10T09:43:51+00:00"},{"@type":"WebSite","@id":"https:\/\/www.binauralmedia.org\/news\/#website","url":"https:\/\/www.binauralmedia.org\/news\/","name":"binauralmedia.org","description":"Rural Based Sound\/Media Arts & Social Research","inLanguage":"pt-PT","publisher":{"@id":"https:\/\/www.binauralmedia.org\/news\/#organization"}}]},"og:locale":"pt_PT","og:site_name":"binauralmedia.org - Rural Based Sound\/Media Arts &amp; Social Research","og:type":"article","og:title":"Binaural Nodar programa a estreia em Portugal da companhia francesa Le Piano du Lac - binauralmedia.org","og:description":"La Flota Idonea | Le Piano du Lac29 e 30 julho \u00e0s 19h00: Barragem de V\u00e1rzea de Calde (Viseu)31 de julho \u00e0s 19h00: Parque Urbano de Oliveira de Frades Le Piano du lac nasceu nos Alpes franceses para reinventar o conceito do concerto cl\u00e1ssico e para construir instrumentos adaptados \u00e0 paisagem. Ao longo da sua","og:url":"https:\/\/www.binauralmedia.org\/news\/arquivo\/15952","article:published_time":"2022-07-13T09:35:04+00:00","article:modified_time":"2022-08-10T09:43:51+00:00","twitter:card":"summary_large_image","twitter:title":"Binaural Nodar programa a estreia em Portugal da companhia francesa Le Piano du Lac - binauralmedia.org","twitter:description":"La Flota Idonea | Le Piano du Lac29 e 30 julho \u00e0s 19h00: Barragem de V\u00e1rzea de Calde (Viseu)31 de julho \u00e0s 19h00: Parque Urbano de Oliveira de Frades Le Piano du lac nasceu nos Alpes franceses para reinventar o conceito do concerto cl\u00e1ssico e para construir instrumentos adaptados \u00e0 paisagem. Ao longo da sua"},"aioseo_meta_data":{"post_id":"15952","title":null,"description":null,"keywords":null,"keyphrases":null,"primary_term":null,"canonical_url":null,"og_title":null,"og_description":null,"og_object_type":"default","og_image_type":"default","og_image_custom_url":null,"og_image_custom_fields":null,"og_image_url":null,"og_image_width":null,"og_image_height":null,"og_video":null,"og_custom_url":null,"og_article_section":null,"og_article_tags":null,"twitter_use_og":false,"twitter_card":"default","twitter_image_type":"default","twitter_image_custom_url":null,"twitter_image_custom_fields":null,"twitter_image_url":null,"twitter_title":null,"twitter_description":null,"schema_type":"default","schema_type_options":null,"schema":{"blockGraphs":[],"customGraphs":[],"default":{"data":{"Article":[],"Course":[],"Dataset":[],"FAQPage":[],"Movie":[],"Person":[],"Product":[],"ProductReview":[],"Car":[],"Recipe":[],"Service":[],"SoftwareApplication":[],"WebPage":[]},"graphName":"","isEnabled":true},"graphs":[]},"pillar_content":false,"robots_default":true,"robots_noindex":false,"robots_noarchive":false,"robots_nosnippet":false,"robots_nofollow":false,"robots_noimageindex":false,"robots_noodp":false,"robots_notranslate":false,"robots_max_snippet":null,"robots_max_videopreview":null,"robots_max_imagepreview":"large","priority":null,"frequency":null,"local_seo":null,"limit_modified_date":false,"ai":null,"breadcrumb_settings":null,"seo_analyzer_scan_date":null,"created":"2026-08-05 04:54:41","updated":"2026-08-05 04:54:41","focus_keyword":null,"additional_keywords":null,"truseo_locale":null},"aioseo_breadcrumb":"<div class=\"aioseo-breadcrumbs\"><span class=\"aioseo-breadcrumb\">\n\t\t\t<a href=\"https:\/\/www.binauralmedia.org\/news\" title=\"Home\">Home<\/a>\n\t\t<\/span><span class=\"aioseo-breadcrumb-separator\">&raquo;<\/span><span class=\"aioseo-breadcrumb\">\n\t\t\t<a href=\"https:\/\/www.binauralmedia.org\/news\/arquivo\/category\/news\" title=\"Not\u00edcias\">Not\u00edcias<\/a>\n\t\t<\/span><span class=\"aioseo-breadcrumb-separator\">&raquo;<\/span><span class=\"aioseo-breadcrumb\">\n\t\t\tBinaural Nodar programa a estreia em Portugal da companhia francesa Le Piano du Lac\n\t\t<\/span><\/div>","aioseo_breadcrumb_json":[{"label":"Home","link":"https:\/\/www.binauralmedia.org\/news"},{"label":"Not\u00edcias","link":"https:\/\/www.binauralmedia.org\/news\/arquivo\/category\/news"},{"label":"Binaural Nodar programa a estreia em Portugal da companhia francesa Le Piano du Lac","link":"https:\/\/www.binauralmedia.org\/news\/arquivo\/15952"}],"_links":{"self":[{"href":"https:\/\/www.binauralmedia.org\/news\/wp-json\/wp\/v2\/posts\/15952","targetHints":{"allow":["GET"]}}],"collection":[{"href":"https:\/\/www.binauralmedia.org\/news\/wp-json\/wp\/v2\/posts"}],"about":[{"href":"https:\/\/www.binauralmedia.org\/news\/wp-json\/wp\/v2\/types\/post"}],"author":[{"embeddable":true,"href":"https:\/\/www.binauralmedia.org\/news\/wp-json\/wp\/v2\/users\/2"}],"replies":[{"embeddable":true,"href":"https:\/\/www.binauralmedia.org\/news\/wp-json\/wp\/v2\/comments?post=15952"}],"version-history":[{"count":2,"href":"https:\/\/www.binauralmedia.org\/news\/wp-json\/wp\/v2\/posts\/15952\/revisions"}],"predecessor-version":[{"id":15956,"href":"https:\/\/www.binauralmedia.org\/news\/wp-json\/wp\/v2\/posts\/15952\/revisions\/15956"}],"wp:featuredmedia":[{"embeddable":true,"href":"https:\/\/www.binauralmedia.org\/news\/wp-json\/wp\/v2\/media\/15953"}],"wp:attachment":[{"href":"https:\/\/www.binauralmedia.org\/news\/wp-json\/wp\/v2\/media?parent=15952"}],"wp:term":[{"taxonomy":"category","embeddable":true,"href":"https:\/\/www.binauralmedia.org\/news\/wp-json\/wp\/v2\/categories?post=15952"},{"taxonomy":"post_tag","embeddable":true,"href":"https:\/\/www.binauralmedia.org\/news\/wp-json\/wp\/v2\/tags?post=15952"}],"curies":[{"name":"wp","href":"https:\/\/api.w.org\/{rel}","templated":true}]}}