{"id":15946,"date":"2022-07-02T08:55:00","date_gmt":"2022-07-02T08:55:00","guid":{"rendered":"https:\/\/www.binauralmedia.org\/news?p=15946"},"modified":"2022-08-10T08:59:52","modified_gmt":"2022-08-10T08:59:52","slug":"binaural-nodar-participa-em-seminario-do-projeto-forestfm","status":"publish","type":"post","link":"https:\/\/www.binauralmedia.org\/news\/arquivo\/15946","title":{"rendered":"Binaural Nodar participa em semin\u00e1rio do projeto ForestFM"},"content":{"rendered":"<p>Semin\u00e1rio &#8220;O futuro das r\u00e1dios escolares e comunit\u00e1rias (experi\u00eancias e desafios)&#8221;<br \/>\n4 julho, 10h00 &#8211; 17h00<br \/>\nFaculdade de Letras da Universidade do Porto<\/p>\n<p>O Coordenador da Binaural Nodar, Lu\u00eds Gomes da Costa, ser\u00e1 um dos oradores no semin\u00e1rio &#8220;O futuro das r\u00e1dios escolares e comunit\u00e1rias (experi\u00eancias e desafios)&#8221;, realizado no \u00e2mbito do projeto &#8220;ForestFM \u2013 Envolvimento de jovens na preven\u00e7\u00e3o dos inc\u00eandios rurais atrav\u00e9s de um programa de r\u00e1dio participativo&#8221;.<br \/>\nLu\u00eds Gomes da Costa abordar\u00e1 as metodologias participativas de som e de r\u00e1dio desenvolvidas pela Binaural Nodar desde 2006, como os projetos &#8220;Aldeias Sonoras&#8221;, &#8220;Florestas Sonoras&#8221; e &#8220;Ou\u00e7o, Lembro e Sinto&#8221;.<\/p>\n<p>Trata-se de um projeto de investiga\u00e7\u00e3o que tem como objetivo envolver os jovens na promo\u00e7\u00e3o de atitudes e comportamentos favor\u00e1veis \u00e0 preven\u00e7\u00e3o de inc\u00eandios rurais, atrav\u00e9s da produ\u00e7\u00e3o de um programa de r\u00e1dio participativa. Tem como popula\u00e7\u00e3o-alvo fundamental os jovens e comunidades locais da regi\u00e3o de Viseu particularmente fustigadas pelos inc\u00eandios de 2017. <\/p>\n<p>ForestFM \u00e9 um projeto financiado pela Funda\u00e7\u00e3o para a Ci\u00eancia e a Tecnologia coordenado pelo ISPUP \u2013 Instituto de Sa\u00fade P\u00fablica da Universidade do Porto, desenvolvido em parceria com a Faculdade de Letras da Universidade do Porto, com o Instituto Polit\u00e9cnico de Viseu e a R\u00e1dio Jornal do Centro, com sede em Viseu.<\/p>\n<p>O projeto inclui uma s\u00e9rie de atividades, desde um inqu\u00e9rito \u00e0 perce\u00e7\u00e3o do risco de inc\u00eandio dos jovens locais, passando pela an\u00e1lise da cobertura medi\u00e1tica dos inc\u00eandios, at\u00e9 \u00e0 produ\u00e7\u00e3o de um programa participativo de r\u00e1dio orientado para as comunidades de regi\u00f5es afetadas por eventos extremos. Este programa ser\u00e1 desenvolvido por estudantes do n\u00edvel secund\u00e1rio em contexto escolar, contando com a participa\u00e7\u00e3o de agrupamentos escolares da regi\u00e3o.<\/p>\n","protected":false},"excerpt":{"rendered":"<p>Semin\u00e1rio &#8220;O futuro das r\u00e1dios escolares e comunit\u00e1rias (experi\u00eancias e  [&#8230;]<\/p>\n","protected":false},"author":2,"featured_media":15947,"comment_status":"closed","ping_status":"closed","sticky":false,"template":"","format":"standard","meta":{"_acf_changed":false,"_bbp_topic_count":0,"_bbp_reply_count":0,"_bbp_total_topic_count":0,"_bbp_total_reply_count":0,"_bbp_voice_count":0,"_bbp_anonymous_reply_count":0,"_bbp_topic_count_hidden":0,"_bbp_reply_count_hidden":0,"_bbp_forum_subforum_count":0,"footnotes":""},"categories":[1],"tags":[],"class_list":["post-15946","post","type-post","status-publish","format-standard","has-post-thumbnail","hentry","category-news"],"acf":[],"aioseo_notices":[],"aioseo_head":"\n\t\t<!-- All in One SEO 5.0.1.1 - aioseo.com -->\n\t<meta name=\"description\" content=\"Semin\u00e1rio &quot;O futuro das r\u00e1dios escolares e comunit\u00e1rias (experi\u00eancias e desafios)&quot; 4 julho, 10h00 - 17h00 Faculdade de Letras da Universidade do Porto O Coordenador da Binaural Nodar, Lu\u00eds Gomes da Costa, ser\u00e1 um dos oradores no semin\u00e1rio &quot;O futuro das r\u00e1dios escolares e comunit\u00e1rias (experi\u00eancias e desafios)&quot;, realizado no \u00e2mbito do projeto &quot;ForestFM \u2013\" \/>\n\t<meta name=\"robots\" content=\"max-image-preview:large\" \/>\n\t<meta name=\"author\" content=\"luiscosta\"\/>\n\t<link rel=\"canonical\" href=\"https:\/\/www.binauralmedia.org\/news\/arquivo\/15946\" \/>\n\t<meta name=\"generator\" content=\"All in One SEO (AIOSEO) 5.0.1.1\" \/>\n\t\t<meta property=\"og:locale\" content=\"pt_PT\" \/>\n\t\t<meta property=\"og:site_name\" content=\"binauralmedia.org - Rural Based Sound\/Media Arts &amp; Social Research\" \/>\n\t\t<meta property=\"og:type\" content=\"article\" \/>\n\t\t<meta property=\"og:title\" content=\"Binaural Nodar participa em semin\u00e1rio do projeto ForestFM - binauralmedia.org\" \/>\n\t\t<meta property=\"og:description\" content=\"Semin\u00e1rio &quot;O futuro das r\u00e1dios escolares e comunit\u00e1rias (experi\u00eancias e desafios)&quot; 4 julho, 10h00 - 17h00 Faculdade de Letras da Universidade do Porto O Coordenador da Binaural Nodar, Lu\u00eds Gomes da Costa, ser\u00e1 um dos oradores no semin\u00e1rio &quot;O futuro das r\u00e1dios escolares e comunit\u00e1rias (experi\u00eancias e desafios)&quot;, realizado no \u00e2mbito do projeto &quot;ForestFM \u2013\" \/>\n\t\t<meta property=\"og:url\" content=\"https:\/\/www.binauralmedia.org\/news\/arquivo\/15946\" \/>\n\t\t<meta property=\"article:published_time\" content=\"2022-07-02T08:55:00+00:00\" \/>\n\t\t<meta property=\"article:modified_time\" content=\"2022-08-10T08:59:52+00:00\" \/>\n\t\t<meta name=\"twitter:card\" content=\"summary_large_image\" \/>\n\t\t<meta name=\"twitter:title\" content=\"Binaural Nodar participa em semin\u00e1rio do projeto ForestFM - binauralmedia.org\" \/>\n\t\t<meta name=\"twitter:description\" content=\"Semin\u00e1rio &quot;O futuro das r\u00e1dios escolares e comunit\u00e1rias (experi\u00eancias e desafios)&quot; 4 julho, 10h00 - 17h00 Faculdade de Letras da Universidade do Porto O Coordenador da Binaural Nodar, Lu\u00eds Gomes da Costa, ser\u00e1 um dos oradores no semin\u00e1rio &quot;O futuro das r\u00e1dios escolares e comunit\u00e1rias (experi\u00eancias e desafios)&quot;, realizado no \u00e2mbito do projeto &quot;ForestFM \u2013\" \/>\n\t\t<script type=\"application\/ld+json\" class=\"aioseo-schema\">\n\t\t\t{\"@context\":\"https:\\\/\\\/schema.org\",\"@graph\":[{\"@type\":\"BlogPosting\",\"@id\":\"https:\\\/\\\/www.binauralmedia.org\\\/news\\\/arquivo\\\/15946#blogposting\",\"name\":\"Binaural Nodar participa em semin\\u00e1rio do projeto ForestFM - binauralmedia.org\",\"headline\":\"Binaural Nodar participa em semin\\u00e1rio do projeto ForestFM\",\"author\":{\"@id\":\"https:\\\/\\\/www.binauralmedia.org\\\/news\\\/arquivo\\\/author\\\/luiscosta#author\"},\"publisher\":{\"@id\":\"https:\\\/\\\/www.binauralmedia.org\\\/news\\\/#organization\"},\"image\":{\"@type\":\"ImageObject\",\"url\":\"https:\\\/\\\/www.binauralmedia.org\\\/news\\\/wp-content\\\/uploads\\\/forestfm.jpg\",\"width\":1200,\"height\":800},\"datePublished\":\"2022-07-02T08:55:00+00:00\",\"dateModified\":\"2022-08-10T08:59:52+00:00\",\"inLanguage\":\"pt-PT\",\"mainEntityOfPage\":{\"@id\":\"https:\\\/\\\/www.binauralmedia.org\\\/news\\\/arquivo\\\/15946#webpage\"},\"isPartOf\":{\"@id\":\"https:\\\/\\\/www.binauralmedia.org\\\/news\\\/arquivo\\\/15946#webpage\"},\"articleSection\":\"Not\\u00edcias, Opcional\"},{\"@type\":\"BreadcrumbList\",\"@id\":\"https:\\\/\\\/www.binauralmedia.org\\\/news\\\/arquivo\\\/15946#breadcrumblist\",\"itemListElement\":[{\"@type\":\"ListItem\",\"@id\":\"https:\\\/\\\/www.binauralmedia.org\\\/news#listItem\",\"position\":1,\"name\":\"Home\",\"item\":\"https:\\\/\\\/www.binauralmedia.org\\\/news\",\"nextItem\":{\"@type\":\"ListItem\",\"@id\":\"https:\\\/\\\/www.binauralmedia.org\\\/news\\\/arquivo\\\/category\\\/news#listItem\",\"name\":\"Not\\u00edcias\"}},{\"@type\":\"ListItem\",\"@id\":\"https:\\\/\\\/www.binauralmedia.org\\\/news\\\/arquivo\\\/category\\\/news#listItem\",\"position\":2,\"name\":\"Not\\u00edcias\",\"item\":\"https:\\\/\\\/www.binauralmedia.org\\\/news\\\/arquivo\\\/category\\\/news\",\"nextItem\":{\"@type\":\"ListItem\",\"@id\":\"https:\\\/\\\/www.binauralmedia.org\\\/news\\\/arquivo\\\/15946#listItem\",\"name\":\"Binaural Nodar participa em semin\\u00e1rio do projeto ForestFM\"},\"previousItem\":{\"@type\":\"ListItem\",\"@id\":\"https:\\\/\\\/www.binauralmedia.org\\\/news#listItem\",\"name\":\"Home\"}},{\"@type\":\"ListItem\",\"@id\":\"https:\\\/\\\/www.binauralmedia.org\\\/news\\\/arquivo\\\/15946#listItem\",\"position\":3,\"name\":\"Binaural Nodar participa em semin\\u00e1rio do projeto ForestFM\",\"previousItem\":{\"@type\":\"ListItem\",\"@id\":\"https:\\\/\\\/www.binauralmedia.org\\\/news\\\/arquivo\\\/category\\\/news#listItem\",\"name\":\"Not\\u00edcias\"}}]},{\"@type\":\"Organization\",\"@id\":\"https:\\\/\\\/www.binauralmedia.org\\\/news\\\/#organization\",\"name\":\"binauralmedia.org\",\"description\":\"Rural Based Sound\\\/Media Arts & Social Research\",\"url\":\"https:\\\/\\\/www.binauralmedia.org\\\/news\\\/\"},{\"@type\":\"Person\",\"@id\":\"https:\\\/\\\/www.binauralmedia.org\\\/news\\\/arquivo\\\/author\\\/luiscosta#author\",\"url\":\"https:\\\/\\\/www.binauralmedia.org\\\/news\\\/arquivo\\\/author\\\/luiscosta\",\"name\":\"luiscosta\"},{\"@type\":\"WebPage\",\"@id\":\"https:\\\/\\\/www.binauralmedia.org\\\/news\\\/arquivo\\\/15946#webpage\",\"url\":\"https:\\\/\\\/www.binauralmedia.org\\\/news\\\/arquivo\\\/15946\",\"name\":\"Binaural Nodar participa em semin\\u00e1rio do projeto ForestFM - binauralmedia.org\",\"description\":\"Semin\\u00e1rio \\\"O futuro das r\\u00e1dios escolares e comunit\\u00e1rias (experi\\u00eancias e desafios)\\\" 4 julho, 10h00 - 17h00 Faculdade de Letras da Universidade do Porto O Coordenador da Binaural Nodar, Lu\\u00eds Gomes da Costa, ser\\u00e1 um dos oradores no semin\\u00e1rio \\\"O futuro das r\\u00e1dios escolares e comunit\\u00e1rias (experi\\u00eancias e desafios)\\\", realizado no \\u00e2mbito do projeto \\\"ForestFM \\u2013\",\"inLanguage\":\"pt-PT\",\"isPartOf\":{\"@id\":\"https:\\\/\\\/www.binauralmedia.org\\\/news\\\/#website\"},\"breadcrumb\":{\"@id\":\"https:\\\/\\\/www.binauralmedia.org\\\/news\\\/arquivo\\\/15946#breadcrumblist\"},\"author\":{\"@id\":\"https:\\\/\\\/www.binauralmedia.org\\\/news\\\/arquivo\\\/author\\\/luiscosta#author\"},\"creator\":{\"@id\":\"https:\\\/\\\/www.binauralmedia.org\\\/news\\\/arquivo\\\/author\\\/luiscosta#author\"},\"image\":{\"@type\":\"ImageObject\",\"url\":\"https:\\\/\\\/www.binauralmedia.org\\\/news\\\/wp-content\\\/uploads\\\/forestfm.jpg\",\"@id\":\"https:\\\/\\\/www.binauralmedia.org\\\/news\\\/arquivo\\\/15946\\\/#mainImage\",\"width\":1200,\"height\":800},\"primaryImageOfPage\":{\"@id\":\"https:\\\/\\\/www.binauralmedia.org\\\/news\\\/arquivo\\\/15946#mainImage\"},\"datePublished\":\"2022-07-02T08:55:00+00:00\",\"dateModified\":\"2022-08-10T08:59:52+00:00\"},{\"@type\":\"WebSite\",\"@id\":\"https:\\\/\\\/www.binauralmedia.org\\\/news\\\/#website\",\"url\":\"https:\\\/\\\/www.binauralmedia.org\\\/news\\\/\",\"name\":\"binauralmedia.org\",\"description\":\"Rural Based Sound\\\/Media Arts & Social Research\",\"inLanguage\":\"pt-PT\",\"publisher\":{\"@id\":\"https:\\\/\\\/www.binauralmedia.org\\\/news\\\/#organization\"}}]}\n\t\t<\/script>\n\t\t<!-- All in One SEO -->\n\n","aioseo_head_json":{"title":"Binaural Nodar participa em semin\u00e1rio do projeto ForestFM - binauralmedia.org","description":"Semin\u00e1rio \"O futuro das r\u00e1dios escolares e comunit\u00e1rias (experi\u00eancias e desafios)\" 4 julho, 10h00 - 17h00 Faculdade de Letras da Universidade do Porto O Coordenador da Binaural Nodar, Lu\u00eds Gomes da Costa, ser\u00e1 um dos oradores no semin\u00e1rio \"O futuro das r\u00e1dios escolares e comunit\u00e1rias (experi\u00eancias e desafios)\", realizado no \u00e2mbito do projeto \"ForestFM \u2013","canonical_url":"https:\/\/www.binauralmedia.org\/news\/arquivo\/15946","robots":"max-image-preview:large","keywords":"","webmasterTools":{"miscellaneous":""},"schema":{"@context":"https:\/\/schema.org","@graph":[{"@type":"BlogPosting","@id":"https:\/\/www.binauralmedia.org\/news\/arquivo\/15946#blogposting","name":"Binaural Nodar participa em semin\u00e1rio do projeto ForestFM - binauralmedia.org","headline":"Binaural Nodar participa em semin\u00e1rio do projeto ForestFM","author":{"@id":"https:\/\/www.binauralmedia.org\/news\/arquivo\/author\/luiscosta#author"},"publisher":{"@id":"https:\/\/www.binauralmedia.org\/news\/#organization"},"image":{"@type":"ImageObject","url":"https:\/\/www.binauralmedia.org\/news\/wp-content\/uploads\/forestfm.jpg","width":1200,"height":800},"datePublished":"2022-07-02T08:55:00+00:00","dateModified":"2022-08-10T08:59:52+00:00","inLanguage":"pt-PT","mainEntityOfPage":{"@id":"https:\/\/www.binauralmedia.org\/news\/arquivo\/15946#webpage"},"isPartOf":{"@id":"https:\/\/www.binauralmedia.org\/news\/arquivo\/15946#webpage"},"articleSection":"Not\u00edcias, Opcional"},{"@type":"BreadcrumbList","@id":"https:\/\/www.binauralmedia.org\/news\/arquivo\/15946#breadcrumblist","itemListElement":[{"@type":"ListItem","@id":"https:\/\/www.binauralmedia.org\/news#listItem","position":1,"name":"Home","item":"https:\/\/www.binauralmedia.org\/news","nextItem":{"@type":"ListItem","@id":"https:\/\/www.binauralmedia.org\/news\/arquivo\/category\/news#listItem","name":"Not\u00edcias"}},{"@type":"ListItem","@id":"https:\/\/www.binauralmedia.org\/news\/arquivo\/category\/news#listItem","position":2,"name":"Not\u00edcias","item":"https:\/\/www.binauralmedia.org\/news\/arquivo\/category\/news","nextItem":{"@type":"ListItem","@id":"https:\/\/www.binauralmedia.org\/news\/arquivo\/15946#listItem","name":"Binaural Nodar participa em semin\u00e1rio do projeto ForestFM"},"previousItem":{"@type":"ListItem","@id":"https:\/\/www.binauralmedia.org\/news#listItem","name":"Home"}},{"@type":"ListItem","@id":"https:\/\/www.binauralmedia.org\/news\/arquivo\/15946#listItem","position":3,"name":"Binaural Nodar participa em semin\u00e1rio do projeto ForestFM","previousItem":{"@type":"ListItem","@id":"https:\/\/www.binauralmedia.org\/news\/arquivo\/category\/news#listItem","name":"Not\u00edcias"}}]},{"@type":"Organization","@id":"https:\/\/www.binauralmedia.org\/news\/#organization","name":"binauralmedia.org","description":"Rural Based Sound\/Media Arts & Social Research","url":"https:\/\/www.binauralmedia.org\/news\/"},{"@type":"Person","@id":"https:\/\/www.binauralmedia.org\/news\/arquivo\/author\/luiscosta#author","url":"https:\/\/www.binauralmedia.org\/news\/arquivo\/author\/luiscosta","name":"luiscosta"},{"@type":"WebPage","@id":"https:\/\/www.binauralmedia.org\/news\/arquivo\/15946#webpage","url":"https:\/\/www.binauralmedia.org\/news\/arquivo\/15946","name":"Binaural Nodar participa em semin\u00e1rio do projeto ForestFM - binauralmedia.org","description":"Semin\u00e1rio \"O futuro das r\u00e1dios escolares e comunit\u00e1rias (experi\u00eancias e desafios)\" 4 julho, 10h00 - 17h00 Faculdade de Letras da Universidade do Porto O Coordenador da Binaural Nodar, Lu\u00eds Gomes da Costa, ser\u00e1 um dos oradores no semin\u00e1rio \"O futuro das r\u00e1dios escolares e comunit\u00e1rias (experi\u00eancias e desafios)\", realizado no \u00e2mbito do projeto \"ForestFM \u2013","inLanguage":"pt-PT","isPartOf":{"@id":"https:\/\/www.binauralmedia.org\/news\/#website"},"breadcrumb":{"@id":"https:\/\/www.binauralmedia.org\/news\/arquivo\/15946#breadcrumblist"},"author":{"@id":"https:\/\/www.binauralmedia.org\/news\/arquivo\/author\/luiscosta#author"},"creator":{"@id":"https:\/\/www.binauralmedia.org\/news\/arquivo\/author\/luiscosta#author"},"image":{"@type":"ImageObject","url":"https:\/\/www.binauralmedia.org\/news\/wp-content\/uploads\/forestfm.jpg","@id":"https:\/\/www.binauralmedia.org\/news\/arquivo\/15946\/#mainImage","width":1200,"height":800},"primaryImageOfPage":{"@id":"https:\/\/www.binauralmedia.org\/news\/arquivo\/15946#mainImage"},"datePublished":"2022-07-02T08:55:00+00:00","dateModified":"2022-08-10T08:59:52+00:00"},{"@type":"WebSite","@id":"https:\/\/www.binauralmedia.org\/news\/#website","url":"https:\/\/www.binauralmedia.org\/news\/","name":"binauralmedia.org","description":"Rural Based Sound\/Media Arts & Social Research","inLanguage":"pt-PT","publisher":{"@id":"https:\/\/www.binauralmedia.org\/news\/#organization"}}]},"og:locale":"pt_PT","og:site_name":"binauralmedia.org - Rural Based Sound\/Media Arts &amp; Social Research","og:type":"article","og:title":"Binaural Nodar participa em semin\u00e1rio do projeto ForestFM - binauralmedia.org","og:description":"Semin\u00e1rio &quot;O futuro das r\u00e1dios escolares e comunit\u00e1rias (experi\u00eancias e desafios)&quot; 4 julho, 10h00 - 17h00 Faculdade de Letras da Universidade do Porto O Coordenador da Binaural Nodar, Lu\u00eds Gomes da Costa, ser\u00e1 um dos oradores no semin\u00e1rio &quot;O futuro das r\u00e1dios escolares e comunit\u00e1rias (experi\u00eancias e desafios)&quot;, realizado no \u00e2mbito do projeto &quot;ForestFM \u2013","og:url":"https:\/\/www.binauralmedia.org\/news\/arquivo\/15946","article:published_time":"2022-07-02T08:55:00+00:00","article:modified_time":"2022-08-10T08:59:52+00:00","twitter:card":"summary_large_image","twitter:title":"Binaural Nodar participa em semin\u00e1rio do projeto ForestFM - binauralmedia.org","twitter:description":"Semin\u00e1rio &quot;O futuro das r\u00e1dios escolares e comunit\u00e1rias (experi\u00eancias e desafios)&quot; 4 julho, 10h00 - 17h00 Faculdade de Letras da Universidade do Porto O Coordenador da Binaural Nodar, Lu\u00eds Gomes da Costa, ser\u00e1 um dos oradores no semin\u00e1rio &quot;O futuro das r\u00e1dios escolares e comunit\u00e1rias (experi\u00eancias e desafios)&quot;, realizado no \u00e2mbito do projeto &quot;ForestFM \u2013"},"aioseo_meta_data":{"post_id":"15946","title":null,"description":null,"keywords":null,"keyphrases":null,"primary_term":null,"canonical_url":null,"og_title":null,"og_description":null,"og_object_type":"default","og_image_type":"default","og_image_custom_url":null,"og_image_custom_fields":null,"og_image_url":null,"og_image_width":null,"og_image_height":null,"og_video":null,"og_custom_url":null,"og_article_section":null,"og_article_tags":null,"twitter_use_og":false,"twitter_card":"default","twitter_image_type":"default","twitter_image_custom_url":null,"twitter_image_custom_fields":null,"twitter_image_url":null,"twitter_title":null,"twitter_description":null,"schema_type":"default","schema_type_options":null,"schema":{"blockGraphs":[],"customGraphs":[],"default":{"data":{"Article":[],"Course":[],"Dataset":[],"FAQPage":[],"Movie":[],"Person":[],"Product":[],"ProductReview":[],"Car":[],"Recipe":[],"Service":[],"SoftwareApplication":[],"WebPage":[]},"graphName":"","isEnabled":true},"graphs":[]},"pillar_content":false,"robots_default":true,"robots_noindex":false,"robots_noarchive":false,"robots_nosnippet":false,"robots_nofollow":false,"robots_noimageindex":false,"robots_noodp":false,"robots_notranslate":false,"robots_max_snippet":null,"robots_max_videopreview":null,"robots_max_imagepreview":"large","priority":null,"frequency":null,"local_seo":null,"limit_modified_date":false,"ai":null,"breadcrumb_settings":null,"seo_analyzer_scan_date":null,"created":"2026-08-05 04:54:40","updated":"2026-08-05 04:54:40","focus_keyword":null,"additional_keywords":null,"truseo_locale":null},"aioseo_breadcrumb":"<div class=\"aioseo-breadcrumbs\"><span class=\"aioseo-breadcrumb\">\n\t\t\t<a href=\"https:\/\/www.binauralmedia.org\/news\" title=\"Home\">Home<\/a>\n\t\t<\/span><span class=\"aioseo-breadcrumb-separator\">&raquo;<\/span><span class=\"aioseo-breadcrumb\">\n\t\t\t<a href=\"https:\/\/www.binauralmedia.org\/news\/arquivo\/category\/news\" title=\"Not\u00edcias\">Not\u00edcias<\/a>\n\t\t<\/span><span class=\"aioseo-breadcrumb-separator\">&raquo;<\/span><span class=\"aioseo-breadcrumb\">\n\t\t\tBinaural Nodar participa em semin\u00e1rio do projeto ForestFM\n\t\t<\/span><\/div>","aioseo_breadcrumb_json":[{"label":"Home","link":"https:\/\/www.binauralmedia.org\/news"},{"label":"Not\u00edcias","link":"https:\/\/www.binauralmedia.org\/news\/arquivo\/category\/news"},{"label":"Binaural Nodar participa em semin\u00e1rio do projeto ForestFM","link":"https:\/\/www.binauralmedia.org\/news\/arquivo\/15946"}],"_links":{"self":[{"href":"https:\/\/www.binauralmedia.org\/news\/wp-json\/wp\/v2\/posts\/15946","targetHints":{"allow":["GET"]}}],"collection":[{"href":"https:\/\/www.binauralmedia.org\/news\/wp-json\/wp\/v2\/posts"}],"about":[{"href":"https:\/\/www.binauralmedia.org\/news\/wp-json\/wp\/v2\/types\/post"}],"author":[{"embeddable":true,"href":"https:\/\/www.binauralmedia.org\/news\/wp-json\/wp\/v2\/users\/2"}],"replies":[{"embeddable":true,"href":"https:\/\/www.binauralmedia.org\/news\/wp-json\/wp\/v2\/comments?post=15946"}],"version-history":[{"count":1,"href":"https:\/\/www.binauralmedia.org\/news\/wp-json\/wp\/v2\/posts\/15946\/revisions"}],"predecessor-version":[{"id":15949,"href":"https:\/\/www.binauralmedia.org\/news\/wp-json\/wp\/v2\/posts\/15946\/revisions\/15949"}],"wp:featuredmedia":[{"embeddable":true,"href":"https:\/\/www.binauralmedia.org\/news\/wp-json\/wp\/v2\/media\/15947"}],"wp:attachment":[{"href":"https:\/\/www.binauralmedia.org\/news\/wp-json\/wp\/v2\/media?parent=15946"}],"wp:term":[{"taxonomy":"category","embeddable":true,"href":"https:\/\/www.binauralmedia.org\/news\/wp-json\/wp\/v2\/categories?post=15946"},{"taxonomy":"post_tag","embeddable":true,"href":"https:\/\/www.binauralmedia.org\/news\/wp-json\/wp\/v2\/tags?post=15946"}],"curies":[{"name":"wp","href":"https:\/\/api.w.org\/{rel}","templated":true}]}}