{"id":15913,"date":"2022-06-17T09:18:07","date_gmt":"2022-06-17T09:18:07","guid":{"rendered":"https:\/\/www.binauralmedia.org\/news?p=15913"},"modified":"2022-08-09T09:31:27","modified_gmt":"2022-08-09T09:31:27","slug":"exposicao-tangencias-de-alunos-do-mestrado-em-criacao-artistica-contemporanea-da-universidade-de-aveiro","status":"publish","type":"post","link":"https:\/\/www.binauralmedia.org\/news\/arquivo\/15913","title":{"rendered":"Exposi\u00e7\u00e3o &#8220;Tang\u00eancias&#8221; de alunos do Mestrado em Cria\u00e7\u00e3o Art\u00edstica Contempor\u00e2nea da Universidade de Aveiro"},"content":{"rendered":"<p>A Binaural Nodar tem o gosto de anunciar, enquanto parceiro do Mestrado em Cria\u00e7\u00e3o Art\u00edstica Contempor\u00e2nea da Universidade de Aveiro (MCAC\/UA), que decorrer\u00e1 a inaugura\u00e7\u00e3o e conv\u00edvio da exposi\u00e7\u00e3o de final de ano, por parte dos alunos de 1\u00ba ano do MCAC\/UA, intitulada &#8220;Tang\u00eancias&#8221;. O evento ter\u00e1 lugar no dia 23 de Junho pelas 21:30, no Museu de Aveiro\/Santa Joana, na cidade de Aveiro, contando como tal com a parceria do Munic\u00edpio de Aveiro.<\/p>\n<p>Este evento constituir\u00e1 celebra\u00e7\u00e3o de um culminar de um ano de trabalho \u00e1rduo da parte de todos os envolvidos e que contou com uma resid\u00eancia art\u00edstica coorganizada em maio passado pela Binaural Nodar e pelo MCAC\/UA na vila de Vouzela, a qual reflete uma parceria cont\u00ednua de onze anos entre ambas as institui\u00e7\u00f5es.<\/p>\n","protected":false},"excerpt":{"rendered":"<p>A Binaural Nodar tem o gosto de anunciar, enquanto parceiro  [&#8230;]<\/p>\n","protected":false},"author":2,"featured_media":15914,"comment_status":"closed","ping_status":"closed","sticky":false,"template":"","format":"standard","meta":{"_acf_changed":false,"_bbp_topic_count":0,"_bbp_reply_count":0,"_bbp_total_topic_count":0,"_bbp_total_reply_count":0,"_bbp_voice_count":0,"_bbp_anonymous_reply_count":0,"_bbp_topic_count_hidden":0,"_bbp_reply_count_hidden":0,"_bbp_forum_subforum_count":0,"footnotes":""},"categories":[1],"tags":[],"class_list":["post-15913","post","type-post","status-publish","format-standard","has-post-thumbnail","hentry","category-news"],"acf":[],"aioseo_notices":[],"aioseo_head":"\n\t\t<!-- All in One SEO 5.0.1.1 - aioseo.com -->\n\t<meta name=\"description\" content=\"A Binaural Nodar tem o gosto de anunciar, enquanto parceiro do Mestrado em Cria\u00e7\u00e3o Art\u00edstica Contempor\u00e2nea da Universidade de Aveiro (MCAC\/UA), que decorrer\u00e1 a inaugura\u00e7\u00e3o e conv\u00edvio da exposi\u00e7\u00e3o de final de ano, por parte dos alunos de 1\u00ba ano do MCAC\/UA, intitulada &quot;Tang\u00eancias&quot;. O evento ter\u00e1 lugar no dia 23 de Junho pelas 21:30,\" \/>\n\t<meta name=\"robots\" content=\"max-image-preview:large\" \/>\n\t<meta name=\"author\" content=\"luiscosta\"\/>\n\t<link rel=\"canonical\" href=\"https:\/\/www.binauralmedia.org\/news\/arquivo\/15913\" \/>\n\t<meta name=\"generator\" content=\"All in One SEO (AIOSEO) 5.0.1.1\" \/>\n\t\t<meta property=\"og:locale\" content=\"pt_PT\" \/>\n\t\t<meta property=\"og:site_name\" content=\"binauralmedia.org - Rural Based Sound\/Media Arts &amp; Social Research\" \/>\n\t\t<meta property=\"og:type\" content=\"article\" \/>\n\t\t<meta property=\"og:title\" content=\"Exposi\u00e7\u00e3o \u201cTang\u00eancias\u201d de alunos do Mestrado em Cria\u00e7\u00e3o Art\u00edstica Contempor\u00e2nea da Universidade de Aveiro - binauralmedia.org\" \/>\n\t\t<meta property=\"og:description\" content=\"A Binaural Nodar tem o gosto de anunciar, enquanto parceiro do Mestrado em Cria\u00e7\u00e3o Art\u00edstica Contempor\u00e2nea da Universidade de Aveiro (MCAC\/UA), que decorrer\u00e1 a inaugura\u00e7\u00e3o e conv\u00edvio da exposi\u00e7\u00e3o de final de ano, por parte dos alunos de 1\u00ba ano do MCAC\/UA, intitulada &quot;Tang\u00eancias&quot;. O evento ter\u00e1 lugar no dia 23 de Junho pelas 21:30,\" \/>\n\t\t<meta property=\"og:url\" content=\"https:\/\/www.binauralmedia.org\/news\/arquivo\/15913\" \/>\n\t\t<meta property=\"article:published_time\" content=\"2022-06-17T09:18:07+00:00\" \/>\n\t\t<meta property=\"article:modified_time\" content=\"2022-08-09T09:31:27+00:00\" \/>\n\t\t<meta name=\"twitter:card\" content=\"summary_large_image\" \/>\n\t\t<meta name=\"twitter:title\" content=\"Exposi\u00e7\u00e3o \u201cTang\u00eancias\u201d de alunos do Mestrado em Cria\u00e7\u00e3o Art\u00edstica Contempor\u00e2nea da Universidade de Aveiro - binauralmedia.org\" \/>\n\t\t<meta name=\"twitter:description\" content=\"A Binaural Nodar tem o gosto de anunciar, enquanto parceiro do Mestrado em Cria\u00e7\u00e3o Art\u00edstica Contempor\u00e2nea da Universidade de Aveiro (MCAC\/UA), que decorrer\u00e1 a inaugura\u00e7\u00e3o e conv\u00edvio da exposi\u00e7\u00e3o de final de ano, por parte dos alunos de 1\u00ba ano do MCAC\/UA, intitulada &quot;Tang\u00eancias&quot;. O evento ter\u00e1 lugar no dia 23 de Junho pelas 21:30,\" \/>\n\t\t<script type=\"application\/ld+json\" class=\"aioseo-schema\">\n\t\t\t{\"@context\":\"https:\\\/\\\/schema.org\",\"@graph\":[{\"@type\":\"BlogPosting\",\"@id\":\"https:\\\/\\\/www.binauralmedia.org\\\/news\\\/arquivo\\\/15913#blogposting\",\"name\":\"Exposi\\u00e7\\u00e3o \\u201cTang\\u00eancias\\u201d de alunos do Mestrado em Cria\\u00e7\\u00e3o Art\\u00edstica Contempor\\u00e2nea da Universidade de Aveiro - binauralmedia.org\",\"headline\":\"Exposi\\u00e7\\u00e3o &#8220;Tang\\u00eancias&#8221; de alunos do Mestrado em Cria\\u00e7\\u00e3o Art\\u00edstica Contempor\\u00e2nea da Universidade de Aveiro\",\"author\":{\"@id\":\"https:\\\/\\\/www.binauralmedia.org\\\/news\\\/arquivo\\\/author\\\/luiscosta#author\"},\"publisher\":{\"@id\":\"https:\\\/\\\/www.binauralmedia.org\\\/news\\\/#organization\"},\"image\":{\"@type\":\"ImageObject\",\"url\":\"https:\\\/\\\/www.binauralmedia.org\\\/news\\\/wp-content\\\/uploads\\\/tangencias.jpg\",\"width\":1200,\"height\":800},\"datePublished\":\"2022-06-17T09:18:07+00:00\",\"dateModified\":\"2022-08-09T09:31:27+00:00\",\"inLanguage\":\"pt-PT\",\"mainEntityOfPage\":{\"@id\":\"https:\\\/\\\/www.binauralmedia.org\\\/news\\\/arquivo\\\/15913#webpage\"},\"isPartOf\":{\"@id\":\"https:\\\/\\\/www.binauralmedia.org\\\/news\\\/arquivo\\\/15913#webpage\"},\"articleSection\":\"Not\\u00edcias, Opcional\"},{\"@type\":\"BreadcrumbList\",\"@id\":\"https:\\\/\\\/www.binauralmedia.org\\\/news\\\/arquivo\\\/15913#breadcrumblist\",\"itemListElement\":[{\"@type\":\"ListItem\",\"@id\":\"https:\\\/\\\/www.binauralmedia.org\\\/news#listItem\",\"position\":1,\"name\":\"Home\",\"item\":\"https:\\\/\\\/www.binauralmedia.org\\\/news\",\"nextItem\":{\"@type\":\"ListItem\",\"@id\":\"https:\\\/\\\/www.binauralmedia.org\\\/news\\\/arquivo\\\/category\\\/news#listItem\",\"name\":\"Not\\u00edcias\"}},{\"@type\":\"ListItem\",\"@id\":\"https:\\\/\\\/www.binauralmedia.org\\\/news\\\/arquivo\\\/category\\\/news#listItem\",\"position\":2,\"name\":\"Not\\u00edcias\",\"item\":\"https:\\\/\\\/www.binauralmedia.org\\\/news\\\/arquivo\\\/category\\\/news\",\"nextItem\":{\"@type\":\"ListItem\",\"@id\":\"https:\\\/\\\/www.binauralmedia.org\\\/news\\\/arquivo\\\/15913#listItem\",\"name\":\"Exposi\\u00e7\\u00e3o &#8220;Tang\\u00eancias&#8221; de alunos do Mestrado em Cria\\u00e7\\u00e3o Art\\u00edstica Contempor\\u00e2nea da Universidade de Aveiro\"},\"previousItem\":{\"@type\":\"ListItem\",\"@id\":\"https:\\\/\\\/www.binauralmedia.org\\\/news#listItem\",\"name\":\"Home\"}},{\"@type\":\"ListItem\",\"@id\":\"https:\\\/\\\/www.binauralmedia.org\\\/news\\\/arquivo\\\/15913#listItem\",\"position\":3,\"name\":\"Exposi\\u00e7\\u00e3o &#8220;Tang\\u00eancias&#8221; de alunos do Mestrado em Cria\\u00e7\\u00e3o Art\\u00edstica Contempor\\u00e2nea da Universidade de Aveiro\",\"previousItem\":{\"@type\":\"ListItem\",\"@id\":\"https:\\\/\\\/www.binauralmedia.org\\\/news\\\/arquivo\\\/category\\\/news#listItem\",\"name\":\"Not\\u00edcias\"}}]},{\"@type\":\"Organization\",\"@id\":\"https:\\\/\\\/www.binauralmedia.org\\\/news\\\/#organization\",\"name\":\"binauralmedia.org\",\"description\":\"Rural Based Sound\\\/Media Arts & Social Research\",\"url\":\"https:\\\/\\\/www.binauralmedia.org\\\/news\\\/\"},{\"@type\":\"Person\",\"@id\":\"https:\\\/\\\/www.binauralmedia.org\\\/news\\\/arquivo\\\/author\\\/luiscosta#author\",\"url\":\"https:\\\/\\\/www.binauralmedia.org\\\/news\\\/arquivo\\\/author\\\/luiscosta\",\"name\":\"luiscosta\"},{\"@type\":\"WebPage\",\"@id\":\"https:\\\/\\\/www.binauralmedia.org\\\/news\\\/arquivo\\\/15913#webpage\",\"url\":\"https:\\\/\\\/www.binauralmedia.org\\\/news\\\/arquivo\\\/15913\",\"name\":\"Exposi\\u00e7\\u00e3o \\u201cTang\\u00eancias\\u201d de alunos do Mestrado em Cria\\u00e7\\u00e3o Art\\u00edstica Contempor\\u00e2nea da Universidade de Aveiro - binauralmedia.org\",\"description\":\"A Binaural Nodar tem o gosto de anunciar, enquanto parceiro do Mestrado em Cria\\u00e7\\u00e3o Art\\u00edstica Contempor\\u00e2nea da Universidade de Aveiro (MCAC\\\/UA), que decorrer\\u00e1 a inaugura\\u00e7\\u00e3o e conv\\u00edvio da exposi\\u00e7\\u00e3o de final de ano, por parte dos alunos de 1\\u00ba ano do MCAC\\\/UA, intitulada \\\"Tang\\u00eancias\\\". O evento ter\\u00e1 lugar no dia 23 de Junho pelas 21:30,\",\"inLanguage\":\"pt-PT\",\"isPartOf\":{\"@id\":\"https:\\\/\\\/www.binauralmedia.org\\\/news\\\/#website\"},\"breadcrumb\":{\"@id\":\"https:\\\/\\\/www.binauralmedia.org\\\/news\\\/arquivo\\\/15913#breadcrumblist\"},\"author\":{\"@id\":\"https:\\\/\\\/www.binauralmedia.org\\\/news\\\/arquivo\\\/author\\\/luiscosta#author\"},\"creator\":{\"@id\":\"https:\\\/\\\/www.binauralmedia.org\\\/news\\\/arquivo\\\/author\\\/luiscosta#author\"},\"image\":{\"@type\":\"ImageObject\",\"url\":\"https:\\\/\\\/www.binauralmedia.org\\\/news\\\/wp-content\\\/uploads\\\/tangencias.jpg\",\"@id\":\"https:\\\/\\\/www.binauralmedia.org\\\/news\\\/arquivo\\\/15913\\\/#mainImage\",\"width\":1200,\"height\":800},\"primaryImageOfPage\":{\"@id\":\"https:\\\/\\\/www.binauralmedia.org\\\/news\\\/arquivo\\\/15913#mainImage\"},\"datePublished\":\"2022-06-17T09:18:07+00:00\",\"dateModified\":\"2022-08-09T09:31:27+00:00\"},{\"@type\":\"WebSite\",\"@id\":\"https:\\\/\\\/www.binauralmedia.org\\\/news\\\/#website\",\"url\":\"https:\\\/\\\/www.binauralmedia.org\\\/news\\\/\",\"name\":\"binauralmedia.org\",\"description\":\"Rural Based Sound\\\/Media Arts & Social Research\",\"inLanguage\":\"pt-PT\",\"publisher\":{\"@id\":\"https:\\\/\\\/www.binauralmedia.org\\\/news\\\/#organization\"}}]}\n\t\t<\/script>\n\t\t<!-- All in One SEO -->\n\n","aioseo_head_json":{"title":"Exposi\u00e7\u00e3o \u201cTang\u00eancias\u201d de alunos do Mestrado em Cria\u00e7\u00e3o Art\u00edstica Contempor\u00e2nea da Universidade de Aveiro - binauralmedia.org","description":"A Binaural Nodar tem o gosto de anunciar, enquanto parceiro do Mestrado em Cria\u00e7\u00e3o Art\u00edstica Contempor\u00e2nea da Universidade de Aveiro (MCAC\/UA), que decorrer\u00e1 a inaugura\u00e7\u00e3o e conv\u00edvio da exposi\u00e7\u00e3o de final de ano, por parte dos alunos de 1\u00ba ano do MCAC\/UA, intitulada \"Tang\u00eancias\". O evento ter\u00e1 lugar no dia 23 de Junho pelas 21:30,","canonical_url":"https:\/\/www.binauralmedia.org\/news\/arquivo\/15913","robots":"max-image-preview:large","keywords":"","webmasterTools":{"miscellaneous":""},"schema":{"@context":"https:\/\/schema.org","@graph":[{"@type":"BlogPosting","@id":"https:\/\/www.binauralmedia.org\/news\/arquivo\/15913#blogposting","name":"Exposi\u00e7\u00e3o \u201cTang\u00eancias\u201d de alunos do Mestrado em Cria\u00e7\u00e3o Art\u00edstica Contempor\u00e2nea da Universidade de Aveiro - binauralmedia.org","headline":"Exposi\u00e7\u00e3o &#8220;Tang\u00eancias&#8221; de alunos do Mestrado em Cria\u00e7\u00e3o Art\u00edstica Contempor\u00e2nea da Universidade de Aveiro","author":{"@id":"https:\/\/www.binauralmedia.org\/news\/arquivo\/author\/luiscosta#author"},"publisher":{"@id":"https:\/\/www.binauralmedia.org\/news\/#organization"},"image":{"@type":"ImageObject","url":"https:\/\/www.binauralmedia.org\/news\/wp-content\/uploads\/tangencias.jpg","width":1200,"height":800},"datePublished":"2022-06-17T09:18:07+00:00","dateModified":"2022-08-09T09:31:27+00:00","inLanguage":"pt-PT","mainEntityOfPage":{"@id":"https:\/\/www.binauralmedia.org\/news\/arquivo\/15913#webpage"},"isPartOf":{"@id":"https:\/\/www.binauralmedia.org\/news\/arquivo\/15913#webpage"},"articleSection":"Not\u00edcias, Opcional"},{"@type":"BreadcrumbList","@id":"https:\/\/www.binauralmedia.org\/news\/arquivo\/15913#breadcrumblist","itemListElement":[{"@type":"ListItem","@id":"https:\/\/www.binauralmedia.org\/news#listItem","position":1,"name":"Home","item":"https:\/\/www.binauralmedia.org\/news","nextItem":{"@type":"ListItem","@id":"https:\/\/www.binauralmedia.org\/news\/arquivo\/category\/news#listItem","name":"Not\u00edcias"}},{"@type":"ListItem","@id":"https:\/\/www.binauralmedia.org\/news\/arquivo\/category\/news#listItem","position":2,"name":"Not\u00edcias","item":"https:\/\/www.binauralmedia.org\/news\/arquivo\/category\/news","nextItem":{"@type":"ListItem","@id":"https:\/\/www.binauralmedia.org\/news\/arquivo\/15913#listItem","name":"Exposi\u00e7\u00e3o &#8220;Tang\u00eancias&#8221; de alunos do Mestrado em Cria\u00e7\u00e3o Art\u00edstica Contempor\u00e2nea da Universidade de Aveiro"},"previousItem":{"@type":"ListItem","@id":"https:\/\/www.binauralmedia.org\/news#listItem","name":"Home"}},{"@type":"ListItem","@id":"https:\/\/www.binauralmedia.org\/news\/arquivo\/15913#listItem","position":3,"name":"Exposi\u00e7\u00e3o &#8220;Tang\u00eancias&#8221; de alunos do Mestrado em Cria\u00e7\u00e3o Art\u00edstica Contempor\u00e2nea da Universidade de Aveiro","previousItem":{"@type":"ListItem","@id":"https:\/\/www.binauralmedia.org\/news\/arquivo\/category\/news#listItem","name":"Not\u00edcias"}}]},{"@type":"Organization","@id":"https:\/\/www.binauralmedia.org\/news\/#organization","name":"binauralmedia.org","description":"Rural Based Sound\/Media Arts & Social Research","url":"https:\/\/www.binauralmedia.org\/news\/"},{"@type":"Person","@id":"https:\/\/www.binauralmedia.org\/news\/arquivo\/author\/luiscosta#author","url":"https:\/\/www.binauralmedia.org\/news\/arquivo\/author\/luiscosta","name":"luiscosta"},{"@type":"WebPage","@id":"https:\/\/www.binauralmedia.org\/news\/arquivo\/15913#webpage","url":"https:\/\/www.binauralmedia.org\/news\/arquivo\/15913","name":"Exposi\u00e7\u00e3o \u201cTang\u00eancias\u201d de alunos do Mestrado em Cria\u00e7\u00e3o Art\u00edstica Contempor\u00e2nea da Universidade de Aveiro - binauralmedia.org","description":"A Binaural Nodar tem o gosto de anunciar, enquanto parceiro do Mestrado em Cria\u00e7\u00e3o Art\u00edstica Contempor\u00e2nea da Universidade de Aveiro (MCAC\/UA), que decorrer\u00e1 a inaugura\u00e7\u00e3o e conv\u00edvio da exposi\u00e7\u00e3o de final de ano, por parte dos alunos de 1\u00ba ano do MCAC\/UA, intitulada \"Tang\u00eancias\". O evento ter\u00e1 lugar no dia 23 de Junho pelas 21:30,","inLanguage":"pt-PT","isPartOf":{"@id":"https:\/\/www.binauralmedia.org\/news\/#website"},"breadcrumb":{"@id":"https:\/\/www.binauralmedia.org\/news\/arquivo\/15913#breadcrumblist"},"author":{"@id":"https:\/\/www.binauralmedia.org\/news\/arquivo\/author\/luiscosta#author"},"creator":{"@id":"https:\/\/www.binauralmedia.org\/news\/arquivo\/author\/luiscosta#author"},"image":{"@type":"ImageObject","url":"https:\/\/www.binauralmedia.org\/news\/wp-content\/uploads\/tangencias.jpg","@id":"https:\/\/www.binauralmedia.org\/news\/arquivo\/15913\/#mainImage","width":1200,"height":800},"primaryImageOfPage":{"@id":"https:\/\/www.binauralmedia.org\/news\/arquivo\/15913#mainImage"},"datePublished":"2022-06-17T09:18:07+00:00","dateModified":"2022-08-09T09:31:27+00:00"},{"@type":"WebSite","@id":"https:\/\/www.binauralmedia.org\/news\/#website","url":"https:\/\/www.binauralmedia.org\/news\/","name":"binauralmedia.org","description":"Rural Based Sound\/Media Arts & Social Research","inLanguage":"pt-PT","publisher":{"@id":"https:\/\/www.binauralmedia.org\/news\/#organization"}}]},"og:locale":"pt_PT","og:site_name":"binauralmedia.org - Rural Based Sound\/Media Arts &amp; Social Research","og:type":"article","og:title":"Exposi\u00e7\u00e3o \u201cTang\u00eancias\u201d de alunos do Mestrado em Cria\u00e7\u00e3o Art\u00edstica Contempor\u00e2nea da Universidade de Aveiro - binauralmedia.org","og:description":"A Binaural Nodar tem o gosto de anunciar, enquanto parceiro do Mestrado em Cria\u00e7\u00e3o Art\u00edstica Contempor\u00e2nea da Universidade de Aveiro (MCAC\/UA), que decorrer\u00e1 a inaugura\u00e7\u00e3o e conv\u00edvio da exposi\u00e7\u00e3o de final de ano, por parte dos alunos de 1\u00ba ano do MCAC\/UA, intitulada &quot;Tang\u00eancias&quot;. O evento ter\u00e1 lugar no dia 23 de Junho pelas 21:30,","og:url":"https:\/\/www.binauralmedia.org\/news\/arquivo\/15913","article:published_time":"2022-06-17T09:18:07+00:00","article:modified_time":"2022-08-09T09:31:27+00:00","twitter:card":"summary_large_image","twitter:title":"Exposi\u00e7\u00e3o \u201cTang\u00eancias\u201d de alunos do Mestrado em Cria\u00e7\u00e3o Art\u00edstica Contempor\u00e2nea da Universidade de Aveiro - binauralmedia.org","twitter:description":"A Binaural Nodar tem o gosto de anunciar, enquanto parceiro do Mestrado em Cria\u00e7\u00e3o Art\u00edstica Contempor\u00e2nea da Universidade de Aveiro (MCAC\/UA), que decorrer\u00e1 a inaugura\u00e7\u00e3o e conv\u00edvio da exposi\u00e7\u00e3o de final de ano, por parte dos alunos de 1\u00ba ano do MCAC\/UA, intitulada &quot;Tang\u00eancias&quot;. O evento ter\u00e1 lugar no dia 23 de Junho pelas 21:30,"},"aioseo_meta_data":{"post_id":"15913","title":null,"description":null,"keywords":null,"keyphrases":null,"primary_term":null,"canonical_url":null,"og_title":null,"og_description":null,"og_object_type":"default","og_image_type":"default","og_image_custom_url":null,"og_image_custom_fields":null,"og_image_url":null,"og_image_width":null,"og_image_height":null,"og_video":null,"og_custom_url":null,"og_article_section":null,"og_article_tags":null,"twitter_use_og":false,"twitter_card":"default","twitter_image_type":"default","twitter_image_custom_url":null,"twitter_image_custom_fields":null,"twitter_image_url":null,"twitter_title":null,"twitter_description":null,"schema_type":"default","schema_type_options":null,"schema":{"blockGraphs":[],"customGraphs":[],"default":{"data":{"Article":[],"Course":[],"Dataset":[],"FAQPage":[],"Movie":[],"Person":[],"Product":[],"ProductReview":[],"Car":[],"Recipe":[],"Service":[],"SoftwareApplication":[],"WebPage":[]},"graphName":"","isEnabled":true},"graphs":[]},"pillar_content":false,"robots_default":true,"robots_noindex":false,"robots_noarchive":false,"robots_nosnippet":false,"robots_nofollow":false,"robots_noimageindex":false,"robots_noodp":false,"robots_notranslate":false,"robots_max_snippet":null,"robots_max_videopreview":null,"robots_max_imagepreview":"large","priority":null,"frequency":null,"local_seo":null,"limit_modified_date":false,"ai":null,"breadcrumb_settings":null,"seo_analyzer_scan_date":null,"created":"2026-08-05 04:51:27","updated":"2026-08-05 04:51:27","focus_keyword":null,"additional_keywords":null,"truseo_locale":null},"aioseo_breadcrumb":"<div class=\"aioseo-breadcrumbs\"><span class=\"aioseo-breadcrumb\">\n\t\t\t<a href=\"https:\/\/www.binauralmedia.org\/news\" title=\"Home\">Home<\/a>\n\t\t<\/span><span class=\"aioseo-breadcrumb-separator\">&raquo;<\/span><span class=\"aioseo-breadcrumb\">\n\t\t\t<a href=\"https:\/\/www.binauralmedia.org\/news\/arquivo\/category\/news\" title=\"Not\u00edcias\">Not\u00edcias<\/a>\n\t\t<\/span><span class=\"aioseo-breadcrumb-separator\">&raquo;<\/span><span class=\"aioseo-breadcrumb\">\n\t\t\tExposi\u00e7\u00e3o \u201cTang\u00eancias\u201d de alunos do Mestrado em Cria\u00e7\u00e3o Art\u00edstica Contempor\u00e2nea da Universidade de Aveiro\n\t\t<\/span><\/div>","aioseo_breadcrumb_json":[{"label":"Home","link":"https:\/\/www.binauralmedia.org\/news"},{"label":"Not\u00edcias","link":"https:\/\/www.binauralmedia.org\/news\/arquivo\/category\/news"},{"label":"Exposi\u00e7\u00e3o &#8220;Tang\u00eancias&#8221; de alunos do Mestrado em Cria\u00e7\u00e3o Art\u00edstica Contempor\u00e2nea da Universidade de Aveiro","link":"https:\/\/www.binauralmedia.org\/news\/arquivo\/15913"}],"_links":{"self":[{"href":"https:\/\/www.binauralmedia.org\/news\/wp-json\/wp\/v2\/posts\/15913","targetHints":{"allow":["GET"]}}],"collection":[{"href":"https:\/\/www.binauralmedia.org\/news\/wp-json\/wp\/v2\/posts"}],"about":[{"href":"https:\/\/www.binauralmedia.org\/news\/wp-json\/wp\/v2\/types\/post"}],"author":[{"embeddable":true,"href":"https:\/\/www.binauralmedia.org\/news\/wp-json\/wp\/v2\/users\/2"}],"replies":[{"embeddable":true,"href":"https:\/\/www.binauralmedia.org\/news\/wp-json\/wp\/v2\/comments?post=15913"}],"version-history":[{"count":1,"href":"https:\/\/www.binauralmedia.org\/news\/wp-json\/wp\/v2\/posts\/15913\/revisions"}],"predecessor-version":[{"id":15916,"href":"https:\/\/www.binauralmedia.org\/news\/wp-json\/wp\/v2\/posts\/15913\/revisions\/15916"}],"wp:featuredmedia":[{"embeddable":true,"href":"https:\/\/www.binauralmedia.org\/news\/wp-json\/wp\/v2\/media\/15914"}],"wp:attachment":[{"href":"https:\/\/www.binauralmedia.org\/news\/wp-json\/wp\/v2\/media?parent=15913"}],"wp:term":[{"taxonomy":"category","embeddable":true,"href":"https:\/\/www.binauralmedia.org\/news\/wp-json\/wp\/v2\/categories?post=15913"},{"taxonomy":"post_tag","embeddable":true,"href":"https:\/\/www.binauralmedia.org\/news\/wp-json\/wp\/v2\/tags?post=15913"}],"curies":[{"name":"wp","href":"https:\/\/api.w.org\/{rel}","templated":true}]}}