{"id":15846,"date":"2022-06-01T13:32:44","date_gmt":"2022-06-01T13:32:44","guid":{"rendered":"https:\/\/www.binauralmedia.org\/news?p=15846"},"modified":"2022-06-01T13:50:23","modified_gmt":"2022-06-01T13:50:23","slug":"espetaculo-raizadas-em-terras-de-lafoes","status":"publish","type":"post","link":"https:\/\/www.binauralmedia.org\/news\/arquivo\/15846","title":{"rendered":"Espet\u00e1culo Raizadas em terras de Laf\u00f5es"},"content":{"rendered":"<div class=\"fusion-fullwidth fullwidth-box fusion-builder-row-1 fusion-flex-container nonhundred-percent-fullwidth non-hundred-percent-height-scrolling\" style=\"--awb-border-radius-top-left:0px;--awb-border-radius-top-right:0px;--awb-border-radius-bottom-right:0px;--awb-border-radius-bottom-left:0px;--awb-flex-wrap:wrap;\" ><div class=\"fusion-builder-row fusion-row fusion-flex-align-items-flex-start fusion-flex-content-wrap\" style=\"max-width:1144px;margin-left: calc(-4% \/ 2 );margin-right: calc(-4% \/ 2 );\"><div class=\"fusion-layout-column fusion_builder_column fusion-builder-column-0 fusion_builder_column_1_1 1_1 fusion-flex-column\" style=\"--awb-bg-size:cover;--awb-width-large:100%;--awb-margin-top-large:0px;--awb-spacing-right-large:1.92%;--awb-margin-bottom-large:0px;--awb-spacing-left-large:1.92%;--awb-width-medium:100%;--awb-spacing-right-medium:1.92%;--awb-spacing-left-medium:1.92%;--awb-width-small:100%;--awb-spacing-right-small:1.92%;--awb-spacing-left-small:1.92%;\"><div class=\"fusion-column-wrapper fusion-flex-justify-content-flex-start fusion-content-layout-column\"><div class=\"fusion-text fusion-text-1\"><p>RAIZADAS | 3, 4 e 5 junho 2022<\/p>\n<p>Um espet\u00e1culo musical e teatral, com dire\u00e7\u00e3o art\u00edstica da Binaural Nodar, simultaneamente contempor\u00e2neo e tradicional, de homenagem ao ritmos do tempo c\u00edclico no mundo rural de Laf\u00f5es. Das noites frias de inverno, passando pelas primaveris serranias em flor, chegando aos dias quentes de in\u00edcio de ver\u00e3o, tempos de festas populares e de celebra\u00e7\u00e3o da alegria e da fartura. Um espet\u00e1culo integrado no projeto Laf\u00f5es &#8211; Terras de Cultura, uma iniciativa de programa\u00e7\u00e3o cultural em rede nos tr\u00eas concelhos de Laf\u00f5es<\/p>\n<p>Ideia original e texto: Lu\u00eds Costa<br \/>\nSaxofone e eletr\u00f3nica: Ant\u00f3nio Manuel Ramos<br \/>\nInterpreta\u00e7\u00e3o: Pedro Figueiredo<\/p>\n<p>OLIVEIRA DE FRADES<br \/>\nSexta-feira, 3 de junho \u00e0s 21h30<br \/>\nParque Urbano de Oliveira de Frades &#8211; Escadaria da Igreja N\u00aa Sr\u00aa da Concei\u00e7\u00e3o<br \/>\nCom a participa\u00e7\u00e3o de 5 grupos de cantares e tocatas tradicionais do concelho de Oliveira de Frades<\/p>\n<p>S\u00c3O PEDRO DO SUL<br \/>\nS\u00e1bado, 4 de junho \u00e0s 17h00<br \/>\nParque Urbano das Nogueiras<br \/>\nCom a participa\u00e7\u00e3o de 6 grupos de cantares e tocatas tradicionais do concelho de S\u00e3o Pedro do Sul<\/p>\n<p>VOUZELA<br \/>\nDomingo, 5 de junho \u00e0s 18h00<br \/>\nAvenida D. Duarte de Almeida<br \/>\nCom a participa\u00e7\u00e3o de 6 grupos de cantares e tocatas tradicionais do concelho de Vouzela<\/p>\n<\/div><\/div><\/div><\/div><\/div>\n","protected":false},"excerpt":{"rendered":"","protected":false},"author":2,"featured_media":15848,"comment_status":"closed","ping_status":"closed","sticky":false,"template":"","format":"standard","meta":{"_acf_changed":false,"_bbp_topic_count":0,"_bbp_reply_count":0,"_bbp_total_topic_count":0,"_bbp_total_reply_count":0,"_bbp_voice_count":0,"_bbp_anonymous_reply_count":0,"_bbp_topic_count_hidden":0,"_bbp_reply_count_hidden":0,"_bbp_forum_subforum_count":0,"footnotes":""},"categories":[1],"tags":[],"class_list":["post-15846","post","type-post","status-publish","format-standard","has-post-thumbnail","hentry","category-news"],"acf":[],"aioseo_notices":[],"aioseo_head":"\n\t\t<!-- All in One SEO 5.0.1.1 - aioseo.com -->\n\t<meta name=\"description\" content=\"RAIZADAS | 3, 4 e 5 junho 2022 Um espet\u00e1culo musical e teatral, com dire\u00e7\u00e3o art\u00edstica da Binaural Nodar, simultaneamente contempor\u00e2neo e tradicional, de homenagem ao ritmos do tempo c\u00edclico no mundo rural de Laf\u00f5es. Das noites frias de inverno, passando pelas primaveris serranias em flor, chegando aos dias quentes de in\u00edcio de ver\u00e3o, tempos\" \/>\n\t<meta name=\"robots\" content=\"max-image-preview:large\" \/>\n\t<meta name=\"author\" content=\"luiscosta\"\/>\n\t<link rel=\"canonical\" href=\"https:\/\/www.binauralmedia.org\/news\/arquivo\/15846\" \/>\n\t<meta name=\"generator\" content=\"All in One SEO (AIOSEO) 5.0.1.1\" \/>\n\t\t<meta property=\"og:locale\" content=\"pt_PT\" \/>\n\t\t<meta property=\"og:site_name\" content=\"binauralmedia.org - Rural Based Sound\/Media Arts &amp; Social Research\" \/>\n\t\t<meta property=\"og:type\" content=\"article\" \/>\n\t\t<meta property=\"og:title\" content=\"Espet\u00e1culo Raizadas em terras de Laf\u00f5es - binauralmedia.org\" \/>\n\t\t<meta property=\"og:description\" content=\"RAIZADAS | 3, 4 e 5 junho 2022 Um espet\u00e1culo musical e teatral, com dire\u00e7\u00e3o art\u00edstica da Binaural Nodar, simultaneamente contempor\u00e2neo e tradicional, de homenagem ao ritmos do tempo c\u00edclico no mundo rural de Laf\u00f5es. Das noites frias de inverno, passando pelas primaveris serranias em flor, chegando aos dias quentes de in\u00edcio de ver\u00e3o, tempos\" \/>\n\t\t<meta property=\"og:url\" content=\"https:\/\/www.binauralmedia.org\/news\/arquivo\/15846\" \/>\n\t\t<meta property=\"article:published_time\" content=\"2022-06-01T13:32:44+00:00\" \/>\n\t\t<meta property=\"article:modified_time\" content=\"2022-06-01T13:50:23+00:00\" \/>\n\t\t<meta name=\"twitter:card\" content=\"summary_large_image\" \/>\n\t\t<meta name=\"twitter:title\" content=\"Espet\u00e1culo Raizadas em terras de Laf\u00f5es - binauralmedia.org\" \/>\n\t\t<meta name=\"twitter:description\" content=\"RAIZADAS | 3, 4 e 5 junho 2022 Um espet\u00e1culo musical e teatral, com dire\u00e7\u00e3o art\u00edstica da Binaural Nodar, simultaneamente contempor\u00e2neo e tradicional, de homenagem ao ritmos do tempo c\u00edclico no mundo rural de Laf\u00f5es. Das noites frias de inverno, passando pelas primaveris serranias em flor, chegando aos dias quentes de in\u00edcio de ver\u00e3o, tempos\" \/>\n\t\t<script type=\"application\/ld+json\" class=\"aioseo-schema\">\n\t\t\t{\"@context\":\"https:\\\/\\\/schema.org\",\"@graph\":[{\"@type\":\"BlogPosting\",\"@id\":\"https:\\\/\\\/www.binauralmedia.org\\\/news\\\/arquivo\\\/15846#blogposting\",\"name\":\"Espet\\u00e1culo Raizadas em terras de Laf\\u00f5es - binauralmedia.org\",\"headline\":\"Espet\\u00e1culo Raizadas em terras de Laf\\u00f5es\",\"author\":{\"@id\":\"https:\\\/\\\/www.binauralmedia.org\\\/news\\\/arquivo\\\/author\\\/luiscosta#author\"},\"publisher\":{\"@id\":\"https:\\\/\\\/www.binauralmedia.org\\\/news\\\/#organization\"},\"image\":{\"@type\":\"ImageObject\",\"url\":\"https:\\\/\\\/www.binauralmedia.org\\\/news\\\/wp-content\\\/uploads\\\/raizadas.jpg\",\"width\":1200,\"height\":800},\"datePublished\":\"2022-06-01T13:32:44+00:00\",\"dateModified\":\"2022-06-01T13:50:23+00:00\",\"inLanguage\":\"pt-PT\",\"mainEntityOfPage\":{\"@id\":\"https:\\\/\\\/www.binauralmedia.org\\\/news\\\/arquivo\\\/15846#webpage\"},\"isPartOf\":{\"@id\":\"https:\\\/\\\/www.binauralmedia.org\\\/news\\\/arquivo\\\/15846#webpage\"},\"articleSection\":\"Not\\u00edcias, Opcional\"},{\"@type\":\"BreadcrumbList\",\"@id\":\"https:\\\/\\\/www.binauralmedia.org\\\/news\\\/arquivo\\\/15846#breadcrumblist\",\"itemListElement\":[{\"@type\":\"ListItem\",\"@id\":\"https:\\\/\\\/www.binauralmedia.org\\\/news#listItem\",\"position\":1,\"name\":\"Home\",\"item\":\"https:\\\/\\\/www.binauralmedia.org\\\/news\",\"nextItem\":{\"@type\":\"ListItem\",\"@id\":\"https:\\\/\\\/www.binauralmedia.org\\\/news\\\/arquivo\\\/category\\\/news#listItem\",\"name\":\"Not\\u00edcias\"}},{\"@type\":\"ListItem\",\"@id\":\"https:\\\/\\\/www.binauralmedia.org\\\/news\\\/arquivo\\\/category\\\/news#listItem\",\"position\":2,\"name\":\"Not\\u00edcias\",\"item\":\"https:\\\/\\\/www.binauralmedia.org\\\/news\\\/arquivo\\\/category\\\/news\",\"nextItem\":{\"@type\":\"ListItem\",\"@id\":\"https:\\\/\\\/www.binauralmedia.org\\\/news\\\/arquivo\\\/15846#listItem\",\"name\":\"Espet\\u00e1culo Raizadas em terras de Laf\\u00f5es\"},\"previousItem\":{\"@type\":\"ListItem\",\"@id\":\"https:\\\/\\\/www.binauralmedia.org\\\/news#listItem\",\"name\":\"Home\"}},{\"@type\":\"ListItem\",\"@id\":\"https:\\\/\\\/www.binauralmedia.org\\\/news\\\/arquivo\\\/15846#listItem\",\"position\":3,\"name\":\"Espet\\u00e1culo Raizadas em terras de Laf\\u00f5es\",\"previousItem\":{\"@type\":\"ListItem\",\"@id\":\"https:\\\/\\\/www.binauralmedia.org\\\/news\\\/arquivo\\\/category\\\/news#listItem\",\"name\":\"Not\\u00edcias\"}}]},{\"@type\":\"Organization\",\"@id\":\"https:\\\/\\\/www.binauralmedia.org\\\/news\\\/#organization\",\"name\":\"binauralmedia.org\",\"description\":\"Rural Based Sound\\\/Media Arts & Social Research\",\"url\":\"https:\\\/\\\/www.binauralmedia.org\\\/news\\\/\"},{\"@type\":\"Person\",\"@id\":\"https:\\\/\\\/www.binauralmedia.org\\\/news\\\/arquivo\\\/author\\\/luiscosta#author\",\"url\":\"https:\\\/\\\/www.binauralmedia.org\\\/news\\\/arquivo\\\/author\\\/luiscosta\",\"name\":\"luiscosta\"},{\"@type\":\"WebPage\",\"@id\":\"https:\\\/\\\/www.binauralmedia.org\\\/news\\\/arquivo\\\/15846#webpage\",\"url\":\"https:\\\/\\\/www.binauralmedia.org\\\/news\\\/arquivo\\\/15846\",\"name\":\"Espet\\u00e1culo Raizadas em terras de Laf\\u00f5es - binauralmedia.org\",\"description\":\"RAIZADAS | 3, 4 e 5 junho 2022 Um espet\\u00e1culo musical e teatral, com dire\\u00e7\\u00e3o art\\u00edstica da Binaural Nodar, simultaneamente contempor\\u00e2neo e tradicional, de homenagem ao ritmos do tempo c\\u00edclico no mundo rural de Laf\\u00f5es. Das noites frias de inverno, passando pelas primaveris serranias em flor, chegando aos dias quentes de in\\u00edcio de ver\\u00e3o, tempos\",\"inLanguage\":\"pt-PT\",\"isPartOf\":{\"@id\":\"https:\\\/\\\/www.binauralmedia.org\\\/news\\\/#website\"},\"breadcrumb\":{\"@id\":\"https:\\\/\\\/www.binauralmedia.org\\\/news\\\/arquivo\\\/15846#breadcrumblist\"},\"author\":{\"@id\":\"https:\\\/\\\/www.binauralmedia.org\\\/news\\\/arquivo\\\/author\\\/luiscosta#author\"},\"creator\":{\"@id\":\"https:\\\/\\\/www.binauralmedia.org\\\/news\\\/arquivo\\\/author\\\/luiscosta#author\"},\"image\":{\"@type\":\"ImageObject\",\"url\":\"https:\\\/\\\/www.binauralmedia.org\\\/news\\\/wp-content\\\/uploads\\\/raizadas.jpg\",\"@id\":\"https:\\\/\\\/www.binauralmedia.org\\\/news\\\/arquivo\\\/15846\\\/#mainImage\",\"width\":1200,\"height\":800},\"primaryImageOfPage\":{\"@id\":\"https:\\\/\\\/www.binauralmedia.org\\\/news\\\/arquivo\\\/15846#mainImage\"},\"datePublished\":\"2022-06-01T13:32:44+00:00\",\"dateModified\":\"2022-06-01T13:50:23+00:00\"},{\"@type\":\"WebSite\",\"@id\":\"https:\\\/\\\/www.binauralmedia.org\\\/news\\\/#website\",\"url\":\"https:\\\/\\\/www.binauralmedia.org\\\/news\\\/\",\"name\":\"binauralmedia.org\",\"description\":\"Rural Based Sound\\\/Media Arts & Social Research\",\"inLanguage\":\"pt-PT\",\"publisher\":{\"@id\":\"https:\\\/\\\/www.binauralmedia.org\\\/news\\\/#organization\"}}]}\n\t\t<\/script>\n\t\t<!-- All in One SEO -->\n\n","aioseo_head_json":{"title":"Espet\u00e1culo Raizadas em terras de Laf\u00f5es - binauralmedia.org","description":"RAIZADAS | 3, 4 e 5 junho 2022 Um espet\u00e1culo musical e teatral, com dire\u00e7\u00e3o art\u00edstica da Binaural Nodar, simultaneamente contempor\u00e2neo e tradicional, de homenagem ao ritmos do tempo c\u00edclico no mundo rural de Laf\u00f5es. Das noites frias de inverno, passando pelas primaveris serranias em flor, chegando aos dias quentes de in\u00edcio de ver\u00e3o, tempos","canonical_url":"https:\/\/www.binauralmedia.org\/news\/arquivo\/15846","robots":"max-image-preview:large","keywords":"","webmasterTools":{"miscellaneous":""},"schema":{"@context":"https:\/\/schema.org","@graph":[{"@type":"BlogPosting","@id":"https:\/\/www.binauralmedia.org\/news\/arquivo\/15846#blogposting","name":"Espet\u00e1culo Raizadas em terras de Laf\u00f5es - binauralmedia.org","headline":"Espet\u00e1culo Raizadas em terras de Laf\u00f5es","author":{"@id":"https:\/\/www.binauralmedia.org\/news\/arquivo\/author\/luiscosta#author"},"publisher":{"@id":"https:\/\/www.binauralmedia.org\/news\/#organization"},"image":{"@type":"ImageObject","url":"https:\/\/www.binauralmedia.org\/news\/wp-content\/uploads\/raizadas.jpg","width":1200,"height":800},"datePublished":"2022-06-01T13:32:44+00:00","dateModified":"2022-06-01T13:50:23+00:00","inLanguage":"pt-PT","mainEntityOfPage":{"@id":"https:\/\/www.binauralmedia.org\/news\/arquivo\/15846#webpage"},"isPartOf":{"@id":"https:\/\/www.binauralmedia.org\/news\/arquivo\/15846#webpage"},"articleSection":"Not\u00edcias, Opcional"},{"@type":"BreadcrumbList","@id":"https:\/\/www.binauralmedia.org\/news\/arquivo\/15846#breadcrumblist","itemListElement":[{"@type":"ListItem","@id":"https:\/\/www.binauralmedia.org\/news#listItem","position":1,"name":"Home","item":"https:\/\/www.binauralmedia.org\/news","nextItem":{"@type":"ListItem","@id":"https:\/\/www.binauralmedia.org\/news\/arquivo\/category\/news#listItem","name":"Not\u00edcias"}},{"@type":"ListItem","@id":"https:\/\/www.binauralmedia.org\/news\/arquivo\/category\/news#listItem","position":2,"name":"Not\u00edcias","item":"https:\/\/www.binauralmedia.org\/news\/arquivo\/category\/news","nextItem":{"@type":"ListItem","@id":"https:\/\/www.binauralmedia.org\/news\/arquivo\/15846#listItem","name":"Espet\u00e1culo Raizadas em terras de Laf\u00f5es"},"previousItem":{"@type":"ListItem","@id":"https:\/\/www.binauralmedia.org\/news#listItem","name":"Home"}},{"@type":"ListItem","@id":"https:\/\/www.binauralmedia.org\/news\/arquivo\/15846#listItem","position":3,"name":"Espet\u00e1culo Raizadas em terras de Laf\u00f5es","previousItem":{"@type":"ListItem","@id":"https:\/\/www.binauralmedia.org\/news\/arquivo\/category\/news#listItem","name":"Not\u00edcias"}}]},{"@type":"Organization","@id":"https:\/\/www.binauralmedia.org\/news\/#organization","name":"binauralmedia.org","description":"Rural Based Sound\/Media Arts & Social Research","url":"https:\/\/www.binauralmedia.org\/news\/"},{"@type":"Person","@id":"https:\/\/www.binauralmedia.org\/news\/arquivo\/author\/luiscosta#author","url":"https:\/\/www.binauralmedia.org\/news\/arquivo\/author\/luiscosta","name":"luiscosta"},{"@type":"WebPage","@id":"https:\/\/www.binauralmedia.org\/news\/arquivo\/15846#webpage","url":"https:\/\/www.binauralmedia.org\/news\/arquivo\/15846","name":"Espet\u00e1culo Raizadas em terras de Laf\u00f5es - binauralmedia.org","description":"RAIZADAS | 3, 4 e 5 junho 2022 Um espet\u00e1culo musical e teatral, com dire\u00e7\u00e3o art\u00edstica da Binaural Nodar, simultaneamente contempor\u00e2neo e tradicional, de homenagem ao ritmos do tempo c\u00edclico no mundo rural de Laf\u00f5es. Das noites frias de inverno, passando pelas primaveris serranias em flor, chegando aos dias quentes de in\u00edcio de ver\u00e3o, tempos","inLanguage":"pt-PT","isPartOf":{"@id":"https:\/\/www.binauralmedia.org\/news\/#website"},"breadcrumb":{"@id":"https:\/\/www.binauralmedia.org\/news\/arquivo\/15846#breadcrumblist"},"author":{"@id":"https:\/\/www.binauralmedia.org\/news\/arquivo\/author\/luiscosta#author"},"creator":{"@id":"https:\/\/www.binauralmedia.org\/news\/arquivo\/author\/luiscosta#author"},"image":{"@type":"ImageObject","url":"https:\/\/www.binauralmedia.org\/news\/wp-content\/uploads\/raizadas.jpg","@id":"https:\/\/www.binauralmedia.org\/news\/arquivo\/15846\/#mainImage","width":1200,"height":800},"primaryImageOfPage":{"@id":"https:\/\/www.binauralmedia.org\/news\/arquivo\/15846#mainImage"},"datePublished":"2022-06-01T13:32:44+00:00","dateModified":"2022-06-01T13:50:23+00:00"},{"@type":"WebSite","@id":"https:\/\/www.binauralmedia.org\/news\/#website","url":"https:\/\/www.binauralmedia.org\/news\/","name":"binauralmedia.org","description":"Rural Based Sound\/Media Arts & Social Research","inLanguage":"pt-PT","publisher":{"@id":"https:\/\/www.binauralmedia.org\/news\/#organization"}}]},"og:locale":"pt_PT","og:site_name":"binauralmedia.org - Rural Based Sound\/Media Arts &amp; Social Research","og:type":"article","og:title":"Espet\u00e1culo Raizadas em terras de Laf\u00f5es - binauralmedia.org","og:description":"RAIZADAS | 3, 4 e 5 junho 2022 Um espet\u00e1culo musical e teatral, com dire\u00e7\u00e3o art\u00edstica da Binaural Nodar, simultaneamente contempor\u00e2neo e tradicional, de homenagem ao ritmos do tempo c\u00edclico no mundo rural de Laf\u00f5es. Das noites frias de inverno, passando pelas primaveris serranias em flor, chegando aos dias quentes de in\u00edcio de ver\u00e3o, tempos","og:url":"https:\/\/www.binauralmedia.org\/news\/arquivo\/15846","article:published_time":"2022-06-01T13:32:44+00:00","article:modified_time":"2022-06-01T13:50:23+00:00","twitter:card":"summary_large_image","twitter:title":"Espet\u00e1culo Raizadas em terras de Laf\u00f5es - binauralmedia.org","twitter:description":"RAIZADAS | 3, 4 e 5 junho 2022 Um espet\u00e1culo musical e teatral, com dire\u00e7\u00e3o art\u00edstica da Binaural Nodar, simultaneamente contempor\u00e2neo e tradicional, de homenagem ao ritmos do tempo c\u00edclico no mundo rural de Laf\u00f5es. Das noites frias de inverno, passando pelas primaveris serranias em flor, chegando aos dias quentes de in\u00edcio de ver\u00e3o, tempos"},"aioseo_meta_data":{"post_id":"15846","title":null,"description":null,"keywords":null,"keyphrases":null,"primary_term":null,"canonical_url":null,"og_title":null,"og_description":null,"og_object_type":"default","og_image_type":"default","og_image_custom_url":null,"og_image_custom_fields":null,"og_image_url":null,"og_image_width":null,"og_image_height":null,"og_video":null,"og_custom_url":null,"og_article_section":null,"og_article_tags":null,"twitter_use_og":false,"twitter_card":"default","twitter_image_type":"default","twitter_image_custom_url":null,"twitter_image_custom_fields":null,"twitter_image_url":null,"twitter_title":null,"twitter_description":null,"schema_type":"default","schema_type_options":null,"schema":{"blockGraphs":[],"customGraphs":[],"default":{"data":{"Article":[],"Course":[],"Dataset":[],"FAQPage":[],"Movie":[],"Person":[],"Product":[],"ProductReview":[],"Car":[],"Recipe":[],"Service":[],"SoftwareApplication":[],"WebPage":[]},"graphName":"","isEnabled":true},"graphs":[]},"pillar_content":false,"robots_default":true,"robots_noindex":false,"robots_noarchive":false,"robots_nosnippet":false,"robots_nofollow":false,"robots_noimageindex":false,"robots_noodp":false,"robots_notranslate":false,"robots_max_snippet":null,"robots_max_videopreview":null,"robots_max_imagepreview":"large","priority":null,"frequency":null,"local_seo":null,"limit_modified_date":false,"ai":null,"breadcrumb_settings":null,"seo_analyzer_scan_date":null,"created":"2026-08-05 04:46:47","updated":"2026-08-05 04:46:47","focus_keyword":null,"additional_keywords":null,"truseo_locale":null},"aioseo_breadcrumb":"<div class=\"aioseo-breadcrumbs\"><span class=\"aioseo-breadcrumb\">\n\t\t\t<a href=\"https:\/\/www.binauralmedia.org\/news\" title=\"Home\">Home<\/a>\n\t\t<\/span><span class=\"aioseo-breadcrumb-separator\">&raquo;<\/span><span class=\"aioseo-breadcrumb\">\n\t\t\t<a href=\"https:\/\/www.binauralmedia.org\/news\/arquivo\/category\/news\" title=\"Not\u00edcias\">Not\u00edcias<\/a>\n\t\t<\/span><span class=\"aioseo-breadcrumb-separator\">&raquo;<\/span><span class=\"aioseo-breadcrumb\">\n\t\t\tEspet\u00e1culo Raizadas em terras de Laf\u00f5es\n\t\t<\/span><\/div>","aioseo_breadcrumb_json":[{"label":"Home","link":"https:\/\/www.binauralmedia.org\/news"},{"label":"Not\u00edcias","link":"https:\/\/www.binauralmedia.org\/news\/arquivo\/category\/news"},{"label":"Espet\u00e1culo Raizadas em terras de Laf\u00f5es","link":"https:\/\/www.binauralmedia.org\/news\/arquivo\/15846"}],"_links":{"self":[{"href":"https:\/\/www.binauralmedia.org\/news\/wp-json\/wp\/v2\/posts\/15846","targetHints":{"allow":["GET"]}}],"collection":[{"href":"https:\/\/www.binauralmedia.org\/news\/wp-json\/wp\/v2\/posts"}],"about":[{"href":"https:\/\/www.binauralmedia.org\/news\/wp-json\/wp\/v2\/types\/post"}],"author":[{"embeddable":true,"href":"https:\/\/www.binauralmedia.org\/news\/wp-json\/wp\/v2\/users\/2"}],"replies":[{"embeddable":true,"href":"https:\/\/www.binauralmedia.org\/news\/wp-json\/wp\/v2\/comments?post=15846"}],"version-history":[{"count":4,"href":"https:\/\/www.binauralmedia.org\/news\/wp-json\/wp\/v2\/posts\/15846\/revisions"}],"predecessor-version":[{"id":15855,"href":"https:\/\/www.binauralmedia.org\/news\/wp-json\/wp\/v2\/posts\/15846\/revisions\/15855"}],"wp:featuredmedia":[{"embeddable":true,"href":"https:\/\/www.binauralmedia.org\/news\/wp-json\/wp\/v2\/media\/15848"}],"wp:attachment":[{"href":"https:\/\/www.binauralmedia.org\/news\/wp-json\/wp\/v2\/media?parent=15846"}],"wp:term":[{"taxonomy":"category","embeddable":true,"href":"https:\/\/www.binauralmedia.org\/news\/wp-json\/wp\/v2\/categories?post=15846"},{"taxonomy":"post_tag","embeddable":true,"href":"https:\/\/www.binauralmedia.org\/news\/wp-json\/wp\/v2\/tags?post=15846"}],"curies":[{"name":"wp","href":"https:\/\/api.w.org\/{rel}","templated":true}]}}