{"id":15815,"date":"2022-05-05T15:31:36","date_gmt":"2022-05-05T15:31:36","guid":{"rendered":"https:\/\/www.binauralmedia.org\/news?p=15815"},"modified":"2022-05-24T15:39:00","modified_gmt":"2022-05-24T15:39:00","slug":"memorias-termais-em-acao","status":"publish","type":"post","link":"https:\/\/www.binauralmedia.org\/news\/arquivo\/15815","title":{"rendered":"Mem\u00f3rias termais em a\u00e7\u00e3o"},"content":{"rendered":"<div class=\"fusion-fullwidth fullwidth-box fusion-builder-row-1 fusion-flex-container nonhundred-percent-fullwidth non-hundred-percent-height-scrolling\" style=\"--awb-border-radius-top-left:0px;--awb-border-radius-top-right:0px;--awb-border-radius-bottom-right:0px;--awb-border-radius-bottom-left:0px;--awb-flex-wrap:wrap;\" ><div class=\"fusion-builder-row fusion-row fusion-flex-align-items-flex-start fusion-flex-content-wrap\" style=\"max-width:1144px;margin-left: calc(-4% \/ 2 );margin-right: calc(-4% \/ 2 );\"><div class=\"fusion-layout-column fusion_builder_column fusion-builder-column-0 fusion_builder_column_1_1 1_1 fusion-flex-column\" style=\"--awb-bg-size:cover;--awb-width-large:100%;--awb-margin-top-large:0px;--awb-spacing-right-large:1.92%;--awb-margin-bottom-large:0px;--awb-spacing-left-large:1.92%;--awb-width-medium:100%;--awb-spacing-right-medium:1.92%;--awb-spacing-left-medium:1.92%;--awb-width-small:100%;--awb-spacing-right-small:1.92%;--awb-spacing-left-small:1.92%;\"><div class=\"fusion-column-wrapper fusion-flex-justify-content-flex-start fusion-content-layout-column\"><div class=\"fusion-text fusion-text-1\"><p>Vai-se aproximando da sua conclus\u00e3o um longo projeto de recolhas audiovisuais dos vinte territ\u00f3rios termais das Termas Centro. Dentro de dois meses estar\u00e3o dispon\u00edveis 400 registos audiovisuais catalogados e arquivados no Arquivo Digital Aldeias do Conhecimento que a Binaural Nodar desenvolve desde 2020.<\/p>\n<p>Um bem haja pelo apoio da equipa das Termas Centro e pelo \u00f3timo acolhimento das equipas municipais, dos gestores e funcion\u00e1rios termais, dos hoteleiros, da popula\u00e7\u00e3o e dos termalistas, em tantos lugares maravilhosos da Regi\u00e3o Centro que merecem a visita, estadia e relax terap\u00eautico.<\/p>\n<p>Equipa t\u00e9cnica:<br \/>\nConceito e concep\u00e7\u00e3o do arquivo digital: Lu\u00eds Costa<br \/>\nApoio metodol\u00f3gico e de concep\u00e7\u00e3o de prot\u00f3tipo: Ana Rodr\u00edguez<br \/>\nEquipa de trabalho de campo, edi\u00e7\u00e3o, cataloga\u00e7\u00e3o, arquivo e textos: Nely Ferreira, Andreia Mota, Josefina Fuentes e Lu\u00eds Correia<\/p>\n<p>Arquivo Digital Aldeias do Conhecimento: <a href=\"https:\/\/termascentro-aldeiasdoconhecimento.org\/\" rel=\"noopener\" target=\"_blank\">https:\/\/termascentro-aldeiasdoconhecimento.org\/<\/a><\/p>\n<\/div><\/div><\/div><\/div><\/div>\n","protected":false},"excerpt":{"rendered":"","protected":false},"author":2,"featured_media":15816,"comment_status":"closed","ping_status":"closed","sticky":false,"template":"","format":"standard","meta":{"_acf_changed":false,"_bbp_topic_count":0,"_bbp_reply_count":0,"_bbp_total_topic_count":0,"_bbp_total_reply_count":0,"_bbp_voice_count":0,"_bbp_anonymous_reply_count":0,"_bbp_topic_count_hidden":0,"_bbp_reply_count_hidden":0,"_bbp_forum_subforum_count":0,"footnotes":""},"categories":[1158,1],"tags":[],"class_list":["post-15815","post","type-post","status-publish","format-standard","has-post-thumbnail","hentry","category-visual-sound-ethnograhpy","category-news"],"acf":[],"aioseo_notices":[],"aioseo_head":"\n\t\t<!-- All in One SEO 5.0.1.1 - aioseo.com -->\n\t<meta name=\"description\" content=\"Vai-se aproximando da sua conclus\u00e3o um longo projeto de recolhas audiovisuais dos vinte territ\u00f3rios termais das Termas Centro. Dentro de dois meses estar\u00e3o dispon\u00edveis 400 registos audiovisuais catalogados e arquivados no Arquivo Digital Aldeias do Conhecimento que a Binaural Nodar desenvolve desde 2020. Um bem haja pelo apoio da equipa das Termas Centro e pelo\" \/>\n\t<meta name=\"robots\" content=\"max-image-preview:large\" \/>\n\t<meta name=\"author\" content=\"luiscosta\"\/>\n\t<link rel=\"canonical\" href=\"https:\/\/www.binauralmedia.org\/news\/arquivo\/15815\" \/>\n\t<meta name=\"generator\" content=\"All in One SEO (AIOSEO) 5.0.1.1\" \/>\n\t\t<meta property=\"og:locale\" content=\"pt_PT\" \/>\n\t\t<meta property=\"og:site_name\" content=\"binauralmedia.org - Rural Based Sound\/Media Arts &amp; Social Research\" \/>\n\t\t<meta property=\"og:type\" content=\"article\" \/>\n\t\t<meta property=\"og:title\" content=\"Mem\u00f3rias termais em a\u00e7\u00e3o - binauralmedia.org\" \/>\n\t\t<meta property=\"og:description\" content=\"Vai-se aproximando da sua conclus\u00e3o um longo projeto de recolhas audiovisuais dos vinte territ\u00f3rios termais das Termas Centro. Dentro de dois meses estar\u00e3o dispon\u00edveis 400 registos audiovisuais catalogados e arquivados no Arquivo Digital Aldeias do Conhecimento que a Binaural Nodar desenvolve desde 2020. Um bem haja pelo apoio da equipa das Termas Centro e pelo\" \/>\n\t\t<meta property=\"og:url\" content=\"https:\/\/www.binauralmedia.org\/news\/arquivo\/15815\" \/>\n\t\t<meta property=\"article:published_time\" content=\"2022-05-05T15:31:36+00:00\" \/>\n\t\t<meta property=\"article:modified_time\" content=\"2022-05-24T15:39:00+00:00\" \/>\n\t\t<meta name=\"twitter:card\" content=\"summary_large_image\" \/>\n\t\t<meta name=\"twitter:title\" content=\"Mem\u00f3rias termais em a\u00e7\u00e3o - binauralmedia.org\" \/>\n\t\t<meta name=\"twitter:description\" content=\"Vai-se aproximando da sua conclus\u00e3o um longo projeto de recolhas audiovisuais dos vinte territ\u00f3rios termais das Termas Centro. Dentro de dois meses estar\u00e3o dispon\u00edveis 400 registos audiovisuais catalogados e arquivados no Arquivo Digital Aldeias do Conhecimento que a Binaural Nodar desenvolve desde 2020. Um bem haja pelo apoio da equipa das Termas Centro e pelo\" \/>\n\t\t<script type=\"application\/ld+json\" class=\"aioseo-schema\">\n\t\t\t{\"@context\":\"https:\\\/\\\/schema.org\",\"@graph\":[{\"@type\":\"BlogPosting\",\"@id\":\"https:\\\/\\\/www.binauralmedia.org\\\/news\\\/arquivo\\\/15815#blogposting\",\"name\":\"Mem\\u00f3rias termais em a\\u00e7\\u00e3o - binauralmedia.org\",\"headline\":\"Mem\\u00f3rias termais em a\\u00e7\\u00e3o\",\"author\":{\"@id\":\"https:\\\/\\\/www.binauralmedia.org\\\/news\\\/arquivo\\\/author\\\/luiscosta#author\"},\"publisher\":{\"@id\":\"https:\\\/\\\/www.binauralmedia.org\\\/news\\\/#organization\"},\"image\":{\"@type\":\"ImageObject\",\"url\":\"https:\\\/\\\/www.binauralmedia.org\\\/news\\\/wp-content\\\/uploads\\\/aldeias-do-conhecimento-1.jpg\",\"width\":1200,\"height\":800},\"datePublished\":\"2022-05-05T15:31:36+00:00\",\"dateModified\":\"2022-05-24T15:39:00+00:00\",\"inLanguage\":\"pt-PT\",\"mainEntityOfPage\":{\"@id\":\"https:\\\/\\\/www.binauralmedia.org\\\/news\\\/arquivo\\\/15815#webpage\"},\"isPartOf\":{\"@id\":\"https:\\\/\\\/www.binauralmedia.org\\\/news\\\/arquivo\\\/15815#webpage\"},\"articleSection\":\"Etnografia Sonora e Visual, Not\\u00edcias, Opcional\"},{\"@type\":\"BreadcrumbList\",\"@id\":\"https:\\\/\\\/www.binauralmedia.org\\\/news\\\/arquivo\\\/15815#breadcrumblist\",\"itemListElement\":[{\"@type\":\"ListItem\",\"@id\":\"https:\\\/\\\/www.binauralmedia.org\\\/news#listItem\",\"position\":1,\"name\":\"Home\",\"item\":\"https:\\\/\\\/www.binauralmedia.org\\\/news\",\"nextItem\":{\"@type\":\"ListItem\",\"@id\":\"https:\\\/\\\/www.binauralmedia.org\\\/news\\\/arquivo\\\/category\\\/news#listItem\",\"name\":\"Not\\u00edcias\"}},{\"@type\":\"ListItem\",\"@id\":\"https:\\\/\\\/www.binauralmedia.org\\\/news\\\/arquivo\\\/category\\\/news#listItem\",\"position\":2,\"name\":\"Not\\u00edcias\",\"item\":\"https:\\\/\\\/www.binauralmedia.org\\\/news\\\/arquivo\\\/category\\\/news\",\"nextItem\":{\"@type\":\"ListItem\",\"@id\":\"https:\\\/\\\/www.binauralmedia.org\\\/news\\\/arquivo\\\/15815#listItem\",\"name\":\"Mem\\u00f3rias termais em a\\u00e7\\u00e3o\"},\"previousItem\":{\"@type\":\"ListItem\",\"@id\":\"https:\\\/\\\/www.binauralmedia.org\\\/news#listItem\",\"name\":\"Home\"}},{\"@type\":\"ListItem\",\"@id\":\"https:\\\/\\\/www.binauralmedia.org\\\/news\\\/arquivo\\\/15815#listItem\",\"position\":3,\"name\":\"Mem\\u00f3rias termais em a\\u00e7\\u00e3o\",\"previousItem\":{\"@type\":\"ListItem\",\"@id\":\"https:\\\/\\\/www.binauralmedia.org\\\/news\\\/arquivo\\\/category\\\/news#listItem\",\"name\":\"Not\\u00edcias\"}}]},{\"@type\":\"Organization\",\"@id\":\"https:\\\/\\\/www.binauralmedia.org\\\/news\\\/#organization\",\"name\":\"binauralmedia.org\",\"description\":\"Rural Based Sound\\\/Media Arts & Social Research\",\"url\":\"https:\\\/\\\/www.binauralmedia.org\\\/news\\\/\"},{\"@type\":\"Person\",\"@id\":\"https:\\\/\\\/www.binauralmedia.org\\\/news\\\/arquivo\\\/author\\\/luiscosta#author\",\"url\":\"https:\\\/\\\/www.binauralmedia.org\\\/news\\\/arquivo\\\/author\\\/luiscosta\",\"name\":\"luiscosta\"},{\"@type\":\"WebPage\",\"@id\":\"https:\\\/\\\/www.binauralmedia.org\\\/news\\\/arquivo\\\/15815#webpage\",\"url\":\"https:\\\/\\\/www.binauralmedia.org\\\/news\\\/arquivo\\\/15815\",\"name\":\"Mem\\u00f3rias termais em a\\u00e7\\u00e3o - binauralmedia.org\",\"description\":\"Vai-se aproximando da sua conclus\\u00e3o um longo projeto de recolhas audiovisuais dos vinte territ\\u00f3rios termais das Termas Centro. Dentro de dois meses estar\\u00e3o dispon\\u00edveis 400 registos audiovisuais catalogados e arquivados no Arquivo Digital Aldeias do Conhecimento que a Binaural Nodar desenvolve desde 2020. Um bem haja pelo apoio da equipa das Termas Centro e pelo\",\"inLanguage\":\"pt-PT\",\"isPartOf\":{\"@id\":\"https:\\\/\\\/www.binauralmedia.org\\\/news\\\/#website\"},\"breadcrumb\":{\"@id\":\"https:\\\/\\\/www.binauralmedia.org\\\/news\\\/arquivo\\\/15815#breadcrumblist\"},\"author\":{\"@id\":\"https:\\\/\\\/www.binauralmedia.org\\\/news\\\/arquivo\\\/author\\\/luiscosta#author\"},\"creator\":{\"@id\":\"https:\\\/\\\/www.binauralmedia.org\\\/news\\\/arquivo\\\/author\\\/luiscosta#author\"},\"image\":{\"@type\":\"ImageObject\",\"url\":\"https:\\\/\\\/www.binauralmedia.org\\\/news\\\/wp-content\\\/uploads\\\/aldeias-do-conhecimento-1.jpg\",\"@id\":\"https:\\\/\\\/www.binauralmedia.org\\\/news\\\/arquivo\\\/15815\\\/#mainImage\",\"width\":1200,\"height\":800},\"primaryImageOfPage\":{\"@id\":\"https:\\\/\\\/www.binauralmedia.org\\\/news\\\/arquivo\\\/15815#mainImage\"},\"datePublished\":\"2022-05-05T15:31:36+00:00\",\"dateModified\":\"2022-05-24T15:39:00+00:00\"},{\"@type\":\"WebSite\",\"@id\":\"https:\\\/\\\/www.binauralmedia.org\\\/news\\\/#website\",\"url\":\"https:\\\/\\\/www.binauralmedia.org\\\/news\\\/\",\"name\":\"binauralmedia.org\",\"description\":\"Rural Based Sound\\\/Media Arts & Social Research\",\"inLanguage\":\"pt-PT\",\"publisher\":{\"@id\":\"https:\\\/\\\/www.binauralmedia.org\\\/news\\\/#organization\"}}]}\n\t\t<\/script>\n\t\t<!-- All in One SEO -->\n\n","aioseo_head_json":{"title":"Mem\u00f3rias termais em a\u00e7\u00e3o - binauralmedia.org","description":"Vai-se aproximando da sua conclus\u00e3o um longo projeto de recolhas audiovisuais dos vinte territ\u00f3rios termais das Termas Centro. Dentro de dois meses estar\u00e3o dispon\u00edveis 400 registos audiovisuais catalogados e arquivados no Arquivo Digital Aldeias do Conhecimento que a Binaural Nodar desenvolve desde 2020. Um bem haja pelo apoio da equipa das Termas Centro e pelo","canonical_url":"https:\/\/www.binauralmedia.org\/news\/arquivo\/15815","robots":"max-image-preview:large","keywords":"","webmasterTools":{"miscellaneous":""},"schema":{"@context":"https:\/\/schema.org","@graph":[{"@type":"BlogPosting","@id":"https:\/\/www.binauralmedia.org\/news\/arquivo\/15815#blogposting","name":"Mem\u00f3rias termais em a\u00e7\u00e3o - binauralmedia.org","headline":"Mem\u00f3rias termais em a\u00e7\u00e3o","author":{"@id":"https:\/\/www.binauralmedia.org\/news\/arquivo\/author\/luiscosta#author"},"publisher":{"@id":"https:\/\/www.binauralmedia.org\/news\/#organization"},"image":{"@type":"ImageObject","url":"https:\/\/www.binauralmedia.org\/news\/wp-content\/uploads\/aldeias-do-conhecimento-1.jpg","width":1200,"height":800},"datePublished":"2022-05-05T15:31:36+00:00","dateModified":"2022-05-24T15:39:00+00:00","inLanguage":"pt-PT","mainEntityOfPage":{"@id":"https:\/\/www.binauralmedia.org\/news\/arquivo\/15815#webpage"},"isPartOf":{"@id":"https:\/\/www.binauralmedia.org\/news\/arquivo\/15815#webpage"},"articleSection":"Etnografia Sonora e Visual, Not\u00edcias, Opcional"},{"@type":"BreadcrumbList","@id":"https:\/\/www.binauralmedia.org\/news\/arquivo\/15815#breadcrumblist","itemListElement":[{"@type":"ListItem","@id":"https:\/\/www.binauralmedia.org\/news#listItem","position":1,"name":"Home","item":"https:\/\/www.binauralmedia.org\/news","nextItem":{"@type":"ListItem","@id":"https:\/\/www.binauralmedia.org\/news\/arquivo\/category\/news#listItem","name":"Not\u00edcias"}},{"@type":"ListItem","@id":"https:\/\/www.binauralmedia.org\/news\/arquivo\/category\/news#listItem","position":2,"name":"Not\u00edcias","item":"https:\/\/www.binauralmedia.org\/news\/arquivo\/category\/news","nextItem":{"@type":"ListItem","@id":"https:\/\/www.binauralmedia.org\/news\/arquivo\/15815#listItem","name":"Mem\u00f3rias termais em a\u00e7\u00e3o"},"previousItem":{"@type":"ListItem","@id":"https:\/\/www.binauralmedia.org\/news#listItem","name":"Home"}},{"@type":"ListItem","@id":"https:\/\/www.binauralmedia.org\/news\/arquivo\/15815#listItem","position":3,"name":"Mem\u00f3rias termais em a\u00e7\u00e3o","previousItem":{"@type":"ListItem","@id":"https:\/\/www.binauralmedia.org\/news\/arquivo\/category\/news#listItem","name":"Not\u00edcias"}}]},{"@type":"Organization","@id":"https:\/\/www.binauralmedia.org\/news\/#organization","name":"binauralmedia.org","description":"Rural Based Sound\/Media Arts & Social Research","url":"https:\/\/www.binauralmedia.org\/news\/"},{"@type":"Person","@id":"https:\/\/www.binauralmedia.org\/news\/arquivo\/author\/luiscosta#author","url":"https:\/\/www.binauralmedia.org\/news\/arquivo\/author\/luiscosta","name":"luiscosta"},{"@type":"WebPage","@id":"https:\/\/www.binauralmedia.org\/news\/arquivo\/15815#webpage","url":"https:\/\/www.binauralmedia.org\/news\/arquivo\/15815","name":"Mem\u00f3rias termais em a\u00e7\u00e3o - binauralmedia.org","description":"Vai-se aproximando da sua conclus\u00e3o um longo projeto de recolhas audiovisuais dos vinte territ\u00f3rios termais das Termas Centro. Dentro de dois meses estar\u00e3o dispon\u00edveis 400 registos audiovisuais catalogados e arquivados no Arquivo Digital Aldeias do Conhecimento que a Binaural Nodar desenvolve desde 2020. Um bem haja pelo apoio da equipa das Termas Centro e pelo","inLanguage":"pt-PT","isPartOf":{"@id":"https:\/\/www.binauralmedia.org\/news\/#website"},"breadcrumb":{"@id":"https:\/\/www.binauralmedia.org\/news\/arquivo\/15815#breadcrumblist"},"author":{"@id":"https:\/\/www.binauralmedia.org\/news\/arquivo\/author\/luiscosta#author"},"creator":{"@id":"https:\/\/www.binauralmedia.org\/news\/arquivo\/author\/luiscosta#author"},"image":{"@type":"ImageObject","url":"https:\/\/www.binauralmedia.org\/news\/wp-content\/uploads\/aldeias-do-conhecimento-1.jpg","@id":"https:\/\/www.binauralmedia.org\/news\/arquivo\/15815\/#mainImage","width":1200,"height":800},"primaryImageOfPage":{"@id":"https:\/\/www.binauralmedia.org\/news\/arquivo\/15815#mainImage"},"datePublished":"2022-05-05T15:31:36+00:00","dateModified":"2022-05-24T15:39:00+00:00"},{"@type":"WebSite","@id":"https:\/\/www.binauralmedia.org\/news\/#website","url":"https:\/\/www.binauralmedia.org\/news\/","name":"binauralmedia.org","description":"Rural Based Sound\/Media Arts & Social Research","inLanguage":"pt-PT","publisher":{"@id":"https:\/\/www.binauralmedia.org\/news\/#organization"}}]},"og:locale":"pt_PT","og:site_name":"binauralmedia.org - Rural Based Sound\/Media Arts &amp; Social Research","og:type":"article","og:title":"Mem\u00f3rias termais em a\u00e7\u00e3o - binauralmedia.org","og:description":"Vai-se aproximando da sua conclus\u00e3o um longo projeto de recolhas audiovisuais dos vinte territ\u00f3rios termais das Termas Centro. Dentro de dois meses estar\u00e3o dispon\u00edveis 400 registos audiovisuais catalogados e arquivados no Arquivo Digital Aldeias do Conhecimento que a Binaural Nodar desenvolve desde 2020. Um bem haja pelo apoio da equipa das Termas Centro e pelo","og:url":"https:\/\/www.binauralmedia.org\/news\/arquivo\/15815","article:published_time":"2022-05-05T15:31:36+00:00","article:modified_time":"2022-05-24T15:39:00+00:00","twitter:card":"summary_large_image","twitter:title":"Mem\u00f3rias termais em a\u00e7\u00e3o - binauralmedia.org","twitter:description":"Vai-se aproximando da sua conclus\u00e3o um longo projeto de recolhas audiovisuais dos vinte territ\u00f3rios termais das Termas Centro. Dentro de dois meses estar\u00e3o dispon\u00edveis 400 registos audiovisuais catalogados e arquivados no Arquivo Digital Aldeias do Conhecimento que a Binaural Nodar desenvolve desde 2020. Um bem haja pelo apoio da equipa das Termas Centro e pelo"},"aioseo_meta_data":{"post_id":"15815","title":null,"description":null,"keywords":null,"keyphrases":null,"primary_term":null,"canonical_url":null,"og_title":null,"og_description":null,"og_object_type":"default","og_image_type":"default","og_image_custom_url":null,"og_image_custom_fields":null,"og_image_url":null,"og_image_width":null,"og_image_height":null,"og_video":null,"og_custom_url":null,"og_article_section":null,"og_article_tags":null,"twitter_use_og":false,"twitter_card":"default","twitter_image_type":"default","twitter_image_custom_url":null,"twitter_image_custom_fields":null,"twitter_image_url":null,"twitter_title":null,"twitter_description":null,"schema_type":"default","schema_type_options":null,"schema":{"blockGraphs":[],"customGraphs":[],"default":{"data":{"Article":[],"Course":[],"Dataset":[],"FAQPage":[],"Movie":[],"Person":[],"Product":[],"ProductReview":[],"Car":[],"Recipe":[],"Service":[],"SoftwareApplication":[],"WebPage":[]},"graphName":"","isEnabled":true},"graphs":[]},"pillar_content":false,"robots_default":true,"robots_noindex":false,"robots_noarchive":false,"robots_nosnippet":false,"robots_nofollow":false,"robots_noimageindex":false,"robots_noodp":false,"robots_notranslate":false,"robots_max_snippet":null,"robots_max_videopreview":null,"robots_max_imagepreview":"large","priority":null,"frequency":null,"local_seo":null,"limit_modified_date":false,"ai":null,"breadcrumb_settings":null,"seo_analyzer_scan_date":null,"created":"2026-08-05 04:35:25","updated":"2026-08-05 04:35:25","focus_keyword":null,"additional_keywords":null,"truseo_locale":null},"aioseo_breadcrumb":"<div class=\"aioseo-breadcrumbs\"><span class=\"aioseo-breadcrumb\">\n\t\t\t<a href=\"https:\/\/www.binauralmedia.org\/news\" title=\"Home\">Home<\/a>\n\t\t<\/span><span class=\"aioseo-breadcrumb-separator\">&raquo;<\/span><span class=\"aioseo-breadcrumb\">\n\t\t\t<a href=\"https:\/\/www.binauralmedia.org\/news\/arquivo\/category\/news\" title=\"Not\u00edcias\">Not\u00edcias<\/a>\n\t\t<\/span><span class=\"aioseo-breadcrumb-separator\">&raquo;<\/span><span class=\"aioseo-breadcrumb\">\n\t\t\tMem\u00f3rias termais em a\u00e7\u00e3o\n\t\t<\/span><\/div>","aioseo_breadcrumb_json":[{"label":"Home","link":"https:\/\/www.binauralmedia.org\/news"},{"label":"Not\u00edcias","link":"https:\/\/www.binauralmedia.org\/news\/arquivo\/category\/news"},{"label":"Mem\u00f3rias termais em a\u00e7\u00e3o","link":"https:\/\/www.binauralmedia.org\/news\/arquivo\/15815"}],"_links":{"self":[{"href":"https:\/\/www.binauralmedia.org\/news\/wp-json\/wp\/v2\/posts\/15815","targetHints":{"allow":["GET"]}}],"collection":[{"href":"https:\/\/www.binauralmedia.org\/news\/wp-json\/wp\/v2\/posts"}],"about":[{"href":"https:\/\/www.binauralmedia.org\/news\/wp-json\/wp\/v2\/types\/post"}],"author":[{"embeddable":true,"href":"https:\/\/www.binauralmedia.org\/news\/wp-json\/wp\/v2\/users\/2"}],"replies":[{"embeddable":true,"href":"https:\/\/www.binauralmedia.org\/news\/wp-json\/wp\/v2\/comments?post=15815"}],"version-history":[{"count":3,"href":"https:\/\/www.binauralmedia.org\/news\/wp-json\/wp\/v2\/posts\/15815\/revisions"}],"predecessor-version":[{"id":24083,"href":"https:\/\/www.binauralmedia.org\/news\/wp-json\/wp\/v2\/posts\/15815\/revisions\/24083"}],"wp:featuredmedia":[{"embeddable":true,"href":"https:\/\/www.binauralmedia.org\/news\/wp-json\/wp\/v2\/media\/15816"}],"wp:attachment":[{"href":"https:\/\/www.binauralmedia.org\/news\/wp-json\/wp\/v2\/media?parent=15815"}],"wp:term":[{"taxonomy":"category","embeddable":true,"href":"https:\/\/www.binauralmedia.org\/news\/wp-json\/wp\/v2\/categories?post=15815"},{"taxonomy":"post_tag","embeddable":true,"href":"https:\/\/www.binauralmedia.org\/news\/wp-json\/wp\/v2\/tags?post=15815"}],"curies":[{"name":"wp","href":"https:\/\/api.w.org\/{rel}","templated":true}]}}