{"id":15807,"date":"2022-05-04T15:13:15","date_gmt":"2022-05-04T15:13:15","guid":{"rendered":"https:\/\/www.binauralmedia.org\/news?p=15807"},"modified":"2022-05-24T15:26:23","modified_gmt":"2022-05-24T15:26:23","slug":"espaco-lafoes-cult-lab-acolhe-exposicao-integrada-no-festival-insitu","status":"publish","type":"post","link":"https:\/\/www.binauralmedia.org\/news\/arquivo\/15807","title":{"rendered":"Espa\u00e7o Laf\u00f5es Cult Lab acolhe exposi\u00e7\u00e3o integrada no Festival Insitu"},"content":{"rendered":"<div class=\"fusion-fullwidth fullwidth-box fusion-builder-row-1 fusion-flex-container nonhundred-percent-fullwidth non-hundred-percent-height-scrolling\" style=\"--awb-border-radius-top-left:0px;--awb-border-radius-top-right:0px;--awb-border-radius-bottom-right:0px;--awb-border-radius-bottom-left:0px;--awb-flex-wrap:wrap;\" ><div class=\"fusion-builder-row fusion-row fusion-flex-align-items-flex-start fusion-flex-content-wrap\" style=\"max-width:1144px;margin-left: calc(-4% \/ 2 );margin-right: calc(-4% \/ 2 );\"><div class=\"fusion-layout-column fusion_builder_column fusion-builder-column-0 fusion_builder_column_1_1 1_1 fusion-flex-column\" style=\"--awb-bg-size:cover;--awb-width-large:100%;--awb-margin-top-large:0px;--awb-spacing-right-large:1.92%;--awb-margin-bottom-large:0px;--awb-spacing-left-large:1.92%;--awb-width-medium:100%;--awb-spacing-right-medium:1.92%;--awb-spacing-left-medium:1.92%;--awb-width-small:100%;--awb-spacing-right-small:1.92%;--awb-spacing-left-small:1.92%;\"><div class=\"fusion-column-wrapper fusion-flex-justify-content-flex-start fusion-content-layout-column\"><div class=\"fusion-text fusion-text-1\"><p>A Binaural Nodar tem o gosto de anunciar que \u00e9 parceiro do Insitu &#8211; Festival de Imagem de Natureza de Vouzela coorganizado pelo Munic\u00edpio de Vouzela, acolhendo entre 6 e 31 de maio no Laf\u00f5es Cult Lab a exposi\u00e7\u00e3o &#8220;Savana&#8221; de Jos\u00e9 Fragozo.<br \/>\nProtagonista de in\u00fameros document\u00e1rios de vida selvagem, a imensid\u00e3o da savana queniana constitui o principal ecossistema da regi\u00e3o, albergando nele um vasto leque de esp\u00e9cies emblem\u00e1ticas, que prosperam num ambiente desafiante e pleno de perigos. <\/p>\n<p>A savana \u00e9 dominada por vegeta\u00e7\u00e3o herb\u00e1cea, mas tamb\u00e9m por arbustos e \u00e1rvores de pequeno porte, proporcionando um mosaico de habitats heterog\u00e9neo, prop\u00edcio \u00e0 ocorr\u00eancia de uma biodiversidade assinal\u00e1vel, que se distribui de acordo com as diferentes caracter\u00edsticas do terreno e do coberto vegetal. <\/p>\n<p>Altamente ambicionada, a observa\u00e7\u00e3o dos chamados &#8216;Big Five (&#8216;Os Cinco Grandes&#8217;) est\u00e1 na lista de anseios da vasta maioria dos visitantes, que procuram o vislumbre do elefante, do le\u00e3o, do leopardo, do rinoceronte e do b\u00fafalo africano, esp\u00e9cies carism\u00e1ticas destes ambientes e que alimentam o nosso imagin\u00e1rio da savana desde crian\u00e7a. Por\u00e9m, existem ali muitos mais animais, uns mais conhecidos do que outros, com fun\u00e7\u00f5es vari\u00e1veis neste ecossistema e com ciclos de vida surpreendentes.<br \/>\nNo entanto, este complexo meio, com tanto de fascinante quanto de delicado, est\u00e1 a sofrer silenciosamente com as altera\u00e7\u00f5es clim\u00e1ticas, que est\u00e3o a promover a escassez de \u00e1gua, fator que est\u00e1 a afetar dramaticamente a savana e os seus habitantes, colocando em causa a sobreviv\u00eancia de muitas das esp\u00e9cies e o equil\u00edbrio do pr\u00f3prio ecossistema.<\/p>\n<\/div><\/div><\/div><\/div><\/div>\n","protected":false},"excerpt":{"rendered":"","protected":false},"author":2,"featured_media":15808,"comment_status":"closed","ping_status":"closed","sticky":false,"template":"","format":"standard","meta":{"_acf_changed":false,"_bbp_topic_count":0,"_bbp_reply_count":0,"_bbp_total_topic_count":0,"_bbp_total_reply_count":0,"_bbp_voice_count":0,"_bbp_anonymous_reply_count":0,"_bbp_topic_count_hidden":0,"_bbp_reply_count_hidden":0,"_bbp_forum_subforum_count":0,"footnotes":""},"categories":[1],"tags":[],"class_list":["post-15807","post","type-post","status-publish","format-standard","has-post-thumbnail","hentry","category-news"],"acf":[],"aioseo_notices":[],"aioseo_head":"\n\t\t<!-- All in One SEO 5.0.1.1 - aioseo.com -->\n\t<meta name=\"description\" content=\"A Binaural Nodar tem o gosto de anunciar que \u00e9 parceiro do Insitu \u2013 Festival de Imagem de Natureza de Vouzela coorganizado pelo Munic\u00edpio de Vouzela, acolhendo entre 6 e 31 de maio no Laf\u00f5es Cult Lab a exposi\u00e7\u00e3o \u201cSavana\u201d de Jos\u00e9 Fragozo. Protagonista de in\u00fameros document\u00e1rios de vida selvagem, a imensid\u00e3o da savana queniana\" \/>\n\t<meta name=\"robots\" content=\"max-image-preview:large\" \/>\n\t<meta name=\"author\" content=\"luiscosta\"\/>\n\t<link rel=\"canonical\" href=\"https:\/\/www.binauralmedia.org\/news\/arquivo\/15807\" \/>\n\t<meta name=\"generator\" content=\"All in One SEO (AIOSEO) 5.0.1.1\" \/>\n\t\t<meta property=\"og:locale\" content=\"pt_PT\" \/>\n\t\t<meta property=\"og:site_name\" content=\"binauralmedia.org - Rural Based Sound\/Media Arts &amp; Social Research\" \/>\n\t\t<meta property=\"og:type\" content=\"article\" \/>\n\t\t<meta property=\"og:title\" content=\"Espa\u00e7o Laf\u00f5es Cult Lab acolhe exposi\u00e7\u00e3o integrada no Festival Insitu - binauralmedia.org\" \/>\n\t\t<meta property=\"og:description\" content=\"A Binaural Nodar tem o gosto de anunciar que \u00e9 parceiro do Insitu \u2013 Festival de Imagem de Natureza de Vouzela coorganizado pelo Munic\u00edpio de Vouzela, acolhendo entre 6 e 31 de maio no Laf\u00f5es Cult Lab a exposi\u00e7\u00e3o \u201cSavana\u201d de Jos\u00e9 Fragozo. Protagonista de in\u00fameros document\u00e1rios de vida selvagem, a imensid\u00e3o da savana queniana\" \/>\n\t\t<meta property=\"og:url\" content=\"https:\/\/www.binauralmedia.org\/news\/arquivo\/15807\" \/>\n\t\t<meta property=\"article:published_time\" content=\"2022-05-04T15:13:15+00:00\" \/>\n\t\t<meta property=\"article:modified_time\" content=\"2022-05-24T15:26:23+00:00\" \/>\n\t\t<meta name=\"twitter:card\" content=\"summary_large_image\" \/>\n\t\t<meta name=\"twitter:title\" content=\"Espa\u00e7o Laf\u00f5es Cult Lab acolhe exposi\u00e7\u00e3o integrada no Festival Insitu - binauralmedia.org\" \/>\n\t\t<meta name=\"twitter:description\" content=\"A Binaural Nodar tem o gosto de anunciar que \u00e9 parceiro do Insitu \u2013 Festival de Imagem de Natureza de Vouzela coorganizado pelo Munic\u00edpio de Vouzela, acolhendo entre 6 e 31 de maio no Laf\u00f5es Cult Lab a exposi\u00e7\u00e3o \u201cSavana\u201d de Jos\u00e9 Fragozo. Protagonista de in\u00fameros document\u00e1rios de vida selvagem, a imensid\u00e3o da savana queniana\" \/>\n\t\t<script type=\"application\/ld+json\" class=\"aioseo-schema\">\n\t\t\t{\"@context\":\"https:\\\/\\\/schema.org\",\"@graph\":[{\"@type\":\"BlogPosting\",\"@id\":\"https:\\\/\\\/www.binauralmedia.org\\\/news\\\/arquivo\\\/15807#blogposting\",\"name\":\"Espa\\u00e7o Laf\\u00f5es Cult Lab acolhe exposi\\u00e7\\u00e3o integrada no Festival Insitu - binauralmedia.org\",\"headline\":\"Espa\\u00e7o Laf\\u00f5es Cult Lab acolhe exposi\\u00e7\\u00e3o integrada no Festival Insitu\",\"author\":{\"@id\":\"https:\\\/\\\/www.binauralmedia.org\\\/news\\\/arquivo\\\/author\\\/luiscosta#author\"},\"publisher\":{\"@id\":\"https:\\\/\\\/www.binauralmedia.org\\\/news\\\/#organization\"},\"image\":{\"@type\":\"ImageObject\",\"url\":\"https:\\\/\\\/www.binauralmedia.org\\\/news\\\/wp-content\\\/uploads\\\/savana.jpg\",\"width\":1200,\"height\":800},\"datePublished\":\"2022-05-04T15:13:15+00:00\",\"dateModified\":\"2022-05-24T15:26:23+00:00\",\"inLanguage\":\"pt-PT\",\"mainEntityOfPage\":{\"@id\":\"https:\\\/\\\/www.binauralmedia.org\\\/news\\\/arquivo\\\/15807#webpage\"},\"isPartOf\":{\"@id\":\"https:\\\/\\\/www.binauralmedia.org\\\/news\\\/arquivo\\\/15807#webpage\"},\"articleSection\":\"Not\\u00edcias, Opcional\"},{\"@type\":\"BreadcrumbList\",\"@id\":\"https:\\\/\\\/www.binauralmedia.org\\\/news\\\/arquivo\\\/15807#breadcrumblist\",\"itemListElement\":[{\"@type\":\"ListItem\",\"@id\":\"https:\\\/\\\/www.binauralmedia.org\\\/news#listItem\",\"position\":1,\"name\":\"Home\",\"item\":\"https:\\\/\\\/www.binauralmedia.org\\\/news\",\"nextItem\":{\"@type\":\"ListItem\",\"@id\":\"https:\\\/\\\/www.binauralmedia.org\\\/news\\\/arquivo\\\/category\\\/news#listItem\",\"name\":\"Not\\u00edcias\"}},{\"@type\":\"ListItem\",\"@id\":\"https:\\\/\\\/www.binauralmedia.org\\\/news\\\/arquivo\\\/category\\\/news#listItem\",\"position\":2,\"name\":\"Not\\u00edcias\",\"item\":\"https:\\\/\\\/www.binauralmedia.org\\\/news\\\/arquivo\\\/category\\\/news\",\"nextItem\":{\"@type\":\"ListItem\",\"@id\":\"https:\\\/\\\/www.binauralmedia.org\\\/news\\\/arquivo\\\/15807#listItem\",\"name\":\"Espa\\u00e7o Laf\\u00f5es Cult Lab acolhe exposi\\u00e7\\u00e3o integrada no Festival Insitu\"},\"previousItem\":{\"@type\":\"ListItem\",\"@id\":\"https:\\\/\\\/www.binauralmedia.org\\\/news#listItem\",\"name\":\"Home\"}},{\"@type\":\"ListItem\",\"@id\":\"https:\\\/\\\/www.binauralmedia.org\\\/news\\\/arquivo\\\/15807#listItem\",\"position\":3,\"name\":\"Espa\\u00e7o Laf\\u00f5es Cult Lab acolhe exposi\\u00e7\\u00e3o integrada no Festival Insitu\",\"previousItem\":{\"@type\":\"ListItem\",\"@id\":\"https:\\\/\\\/www.binauralmedia.org\\\/news\\\/arquivo\\\/category\\\/news#listItem\",\"name\":\"Not\\u00edcias\"}}]},{\"@type\":\"Organization\",\"@id\":\"https:\\\/\\\/www.binauralmedia.org\\\/news\\\/#organization\",\"name\":\"binauralmedia.org\",\"description\":\"Rural Based Sound\\\/Media Arts & Social Research\",\"url\":\"https:\\\/\\\/www.binauralmedia.org\\\/news\\\/\"},{\"@type\":\"Person\",\"@id\":\"https:\\\/\\\/www.binauralmedia.org\\\/news\\\/arquivo\\\/author\\\/luiscosta#author\",\"url\":\"https:\\\/\\\/www.binauralmedia.org\\\/news\\\/arquivo\\\/author\\\/luiscosta\",\"name\":\"luiscosta\"},{\"@type\":\"WebPage\",\"@id\":\"https:\\\/\\\/www.binauralmedia.org\\\/news\\\/arquivo\\\/15807#webpage\",\"url\":\"https:\\\/\\\/www.binauralmedia.org\\\/news\\\/arquivo\\\/15807\",\"name\":\"Espa\\u00e7o Laf\\u00f5es Cult Lab acolhe exposi\\u00e7\\u00e3o integrada no Festival Insitu - binauralmedia.org\",\"description\":\"A Binaural Nodar tem o gosto de anunciar que \\u00e9 parceiro do Insitu \\u2013 Festival de Imagem de Natureza de Vouzela coorganizado pelo Munic\\u00edpio de Vouzela, acolhendo entre 6 e 31 de maio no Laf\\u00f5es Cult Lab a exposi\\u00e7\\u00e3o \\u201cSavana\\u201d de Jos\\u00e9 Fragozo. Protagonista de in\\u00fameros document\\u00e1rios de vida selvagem, a imensid\\u00e3o da savana queniana\",\"inLanguage\":\"pt-PT\",\"isPartOf\":{\"@id\":\"https:\\\/\\\/www.binauralmedia.org\\\/news\\\/#website\"},\"breadcrumb\":{\"@id\":\"https:\\\/\\\/www.binauralmedia.org\\\/news\\\/arquivo\\\/15807#breadcrumblist\"},\"author\":{\"@id\":\"https:\\\/\\\/www.binauralmedia.org\\\/news\\\/arquivo\\\/author\\\/luiscosta#author\"},\"creator\":{\"@id\":\"https:\\\/\\\/www.binauralmedia.org\\\/news\\\/arquivo\\\/author\\\/luiscosta#author\"},\"image\":{\"@type\":\"ImageObject\",\"url\":\"https:\\\/\\\/www.binauralmedia.org\\\/news\\\/wp-content\\\/uploads\\\/savana.jpg\",\"@id\":\"https:\\\/\\\/www.binauralmedia.org\\\/news\\\/arquivo\\\/15807\\\/#mainImage\",\"width\":1200,\"height\":800},\"primaryImageOfPage\":{\"@id\":\"https:\\\/\\\/www.binauralmedia.org\\\/news\\\/arquivo\\\/15807#mainImage\"},\"datePublished\":\"2022-05-04T15:13:15+00:00\",\"dateModified\":\"2022-05-24T15:26:23+00:00\"},{\"@type\":\"WebSite\",\"@id\":\"https:\\\/\\\/www.binauralmedia.org\\\/news\\\/#website\",\"url\":\"https:\\\/\\\/www.binauralmedia.org\\\/news\\\/\",\"name\":\"binauralmedia.org\",\"description\":\"Rural Based Sound\\\/Media Arts & Social Research\",\"inLanguage\":\"pt-PT\",\"publisher\":{\"@id\":\"https:\\\/\\\/www.binauralmedia.org\\\/news\\\/#organization\"}}]}\n\t\t<\/script>\n\t\t<!-- All in One SEO -->\n\n","aioseo_head_json":{"title":"Espa\u00e7o Laf\u00f5es Cult Lab acolhe exposi\u00e7\u00e3o integrada no Festival Insitu - binauralmedia.org","description":"A Binaural Nodar tem o gosto de anunciar que \u00e9 parceiro do Insitu \u2013 Festival de Imagem de Natureza de Vouzela coorganizado pelo Munic\u00edpio de Vouzela, acolhendo entre 6 e 31 de maio no Laf\u00f5es Cult Lab a exposi\u00e7\u00e3o \u201cSavana\u201d de Jos\u00e9 Fragozo. Protagonista de in\u00fameros document\u00e1rios de vida selvagem, a imensid\u00e3o da savana queniana","canonical_url":"https:\/\/www.binauralmedia.org\/news\/arquivo\/15807","robots":"max-image-preview:large","keywords":"","webmasterTools":{"miscellaneous":""},"schema":{"@context":"https:\/\/schema.org","@graph":[{"@type":"BlogPosting","@id":"https:\/\/www.binauralmedia.org\/news\/arquivo\/15807#blogposting","name":"Espa\u00e7o Laf\u00f5es Cult Lab acolhe exposi\u00e7\u00e3o integrada no Festival Insitu - binauralmedia.org","headline":"Espa\u00e7o Laf\u00f5es Cult Lab acolhe exposi\u00e7\u00e3o integrada no Festival Insitu","author":{"@id":"https:\/\/www.binauralmedia.org\/news\/arquivo\/author\/luiscosta#author"},"publisher":{"@id":"https:\/\/www.binauralmedia.org\/news\/#organization"},"image":{"@type":"ImageObject","url":"https:\/\/www.binauralmedia.org\/news\/wp-content\/uploads\/savana.jpg","width":1200,"height":800},"datePublished":"2022-05-04T15:13:15+00:00","dateModified":"2022-05-24T15:26:23+00:00","inLanguage":"pt-PT","mainEntityOfPage":{"@id":"https:\/\/www.binauralmedia.org\/news\/arquivo\/15807#webpage"},"isPartOf":{"@id":"https:\/\/www.binauralmedia.org\/news\/arquivo\/15807#webpage"},"articleSection":"Not\u00edcias, Opcional"},{"@type":"BreadcrumbList","@id":"https:\/\/www.binauralmedia.org\/news\/arquivo\/15807#breadcrumblist","itemListElement":[{"@type":"ListItem","@id":"https:\/\/www.binauralmedia.org\/news#listItem","position":1,"name":"Home","item":"https:\/\/www.binauralmedia.org\/news","nextItem":{"@type":"ListItem","@id":"https:\/\/www.binauralmedia.org\/news\/arquivo\/category\/news#listItem","name":"Not\u00edcias"}},{"@type":"ListItem","@id":"https:\/\/www.binauralmedia.org\/news\/arquivo\/category\/news#listItem","position":2,"name":"Not\u00edcias","item":"https:\/\/www.binauralmedia.org\/news\/arquivo\/category\/news","nextItem":{"@type":"ListItem","@id":"https:\/\/www.binauralmedia.org\/news\/arquivo\/15807#listItem","name":"Espa\u00e7o Laf\u00f5es Cult Lab acolhe exposi\u00e7\u00e3o integrada no Festival Insitu"},"previousItem":{"@type":"ListItem","@id":"https:\/\/www.binauralmedia.org\/news#listItem","name":"Home"}},{"@type":"ListItem","@id":"https:\/\/www.binauralmedia.org\/news\/arquivo\/15807#listItem","position":3,"name":"Espa\u00e7o Laf\u00f5es Cult Lab acolhe exposi\u00e7\u00e3o integrada no Festival Insitu","previousItem":{"@type":"ListItem","@id":"https:\/\/www.binauralmedia.org\/news\/arquivo\/category\/news#listItem","name":"Not\u00edcias"}}]},{"@type":"Organization","@id":"https:\/\/www.binauralmedia.org\/news\/#organization","name":"binauralmedia.org","description":"Rural Based Sound\/Media Arts & Social Research","url":"https:\/\/www.binauralmedia.org\/news\/"},{"@type":"Person","@id":"https:\/\/www.binauralmedia.org\/news\/arquivo\/author\/luiscosta#author","url":"https:\/\/www.binauralmedia.org\/news\/arquivo\/author\/luiscosta","name":"luiscosta"},{"@type":"WebPage","@id":"https:\/\/www.binauralmedia.org\/news\/arquivo\/15807#webpage","url":"https:\/\/www.binauralmedia.org\/news\/arquivo\/15807","name":"Espa\u00e7o Laf\u00f5es Cult Lab acolhe exposi\u00e7\u00e3o integrada no Festival Insitu - binauralmedia.org","description":"A Binaural Nodar tem o gosto de anunciar que \u00e9 parceiro do Insitu \u2013 Festival de Imagem de Natureza de Vouzela coorganizado pelo Munic\u00edpio de Vouzela, acolhendo entre 6 e 31 de maio no Laf\u00f5es Cult Lab a exposi\u00e7\u00e3o \u201cSavana\u201d de Jos\u00e9 Fragozo. Protagonista de in\u00fameros document\u00e1rios de vida selvagem, a imensid\u00e3o da savana queniana","inLanguage":"pt-PT","isPartOf":{"@id":"https:\/\/www.binauralmedia.org\/news\/#website"},"breadcrumb":{"@id":"https:\/\/www.binauralmedia.org\/news\/arquivo\/15807#breadcrumblist"},"author":{"@id":"https:\/\/www.binauralmedia.org\/news\/arquivo\/author\/luiscosta#author"},"creator":{"@id":"https:\/\/www.binauralmedia.org\/news\/arquivo\/author\/luiscosta#author"},"image":{"@type":"ImageObject","url":"https:\/\/www.binauralmedia.org\/news\/wp-content\/uploads\/savana.jpg","@id":"https:\/\/www.binauralmedia.org\/news\/arquivo\/15807\/#mainImage","width":1200,"height":800},"primaryImageOfPage":{"@id":"https:\/\/www.binauralmedia.org\/news\/arquivo\/15807#mainImage"},"datePublished":"2022-05-04T15:13:15+00:00","dateModified":"2022-05-24T15:26:23+00:00"},{"@type":"WebSite","@id":"https:\/\/www.binauralmedia.org\/news\/#website","url":"https:\/\/www.binauralmedia.org\/news\/","name":"binauralmedia.org","description":"Rural Based Sound\/Media Arts & Social Research","inLanguage":"pt-PT","publisher":{"@id":"https:\/\/www.binauralmedia.org\/news\/#organization"}}]},"og:locale":"pt_PT","og:site_name":"binauralmedia.org - Rural Based Sound\/Media Arts &amp; Social Research","og:type":"article","og:title":"Espa\u00e7o Laf\u00f5es Cult Lab acolhe exposi\u00e7\u00e3o integrada no Festival Insitu - binauralmedia.org","og:description":"A Binaural Nodar tem o gosto de anunciar que \u00e9 parceiro do Insitu \u2013 Festival de Imagem de Natureza de Vouzela coorganizado pelo Munic\u00edpio de Vouzela, acolhendo entre 6 e 31 de maio no Laf\u00f5es Cult Lab a exposi\u00e7\u00e3o \u201cSavana\u201d de Jos\u00e9 Fragozo. Protagonista de in\u00fameros document\u00e1rios de vida selvagem, a imensid\u00e3o da savana queniana","og:url":"https:\/\/www.binauralmedia.org\/news\/arquivo\/15807","article:published_time":"2022-05-04T15:13:15+00:00","article:modified_time":"2022-05-24T15:26:23+00:00","twitter:card":"summary_large_image","twitter:title":"Espa\u00e7o Laf\u00f5es Cult Lab acolhe exposi\u00e7\u00e3o integrada no Festival Insitu - binauralmedia.org","twitter:description":"A Binaural Nodar tem o gosto de anunciar que \u00e9 parceiro do Insitu \u2013 Festival de Imagem de Natureza de Vouzela coorganizado pelo Munic\u00edpio de Vouzela, acolhendo entre 6 e 31 de maio no Laf\u00f5es Cult Lab a exposi\u00e7\u00e3o \u201cSavana\u201d de Jos\u00e9 Fragozo. Protagonista de in\u00fameros document\u00e1rios de vida selvagem, a imensid\u00e3o da savana queniana"},"aioseo_meta_data":{"post_id":"15807","title":null,"description":null,"keywords":null,"keyphrases":null,"primary_term":null,"canonical_url":null,"og_title":null,"og_description":null,"og_object_type":"default","og_image_type":"default","og_image_custom_url":null,"og_image_custom_fields":null,"og_image_url":null,"og_image_width":null,"og_image_height":null,"og_video":null,"og_custom_url":null,"og_article_section":null,"og_article_tags":null,"twitter_use_og":false,"twitter_card":"default","twitter_image_type":"default","twitter_image_custom_url":null,"twitter_image_custom_fields":null,"twitter_image_url":null,"twitter_title":null,"twitter_description":null,"schema_type":"default","schema_type_options":null,"schema":{"blockGraphs":[],"customGraphs":[],"default":{"data":{"Article":[],"Course":[],"Dataset":[],"FAQPage":[],"Movie":[],"Person":[],"Product":[],"ProductReview":[],"Car":[],"Recipe":[],"Service":[],"SoftwareApplication":[],"WebPage":[]},"graphName":"","isEnabled":true},"graphs":[]},"pillar_content":false,"robots_default":true,"robots_noindex":false,"robots_noarchive":false,"robots_nosnippet":false,"robots_nofollow":false,"robots_noimageindex":false,"robots_noodp":false,"robots_notranslate":false,"robots_max_snippet":null,"robots_max_videopreview":null,"robots_max_imagepreview":"large","priority":null,"frequency":null,"local_seo":null,"limit_modified_date":false,"ai":null,"breadcrumb_settings":null,"seo_analyzer_scan_date":null,"created":"2026-08-05 04:35:25","updated":"2026-08-05 04:35:25","focus_keyword":null,"additional_keywords":null,"truseo_locale":null},"aioseo_breadcrumb":"<div class=\"aioseo-breadcrumbs\"><span class=\"aioseo-breadcrumb\">\n\t\t\t<a href=\"https:\/\/www.binauralmedia.org\/news\" title=\"Home\">Home<\/a>\n\t\t<\/span><span class=\"aioseo-breadcrumb-separator\">&raquo;<\/span><span class=\"aioseo-breadcrumb\">\n\t\t\t<a href=\"https:\/\/www.binauralmedia.org\/news\/arquivo\/category\/news\" title=\"Not\u00edcias\">Not\u00edcias<\/a>\n\t\t<\/span><span class=\"aioseo-breadcrumb-separator\">&raquo;<\/span><span class=\"aioseo-breadcrumb\">\n\t\t\tEspa\u00e7o Laf\u00f5es Cult Lab acolhe exposi\u00e7\u00e3o integrada no Festival Insitu\n\t\t<\/span><\/div>","aioseo_breadcrumb_json":[{"label":"Home","link":"https:\/\/www.binauralmedia.org\/news"},{"label":"Not\u00edcias","link":"https:\/\/www.binauralmedia.org\/news\/arquivo\/category\/news"},{"label":"Espa\u00e7o Laf\u00f5es Cult Lab acolhe exposi\u00e7\u00e3o integrada no Festival Insitu","link":"https:\/\/www.binauralmedia.org\/news\/arquivo\/15807"}],"_links":{"self":[{"href":"https:\/\/www.binauralmedia.org\/news\/wp-json\/wp\/v2\/posts\/15807","targetHints":{"allow":["GET"]}}],"collection":[{"href":"https:\/\/www.binauralmedia.org\/news\/wp-json\/wp\/v2\/posts"}],"about":[{"href":"https:\/\/www.binauralmedia.org\/news\/wp-json\/wp\/v2\/types\/post"}],"author":[{"embeddable":true,"href":"https:\/\/www.binauralmedia.org\/news\/wp-json\/wp\/v2\/users\/2"}],"replies":[{"embeddable":true,"href":"https:\/\/www.binauralmedia.org\/news\/wp-json\/wp\/v2\/comments?post=15807"}],"version-history":[{"count":2,"href":"https:\/\/www.binauralmedia.org\/news\/wp-json\/wp\/v2\/posts\/15807\/revisions"}],"predecessor-version":[{"id":15812,"href":"https:\/\/www.binauralmedia.org\/news\/wp-json\/wp\/v2\/posts\/15807\/revisions\/15812"}],"wp:featuredmedia":[{"embeddable":true,"href":"https:\/\/www.binauralmedia.org\/news\/wp-json\/wp\/v2\/media\/15808"}],"wp:attachment":[{"href":"https:\/\/www.binauralmedia.org\/news\/wp-json\/wp\/v2\/media?parent=15807"}],"wp:term":[{"taxonomy":"category","embeddable":true,"href":"https:\/\/www.binauralmedia.org\/news\/wp-json\/wp\/v2\/categories?post=15807"},{"taxonomy":"post_tag","embeddable":true,"href":"https:\/\/www.binauralmedia.org\/news\/wp-json\/wp\/v2\/tags?post=15807"}],"curies":[{"name":"wp","href":"https:\/\/api.w.org\/{rel}","templated":true}]}}