{"id":15759,"date":"2022-03-15T14:14:51","date_gmt":"2022-03-15T14:14:51","guid":{"rendered":"https:\/\/www.binauralmedia.org\/news?p=15759"},"modified":"2022-03-15T14:14:51","modified_gmt":"2022-03-15T14:14:51","slug":"exposicao-culturas-da-agua-na-freguesia-de-calde","status":"publish","type":"post","link":"https:\/\/www.binauralmedia.org\/news\/arquivo\/15759","title":{"rendered":"Exposi\u00e7\u00e3o &#8220;Culturas da \u00c1gua na Freguesia de Calde&#8221;"},"content":{"rendered":"<p>CULTURAS DA \u00c1GUA NA FREGUESIA DE CALDE<br \/>\nExposi\u00e7\u00e3o Multim\u00e9dia<br \/>\nMuseu do Linho de V\u00e1rzea de Calde (Viseu)<br \/>\n22 mar\u00e7o &#8211; 30 setembro 2022<br \/>\nInaugura\u00e7\u00e3o: 22 mar\u00e7o \u00e0s 15h00<\/p>\n<p>Temos o gosto de anunciar que a Binaural Nodar a Junta de Freguesia de Calde e o Museu do Linho de V\u00e1rzea de Calde celebrar\u00e3o o Dia Mundial da \u00c1gua de 2022 com a inaugura\u00e7\u00e3o da exposi\u00e7\u00e3o &#8220;Culturas da \u00c1gua na freguesia de Calde&#8221;.<\/p>\n<p>O discurso contempor\u00e2neo sobre a \u00e1gua est\u00e1 frequentemente focado em dimens\u00f5es ligadas \u00e0 sustentabilidade ambiental ou \u00e0 atividade tur\u00edstica. Sendo estas dimens\u00f5es de extrema import\u00e2ncia para o desenvolvimento atual dos territ\u00f3rios rurais, existe uma outra forma de pensar a \u00e1gua, uma que a relaciona de forma mais direta com o sentido dos lugares onde a \u00e1gua se manifesta. Podemos dizer que a mesma subst\u00e2ncia \u201c\u00e1gua\u201d apresenta-se e \u00e9 usada de formas diferentes em cada territ\u00f3rio, atrav\u00e9s de uma conjuga\u00e7\u00e3o \u00fanica e irrepet\u00edvel entre fatores geomorfol\u00f3gicos, ambientais e culturais.<\/p>\n<p>A exposi\u00e7\u00e3o multim\u00e9dia \u201cCulturas da \u00c1gua na Freguesia de Calde\u201d, produzida em colabora\u00e7\u00e3o entre a Binaural Nodar, o Museu do Linho de V\u00e1rzea de Calde e a Junta de Freguesia de Calde, constitui um ensaio audiovisual sobre a forma como seis &#8220;lugares de \u00e1gua\u201d da referida freguesia, que incluem nascentes, fontes, moinhos, lavadouros e poldras, s\u00e3o contados por habitantes das pr\u00f3prias aldeias de V\u00e1rzea de Calde, Almargem, P\u00f3voa de Calde, Calde, Vilar do Monte e Paradu\u00e7a, colocando em evid\u00eancia os aspetos de especificidade local que contribuem, como muitos outros, para a tessitura de uma hist\u00f3ria local da \u00e1gua.<\/p>\n<p>A exposi\u00e7\u00e3o multim\u00e9dia \u201cCulturas da \u00c1gua na Freguesia de Calde\u201d representa mais um passo no programa de pesquisa etnogr\u00e1fica e art\u00edstica que a Binaural Nodar leva a cabo, em articula\u00e7\u00e3o com o Museu do Linho de V\u00e1rzea de Calde e com a Junta de Freguesia de Calde, desde 2015, uma que j\u00e1 abordou m\u00faltiplas tem\u00e1ticas, como o ciclo do linho, a apicultura, os usos das plantas, os rituais calendar\u00edsticos, a religiosidade popular, entre outros.<\/p>\n<p>FICHA ART\u00cdSTICA E T\u00c9CNICA:<br \/>\nPesquisa de campo e concep\u00e7\u00e3o da exposi\u00e7\u00e3o: Luis Costa e Liliana Silva<br \/>\nEdi\u00e7\u00e3o v\u00eddeo e sonora: Lu\u00eds Costa<br \/>\nDesenho gr\u00e1fico e ilustra\u00e7\u00f5es: Liliana Silva<\/p>\n","protected":false},"excerpt":{"rendered":"<p>CULTURAS DA \u00c1GUA NA FREGUESIA DE CALDE Exposi\u00e7\u00e3o Multim\u00e9dia Museu  [&#8230;]<\/p>\n","protected":false},"author":2,"featured_media":15760,"comment_status":"closed","ping_status":"closed","sticky":false,"template":"","format":"standard","meta":{"_acf_changed":false,"_bbp_topic_count":0,"_bbp_reply_count":0,"_bbp_total_topic_count":0,"_bbp_total_reply_count":0,"_bbp_voice_count":0,"_bbp_anonymous_reply_count":0,"_bbp_topic_count_hidden":0,"_bbp_reply_count_hidden":0,"_bbp_forum_subforum_count":0,"footnotes":""},"categories":[1158,1],"tags":[],"class_list":["post-15759","post","type-post","status-publish","format-standard","has-post-thumbnail","hentry","category-visual-sound-ethnograhpy","category-news"],"acf":[],"aioseo_notices":[],"aioseo_head":"\n\t\t<!-- All in One SEO 5.0.1.1 - aioseo.com -->\n\t<meta name=\"description\" content=\"CULTURAS DA \u00c1GUA NA FREGUESIA DE CALDE Exposi\u00e7\u00e3o Multim\u00e9dia Museu do Linho de V\u00e1rzea de Calde (Viseu) 22 mar\u00e7o - 30 setembro 2022 Inaugura\u00e7\u00e3o: 22 mar\u00e7o \u00e0s 15h00 Temos o gosto de anunciar que a Binaural Nodar a Junta de Freguesia de Calde e o Museu do Linho de V\u00e1rzea de Calde celebrar\u00e3o o Dia\" \/>\n\t<meta name=\"robots\" content=\"max-image-preview:large\" \/>\n\t<meta name=\"author\" content=\"luiscosta\"\/>\n\t<link rel=\"canonical\" href=\"https:\/\/www.binauralmedia.org\/news\/arquivo\/15759\" \/>\n\t<meta name=\"generator\" content=\"All in One SEO (AIOSEO) 5.0.1.1\" \/>\n\t\t<meta property=\"og:locale\" content=\"pt_PT\" \/>\n\t\t<meta property=\"og:site_name\" content=\"binauralmedia.org - Rural Based Sound\/Media Arts &amp; Social Research\" \/>\n\t\t<meta property=\"og:type\" content=\"article\" \/>\n\t\t<meta property=\"og:title\" content=\"Exposi\u00e7\u00e3o \u201cCulturas da \u00c1gua na Freguesia de Calde\u201d - binauralmedia.org\" \/>\n\t\t<meta property=\"og:description\" content=\"CULTURAS DA \u00c1GUA NA FREGUESIA DE CALDE Exposi\u00e7\u00e3o Multim\u00e9dia Museu do Linho de V\u00e1rzea de Calde (Viseu) 22 mar\u00e7o - 30 setembro 2022 Inaugura\u00e7\u00e3o: 22 mar\u00e7o \u00e0s 15h00 Temos o gosto de anunciar que a Binaural Nodar a Junta de Freguesia de Calde e o Museu do Linho de V\u00e1rzea de Calde celebrar\u00e3o o Dia\" \/>\n\t\t<meta property=\"og:url\" content=\"https:\/\/www.binauralmedia.org\/news\/arquivo\/15759\" \/>\n\t\t<meta property=\"article:published_time\" content=\"2022-03-15T14:14:51+00:00\" \/>\n\t\t<meta property=\"article:modified_time\" content=\"2022-03-15T14:14:51+00:00\" \/>\n\t\t<meta name=\"twitter:card\" content=\"summary_large_image\" \/>\n\t\t<meta name=\"twitter:title\" content=\"Exposi\u00e7\u00e3o \u201cCulturas da \u00c1gua na Freguesia de Calde\u201d - binauralmedia.org\" \/>\n\t\t<meta name=\"twitter:description\" content=\"CULTURAS DA \u00c1GUA NA FREGUESIA DE CALDE Exposi\u00e7\u00e3o Multim\u00e9dia Museu do Linho de V\u00e1rzea de Calde (Viseu) 22 mar\u00e7o - 30 setembro 2022 Inaugura\u00e7\u00e3o: 22 mar\u00e7o \u00e0s 15h00 Temos o gosto de anunciar que a Binaural Nodar a Junta de Freguesia de Calde e o Museu do Linho de V\u00e1rzea de Calde celebrar\u00e3o o Dia\" \/>\n\t\t<script type=\"application\/ld+json\" class=\"aioseo-schema\">\n\t\t\t{\"@context\":\"https:\\\/\\\/schema.org\",\"@graph\":[{\"@type\":\"BlogPosting\",\"@id\":\"https:\\\/\\\/www.binauralmedia.org\\\/news\\\/arquivo\\\/15759#blogposting\",\"name\":\"Exposi\\u00e7\\u00e3o \\u201cCulturas da \\u00c1gua na Freguesia de Calde\\u201d - binauralmedia.org\",\"headline\":\"Exposi\\u00e7\\u00e3o &#8220;Culturas da \\u00c1gua na Freguesia de Calde&#8221;\",\"author\":{\"@id\":\"https:\\\/\\\/www.binauralmedia.org\\\/news\\\/arquivo\\\/author\\\/luiscosta#author\"},\"publisher\":{\"@id\":\"https:\\\/\\\/www.binauralmedia.org\\\/news\\\/#organization\"},\"image\":{\"@type\":\"ImageObject\",\"url\":\"https:\\\/\\\/www.binauralmedia.org\\\/news\\\/wp-content\\\/uploads\\\/Culturas-da-A\\u0301gua-DGartes.jpg\",\"width\":2000,\"height\":1250},\"datePublished\":\"2022-03-15T14:14:51+00:00\",\"dateModified\":\"2022-03-15T14:14:51+00:00\",\"inLanguage\":\"pt-PT\",\"mainEntityOfPage\":{\"@id\":\"https:\\\/\\\/www.binauralmedia.org\\\/news\\\/arquivo\\\/15759#webpage\"},\"isPartOf\":{\"@id\":\"https:\\\/\\\/www.binauralmedia.org\\\/news\\\/arquivo\\\/15759#webpage\"},\"articleSection\":\"Etnografia Sonora e Visual, Not\\u00edcias, Opcional\"},{\"@type\":\"BreadcrumbList\",\"@id\":\"https:\\\/\\\/www.binauralmedia.org\\\/news\\\/arquivo\\\/15759#breadcrumblist\",\"itemListElement\":[{\"@type\":\"ListItem\",\"@id\":\"https:\\\/\\\/www.binauralmedia.org\\\/news#listItem\",\"position\":1,\"name\":\"Home\",\"item\":\"https:\\\/\\\/www.binauralmedia.org\\\/news\",\"nextItem\":{\"@type\":\"ListItem\",\"@id\":\"https:\\\/\\\/www.binauralmedia.org\\\/news\\\/arquivo\\\/category\\\/news#listItem\",\"name\":\"Not\\u00edcias\"}},{\"@type\":\"ListItem\",\"@id\":\"https:\\\/\\\/www.binauralmedia.org\\\/news\\\/arquivo\\\/category\\\/news#listItem\",\"position\":2,\"name\":\"Not\\u00edcias\",\"item\":\"https:\\\/\\\/www.binauralmedia.org\\\/news\\\/arquivo\\\/category\\\/news\",\"nextItem\":{\"@type\":\"ListItem\",\"@id\":\"https:\\\/\\\/www.binauralmedia.org\\\/news\\\/arquivo\\\/15759#listItem\",\"name\":\"Exposi\\u00e7\\u00e3o &#8220;Culturas da \\u00c1gua na Freguesia de Calde&#8221;\"},\"previousItem\":{\"@type\":\"ListItem\",\"@id\":\"https:\\\/\\\/www.binauralmedia.org\\\/news#listItem\",\"name\":\"Home\"}},{\"@type\":\"ListItem\",\"@id\":\"https:\\\/\\\/www.binauralmedia.org\\\/news\\\/arquivo\\\/15759#listItem\",\"position\":3,\"name\":\"Exposi\\u00e7\\u00e3o &#8220;Culturas da \\u00c1gua na Freguesia de Calde&#8221;\",\"previousItem\":{\"@type\":\"ListItem\",\"@id\":\"https:\\\/\\\/www.binauralmedia.org\\\/news\\\/arquivo\\\/category\\\/news#listItem\",\"name\":\"Not\\u00edcias\"}}]},{\"@type\":\"Organization\",\"@id\":\"https:\\\/\\\/www.binauralmedia.org\\\/news\\\/#organization\",\"name\":\"binauralmedia.org\",\"description\":\"Rural Based Sound\\\/Media Arts & Social Research\",\"url\":\"https:\\\/\\\/www.binauralmedia.org\\\/news\\\/\"},{\"@type\":\"Person\",\"@id\":\"https:\\\/\\\/www.binauralmedia.org\\\/news\\\/arquivo\\\/author\\\/luiscosta#author\",\"url\":\"https:\\\/\\\/www.binauralmedia.org\\\/news\\\/arquivo\\\/author\\\/luiscosta\",\"name\":\"luiscosta\"},{\"@type\":\"WebPage\",\"@id\":\"https:\\\/\\\/www.binauralmedia.org\\\/news\\\/arquivo\\\/15759#webpage\",\"url\":\"https:\\\/\\\/www.binauralmedia.org\\\/news\\\/arquivo\\\/15759\",\"name\":\"Exposi\\u00e7\\u00e3o \\u201cCulturas da \\u00c1gua na Freguesia de Calde\\u201d - binauralmedia.org\",\"description\":\"CULTURAS DA \\u00c1GUA NA FREGUESIA DE CALDE Exposi\\u00e7\\u00e3o Multim\\u00e9dia Museu do Linho de V\\u00e1rzea de Calde (Viseu) 22 mar\\u00e7o - 30 setembro 2022 Inaugura\\u00e7\\u00e3o: 22 mar\\u00e7o \\u00e0s 15h00 Temos o gosto de anunciar que a Binaural Nodar a Junta de Freguesia de Calde e o Museu do Linho de V\\u00e1rzea de Calde celebrar\\u00e3o o Dia\",\"inLanguage\":\"pt-PT\",\"isPartOf\":{\"@id\":\"https:\\\/\\\/www.binauralmedia.org\\\/news\\\/#website\"},\"breadcrumb\":{\"@id\":\"https:\\\/\\\/www.binauralmedia.org\\\/news\\\/arquivo\\\/15759#breadcrumblist\"},\"author\":{\"@id\":\"https:\\\/\\\/www.binauralmedia.org\\\/news\\\/arquivo\\\/author\\\/luiscosta#author\"},\"creator\":{\"@id\":\"https:\\\/\\\/www.binauralmedia.org\\\/news\\\/arquivo\\\/author\\\/luiscosta#author\"},\"image\":{\"@type\":\"ImageObject\",\"url\":\"https:\\\/\\\/www.binauralmedia.org\\\/news\\\/wp-content\\\/uploads\\\/Culturas-da-A\\u0301gua-DGartes.jpg\",\"@id\":\"https:\\\/\\\/www.binauralmedia.org\\\/news\\\/arquivo\\\/15759\\\/#mainImage\",\"width\":2000,\"height\":1250},\"primaryImageOfPage\":{\"@id\":\"https:\\\/\\\/www.binauralmedia.org\\\/news\\\/arquivo\\\/15759#mainImage\"},\"datePublished\":\"2022-03-15T14:14:51+00:00\",\"dateModified\":\"2022-03-15T14:14:51+00:00\"},{\"@type\":\"WebSite\",\"@id\":\"https:\\\/\\\/www.binauralmedia.org\\\/news\\\/#website\",\"url\":\"https:\\\/\\\/www.binauralmedia.org\\\/news\\\/\",\"name\":\"binauralmedia.org\",\"description\":\"Rural Based Sound\\\/Media Arts & Social Research\",\"inLanguage\":\"pt-PT\",\"publisher\":{\"@id\":\"https:\\\/\\\/www.binauralmedia.org\\\/news\\\/#organization\"}}]}\n\t\t<\/script>\n\t\t<!-- All in One SEO -->\n\n","aioseo_head_json":{"title":"Exposi\u00e7\u00e3o \u201cCulturas da \u00c1gua na Freguesia de Calde\u201d - binauralmedia.org","description":"CULTURAS DA \u00c1GUA NA FREGUESIA DE CALDE Exposi\u00e7\u00e3o Multim\u00e9dia Museu do Linho de V\u00e1rzea de Calde (Viseu) 22 mar\u00e7o - 30 setembro 2022 Inaugura\u00e7\u00e3o: 22 mar\u00e7o \u00e0s 15h00 Temos o gosto de anunciar que a Binaural Nodar a Junta de Freguesia de Calde e o Museu do Linho de V\u00e1rzea de Calde celebrar\u00e3o o Dia","canonical_url":"https:\/\/www.binauralmedia.org\/news\/arquivo\/15759","robots":"max-image-preview:large","keywords":"","webmasterTools":{"miscellaneous":""},"schema":{"@context":"https:\/\/schema.org","@graph":[{"@type":"BlogPosting","@id":"https:\/\/www.binauralmedia.org\/news\/arquivo\/15759#blogposting","name":"Exposi\u00e7\u00e3o \u201cCulturas da \u00c1gua na Freguesia de Calde\u201d - binauralmedia.org","headline":"Exposi\u00e7\u00e3o &#8220;Culturas da \u00c1gua na Freguesia de Calde&#8221;","author":{"@id":"https:\/\/www.binauralmedia.org\/news\/arquivo\/author\/luiscosta#author"},"publisher":{"@id":"https:\/\/www.binauralmedia.org\/news\/#organization"},"image":{"@type":"ImageObject","url":"https:\/\/www.binauralmedia.org\/news\/wp-content\/uploads\/Culturas-da-A\u0301gua-DGartes.jpg","width":2000,"height":1250},"datePublished":"2022-03-15T14:14:51+00:00","dateModified":"2022-03-15T14:14:51+00:00","inLanguage":"pt-PT","mainEntityOfPage":{"@id":"https:\/\/www.binauralmedia.org\/news\/arquivo\/15759#webpage"},"isPartOf":{"@id":"https:\/\/www.binauralmedia.org\/news\/arquivo\/15759#webpage"},"articleSection":"Etnografia Sonora e Visual, Not\u00edcias, Opcional"},{"@type":"BreadcrumbList","@id":"https:\/\/www.binauralmedia.org\/news\/arquivo\/15759#breadcrumblist","itemListElement":[{"@type":"ListItem","@id":"https:\/\/www.binauralmedia.org\/news#listItem","position":1,"name":"Home","item":"https:\/\/www.binauralmedia.org\/news","nextItem":{"@type":"ListItem","@id":"https:\/\/www.binauralmedia.org\/news\/arquivo\/category\/news#listItem","name":"Not\u00edcias"}},{"@type":"ListItem","@id":"https:\/\/www.binauralmedia.org\/news\/arquivo\/category\/news#listItem","position":2,"name":"Not\u00edcias","item":"https:\/\/www.binauralmedia.org\/news\/arquivo\/category\/news","nextItem":{"@type":"ListItem","@id":"https:\/\/www.binauralmedia.org\/news\/arquivo\/15759#listItem","name":"Exposi\u00e7\u00e3o &#8220;Culturas da \u00c1gua na Freguesia de Calde&#8221;"},"previousItem":{"@type":"ListItem","@id":"https:\/\/www.binauralmedia.org\/news#listItem","name":"Home"}},{"@type":"ListItem","@id":"https:\/\/www.binauralmedia.org\/news\/arquivo\/15759#listItem","position":3,"name":"Exposi\u00e7\u00e3o &#8220;Culturas da \u00c1gua na Freguesia de Calde&#8221;","previousItem":{"@type":"ListItem","@id":"https:\/\/www.binauralmedia.org\/news\/arquivo\/category\/news#listItem","name":"Not\u00edcias"}}]},{"@type":"Organization","@id":"https:\/\/www.binauralmedia.org\/news\/#organization","name":"binauralmedia.org","description":"Rural Based Sound\/Media Arts & Social Research","url":"https:\/\/www.binauralmedia.org\/news\/"},{"@type":"Person","@id":"https:\/\/www.binauralmedia.org\/news\/arquivo\/author\/luiscosta#author","url":"https:\/\/www.binauralmedia.org\/news\/arquivo\/author\/luiscosta","name":"luiscosta"},{"@type":"WebPage","@id":"https:\/\/www.binauralmedia.org\/news\/arquivo\/15759#webpage","url":"https:\/\/www.binauralmedia.org\/news\/arquivo\/15759","name":"Exposi\u00e7\u00e3o \u201cCulturas da \u00c1gua na Freguesia de Calde\u201d - binauralmedia.org","description":"CULTURAS DA \u00c1GUA NA FREGUESIA DE CALDE Exposi\u00e7\u00e3o Multim\u00e9dia Museu do Linho de V\u00e1rzea de Calde (Viseu) 22 mar\u00e7o - 30 setembro 2022 Inaugura\u00e7\u00e3o: 22 mar\u00e7o \u00e0s 15h00 Temos o gosto de anunciar que a Binaural Nodar a Junta de Freguesia de Calde e o Museu do Linho de V\u00e1rzea de Calde celebrar\u00e3o o Dia","inLanguage":"pt-PT","isPartOf":{"@id":"https:\/\/www.binauralmedia.org\/news\/#website"},"breadcrumb":{"@id":"https:\/\/www.binauralmedia.org\/news\/arquivo\/15759#breadcrumblist"},"author":{"@id":"https:\/\/www.binauralmedia.org\/news\/arquivo\/author\/luiscosta#author"},"creator":{"@id":"https:\/\/www.binauralmedia.org\/news\/arquivo\/author\/luiscosta#author"},"image":{"@type":"ImageObject","url":"https:\/\/www.binauralmedia.org\/news\/wp-content\/uploads\/Culturas-da-A\u0301gua-DGartes.jpg","@id":"https:\/\/www.binauralmedia.org\/news\/arquivo\/15759\/#mainImage","width":2000,"height":1250},"primaryImageOfPage":{"@id":"https:\/\/www.binauralmedia.org\/news\/arquivo\/15759#mainImage"},"datePublished":"2022-03-15T14:14:51+00:00","dateModified":"2022-03-15T14:14:51+00:00"},{"@type":"WebSite","@id":"https:\/\/www.binauralmedia.org\/news\/#website","url":"https:\/\/www.binauralmedia.org\/news\/","name":"binauralmedia.org","description":"Rural Based Sound\/Media Arts & Social Research","inLanguage":"pt-PT","publisher":{"@id":"https:\/\/www.binauralmedia.org\/news\/#organization"}}]},"og:locale":"pt_PT","og:site_name":"binauralmedia.org - Rural Based Sound\/Media Arts &amp; Social Research","og:type":"article","og:title":"Exposi\u00e7\u00e3o \u201cCulturas da \u00c1gua na Freguesia de Calde\u201d - binauralmedia.org","og:description":"CULTURAS DA \u00c1GUA NA FREGUESIA DE CALDE Exposi\u00e7\u00e3o Multim\u00e9dia Museu do Linho de V\u00e1rzea de Calde (Viseu) 22 mar\u00e7o - 30 setembro 2022 Inaugura\u00e7\u00e3o: 22 mar\u00e7o \u00e0s 15h00 Temos o gosto de anunciar que a Binaural Nodar a Junta de Freguesia de Calde e o Museu do Linho de V\u00e1rzea de Calde celebrar\u00e3o o Dia","og:url":"https:\/\/www.binauralmedia.org\/news\/arquivo\/15759","article:published_time":"2022-03-15T14:14:51+00:00","article:modified_time":"2022-03-15T14:14:51+00:00","twitter:card":"summary_large_image","twitter:title":"Exposi\u00e7\u00e3o \u201cCulturas da \u00c1gua na Freguesia de Calde\u201d - binauralmedia.org","twitter:description":"CULTURAS DA \u00c1GUA NA FREGUESIA DE CALDE Exposi\u00e7\u00e3o Multim\u00e9dia Museu do Linho de V\u00e1rzea de Calde (Viseu) 22 mar\u00e7o - 30 setembro 2022 Inaugura\u00e7\u00e3o: 22 mar\u00e7o \u00e0s 15h00 Temos o gosto de anunciar que a Binaural Nodar a Junta de Freguesia de Calde e o Museu do Linho de V\u00e1rzea de Calde celebrar\u00e3o o Dia"},"aioseo_meta_data":{"post_id":"15759","title":null,"description":null,"keywords":null,"keyphrases":null,"primary_term":null,"canonical_url":null,"og_title":null,"og_description":null,"og_object_type":"default","og_image_type":"default","og_image_custom_url":null,"og_image_custom_fields":null,"og_image_url":null,"og_image_width":null,"og_image_height":null,"og_video":null,"og_custom_url":null,"og_article_section":null,"og_article_tags":null,"twitter_use_og":false,"twitter_card":"default","twitter_image_type":"default","twitter_image_custom_url":null,"twitter_image_custom_fields":null,"twitter_image_url":null,"twitter_title":null,"twitter_description":null,"schema_type":"default","schema_type_options":null,"schema":{"blockGraphs":[],"customGraphs":[],"default":{"data":{"Article":[],"Course":[],"Dataset":[],"FAQPage":[],"Movie":[],"Person":[],"Product":[],"ProductReview":[],"Car":[],"Recipe":[],"Service":[],"SoftwareApplication":[],"WebPage":[]},"graphName":"","isEnabled":true},"graphs":[]},"pillar_content":false,"robots_default":true,"robots_noindex":false,"robots_noarchive":false,"robots_nosnippet":false,"robots_nofollow":false,"robots_noimageindex":false,"robots_noodp":false,"robots_notranslate":false,"robots_max_snippet":null,"robots_max_videopreview":null,"robots_max_imagepreview":"large","priority":null,"frequency":null,"local_seo":null,"limit_modified_date":false,"ai":null,"breadcrumb_settings":null,"seo_analyzer_scan_date":null,"created":"2026-08-05 04:35:24","updated":"2026-08-05 04:35:24","focus_keyword":null,"additional_keywords":null,"truseo_locale":null},"aioseo_breadcrumb":"<div class=\"aioseo-breadcrumbs\"><span class=\"aioseo-breadcrumb\">\n\t\t\t<a href=\"https:\/\/www.binauralmedia.org\/news\" title=\"Home\">Home<\/a>\n\t\t<\/span><span class=\"aioseo-breadcrumb-separator\">&raquo;<\/span><span class=\"aioseo-breadcrumb\">\n\t\t\t<a href=\"https:\/\/www.binauralmedia.org\/news\/arquivo\/category\/news\" title=\"Not\u00edcias\">Not\u00edcias<\/a>\n\t\t<\/span><span class=\"aioseo-breadcrumb-separator\">&raquo;<\/span><span class=\"aioseo-breadcrumb\">\n\t\t\tExposi\u00e7\u00e3o \u201cCulturas da \u00c1gua na Freguesia de Calde\u201d\n\t\t<\/span><\/div>","aioseo_breadcrumb_json":[{"label":"Home","link":"https:\/\/www.binauralmedia.org\/news"},{"label":"Not\u00edcias","link":"https:\/\/www.binauralmedia.org\/news\/arquivo\/category\/news"},{"label":"Exposi\u00e7\u00e3o &#8220;Culturas da \u00c1gua na Freguesia de Calde&#8221;","link":"https:\/\/www.binauralmedia.org\/news\/arquivo\/15759"}],"_links":{"self":[{"href":"https:\/\/www.binauralmedia.org\/news\/wp-json\/wp\/v2\/posts\/15759","targetHints":{"allow":["GET"]}}],"collection":[{"href":"https:\/\/www.binauralmedia.org\/news\/wp-json\/wp\/v2\/posts"}],"about":[{"href":"https:\/\/www.binauralmedia.org\/news\/wp-json\/wp\/v2\/types\/post"}],"author":[{"embeddable":true,"href":"https:\/\/www.binauralmedia.org\/news\/wp-json\/wp\/v2\/users\/2"}],"replies":[{"embeddable":true,"href":"https:\/\/www.binauralmedia.org\/news\/wp-json\/wp\/v2\/comments?post=15759"}],"version-history":[{"count":1,"href":"https:\/\/www.binauralmedia.org\/news\/wp-json\/wp\/v2\/posts\/15759\/revisions"}],"predecessor-version":[{"id":15762,"href":"https:\/\/www.binauralmedia.org\/news\/wp-json\/wp\/v2\/posts\/15759\/revisions\/15762"}],"wp:featuredmedia":[{"embeddable":true,"href":"https:\/\/www.binauralmedia.org\/news\/wp-json\/wp\/v2\/media\/15760"}],"wp:attachment":[{"href":"https:\/\/www.binauralmedia.org\/news\/wp-json\/wp\/v2\/media?parent=15759"}],"wp:term":[{"taxonomy":"category","embeddable":true,"href":"https:\/\/www.binauralmedia.org\/news\/wp-json\/wp\/v2\/categories?post=15759"},{"taxonomy":"post_tag","embeddable":true,"href":"https:\/\/www.binauralmedia.org\/news\/wp-json\/wp\/v2\/tags?post=15759"}],"curies":[{"name":"wp","href":"https:\/\/api.w.org\/{rel}","templated":true}]}}