{"id":15751,"date":"2022-02-15T13:48:00","date_gmt":"2022-02-15T13:48:00","guid":{"rendered":"https:\/\/www.binauralmedia.org\/news?p=15751"},"modified":"2022-03-15T13:54:22","modified_gmt":"2022-03-15T13:54:22","slug":"binaural-nodar-participa-em-catalogo-de-arquitectura-rural","status":"publish","type":"post","link":"https:\/\/www.binauralmedia.org\/news\/arquivo\/15751","title":{"rendered":"Binaural Nodar participa em cat\u00e1logo de arquitectura rural"},"content":{"rendered":"<p>J\u00e1 est\u00e1 dispon\u00edvel para venda, no <a href=\"https:\/\/www.oasrn-oasrn.org\/\" target=\"_blank\" rel=\"noopener\">s\u00edtio web<\/a> da livraria da Sec\u00e7\u00e3o Regional do Norte da Ordem dos Arquitectos, o cat\u00e1logo Arquitectura em Contexto Rural. Uma edi\u00e7\u00e3o da Ordem dos Arquitectos, com autoria da Ordem dos Arquitectos Sec\u00e7\u00e3o Regional do Centro e ideia original do extinto N\u00facleo de Arquitectos da Regi\u00e3o de Viseu (NARV) e que conta com a parceria da Binaural Nodar, para al\u00e9m de outras entidades locais (Funda\u00e7\u00e3o Lapa do Lobo, v\u00e1rios munic\u00edpios do distrito de Viseu e Turismo Centro de Portugal)<\/p>\n<p>O cat\u00e1logo Arquitectura em Contexto Rural decorre da exposi\u00e7\u00e3o com o mesmo nome, promovida pelo NARV entre 2018 e 2020 em v\u00e1rias aldeias, vilas e cidades do distrito de Viseu, a qual foi tamb\u00e9m uma consequ\u00eancia de um repto da Binaural Nodar para que a referida exposi\u00e7\u00e3o integrasse a programa\u00e7\u00e3o do Festival Ocupai, realizado na Praia Fluvial de Destriz (Oliveira de Frades) em Junho de 2018.<br \/>\nNesta edi\u00e7\u00e3o podem agora ser encontradas, em pormenor, fotografias da exposi\u00e7\u00e3o e textos descritivos sobre diversas experi\u00eancias arquitect\u00f3nicas (obras, projetos e estudos) da paisagem rural edificada do distrito de Viseu.<\/p>\n<p>Ao longo de mais de 200 p\u00e1ginas, o cat\u00e1logo agrega uma sele\u00e7\u00e3o de imagens de 31 trabalhos, projetados entre 2001 e 2018 \u00abpor arquitectos e arquitectas que, de forma individual ou associada, no setor privado ou p\u00fablico, trabalham em diversas \u00e1reas, desde a edifica\u00e7\u00e3o ao patrim\u00f3nio arquitet\u00f3nico, da reabilita\u00e7\u00e3o urbana ao urbanismo e ao planeamento territorial\u00bb, explica Pedro Silva, coordenador da exposi\u00e7\u00e3o e do cat\u00e1logo.<\/p>\n<p>O cat\u00e1logo inclui v\u00e1rios textos introdut\u00f3rios, entre os quais o texto \u201cPensar o habitar a partir das casas rurais de inf\u00e2ncia\u201d da autoria de Luis Gomes da Costa, coordenador da Binaural Nodar.<\/p>\n<p>Dispon\u00edvel em pr\u00e9-venda na livraria online da OASRN<br \/>\n<a href=\"https:\/\/www.oasrn-oasrn.org\/arquitetura-em-contexto-rural.html\" target=\"_blank\" rel=\"noopener\">https:\/\/www.oasrn-oasrn.org\/arquitetura-em-contexto-rural.html<\/a><\/p>\n","protected":false},"excerpt":{"rendered":"<p>J\u00e1 est\u00e1 dispon\u00edvel para venda, no s\u00edtio web da livraria  [&#8230;]<\/p>\n","protected":false},"author":2,"featured_media":15752,"comment_status":"closed","ping_status":"closed","sticky":false,"template":"","format":"standard","meta":{"_acf_changed":false,"_bbp_topic_count":0,"_bbp_reply_count":0,"_bbp_total_topic_count":0,"_bbp_total_reply_count":0,"_bbp_voice_count":0,"_bbp_anonymous_reply_count":0,"_bbp_topic_count_hidden":0,"_bbp_reply_count_hidden":0,"_bbp_forum_subforum_count":0,"footnotes":""},"categories":[1],"tags":[],"class_list":["post-15751","post","type-post","status-publish","format-standard","has-post-thumbnail","hentry","category-news"],"acf":[],"aioseo_notices":[],"aioseo_head":"\n\t\t<!-- All in One SEO 5.0.1.1 - aioseo.com -->\n\t<meta name=\"description\" content=\"J\u00e1 est\u00e1 dispon\u00edvel para venda, no s\u00edtio web da livraria da Sec\u00e7\u00e3o Regional do Norte da Ordem dos Arquitectos, o cat\u00e1logo Arquitectura em Contexto Rural. Uma edi\u00e7\u00e3o da Ordem dos Arquitectos, com autoria da Ordem dos Arquitectos Sec\u00e7\u00e3o Regional do Centro e ideia original do extinto N\u00facleo de Arquitectos da Regi\u00e3o de Viseu (NARV) e\" \/>\n\t<meta name=\"robots\" content=\"max-image-preview:large\" \/>\n\t<meta name=\"author\" content=\"luiscosta\"\/>\n\t<link rel=\"canonical\" href=\"https:\/\/www.binauralmedia.org\/news\/arquivo\/15751\" \/>\n\t<meta name=\"generator\" content=\"All in One SEO (AIOSEO) 5.0.1.1\" \/>\n\t\t<meta property=\"og:locale\" content=\"pt_PT\" \/>\n\t\t<meta property=\"og:site_name\" content=\"binauralmedia.org - Rural Based Sound\/Media Arts &amp; Social Research\" \/>\n\t\t<meta property=\"og:type\" content=\"article\" \/>\n\t\t<meta property=\"og:title\" content=\"Binaural Nodar participa em cat\u00e1logo de arquitectura rural - binauralmedia.org\" \/>\n\t\t<meta property=\"og:description\" content=\"J\u00e1 est\u00e1 dispon\u00edvel para venda, no s\u00edtio web da livraria da Sec\u00e7\u00e3o Regional do Norte da Ordem dos Arquitectos, o cat\u00e1logo Arquitectura em Contexto Rural. Uma edi\u00e7\u00e3o da Ordem dos Arquitectos, com autoria da Ordem dos Arquitectos Sec\u00e7\u00e3o Regional do Centro e ideia original do extinto N\u00facleo de Arquitectos da Regi\u00e3o de Viseu (NARV) e\" \/>\n\t\t<meta property=\"og:url\" content=\"https:\/\/www.binauralmedia.org\/news\/arquivo\/15751\" \/>\n\t\t<meta property=\"article:published_time\" content=\"2022-02-15T13:48:00+00:00\" \/>\n\t\t<meta property=\"article:modified_time\" content=\"2022-03-15T13:54:22+00:00\" \/>\n\t\t<meta name=\"twitter:card\" content=\"summary_large_image\" \/>\n\t\t<meta name=\"twitter:title\" content=\"Binaural Nodar participa em cat\u00e1logo de arquitectura rural - binauralmedia.org\" \/>\n\t\t<meta name=\"twitter:description\" content=\"J\u00e1 est\u00e1 dispon\u00edvel para venda, no s\u00edtio web da livraria da Sec\u00e7\u00e3o Regional do Norte da Ordem dos Arquitectos, o cat\u00e1logo Arquitectura em Contexto Rural. Uma edi\u00e7\u00e3o da Ordem dos Arquitectos, com autoria da Ordem dos Arquitectos Sec\u00e7\u00e3o Regional do Centro e ideia original do extinto N\u00facleo de Arquitectos da Regi\u00e3o de Viseu (NARV) e\" \/>\n\t\t<script type=\"application\/ld+json\" class=\"aioseo-schema\">\n\t\t\t{\"@context\":\"https:\\\/\\\/schema.org\",\"@graph\":[{\"@type\":\"BlogPosting\",\"@id\":\"https:\\\/\\\/www.binauralmedia.org\\\/news\\\/arquivo\\\/15751#blogposting\",\"name\":\"Binaural Nodar participa em cat\\u00e1logo de arquitectura rural - binauralmedia.org\",\"headline\":\"Binaural Nodar participa em cat\\u00e1logo de arquitectura rural\",\"author\":{\"@id\":\"https:\\\/\\\/www.binauralmedia.org\\\/news\\\/arquivo\\\/author\\\/luiscosta#author\"},\"publisher\":{\"@id\":\"https:\\\/\\\/www.binauralmedia.org\\\/news\\\/#organization\"},\"image\":{\"@type\":\"ImageObject\",\"url\":\"https:\\\/\\\/www.binauralmedia.org\\\/news\\\/wp-content\\\/uploads\\\/Arquitectura-em-Contexto-Rural.jpg\",\"width\":1200,\"height\":800},\"datePublished\":\"2022-02-15T13:48:00+00:00\",\"dateModified\":\"2022-03-15T13:54:22+00:00\",\"inLanguage\":\"pt-PT\",\"mainEntityOfPage\":{\"@id\":\"https:\\\/\\\/www.binauralmedia.org\\\/news\\\/arquivo\\\/15751#webpage\"},\"isPartOf\":{\"@id\":\"https:\\\/\\\/www.binauralmedia.org\\\/news\\\/arquivo\\\/15751#webpage\"},\"articleSection\":\"Not\\u00edcias, Opcional\"},{\"@type\":\"BreadcrumbList\",\"@id\":\"https:\\\/\\\/www.binauralmedia.org\\\/news\\\/arquivo\\\/15751#breadcrumblist\",\"itemListElement\":[{\"@type\":\"ListItem\",\"@id\":\"https:\\\/\\\/www.binauralmedia.org\\\/news#listItem\",\"position\":1,\"name\":\"Home\",\"item\":\"https:\\\/\\\/www.binauralmedia.org\\\/news\",\"nextItem\":{\"@type\":\"ListItem\",\"@id\":\"https:\\\/\\\/www.binauralmedia.org\\\/news\\\/arquivo\\\/category\\\/news#listItem\",\"name\":\"Not\\u00edcias\"}},{\"@type\":\"ListItem\",\"@id\":\"https:\\\/\\\/www.binauralmedia.org\\\/news\\\/arquivo\\\/category\\\/news#listItem\",\"position\":2,\"name\":\"Not\\u00edcias\",\"item\":\"https:\\\/\\\/www.binauralmedia.org\\\/news\\\/arquivo\\\/category\\\/news\",\"nextItem\":{\"@type\":\"ListItem\",\"@id\":\"https:\\\/\\\/www.binauralmedia.org\\\/news\\\/arquivo\\\/15751#listItem\",\"name\":\"Binaural Nodar participa em cat\\u00e1logo de arquitectura rural\"},\"previousItem\":{\"@type\":\"ListItem\",\"@id\":\"https:\\\/\\\/www.binauralmedia.org\\\/news#listItem\",\"name\":\"Home\"}},{\"@type\":\"ListItem\",\"@id\":\"https:\\\/\\\/www.binauralmedia.org\\\/news\\\/arquivo\\\/15751#listItem\",\"position\":3,\"name\":\"Binaural Nodar participa em cat\\u00e1logo de arquitectura rural\",\"previousItem\":{\"@type\":\"ListItem\",\"@id\":\"https:\\\/\\\/www.binauralmedia.org\\\/news\\\/arquivo\\\/category\\\/news#listItem\",\"name\":\"Not\\u00edcias\"}}]},{\"@type\":\"Organization\",\"@id\":\"https:\\\/\\\/www.binauralmedia.org\\\/news\\\/#organization\",\"name\":\"binauralmedia.org\",\"description\":\"Rural Based Sound\\\/Media Arts & Social Research\",\"url\":\"https:\\\/\\\/www.binauralmedia.org\\\/news\\\/\"},{\"@type\":\"Person\",\"@id\":\"https:\\\/\\\/www.binauralmedia.org\\\/news\\\/arquivo\\\/author\\\/luiscosta#author\",\"url\":\"https:\\\/\\\/www.binauralmedia.org\\\/news\\\/arquivo\\\/author\\\/luiscosta\",\"name\":\"luiscosta\"},{\"@type\":\"WebPage\",\"@id\":\"https:\\\/\\\/www.binauralmedia.org\\\/news\\\/arquivo\\\/15751#webpage\",\"url\":\"https:\\\/\\\/www.binauralmedia.org\\\/news\\\/arquivo\\\/15751\",\"name\":\"Binaural Nodar participa em cat\\u00e1logo de arquitectura rural - binauralmedia.org\",\"description\":\"J\\u00e1 est\\u00e1 dispon\\u00edvel para venda, no s\\u00edtio web da livraria da Sec\\u00e7\\u00e3o Regional do Norte da Ordem dos Arquitectos, o cat\\u00e1logo Arquitectura em Contexto Rural. Uma edi\\u00e7\\u00e3o da Ordem dos Arquitectos, com autoria da Ordem dos Arquitectos Sec\\u00e7\\u00e3o Regional do Centro e ideia original do extinto N\\u00facleo de Arquitectos da Regi\\u00e3o de Viseu (NARV) e\",\"inLanguage\":\"pt-PT\",\"isPartOf\":{\"@id\":\"https:\\\/\\\/www.binauralmedia.org\\\/news\\\/#website\"},\"breadcrumb\":{\"@id\":\"https:\\\/\\\/www.binauralmedia.org\\\/news\\\/arquivo\\\/15751#breadcrumblist\"},\"author\":{\"@id\":\"https:\\\/\\\/www.binauralmedia.org\\\/news\\\/arquivo\\\/author\\\/luiscosta#author\"},\"creator\":{\"@id\":\"https:\\\/\\\/www.binauralmedia.org\\\/news\\\/arquivo\\\/author\\\/luiscosta#author\"},\"image\":{\"@type\":\"ImageObject\",\"url\":\"https:\\\/\\\/www.binauralmedia.org\\\/news\\\/wp-content\\\/uploads\\\/Arquitectura-em-Contexto-Rural.jpg\",\"@id\":\"https:\\\/\\\/www.binauralmedia.org\\\/news\\\/arquivo\\\/15751\\\/#mainImage\",\"width\":1200,\"height\":800},\"primaryImageOfPage\":{\"@id\":\"https:\\\/\\\/www.binauralmedia.org\\\/news\\\/arquivo\\\/15751#mainImage\"},\"datePublished\":\"2022-02-15T13:48:00+00:00\",\"dateModified\":\"2022-03-15T13:54:22+00:00\"},{\"@type\":\"WebSite\",\"@id\":\"https:\\\/\\\/www.binauralmedia.org\\\/news\\\/#website\",\"url\":\"https:\\\/\\\/www.binauralmedia.org\\\/news\\\/\",\"name\":\"binauralmedia.org\",\"description\":\"Rural Based Sound\\\/Media Arts & Social Research\",\"inLanguage\":\"pt-PT\",\"publisher\":{\"@id\":\"https:\\\/\\\/www.binauralmedia.org\\\/news\\\/#organization\"}}]}\n\t\t<\/script>\n\t\t<!-- All in One SEO -->\n\n","aioseo_head_json":{"title":"Binaural Nodar participa em cat\u00e1logo de arquitectura rural - binauralmedia.org","description":"J\u00e1 est\u00e1 dispon\u00edvel para venda, no s\u00edtio web da livraria da Sec\u00e7\u00e3o Regional do Norte da Ordem dos Arquitectos, o cat\u00e1logo Arquitectura em Contexto Rural. Uma edi\u00e7\u00e3o da Ordem dos Arquitectos, com autoria da Ordem dos Arquitectos Sec\u00e7\u00e3o Regional do Centro e ideia original do extinto N\u00facleo de Arquitectos da Regi\u00e3o de Viseu (NARV) e","canonical_url":"https:\/\/www.binauralmedia.org\/news\/arquivo\/15751","robots":"max-image-preview:large","keywords":"","webmasterTools":{"miscellaneous":""},"schema":{"@context":"https:\/\/schema.org","@graph":[{"@type":"BlogPosting","@id":"https:\/\/www.binauralmedia.org\/news\/arquivo\/15751#blogposting","name":"Binaural Nodar participa em cat\u00e1logo de arquitectura rural - binauralmedia.org","headline":"Binaural Nodar participa em cat\u00e1logo de arquitectura rural","author":{"@id":"https:\/\/www.binauralmedia.org\/news\/arquivo\/author\/luiscosta#author"},"publisher":{"@id":"https:\/\/www.binauralmedia.org\/news\/#organization"},"image":{"@type":"ImageObject","url":"https:\/\/www.binauralmedia.org\/news\/wp-content\/uploads\/Arquitectura-em-Contexto-Rural.jpg","width":1200,"height":800},"datePublished":"2022-02-15T13:48:00+00:00","dateModified":"2022-03-15T13:54:22+00:00","inLanguage":"pt-PT","mainEntityOfPage":{"@id":"https:\/\/www.binauralmedia.org\/news\/arquivo\/15751#webpage"},"isPartOf":{"@id":"https:\/\/www.binauralmedia.org\/news\/arquivo\/15751#webpage"},"articleSection":"Not\u00edcias, Opcional"},{"@type":"BreadcrumbList","@id":"https:\/\/www.binauralmedia.org\/news\/arquivo\/15751#breadcrumblist","itemListElement":[{"@type":"ListItem","@id":"https:\/\/www.binauralmedia.org\/news#listItem","position":1,"name":"Home","item":"https:\/\/www.binauralmedia.org\/news","nextItem":{"@type":"ListItem","@id":"https:\/\/www.binauralmedia.org\/news\/arquivo\/category\/news#listItem","name":"Not\u00edcias"}},{"@type":"ListItem","@id":"https:\/\/www.binauralmedia.org\/news\/arquivo\/category\/news#listItem","position":2,"name":"Not\u00edcias","item":"https:\/\/www.binauralmedia.org\/news\/arquivo\/category\/news","nextItem":{"@type":"ListItem","@id":"https:\/\/www.binauralmedia.org\/news\/arquivo\/15751#listItem","name":"Binaural Nodar participa em cat\u00e1logo de arquitectura rural"},"previousItem":{"@type":"ListItem","@id":"https:\/\/www.binauralmedia.org\/news#listItem","name":"Home"}},{"@type":"ListItem","@id":"https:\/\/www.binauralmedia.org\/news\/arquivo\/15751#listItem","position":3,"name":"Binaural Nodar participa em cat\u00e1logo de arquitectura rural","previousItem":{"@type":"ListItem","@id":"https:\/\/www.binauralmedia.org\/news\/arquivo\/category\/news#listItem","name":"Not\u00edcias"}}]},{"@type":"Organization","@id":"https:\/\/www.binauralmedia.org\/news\/#organization","name":"binauralmedia.org","description":"Rural Based Sound\/Media Arts & Social Research","url":"https:\/\/www.binauralmedia.org\/news\/"},{"@type":"Person","@id":"https:\/\/www.binauralmedia.org\/news\/arquivo\/author\/luiscosta#author","url":"https:\/\/www.binauralmedia.org\/news\/arquivo\/author\/luiscosta","name":"luiscosta"},{"@type":"WebPage","@id":"https:\/\/www.binauralmedia.org\/news\/arquivo\/15751#webpage","url":"https:\/\/www.binauralmedia.org\/news\/arquivo\/15751","name":"Binaural Nodar participa em cat\u00e1logo de arquitectura rural - binauralmedia.org","description":"J\u00e1 est\u00e1 dispon\u00edvel para venda, no s\u00edtio web da livraria da Sec\u00e7\u00e3o Regional do Norte da Ordem dos Arquitectos, o cat\u00e1logo Arquitectura em Contexto Rural. Uma edi\u00e7\u00e3o da Ordem dos Arquitectos, com autoria da Ordem dos Arquitectos Sec\u00e7\u00e3o Regional do Centro e ideia original do extinto N\u00facleo de Arquitectos da Regi\u00e3o de Viseu (NARV) e","inLanguage":"pt-PT","isPartOf":{"@id":"https:\/\/www.binauralmedia.org\/news\/#website"},"breadcrumb":{"@id":"https:\/\/www.binauralmedia.org\/news\/arquivo\/15751#breadcrumblist"},"author":{"@id":"https:\/\/www.binauralmedia.org\/news\/arquivo\/author\/luiscosta#author"},"creator":{"@id":"https:\/\/www.binauralmedia.org\/news\/arquivo\/author\/luiscosta#author"},"image":{"@type":"ImageObject","url":"https:\/\/www.binauralmedia.org\/news\/wp-content\/uploads\/Arquitectura-em-Contexto-Rural.jpg","@id":"https:\/\/www.binauralmedia.org\/news\/arquivo\/15751\/#mainImage","width":1200,"height":800},"primaryImageOfPage":{"@id":"https:\/\/www.binauralmedia.org\/news\/arquivo\/15751#mainImage"},"datePublished":"2022-02-15T13:48:00+00:00","dateModified":"2022-03-15T13:54:22+00:00"},{"@type":"WebSite","@id":"https:\/\/www.binauralmedia.org\/news\/#website","url":"https:\/\/www.binauralmedia.org\/news\/","name":"binauralmedia.org","description":"Rural Based Sound\/Media Arts & Social Research","inLanguage":"pt-PT","publisher":{"@id":"https:\/\/www.binauralmedia.org\/news\/#organization"}}]},"og:locale":"pt_PT","og:site_name":"binauralmedia.org - Rural Based Sound\/Media Arts &amp; Social Research","og:type":"article","og:title":"Binaural Nodar participa em cat\u00e1logo de arquitectura rural - binauralmedia.org","og:description":"J\u00e1 est\u00e1 dispon\u00edvel para venda, no s\u00edtio web da livraria da Sec\u00e7\u00e3o Regional do Norte da Ordem dos Arquitectos, o cat\u00e1logo Arquitectura em Contexto Rural. Uma edi\u00e7\u00e3o da Ordem dos Arquitectos, com autoria da Ordem dos Arquitectos Sec\u00e7\u00e3o Regional do Centro e ideia original do extinto N\u00facleo de Arquitectos da Regi\u00e3o de Viseu (NARV) e","og:url":"https:\/\/www.binauralmedia.org\/news\/arquivo\/15751","article:published_time":"2022-02-15T13:48:00+00:00","article:modified_time":"2022-03-15T13:54:22+00:00","twitter:card":"summary_large_image","twitter:title":"Binaural Nodar participa em cat\u00e1logo de arquitectura rural - binauralmedia.org","twitter:description":"J\u00e1 est\u00e1 dispon\u00edvel para venda, no s\u00edtio web da livraria da Sec\u00e7\u00e3o Regional do Norte da Ordem dos Arquitectos, o cat\u00e1logo Arquitectura em Contexto Rural. Uma edi\u00e7\u00e3o da Ordem dos Arquitectos, com autoria da Ordem dos Arquitectos Sec\u00e7\u00e3o Regional do Centro e ideia original do extinto N\u00facleo de Arquitectos da Regi\u00e3o de Viseu (NARV) e"},"aioseo_meta_data":{"post_id":"15751","title":null,"description":null,"keywords":null,"keyphrases":null,"primary_term":null,"canonical_url":null,"og_title":null,"og_description":null,"og_object_type":"default","og_image_type":"default","og_image_custom_url":null,"og_image_custom_fields":null,"og_image_url":null,"og_image_width":null,"og_image_height":null,"og_video":null,"og_custom_url":null,"og_article_section":null,"og_article_tags":null,"twitter_use_og":false,"twitter_card":"default","twitter_image_type":"default","twitter_image_custom_url":null,"twitter_image_custom_fields":null,"twitter_image_url":null,"twitter_title":null,"twitter_description":null,"schema_type":"default","schema_type_options":null,"schema":{"blockGraphs":[],"customGraphs":[],"default":{"data":{"Article":[],"Course":[],"Dataset":[],"FAQPage":[],"Movie":[],"Person":[],"Product":[],"ProductReview":[],"Car":[],"Recipe":[],"Service":[],"SoftwareApplication":[],"WebPage":[]},"graphName":"","isEnabled":true},"graphs":[]},"pillar_content":false,"robots_default":true,"robots_noindex":false,"robots_noarchive":false,"robots_nosnippet":false,"robots_nofollow":false,"robots_noimageindex":false,"robots_noodp":false,"robots_notranslate":false,"robots_max_snippet":null,"robots_max_videopreview":null,"robots_max_imagepreview":"large","priority":null,"frequency":null,"local_seo":null,"limit_modified_date":false,"ai":null,"breadcrumb_settings":null,"seo_analyzer_scan_date":null,"created":"2026-08-05 04:33:11","updated":"2026-08-05 04:33:11","focus_keyword":null,"additional_keywords":null,"truseo_locale":null},"aioseo_breadcrumb":"<div class=\"aioseo-breadcrumbs\"><span class=\"aioseo-breadcrumb\">\n\t\t\t<a href=\"https:\/\/www.binauralmedia.org\/news\" title=\"Home\">Home<\/a>\n\t\t<\/span><span class=\"aioseo-breadcrumb-separator\">&raquo;<\/span><span class=\"aioseo-breadcrumb\">\n\t\t\t<a href=\"https:\/\/www.binauralmedia.org\/news\/arquivo\/category\/news\" title=\"Not\u00edcias\">Not\u00edcias<\/a>\n\t\t<\/span><span class=\"aioseo-breadcrumb-separator\">&raquo;<\/span><span class=\"aioseo-breadcrumb\">\n\t\t\tBinaural Nodar participa em cat\u00e1logo de arquitectura rural\n\t\t<\/span><\/div>","aioseo_breadcrumb_json":[{"label":"Home","link":"https:\/\/www.binauralmedia.org\/news"},{"label":"Not\u00edcias","link":"https:\/\/www.binauralmedia.org\/news\/arquivo\/category\/news"},{"label":"Binaural Nodar participa em cat\u00e1logo de arquitectura rural","link":"https:\/\/www.binauralmedia.org\/news\/arquivo\/15751"}],"_links":{"self":[{"href":"https:\/\/www.binauralmedia.org\/news\/wp-json\/wp\/v2\/posts\/15751","targetHints":{"allow":["GET"]}}],"collection":[{"href":"https:\/\/www.binauralmedia.org\/news\/wp-json\/wp\/v2\/posts"}],"about":[{"href":"https:\/\/www.binauralmedia.org\/news\/wp-json\/wp\/v2\/types\/post"}],"author":[{"embeddable":true,"href":"https:\/\/www.binauralmedia.org\/news\/wp-json\/wp\/v2\/users\/2"}],"replies":[{"embeddable":true,"href":"https:\/\/www.binauralmedia.org\/news\/wp-json\/wp\/v2\/comments?post=15751"}],"version-history":[{"count":2,"href":"https:\/\/www.binauralmedia.org\/news\/wp-json\/wp\/v2\/posts\/15751\/revisions"}],"predecessor-version":[{"id":15755,"href":"https:\/\/www.binauralmedia.org\/news\/wp-json\/wp\/v2\/posts\/15751\/revisions\/15755"}],"wp:featuredmedia":[{"embeddable":true,"href":"https:\/\/www.binauralmedia.org\/news\/wp-json\/wp\/v2\/media\/15752"}],"wp:attachment":[{"href":"https:\/\/www.binauralmedia.org\/news\/wp-json\/wp\/v2\/media?parent=15751"}],"wp:term":[{"taxonomy":"category","embeddable":true,"href":"https:\/\/www.binauralmedia.org\/news\/wp-json\/wp\/v2\/categories?post=15751"},{"taxonomy":"post_tag","embeddable":true,"href":"https:\/\/www.binauralmedia.org\/news\/wp-json\/wp\/v2\/tags?post=15751"}],"curies":[{"name":"wp","href":"https:\/\/api.w.org\/{rel}","templated":true}]}}