{"id":15736,"date":"2022-02-10T11:37:15","date_gmt":"2022-02-10T11:37:15","guid":{"rendered":"https:\/\/www.binauralmedia.org\/news?p=15736"},"modified":"2022-02-10T11:37:15","modified_gmt":"2022-02-10T11:37:15","slug":"projeto-ecos-da-ida-e-do-retorno-inicia-no-uruguai","status":"publish","type":"post","link":"https:\/\/www.binauralmedia.org\/news\/arquivo\/15736","title":{"rendered":"Projeto &#8220;Ecos da Ida e do Retorno&#8221; inicia no Uruguai"},"content":{"rendered":"<p>Entre Fevereiro e Mar\u00e7o de 2022, a associa\u00e7\u00e3o cultural Binaural Nodar (Regi\u00e3o de Viseu D\u00e3o Laf\u00f5es, Portugal) desenvolver\u00e1, em coprodu\u00e7\u00e3o com a Casa de Portugal de Montevideu, a primeira etapa do projeto &#8220;Ecos da Ida e do Retorno: Lugar, corpo e sonoridade na emigra\u00e7\u00e3o portuguesa&#8221;. Este projeto indagar\u00e1 especificamente sobre dimens\u00f5es relacionadas com a emigra\u00e7\u00e3o portuguesa no Uruguai. Entre diversas \u00e9pocas e v\u00e1rios lugares, de sa\u00edda e de chegada, encetar-se-\u00e1 uma viagem atrav\u00e9s de v\u00e1rias gera\u00e7\u00f5es de uruguaios que chegaram ou s\u00e3o descendentes de gente que chegou de Portugal.<\/p>\n<p>Nesta primeira fase do projeto ser\u00e3o desenvolvidos v\u00e1rios encontros com membros da comunidade portuguesa e luso-descendente da zona de Montevideu, iniciando-se um percurso em busca de ecos de identidade, de transforma\u00e7\u00f5es, de viv\u00eancias coletivas, familiares e individuais. Ao longo do ciclo de encontros tentar-se-\u00e1 descobrir como se constr\u00f3i a &#8220;portugalidade&#8221;, onde habita, como respira e se expressa. O projeto pretende ainda compreender e compartilhar, atrav\u00e9s de apresenta\u00e7\u00f5es na internet ou de inst\u00e2ncia presenciais, que micro-relatos ou grandes hist\u00f3rias poder\u00e3o estar presentes em pequenos detalhes destas fam\u00edlias ou destas casas, simultaneamente uruguaias e lus\u00f3fonas.<\/p>\n<p>Este primeiro ciclo de encontros ser\u00e1 dinamizado pela antrop\u00f3loga uruguaia Ana Cecilia Rodr\u00edguez, a qual desenvolve desde 2015 o projeto Mapa Sonoro de Uruguay, o qual prop\u00f5e diversas formas de sociabilizar e de valorizar mem\u00f3rias e formas patrimoniais pouco conhecidas. &#8220;Ecos da ida e do Retorno&#8221; representa a continua\u00e7\u00e3o de um percurso colaborativo entre a Binaural Nodar e o Mapa Sonoro de Uruguay, iniciado em 2018, o qual j\u00e1 se materializou no desenvolvimento de narrativas sonoras do norte uruguaio e na regi\u00e3o centro de Portugal, na explora\u00e7\u00e3o dos espa\u00e7os rurais, em simult\u00e2neo com uma reflex\u00e3o sobre as possibilidades da arte enquanto meio de comunica\u00e7\u00e3o, conhecimento e transcend\u00eancia em territ\u00f3rios muitas vezes perif\u00e9ricos e esquecidos.<\/p>\n<p>A colabora\u00e7\u00e3o com a Casa de Portugal de Montevideu \u00e9 de extrema relev\u00e2ncia para o projeto, pelo conhecimento que a mesma tem sobre a comunidade portuguesa e pelo dinamismo do seu programa regular de atividades. Por outro lado, a Binaural Nodar agradece uma vez mais o apoio de divulga\u00e7\u00e3o da Embaixada de Portugal em Montevideu, com a qual existe j\u00e1 um percurso de v\u00e1rios anos de articula\u00e7\u00e3o e se tem manifestado sempre dispon\u00edvel para apoiar propostas que fomentam uma liga\u00e7\u00e3o cultural entre Portugal e o Uruguai.<\/p>\n<p>Esta primeira fase do projeto &#8220;Ecos da Ida e do Retorno&#8221; est\u00e1 inserido num conjunto mais vasto de atividades sobre a tem\u00e1tica das migra\u00e7\u00f5es de\/para Portugal, incluindo trabalho de campo, media\u00e7\u00e3o cultural, acolhimento art\u00edstico, ateli\u00eas, exposi\u00e7\u00f5es, etc., a desenvolver nos anos de 2022 e 2023 em v\u00e1rios pa\u00edses como o Uruguai, o Brasil, a Fran\u00e7a, a Su\u00ed\u00e7a e Portugal.<\/p>\n","protected":false},"excerpt":{"rendered":"<p>Entre Fevereiro e Mar\u00e7o de 2022, a associa\u00e7\u00e3o cultural Binaural  [&#8230;]<\/p>\n","protected":false},"author":2,"featured_media":15737,"comment_status":"closed","ping_status":"closed","sticky":false,"template":"","format":"standard","meta":{"_acf_changed":false,"_bbp_topic_count":0,"_bbp_reply_count":0,"_bbp_total_topic_count":0,"_bbp_total_reply_count":0,"_bbp_voice_count":0,"_bbp_anonymous_reply_count":0,"_bbp_topic_count_hidden":0,"_bbp_reply_count_hidden":0,"_bbp_forum_subforum_count":0,"footnotes":""},"categories":[1158,1,676],"tags":[],"class_list":["post-15736","post","type-post","status-publish","format-standard","has-post-thumbnail","hentry","category-visual-sound-ethnograhpy","category-news","category-artist-residencies"],"acf":[],"aioseo_notices":[],"aioseo_head":"\n\t\t<!-- All in One SEO 5.0.1.1 - aioseo.com -->\n\t<meta name=\"description\" content=\"Entre Fevereiro e Mar\u00e7o de 2022, a associa\u00e7\u00e3o cultural Binaural Nodar (Regi\u00e3o de Viseu D\u00e3o Laf\u00f5es, Portugal) desenvolver\u00e1, em coprodu\u00e7\u00e3o com a Casa de Portugal de Montevideu, a primeira etapa do projeto &quot;Ecos da Ida e do Retorno: Lugar, corpo e sonoridade na emigra\u00e7\u00e3o portuguesa&quot;. Este projeto indagar\u00e1 especificamente sobre dimens\u00f5es relacionadas com a emigra\u00e7\u00e3o\" \/>\n\t<meta name=\"robots\" content=\"max-image-preview:large\" \/>\n\t<meta name=\"author\" content=\"luiscosta\"\/>\n\t<link rel=\"canonical\" href=\"https:\/\/www.binauralmedia.org\/news\/arquivo\/15736\" \/>\n\t<meta name=\"generator\" content=\"All in One SEO (AIOSEO) 5.0.1.1\" \/>\n\t\t<meta property=\"og:locale\" content=\"pt_PT\" \/>\n\t\t<meta property=\"og:site_name\" content=\"binauralmedia.org - Rural Based Sound\/Media Arts &amp; Social Research\" \/>\n\t\t<meta property=\"og:type\" content=\"article\" \/>\n\t\t<meta property=\"og:title\" content=\"Projeto \u201cEcos da Ida e do Retorno\u201d inicia no Uruguai - binauralmedia.org\" \/>\n\t\t<meta property=\"og:description\" content=\"Entre Fevereiro e Mar\u00e7o de 2022, a associa\u00e7\u00e3o cultural Binaural Nodar (Regi\u00e3o de Viseu D\u00e3o Laf\u00f5es, Portugal) desenvolver\u00e1, em coprodu\u00e7\u00e3o com a Casa de Portugal de Montevideu, a primeira etapa do projeto &quot;Ecos da Ida e do Retorno: Lugar, corpo e sonoridade na emigra\u00e7\u00e3o portuguesa&quot;. Este projeto indagar\u00e1 especificamente sobre dimens\u00f5es relacionadas com a emigra\u00e7\u00e3o\" \/>\n\t\t<meta property=\"og:url\" content=\"https:\/\/www.binauralmedia.org\/news\/arquivo\/15736\" \/>\n\t\t<meta property=\"article:published_time\" content=\"2022-02-10T11:37:15+00:00\" \/>\n\t\t<meta property=\"article:modified_time\" content=\"2022-02-10T11:37:15+00:00\" \/>\n\t\t<meta name=\"twitter:card\" content=\"summary_large_image\" \/>\n\t\t<meta name=\"twitter:title\" content=\"Projeto \u201cEcos da Ida e do Retorno\u201d inicia no Uruguai - binauralmedia.org\" \/>\n\t\t<meta name=\"twitter:description\" content=\"Entre Fevereiro e Mar\u00e7o de 2022, a associa\u00e7\u00e3o cultural Binaural Nodar (Regi\u00e3o de Viseu D\u00e3o Laf\u00f5es, Portugal) desenvolver\u00e1, em coprodu\u00e7\u00e3o com a Casa de Portugal de Montevideu, a primeira etapa do projeto &quot;Ecos da Ida e do Retorno: Lugar, corpo e sonoridade na emigra\u00e7\u00e3o portuguesa&quot;. Este projeto indagar\u00e1 especificamente sobre dimens\u00f5es relacionadas com a emigra\u00e7\u00e3o\" \/>\n\t\t<script type=\"application\/ld+json\" class=\"aioseo-schema\">\n\t\t\t{\"@context\":\"https:\\\/\\\/schema.org\",\"@graph\":[{\"@type\":\"BlogPosting\",\"@id\":\"https:\\\/\\\/www.binauralmedia.org\\\/news\\\/arquivo\\\/15736#blogposting\",\"name\":\"Projeto \\u201cEcos da Ida e do Retorno\\u201d inicia no Uruguai - binauralmedia.org\",\"headline\":\"Projeto &#8220;Ecos da Ida e do Retorno&#8221; inicia no Uruguai\",\"author\":{\"@id\":\"https:\\\/\\\/www.binauralmedia.org\\\/news\\\/arquivo\\\/author\\\/luiscosta#author\"},\"publisher\":{\"@id\":\"https:\\\/\\\/www.binauralmedia.org\\\/news\\\/#organization\"},\"image\":{\"@type\":\"ImageObject\",\"url\":\"https:\\\/\\\/www.binauralmedia.org\\\/news\\\/wp-content\\\/uploads\\\/Ecos-da-Ida-e-do-Retorno-Uruguai-Imagem-Site.jpg\",\"width\":1200,\"height\":800},\"datePublished\":\"2022-02-10T11:37:15+00:00\",\"dateModified\":\"2022-02-10T11:37:15+00:00\",\"inLanguage\":\"pt-PT\",\"mainEntityOfPage\":{\"@id\":\"https:\\\/\\\/www.binauralmedia.org\\\/news\\\/arquivo\\\/15736#webpage\"},\"isPartOf\":{\"@id\":\"https:\\\/\\\/www.binauralmedia.org\\\/news\\\/arquivo\\\/15736#webpage\"},\"articleSection\":\"Etnografia Sonora e Visual, Not\\u00edcias, Resid\\u00eancias Art\\u00edsticas, Opcional\"},{\"@type\":\"BreadcrumbList\",\"@id\":\"https:\\\/\\\/www.binauralmedia.org\\\/news\\\/arquivo\\\/15736#breadcrumblist\",\"itemListElement\":[{\"@type\":\"ListItem\",\"@id\":\"https:\\\/\\\/www.binauralmedia.org\\\/news#listItem\",\"position\":1,\"name\":\"Home\",\"item\":\"https:\\\/\\\/www.binauralmedia.org\\\/news\",\"nextItem\":{\"@type\":\"ListItem\",\"@id\":\"https:\\\/\\\/www.binauralmedia.org\\\/news\\\/arquivo\\\/category\\\/news#listItem\",\"name\":\"Not\\u00edcias\"}},{\"@type\":\"ListItem\",\"@id\":\"https:\\\/\\\/www.binauralmedia.org\\\/news\\\/arquivo\\\/category\\\/news#listItem\",\"position\":2,\"name\":\"Not\\u00edcias\",\"item\":\"https:\\\/\\\/www.binauralmedia.org\\\/news\\\/arquivo\\\/category\\\/news\",\"nextItem\":{\"@type\":\"ListItem\",\"@id\":\"https:\\\/\\\/www.binauralmedia.org\\\/news\\\/arquivo\\\/15736#listItem\",\"name\":\"Projeto &#8220;Ecos da Ida e do Retorno&#8221; inicia no Uruguai\"},\"previousItem\":{\"@type\":\"ListItem\",\"@id\":\"https:\\\/\\\/www.binauralmedia.org\\\/news#listItem\",\"name\":\"Home\"}},{\"@type\":\"ListItem\",\"@id\":\"https:\\\/\\\/www.binauralmedia.org\\\/news\\\/arquivo\\\/15736#listItem\",\"position\":3,\"name\":\"Projeto &#8220;Ecos da Ida e do Retorno&#8221; inicia no Uruguai\",\"previousItem\":{\"@type\":\"ListItem\",\"@id\":\"https:\\\/\\\/www.binauralmedia.org\\\/news\\\/arquivo\\\/category\\\/news#listItem\",\"name\":\"Not\\u00edcias\"}}]},{\"@type\":\"Organization\",\"@id\":\"https:\\\/\\\/www.binauralmedia.org\\\/news\\\/#organization\",\"name\":\"binauralmedia.org\",\"description\":\"Rural Based Sound\\\/Media Arts & Social Research\",\"url\":\"https:\\\/\\\/www.binauralmedia.org\\\/news\\\/\"},{\"@type\":\"Person\",\"@id\":\"https:\\\/\\\/www.binauralmedia.org\\\/news\\\/arquivo\\\/author\\\/luiscosta#author\",\"url\":\"https:\\\/\\\/www.binauralmedia.org\\\/news\\\/arquivo\\\/author\\\/luiscosta\",\"name\":\"luiscosta\"},{\"@type\":\"WebPage\",\"@id\":\"https:\\\/\\\/www.binauralmedia.org\\\/news\\\/arquivo\\\/15736#webpage\",\"url\":\"https:\\\/\\\/www.binauralmedia.org\\\/news\\\/arquivo\\\/15736\",\"name\":\"Projeto \\u201cEcos da Ida e do Retorno\\u201d inicia no Uruguai - binauralmedia.org\",\"description\":\"Entre Fevereiro e Mar\\u00e7o de 2022, a associa\\u00e7\\u00e3o cultural Binaural Nodar (Regi\\u00e3o de Viseu D\\u00e3o Laf\\u00f5es, Portugal) desenvolver\\u00e1, em coprodu\\u00e7\\u00e3o com a Casa de Portugal de Montevideu, a primeira etapa do projeto \\\"Ecos da Ida e do Retorno: Lugar, corpo e sonoridade na emigra\\u00e7\\u00e3o portuguesa\\\". Este projeto indagar\\u00e1 especificamente sobre dimens\\u00f5es relacionadas com a emigra\\u00e7\\u00e3o\",\"inLanguage\":\"pt-PT\",\"isPartOf\":{\"@id\":\"https:\\\/\\\/www.binauralmedia.org\\\/news\\\/#website\"},\"breadcrumb\":{\"@id\":\"https:\\\/\\\/www.binauralmedia.org\\\/news\\\/arquivo\\\/15736#breadcrumblist\"},\"author\":{\"@id\":\"https:\\\/\\\/www.binauralmedia.org\\\/news\\\/arquivo\\\/author\\\/luiscosta#author\"},\"creator\":{\"@id\":\"https:\\\/\\\/www.binauralmedia.org\\\/news\\\/arquivo\\\/author\\\/luiscosta#author\"},\"image\":{\"@type\":\"ImageObject\",\"url\":\"https:\\\/\\\/www.binauralmedia.org\\\/news\\\/wp-content\\\/uploads\\\/Ecos-da-Ida-e-do-Retorno-Uruguai-Imagem-Site.jpg\",\"@id\":\"https:\\\/\\\/www.binauralmedia.org\\\/news\\\/arquivo\\\/15736\\\/#mainImage\",\"width\":1200,\"height\":800},\"primaryImageOfPage\":{\"@id\":\"https:\\\/\\\/www.binauralmedia.org\\\/news\\\/arquivo\\\/15736#mainImage\"},\"datePublished\":\"2022-02-10T11:37:15+00:00\",\"dateModified\":\"2022-02-10T11:37:15+00:00\"},{\"@type\":\"WebSite\",\"@id\":\"https:\\\/\\\/www.binauralmedia.org\\\/news\\\/#website\",\"url\":\"https:\\\/\\\/www.binauralmedia.org\\\/news\\\/\",\"name\":\"binauralmedia.org\",\"description\":\"Rural Based Sound\\\/Media Arts & Social Research\",\"inLanguage\":\"pt-PT\",\"publisher\":{\"@id\":\"https:\\\/\\\/www.binauralmedia.org\\\/news\\\/#organization\"}}]}\n\t\t<\/script>\n\t\t<!-- All in One SEO -->\n\n","aioseo_head_json":{"title":"Projeto \u201cEcos da Ida e do Retorno\u201d inicia no Uruguai - binauralmedia.org","description":"Entre Fevereiro e Mar\u00e7o de 2022, a associa\u00e7\u00e3o cultural Binaural Nodar (Regi\u00e3o de Viseu D\u00e3o Laf\u00f5es, Portugal) desenvolver\u00e1, em coprodu\u00e7\u00e3o com a Casa de Portugal de Montevideu, a primeira etapa do projeto \"Ecos da Ida e do Retorno: Lugar, corpo e sonoridade na emigra\u00e7\u00e3o portuguesa\". Este projeto indagar\u00e1 especificamente sobre dimens\u00f5es relacionadas com a emigra\u00e7\u00e3o","canonical_url":"https:\/\/www.binauralmedia.org\/news\/arquivo\/15736","robots":"max-image-preview:large","keywords":"","webmasterTools":{"miscellaneous":""},"schema":{"@context":"https:\/\/schema.org","@graph":[{"@type":"BlogPosting","@id":"https:\/\/www.binauralmedia.org\/news\/arquivo\/15736#blogposting","name":"Projeto \u201cEcos da Ida e do Retorno\u201d inicia no Uruguai - binauralmedia.org","headline":"Projeto &#8220;Ecos da Ida e do Retorno&#8221; inicia no Uruguai","author":{"@id":"https:\/\/www.binauralmedia.org\/news\/arquivo\/author\/luiscosta#author"},"publisher":{"@id":"https:\/\/www.binauralmedia.org\/news\/#organization"},"image":{"@type":"ImageObject","url":"https:\/\/www.binauralmedia.org\/news\/wp-content\/uploads\/Ecos-da-Ida-e-do-Retorno-Uruguai-Imagem-Site.jpg","width":1200,"height":800},"datePublished":"2022-02-10T11:37:15+00:00","dateModified":"2022-02-10T11:37:15+00:00","inLanguage":"pt-PT","mainEntityOfPage":{"@id":"https:\/\/www.binauralmedia.org\/news\/arquivo\/15736#webpage"},"isPartOf":{"@id":"https:\/\/www.binauralmedia.org\/news\/arquivo\/15736#webpage"},"articleSection":"Etnografia Sonora e Visual, Not\u00edcias, Resid\u00eancias Art\u00edsticas, Opcional"},{"@type":"BreadcrumbList","@id":"https:\/\/www.binauralmedia.org\/news\/arquivo\/15736#breadcrumblist","itemListElement":[{"@type":"ListItem","@id":"https:\/\/www.binauralmedia.org\/news#listItem","position":1,"name":"Home","item":"https:\/\/www.binauralmedia.org\/news","nextItem":{"@type":"ListItem","@id":"https:\/\/www.binauralmedia.org\/news\/arquivo\/category\/news#listItem","name":"Not\u00edcias"}},{"@type":"ListItem","@id":"https:\/\/www.binauralmedia.org\/news\/arquivo\/category\/news#listItem","position":2,"name":"Not\u00edcias","item":"https:\/\/www.binauralmedia.org\/news\/arquivo\/category\/news","nextItem":{"@type":"ListItem","@id":"https:\/\/www.binauralmedia.org\/news\/arquivo\/15736#listItem","name":"Projeto &#8220;Ecos da Ida e do Retorno&#8221; inicia no Uruguai"},"previousItem":{"@type":"ListItem","@id":"https:\/\/www.binauralmedia.org\/news#listItem","name":"Home"}},{"@type":"ListItem","@id":"https:\/\/www.binauralmedia.org\/news\/arquivo\/15736#listItem","position":3,"name":"Projeto &#8220;Ecos da Ida e do Retorno&#8221; inicia no Uruguai","previousItem":{"@type":"ListItem","@id":"https:\/\/www.binauralmedia.org\/news\/arquivo\/category\/news#listItem","name":"Not\u00edcias"}}]},{"@type":"Organization","@id":"https:\/\/www.binauralmedia.org\/news\/#organization","name":"binauralmedia.org","description":"Rural Based Sound\/Media Arts & Social Research","url":"https:\/\/www.binauralmedia.org\/news\/"},{"@type":"Person","@id":"https:\/\/www.binauralmedia.org\/news\/arquivo\/author\/luiscosta#author","url":"https:\/\/www.binauralmedia.org\/news\/arquivo\/author\/luiscosta","name":"luiscosta"},{"@type":"WebPage","@id":"https:\/\/www.binauralmedia.org\/news\/arquivo\/15736#webpage","url":"https:\/\/www.binauralmedia.org\/news\/arquivo\/15736","name":"Projeto \u201cEcos da Ida e do Retorno\u201d inicia no Uruguai - binauralmedia.org","description":"Entre Fevereiro e Mar\u00e7o de 2022, a associa\u00e7\u00e3o cultural Binaural Nodar (Regi\u00e3o de Viseu D\u00e3o Laf\u00f5es, Portugal) desenvolver\u00e1, em coprodu\u00e7\u00e3o com a Casa de Portugal de Montevideu, a primeira etapa do projeto \"Ecos da Ida e do Retorno: Lugar, corpo e sonoridade na emigra\u00e7\u00e3o portuguesa\". Este projeto indagar\u00e1 especificamente sobre dimens\u00f5es relacionadas com a emigra\u00e7\u00e3o","inLanguage":"pt-PT","isPartOf":{"@id":"https:\/\/www.binauralmedia.org\/news\/#website"},"breadcrumb":{"@id":"https:\/\/www.binauralmedia.org\/news\/arquivo\/15736#breadcrumblist"},"author":{"@id":"https:\/\/www.binauralmedia.org\/news\/arquivo\/author\/luiscosta#author"},"creator":{"@id":"https:\/\/www.binauralmedia.org\/news\/arquivo\/author\/luiscosta#author"},"image":{"@type":"ImageObject","url":"https:\/\/www.binauralmedia.org\/news\/wp-content\/uploads\/Ecos-da-Ida-e-do-Retorno-Uruguai-Imagem-Site.jpg","@id":"https:\/\/www.binauralmedia.org\/news\/arquivo\/15736\/#mainImage","width":1200,"height":800},"primaryImageOfPage":{"@id":"https:\/\/www.binauralmedia.org\/news\/arquivo\/15736#mainImage"},"datePublished":"2022-02-10T11:37:15+00:00","dateModified":"2022-02-10T11:37:15+00:00"},{"@type":"WebSite","@id":"https:\/\/www.binauralmedia.org\/news\/#website","url":"https:\/\/www.binauralmedia.org\/news\/","name":"binauralmedia.org","description":"Rural Based Sound\/Media Arts & Social Research","inLanguage":"pt-PT","publisher":{"@id":"https:\/\/www.binauralmedia.org\/news\/#organization"}}]},"og:locale":"pt_PT","og:site_name":"binauralmedia.org - Rural Based Sound\/Media Arts &amp; Social Research","og:type":"article","og:title":"Projeto \u201cEcos da Ida e do Retorno\u201d inicia no Uruguai - binauralmedia.org","og:description":"Entre Fevereiro e Mar\u00e7o de 2022, a associa\u00e7\u00e3o cultural Binaural Nodar (Regi\u00e3o de Viseu D\u00e3o Laf\u00f5es, Portugal) desenvolver\u00e1, em coprodu\u00e7\u00e3o com a Casa de Portugal de Montevideu, a primeira etapa do projeto &quot;Ecos da Ida e do Retorno: Lugar, corpo e sonoridade na emigra\u00e7\u00e3o portuguesa&quot;. Este projeto indagar\u00e1 especificamente sobre dimens\u00f5es relacionadas com a emigra\u00e7\u00e3o","og:url":"https:\/\/www.binauralmedia.org\/news\/arquivo\/15736","article:published_time":"2022-02-10T11:37:15+00:00","article:modified_time":"2022-02-10T11:37:15+00:00","twitter:card":"summary_large_image","twitter:title":"Projeto \u201cEcos da Ida e do Retorno\u201d inicia no Uruguai - binauralmedia.org","twitter:description":"Entre Fevereiro e Mar\u00e7o de 2022, a associa\u00e7\u00e3o cultural Binaural Nodar (Regi\u00e3o de Viseu D\u00e3o Laf\u00f5es, Portugal) desenvolver\u00e1, em coprodu\u00e7\u00e3o com a Casa de Portugal de Montevideu, a primeira etapa do projeto &quot;Ecos da Ida e do Retorno: Lugar, corpo e sonoridade na emigra\u00e7\u00e3o portuguesa&quot;. Este projeto indagar\u00e1 especificamente sobre dimens\u00f5es relacionadas com a emigra\u00e7\u00e3o"},"aioseo_meta_data":{"post_id":"15736","title":null,"description":null,"keywords":null,"keyphrases":null,"primary_term":null,"canonical_url":null,"og_title":null,"og_description":null,"og_object_type":"default","og_image_type":"default","og_image_custom_url":null,"og_image_custom_fields":null,"og_image_url":null,"og_image_width":null,"og_image_height":null,"og_video":null,"og_custom_url":null,"og_article_section":null,"og_article_tags":null,"twitter_use_og":false,"twitter_card":"default","twitter_image_type":"default","twitter_image_custom_url":null,"twitter_image_custom_fields":null,"twitter_image_url":null,"twitter_title":null,"twitter_description":null,"schema_type":"default","schema_type_options":null,"schema":{"blockGraphs":[],"customGraphs":[],"default":{"data":{"Article":[],"Course":[],"Dataset":[],"FAQPage":[],"Movie":[],"Person":[],"Product":[],"ProductReview":[],"Car":[],"Recipe":[],"Service":[],"SoftwareApplication":[],"WebPage":[]},"graphName":"","isEnabled":true},"graphs":[]},"pillar_content":false,"robots_default":true,"robots_noindex":false,"robots_noarchive":false,"robots_nosnippet":false,"robots_nofollow":false,"robots_noimageindex":false,"robots_noodp":false,"robots_notranslate":false,"robots_max_snippet":null,"robots_max_videopreview":null,"robots_max_imagepreview":"large","priority":null,"frequency":null,"local_seo":null,"limit_modified_date":false,"ai":null,"breadcrumb_settings":null,"seo_analyzer_scan_date":null,"created":"2026-08-05 04:33:11","updated":"2026-08-05 04:33:11","focus_keyword":null,"additional_keywords":null,"truseo_locale":null},"aioseo_breadcrumb":"<div class=\"aioseo-breadcrumbs\"><span class=\"aioseo-breadcrumb\">\n\t\t\t<a href=\"https:\/\/www.binauralmedia.org\/news\" title=\"Home\">Home<\/a>\n\t\t<\/span><span class=\"aioseo-breadcrumb-separator\">&raquo;<\/span><span class=\"aioseo-breadcrumb\">\n\t\t\t<a href=\"https:\/\/www.binauralmedia.org\/news\/arquivo\/category\/news\" title=\"Not\u00edcias\">Not\u00edcias<\/a>\n\t\t<\/span><span class=\"aioseo-breadcrumb-separator\">&raquo;<\/span><span class=\"aioseo-breadcrumb\">\n\t\t\tProjeto \u201cEcos da Ida e do Retorno\u201d inicia no Uruguai\n\t\t<\/span><\/div>","aioseo_breadcrumb_json":[{"label":"Home","link":"https:\/\/www.binauralmedia.org\/news"},{"label":"Not\u00edcias","link":"https:\/\/www.binauralmedia.org\/news\/arquivo\/category\/news"},{"label":"Projeto &#8220;Ecos da Ida e do Retorno&#8221; inicia no Uruguai","link":"https:\/\/www.binauralmedia.org\/news\/arquivo\/15736"}],"_links":{"self":[{"href":"https:\/\/www.binauralmedia.org\/news\/wp-json\/wp\/v2\/posts\/15736","targetHints":{"allow":["GET"]}}],"collection":[{"href":"https:\/\/www.binauralmedia.org\/news\/wp-json\/wp\/v2\/posts"}],"about":[{"href":"https:\/\/www.binauralmedia.org\/news\/wp-json\/wp\/v2\/types\/post"}],"author":[{"embeddable":true,"href":"https:\/\/www.binauralmedia.org\/news\/wp-json\/wp\/v2\/users\/2"}],"replies":[{"embeddable":true,"href":"https:\/\/www.binauralmedia.org\/news\/wp-json\/wp\/v2\/comments?post=15736"}],"version-history":[{"count":1,"href":"https:\/\/www.binauralmedia.org\/news\/wp-json\/wp\/v2\/posts\/15736\/revisions"}],"predecessor-version":[{"id":15739,"href":"https:\/\/www.binauralmedia.org\/news\/wp-json\/wp\/v2\/posts\/15736\/revisions\/15739"}],"wp:featuredmedia":[{"embeddable":true,"href":"https:\/\/www.binauralmedia.org\/news\/wp-json\/wp\/v2\/media\/15737"}],"wp:attachment":[{"href":"https:\/\/www.binauralmedia.org\/news\/wp-json\/wp\/v2\/media?parent=15736"}],"wp:term":[{"taxonomy":"category","embeddable":true,"href":"https:\/\/www.binauralmedia.org\/news\/wp-json\/wp\/v2\/categories?post=15736"},{"taxonomy":"post_tag","embeddable":true,"href":"https:\/\/www.binauralmedia.org\/news\/wp-json\/wp\/v2\/tags?post=15736"}],"curies":[{"name":"wp","href":"https:\/\/api.w.org\/{rel}","templated":true}]}}