{"id":12323,"date":"2021-05-13T21:27:24","date_gmt":"2021-05-13T21:27:24","guid":{"rendered":"https:\/\/www.binauralmedia.org\/news\/?p=12323"},"modified":"2021-08-16T15:41:56","modified_gmt":"2021-08-16T15:41:56","slug":"concluida-a-primeira-fase-do-projeto-dancar-com-a-raiz","status":"publish","type":"post","link":"https:\/\/www.binauralmedia.org\/news\/arquivo\/12323","title":{"rendered":"Conclu\u00edda a primeira fase do projeto &#8220;Dan\u00e7ar com a raiz&#8221;"},"content":{"rendered":"<div class=\"kvgmc6g5 cxmmr5t8 oygrvhab hcukyx3x c1et5uql ii04i59q\">\n<div dir=\"auto\">A Binaural Nodar est\u00e1 a colaborar ao longo de 2021 com o Munic\u00edpio de Castro Daire num projeto de recolhas sobre os ranchos folcl\u00f3ricos do concelho.<\/div>\n<\/div>\n<div class=\"o9v6fnle cxmmr5t8 oygrvhab hcukyx3x c1et5uql ii04i59q\">\n<div dir=\"auto\">Este projeto intitula-se &#8216;Dan\u00e7ar com a raiz&#8221; e ter\u00e1 como resultados uma exposi\u00e7\u00e3o e um livro retrospectivos a serem apresentados no final de agosto e que pretendem homenagear a paix\u00e3o pelas tradi\u00e7\u00f5es etnogr\u00e1ficas, musicais e coreol\u00f3gicas existente em muitas aldeias do concelho de Castro Daire e na comunidade castrense de Lisboa.<\/div>\n<div dir=\"auto\"><\/div>\n<\/div>\n<div class=\"o9v6fnle cxmmr5t8 oygrvhab hcukyx3x c1et5uql ii04i59q\">\n<div dir=\"auto\">Um agradecimento sincero ao empenho e colabora\u00e7\u00e3o de todos os membros das dire\u00e7\u00f5es dos ranchos que entre mar\u00e7o e maio acederam a ser entrevistados e que disponibilizaram muita documenta\u00e7\u00e3o sobre o historial dos respetivos grupos folcl\u00f3ricos.<\/div>\n<\/div>\n<div class=\"o9v6fnle cxmmr5t8 oygrvhab hcukyx3x c1et5uql ii04i59q\">\n<div dir=\"auto\"><\/div>\n<div dir=\"auto\">Grupo Folcl\u00f3rico Santa Maria de Cabril<\/div>\n<div dir=\"auto\">Rancho Folcl\u00f3rico &#8216;As Morenitas de Alva&#8217;<\/div>\n<div dir=\"auto\">Rancho Folcl\u00f3rico Alegria do Montemuro (Pic\u00e3o)<\/div>\n<div dir=\"auto\">Rancho Folcl\u00f3rico Flores d&#8217;Aldeia (Mosteir\u00f4)<\/div>\n<div dir=\"auto\">Rancho Folcl\u00f3rico das Termas do Carvalhal<\/div>\n<div dir=\"auto\">Rancho Folcl\u00f3rico da Granja<\/div>\n<div dir=\"auto\">Rancho Folcl\u00f3rico de Almofala<\/div>\n<div dir=\"auto\">Rancho Folcl\u00f3rico de Moledo<\/div>\n<div dir=\"auto\">Rancho Folcl\u00f3rico do Mezio<\/div>\n<div dir=\"auto\">Rancho Folcl\u00f3rico da Relva<\/div>\n<div dir=\"auto\">Rancho Folcl\u00f3rico da Casa do Concelho de Castro Daire (Lisboa).<\/div>\n<div dir=\"auto\"><\/div>\n<\/div>\n<div class=\"o9v6fnle cxmmr5t8 oygrvhab hcukyx3x c1et5uql ii04i59q\">\n<div dir=\"auto\">Entrevistas por Lu\u00eds Costa, fotografias de Nely Ferreira e apoio na media\u00e7\u00e3o com os ranchos folcl\u00f3ricos de Sandra Silva.<\/div>\n<\/div>\n","protected":false},"excerpt":{"rendered":"<p>A Binaural Nodar est\u00e1 a colaborar ao longo de 2021  [&#8230;]<\/p>\n","protected":false},"author":2,"featured_media":12324,"comment_status":"closed","ping_status":"closed","sticky":false,"template":"","format":"standard","meta":{"_acf_changed":false,"_bbp_topic_count":0,"_bbp_reply_count":0,"_bbp_total_topic_count":0,"_bbp_total_reply_count":0,"_bbp_voice_count":0,"_bbp_anonymous_reply_count":0,"_bbp_topic_count_hidden":0,"_bbp_reply_count_hidden":0,"_bbp_forum_subforum_count":0,"footnotes":""},"categories":[1158,1],"tags":[],"class_list":["post-12323","post","type-post","status-publish","format-standard","has-post-thumbnail","hentry","category-visual-sound-ethnograhpy","category-news"],"acf":[],"aioseo_notices":[],"aioseo_head":"\n\t\t<!-- All in One SEO 5.0.1.1 - aioseo.com -->\n\t<meta name=\"description\" content=\"A Binaural Nodar est\u00e1 a colaborar ao longo de 2021 com o Munic\u00edpio de Castro Daire num projeto de recolhas sobre os ranchos folcl\u00f3ricos do concelho. Este projeto intitula-se &#039;Dan\u00e7ar com a raiz&quot; e ter\u00e1 como resultados uma exposi\u00e7\u00e3o e um livro retrospectivos a serem apresentados no final de agosto e que pretendem homenagear a\" \/>\n\t<meta name=\"robots\" content=\"max-image-preview:large\" \/>\n\t<meta name=\"author\" content=\"luiscosta\"\/>\n\t<link rel=\"canonical\" href=\"https:\/\/www.binauralmedia.org\/news\/arquivo\/12323\" \/>\n\t<meta name=\"generator\" content=\"All in One SEO (AIOSEO) 5.0.1.1\" \/>\n\t\t<meta property=\"og:locale\" content=\"pt_PT\" \/>\n\t\t<meta property=\"og:site_name\" content=\"binauralmedia.org - Rural Based Sound\/Media Arts &amp; Social Research\" \/>\n\t\t<meta property=\"og:type\" content=\"article\" \/>\n\t\t<meta property=\"og:title\" content=\"Conclu\u00edda a primeira fase do projeto \u201cDan\u00e7ar com a raiz\u201d - binauralmedia.org\" \/>\n\t\t<meta property=\"og:description\" content=\"A Binaural Nodar est\u00e1 a colaborar ao longo de 2021 com o Munic\u00edpio de Castro Daire num projeto de recolhas sobre os ranchos folcl\u00f3ricos do concelho. Este projeto intitula-se &#039;Dan\u00e7ar com a raiz&quot; e ter\u00e1 como resultados uma exposi\u00e7\u00e3o e um livro retrospectivos a serem apresentados no final de agosto e que pretendem homenagear a\" \/>\n\t\t<meta property=\"og:url\" content=\"https:\/\/www.binauralmedia.org\/news\/arquivo\/12323\" \/>\n\t\t<meta property=\"article:published_time\" content=\"2021-05-13T21:27:24+00:00\" \/>\n\t\t<meta property=\"article:modified_time\" content=\"2021-08-16T15:41:56+00:00\" \/>\n\t\t<meta name=\"twitter:card\" content=\"summary_large_image\" \/>\n\t\t<meta name=\"twitter:title\" content=\"Conclu\u00edda a primeira fase do projeto \u201cDan\u00e7ar com a raiz\u201d - binauralmedia.org\" \/>\n\t\t<meta name=\"twitter:description\" content=\"A Binaural Nodar est\u00e1 a colaborar ao longo de 2021 com o Munic\u00edpio de Castro Daire num projeto de recolhas sobre os ranchos folcl\u00f3ricos do concelho. Este projeto intitula-se &#039;Dan\u00e7ar com a raiz&quot; e ter\u00e1 como resultados uma exposi\u00e7\u00e3o e um livro retrospectivos a serem apresentados no final de agosto e que pretendem homenagear a\" \/>\n\t\t<script type=\"application\/ld+json\" class=\"aioseo-schema\">\n\t\t\t{\"@context\":\"https:\\\/\\\/schema.org\",\"@graph\":[{\"@type\":\"BlogPosting\",\"@id\":\"https:\\\/\\\/www.binauralmedia.org\\\/news\\\/arquivo\\\/12323#blogposting\",\"name\":\"Conclu\\u00edda a primeira fase do projeto \\u201cDan\\u00e7ar com a raiz\\u201d - binauralmedia.org\",\"headline\":\"Conclu\\u00edda a primeira fase do projeto &#8220;Dan\\u00e7ar com a raiz&#8221;\",\"author\":{\"@id\":\"https:\\\/\\\/www.binauralmedia.org\\\/news\\\/arquivo\\\/author\\\/luiscosta#author\"},\"publisher\":{\"@id\":\"https:\\\/\\\/www.binauralmedia.org\\\/news\\\/#organization\"},\"image\":{\"@type\":\"ImageObject\",\"url\":\"https:\\\/\\\/www.binauralmedia.org\\\/news\\\/wp-content\\\/uploads\\\/danc\\u0327ar-com-a-raiz.jpg\",\"width\":1200,\"height\":800},\"datePublished\":\"2021-05-13T21:27:24+00:00\",\"dateModified\":\"2021-08-16T15:41:56+00:00\",\"inLanguage\":\"pt-PT\",\"mainEntityOfPage\":{\"@id\":\"https:\\\/\\\/www.binauralmedia.org\\\/news\\\/arquivo\\\/12323#webpage\"},\"isPartOf\":{\"@id\":\"https:\\\/\\\/www.binauralmedia.org\\\/news\\\/arquivo\\\/12323#webpage\"},\"articleSection\":\"Etnografia Sonora e Visual, Not\\u00edcias\"},{\"@type\":\"BreadcrumbList\",\"@id\":\"https:\\\/\\\/www.binauralmedia.org\\\/news\\\/arquivo\\\/12323#breadcrumblist\",\"itemListElement\":[{\"@type\":\"ListItem\",\"@id\":\"https:\\\/\\\/www.binauralmedia.org\\\/news#listItem\",\"position\":1,\"name\":\"Home\",\"item\":\"https:\\\/\\\/www.binauralmedia.org\\\/news\",\"nextItem\":{\"@type\":\"ListItem\",\"@id\":\"https:\\\/\\\/www.binauralmedia.org\\\/news\\\/arquivo\\\/category\\\/news#listItem\",\"name\":\"Not\\u00edcias\"}},{\"@type\":\"ListItem\",\"@id\":\"https:\\\/\\\/www.binauralmedia.org\\\/news\\\/arquivo\\\/category\\\/news#listItem\",\"position\":2,\"name\":\"Not\\u00edcias\",\"item\":\"https:\\\/\\\/www.binauralmedia.org\\\/news\\\/arquivo\\\/category\\\/news\",\"nextItem\":{\"@type\":\"ListItem\",\"@id\":\"https:\\\/\\\/www.binauralmedia.org\\\/news\\\/arquivo\\\/12323#listItem\",\"name\":\"Conclu\\u00edda a primeira fase do projeto &#8220;Dan\\u00e7ar com a raiz&#8221;\"},\"previousItem\":{\"@type\":\"ListItem\",\"@id\":\"https:\\\/\\\/www.binauralmedia.org\\\/news#listItem\",\"name\":\"Home\"}},{\"@type\":\"ListItem\",\"@id\":\"https:\\\/\\\/www.binauralmedia.org\\\/news\\\/arquivo\\\/12323#listItem\",\"position\":3,\"name\":\"Conclu\\u00edda a primeira fase do projeto &#8220;Dan\\u00e7ar com a raiz&#8221;\",\"previousItem\":{\"@type\":\"ListItem\",\"@id\":\"https:\\\/\\\/www.binauralmedia.org\\\/news\\\/arquivo\\\/category\\\/news#listItem\",\"name\":\"Not\\u00edcias\"}}]},{\"@type\":\"Organization\",\"@id\":\"https:\\\/\\\/www.binauralmedia.org\\\/news\\\/#organization\",\"name\":\"binauralmedia.org\",\"description\":\"Rural Based Sound\\\/Media Arts & Social Research\",\"url\":\"https:\\\/\\\/www.binauralmedia.org\\\/news\\\/\"},{\"@type\":\"Person\",\"@id\":\"https:\\\/\\\/www.binauralmedia.org\\\/news\\\/arquivo\\\/author\\\/luiscosta#author\",\"url\":\"https:\\\/\\\/www.binauralmedia.org\\\/news\\\/arquivo\\\/author\\\/luiscosta\",\"name\":\"luiscosta\"},{\"@type\":\"WebPage\",\"@id\":\"https:\\\/\\\/www.binauralmedia.org\\\/news\\\/arquivo\\\/12323#webpage\",\"url\":\"https:\\\/\\\/www.binauralmedia.org\\\/news\\\/arquivo\\\/12323\",\"name\":\"Conclu\\u00edda a primeira fase do projeto \\u201cDan\\u00e7ar com a raiz\\u201d - binauralmedia.org\",\"description\":\"A Binaural Nodar est\\u00e1 a colaborar ao longo de 2021 com o Munic\\u00edpio de Castro Daire num projeto de recolhas sobre os ranchos folcl\\u00f3ricos do concelho. Este projeto intitula-se 'Dan\\u00e7ar com a raiz\\\" e ter\\u00e1 como resultados uma exposi\\u00e7\\u00e3o e um livro retrospectivos a serem apresentados no final de agosto e que pretendem homenagear a\",\"inLanguage\":\"pt-PT\",\"isPartOf\":{\"@id\":\"https:\\\/\\\/www.binauralmedia.org\\\/news\\\/#website\"},\"breadcrumb\":{\"@id\":\"https:\\\/\\\/www.binauralmedia.org\\\/news\\\/arquivo\\\/12323#breadcrumblist\"},\"author\":{\"@id\":\"https:\\\/\\\/www.binauralmedia.org\\\/news\\\/arquivo\\\/author\\\/luiscosta#author\"},\"creator\":{\"@id\":\"https:\\\/\\\/www.binauralmedia.org\\\/news\\\/arquivo\\\/author\\\/luiscosta#author\"},\"image\":{\"@type\":\"ImageObject\",\"url\":\"https:\\\/\\\/www.binauralmedia.org\\\/news\\\/wp-content\\\/uploads\\\/danc\\u0327ar-com-a-raiz.jpg\",\"@id\":\"https:\\\/\\\/www.binauralmedia.org\\\/news\\\/arquivo\\\/12323\\\/#mainImage\",\"width\":1200,\"height\":800},\"primaryImageOfPage\":{\"@id\":\"https:\\\/\\\/www.binauralmedia.org\\\/news\\\/arquivo\\\/12323#mainImage\"},\"datePublished\":\"2021-05-13T21:27:24+00:00\",\"dateModified\":\"2021-08-16T15:41:56+00:00\"},{\"@type\":\"WebSite\",\"@id\":\"https:\\\/\\\/www.binauralmedia.org\\\/news\\\/#website\",\"url\":\"https:\\\/\\\/www.binauralmedia.org\\\/news\\\/\",\"name\":\"binauralmedia.org\",\"description\":\"Rural Based Sound\\\/Media Arts & Social Research\",\"inLanguage\":\"pt-PT\",\"publisher\":{\"@id\":\"https:\\\/\\\/www.binauralmedia.org\\\/news\\\/#organization\"}}]}\n\t\t<\/script>\n\t\t<!-- All in One SEO -->\n\n","aioseo_head_json":{"title":"Conclu\u00edda a primeira fase do projeto \u201cDan\u00e7ar com a raiz\u201d - binauralmedia.org","description":"A Binaural Nodar est\u00e1 a colaborar ao longo de 2021 com o Munic\u00edpio de Castro Daire num projeto de recolhas sobre os ranchos folcl\u00f3ricos do concelho. Este projeto intitula-se 'Dan\u00e7ar com a raiz\" e ter\u00e1 como resultados uma exposi\u00e7\u00e3o e um livro retrospectivos a serem apresentados no final de agosto e que pretendem homenagear a","canonical_url":"https:\/\/www.binauralmedia.org\/news\/arquivo\/12323","robots":"max-image-preview:large","keywords":"","webmasterTools":{"miscellaneous":""},"schema":{"@context":"https:\/\/schema.org","@graph":[{"@type":"BlogPosting","@id":"https:\/\/www.binauralmedia.org\/news\/arquivo\/12323#blogposting","name":"Conclu\u00edda a primeira fase do projeto \u201cDan\u00e7ar com a raiz\u201d - binauralmedia.org","headline":"Conclu\u00edda a primeira fase do projeto &#8220;Dan\u00e7ar com a raiz&#8221;","author":{"@id":"https:\/\/www.binauralmedia.org\/news\/arquivo\/author\/luiscosta#author"},"publisher":{"@id":"https:\/\/www.binauralmedia.org\/news\/#organization"},"image":{"@type":"ImageObject","url":"https:\/\/www.binauralmedia.org\/news\/wp-content\/uploads\/danc\u0327ar-com-a-raiz.jpg","width":1200,"height":800},"datePublished":"2021-05-13T21:27:24+00:00","dateModified":"2021-08-16T15:41:56+00:00","inLanguage":"pt-PT","mainEntityOfPage":{"@id":"https:\/\/www.binauralmedia.org\/news\/arquivo\/12323#webpage"},"isPartOf":{"@id":"https:\/\/www.binauralmedia.org\/news\/arquivo\/12323#webpage"},"articleSection":"Etnografia Sonora e Visual, Not\u00edcias"},{"@type":"BreadcrumbList","@id":"https:\/\/www.binauralmedia.org\/news\/arquivo\/12323#breadcrumblist","itemListElement":[{"@type":"ListItem","@id":"https:\/\/www.binauralmedia.org\/news#listItem","position":1,"name":"Home","item":"https:\/\/www.binauralmedia.org\/news","nextItem":{"@type":"ListItem","@id":"https:\/\/www.binauralmedia.org\/news\/arquivo\/category\/news#listItem","name":"Not\u00edcias"}},{"@type":"ListItem","@id":"https:\/\/www.binauralmedia.org\/news\/arquivo\/category\/news#listItem","position":2,"name":"Not\u00edcias","item":"https:\/\/www.binauralmedia.org\/news\/arquivo\/category\/news","nextItem":{"@type":"ListItem","@id":"https:\/\/www.binauralmedia.org\/news\/arquivo\/12323#listItem","name":"Conclu\u00edda a primeira fase do projeto &#8220;Dan\u00e7ar com a raiz&#8221;"},"previousItem":{"@type":"ListItem","@id":"https:\/\/www.binauralmedia.org\/news#listItem","name":"Home"}},{"@type":"ListItem","@id":"https:\/\/www.binauralmedia.org\/news\/arquivo\/12323#listItem","position":3,"name":"Conclu\u00edda a primeira fase do projeto &#8220;Dan\u00e7ar com a raiz&#8221;","previousItem":{"@type":"ListItem","@id":"https:\/\/www.binauralmedia.org\/news\/arquivo\/category\/news#listItem","name":"Not\u00edcias"}}]},{"@type":"Organization","@id":"https:\/\/www.binauralmedia.org\/news\/#organization","name":"binauralmedia.org","description":"Rural Based Sound\/Media Arts & Social Research","url":"https:\/\/www.binauralmedia.org\/news\/"},{"@type":"Person","@id":"https:\/\/www.binauralmedia.org\/news\/arquivo\/author\/luiscosta#author","url":"https:\/\/www.binauralmedia.org\/news\/arquivo\/author\/luiscosta","name":"luiscosta"},{"@type":"WebPage","@id":"https:\/\/www.binauralmedia.org\/news\/arquivo\/12323#webpage","url":"https:\/\/www.binauralmedia.org\/news\/arquivo\/12323","name":"Conclu\u00edda a primeira fase do projeto \u201cDan\u00e7ar com a raiz\u201d - binauralmedia.org","description":"A Binaural Nodar est\u00e1 a colaborar ao longo de 2021 com o Munic\u00edpio de Castro Daire num projeto de recolhas sobre os ranchos folcl\u00f3ricos do concelho. Este projeto intitula-se 'Dan\u00e7ar com a raiz\" e ter\u00e1 como resultados uma exposi\u00e7\u00e3o e um livro retrospectivos a serem apresentados no final de agosto e que pretendem homenagear a","inLanguage":"pt-PT","isPartOf":{"@id":"https:\/\/www.binauralmedia.org\/news\/#website"},"breadcrumb":{"@id":"https:\/\/www.binauralmedia.org\/news\/arquivo\/12323#breadcrumblist"},"author":{"@id":"https:\/\/www.binauralmedia.org\/news\/arquivo\/author\/luiscosta#author"},"creator":{"@id":"https:\/\/www.binauralmedia.org\/news\/arquivo\/author\/luiscosta#author"},"image":{"@type":"ImageObject","url":"https:\/\/www.binauralmedia.org\/news\/wp-content\/uploads\/danc\u0327ar-com-a-raiz.jpg","@id":"https:\/\/www.binauralmedia.org\/news\/arquivo\/12323\/#mainImage","width":1200,"height":800},"primaryImageOfPage":{"@id":"https:\/\/www.binauralmedia.org\/news\/arquivo\/12323#mainImage"},"datePublished":"2021-05-13T21:27:24+00:00","dateModified":"2021-08-16T15:41:56+00:00"},{"@type":"WebSite","@id":"https:\/\/www.binauralmedia.org\/news\/#website","url":"https:\/\/www.binauralmedia.org\/news\/","name":"binauralmedia.org","description":"Rural Based Sound\/Media Arts & Social Research","inLanguage":"pt-PT","publisher":{"@id":"https:\/\/www.binauralmedia.org\/news\/#organization"}}]},"og:locale":"pt_PT","og:site_name":"binauralmedia.org - Rural Based Sound\/Media Arts &amp; Social Research","og:type":"article","og:title":"Conclu\u00edda a primeira fase do projeto \u201cDan\u00e7ar com a raiz\u201d - binauralmedia.org","og:description":"A Binaural Nodar est\u00e1 a colaborar ao longo de 2021 com o Munic\u00edpio de Castro Daire num projeto de recolhas sobre os ranchos folcl\u00f3ricos do concelho. Este projeto intitula-se 'Dan\u00e7ar com a raiz&quot; e ter\u00e1 como resultados uma exposi\u00e7\u00e3o e um livro retrospectivos a serem apresentados no final de agosto e que pretendem homenagear a","og:url":"https:\/\/www.binauralmedia.org\/news\/arquivo\/12323","article:published_time":"2021-05-13T21:27:24+00:00","article:modified_time":"2021-08-16T15:41:56+00:00","twitter:card":"summary_large_image","twitter:title":"Conclu\u00edda a primeira fase do projeto \u201cDan\u00e7ar com a raiz\u201d - binauralmedia.org","twitter:description":"A Binaural Nodar est\u00e1 a colaborar ao longo de 2021 com o Munic\u00edpio de Castro Daire num projeto de recolhas sobre os ranchos folcl\u00f3ricos do concelho. Este projeto intitula-se 'Dan\u00e7ar com a raiz&quot; e ter\u00e1 como resultados uma exposi\u00e7\u00e3o e um livro retrospectivos a serem apresentados no final de agosto e que pretendem homenagear a"},"aioseo_meta_data":{"post_id":"12323","title":null,"description":null,"keywords":null,"keyphrases":null,"primary_term":null,"canonical_url":null,"og_title":null,"og_description":null,"og_object_type":"default","og_image_type":"default","og_image_custom_url":null,"og_image_custom_fields":null,"og_image_url":null,"og_image_width":null,"og_image_height":null,"og_video":null,"og_custom_url":null,"og_article_section":null,"og_article_tags":null,"twitter_use_og":false,"twitter_card":"default","twitter_image_type":"default","twitter_image_custom_url":null,"twitter_image_custom_fields":null,"twitter_image_url":null,"twitter_title":null,"twitter_description":null,"schema_type":"default","schema_type_options":null,"schema":{"blockGraphs":[],"customGraphs":[],"default":{"data":{"Article":[],"Course":[],"Dataset":[],"FAQPage":[],"Movie":[],"Person":[],"Product":[],"ProductReview":[],"Car":[],"Recipe":[],"Service":[],"SoftwareApplication":[],"WebPage":[]},"graphName":"","isEnabled":true},"graphs":[]},"pillar_content":false,"robots_default":true,"robots_noindex":false,"robots_noarchive":false,"robots_nosnippet":false,"robots_nofollow":false,"robots_noimageindex":false,"robots_noodp":false,"robots_notranslate":false,"robots_max_snippet":null,"robots_max_videopreview":null,"robots_max_imagepreview":"large","priority":null,"frequency":null,"local_seo":null,"limit_modified_date":false,"ai":null,"breadcrumb_settings":null,"seo_analyzer_scan_date":null,"created":"2026-08-05 04:30:24","updated":"2026-08-05 04:30:24","focus_keyword":null,"additional_keywords":null,"truseo_locale":null},"aioseo_breadcrumb":"<div class=\"aioseo-breadcrumbs\"><span class=\"aioseo-breadcrumb\">\n\t\t\t<a href=\"https:\/\/www.binauralmedia.org\/news\" title=\"Home\">Home<\/a>\n\t\t<\/span><span class=\"aioseo-breadcrumb-separator\">&raquo;<\/span><span class=\"aioseo-breadcrumb\">\n\t\t\t<a href=\"https:\/\/www.binauralmedia.org\/news\/arquivo\/category\/news\" title=\"Not\u00edcias\">Not\u00edcias<\/a>\n\t\t<\/span><span class=\"aioseo-breadcrumb-separator\">&raquo;<\/span><span class=\"aioseo-breadcrumb\">\n\t\t\tConclu\u00edda a primeira fase do projeto \u201cDan\u00e7ar com a raiz\u201d\n\t\t<\/span><\/div>","aioseo_breadcrumb_json":[{"label":"Home","link":"https:\/\/www.binauralmedia.org\/news"},{"label":"Not\u00edcias","link":"https:\/\/www.binauralmedia.org\/news\/arquivo\/category\/news"},{"label":"Conclu\u00edda a primeira fase do projeto &#8220;Dan\u00e7ar com a raiz&#8221;","link":"https:\/\/www.binauralmedia.org\/news\/arquivo\/12323"}],"_links":{"self":[{"href":"https:\/\/www.binauralmedia.org\/news\/wp-json\/wp\/v2\/posts\/12323","targetHints":{"allow":["GET"]}}],"collection":[{"href":"https:\/\/www.binauralmedia.org\/news\/wp-json\/wp\/v2\/posts"}],"about":[{"href":"https:\/\/www.binauralmedia.org\/news\/wp-json\/wp\/v2\/types\/post"}],"author":[{"embeddable":true,"href":"https:\/\/www.binauralmedia.org\/news\/wp-json\/wp\/v2\/users\/2"}],"replies":[{"embeddable":true,"href":"https:\/\/www.binauralmedia.org\/news\/wp-json\/wp\/v2\/comments?post=12323"}],"version-history":[{"count":3,"href":"https:\/\/www.binauralmedia.org\/news\/wp-json\/wp\/v2\/posts\/12323\/revisions"}],"predecessor-version":[{"id":13486,"href":"https:\/\/www.binauralmedia.org\/news\/wp-json\/wp\/v2\/posts\/12323\/revisions\/13486"}],"wp:featuredmedia":[{"embeddable":true,"href":"https:\/\/www.binauralmedia.org\/news\/wp-json\/wp\/v2\/media\/12324"}],"wp:attachment":[{"href":"https:\/\/www.binauralmedia.org\/news\/wp-json\/wp\/v2\/media?parent=12323"}],"wp:term":[{"taxonomy":"category","embeddable":true,"href":"https:\/\/www.binauralmedia.org\/news\/wp-json\/wp\/v2\/categories?post=12323"},{"taxonomy":"post_tag","embeddable":true,"href":"https:\/\/www.binauralmedia.org\/news\/wp-json\/wp\/v2\/tags?post=12323"}],"curies":[{"name":"wp","href":"https:\/\/api.w.org\/{rel}","templated":true}]}}