{"id":12316,"date":"2021-05-11T18:26:03","date_gmt":"2021-05-11T18:26:03","guid":{"rendered":"https:\/\/www.binauralmedia.org\/news\/?p=12316"},"modified":"2021-08-16T15:41:55","modified_gmt":"2021-08-16T15:41:55","slug":"binaural-nodar-colabora-com-organizacao-ambiental-uruguaia","status":"publish","type":"post","link":"https:\/\/www.binauralmedia.org\/news\/arquivo\/12316","title":{"rendered":"Binaural Nodar colabora com organiza\u00e7\u00e3o ambiental uruguaia"},"content":{"rendered":"<div class=\"fusion-fullwidth fullwidth-box fusion-builder-row-1 fusion-flex-container nonhundred-percent-fullwidth non-hundred-percent-height-scrolling\" style=\"--awb-border-radius-top-left:0px;--awb-border-radius-top-right:0px;--awb-border-radius-bottom-right:0px;--awb-border-radius-bottom-left:0px;--awb-flex-wrap:wrap;\" ><div class=\"fusion-builder-row fusion-row fusion-flex-align-items-flex-start fusion-flex-content-wrap\" style=\"max-width:1144px;margin-left: calc(-4% \/ 2 );margin-right: calc(-4% \/ 2 );\"><div class=\"fusion-layout-column fusion_builder_column fusion-builder-column-0 fusion_builder_column_1_1 1_1 fusion-flex-column\" style=\"--awb-bg-size:cover;--awb-width-large:100%;--awb-margin-top-large:0px;--awb-spacing-right-large:1.92%;--awb-margin-bottom-large:0px;--awb-spacing-left-large:1.92%;--awb-width-medium:100%;--awb-spacing-right-medium:1.92%;--awb-spacing-left-medium:1.92%;--awb-width-small:100%;--awb-spacing-right-small:1.92%;--awb-spacing-left-small:1.92%;\"><div class=\"fusion-column-wrapper fusion-flex-justify-content-flex-start fusion-content-layout-column\"><div class=\"fusion-text fusion-text-1\"><p><strong>FLORES NATIVAS<\/strong><br \/>\nConcerto Audiovisual com Ensemble Flores de Bach e fotografias e v\u00eddeos de associados de COENDU: Conservaci\u00f3n de Especies Nativas del Uruguay editados criativamente por Luis Costa da Binaural Nodar<br \/>\nApoio da Embaixada de Portugal em Montevideu<\/p>\n<p>S\u00e1bado, 22 maio \u00e0s 19.00<br \/>\nMuseu Hist\u00f3ria Natural Dr. Carlos A. Torres de la Llosa<br \/>\nCalle Eduardo Acevedo, 1427 (Montevideu, Uruguai)<\/p>\n<p>Um concerto audiovisual que relaciona m\u00fasica barroca e ecossistemas naturais do Uruguai, promovendo a consciencializa\u00e7\u00e3o por parte da ciudadania da sua beleza e da sua import\u00e2ncia, assim como das amea\u00e7as actuais.<\/p>\n<p>Apesar do Uruguai ser considerado um pa\u00eds pequeno, inclui, tal como Portugal, uma importante variedade de ecossistemas e uma rica biodiversidade tanto de flora como de fauna, assim como padece de uma quantidade de problem\u00e1ticas ambientais que colocam em risco a sua conserva\u00e7\u00e3o. Em fun\u00e7\u00e3o dessas problem\u00e1ticas escolheram-se tr\u00eas ecossistemas que necessitam de ser apreciados e protegidos, pelo seu enorme valor biol\u00f3gico: Ecossistema psam\u00f3filo (vegeta\u00e7\u00e3o associada \u00e0 linha costeira-lacunar), ecossistema de monte cerrrado (bosques de zonas de interior) e ecossistemas h\u00famidos (\u00e1reas com largos per\u00edodos de satura\u00e7\u00e3o de \u00e1gua).<\/p>\n<p>Com esta nova colabora\u00e7\u00e3o, a Binaural Nodar d\u00e1 sequ\u00eancia a um caminho iniciado em 2018 de interven\u00e7\u00f5es art\u00edsticas desenvolvidas em parceria com entidades culturais e ambientais do Uruguai, um pa\u00eds que inclui muitos paralelos com Portugal, pela sua dimens\u00e3o, pela sua geomorfologia e por in\u00fameros aspetos culturais comuns: lingu\u00edsticos, musicais, antropol\u00f3gicos, etc.<\/p>\n<\/div><div class=\"fusion-video fusion-youtube\" style=\"--awb-max-width:600px;--awb-max-height:360px;--awb-align-self:center;--awb-width:100%;\"><div class=\"video-shortcode\"><div class=\"fluid-width-video-wrapper\" style=\"padding-top:60%;\" ><iframe title=\"YouTube video player 1\" src=\"https:\/\/www.youtube.com\/embed\/UXf5ko5i_WA?wmode=transparent&autoplay=0\" width=\"600\" height=\"360\" allowfullscreen allow=\"autoplay; clipboard-write; encrypted-media; gyroscope; picture-in-picture;\"><\/iframe><\/div><\/div><\/div><\/div><\/div><\/div><\/div>\n","protected":false},"excerpt":{"rendered":"","protected":false},"author":2,"featured_media":12317,"comment_status":"closed","ping_status":"closed","sticky":false,"template":"","format":"standard","meta":{"_acf_changed":false,"_bbp_topic_count":0,"_bbp_reply_count":0,"_bbp_total_topic_count":0,"_bbp_total_reply_count":0,"_bbp_voice_count":0,"_bbp_anonymous_reply_count":0,"_bbp_topic_count_hidden":0,"_bbp_reply_count_hidden":0,"_bbp_forum_subforum_count":0,"footnotes":""},"categories":[1],"tags":[],"class_list":["post-12316","post","type-post","status-publish","format-standard","has-post-thumbnail","hentry","category-news"],"acf":[],"aioseo_notices":[],"aioseo_head":"\n\t\t<!-- All in One SEO 5.0.1.1 - aioseo.com -->\n\t<meta name=\"description\" content=\"FLORES NATIVAS Concerto Audiovisual com Ensemble Flores de Bach e fotografias e v\u00eddeos de associados de COENDU: Conservaci\u00f3n de Especies Nativas del Uruguay editados criativamente por Luis Costa da Binaural Nodar Apoio da Embaixada de Portugal em Montevideu S\u00e1bado, 22 maio \u00e0s 19.00 Museu Hist\u00f3ria Natural Dr. Carlos A. Torres de la Llosa Calle Eduardo\" \/>\n\t<meta name=\"robots\" content=\"max-image-preview:large\" \/>\n\t<meta name=\"author\" content=\"luiscosta\"\/>\n\t<link rel=\"canonical\" href=\"https:\/\/www.binauralmedia.org\/news\/arquivo\/12316\" \/>\n\t<meta name=\"generator\" content=\"All in One SEO (AIOSEO) 5.0.1.1\" \/>\n\t\t<meta property=\"og:locale\" content=\"pt_PT\" \/>\n\t\t<meta property=\"og:site_name\" content=\"binauralmedia.org - Rural Based Sound\/Media Arts &amp; Social Research\" \/>\n\t\t<meta property=\"og:type\" content=\"article\" \/>\n\t\t<meta property=\"og:title\" content=\"Binaural Nodar colabora com organiza\u00e7\u00e3o ambiental uruguaia - binauralmedia.org\" \/>\n\t\t<meta property=\"og:description\" content=\"FLORES NATIVAS Concerto Audiovisual com Ensemble Flores de Bach e fotografias e v\u00eddeos de associados de COENDU: Conservaci\u00f3n de Especies Nativas del Uruguay editados criativamente por Luis Costa da Binaural Nodar Apoio da Embaixada de Portugal em Montevideu S\u00e1bado, 22 maio \u00e0s 19.00 Museu Hist\u00f3ria Natural Dr. Carlos A. Torres de la Llosa Calle Eduardo\" \/>\n\t\t<meta property=\"og:url\" content=\"https:\/\/www.binauralmedia.org\/news\/arquivo\/12316\" \/>\n\t\t<meta property=\"article:published_time\" content=\"2021-05-11T18:26:03+00:00\" \/>\n\t\t<meta property=\"article:modified_time\" content=\"2021-08-16T15:41:55+00:00\" \/>\n\t\t<meta name=\"twitter:card\" content=\"summary_large_image\" \/>\n\t\t<meta name=\"twitter:title\" content=\"Binaural Nodar colabora com organiza\u00e7\u00e3o ambiental uruguaia - binauralmedia.org\" \/>\n\t\t<meta name=\"twitter:description\" content=\"FLORES NATIVAS Concerto Audiovisual com Ensemble Flores de Bach e fotografias e v\u00eddeos de associados de COENDU: Conservaci\u00f3n de Especies Nativas del Uruguay editados criativamente por Luis Costa da Binaural Nodar Apoio da Embaixada de Portugal em Montevideu S\u00e1bado, 22 maio \u00e0s 19.00 Museu Hist\u00f3ria Natural Dr. Carlos A. Torres de la Llosa Calle Eduardo\" \/>\n\t\t<script type=\"application\/ld+json\" class=\"aioseo-schema\">\n\t\t\t{\"@context\":\"https:\\\/\\\/schema.org\",\"@graph\":[{\"@type\":\"BlogPosting\",\"@id\":\"https:\\\/\\\/www.binauralmedia.org\\\/news\\\/arquivo\\\/12316#blogposting\",\"name\":\"Binaural Nodar colabora com organiza\\u00e7\\u00e3o ambiental uruguaia - binauralmedia.org\",\"headline\":\"Binaural Nodar colabora com organiza\\u00e7\\u00e3o ambiental uruguaia\",\"author\":{\"@id\":\"https:\\\/\\\/www.binauralmedia.org\\\/news\\\/arquivo\\\/author\\\/luiscosta#author\"},\"publisher\":{\"@id\":\"https:\\\/\\\/www.binauralmedia.org\\\/news\\\/#organization\"},\"image\":{\"@type\":\"ImageObject\",\"url\":\"https:\\\/\\\/www.binauralmedia.org\\\/news\\\/wp-content\\\/uploads\\\/Flores-Nativas-event.jpg\",\"width\":1200,\"height\":800},\"datePublished\":\"2021-05-11T18:26:03+00:00\",\"dateModified\":\"2021-08-16T15:41:55+00:00\",\"inLanguage\":\"pt-PT\",\"mainEntityOfPage\":{\"@id\":\"https:\\\/\\\/www.binauralmedia.org\\\/news\\\/arquivo\\\/12316#webpage\"},\"isPartOf\":{\"@id\":\"https:\\\/\\\/www.binauralmedia.org\\\/news\\\/arquivo\\\/12316#webpage\"},\"articleSection\":\"Not\\u00edcias\"},{\"@type\":\"BreadcrumbList\",\"@id\":\"https:\\\/\\\/www.binauralmedia.org\\\/news\\\/arquivo\\\/12316#breadcrumblist\",\"itemListElement\":[{\"@type\":\"ListItem\",\"@id\":\"https:\\\/\\\/www.binauralmedia.org\\\/news#listItem\",\"position\":1,\"name\":\"Home\",\"item\":\"https:\\\/\\\/www.binauralmedia.org\\\/news\",\"nextItem\":{\"@type\":\"ListItem\",\"@id\":\"https:\\\/\\\/www.binauralmedia.org\\\/news\\\/arquivo\\\/category\\\/news#listItem\",\"name\":\"Not\\u00edcias\"}},{\"@type\":\"ListItem\",\"@id\":\"https:\\\/\\\/www.binauralmedia.org\\\/news\\\/arquivo\\\/category\\\/news#listItem\",\"position\":2,\"name\":\"Not\\u00edcias\",\"item\":\"https:\\\/\\\/www.binauralmedia.org\\\/news\\\/arquivo\\\/category\\\/news\",\"nextItem\":{\"@type\":\"ListItem\",\"@id\":\"https:\\\/\\\/www.binauralmedia.org\\\/news\\\/arquivo\\\/12316#listItem\",\"name\":\"Binaural Nodar colabora com organiza\\u00e7\\u00e3o ambiental uruguaia\"},\"previousItem\":{\"@type\":\"ListItem\",\"@id\":\"https:\\\/\\\/www.binauralmedia.org\\\/news#listItem\",\"name\":\"Home\"}},{\"@type\":\"ListItem\",\"@id\":\"https:\\\/\\\/www.binauralmedia.org\\\/news\\\/arquivo\\\/12316#listItem\",\"position\":3,\"name\":\"Binaural Nodar colabora com organiza\\u00e7\\u00e3o ambiental uruguaia\",\"previousItem\":{\"@type\":\"ListItem\",\"@id\":\"https:\\\/\\\/www.binauralmedia.org\\\/news\\\/arquivo\\\/category\\\/news#listItem\",\"name\":\"Not\\u00edcias\"}}]},{\"@type\":\"Organization\",\"@id\":\"https:\\\/\\\/www.binauralmedia.org\\\/news\\\/#organization\",\"name\":\"binauralmedia.org\",\"description\":\"Rural Based Sound\\\/Media Arts & Social Research\",\"url\":\"https:\\\/\\\/www.binauralmedia.org\\\/news\\\/\"},{\"@type\":\"Person\",\"@id\":\"https:\\\/\\\/www.binauralmedia.org\\\/news\\\/arquivo\\\/author\\\/luiscosta#author\",\"url\":\"https:\\\/\\\/www.binauralmedia.org\\\/news\\\/arquivo\\\/author\\\/luiscosta\",\"name\":\"luiscosta\"},{\"@type\":\"WebPage\",\"@id\":\"https:\\\/\\\/www.binauralmedia.org\\\/news\\\/arquivo\\\/12316#webpage\",\"url\":\"https:\\\/\\\/www.binauralmedia.org\\\/news\\\/arquivo\\\/12316\",\"name\":\"Binaural Nodar colabora com organiza\\u00e7\\u00e3o ambiental uruguaia - binauralmedia.org\",\"description\":\"FLORES NATIVAS Concerto Audiovisual com Ensemble Flores de Bach e fotografias e v\\u00eddeos de associados de COENDU: Conservaci\\u00f3n de Especies Nativas del Uruguay editados criativamente por Luis Costa da Binaural Nodar Apoio da Embaixada de Portugal em Montevideu S\\u00e1bado, 22 maio \\u00e0s 19.00 Museu Hist\\u00f3ria Natural Dr. Carlos A. Torres de la Llosa Calle Eduardo\",\"inLanguage\":\"pt-PT\",\"isPartOf\":{\"@id\":\"https:\\\/\\\/www.binauralmedia.org\\\/news\\\/#website\"},\"breadcrumb\":{\"@id\":\"https:\\\/\\\/www.binauralmedia.org\\\/news\\\/arquivo\\\/12316#breadcrumblist\"},\"author\":{\"@id\":\"https:\\\/\\\/www.binauralmedia.org\\\/news\\\/arquivo\\\/author\\\/luiscosta#author\"},\"creator\":{\"@id\":\"https:\\\/\\\/www.binauralmedia.org\\\/news\\\/arquivo\\\/author\\\/luiscosta#author\"},\"image\":{\"@type\":\"ImageObject\",\"url\":\"https:\\\/\\\/www.binauralmedia.org\\\/news\\\/wp-content\\\/uploads\\\/Flores-Nativas-event.jpg\",\"@id\":\"https:\\\/\\\/www.binauralmedia.org\\\/news\\\/arquivo\\\/12316\\\/#mainImage\",\"width\":1200,\"height\":800},\"primaryImageOfPage\":{\"@id\":\"https:\\\/\\\/www.binauralmedia.org\\\/news\\\/arquivo\\\/12316#mainImage\"},\"datePublished\":\"2021-05-11T18:26:03+00:00\",\"dateModified\":\"2021-08-16T15:41:55+00:00\"},{\"@type\":\"WebSite\",\"@id\":\"https:\\\/\\\/www.binauralmedia.org\\\/news\\\/#website\",\"url\":\"https:\\\/\\\/www.binauralmedia.org\\\/news\\\/\",\"name\":\"binauralmedia.org\",\"description\":\"Rural Based Sound\\\/Media Arts & Social Research\",\"inLanguage\":\"pt-PT\",\"publisher\":{\"@id\":\"https:\\\/\\\/www.binauralmedia.org\\\/news\\\/#organization\"}}]}\n\t\t<\/script>\n\t\t<!-- All in One SEO -->\n\n","aioseo_head_json":{"title":"Binaural Nodar colabora com organiza\u00e7\u00e3o ambiental uruguaia - binauralmedia.org","description":"FLORES NATIVAS Concerto Audiovisual com Ensemble Flores de Bach e fotografias e v\u00eddeos de associados de COENDU: Conservaci\u00f3n de Especies Nativas del Uruguay editados criativamente por Luis Costa da Binaural Nodar Apoio da Embaixada de Portugal em Montevideu S\u00e1bado, 22 maio \u00e0s 19.00 Museu Hist\u00f3ria Natural Dr. Carlos A. Torres de la Llosa Calle Eduardo","canonical_url":"https:\/\/www.binauralmedia.org\/news\/arquivo\/12316","robots":"max-image-preview:large","keywords":"","webmasterTools":{"miscellaneous":""},"schema":{"@context":"https:\/\/schema.org","@graph":[{"@type":"BlogPosting","@id":"https:\/\/www.binauralmedia.org\/news\/arquivo\/12316#blogposting","name":"Binaural Nodar colabora com organiza\u00e7\u00e3o ambiental uruguaia - binauralmedia.org","headline":"Binaural Nodar colabora com organiza\u00e7\u00e3o ambiental uruguaia","author":{"@id":"https:\/\/www.binauralmedia.org\/news\/arquivo\/author\/luiscosta#author"},"publisher":{"@id":"https:\/\/www.binauralmedia.org\/news\/#organization"},"image":{"@type":"ImageObject","url":"https:\/\/www.binauralmedia.org\/news\/wp-content\/uploads\/Flores-Nativas-event.jpg","width":1200,"height":800},"datePublished":"2021-05-11T18:26:03+00:00","dateModified":"2021-08-16T15:41:55+00:00","inLanguage":"pt-PT","mainEntityOfPage":{"@id":"https:\/\/www.binauralmedia.org\/news\/arquivo\/12316#webpage"},"isPartOf":{"@id":"https:\/\/www.binauralmedia.org\/news\/arquivo\/12316#webpage"},"articleSection":"Not\u00edcias"},{"@type":"BreadcrumbList","@id":"https:\/\/www.binauralmedia.org\/news\/arquivo\/12316#breadcrumblist","itemListElement":[{"@type":"ListItem","@id":"https:\/\/www.binauralmedia.org\/news#listItem","position":1,"name":"Home","item":"https:\/\/www.binauralmedia.org\/news","nextItem":{"@type":"ListItem","@id":"https:\/\/www.binauralmedia.org\/news\/arquivo\/category\/news#listItem","name":"Not\u00edcias"}},{"@type":"ListItem","@id":"https:\/\/www.binauralmedia.org\/news\/arquivo\/category\/news#listItem","position":2,"name":"Not\u00edcias","item":"https:\/\/www.binauralmedia.org\/news\/arquivo\/category\/news","nextItem":{"@type":"ListItem","@id":"https:\/\/www.binauralmedia.org\/news\/arquivo\/12316#listItem","name":"Binaural Nodar colabora com organiza\u00e7\u00e3o ambiental uruguaia"},"previousItem":{"@type":"ListItem","@id":"https:\/\/www.binauralmedia.org\/news#listItem","name":"Home"}},{"@type":"ListItem","@id":"https:\/\/www.binauralmedia.org\/news\/arquivo\/12316#listItem","position":3,"name":"Binaural Nodar colabora com organiza\u00e7\u00e3o ambiental uruguaia","previousItem":{"@type":"ListItem","@id":"https:\/\/www.binauralmedia.org\/news\/arquivo\/category\/news#listItem","name":"Not\u00edcias"}}]},{"@type":"Organization","@id":"https:\/\/www.binauralmedia.org\/news\/#organization","name":"binauralmedia.org","description":"Rural Based Sound\/Media Arts & Social Research","url":"https:\/\/www.binauralmedia.org\/news\/"},{"@type":"Person","@id":"https:\/\/www.binauralmedia.org\/news\/arquivo\/author\/luiscosta#author","url":"https:\/\/www.binauralmedia.org\/news\/arquivo\/author\/luiscosta","name":"luiscosta"},{"@type":"WebPage","@id":"https:\/\/www.binauralmedia.org\/news\/arquivo\/12316#webpage","url":"https:\/\/www.binauralmedia.org\/news\/arquivo\/12316","name":"Binaural Nodar colabora com organiza\u00e7\u00e3o ambiental uruguaia - binauralmedia.org","description":"FLORES NATIVAS Concerto Audiovisual com Ensemble Flores de Bach e fotografias e v\u00eddeos de associados de COENDU: Conservaci\u00f3n de Especies Nativas del Uruguay editados criativamente por Luis Costa da Binaural Nodar Apoio da Embaixada de Portugal em Montevideu S\u00e1bado, 22 maio \u00e0s 19.00 Museu Hist\u00f3ria Natural Dr. Carlos A. Torres de la Llosa Calle Eduardo","inLanguage":"pt-PT","isPartOf":{"@id":"https:\/\/www.binauralmedia.org\/news\/#website"},"breadcrumb":{"@id":"https:\/\/www.binauralmedia.org\/news\/arquivo\/12316#breadcrumblist"},"author":{"@id":"https:\/\/www.binauralmedia.org\/news\/arquivo\/author\/luiscosta#author"},"creator":{"@id":"https:\/\/www.binauralmedia.org\/news\/arquivo\/author\/luiscosta#author"},"image":{"@type":"ImageObject","url":"https:\/\/www.binauralmedia.org\/news\/wp-content\/uploads\/Flores-Nativas-event.jpg","@id":"https:\/\/www.binauralmedia.org\/news\/arquivo\/12316\/#mainImage","width":1200,"height":800},"primaryImageOfPage":{"@id":"https:\/\/www.binauralmedia.org\/news\/arquivo\/12316#mainImage"},"datePublished":"2021-05-11T18:26:03+00:00","dateModified":"2021-08-16T15:41:55+00:00"},{"@type":"WebSite","@id":"https:\/\/www.binauralmedia.org\/news\/#website","url":"https:\/\/www.binauralmedia.org\/news\/","name":"binauralmedia.org","description":"Rural Based Sound\/Media Arts & Social Research","inLanguage":"pt-PT","publisher":{"@id":"https:\/\/www.binauralmedia.org\/news\/#organization"}}]},"og:locale":"pt_PT","og:site_name":"binauralmedia.org - Rural Based Sound\/Media Arts &amp; Social Research","og:type":"article","og:title":"Binaural Nodar colabora com organiza\u00e7\u00e3o ambiental uruguaia - binauralmedia.org","og:description":"FLORES NATIVAS Concerto Audiovisual com Ensemble Flores de Bach e fotografias e v\u00eddeos de associados de COENDU: Conservaci\u00f3n de Especies Nativas del Uruguay editados criativamente por Luis Costa da Binaural Nodar Apoio da Embaixada de Portugal em Montevideu S\u00e1bado, 22 maio \u00e0s 19.00 Museu Hist\u00f3ria Natural Dr. Carlos A. Torres de la Llosa Calle Eduardo","og:url":"https:\/\/www.binauralmedia.org\/news\/arquivo\/12316","article:published_time":"2021-05-11T18:26:03+00:00","article:modified_time":"2021-08-16T15:41:55+00:00","twitter:card":"summary_large_image","twitter:title":"Binaural Nodar colabora com organiza\u00e7\u00e3o ambiental uruguaia - binauralmedia.org","twitter:description":"FLORES NATIVAS Concerto Audiovisual com Ensemble Flores de Bach e fotografias e v\u00eddeos de associados de COENDU: Conservaci\u00f3n de Especies Nativas del Uruguay editados criativamente por Luis Costa da Binaural Nodar Apoio da Embaixada de Portugal em Montevideu S\u00e1bado, 22 maio \u00e0s 19.00 Museu Hist\u00f3ria Natural Dr. Carlos A. Torres de la Llosa Calle Eduardo"},"aioseo_meta_data":{"post_id":"12316","title":null,"description":null,"keywords":null,"keyphrases":null,"primary_term":null,"canonical_url":null,"og_title":null,"og_description":null,"og_object_type":"default","og_image_type":"default","og_image_custom_url":null,"og_image_custom_fields":null,"og_image_url":null,"og_image_width":null,"og_image_height":null,"og_video":null,"og_custom_url":null,"og_article_section":null,"og_article_tags":null,"twitter_use_og":false,"twitter_card":"default","twitter_image_type":"default","twitter_image_custom_url":null,"twitter_image_custom_fields":null,"twitter_image_url":null,"twitter_title":null,"twitter_description":null,"schema_type":"default","schema_type_options":null,"schema":{"blockGraphs":[],"customGraphs":[],"default":{"data":{"Article":[],"Course":[],"Dataset":[],"FAQPage":[],"Movie":[],"Person":[],"Product":[],"ProductReview":[],"Car":[],"Recipe":[],"Service":[],"SoftwareApplication":[],"WebPage":[]},"graphName":"","isEnabled":true},"graphs":[]},"pillar_content":false,"robots_default":true,"robots_noindex":false,"robots_noarchive":false,"robots_nosnippet":false,"robots_nofollow":false,"robots_noimageindex":false,"robots_noodp":false,"robots_notranslate":false,"robots_max_snippet":null,"robots_max_videopreview":null,"robots_max_imagepreview":"large","priority":null,"frequency":null,"local_seo":null,"limit_modified_date":false,"ai":null,"breadcrumb_settings":null,"seo_analyzer_scan_date":null,"created":"2026-08-05 04:30:24","updated":"2026-08-05 04:30:24","focus_keyword":null,"additional_keywords":null,"truseo_locale":null},"aioseo_breadcrumb":"<div class=\"aioseo-breadcrumbs\"><span class=\"aioseo-breadcrumb\">\n\t\t\t<a href=\"https:\/\/www.binauralmedia.org\/news\" title=\"Home\">Home<\/a>\n\t\t<\/span><span class=\"aioseo-breadcrumb-separator\">&raquo;<\/span><span class=\"aioseo-breadcrumb\">\n\t\t\t<a href=\"https:\/\/www.binauralmedia.org\/news\/arquivo\/category\/news\" title=\"Not\u00edcias\">Not\u00edcias<\/a>\n\t\t<\/span><span class=\"aioseo-breadcrumb-separator\">&raquo;<\/span><span class=\"aioseo-breadcrumb\">\n\t\t\tBinaural Nodar colabora com organiza\u00e7\u00e3o ambiental uruguaia\n\t\t<\/span><\/div>","aioseo_breadcrumb_json":[{"label":"Home","link":"https:\/\/www.binauralmedia.org\/news"},{"label":"Not\u00edcias","link":"https:\/\/www.binauralmedia.org\/news\/arquivo\/category\/news"},{"label":"Binaural Nodar colabora com organiza\u00e7\u00e3o ambiental uruguaia","link":"https:\/\/www.binauralmedia.org\/news\/arquivo\/12316"}],"_links":{"self":[{"href":"https:\/\/www.binauralmedia.org\/news\/wp-json\/wp\/v2\/posts\/12316","targetHints":{"allow":["GET"]}}],"collection":[{"href":"https:\/\/www.binauralmedia.org\/news\/wp-json\/wp\/v2\/posts"}],"about":[{"href":"https:\/\/www.binauralmedia.org\/news\/wp-json\/wp\/v2\/types\/post"}],"author":[{"embeddable":true,"href":"https:\/\/www.binauralmedia.org\/news\/wp-json\/wp\/v2\/users\/2"}],"replies":[{"embeddable":true,"href":"https:\/\/www.binauralmedia.org\/news\/wp-json\/wp\/v2\/comments?post=12316"}],"version-history":[{"count":5,"href":"https:\/\/www.binauralmedia.org\/news\/wp-json\/wp\/v2\/posts\/12316\/revisions"}],"predecessor-version":[{"id":13484,"href":"https:\/\/www.binauralmedia.org\/news\/wp-json\/wp\/v2\/posts\/12316\/revisions\/13484"}],"wp:featuredmedia":[{"embeddable":true,"href":"https:\/\/www.binauralmedia.org\/news\/wp-json\/wp\/v2\/media\/12317"}],"wp:attachment":[{"href":"https:\/\/www.binauralmedia.org\/news\/wp-json\/wp\/v2\/media?parent=12316"}],"wp:term":[{"taxonomy":"category","embeddable":true,"href":"https:\/\/www.binauralmedia.org\/news\/wp-json\/wp\/v2\/categories?post=12316"},{"taxonomy":"post_tag","embeddable":true,"href":"https:\/\/www.binauralmedia.org\/news\/wp-json\/wp\/v2\/tags?post=12316"}],"curies":[{"name":"wp","href":"https:\/\/api.w.org\/{rel}","templated":true}]}}