{"id":12299,"date":"2021-05-04T17:30:15","date_gmt":"2021-05-04T17:30:15","guid":{"rendered":"https:\/\/www.binauralmedia.org\/news\/?p=12299"},"modified":"2021-08-16T15:41:52","modified_gmt":"2021-08-16T15:41:52","slug":"binaural-nodar-participa-em-conferencia-cultura-coesao-e-impacto-social","status":"publish","type":"post","link":"https:\/\/www.binauralmedia.org\/news\/arquivo\/12299","title":{"rendered":"Binaural Nodar participa em confer\u00eancia &#8220;Cultura, coes\u00e3o e impacto social&#8221;"},"content":{"rendered":"<p>O coordenador da Binaural Nodar, Lu\u00eds Costa, \u00e9 um dos oradores convidados para a confer\u00eancia \u201cCultura, Coes\u00e3o e Impacto Social\u201d, a decorrer nos dias 5 e 6 de maio na Funda\u00e7\u00e3o de Serralves (Porto, Portugal), sendo organizada pela Presid\u00eancia Portuguesa do Conselho da Uni\u00e3o Europeia. A interven\u00e7\u00e3o decorrer\u00e1 no dia 5 de maio a partir das 13.30, est\u00e1 integrada no painel intitulado &#8220;Cultura, Coes\u00e3o e Territ\u00f3rio&#8221; e focar-se-\u00e1 nos aspetos de media\u00e7\u00e3o social e cultural presentes no trabalho da associa\u00e7\u00e3o e da Rede Tramontana, rede europeia de etnografia multimedia de territ\u00f3rios de montanha da qual a Binaural Nodar faz parte.<\/p>\n<p>Programa completo da confer\u00eancia, <a href=\"https:\/\/www.2021portugal.eu\/media\/kkhhpqsz\/confer%C3%AAncia-cultura-coes%C3%A3o-e-impacto-social-programa.pdf\">aqui<\/a><\/p>\n","protected":false},"excerpt":{"rendered":"<p>O coordenador da Binaural Nodar, Lu\u00eds Costa, \u00e9 um dos  [&#8230;]<\/p>\n","protected":false},"author":2,"featured_media":12300,"comment_status":"closed","ping_status":"closed","sticky":false,"template":"","format":"standard","meta":{"_acf_changed":false,"_bbp_topic_count":0,"_bbp_reply_count":0,"_bbp_total_topic_count":0,"_bbp_total_reply_count":0,"_bbp_voice_count":0,"_bbp_anonymous_reply_count":0,"_bbp_topic_count_hidden":0,"_bbp_reply_count_hidden":0,"_bbp_forum_subforum_count":0,"footnotes":""},"categories":[1],"tags":[],"class_list":["post-12299","post","type-post","status-publish","format-standard","has-post-thumbnail","hentry","category-news"],"acf":[],"aioseo_notices":[],"aioseo_head":"\n\t\t<!-- All in One SEO 5.0.1.1 - aioseo.com -->\n\t<meta name=\"description\" content=\"O coordenador da Binaural Nodar, Lu\u00eds Costa, \u00e9 um dos oradores convidados para a confer\u00eancia \u201cCultura, Coes\u00e3o e Impacto Social\u201d, a decorrer nos dias 5 e 6 de maio na Funda\u00e7\u00e3o de Serralves (Porto, Portugal), sendo organizada pela Presid\u00eancia Portuguesa do Conselho da Uni\u00e3o Europeia. A interven\u00e7\u00e3o decorrer\u00e1 no dia 5 de maio a partir\" \/>\n\t<meta name=\"robots\" content=\"max-image-preview:large\" \/>\n\t<meta name=\"author\" content=\"luiscosta\"\/>\n\t<link rel=\"canonical\" href=\"https:\/\/www.binauralmedia.org\/news\/arquivo\/12299\" \/>\n\t<meta name=\"generator\" content=\"All in One SEO (AIOSEO) 5.0.1.1\" \/>\n\t\t<meta property=\"og:locale\" content=\"pt_PT\" \/>\n\t\t<meta property=\"og:site_name\" content=\"binauralmedia.org - Rural Based Sound\/Media Arts &amp; Social Research\" \/>\n\t\t<meta property=\"og:type\" content=\"article\" \/>\n\t\t<meta property=\"og:title\" content=\"Binaural Nodar participa em confer\u00eancia \u201cCultura, coes\u00e3o e impacto social\u201d - binauralmedia.org\" \/>\n\t\t<meta property=\"og:description\" content=\"O coordenador da Binaural Nodar, Lu\u00eds Costa, \u00e9 um dos oradores convidados para a confer\u00eancia \u201cCultura, Coes\u00e3o e Impacto Social\u201d, a decorrer nos dias 5 e 6 de maio na Funda\u00e7\u00e3o de Serralves (Porto, Portugal), sendo organizada pela Presid\u00eancia Portuguesa do Conselho da Uni\u00e3o Europeia. A interven\u00e7\u00e3o decorrer\u00e1 no dia 5 de maio a partir\" \/>\n\t\t<meta property=\"og:url\" content=\"https:\/\/www.binauralmedia.org\/news\/arquivo\/12299\" \/>\n\t\t<meta property=\"article:published_time\" content=\"2021-05-04T17:30:15+00:00\" \/>\n\t\t<meta property=\"article:modified_time\" content=\"2021-08-16T15:41:52+00:00\" \/>\n\t\t<meta name=\"twitter:card\" content=\"summary_large_image\" \/>\n\t\t<meta name=\"twitter:title\" content=\"Binaural Nodar participa em confer\u00eancia \u201cCultura, coes\u00e3o e impacto social\u201d - binauralmedia.org\" \/>\n\t\t<meta name=\"twitter:description\" content=\"O coordenador da Binaural Nodar, Lu\u00eds Costa, \u00e9 um dos oradores convidados para a confer\u00eancia \u201cCultura, Coes\u00e3o e Impacto Social\u201d, a decorrer nos dias 5 e 6 de maio na Funda\u00e7\u00e3o de Serralves (Porto, Portugal), sendo organizada pela Presid\u00eancia Portuguesa do Conselho da Uni\u00e3o Europeia. A interven\u00e7\u00e3o decorrer\u00e1 no dia 5 de maio a partir\" \/>\n\t\t<script type=\"application\/ld+json\" class=\"aioseo-schema\">\n\t\t\t{\"@context\":\"https:\\\/\\\/schema.org\",\"@graph\":[{\"@type\":\"BlogPosting\",\"@id\":\"https:\\\/\\\/www.binauralmedia.org\\\/news\\\/arquivo\\\/12299#blogposting\",\"name\":\"Binaural Nodar participa em confer\\u00eancia \\u201cCultura, coes\\u00e3o e impacto social\\u201d - binauralmedia.org\",\"headline\":\"Binaural Nodar participa em confer\\u00eancia &#8220;Cultura, coes\\u00e3o e impacto social&#8221;\",\"author\":{\"@id\":\"https:\\\/\\\/www.binauralmedia.org\\\/news\\\/arquivo\\\/author\\\/luiscosta#author\"},\"publisher\":{\"@id\":\"https:\\\/\\\/www.binauralmedia.org\\\/news\\\/#organization\"},\"image\":{\"@type\":\"ImageObject\",\"url\":\"https:\\\/\\\/www.binauralmedia.org\\\/news\\\/wp-content\\\/uploads\\\/cultura-e-impacto-social.jpg\",\"width\":1200,\"height\":800},\"datePublished\":\"2021-05-04T17:30:15+00:00\",\"dateModified\":\"2021-08-16T15:41:52+00:00\",\"inLanguage\":\"pt-PT\",\"mainEntityOfPage\":{\"@id\":\"https:\\\/\\\/www.binauralmedia.org\\\/news\\\/arquivo\\\/12299#webpage\"},\"isPartOf\":{\"@id\":\"https:\\\/\\\/www.binauralmedia.org\\\/news\\\/arquivo\\\/12299#webpage\"},\"articleSection\":\"Not\\u00edcias\"},{\"@type\":\"BreadcrumbList\",\"@id\":\"https:\\\/\\\/www.binauralmedia.org\\\/news\\\/arquivo\\\/12299#breadcrumblist\",\"itemListElement\":[{\"@type\":\"ListItem\",\"@id\":\"https:\\\/\\\/www.binauralmedia.org\\\/news#listItem\",\"position\":1,\"name\":\"Home\",\"item\":\"https:\\\/\\\/www.binauralmedia.org\\\/news\",\"nextItem\":{\"@type\":\"ListItem\",\"@id\":\"https:\\\/\\\/www.binauralmedia.org\\\/news\\\/arquivo\\\/category\\\/news#listItem\",\"name\":\"Not\\u00edcias\"}},{\"@type\":\"ListItem\",\"@id\":\"https:\\\/\\\/www.binauralmedia.org\\\/news\\\/arquivo\\\/category\\\/news#listItem\",\"position\":2,\"name\":\"Not\\u00edcias\",\"item\":\"https:\\\/\\\/www.binauralmedia.org\\\/news\\\/arquivo\\\/category\\\/news\",\"nextItem\":{\"@type\":\"ListItem\",\"@id\":\"https:\\\/\\\/www.binauralmedia.org\\\/news\\\/arquivo\\\/12299#listItem\",\"name\":\"Binaural Nodar participa em confer\\u00eancia &#8220;Cultura, coes\\u00e3o e impacto social&#8221;\"},\"previousItem\":{\"@type\":\"ListItem\",\"@id\":\"https:\\\/\\\/www.binauralmedia.org\\\/news#listItem\",\"name\":\"Home\"}},{\"@type\":\"ListItem\",\"@id\":\"https:\\\/\\\/www.binauralmedia.org\\\/news\\\/arquivo\\\/12299#listItem\",\"position\":3,\"name\":\"Binaural Nodar participa em confer\\u00eancia &#8220;Cultura, coes\\u00e3o e impacto social&#8221;\",\"previousItem\":{\"@type\":\"ListItem\",\"@id\":\"https:\\\/\\\/www.binauralmedia.org\\\/news\\\/arquivo\\\/category\\\/news#listItem\",\"name\":\"Not\\u00edcias\"}}]},{\"@type\":\"Organization\",\"@id\":\"https:\\\/\\\/www.binauralmedia.org\\\/news\\\/#organization\",\"name\":\"binauralmedia.org\",\"description\":\"Rural Based Sound\\\/Media Arts & Social Research\",\"url\":\"https:\\\/\\\/www.binauralmedia.org\\\/news\\\/\"},{\"@type\":\"Person\",\"@id\":\"https:\\\/\\\/www.binauralmedia.org\\\/news\\\/arquivo\\\/author\\\/luiscosta#author\",\"url\":\"https:\\\/\\\/www.binauralmedia.org\\\/news\\\/arquivo\\\/author\\\/luiscosta\",\"name\":\"luiscosta\"},{\"@type\":\"WebPage\",\"@id\":\"https:\\\/\\\/www.binauralmedia.org\\\/news\\\/arquivo\\\/12299#webpage\",\"url\":\"https:\\\/\\\/www.binauralmedia.org\\\/news\\\/arquivo\\\/12299\",\"name\":\"Binaural Nodar participa em confer\\u00eancia \\u201cCultura, coes\\u00e3o e impacto social\\u201d - binauralmedia.org\",\"description\":\"O coordenador da Binaural Nodar, Lu\\u00eds Costa, \\u00e9 um dos oradores convidados para a confer\\u00eancia \\u201cCultura, Coes\\u00e3o e Impacto Social\\u201d, a decorrer nos dias 5 e 6 de maio na Funda\\u00e7\\u00e3o de Serralves (Porto, Portugal), sendo organizada pela Presid\\u00eancia Portuguesa do Conselho da Uni\\u00e3o Europeia. A interven\\u00e7\\u00e3o decorrer\\u00e1 no dia 5 de maio a partir\",\"inLanguage\":\"pt-PT\",\"isPartOf\":{\"@id\":\"https:\\\/\\\/www.binauralmedia.org\\\/news\\\/#website\"},\"breadcrumb\":{\"@id\":\"https:\\\/\\\/www.binauralmedia.org\\\/news\\\/arquivo\\\/12299#breadcrumblist\"},\"author\":{\"@id\":\"https:\\\/\\\/www.binauralmedia.org\\\/news\\\/arquivo\\\/author\\\/luiscosta#author\"},\"creator\":{\"@id\":\"https:\\\/\\\/www.binauralmedia.org\\\/news\\\/arquivo\\\/author\\\/luiscosta#author\"},\"image\":{\"@type\":\"ImageObject\",\"url\":\"https:\\\/\\\/www.binauralmedia.org\\\/news\\\/wp-content\\\/uploads\\\/cultura-e-impacto-social.jpg\",\"@id\":\"https:\\\/\\\/www.binauralmedia.org\\\/news\\\/arquivo\\\/12299\\\/#mainImage\",\"width\":1200,\"height\":800},\"primaryImageOfPage\":{\"@id\":\"https:\\\/\\\/www.binauralmedia.org\\\/news\\\/arquivo\\\/12299#mainImage\"},\"datePublished\":\"2021-05-04T17:30:15+00:00\",\"dateModified\":\"2021-08-16T15:41:52+00:00\"},{\"@type\":\"WebSite\",\"@id\":\"https:\\\/\\\/www.binauralmedia.org\\\/news\\\/#website\",\"url\":\"https:\\\/\\\/www.binauralmedia.org\\\/news\\\/\",\"name\":\"binauralmedia.org\",\"description\":\"Rural Based Sound\\\/Media Arts & Social Research\",\"inLanguage\":\"pt-PT\",\"publisher\":{\"@id\":\"https:\\\/\\\/www.binauralmedia.org\\\/news\\\/#organization\"}}]}\n\t\t<\/script>\n\t\t<!-- All in One SEO -->\n\n","aioseo_head_json":{"title":"Binaural Nodar participa em confer\u00eancia \u201cCultura, coes\u00e3o e impacto social\u201d - binauralmedia.org","description":"O coordenador da Binaural Nodar, Lu\u00eds Costa, \u00e9 um dos oradores convidados para a confer\u00eancia \u201cCultura, Coes\u00e3o e Impacto Social\u201d, a decorrer nos dias 5 e 6 de maio na Funda\u00e7\u00e3o de Serralves (Porto, Portugal), sendo organizada pela Presid\u00eancia Portuguesa do Conselho da Uni\u00e3o Europeia. A interven\u00e7\u00e3o decorrer\u00e1 no dia 5 de maio a partir","canonical_url":"https:\/\/www.binauralmedia.org\/news\/arquivo\/12299","robots":"max-image-preview:large","keywords":"","webmasterTools":{"miscellaneous":""},"schema":{"@context":"https:\/\/schema.org","@graph":[{"@type":"BlogPosting","@id":"https:\/\/www.binauralmedia.org\/news\/arquivo\/12299#blogposting","name":"Binaural Nodar participa em confer\u00eancia \u201cCultura, coes\u00e3o e impacto social\u201d - binauralmedia.org","headline":"Binaural Nodar participa em confer\u00eancia &#8220;Cultura, coes\u00e3o e impacto social&#8221;","author":{"@id":"https:\/\/www.binauralmedia.org\/news\/arquivo\/author\/luiscosta#author"},"publisher":{"@id":"https:\/\/www.binauralmedia.org\/news\/#organization"},"image":{"@type":"ImageObject","url":"https:\/\/www.binauralmedia.org\/news\/wp-content\/uploads\/cultura-e-impacto-social.jpg","width":1200,"height":800},"datePublished":"2021-05-04T17:30:15+00:00","dateModified":"2021-08-16T15:41:52+00:00","inLanguage":"pt-PT","mainEntityOfPage":{"@id":"https:\/\/www.binauralmedia.org\/news\/arquivo\/12299#webpage"},"isPartOf":{"@id":"https:\/\/www.binauralmedia.org\/news\/arquivo\/12299#webpage"},"articleSection":"Not\u00edcias"},{"@type":"BreadcrumbList","@id":"https:\/\/www.binauralmedia.org\/news\/arquivo\/12299#breadcrumblist","itemListElement":[{"@type":"ListItem","@id":"https:\/\/www.binauralmedia.org\/news#listItem","position":1,"name":"Home","item":"https:\/\/www.binauralmedia.org\/news","nextItem":{"@type":"ListItem","@id":"https:\/\/www.binauralmedia.org\/news\/arquivo\/category\/news#listItem","name":"Not\u00edcias"}},{"@type":"ListItem","@id":"https:\/\/www.binauralmedia.org\/news\/arquivo\/category\/news#listItem","position":2,"name":"Not\u00edcias","item":"https:\/\/www.binauralmedia.org\/news\/arquivo\/category\/news","nextItem":{"@type":"ListItem","@id":"https:\/\/www.binauralmedia.org\/news\/arquivo\/12299#listItem","name":"Binaural Nodar participa em confer\u00eancia &#8220;Cultura, coes\u00e3o e impacto social&#8221;"},"previousItem":{"@type":"ListItem","@id":"https:\/\/www.binauralmedia.org\/news#listItem","name":"Home"}},{"@type":"ListItem","@id":"https:\/\/www.binauralmedia.org\/news\/arquivo\/12299#listItem","position":3,"name":"Binaural Nodar participa em confer\u00eancia &#8220;Cultura, coes\u00e3o e impacto social&#8221;","previousItem":{"@type":"ListItem","@id":"https:\/\/www.binauralmedia.org\/news\/arquivo\/category\/news#listItem","name":"Not\u00edcias"}}]},{"@type":"Organization","@id":"https:\/\/www.binauralmedia.org\/news\/#organization","name":"binauralmedia.org","description":"Rural Based Sound\/Media Arts & Social Research","url":"https:\/\/www.binauralmedia.org\/news\/"},{"@type":"Person","@id":"https:\/\/www.binauralmedia.org\/news\/arquivo\/author\/luiscosta#author","url":"https:\/\/www.binauralmedia.org\/news\/arquivo\/author\/luiscosta","name":"luiscosta"},{"@type":"WebPage","@id":"https:\/\/www.binauralmedia.org\/news\/arquivo\/12299#webpage","url":"https:\/\/www.binauralmedia.org\/news\/arquivo\/12299","name":"Binaural Nodar participa em confer\u00eancia \u201cCultura, coes\u00e3o e impacto social\u201d - binauralmedia.org","description":"O coordenador da Binaural Nodar, Lu\u00eds Costa, \u00e9 um dos oradores convidados para a confer\u00eancia \u201cCultura, Coes\u00e3o e Impacto Social\u201d, a decorrer nos dias 5 e 6 de maio na Funda\u00e7\u00e3o de Serralves (Porto, Portugal), sendo organizada pela Presid\u00eancia Portuguesa do Conselho da Uni\u00e3o Europeia. A interven\u00e7\u00e3o decorrer\u00e1 no dia 5 de maio a partir","inLanguage":"pt-PT","isPartOf":{"@id":"https:\/\/www.binauralmedia.org\/news\/#website"},"breadcrumb":{"@id":"https:\/\/www.binauralmedia.org\/news\/arquivo\/12299#breadcrumblist"},"author":{"@id":"https:\/\/www.binauralmedia.org\/news\/arquivo\/author\/luiscosta#author"},"creator":{"@id":"https:\/\/www.binauralmedia.org\/news\/arquivo\/author\/luiscosta#author"},"image":{"@type":"ImageObject","url":"https:\/\/www.binauralmedia.org\/news\/wp-content\/uploads\/cultura-e-impacto-social.jpg","@id":"https:\/\/www.binauralmedia.org\/news\/arquivo\/12299\/#mainImage","width":1200,"height":800},"primaryImageOfPage":{"@id":"https:\/\/www.binauralmedia.org\/news\/arquivo\/12299#mainImage"},"datePublished":"2021-05-04T17:30:15+00:00","dateModified":"2021-08-16T15:41:52+00:00"},{"@type":"WebSite","@id":"https:\/\/www.binauralmedia.org\/news\/#website","url":"https:\/\/www.binauralmedia.org\/news\/","name":"binauralmedia.org","description":"Rural Based Sound\/Media Arts & Social Research","inLanguage":"pt-PT","publisher":{"@id":"https:\/\/www.binauralmedia.org\/news\/#organization"}}]},"og:locale":"pt_PT","og:site_name":"binauralmedia.org - Rural Based Sound\/Media Arts &amp; Social Research","og:type":"article","og:title":"Binaural Nodar participa em confer\u00eancia \u201cCultura, coes\u00e3o e impacto social\u201d - binauralmedia.org","og:description":"O coordenador da Binaural Nodar, Lu\u00eds Costa, \u00e9 um dos oradores convidados para a confer\u00eancia \u201cCultura, Coes\u00e3o e Impacto Social\u201d, a decorrer nos dias 5 e 6 de maio na Funda\u00e7\u00e3o de Serralves (Porto, Portugal), sendo organizada pela Presid\u00eancia Portuguesa do Conselho da Uni\u00e3o Europeia. A interven\u00e7\u00e3o decorrer\u00e1 no dia 5 de maio a partir","og:url":"https:\/\/www.binauralmedia.org\/news\/arquivo\/12299","article:published_time":"2021-05-04T17:30:15+00:00","article:modified_time":"2021-08-16T15:41:52+00:00","twitter:card":"summary_large_image","twitter:title":"Binaural Nodar participa em confer\u00eancia \u201cCultura, coes\u00e3o e impacto social\u201d - binauralmedia.org","twitter:description":"O coordenador da Binaural Nodar, Lu\u00eds Costa, \u00e9 um dos oradores convidados para a confer\u00eancia \u201cCultura, Coes\u00e3o e Impacto Social\u201d, a decorrer nos dias 5 e 6 de maio na Funda\u00e7\u00e3o de Serralves (Porto, Portugal), sendo organizada pela Presid\u00eancia Portuguesa do Conselho da Uni\u00e3o Europeia. A interven\u00e7\u00e3o decorrer\u00e1 no dia 5 de maio a partir"},"aioseo_meta_data":{"post_id":"12299","title":null,"description":null,"keywords":null,"keyphrases":null,"primary_term":null,"canonical_url":null,"og_title":null,"og_description":null,"og_object_type":"default","og_image_type":"default","og_image_custom_url":null,"og_image_custom_fields":null,"og_image_url":null,"og_image_width":null,"og_image_height":null,"og_video":null,"og_custom_url":null,"og_article_section":null,"og_article_tags":null,"twitter_use_og":false,"twitter_card":"default","twitter_image_type":"default","twitter_image_custom_url":null,"twitter_image_custom_fields":null,"twitter_image_url":null,"twitter_title":null,"twitter_description":null,"schema_type":"default","schema_type_options":null,"schema":{"blockGraphs":[],"customGraphs":[],"default":{"data":{"Article":[],"Course":[],"Dataset":[],"FAQPage":[],"Movie":[],"Person":[],"Product":[],"ProductReview":[],"Car":[],"Recipe":[],"Service":[],"SoftwareApplication":[],"WebPage":[]},"graphName":"","isEnabled":true},"graphs":[]},"pillar_content":false,"robots_default":true,"robots_noindex":false,"robots_noarchive":false,"robots_nosnippet":false,"robots_nofollow":false,"robots_noimageindex":false,"robots_noodp":false,"robots_notranslate":false,"robots_max_snippet":null,"robots_max_videopreview":null,"robots_max_imagepreview":"large","priority":null,"frequency":null,"local_seo":null,"limit_modified_date":false,"ai":null,"breadcrumb_settings":null,"seo_analyzer_scan_date":null,"created":"2026-08-05 04:25:21","updated":"2026-08-05 04:25:21","focus_keyword":null,"additional_keywords":null,"truseo_locale":null},"aioseo_breadcrumb":"<div class=\"aioseo-breadcrumbs\"><span class=\"aioseo-breadcrumb\">\n\t\t\t<a href=\"https:\/\/www.binauralmedia.org\/news\" title=\"Home\">Home<\/a>\n\t\t<\/span><span class=\"aioseo-breadcrumb-separator\">&raquo;<\/span><span class=\"aioseo-breadcrumb\">\n\t\t\t<a href=\"https:\/\/www.binauralmedia.org\/news\/arquivo\/category\/news\" title=\"Not\u00edcias\">Not\u00edcias<\/a>\n\t\t<\/span><span class=\"aioseo-breadcrumb-separator\">&raquo;<\/span><span class=\"aioseo-breadcrumb\">\n\t\t\tBinaural Nodar participa em confer\u00eancia \u201cCultura, coes\u00e3o e impacto social\u201d\n\t\t<\/span><\/div>","aioseo_breadcrumb_json":[{"label":"Home","link":"https:\/\/www.binauralmedia.org\/news"},{"label":"Not\u00edcias","link":"https:\/\/www.binauralmedia.org\/news\/arquivo\/category\/news"},{"label":"Binaural Nodar participa em confer\u00eancia &#8220;Cultura, coes\u00e3o e impacto social&#8221;","link":"https:\/\/www.binauralmedia.org\/news\/arquivo\/12299"}],"_links":{"self":[{"href":"https:\/\/www.binauralmedia.org\/news\/wp-json\/wp\/v2\/posts\/12299","targetHints":{"allow":["GET"]}}],"collection":[{"href":"https:\/\/www.binauralmedia.org\/news\/wp-json\/wp\/v2\/posts"}],"about":[{"href":"https:\/\/www.binauralmedia.org\/news\/wp-json\/wp\/v2\/types\/post"}],"author":[{"embeddable":true,"href":"https:\/\/www.binauralmedia.org\/news\/wp-json\/wp\/v2\/users\/2"}],"replies":[{"embeddable":true,"href":"https:\/\/www.binauralmedia.org\/news\/wp-json\/wp\/v2\/comments?post=12299"}],"version-history":[{"count":3,"href":"https:\/\/www.binauralmedia.org\/news\/wp-json\/wp\/v2\/posts\/12299\/revisions"}],"predecessor-version":[{"id":13478,"href":"https:\/\/www.binauralmedia.org\/news\/wp-json\/wp\/v2\/posts\/12299\/revisions\/13478"}],"wp:featuredmedia":[{"embeddable":true,"href":"https:\/\/www.binauralmedia.org\/news\/wp-json\/wp\/v2\/media\/12300"}],"wp:attachment":[{"href":"https:\/\/www.binauralmedia.org\/news\/wp-json\/wp\/v2\/media?parent=12299"}],"wp:term":[{"taxonomy":"category","embeddable":true,"href":"https:\/\/www.binauralmedia.org\/news\/wp-json\/wp\/v2\/categories?post=12299"},{"taxonomy":"post_tag","embeddable":true,"href":"https:\/\/www.binauralmedia.org\/news\/wp-json\/wp\/v2\/tags?post=12299"}],"curies":[{"name":"wp","href":"https:\/\/api.w.org\/{rel}","templated":true}]}}