{"id":12268,"date":"2021-02-02T14:23:39","date_gmt":"2021-02-02T14:23:39","guid":{"rendered":"https:\/\/www.binauralmedia.org\/news\/?p=12268"},"modified":"2021-08-16T15:41:50","modified_gmt":"2021-08-16T15:41:50","slug":"aldeias-do-conhecimento-das-termas-centro","status":"publish","type":"post","link":"https:\/\/www.binauralmedia.org\/news\/arquivo\/12268","title":{"rendered":"Projeto Aldeias do Conhecimento das Termas Centro"},"content":{"rendered":"<div class=\"fusion-fullwidth fullwidth-box fusion-builder-row-1 fusion-flex-container nonhundred-percent-fullwidth non-hundred-percent-height-scrolling\" style=\"--awb-border-radius-top-left:0px;--awb-border-radius-top-right:0px;--awb-border-radius-bottom-right:0px;--awb-border-radius-bottom-left:0px;--awb-flex-wrap:wrap;\" ><div class=\"fusion-builder-row fusion-row fusion-flex-align-items-flex-start fusion-flex-content-wrap\" style=\"max-width:1144px;margin-left: calc(-4% \/ 2 );margin-right: calc(-4% \/ 2 );\"><div class=\"fusion-layout-column fusion_builder_column fusion-builder-column-0 fusion_builder_column_1_1 1_1 fusion-flex-column\" style=\"--awb-bg-size:cover;--awb-width-large:100%;--awb-margin-top-large:0px;--awb-spacing-right-large:1.92%;--awb-margin-bottom-large:0px;--awb-spacing-left-large:1.92%;--awb-width-medium:100%;--awb-spacing-right-medium:1.92%;--awb-spacing-left-medium:1.92%;--awb-width-small:100%;--awb-spacing-right-small:1.92%;--awb-spacing-left-small:1.92%;\"><div class=\"fusion-column-wrapper fusion-flex-justify-content-flex-start fusion-content-layout-column\"><div class=\"fusion-text fusion-text-1\"><p>A Binaural Nodar est\u00e1 a produzir um projeto para as Termas Centro intitulado &#8220;Aldeias do Conhecimento&#8221;. Este projeto consiste num vasto conjunto de atividades em desenvolvimento nos vinte territ\u00f3rios termais da Regi\u00e3o Centro: recolhas audiovisuais, cria\u00e7\u00e3o de um arquivo digital com mapeamento geogr\u00e1fico e atividades art\u00edsticas e educativas associadas.<\/p>\n<p>A Binaural Nodar produziu o primeiro trailer de um trabalho que vai durar dois anos de apresenta\u00e7\u00e3o das hist\u00f3rias e mem\u00f3rias recolhidas nas Termas do Carvalhal (Munic\u00edpio de Castro Daire) e aldeias circundantes.<\/p>\n<p>Entre setembro e novembro de 2020, concluiu-se o primeiro ciclo de trabalho de campo, no territ\u00f3rio envolvente \u00e0s Termas do Carvalhal. O trabalho envolveu um conjunto de entrevistas e de outros registos audiovisuais que exploraram os usos da \u00e1gua nestas comunidades rurais, desde a explora\u00e7\u00e3o da \u00e1gua termal no maci\u00e7o gran\u00edtico local, at\u00e9 \u00e0 \u00e1gua usada para consumo humano, consumo animal, para regar os campos e como fonte de energia motriz.<\/p>\n<p>Em aldeias, como as pr\u00f3prias Termas do Carvalhal, Casal, Moinho Velho e Alva, foram tamb\u00e9m recolhidas mem\u00f3rias antigas das termas, registos do seu funcionamento atual e tamb\u00e9m hist\u00f3rias sobre os usos comunit\u00e1rios da \u00e1gua nas aldeias adjacentes: o funcionamento dos moinhos de \u00e1gua, das fontes e bebedouros, os sistemas de rega e at\u00e9 as propriedades benfazejas de algumas \u00e1guas de nascente.<\/p>\n<p>A equipa da Binaural Nodar envolvida nesta primeira fase do projeto consistiu em Ana Rodr\u00edguez, Nely Ferreira e Lu\u00eds Costa.<\/p>\n<p>\u00a0<\/p>\n<p><iframe src=\"https:\/\/www.youtube.com\/embed\/ZD544uESESI\" width=\"800\" height=\"600\" frameborder=\"0\" allowfullscreen=\"allowfullscreen\"><\/iframe><\/p>\n<\/div><\/div><\/div><\/div><\/div>\n","protected":false},"excerpt":{"rendered":"","protected":false},"author":2,"featured_media":12270,"comment_status":"closed","ping_status":"closed","sticky":false,"template":"","format":"standard","meta":{"_acf_changed":false,"_bbp_topic_count":0,"_bbp_reply_count":0,"_bbp_total_topic_count":0,"_bbp_total_reply_count":0,"_bbp_voice_count":0,"_bbp_anonymous_reply_count":0,"_bbp_topic_count_hidden":0,"_bbp_reply_count_hidden":0,"_bbp_forum_subforum_count":0,"footnotes":""},"categories":[1158,1],"tags":[],"class_list":["post-12268","post","type-post","status-publish","format-standard","has-post-thumbnail","hentry","category-visual-sound-ethnograhpy","category-news"],"acf":[],"aioseo_notices":[],"aioseo_head":"\n\t\t<!-- All in One SEO 5.0.1.1 - aioseo.com -->\n\t<meta name=\"description\" content=\"A Binaural Nodar est\u00e1 a produzir um projeto para as Termas Centro intitulado \u201cAldeias do Conhecimento\u201d. Este projeto consiste num vasto conjunto de atividades em desenvolvimento nos vinte territ\u00f3rios termais da Regi\u00e3o Centro: recolhas audiovisuais, cria\u00e7\u00e3o de um arquivo digital com mapeamento geogr\u00e1fico e atividades art\u00edsticas e educativas associadas. A Binaural Nodar produziu o primeiro\" \/>\n\t<meta name=\"robots\" content=\"max-image-preview:large\" \/>\n\t<meta name=\"author\" content=\"luiscosta\"\/>\n\t<link rel=\"canonical\" href=\"https:\/\/www.binauralmedia.org\/news\/arquivo\/12268\" \/>\n\t<meta name=\"generator\" content=\"All in One SEO (AIOSEO) 5.0.1.1\" \/>\n\t\t<meta property=\"og:locale\" content=\"pt_PT\" \/>\n\t\t<meta property=\"og:site_name\" content=\"binauralmedia.org - Rural Based Sound\/Media Arts &amp; Social Research\" \/>\n\t\t<meta property=\"og:type\" content=\"article\" \/>\n\t\t<meta property=\"og:title\" content=\"Projeto Aldeias do Conhecimento das Termas Centro - binauralmedia.org\" \/>\n\t\t<meta property=\"og:description\" content=\"A Binaural Nodar est\u00e1 a produzir um projeto para as Termas Centro intitulado \u201cAldeias do Conhecimento\u201d. Este projeto consiste num vasto conjunto de atividades em desenvolvimento nos vinte territ\u00f3rios termais da Regi\u00e3o Centro: recolhas audiovisuais, cria\u00e7\u00e3o de um arquivo digital com mapeamento geogr\u00e1fico e atividades art\u00edsticas e educativas associadas. A Binaural Nodar produziu o primeiro\" \/>\n\t\t<meta property=\"og:url\" content=\"https:\/\/www.binauralmedia.org\/news\/arquivo\/12268\" \/>\n\t\t<meta property=\"article:published_time\" content=\"2021-02-02T14:23:39+00:00\" \/>\n\t\t<meta property=\"article:modified_time\" content=\"2021-08-16T15:41:50+00:00\" \/>\n\t\t<meta name=\"twitter:card\" content=\"summary_large_image\" \/>\n\t\t<meta name=\"twitter:title\" content=\"Projeto Aldeias do Conhecimento das Termas Centro - binauralmedia.org\" \/>\n\t\t<meta name=\"twitter:description\" content=\"A Binaural Nodar est\u00e1 a produzir um projeto para as Termas Centro intitulado \u201cAldeias do Conhecimento\u201d. Este projeto consiste num vasto conjunto de atividades em desenvolvimento nos vinte territ\u00f3rios termais da Regi\u00e3o Centro: recolhas audiovisuais, cria\u00e7\u00e3o de um arquivo digital com mapeamento geogr\u00e1fico e atividades art\u00edsticas e educativas associadas. A Binaural Nodar produziu o primeiro\" \/>\n\t\t<script type=\"application\/ld+json\" class=\"aioseo-schema\">\n\t\t\t{\"@context\":\"https:\\\/\\\/schema.org\",\"@graph\":[{\"@type\":\"BlogPosting\",\"@id\":\"https:\\\/\\\/www.binauralmedia.org\\\/news\\\/arquivo\\\/12268#blogposting\",\"name\":\"Projeto Aldeias do Conhecimento das Termas Centro - binauralmedia.org\",\"headline\":\"Projeto Aldeias do Conhecimento das Termas Centro\",\"author\":{\"@id\":\"https:\\\/\\\/www.binauralmedia.org\\\/news\\\/arquivo\\\/author\\\/luiscosta#author\"},\"publisher\":{\"@id\":\"https:\\\/\\\/www.binauralmedia.org\\\/news\\\/#organization\"},\"image\":{\"@type\":\"ImageObject\",\"url\":\"https:\\\/\\\/www.binauralmedia.org\\\/news\\\/wp-content\\\/uploads\\\/aldeias-do-conhecimento.jpg\",\"width\":1200,\"height\":800},\"datePublished\":\"2021-02-02T14:23:39+00:00\",\"dateModified\":\"2021-08-16T15:41:50+00:00\",\"inLanguage\":\"pt-PT\",\"mainEntityOfPage\":{\"@id\":\"https:\\\/\\\/www.binauralmedia.org\\\/news\\\/arquivo\\\/12268#webpage\"},\"isPartOf\":{\"@id\":\"https:\\\/\\\/www.binauralmedia.org\\\/news\\\/arquivo\\\/12268#webpage\"},\"articleSection\":\"Etnografia Sonora e Visual, Not\\u00edcias\"},{\"@type\":\"BreadcrumbList\",\"@id\":\"https:\\\/\\\/www.binauralmedia.org\\\/news\\\/arquivo\\\/12268#breadcrumblist\",\"itemListElement\":[{\"@type\":\"ListItem\",\"@id\":\"https:\\\/\\\/www.binauralmedia.org\\\/news#listItem\",\"position\":1,\"name\":\"Home\",\"item\":\"https:\\\/\\\/www.binauralmedia.org\\\/news\",\"nextItem\":{\"@type\":\"ListItem\",\"@id\":\"https:\\\/\\\/www.binauralmedia.org\\\/news\\\/arquivo\\\/category\\\/news#listItem\",\"name\":\"Not\\u00edcias\"}},{\"@type\":\"ListItem\",\"@id\":\"https:\\\/\\\/www.binauralmedia.org\\\/news\\\/arquivo\\\/category\\\/news#listItem\",\"position\":2,\"name\":\"Not\\u00edcias\",\"item\":\"https:\\\/\\\/www.binauralmedia.org\\\/news\\\/arquivo\\\/category\\\/news\",\"nextItem\":{\"@type\":\"ListItem\",\"@id\":\"https:\\\/\\\/www.binauralmedia.org\\\/news\\\/arquivo\\\/12268#listItem\",\"name\":\"Projeto Aldeias do Conhecimento das Termas Centro\"},\"previousItem\":{\"@type\":\"ListItem\",\"@id\":\"https:\\\/\\\/www.binauralmedia.org\\\/news#listItem\",\"name\":\"Home\"}},{\"@type\":\"ListItem\",\"@id\":\"https:\\\/\\\/www.binauralmedia.org\\\/news\\\/arquivo\\\/12268#listItem\",\"position\":3,\"name\":\"Projeto Aldeias do Conhecimento das Termas Centro\",\"previousItem\":{\"@type\":\"ListItem\",\"@id\":\"https:\\\/\\\/www.binauralmedia.org\\\/news\\\/arquivo\\\/category\\\/news#listItem\",\"name\":\"Not\\u00edcias\"}}]},{\"@type\":\"Organization\",\"@id\":\"https:\\\/\\\/www.binauralmedia.org\\\/news\\\/#organization\",\"name\":\"binauralmedia.org\",\"description\":\"Rural Based Sound\\\/Media Arts & Social Research\",\"url\":\"https:\\\/\\\/www.binauralmedia.org\\\/news\\\/\"},{\"@type\":\"Person\",\"@id\":\"https:\\\/\\\/www.binauralmedia.org\\\/news\\\/arquivo\\\/author\\\/luiscosta#author\",\"url\":\"https:\\\/\\\/www.binauralmedia.org\\\/news\\\/arquivo\\\/author\\\/luiscosta\",\"name\":\"luiscosta\"},{\"@type\":\"WebPage\",\"@id\":\"https:\\\/\\\/www.binauralmedia.org\\\/news\\\/arquivo\\\/12268#webpage\",\"url\":\"https:\\\/\\\/www.binauralmedia.org\\\/news\\\/arquivo\\\/12268\",\"name\":\"Projeto Aldeias do Conhecimento das Termas Centro - binauralmedia.org\",\"description\":\"A Binaural Nodar est\\u00e1 a produzir um projeto para as Termas Centro intitulado \\u201cAldeias do Conhecimento\\u201d. Este projeto consiste num vasto conjunto de atividades em desenvolvimento nos vinte territ\\u00f3rios termais da Regi\\u00e3o Centro: recolhas audiovisuais, cria\\u00e7\\u00e3o de um arquivo digital com mapeamento geogr\\u00e1fico e atividades art\\u00edsticas e educativas associadas. A Binaural Nodar produziu o primeiro\",\"inLanguage\":\"pt-PT\",\"isPartOf\":{\"@id\":\"https:\\\/\\\/www.binauralmedia.org\\\/news\\\/#website\"},\"breadcrumb\":{\"@id\":\"https:\\\/\\\/www.binauralmedia.org\\\/news\\\/arquivo\\\/12268#breadcrumblist\"},\"author\":{\"@id\":\"https:\\\/\\\/www.binauralmedia.org\\\/news\\\/arquivo\\\/author\\\/luiscosta#author\"},\"creator\":{\"@id\":\"https:\\\/\\\/www.binauralmedia.org\\\/news\\\/arquivo\\\/author\\\/luiscosta#author\"},\"image\":{\"@type\":\"ImageObject\",\"url\":\"https:\\\/\\\/www.binauralmedia.org\\\/news\\\/wp-content\\\/uploads\\\/aldeias-do-conhecimento.jpg\",\"@id\":\"https:\\\/\\\/www.binauralmedia.org\\\/news\\\/arquivo\\\/12268\\\/#mainImage\",\"width\":1200,\"height\":800},\"primaryImageOfPage\":{\"@id\":\"https:\\\/\\\/www.binauralmedia.org\\\/news\\\/arquivo\\\/12268#mainImage\"},\"datePublished\":\"2021-02-02T14:23:39+00:00\",\"dateModified\":\"2021-08-16T15:41:50+00:00\"},{\"@type\":\"WebSite\",\"@id\":\"https:\\\/\\\/www.binauralmedia.org\\\/news\\\/#website\",\"url\":\"https:\\\/\\\/www.binauralmedia.org\\\/news\\\/\",\"name\":\"binauralmedia.org\",\"description\":\"Rural Based Sound\\\/Media Arts & Social Research\",\"inLanguage\":\"pt-PT\",\"publisher\":{\"@id\":\"https:\\\/\\\/www.binauralmedia.org\\\/news\\\/#organization\"}}]}\n\t\t<\/script>\n\t\t<!-- All in One SEO -->\n\n","aioseo_head_json":{"title":"Projeto Aldeias do Conhecimento das Termas Centro - binauralmedia.org","description":"A Binaural Nodar est\u00e1 a produzir um projeto para as Termas Centro intitulado \u201cAldeias do Conhecimento\u201d. Este projeto consiste num vasto conjunto de atividades em desenvolvimento nos vinte territ\u00f3rios termais da Regi\u00e3o Centro: recolhas audiovisuais, cria\u00e7\u00e3o de um arquivo digital com mapeamento geogr\u00e1fico e atividades art\u00edsticas e educativas associadas. A Binaural Nodar produziu o primeiro","canonical_url":"https:\/\/www.binauralmedia.org\/news\/arquivo\/12268","robots":"max-image-preview:large","keywords":"","webmasterTools":{"miscellaneous":""},"schema":{"@context":"https:\/\/schema.org","@graph":[{"@type":"BlogPosting","@id":"https:\/\/www.binauralmedia.org\/news\/arquivo\/12268#blogposting","name":"Projeto Aldeias do Conhecimento das Termas Centro - binauralmedia.org","headline":"Projeto Aldeias do Conhecimento das Termas Centro","author":{"@id":"https:\/\/www.binauralmedia.org\/news\/arquivo\/author\/luiscosta#author"},"publisher":{"@id":"https:\/\/www.binauralmedia.org\/news\/#organization"},"image":{"@type":"ImageObject","url":"https:\/\/www.binauralmedia.org\/news\/wp-content\/uploads\/aldeias-do-conhecimento.jpg","width":1200,"height":800},"datePublished":"2021-02-02T14:23:39+00:00","dateModified":"2021-08-16T15:41:50+00:00","inLanguage":"pt-PT","mainEntityOfPage":{"@id":"https:\/\/www.binauralmedia.org\/news\/arquivo\/12268#webpage"},"isPartOf":{"@id":"https:\/\/www.binauralmedia.org\/news\/arquivo\/12268#webpage"},"articleSection":"Etnografia Sonora e Visual, Not\u00edcias"},{"@type":"BreadcrumbList","@id":"https:\/\/www.binauralmedia.org\/news\/arquivo\/12268#breadcrumblist","itemListElement":[{"@type":"ListItem","@id":"https:\/\/www.binauralmedia.org\/news#listItem","position":1,"name":"Home","item":"https:\/\/www.binauralmedia.org\/news","nextItem":{"@type":"ListItem","@id":"https:\/\/www.binauralmedia.org\/news\/arquivo\/category\/news#listItem","name":"Not\u00edcias"}},{"@type":"ListItem","@id":"https:\/\/www.binauralmedia.org\/news\/arquivo\/category\/news#listItem","position":2,"name":"Not\u00edcias","item":"https:\/\/www.binauralmedia.org\/news\/arquivo\/category\/news","nextItem":{"@type":"ListItem","@id":"https:\/\/www.binauralmedia.org\/news\/arquivo\/12268#listItem","name":"Projeto Aldeias do Conhecimento das Termas Centro"},"previousItem":{"@type":"ListItem","@id":"https:\/\/www.binauralmedia.org\/news#listItem","name":"Home"}},{"@type":"ListItem","@id":"https:\/\/www.binauralmedia.org\/news\/arquivo\/12268#listItem","position":3,"name":"Projeto Aldeias do Conhecimento das Termas Centro","previousItem":{"@type":"ListItem","@id":"https:\/\/www.binauralmedia.org\/news\/arquivo\/category\/news#listItem","name":"Not\u00edcias"}}]},{"@type":"Organization","@id":"https:\/\/www.binauralmedia.org\/news\/#organization","name":"binauralmedia.org","description":"Rural Based Sound\/Media Arts & Social Research","url":"https:\/\/www.binauralmedia.org\/news\/"},{"@type":"Person","@id":"https:\/\/www.binauralmedia.org\/news\/arquivo\/author\/luiscosta#author","url":"https:\/\/www.binauralmedia.org\/news\/arquivo\/author\/luiscosta","name":"luiscosta"},{"@type":"WebPage","@id":"https:\/\/www.binauralmedia.org\/news\/arquivo\/12268#webpage","url":"https:\/\/www.binauralmedia.org\/news\/arquivo\/12268","name":"Projeto Aldeias do Conhecimento das Termas Centro - binauralmedia.org","description":"A Binaural Nodar est\u00e1 a produzir um projeto para as Termas Centro intitulado \u201cAldeias do Conhecimento\u201d. Este projeto consiste num vasto conjunto de atividades em desenvolvimento nos vinte territ\u00f3rios termais da Regi\u00e3o Centro: recolhas audiovisuais, cria\u00e7\u00e3o de um arquivo digital com mapeamento geogr\u00e1fico e atividades art\u00edsticas e educativas associadas. A Binaural Nodar produziu o primeiro","inLanguage":"pt-PT","isPartOf":{"@id":"https:\/\/www.binauralmedia.org\/news\/#website"},"breadcrumb":{"@id":"https:\/\/www.binauralmedia.org\/news\/arquivo\/12268#breadcrumblist"},"author":{"@id":"https:\/\/www.binauralmedia.org\/news\/arquivo\/author\/luiscosta#author"},"creator":{"@id":"https:\/\/www.binauralmedia.org\/news\/arquivo\/author\/luiscosta#author"},"image":{"@type":"ImageObject","url":"https:\/\/www.binauralmedia.org\/news\/wp-content\/uploads\/aldeias-do-conhecimento.jpg","@id":"https:\/\/www.binauralmedia.org\/news\/arquivo\/12268\/#mainImage","width":1200,"height":800},"primaryImageOfPage":{"@id":"https:\/\/www.binauralmedia.org\/news\/arquivo\/12268#mainImage"},"datePublished":"2021-02-02T14:23:39+00:00","dateModified":"2021-08-16T15:41:50+00:00"},{"@type":"WebSite","@id":"https:\/\/www.binauralmedia.org\/news\/#website","url":"https:\/\/www.binauralmedia.org\/news\/","name":"binauralmedia.org","description":"Rural Based Sound\/Media Arts & Social Research","inLanguage":"pt-PT","publisher":{"@id":"https:\/\/www.binauralmedia.org\/news\/#organization"}}]},"og:locale":"pt_PT","og:site_name":"binauralmedia.org - Rural Based Sound\/Media Arts &amp; Social Research","og:type":"article","og:title":"Projeto Aldeias do Conhecimento das Termas Centro - binauralmedia.org","og:description":"A Binaural Nodar est\u00e1 a produzir um projeto para as Termas Centro intitulado \u201cAldeias do Conhecimento\u201d. Este projeto consiste num vasto conjunto de atividades em desenvolvimento nos vinte territ\u00f3rios termais da Regi\u00e3o Centro: recolhas audiovisuais, cria\u00e7\u00e3o de um arquivo digital com mapeamento geogr\u00e1fico e atividades art\u00edsticas e educativas associadas. A Binaural Nodar produziu o primeiro","og:url":"https:\/\/www.binauralmedia.org\/news\/arquivo\/12268","article:published_time":"2021-02-02T14:23:39+00:00","article:modified_time":"2021-08-16T15:41:50+00:00","twitter:card":"summary_large_image","twitter:title":"Projeto Aldeias do Conhecimento das Termas Centro - binauralmedia.org","twitter:description":"A Binaural Nodar est\u00e1 a produzir um projeto para as Termas Centro intitulado \u201cAldeias do Conhecimento\u201d. Este projeto consiste num vasto conjunto de atividades em desenvolvimento nos vinte territ\u00f3rios termais da Regi\u00e3o Centro: recolhas audiovisuais, cria\u00e7\u00e3o de um arquivo digital com mapeamento geogr\u00e1fico e atividades art\u00edsticas e educativas associadas. A Binaural Nodar produziu o primeiro"},"aioseo_meta_data":{"post_id":"12268","title":null,"description":null,"keywords":null,"keyphrases":null,"primary_term":null,"canonical_url":null,"og_title":null,"og_description":null,"og_object_type":"default","og_image_type":"default","og_image_custom_url":null,"og_image_custom_fields":null,"og_image_url":null,"og_image_width":null,"og_image_height":null,"og_video":null,"og_custom_url":null,"og_article_section":null,"og_article_tags":null,"twitter_use_og":false,"twitter_card":"default","twitter_image_type":"default","twitter_image_custom_url":null,"twitter_image_custom_fields":null,"twitter_image_url":null,"twitter_title":null,"twitter_description":null,"schema_type":"default","schema_type_options":null,"schema":{"blockGraphs":[],"customGraphs":[],"default":{"data":{"Article":[],"Course":[],"Dataset":[],"FAQPage":[],"Movie":[],"Person":[],"Product":[],"ProductReview":[],"Car":[],"Recipe":[],"Service":[],"SoftwareApplication":[],"WebPage":[]},"graphName":"","isEnabled":true},"graphs":[]},"pillar_content":false,"robots_default":true,"robots_noindex":false,"robots_noarchive":false,"robots_nosnippet":false,"robots_nofollow":false,"robots_noimageindex":false,"robots_noodp":false,"robots_notranslate":false,"robots_max_snippet":null,"robots_max_videopreview":null,"robots_max_imagepreview":"large","priority":null,"frequency":null,"local_seo":null,"limit_modified_date":false,"ai":null,"breadcrumb_settings":null,"seo_analyzer_scan_date":null,"created":"2026-08-05 04:25:21","updated":"2026-08-05 04:25:21","focus_keyword":null,"additional_keywords":null,"truseo_locale":null},"aioseo_breadcrumb":"<div class=\"aioseo-breadcrumbs\"><span class=\"aioseo-breadcrumb\">\n\t\t\t<a href=\"https:\/\/www.binauralmedia.org\/news\" title=\"Home\">Home<\/a>\n\t\t<\/span><span class=\"aioseo-breadcrumb-separator\">&raquo;<\/span><span class=\"aioseo-breadcrumb\">\n\t\t\t<a href=\"https:\/\/www.binauralmedia.org\/news\/arquivo\/category\/news\" title=\"Not\u00edcias\">Not\u00edcias<\/a>\n\t\t<\/span><span class=\"aioseo-breadcrumb-separator\">&raquo;<\/span><span class=\"aioseo-breadcrumb\">\n\t\t\tProjeto Aldeias do Conhecimento das Termas Centro\n\t\t<\/span><\/div>","aioseo_breadcrumb_json":[{"label":"Home","link":"https:\/\/www.binauralmedia.org\/news"},{"label":"Not\u00edcias","link":"https:\/\/www.binauralmedia.org\/news\/arquivo\/category\/news"},{"label":"Projeto Aldeias do Conhecimento das Termas Centro","link":"https:\/\/www.binauralmedia.org\/news\/arquivo\/12268"}],"_links":{"self":[{"href":"https:\/\/www.binauralmedia.org\/news\/wp-json\/wp\/v2\/posts\/12268","targetHints":{"allow":["GET"]}}],"collection":[{"href":"https:\/\/www.binauralmedia.org\/news\/wp-json\/wp\/v2\/posts"}],"about":[{"href":"https:\/\/www.binauralmedia.org\/news\/wp-json\/wp\/v2\/types\/post"}],"author":[{"embeddable":true,"href":"https:\/\/www.binauralmedia.org\/news\/wp-json\/wp\/v2\/users\/2"}],"replies":[{"embeddable":true,"href":"https:\/\/www.binauralmedia.org\/news\/wp-json\/wp\/v2\/comments?post=12268"}],"version-history":[{"count":5,"href":"https:\/\/www.binauralmedia.org\/news\/wp-json\/wp\/v2\/posts\/12268\/revisions"}],"predecessor-version":[{"id":13472,"href":"https:\/\/www.binauralmedia.org\/news\/wp-json\/wp\/v2\/posts\/12268\/revisions\/13472"}],"wp:featuredmedia":[{"embeddable":true,"href":"https:\/\/www.binauralmedia.org\/news\/wp-json\/wp\/v2\/media\/12270"}],"wp:attachment":[{"href":"https:\/\/www.binauralmedia.org\/news\/wp-json\/wp\/v2\/media?parent=12268"}],"wp:term":[{"taxonomy":"category","embeddable":true,"href":"https:\/\/www.binauralmedia.org\/news\/wp-json\/wp\/v2\/categories?post=12268"},{"taxonomy":"post_tag","embeddable":true,"href":"https:\/\/www.binauralmedia.org\/news\/wp-json\/wp\/v2\/tags?post=12268"}],"curies":[{"name":"wp","href":"https:\/\/api.w.org\/{rel}","templated":true}]}}