{"id":12227,"date":"2020-11-05T16:56:35","date_gmt":"2020-11-05T16:56:35","guid":{"rendered":"https:\/\/www.binauralmedia.org\/news\/?p=12227"},"modified":"2021-08-16T15:41:49","modified_gmt":"2021-08-16T15:41:49","slug":"instalacao-audiovisual-cor-coro-corpo-apresentada-em-varzea-de-calde","status":"publish","type":"post","link":"https:\/\/www.binauralmedia.org\/news\/arquivo\/12227","title":{"rendered":"Instala\u00e7\u00e3o audiovisual &#8220;Cor, coro, corpo&#8221; apresentada em V\u00e1rzea de Calde"},"content":{"rendered":"<p><strong>Cor, Coro, Corpo<\/strong><br \/>\nUma instala\u00e7\u00e3o audiovisual da Binaural Nodar<br \/>\nMuseu do Linho de V\u00e1rzea de Calde (Museus de Viseu)<br \/>\nV\u00e1rzea de Calde | Viseu<br \/>\nInaugura\u00e7\u00e3o 15 novembro \u00e0s 15h00<\/p>\n<p>[Nota: esta atividade cumprir\u00e1 todas as normas sanit\u00e1rias e de higiene da DGS]<\/p>\n<p>H\u00e1 quem ser refira ao Portugal rural, especificamente ao per\u00edodo da segunda metade do s\u00e9culo XX, como um mundo solit\u00e1rio, triste e a preto e branco. Esta vis\u00e3o decorre em parte das especificidades econ\u00f3micas (pobreza, auto-sufici\u00eancia) e pol\u00edticas (regime autocr\u00e1tico) do pa\u00eds at\u00e9 ao advento da democracia, associadas ao simbolismo da pr\u00f3pria televis\u00e3o a preto e branco que existiu no pa\u00eds at\u00e9 ao final dos anos 70. No entanto, n\u00e3o raras vezes, emerge uma contra-argumenta\u00e7\u00e3o por parte das pr\u00f3prias popula\u00e7\u00f5es que se referem \u00e0s suas aldeias de h\u00e1 cinquenta ou sessenta anos como lugares de cor, de alegria, de vida, de juventude e de entreajuda comunit\u00e1ria, o que contrasta de sobremaneira com a ideia de um territ\u00f3rio escuro e triste.<\/p>\n<p>Nestes tempos p\u00f3s-milenares \u00e9 poss\u00edvel ainda sentirmos uma \u201csinestesia do comum\u201d em alguns lugares rurais que preservam um forte sentido de perten\u00e7a e uma profunda rela\u00e7\u00e3o com a paisagem envolvente. V\u00e1rzea de Calde \u00e9 um exemplo paradigm\u00e1tico, um em que a explos\u00e3o crom\u00e1tica dos campos cultivados e das esp\u00e9cies vegetais se transmuta harmoniosamente na cores das pe\u00e7as de vestu\u00e1rio festivo das mulheres do grupo de cantares local. Por sua vez, essas cores transformam-se \u201cmilagrosamente\u201d em notas musicais que ecoam no cantar coletivo que homenageia o trabalho e o viver ao longo dos ciclos da terra e do sagrado. Ato cont\u00ednuo, estas mesmas notas, que se difundem no \u00e9ter e que se escutam na paisagem, tamb\u00e9m impregnam os corpos, acompanhando e fazendo vibrar as marcas do tempo nas veias, nos m\u00fasculos e nos ossos.<\/p>\n<p>\u201cCor, Coro, Corpo\u201d \u00e9 uma instala\u00e7\u00e3o audiovisual da Binaural Nodar que consiste num exerc\u00edcio sinest\u00e9tico, de transmuta\u00e7\u00e3o entre a riqueza crom\u00e1tica que se distribui no espa\u00e7o, as notas coletivas cantadas na linha do tempo e o elogio aos corpos de mulheres resistentes que condensam as alegrias e penas de quem vive quotidianamente o mundo rural.<\/p>\n<p>Ficha t\u00e9cnica:<br \/>\nIdeia original, composi\u00e7\u00e3o sonora e edi\u00e7\u00e3o v\u00eddeo: Lu\u00eds Costa<br \/>\nApoio de montagem: Nely Ferreira<br \/>\nParticipa\u00e7\u00e3o: Grupo de Cantares do Linho de V\u00e1rzea de Calde<br \/>\nUm agradecimento ao Museu do Linho de V\u00e1rzea de Calde<br \/>\nCo-financiamento: Munic\u00edpio de Viseu atrav\u00e9s do programa Viseu Cultura e Dire\u00e7\u00e3o-Geral das Artes.<br \/>\n\u00a9 Binaural Nodar, 2020.<\/p>\n","protected":false},"excerpt":{"rendered":"<p>Cor, Coro, Corpo Uma instala\u00e7\u00e3o audiovisual da Binaural Nodar Museu  [&#8230;]<\/p>\n","protected":false},"author":2,"featured_media":12228,"comment_status":"closed","ping_status":"closed","sticky":false,"template":"","format":"standard","meta":{"_acf_changed":false,"_bbp_topic_count":0,"_bbp_reply_count":0,"_bbp_total_topic_count":0,"_bbp_total_reply_count":0,"_bbp_voice_count":0,"_bbp_anonymous_reply_count":0,"_bbp_topic_count_hidden":0,"_bbp_reply_count_hidden":0,"_bbp_forum_subforum_count":0,"footnotes":""},"categories":[1161,1158,1],"tags":[],"class_list":["post-12227","post","type-post","status-publish","format-standard","has-post-thumbnail","hentry","category-artistic-creations","category-visual-sound-ethnograhpy","category-news"],"acf":[],"aioseo_notices":[],"aioseo_head":"\n\t\t<!-- All in One SEO 5.0.1.1 - aioseo.com -->\n\t<meta name=\"description\" content=\"Cor, Coro, Corpo Uma instala\u00e7\u00e3o audiovisual da Binaural Nodar Museu do Linho de V\u00e1rzea de Calde (Museus de Viseu) V\u00e1rzea de Calde | Viseu Inaugura\u00e7\u00e3o 15 novembro \u00e0s 15h00 [Nota: esta atividade cumprir\u00e1 todas as normas sanit\u00e1rias e de higiene da DGS] H\u00e1 quem ser refira ao Portugal rural, especificamente ao per\u00edodo da segunda metade\" \/>\n\t<meta name=\"robots\" content=\"max-image-preview:large\" \/>\n\t<meta name=\"author\" content=\"luiscosta\"\/>\n\t<link rel=\"canonical\" href=\"https:\/\/www.binauralmedia.org\/news\/arquivo\/12227\" \/>\n\t<meta name=\"generator\" content=\"All in One SEO (AIOSEO) 5.0.1.1\" \/>\n\t\t<meta property=\"og:locale\" content=\"pt_PT\" \/>\n\t\t<meta property=\"og:site_name\" content=\"binauralmedia.org - Rural Based Sound\/Media Arts &amp; Social Research\" \/>\n\t\t<meta property=\"og:type\" content=\"article\" \/>\n\t\t<meta property=\"og:title\" content=\"Instala\u00e7\u00e3o audiovisual \u201cCor, coro, corpo\u201d apresentada em V\u00e1rzea de Calde - binauralmedia.org\" \/>\n\t\t<meta property=\"og:description\" content=\"Cor, Coro, Corpo Uma instala\u00e7\u00e3o audiovisual da Binaural Nodar Museu do Linho de V\u00e1rzea de Calde (Museus de Viseu) V\u00e1rzea de Calde | Viseu Inaugura\u00e7\u00e3o 15 novembro \u00e0s 15h00 [Nota: esta atividade cumprir\u00e1 todas as normas sanit\u00e1rias e de higiene da DGS] H\u00e1 quem ser refira ao Portugal rural, especificamente ao per\u00edodo da segunda metade\" \/>\n\t\t<meta property=\"og:url\" content=\"https:\/\/www.binauralmedia.org\/news\/arquivo\/12227\" \/>\n\t\t<meta property=\"article:published_time\" content=\"2020-11-05T16:56:35+00:00\" \/>\n\t\t<meta property=\"article:modified_time\" content=\"2021-08-16T15:41:49+00:00\" \/>\n\t\t<meta name=\"twitter:card\" content=\"summary_large_image\" \/>\n\t\t<meta name=\"twitter:title\" content=\"Instala\u00e7\u00e3o audiovisual \u201cCor, coro, corpo\u201d apresentada em V\u00e1rzea de Calde - binauralmedia.org\" \/>\n\t\t<meta name=\"twitter:description\" content=\"Cor, Coro, Corpo Uma instala\u00e7\u00e3o audiovisual da Binaural Nodar Museu do Linho de V\u00e1rzea de Calde (Museus de Viseu) V\u00e1rzea de Calde | Viseu Inaugura\u00e7\u00e3o 15 novembro \u00e0s 15h00 [Nota: esta atividade cumprir\u00e1 todas as normas sanit\u00e1rias e de higiene da DGS] H\u00e1 quem ser refira ao Portugal rural, especificamente ao per\u00edodo da segunda metade\" \/>\n\t\t<script type=\"application\/ld+json\" class=\"aioseo-schema\">\n\t\t\t{\"@context\":\"https:\\\/\\\/schema.org\",\"@graph\":[{\"@type\":\"BlogPosting\",\"@id\":\"https:\\\/\\\/www.binauralmedia.org\\\/news\\\/arquivo\\\/12227#blogposting\",\"name\":\"Instala\\u00e7\\u00e3o audiovisual \\u201cCor, coro, corpo\\u201d apresentada em V\\u00e1rzea de Calde - binauralmedia.org\",\"headline\":\"Instala\\u00e7\\u00e3o audiovisual &#8220;Cor, coro, corpo&#8221; apresentada em V\\u00e1rzea de Calde\",\"author\":{\"@id\":\"https:\\\/\\\/www.binauralmedia.org\\\/news\\\/arquivo\\\/author\\\/luiscosta#author\"},\"publisher\":{\"@id\":\"https:\\\/\\\/www.binauralmedia.org\\\/news\\\/#organization\"},\"image\":{\"@type\":\"ImageObject\",\"url\":\"https:\\\/\\\/www.binauralmedia.org\\\/news\\\/wp-content\\\/uploads\\\/Instalac\\u0327a\\u0303o-Cor-Coro-Corpo-Va\\u0301rzea-de-Calde-site.jpg\",\"width\":1200,\"height\":800},\"datePublished\":\"2020-11-05T16:56:35+00:00\",\"dateModified\":\"2021-08-16T15:41:49+00:00\",\"inLanguage\":\"pt-PT\",\"mainEntityOfPage\":{\"@id\":\"https:\\\/\\\/www.binauralmedia.org\\\/news\\\/arquivo\\\/12227#webpage\"},\"isPartOf\":{\"@id\":\"https:\\\/\\\/www.binauralmedia.org\\\/news\\\/arquivo\\\/12227#webpage\"},\"articleSection\":\"Cria\\u00e7\\u00f5es Art\\u00edsticas, Etnografia Sonora e Visual, Not\\u00edcias\"},{\"@type\":\"BreadcrumbList\",\"@id\":\"https:\\\/\\\/www.binauralmedia.org\\\/news\\\/arquivo\\\/12227#breadcrumblist\",\"itemListElement\":[{\"@type\":\"ListItem\",\"@id\":\"https:\\\/\\\/www.binauralmedia.org\\\/news#listItem\",\"position\":1,\"name\":\"Home\",\"item\":\"https:\\\/\\\/www.binauralmedia.org\\\/news\",\"nextItem\":{\"@type\":\"ListItem\",\"@id\":\"https:\\\/\\\/www.binauralmedia.org\\\/news\\\/arquivo\\\/category\\\/news#listItem\",\"name\":\"Not\\u00edcias\"}},{\"@type\":\"ListItem\",\"@id\":\"https:\\\/\\\/www.binauralmedia.org\\\/news\\\/arquivo\\\/category\\\/news#listItem\",\"position\":2,\"name\":\"Not\\u00edcias\",\"item\":\"https:\\\/\\\/www.binauralmedia.org\\\/news\\\/arquivo\\\/category\\\/news\",\"nextItem\":{\"@type\":\"ListItem\",\"@id\":\"https:\\\/\\\/www.binauralmedia.org\\\/news\\\/arquivo\\\/12227#listItem\",\"name\":\"Instala\\u00e7\\u00e3o audiovisual &#8220;Cor, coro, corpo&#8221; apresentada em V\\u00e1rzea de Calde\"},\"previousItem\":{\"@type\":\"ListItem\",\"@id\":\"https:\\\/\\\/www.binauralmedia.org\\\/news#listItem\",\"name\":\"Home\"}},{\"@type\":\"ListItem\",\"@id\":\"https:\\\/\\\/www.binauralmedia.org\\\/news\\\/arquivo\\\/12227#listItem\",\"position\":3,\"name\":\"Instala\\u00e7\\u00e3o audiovisual &#8220;Cor, coro, corpo&#8221; apresentada em V\\u00e1rzea de Calde\",\"previousItem\":{\"@type\":\"ListItem\",\"@id\":\"https:\\\/\\\/www.binauralmedia.org\\\/news\\\/arquivo\\\/category\\\/news#listItem\",\"name\":\"Not\\u00edcias\"}}]},{\"@type\":\"Organization\",\"@id\":\"https:\\\/\\\/www.binauralmedia.org\\\/news\\\/#organization\",\"name\":\"binauralmedia.org\",\"description\":\"Rural Based Sound\\\/Media Arts & Social Research\",\"url\":\"https:\\\/\\\/www.binauralmedia.org\\\/news\\\/\"},{\"@type\":\"Person\",\"@id\":\"https:\\\/\\\/www.binauralmedia.org\\\/news\\\/arquivo\\\/author\\\/luiscosta#author\",\"url\":\"https:\\\/\\\/www.binauralmedia.org\\\/news\\\/arquivo\\\/author\\\/luiscosta\",\"name\":\"luiscosta\"},{\"@type\":\"WebPage\",\"@id\":\"https:\\\/\\\/www.binauralmedia.org\\\/news\\\/arquivo\\\/12227#webpage\",\"url\":\"https:\\\/\\\/www.binauralmedia.org\\\/news\\\/arquivo\\\/12227\",\"name\":\"Instala\\u00e7\\u00e3o audiovisual \\u201cCor, coro, corpo\\u201d apresentada em V\\u00e1rzea de Calde - binauralmedia.org\",\"description\":\"Cor, Coro, Corpo Uma instala\\u00e7\\u00e3o audiovisual da Binaural Nodar Museu do Linho de V\\u00e1rzea de Calde (Museus de Viseu) V\\u00e1rzea de Calde | Viseu Inaugura\\u00e7\\u00e3o 15 novembro \\u00e0s 15h00 [Nota: esta atividade cumprir\\u00e1 todas as normas sanit\\u00e1rias e de higiene da DGS] H\\u00e1 quem ser refira ao Portugal rural, especificamente ao per\\u00edodo da segunda metade\",\"inLanguage\":\"pt-PT\",\"isPartOf\":{\"@id\":\"https:\\\/\\\/www.binauralmedia.org\\\/news\\\/#website\"},\"breadcrumb\":{\"@id\":\"https:\\\/\\\/www.binauralmedia.org\\\/news\\\/arquivo\\\/12227#breadcrumblist\"},\"author\":{\"@id\":\"https:\\\/\\\/www.binauralmedia.org\\\/news\\\/arquivo\\\/author\\\/luiscosta#author\"},\"creator\":{\"@id\":\"https:\\\/\\\/www.binauralmedia.org\\\/news\\\/arquivo\\\/author\\\/luiscosta#author\"},\"image\":{\"@type\":\"ImageObject\",\"url\":\"https:\\\/\\\/www.binauralmedia.org\\\/news\\\/wp-content\\\/uploads\\\/Instalac\\u0327a\\u0303o-Cor-Coro-Corpo-Va\\u0301rzea-de-Calde-site.jpg\",\"@id\":\"https:\\\/\\\/www.binauralmedia.org\\\/news\\\/arquivo\\\/12227\\\/#mainImage\",\"width\":1200,\"height\":800},\"primaryImageOfPage\":{\"@id\":\"https:\\\/\\\/www.binauralmedia.org\\\/news\\\/arquivo\\\/12227#mainImage\"},\"datePublished\":\"2020-11-05T16:56:35+00:00\",\"dateModified\":\"2021-08-16T15:41:49+00:00\"},{\"@type\":\"WebSite\",\"@id\":\"https:\\\/\\\/www.binauralmedia.org\\\/news\\\/#website\",\"url\":\"https:\\\/\\\/www.binauralmedia.org\\\/news\\\/\",\"name\":\"binauralmedia.org\",\"description\":\"Rural Based Sound\\\/Media Arts & Social Research\",\"inLanguage\":\"pt-PT\",\"publisher\":{\"@id\":\"https:\\\/\\\/www.binauralmedia.org\\\/news\\\/#organization\"}}]}\n\t\t<\/script>\n\t\t<!-- All in One SEO -->\n\n","aioseo_head_json":{"title":"Instala\u00e7\u00e3o audiovisual \u201cCor, coro, corpo\u201d apresentada em V\u00e1rzea de Calde - binauralmedia.org","description":"Cor, Coro, Corpo Uma instala\u00e7\u00e3o audiovisual da Binaural Nodar Museu do Linho de V\u00e1rzea de Calde (Museus de Viseu) V\u00e1rzea de Calde | Viseu Inaugura\u00e7\u00e3o 15 novembro \u00e0s 15h00 [Nota: esta atividade cumprir\u00e1 todas as normas sanit\u00e1rias e de higiene da DGS] H\u00e1 quem ser refira ao Portugal rural, especificamente ao per\u00edodo da segunda metade","canonical_url":"https:\/\/www.binauralmedia.org\/news\/arquivo\/12227","robots":"max-image-preview:large","keywords":"","webmasterTools":{"miscellaneous":""},"schema":{"@context":"https:\/\/schema.org","@graph":[{"@type":"BlogPosting","@id":"https:\/\/www.binauralmedia.org\/news\/arquivo\/12227#blogposting","name":"Instala\u00e7\u00e3o audiovisual \u201cCor, coro, corpo\u201d apresentada em V\u00e1rzea de Calde - binauralmedia.org","headline":"Instala\u00e7\u00e3o audiovisual &#8220;Cor, coro, corpo&#8221; apresentada em V\u00e1rzea de Calde","author":{"@id":"https:\/\/www.binauralmedia.org\/news\/arquivo\/author\/luiscosta#author"},"publisher":{"@id":"https:\/\/www.binauralmedia.org\/news\/#organization"},"image":{"@type":"ImageObject","url":"https:\/\/www.binauralmedia.org\/news\/wp-content\/uploads\/Instalac\u0327a\u0303o-Cor-Coro-Corpo-Va\u0301rzea-de-Calde-site.jpg","width":1200,"height":800},"datePublished":"2020-11-05T16:56:35+00:00","dateModified":"2021-08-16T15:41:49+00:00","inLanguage":"pt-PT","mainEntityOfPage":{"@id":"https:\/\/www.binauralmedia.org\/news\/arquivo\/12227#webpage"},"isPartOf":{"@id":"https:\/\/www.binauralmedia.org\/news\/arquivo\/12227#webpage"},"articleSection":"Cria\u00e7\u00f5es Art\u00edsticas, Etnografia Sonora e Visual, Not\u00edcias"},{"@type":"BreadcrumbList","@id":"https:\/\/www.binauralmedia.org\/news\/arquivo\/12227#breadcrumblist","itemListElement":[{"@type":"ListItem","@id":"https:\/\/www.binauralmedia.org\/news#listItem","position":1,"name":"Home","item":"https:\/\/www.binauralmedia.org\/news","nextItem":{"@type":"ListItem","@id":"https:\/\/www.binauralmedia.org\/news\/arquivo\/category\/news#listItem","name":"Not\u00edcias"}},{"@type":"ListItem","@id":"https:\/\/www.binauralmedia.org\/news\/arquivo\/category\/news#listItem","position":2,"name":"Not\u00edcias","item":"https:\/\/www.binauralmedia.org\/news\/arquivo\/category\/news","nextItem":{"@type":"ListItem","@id":"https:\/\/www.binauralmedia.org\/news\/arquivo\/12227#listItem","name":"Instala\u00e7\u00e3o audiovisual &#8220;Cor, coro, corpo&#8221; apresentada em V\u00e1rzea de Calde"},"previousItem":{"@type":"ListItem","@id":"https:\/\/www.binauralmedia.org\/news#listItem","name":"Home"}},{"@type":"ListItem","@id":"https:\/\/www.binauralmedia.org\/news\/arquivo\/12227#listItem","position":3,"name":"Instala\u00e7\u00e3o audiovisual &#8220;Cor, coro, corpo&#8221; apresentada em V\u00e1rzea de Calde","previousItem":{"@type":"ListItem","@id":"https:\/\/www.binauralmedia.org\/news\/arquivo\/category\/news#listItem","name":"Not\u00edcias"}}]},{"@type":"Organization","@id":"https:\/\/www.binauralmedia.org\/news\/#organization","name":"binauralmedia.org","description":"Rural Based Sound\/Media Arts & Social Research","url":"https:\/\/www.binauralmedia.org\/news\/"},{"@type":"Person","@id":"https:\/\/www.binauralmedia.org\/news\/arquivo\/author\/luiscosta#author","url":"https:\/\/www.binauralmedia.org\/news\/arquivo\/author\/luiscosta","name":"luiscosta"},{"@type":"WebPage","@id":"https:\/\/www.binauralmedia.org\/news\/arquivo\/12227#webpage","url":"https:\/\/www.binauralmedia.org\/news\/arquivo\/12227","name":"Instala\u00e7\u00e3o audiovisual \u201cCor, coro, corpo\u201d apresentada em V\u00e1rzea de Calde - binauralmedia.org","description":"Cor, Coro, Corpo Uma instala\u00e7\u00e3o audiovisual da Binaural Nodar Museu do Linho de V\u00e1rzea de Calde (Museus de Viseu) V\u00e1rzea de Calde | Viseu Inaugura\u00e7\u00e3o 15 novembro \u00e0s 15h00 [Nota: esta atividade cumprir\u00e1 todas as normas sanit\u00e1rias e de higiene da DGS] H\u00e1 quem ser refira ao Portugal rural, especificamente ao per\u00edodo da segunda metade","inLanguage":"pt-PT","isPartOf":{"@id":"https:\/\/www.binauralmedia.org\/news\/#website"},"breadcrumb":{"@id":"https:\/\/www.binauralmedia.org\/news\/arquivo\/12227#breadcrumblist"},"author":{"@id":"https:\/\/www.binauralmedia.org\/news\/arquivo\/author\/luiscosta#author"},"creator":{"@id":"https:\/\/www.binauralmedia.org\/news\/arquivo\/author\/luiscosta#author"},"image":{"@type":"ImageObject","url":"https:\/\/www.binauralmedia.org\/news\/wp-content\/uploads\/Instalac\u0327a\u0303o-Cor-Coro-Corpo-Va\u0301rzea-de-Calde-site.jpg","@id":"https:\/\/www.binauralmedia.org\/news\/arquivo\/12227\/#mainImage","width":1200,"height":800},"primaryImageOfPage":{"@id":"https:\/\/www.binauralmedia.org\/news\/arquivo\/12227#mainImage"},"datePublished":"2020-11-05T16:56:35+00:00","dateModified":"2021-08-16T15:41:49+00:00"},{"@type":"WebSite","@id":"https:\/\/www.binauralmedia.org\/news\/#website","url":"https:\/\/www.binauralmedia.org\/news\/","name":"binauralmedia.org","description":"Rural Based Sound\/Media Arts & Social Research","inLanguage":"pt-PT","publisher":{"@id":"https:\/\/www.binauralmedia.org\/news\/#organization"}}]},"og:locale":"pt_PT","og:site_name":"binauralmedia.org - Rural Based Sound\/Media Arts &amp; Social Research","og:type":"article","og:title":"Instala\u00e7\u00e3o audiovisual \u201cCor, coro, corpo\u201d apresentada em V\u00e1rzea de Calde - binauralmedia.org","og:description":"Cor, Coro, Corpo Uma instala\u00e7\u00e3o audiovisual da Binaural Nodar Museu do Linho de V\u00e1rzea de Calde (Museus de Viseu) V\u00e1rzea de Calde | Viseu Inaugura\u00e7\u00e3o 15 novembro \u00e0s 15h00 [Nota: esta atividade cumprir\u00e1 todas as normas sanit\u00e1rias e de higiene da DGS] H\u00e1 quem ser refira ao Portugal rural, especificamente ao per\u00edodo da segunda metade","og:url":"https:\/\/www.binauralmedia.org\/news\/arquivo\/12227","article:published_time":"2020-11-05T16:56:35+00:00","article:modified_time":"2021-08-16T15:41:49+00:00","twitter:card":"summary_large_image","twitter:title":"Instala\u00e7\u00e3o audiovisual \u201cCor, coro, corpo\u201d apresentada em V\u00e1rzea de Calde - binauralmedia.org","twitter:description":"Cor, Coro, Corpo Uma instala\u00e7\u00e3o audiovisual da Binaural Nodar Museu do Linho de V\u00e1rzea de Calde (Museus de Viseu) V\u00e1rzea de Calde | Viseu Inaugura\u00e7\u00e3o 15 novembro \u00e0s 15h00 [Nota: esta atividade cumprir\u00e1 todas as normas sanit\u00e1rias e de higiene da DGS] H\u00e1 quem ser refira ao Portugal rural, especificamente ao per\u00edodo da segunda metade"},"aioseo_meta_data":{"post_id":"12227","title":null,"description":null,"keywords":null,"keyphrases":null,"primary_term":null,"canonical_url":null,"og_title":null,"og_description":null,"og_object_type":"default","og_image_type":"default","og_image_custom_url":null,"og_image_custom_fields":null,"og_image_url":null,"og_image_width":null,"og_image_height":null,"og_video":null,"og_custom_url":null,"og_article_section":null,"og_article_tags":null,"twitter_use_og":false,"twitter_card":"default","twitter_image_type":"default","twitter_image_custom_url":null,"twitter_image_custom_fields":null,"twitter_image_url":null,"twitter_title":null,"twitter_description":null,"schema_type":"default","schema_type_options":null,"schema":{"blockGraphs":[],"customGraphs":[],"default":{"data":{"Article":[],"Course":[],"Dataset":[],"FAQPage":[],"Movie":[],"Person":[],"Product":[],"ProductReview":[],"Car":[],"Recipe":[],"Service":[],"SoftwareApplication":[],"WebPage":[]},"graphName":"","isEnabled":true},"graphs":[]},"pillar_content":false,"robots_default":true,"robots_noindex":false,"robots_noarchive":false,"robots_nosnippet":false,"robots_nofollow":false,"robots_noimageindex":false,"robots_noodp":false,"robots_notranslate":false,"robots_max_snippet":null,"robots_max_videopreview":null,"robots_max_imagepreview":"large","priority":null,"frequency":null,"local_seo":null,"limit_modified_date":false,"ai":null,"breadcrumb_settings":null,"seo_analyzer_scan_date":null,"created":"2026-08-05 04:22:53","updated":"2026-08-05 04:22:53","focus_keyword":null,"additional_keywords":null,"truseo_locale":null},"aioseo_breadcrumb":"<div class=\"aioseo-breadcrumbs\"><span class=\"aioseo-breadcrumb\">\n\t\t\t<a href=\"https:\/\/www.binauralmedia.org\/news\" title=\"Home\">Home<\/a>\n\t\t<\/span><span class=\"aioseo-breadcrumb-separator\">&raquo;<\/span><span class=\"aioseo-breadcrumb\">\n\t\t\t<a href=\"https:\/\/www.binauralmedia.org\/news\/arquivo\/category\/news\" title=\"Not\u00edcias\">Not\u00edcias<\/a>\n\t\t<\/span><span class=\"aioseo-breadcrumb-separator\">&raquo;<\/span><span class=\"aioseo-breadcrumb\">\n\t\t\tInstala\u00e7\u00e3o audiovisual \u201cCor, coro, corpo\u201d apresentada em V\u00e1rzea de Calde\n\t\t<\/span><\/div>","aioseo_breadcrumb_json":[{"label":"Home","link":"https:\/\/www.binauralmedia.org\/news"},{"label":"Not\u00edcias","link":"https:\/\/www.binauralmedia.org\/news\/arquivo\/category\/news"},{"label":"Instala\u00e7\u00e3o audiovisual &#8220;Cor, coro, corpo&#8221; apresentada em V\u00e1rzea de Calde","link":"https:\/\/www.binauralmedia.org\/news\/arquivo\/12227"}],"_links":{"self":[{"href":"https:\/\/www.binauralmedia.org\/news\/wp-json\/wp\/v2\/posts\/12227","targetHints":{"allow":["GET"]}}],"collection":[{"href":"https:\/\/www.binauralmedia.org\/news\/wp-json\/wp\/v2\/posts"}],"about":[{"href":"https:\/\/www.binauralmedia.org\/news\/wp-json\/wp\/v2\/types\/post"}],"author":[{"embeddable":true,"href":"https:\/\/www.binauralmedia.org\/news\/wp-json\/wp\/v2\/users\/2"}],"replies":[{"embeddable":true,"href":"https:\/\/www.binauralmedia.org\/news\/wp-json\/wp\/v2\/comments?post=12227"}],"version-history":[{"count":4,"href":"https:\/\/www.binauralmedia.org\/news\/wp-json\/wp\/v2\/posts\/12227\/revisions"}],"predecessor-version":[{"id":13466,"href":"https:\/\/www.binauralmedia.org\/news\/wp-json\/wp\/v2\/posts\/12227\/revisions\/13466"}],"wp:featuredmedia":[{"embeddable":true,"href":"https:\/\/www.binauralmedia.org\/news\/wp-json\/wp\/v2\/media\/12228"}],"wp:attachment":[{"href":"https:\/\/www.binauralmedia.org\/news\/wp-json\/wp\/v2\/media?parent=12227"}],"wp:term":[{"taxonomy":"category","embeddable":true,"href":"https:\/\/www.binauralmedia.org\/news\/wp-json\/wp\/v2\/categories?post=12227"},{"taxonomy":"post_tag","embeddable":true,"href":"https:\/\/www.binauralmedia.org\/news\/wp-json\/wp\/v2\/tags?post=12227"}],"curies":[{"name":"wp","href":"https:\/\/api.w.org\/{rel}","templated":true}]}}