{"id":12223,"date":"2020-10-28T16:43:54","date_gmt":"2020-10-28T16:43:54","guid":{"rendered":"https:\/\/www.binauralmedia.org\/news\/?p=12223"},"modified":"2021-08-16T15:41:48","modified_gmt":"2021-08-16T15:41:48","slug":"english-tramontana-networks-europa-nostra-award-presented-at-the-iccd-in-rome","status":"publish","type":"post","link":"https:\/\/www.binauralmedia.org\/news\/arquivo\/12223","title":{"rendered":"Pr\u00e9mio Europa Nostra atribu\u00eddo \u00e0 Rede Tramontana apresentado em Roma"},"content":{"rendered":"<p>Apresenta\u00e7\u00e3o de Pr\u00e9mio Europa Nostra<br \/>\n29 outubro \u00e0s 10h00 (hora portuguesa)<br \/>\nICCD &#8211; Istituto Centrale per il Catalogo e la Documentazione<br \/>\nRoma (It\u00e1lia)<\/p>\n<p>Lu\u00eds Gomes da Costa, coordenador da Binaural Nodar, estar\u00e1 presente num evento transmitido por streaming desde Roma relativo \u00e0 recente atribui\u00e7\u00e3o do Pr\u00e9mio Europa Nostra (Europa Nostra Awards &#8211; European Heritage Awards) \u00e0 Rede Tramontana dedicada ao patrim\u00f3nio cultural das montanhas europeias e de que a Binaural Nodar \u00e9 chefe-de-fila. O evento ser\u00e1 transmitido atrav\u00e9s do Canal Youtube do ICCD.<\/p>\n","protected":false},"excerpt":{"rendered":"<p>Apresenta\u00e7\u00e3o de Pr\u00e9mio Europa Nostra 29 outubro \u00e0s 10h00 (hora  [&#8230;]<\/p>\n","protected":false},"author":2,"featured_media":12224,"comment_status":"closed","ping_status":"closed","sticky":false,"template":"","format":"standard","meta":{"_acf_changed":false,"_bbp_topic_count":0,"_bbp_reply_count":0,"_bbp_total_topic_count":0,"_bbp_total_reply_count":0,"_bbp_voice_count":0,"_bbp_anonymous_reply_count":0,"_bbp_topic_count_hidden":0,"_bbp_reply_count_hidden":0,"_bbp_forum_subforum_count":0,"footnotes":""},"categories":[1158,1],"tags":[],"class_list":["post-12223","post","type-post","status-publish","format-standard","has-post-thumbnail","hentry","category-visual-sound-ethnograhpy","category-news"],"acf":[],"aioseo_notices":[],"aioseo_head":"\n\t\t<!-- All in One SEO 5.0.1.1 - aioseo.com -->\n\t<meta name=\"description\" content=\"Apresenta\u00e7\u00e3o de Pr\u00e9mio Europa Nostra 29 outubro \u00e0s 10h00 (hora portuguesa) ICCD - Istituto Centrale per il Catalogo e la Documentazione Roma (It\u00e1lia) Lu\u00eds Gomes da Costa, coordenador da Binaural Nodar, estar\u00e1 presente num evento transmitido por streaming desde Roma relativo \u00e0 recente atribui\u00e7\u00e3o do Pr\u00e9mio Europa Nostra (Europa Nostra Awards - European Heritage Awards)\" \/>\n\t<meta name=\"robots\" content=\"max-image-preview:large\" \/>\n\t<meta name=\"author\" content=\"luiscosta\"\/>\n\t<link rel=\"canonical\" href=\"https:\/\/www.binauralmedia.org\/news\/arquivo\/12223\" \/>\n\t<meta name=\"generator\" content=\"All in One SEO (AIOSEO) 5.0.1.1\" \/>\n\t\t<meta property=\"og:locale\" content=\"pt_PT\" \/>\n\t\t<meta property=\"og:site_name\" content=\"binauralmedia.org - Rural Based Sound\/Media Arts &amp; Social Research\" \/>\n\t\t<meta property=\"og:type\" content=\"article\" \/>\n\t\t<meta property=\"og:title\" content=\"Pr\u00e9mio Europa Nostra atribu\u00eddo \u00e0 Rede Tramontana apresentado em Roma - binauralmedia.org\" \/>\n\t\t<meta property=\"og:description\" content=\"Apresenta\u00e7\u00e3o de Pr\u00e9mio Europa Nostra 29 outubro \u00e0s 10h00 (hora portuguesa) ICCD - Istituto Centrale per il Catalogo e la Documentazione Roma (It\u00e1lia) Lu\u00eds Gomes da Costa, coordenador da Binaural Nodar, estar\u00e1 presente num evento transmitido por streaming desde Roma relativo \u00e0 recente atribui\u00e7\u00e3o do Pr\u00e9mio Europa Nostra (Europa Nostra Awards - European Heritage Awards)\" \/>\n\t\t<meta property=\"og:url\" content=\"https:\/\/www.binauralmedia.org\/news\/arquivo\/12223\" \/>\n\t\t<meta property=\"article:published_time\" content=\"2020-10-28T16:43:54+00:00\" \/>\n\t\t<meta property=\"article:modified_time\" content=\"2021-08-16T15:41:48+00:00\" \/>\n\t\t<meta name=\"twitter:card\" content=\"summary_large_image\" \/>\n\t\t<meta name=\"twitter:title\" content=\"Pr\u00e9mio Europa Nostra atribu\u00eddo \u00e0 Rede Tramontana apresentado em Roma - binauralmedia.org\" \/>\n\t\t<meta name=\"twitter:description\" content=\"Apresenta\u00e7\u00e3o de Pr\u00e9mio Europa Nostra 29 outubro \u00e0s 10h00 (hora portuguesa) ICCD - Istituto Centrale per il Catalogo e la Documentazione Roma (It\u00e1lia) Lu\u00eds Gomes da Costa, coordenador da Binaural Nodar, estar\u00e1 presente num evento transmitido por streaming desde Roma relativo \u00e0 recente atribui\u00e7\u00e3o do Pr\u00e9mio Europa Nostra (Europa Nostra Awards - European Heritage Awards)\" \/>\n\t\t<script type=\"application\/ld+json\" class=\"aioseo-schema\">\n\t\t\t{\"@context\":\"https:\\\/\\\/schema.org\",\"@graph\":[{\"@type\":\"BlogPosting\",\"@id\":\"https:\\\/\\\/www.binauralmedia.org\\\/news\\\/arquivo\\\/12223#blogposting\",\"name\":\"Pr\\u00e9mio Europa Nostra atribu\\u00eddo \\u00e0 Rede Tramontana apresentado em Roma - binauralmedia.org\",\"headline\":\"Pr\\u00e9mio Europa Nostra atribu\\u00eddo \\u00e0 Rede Tramontana apresentado em Roma\",\"author\":{\"@id\":\"https:\\\/\\\/www.binauralmedia.org\\\/news\\\/arquivo\\\/author\\\/luiscosta#author\"},\"publisher\":{\"@id\":\"https:\\\/\\\/www.binauralmedia.org\\\/news\\\/#organization\"},\"image\":{\"@type\":\"ImageObject\",\"url\":\"https:\\\/\\\/www.binauralmedia.org\\\/news\\\/wp-content\\\/uploads\\\/tramontana.jpg\",\"width\":1200,\"height\":800},\"datePublished\":\"2020-10-28T16:43:54+00:00\",\"dateModified\":\"2021-08-16T15:41:48+00:00\",\"inLanguage\":\"pt-PT\",\"mainEntityOfPage\":{\"@id\":\"https:\\\/\\\/www.binauralmedia.org\\\/news\\\/arquivo\\\/12223#webpage\"},\"isPartOf\":{\"@id\":\"https:\\\/\\\/www.binauralmedia.org\\\/news\\\/arquivo\\\/12223#webpage\"},\"articleSection\":\"Etnografia Sonora e Visual, Not\\u00edcias\"},{\"@type\":\"BreadcrumbList\",\"@id\":\"https:\\\/\\\/www.binauralmedia.org\\\/news\\\/arquivo\\\/12223#breadcrumblist\",\"itemListElement\":[{\"@type\":\"ListItem\",\"@id\":\"https:\\\/\\\/www.binauralmedia.org\\\/news#listItem\",\"position\":1,\"name\":\"Home\",\"item\":\"https:\\\/\\\/www.binauralmedia.org\\\/news\",\"nextItem\":{\"@type\":\"ListItem\",\"@id\":\"https:\\\/\\\/www.binauralmedia.org\\\/news\\\/arquivo\\\/category\\\/news#listItem\",\"name\":\"Not\\u00edcias\"}},{\"@type\":\"ListItem\",\"@id\":\"https:\\\/\\\/www.binauralmedia.org\\\/news\\\/arquivo\\\/category\\\/news#listItem\",\"position\":2,\"name\":\"Not\\u00edcias\",\"item\":\"https:\\\/\\\/www.binauralmedia.org\\\/news\\\/arquivo\\\/category\\\/news\",\"nextItem\":{\"@type\":\"ListItem\",\"@id\":\"https:\\\/\\\/www.binauralmedia.org\\\/news\\\/arquivo\\\/12223#listItem\",\"name\":\"Pr\\u00e9mio Europa Nostra atribu\\u00eddo \\u00e0 Rede Tramontana apresentado em Roma\"},\"previousItem\":{\"@type\":\"ListItem\",\"@id\":\"https:\\\/\\\/www.binauralmedia.org\\\/news#listItem\",\"name\":\"Home\"}},{\"@type\":\"ListItem\",\"@id\":\"https:\\\/\\\/www.binauralmedia.org\\\/news\\\/arquivo\\\/12223#listItem\",\"position\":3,\"name\":\"Pr\\u00e9mio Europa Nostra atribu\\u00eddo \\u00e0 Rede Tramontana apresentado em Roma\",\"previousItem\":{\"@type\":\"ListItem\",\"@id\":\"https:\\\/\\\/www.binauralmedia.org\\\/news\\\/arquivo\\\/category\\\/news#listItem\",\"name\":\"Not\\u00edcias\"}}]},{\"@type\":\"Organization\",\"@id\":\"https:\\\/\\\/www.binauralmedia.org\\\/news\\\/#organization\",\"name\":\"binauralmedia.org\",\"description\":\"Rural Based Sound\\\/Media Arts & Social Research\",\"url\":\"https:\\\/\\\/www.binauralmedia.org\\\/news\\\/\"},{\"@type\":\"Person\",\"@id\":\"https:\\\/\\\/www.binauralmedia.org\\\/news\\\/arquivo\\\/author\\\/luiscosta#author\",\"url\":\"https:\\\/\\\/www.binauralmedia.org\\\/news\\\/arquivo\\\/author\\\/luiscosta\",\"name\":\"luiscosta\"},{\"@type\":\"WebPage\",\"@id\":\"https:\\\/\\\/www.binauralmedia.org\\\/news\\\/arquivo\\\/12223#webpage\",\"url\":\"https:\\\/\\\/www.binauralmedia.org\\\/news\\\/arquivo\\\/12223\",\"name\":\"Pr\\u00e9mio Europa Nostra atribu\\u00eddo \\u00e0 Rede Tramontana apresentado em Roma - binauralmedia.org\",\"description\":\"Apresenta\\u00e7\\u00e3o de Pr\\u00e9mio Europa Nostra 29 outubro \\u00e0s 10h00 (hora portuguesa) ICCD - Istituto Centrale per il Catalogo e la Documentazione Roma (It\\u00e1lia) Lu\\u00eds Gomes da Costa, coordenador da Binaural Nodar, estar\\u00e1 presente num evento transmitido por streaming desde Roma relativo \\u00e0 recente atribui\\u00e7\\u00e3o do Pr\\u00e9mio Europa Nostra (Europa Nostra Awards - European Heritage Awards)\",\"inLanguage\":\"pt-PT\",\"isPartOf\":{\"@id\":\"https:\\\/\\\/www.binauralmedia.org\\\/news\\\/#website\"},\"breadcrumb\":{\"@id\":\"https:\\\/\\\/www.binauralmedia.org\\\/news\\\/arquivo\\\/12223#breadcrumblist\"},\"author\":{\"@id\":\"https:\\\/\\\/www.binauralmedia.org\\\/news\\\/arquivo\\\/author\\\/luiscosta#author\"},\"creator\":{\"@id\":\"https:\\\/\\\/www.binauralmedia.org\\\/news\\\/arquivo\\\/author\\\/luiscosta#author\"},\"image\":{\"@type\":\"ImageObject\",\"url\":\"https:\\\/\\\/www.binauralmedia.org\\\/news\\\/wp-content\\\/uploads\\\/tramontana.jpg\",\"@id\":\"https:\\\/\\\/www.binauralmedia.org\\\/news\\\/arquivo\\\/12223\\\/#mainImage\",\"width\":1200,\"height\":800},\"primaryImageOfPage\":{\"@id\":\"https:\\\/\\\/www.binauralmedia.org\\\/news\\\/arquivo\\\/12223#mainImage\"},\"datePublished\":\"2020-10-28T16:43:54+00:00\",\"dateModified\":\"2021-08-16T15:41:48+00:00\"},{\"@type\":\"WebSite\",\"@id\":\"https:\\\/\\\/www.binauralmedia.org\\\/news\\\/#website\",\"url\":\"https:\\\/\\\/www.binauralmedia.org\\\/news\\\/\",\"name\":\"binauralmedia.org\",\"description\":\"Rural Based Sound\\\/Media Arts & Social Research\",\"inLanguage\":\"pt-PT\",\"publisher\":{\"@id\":\"https:\\\/\\\/www.binauralmedia.org\\\/news\\\/#organization\"}}]}\n\t\t<\/script>\n\t\t<!-- All in One SEO -->\n\n","aioseo_head_json":{"title":"Pr\u00e9mio Europa Nostra atribu\u00eddo \u00e0 Rede Tramontana apresentado em Roma - binauralmedia.org","description":"Apresenta\u00e7\u00e3o de Pr\u00e9mio Europa Nostra 29 outubro \u00e0s 10h00 (hora portuguesa) ICCD - Istituto Centrale per il Catalogo e la Documentazione Roma (It\u00e1lia) Lu\u00eds Gomes da Costa, coordenador da Binaural Nodar, estar\u00e1 presente num evento transmitido por streaming desde Roma relativo \u00e0 recente atribui\u00e7\u00e3o do Pr\u00e9mio Europa Nostra (Europa Nostra Awards - European Heritage Awards)","canonical_url":"https:\/\/www.binauralmedia.org\/news\/arquivo\/12223","robots":"max-image-preview:large","keywords":"","webmasterTools":{"miscellaneous":""},"schema":{"@context":"https:\/\/schema.org","@graph":[{"@type":"BlogPosting","@id":"https:\/\/www.binauralmedia.org\/news\/arquivo\/12223#blogposting","name":"Pr\u00e9mio Europa Nostra atribu\u00eddo \u00e0 Rede Tramontana apresentado em Roma - binauralmedia.org","headline":"Pr\u00e9mio Europa Nostra atribu\u00eddo \u00e0 Rede Tramontana apresentado em Roma","author":{"@id":"https:\/\/www.binauralmedia.org\/news\/arquivo\/author\/luiscosta#author"},"publisher":{"@id":"https:\/\/www.binauralmedia.org\/news\/#organization"},"image":{"@type":"ImageObject","url":"https:\/\/www.binauralmedia.org\/news\/wp-content\/uploads\/tramontana.jpg","width":1200,"height":800},"datePublished":"2020-10-28T16:43:54+00:00","dateModified":"2021-08-16T15:41:48+00:00","inLanguage":"pt-PT","mainEntityOfPage":{"@id":"https:\/\/www.binauralmedia.org\/news\/arquivo\/12223#webpage"},"isPartOf":{"@id":"https:\/\/www.binauralmedia.org\/news\/arquivo\/12223#webpage"},"articleSection":"Etnografia Sonora e Visual, Not\u00edcias"},{"@type":"BreadcrumbList","@id":"https:\/\/www.binauralmedia.org\/news\/arquivo\/12223#breadcrumblist","itemListElement":[{"@type":"ListItem","@id":"https:\/\/www.binauralmedia.org\/news#listItem","position":1,"name":"Home","item":"https:\/\/www.binauralmedia.org\/news","nextItem":{"@type":"ListItem","@id":"https:\/\/www.binauralmedia.org\/news\/arquivo\/category\/news#listItem","name":"Not\u00edcias"}},{"@type":"ListItem","@id":"https:\/\/www.binauralmedia.org\/news\/arquivo\/category\/news#listItem","position":2,"name":"Not\u00edcias","item":"https:\/\/www.binauralmedia.org\/news\/arquivo\/category\/news","nextItem":{"@type":"ListItem","@id":"https:\/\/www.binauralmedia.org\/news\/arquivo\/12223#listItem","name":"Pr\u00e9mio Europa Nostra atribu\u00eddo \u00e0 Rede Tramontana apresentado em Roma"},"previousItem":{"@type":"ListItem","@id":"https:\/\/www.binauralmedia.org\/news#listItem","name":"Home"}},{"@type":"ListItem","@id":"https:\/\/www.binauralmedia.org\/news\/arquivo\/12223#listItem","position":3,"name":"Pr\u00e9mio Europa Nostra atribu\u00eddo \u00e0 Rede Tramontana apresentado em Roma","previousItem":{"@type":"ListItem","@id":"https:\/\/www.binauralmedia.org\/news\/arquivo\/category\/news#listItem","name":"Not\u00edcias"}}]},{"@type":"Organization","@id":"https:\/\/www.binauralmedia.org\/news\/#organization","name":"binauralmedia.org","description":"Rural Based Sound\/Media Arts & Social Research","url":"https:\/\/www.binauralmedia.org\/news\/"},{"@type":"Person","@id":"https:\/\/www.binauralmedia.org\/news\/arquivo\/author\/luiscosta#author","url":"https:\/\/www.binauralmedia.org\/news\/arquivo\/author\/luiscosta","name":"luiscosta"},{"@type":"WebPage","@id":"https:\/\/www.binauralmedia.org\/news\/arquivo\/12223#webpage","url":"https:\/\/www.binauralmedia.org\/news\/arquivo\/12223","name":"Pr\u00e9mio Europa Nostra atribu\u00eddo \u00e0 Rede Tramontana apresentado em Roma - binauralmedia.org","description":"Apresenta\u00e7\u00e3o de Pr\u00e9mio Europa Nostra 29 outubro \u00e0s 10h00 (hora portuguesa) ICCD - Istituto Centrale per il Catalogo e la Documentazione Roma (It\u00e1lia) Lu\u00eds Gomes da Costa, coordenador da Binaural Nodar, estar\u00e1 presente num evento transmitido por streaming desde Roma relativo \u00e0 recente atribui\u00e7\u00e3o do Pr\u00e9mio Europa Nostra (Europa Nostra Awards - European Heritage Awards)","inLanguage":"pt-PT","isPartOf":{"@id":"https:\/\/www.binauralmedia.org\/news\/#website"},"breadcrumb":{"@id":"https:\/\/www.binauralmedia.org\/news\/arquivo\/12223#breadcrumblist"},"author":{"@id":"https:\/\/www.binauralmedia.org\/news\/arquivo\/author\/luiscosta#author"},"creator":{"@id":"https:\/\/www.binauralmedia.org\/news\/arquivo\/author\/luiscosta#author"},"image":{"@type":"ImageObject","url":"https:\/\/www.binauralmedia.org\/news\/wp-content\/uploads\/tramontana.jpg","@id":"https:\/\/www.binauralmedia.org\/news\/arquivo\/12223\/#mainImage","width":1200,"height":800},"primaryImageOfPage":{"@id":"https:\/\/www.binauralmedia.org\/news\/arquivo\/12223#mainImage"},"datePublished":"2020-10-28T16:43:54+00:00","dateModified":"2021-08-16T15:41:48+00:00"},{"@type":"WebSite","@id":"https:\/\/www.binauralmedia.org\/news\/#website","url":"https:\/\/www.binauralmedia.org\/news\/","name":"binauralmedia.org","description":"Rural Based Sound\/Media Arts & Social Research","inLanguage":"pt-PT","publisher":{"@id":"https:\/\/www.binauralmedia.org\/news\/#organization"}}]},"og:locale":"pt_PT","og:site_name":"binauralmedia.org - Rural Based Sound\/Media Arts &amp; Social Research","og:type":"article","og:title":"Pr\u00e9mio Europa Nostra atribu\u00eddo \u00e0 Rede Tramontana apresentado em Roma - binauralmedia.org","og:description":"Apresenta\u00e7\u00e3o de Pr\u00e9mio Europa Nostra 29 outubro \u00e0s 10h00 (hora portuguesa) ICCD - Istituto Centrale per il Catalogo e la Documentazione Roma (It\u00e1lia) Lu\u00eds Gomes da Costa, coordenador da Binaural Nodar, estar\u00e1 presente num evento transmitido por streaming desde Roma relativo \u00e0 recente atribui\u00e7\u00e3o do Pr\u00e9mio Europa Nostra (Europa Nostra Awards - European Heritage Awards)","og:url":"https:\/\/www.binauralmedia.org\/news\/arquivo\/12223","article:published_time":"2020-10-28T16:43:54+00:00","article:modified_time":"2021-08-16T15:41:48+00:00","twitter:card":"summary_large_image","twitter:title":"Pr\u00e9mio Europa Nostra atribu\u00eddo \u00e0 Rede Tramontana apresentado em Roma - binauralmedia.org","twitter:description":"Apresenta\u00e7\u00e3o de Pr\u00e9mio Europa Nostra 29 outubro \u00e0s 10h00 (hora portuguesa) ICCD - Istituto Centrale per il Catalogo e la Documentazione Roma (It\u00e1lia) Lu\u00eds Gomes da Costa, coordenador da Binaural Nodar, estar\u00e1 presente num evento transmitido por streaming desde Roma relativo \u00e0 recente atribui\u00e7\u00e3o do Pr\u00e9mio Europa Nostra (Europa Nostra Awards - European Heritage Awards)"},"aioseo_meta_data":{"post_id":"12223","title":null,"description":null,"keywords":null,"keyphrases":null,"primary_term":null,"canonical_url":null,"og_title":null,"og_description":null,"og_object_type":"default","og_image_type":"default","og_image_custom_url":null,"og_image_custom_fields":null,"og_image_url":null,"og_image_width":null,"og_image_height":null,"og_video":null,"og_custom_url":null,"og_article_section":null,"og_article_tags":null,"twitter_use_og":false,"twitter_card":"default","twitter_image_type":"default","twitter_image_custom_url":null,"twitter_image_custom_fields":null,"twitter_image_url":null,"twitter_title":null,"twitter_description":null,"schema_type":"default","schema_type_options":null,"schema":{"blockGraphs":[],"customGraphs":[],"default":{"data":{"Article":[],"Course":[],"Dataset":[],"FAQPage":[],"Movie":[],"Person":[],"Product":[],"ProductReview":[],"Car":[],"Recipe":[],"Service":[],"SoftwareApplication":[],"WebPage":[]},"graphName":"","isEnabled":true},"graphs":[]},"pillar_content":false,"robots_default":true,"robots_noindex":false,"robots_noarchive":false,"robots_nosnippet":false,"robots_nofollow":false,"robots_noimageindex":false,"robots_noodp":false,"robots_notranslate":false,"robots_max_snippet":null,"robots_max_videopreview":null,"robots_max_imagepreview":"large","priority":null,"frequency":null,"local_seo":null,"limit_modified_date":false,"ai":null,"breadcrumb_settings":null,"seo_analyzer_scan_date":null,"created":"2026-08-05 04:22:53","updated":"2026-08-05 04:22:53","focus_keyword":null,"additional_keywords":null,"truseo_locale":null},"aioseo_breadcrumb":"<div class=\"aioseo-breadcrumbs\"><span class=\"aioseo-breadcrumb\">\n\t\t\t<a href=\"https:\/\/www.binauralmedia.org\/news\" title=\"Home\">Home<\/a>\n\t\t<\/span><span class=\"aioseo-breadcrumb-separator\">&raquo;<\/span><span class=\"aioseo-breadcrumb\">\n\t\t\t<a href=\"https:\/\/www.binauralmedia.org\/news\/arquivo\/category\/news\" title=\"Not\u00edcias\">Not\u00edcias<\/a>\n\t\t<\/span><span class=\"aioseo-breadcrumb-separator\">&raquo;<\/span><span class=\"aioseo-breadcrumb\">\n\t\t\tPr\u00e9mio Europa Nostra atribu\u00eddo \u00e0 Rede Tramontana apresentado em Roma\n\t\t<\/span><\/div>","aioseo_breadcrumb_json":[{"label":"Home","link":"https:\/\/www.binauralmedia.org\/news"},{"label":"Not\u00edcias","link":"https:\/\/www.binauralmedia.org\/news\/arquivo\/category\/news"},{"label":"Pr\u00e9mio Europa Nostra atribu\u00eddo \u00e0 Rede Tramontana apresentado em Roma","link":"https:\/\/www.binauralmedia.org\/news\/arquivo\/12223"}],"_links":{"self":[{"href":"https:\/\/www.binauralmedia.org\/news\/wp-json\/wp\/v2\/posts\/12223","targetHints":{"allow":["GET"]}}],"collection":[{"href":"https:\/\/www.binauralmedia.org\/news\/wp-json\/wp\/v2\/posts"}],"about":[{"href":"https:\/\/www.binauralmedia.org\/news\/wp-json\/wp\/v2\/types\/post"}],"author":[{"embeddable":true,"href":"https:\/\/www.binauralmedia.org\/news\/wp-json\/wp\/v2\/users\/2"}],"replies":[{"embeddable":true,"href":"https:\/\/www.binauralmedia.org\/news\/wp-json\/wp\/v2\/comments?post=12223"}],"version-history":[{"count":3,"href":"https:\/\/www.binauralmedia.org\/news\/wp-json\/wp\/v2\/posts\/12223\/revisions"}],"predecessor-version":[{"id":13464,"href":"https:\/\/www.binauralmedia.org\/news\/wp-json\/wp\/v2\/posts\/12223\/revisions\/13464"}],"wp:featuredmedia":[{"embeddable":true,"href":"https:\/\/www.binauralmedia.org\/news\/wp-json\/wp\/v2\/media\/12224"}],"wp:attachment":[{"href":"https:\/\/www.binauralmedia.org\/news\/wp-json\/wp\/v2\/media?parent=12223"}],"wp:term":[{"taxonomy":"category","embeddable":true,"href":"https:\/\/www.binauralmedia.org\/news\/wp-json\/wp\/v2\/categories?post=12223"},{"taxonomy":"post_tag","embeddable":true,"href":"https:\/\/www.binauralmedia.org\/news\/wp-json\/wp\/v2\/tags?post=12223"}],"curies":[{"name":"wp","href":"https:\/\/api.w.org\/{rel}","templated":true}]}}