{"id":12182,"date":"2020-07-24T11:09:30","date_gmt":"2020-07-24T11:09:30","guid":{"rendered":"https:\/\/www.binauralmedia.org\/news\/?p=12182"},"modified":"2021-08-16T15:41:42","modified_gmt":"2021-08-16T15:41:42","slug":"english-tramontana-networks-europa-nostra-award-will-be-celebrated-in-abruzzo-italy","status":"publish","type":"post","link":"https:\/\/www.binauralmedia.org\/news\/arquivo\/12182","title":{"rendered":"Evento de celebra\u00e7\u00e3o de atribui\u00e7\u00e3o de Pr\u00e9mio Europa Nostra \u00e0 Rede Tramontana decorre em It\u00e1lia"},"content":{"rendered":"<p><strong>Proje\u00e7\u00f5es | Pesquisas | Testemunhos<\/strong><br \/>\nEvento de celebra\u00e7\u00e3o da atribui\u00e7\u00e3o do Pr\u00e9mio Europa Nostra \u00e0 Rede Tramontana<br \/>\nPenna Sant&#8217;Andrea (Abruzzo, It\u00e1lia)<br \/>\nSexta-feira, 31 julho \u00e0s 20h45<\/p>\n<p>A Binaural Nodar, atrav\u00e9s do seu coordenador Lu\u00eds Costa, estar\u00e1 com muito gosto presente no primeiro evento p\u00fablico de celebra\u00e7\u00e3o da atribui\u00e7\u00e3o do Pr\u00e9mio Europa Nostra na categoria investiga\u00e7\u00e3o \u00e0 rede Tramontana de pesquisa social e art\u00edstica com comunidades de montanha europeias, a realizar na localidade de Penna Sant&#8217;Andrea, situada no maci\u00e7o montanhoso do Gran Sasso (prov\u00edncia de Teramo, regi\u00e3o de Abruzzo).<\/p>\n<p>Este evento \u00e9 co-organizado pelos parceiros italianos da Rede Tramontana, Bambun e Associazione LEM-Italia, sendo que a Binaural Nodar tem planeado um evento similar at\u00e9 ao final de 2020.<\/p>\n","protected":false},"excerpt":{"rendered":"<p>Proje\u00e7\u00f5es | Pesquisas | Testemunhos Evento de celebra\u00e7\u00e3o da atribui\u00e7\u00e3o  [&#8230;]<\/p>\n","protected":false},"author":2,"featured_media":12183,"comment_status":"closed","ping_status":"closed","sticky":false,"template":"","format":"standard","meta":{"_acf_changed":false,"_bbp_topic_count":0,"_bbp_reply_count":0,"_bbp_total_topic_count":0,"_bbp_total_reply_count":0,"_bbp_voice_count":0,"_bbp_anonymous_reply_count":0,"_bbp_topic_count_hidden":0,"_bbp_reply_count_hidden":0,"_bbp_forum_subforum_count":0,"footnotes":""},"categories":[1158,1],"tags":[],"class_list":["post-12182","post","type-post","status-publish","format-standard","has-post-thumbnail","hentry","category-visual-sound-ethnograhpy","category-news"],"acf":[],"aioseo_notices":[],"aioseo_head":"\n\t\t<!-- All in One SEO 5.0.1.1 - aioseo.com -->\n\t<meta name=\"description\" content=\"Proje\u00e7\u00f5es | Pesquisas | Testemunhos Evento de celebra\u00e7\u00e3o da atribui\u00e7\u00e3o do Pr\u00e9mio Europa Nostra \u00e0 Rede Tramontana Penna Sant&#039;Andrea (Abruzzo, It\u00e1lia) Sexta-feira, 31 julho \u00e0s 20h45 A Binaural Nodar, atrav\u00e9s do seu coordenador Lu\u00eds Costa, estar\u00e1 com muito gosto presente no primeiro evento p\u00fablico de celebra\u00e7\u00e3o da atribui\u00e7\u00e3o do Pr\u00e9mio Europa Nostra na categoria investiga\u00e7\u00e3o\" \/>\n\t<meta name=\"robots\" content=\"max-image-preview:large\" \/>\n\t<meta name=\"author\" content=\"luiscosta\"\/>\n\t<link rel=\"canonical\" href=\"https:\/\/www.binauralmedia.org\/news\/arquivo\/12182\" \/>\n\t<meta name=\"generator\" content=\"All in One SEO (AIOSEO) 5.0.1.1\" \/>\n\t\t<meta property=\"og:locale\" content=\"pt_PT\" \/>\n\t\t<meta property=\"og:site_name\" content=\"binauralmedia.org - Rural Based Sound\/Media Arts &amp; Social Research\" \/>\n\t\t<meta property=\"og:type\" content=\"article\" \/>\n\t\t<meta property=\"og:title\" content=\"Evento de celebra\u00e7\u00e3o de atribui\u00e7\u00e3o de Pr\u00e9mio Europa Nostra \u00e0 Rede Tramontana decorre em It\u00e1lia - binauralmedia.org\" \/>\n\t\t<meta property=\"og:description\" content=\"Proje\u00e7\u00f5es | Pesquisas | Testemunhos Evento de celebra\u00e7\u00e3o da atribui\u00e7\u00e3o do Pr\u00e9mio Europa Nostra \u00e0 Rede Tramontana Penna Sant&#039;Andrea (Abruzzo, It\u00e1lia) Sexta-feira, 31 julho \u00e0s 20h45 A Binaural Nodar, atrav\u00e9s do seu coordenador Lu\u00eds Costa, estar\u00e1 com muito gosto presente no primeiro evento p\u00fablico de celebra\u00e7\u00e3o da atribui\u00e7\u00e3o do Pr\u00e9mio Europa Nostra na categoria investiga\u00e7\u00e3o\" \/>\n\t\t<meta property=\"og:url\" content=\"https:\/\/www.binauralmedia.org\/news\/arquivo\/12182\" \/>\n\t\t<meta property=\"article:published_time\" content=\"2020-07-24T11:09:30+00:00\" \/>\n\t\t<meta property=\"article:modified_time\" content=\"2021-08-16T15:41:42+00:00\" \/>\n\t\t<meta name=\"twitter:card\" content=\"summary_large_image\" \/>\n\t\t<meta name=\"twitter:title\" content=\"Evento de celebra\u00e7\u00e3o de atribui\u00e7\u00e3o de Pr\u00e9mio Europa Nostra \u00e0 Rede Tramontana decorre em It\u00e1lia - binauralmedia.org\" \/>\n\t\t<meta name=\"twitter:description\" content=\"Proje\u00e7\u00f5es | Pesquisas | Testemunhos Evento de celebra\u00e7\u00e3o da atribui\u00e7\u00e3o do Pr\u00e9mio Europa Nostra \u00e0 Rede Tramontana Penna Sant&#039;Andrea (Abruzzo, It\u00e1lia) Sexta-feira, 31 julho \u00e0s 20h45 A Binaural Nodar, atrav\u00e9s do seu coordenador Lu\u00eds Costa, estar\u00e1 com muito gosto presente no primeiro evento p\u00fablico de celebra\u00e7\u00e3o da atribui\u00e7\u00e3o do Pr\u00e9mio Europa Nostra na categoria investiga\u00e7\u00e3o\" \/>\n\t\t<script type=\"application\/ld+json\" class=\"aioseo-schema\">\n\t\t\t{\"@context\":\"https:\\\/\\\/schema.org\",\"@graph\":[{\"@type\":\"BlogPosting\",\"@id\":\"https:\\\/\\\/www.binauralmedia.org\\\/news\\\/arquivo\\\/12182#blogposting\",\"name\":\"Evento de celebra\\u00e7\\u00e3o de atribui\\u00e7\\u00e3o de Pr\\u00e9mio Europa Nostra \\u00e0 Rede Tramontana decorre em It\\u00e1lia - binauralmedia.org\",\"headline\":\"Evento de celebra\\u00e7\\u00e3o de atribui\\u00e7\\u00e3o de Pr\\u00e9mio Europa Nostra \\u00e0 Rede Tramontana decorre em It\\u00e1lia\",\"author\":{\"@id\":\"https:\\\/\\\/www.binauralmedia.org\\\/news\\\/arquivo\\\/author\\\/luiscosta#author\"},\"publisher\":{\"@id\":\"https:\\\/\\\/www.binauralmedia.org\\\/news\\\/#organization\"},\"image\":{\"@type\":\"ImageObject\",\"url\":\"https:\\\/\\\/www.binauralmedia.org\\\/news\\\/wp-content\\\/uploads\\\/europa-nostra.jpg\",\"width\":1200,\"height\":800},\"datePublished\":\"2020-07-24T11:09:30+00:00\",\"dateModified\":\"2021-08-16T15:41:42+00:00\",\"inLanguage\":\"pt-PT\",\"mainEntityOfPage\":{\"@id\":\"https:\\\/\\\/www.binauralmedia.org\\\/news\\\/arquivo\\\/12182#webpage\"},\"isPartOf\":{\"@id\":\"https:\\\/\\\/www.binauralmedia.org\\\/news\\\/arquivo\\\/12182#webpage\"},\"articleSection\":\"Etnografia Sonora e Visual, Not\\u00edcias\"},{\"@type\":\"BreadcrumbList\",\"@id\":\"https:\\\/\\\/www.binauralmedia.org\\\/news\\\/arquivo\\\/12182#breadcrumblist\",\"itemListElement\":[{\"@type\":\"ListItem\",\"@id\":\"https:\\\/\\\/www.binauralmedia.org\\\/news#listItem\",\"position\":1,\"name\":\"Home\",\"item\":\"https:\\\/\\\/www.binauralmedia.org\\\/news\",\"nextItem\":{\"@type\":\"ListItem\",\"@id\":\"https:\\\/\\\/www.binauralmedia.org\\\/news\\\/arquivo\\\/category\\\/news#listItem\",\"name\":\"Not\\u00edcias\"}},{\"@type\":\"ListItem\",\"@id\":\"https:\\\/\\\/www.binauralmedia.org\\\/news\\\/arquivo\\\/category\\\/news#listItem\",\"position\":2,\"name\":\"Not\\u00edcias\",\"item\":\"https:\\\/\\\/www.binauralmedia.org\\\/news\\\/arquivo\\\/category\\\/news\",\"nextItem\":{\"@type\":\"ListItem\",\"@id\":\"https:\\\/\\\/www.binauralmedia.org\\\/news\\\/arquivo\\\/12182#listItem\",\"name\":\"Evento de celebra\\u00e7\\u00e3o de atribui\\u00e7\\u00e3o de Pr\\u00e9mio Europa Nostra \\u00e0 Rede Tramontana decorre em It\\u00e1lia\"},\"previousItem\":{\"@type\":\"ListItem\",\"@id\":\"https:\\\/\\\/www.binauralmedia.org\\\/news#listItem\",\"name\":\"Home\"}},{\"@type\":\"ListItem\",\"@id\":\"https:\\\/\\\/www.binauralmedia.org\\\/news\\\/arquivo\\\/12182#listItem\",\"position\":3,\"name\":\"Evento de celebra\\u00e7\\u00e3o de atribui\\u00e7\\u00e3o de Pr\\u00e9mio Europa Nostra \\u00e0 Rede Tramontana decorre em It\\u00e1lia\",\"previousItem\":{\"@type\":\"ListItem\",\"@id\":\"https:\\\/\\\/www.binauralmedia.org\\\/news\\\/arquivo\\\/category\\\/news#listItem\",\"name\":\"Not\\u00edcias\"}}]},{\"@type\":\"Organization\",\"@id\":\"https:\\\/\\\/www.binauralmedia.org\\\/news\\\/#organization\",\"name\":\"binauralmedia.org\",\"description\":\"Rural Based Sound\\\/Media Arts & Social Research\",\"url\":\"https:\\\/\\\/www.binauralmedia.org\\\/news\\\/\"},{\"@type\":\"Person\",\"@id\":\"https:\\\/\\\/www.binauralmedia.org\\\/news\\\/arquivo\\\/author\\\/luiscosta#author\",\"url\":\"https:\\\/\\\/www.binauralmedia.org\\\/news\\\/arquivo\\\/author\\\/luiscosta\",\"name\":\"luiscosta\"},{\"@type\":\"WebPage\",\"@id\":\"https:\\\/\\\/www.binauralmedia.org\\\/news\\\/arquivo\\\/12182#webpage\",\"url\":\"https:\\\/\\\/www.binauralmedia.org\\\/news\\\/arquivo\\\/12182\",\"name\":\"Evento de celebra\\u00e7\\u00e3o de atribui\\u00e7\\u00e3o de Pr\\u00e9mio Europa Nostra \\u00e0 Rede Tramontana decorre em It\\u00e1lia - binauralmedia.org\",\"description\":\"Proje\\u00e7\\u00f5es | Pesquisas | Testemunhos Evento de celebra\\u00e7\\u00e3o da atribui\\u00e7\\u00e3o do Pr\\u00e9mio Europa Nostra \\u00e0 Rede Tramontana Penna Sant'Andrea (Abruzzo, It\\u00e1lia) Sexta-feira, 31 julho \\u00e0s 20h45 A Binaural Nodar, atrav\\u00e9s do seu coordenador Lu\\u00eds Costa, estar\\u00e1 com muito gosto presente no primeiro evento p\\u00fablico de celebra\\u00e7\\u00e3o da atribui\\u00e7\\u00e3o do Pr\\u00e9mio Europa Nostra na categoria investiga\\u00e7\\u00e3o\",\"inLanguage\":\"pt-PT\",\"isPartOf\":{\"@id\":\"https:\\\/\\\/www.binauralmedia.org\\\/news\\\/#website\"},\"breadcrumb\":{\"@id\":\"https:\\\/\\\/www.binauralmedia.org\\\/news\\\/arquivo\\\/12182#breadcrumblist\"},\"author\":{\"@id\":\"https:\\\/\\\/www.binauralmedia.org\\\/news\\\/arquivo\\\/author\\\/luiscosta#author\"},\"creator\":{\"@id\":\"https:\\\/\\\/www.binauralmedia.org\\\/news\\\/arquivo\\\/author\\\/luiscosta#author\"},\"image\":{\"@type\":\"ImageObject\",\"url\":\"https:\\\/\\\/www.binauralmedia.org\\\/news\\\/wp-content\\\/uploads\\\/europa-nostra.jpg\",\"@id\":\"https:\\\/\\\/www.binauralmedia.org\\\/news\\\/arquivo\\\/12182\\\/#mainImage\",\"width\":1200,\"height\":800},\"primaryImageOfPage\":{\"@id\":\"https:\\\/\\\/www.binauralmedia.org\\\/news\\\/arquivo\\\/12182#mainImage\"},\"datePublished\":\"2020-07-24T11:09:30+00:00\",\"dateModified\":\"2021-08-16T15:41:42+00:00\"},{\"@type\":\"WebSite\",\"@id\":\"https:\\\/\\\/www.binauralmedia.org\\\/news\\\/#website\",\"url\":\"https:\\\/\\\/www.binauralmedia.org\\\/news\\\/\",\"name\":\"binauralmedia.org\",\"description\":\"Rural Based Sound\\\/Media Arts & Social Research\",\"inLanguage\":\"pt-PT\",\"publisher\":{\"@id\":\"https:\\\/\\\/www.binauralmedia.org\\\/news\\\/#organization\"}}]}\n\t\t<\/script>\n\t\t<!-- All in One SEO -->\n\n","aioseo_head_json":{"title":"Evento de celebra\u00e7\u00e3o de atribui\u00e7\u00e3o de Pr\u00e9mio Europa Nostra \u00e0 Rede Tramontana decorre em It\u00e1lia - binauralmedia.org","description":"Proje\u00e7\u00f5es | Pesquisas | Testemunhos Evento de celebra\u00e7\u00e3o da atribui\u00e7\u00e3o do Pr\u00e9mio Europa Nostra \u00e0 Rede Tramontana Penna Sant'Andrea (Abruzzo, It\u00e1lia) Sexta-feira, 31 julho \u00e0s 20h45 A Binaural Nodar, atrav\u00e9s do seu coordenador Lu\u00eds Costa, estar\u00e1 com muito gosto presente no primeiro evento p\u00fablico de celebra\u00e7\u00e3o da atribui\u00e7\u00e3o do Pr\u00e9mio Europa Nostra na categoria investiga\u00e7\u00e3o","canonical_url":"https:\/\/www.binauralmedia.org\/news\/arquivo\/12182","robots":"max-image-preview:large","keywords":"","webmasterTools":{"miscellaneous":""},"schema":{"@context":"https:\/\/schema.org","@graph":[{"@type":"BlogPosting","@id":"https:\/\/www.binauralmedia.org\/news\/arquivo\/12182#blogposting","name":"Evento de celebra\u00e7\u00e3o de atribui\u00e7\u00e3o de Pr\u00e9mio Europa Nostra \u00e0 Rede Tramontana decorre em It\u00e1lia - binauralmedia.org","headline":"Evento de celebra\u00e7\u00e3o de atribui\u00e7\u00e3o de Pr\u00e9mio Europa Nostra \u00e0 Rede Tramontana decorre em It\u00e1lia","author":{"@id":"https:\/\/www.binauralmedia.org\/news\/arquivo\/author\/luiscosta#author"},"publisher":{"@id":"https:\/\/www.binauralmedia.org\/news\/#organization"},"image":{"@type":"ImageObject","url":"https:\/\/www.binauralmedia.org\/news\/wp-content\/uploads\/europa-nostra.jpg","width":1200,"height":800},"datePublished":"2020-07-24T11:09:30+00:00","dateModified":"2021-08-16T15:41:42+00:00","inLanguage":"pt-PT","mainEntityOfPage":{"@id":"https:\/\/www.binauralmedia.org\/news\/arquivo\/12182#webpage"},"isPartOf":{"@id":"https:\/\/www.binauralmedia.org\/news\/arquivo\/12182#webpage"},"articleSection":"Etnografia Sonora e Visual, Not\u00edcias"},{"@type":"BreadcrumbList","@id":"https:\/\/www.binauralmedia.org\/news\/arquivo\/12182#breadcrumblist","itemListElement":[{"@type":"ListItem","@id":"https:\/\/www.binauralmedia.org\/news#listItem","position":1,"name":"Home","item":"https:\/\/www.binauralmedia.org\/news","nextItem":{"@type":"ListItem","@id":"https:\/\/www.binauralmedia.org\/news\/arquivo\/category\/news#listItem","name":"Not\u00edcias"}},{"@type":"ListItem","@id":"https:\/\/www.binauralmedia.org\/news\/arquivo\/category\/news#listItem","position":2,"name":"Not\u00edcias","item":"https:\/\/www.binauralmedia.org\/news\/arquivo\/category\/news","nextItem":{"@type":"ListItem","@id":"https:\/\/www.binauralmedia.org\/news\/arquivo\/12182#listItem","name":"Evento de celebra\u00e7\u00e3o de atribui\u00e7\u00e3o de Pr\u00e9mio Europa Nostra \u00e0 Rede Tramontana decorre em It\u00e1lia"},"previousItem":{"@type":"ListItem","@id":"https:\/\/www.binauralmedia.org\/news#listItem","name":"Home"}},{"@type":"ListItem","@id":"https:\/\/www.binauralmedia.org\/news\/arquivo\/12182#listItem","position":3,"name":"Evento de celebra\u00e7\u00e3o de atribui\u00e7\u00e3o de Pr\u00e9mio Europa Nostra \u00e0 Rede Tramontana decorre em It\u00e1lia","previousItem":{"@type":"ListItem","@id":"https:\/\/www.binauralmedia.org\/news\/arquivo\/category\/news#listItem","name":"Not\u00edcias"}}]},{"@type":"Organization","@id":"https:\/\/www.binauralmedia.org\/news\/#organization","name":"binauralmedia.org","description":"Rural Based Sound\/Media Arts & Social Research","url":"https:\/\/www.binauralmedia.org\/news\/"},{"@type":"Person","@id":"https:\/\/www.binauralmedia.org\/news\/arquivo\/author\/luiscosta#author","url":"https:\/\/www.binauralmedia.org\/news\/arquivo\/author\/luiscosta","name":"luiscosta"},{"@type":"WebPage","@id":"https:\/\/www.binauralmedia.org\/news\/arquivo\/12182#webpage","url":"https:\/\/www.binauralmedia.org\/news\/arquivo\/12182","name":"Evento de celebra\u00e7\u00e3o de atribui\u00e7\u00e3o de Pr\u00e9mio Europa Nostra \u00e0 Rede Tramontana decorre em It\u00e1lia - binauralmedia.org","description":"Proje\u00e7\u00f5es | Pesquisas | Testemunhos Evento de celebra\u00e7\u00e3o da atribui\u00e7\u00e3o do Pr\u00e9mio Europa Nostra \u00e0 Rede Tramontana Penna Sant'Andrea (Abruzzo, It\u00e1lia) Sexta-feira, 31 julho \u00e0s 20h45 A Binaural Nodar, atrav\u00e9s do seu coordenador Lu\u00eds Costa, estar\u00e1 com muito gosto presente no primeiro evento p\u00fablico de celebra\u00e7\u00e3o da atribui\u00e7\u00e3o do Pr\u00e9mio Europa Nostra na categoria investiga\u00e7\u00e3o","inLanguage":"pt-PT","isPartOf":{"@id":"https:\/\/www.binauralmedia.org\/news\/#website"},"breadcrumb":{"@id":"https:\/\/www.binauralmedia.org\/news\/arquivo\/12182#breadcrumblist"},"author":{"@id":"https:\/\/www.binauralmedia.org\/news\/arquivo\/author\/luiscosta#author"},"creator":{"@id":"https:\/\/www.binauralmedia.org\/news\/arquivo\/author\/luiscosta#author"},"image":{"@type":"ImageObject","url":"https:\/\/www.binauralmedia.org\/news\/wp-content\/uploads\/europa-nostra.jpg","@id":"https:\/\/www.binauralmedia.org\/news\/arquivo\/12182\/#mainImage","width":1200,"height":800},"primaryImageOfPage":{"@id":"https:\/\/www.binauralmedia.org\/news\/arquivo\/12182#mainImage"},"datePublished":"2020-07-24T11:09:30+00:00","dateModified":"2021-08-16T15:41:42+00:00"},{"@type":"WebSite","@id":"https:\/\/www.binauralmedia.org\/news\/#website","url":"https:\/\/www.binauralmedia.org\/news\/","name":"binauralmedia.org","description":"Rural Based Sound\/Media Arts & Social Research","inLanguage":"pt-PT","publisher":{"@id":"https:\/\/www.binauralmedia.org\/news\/#organization"}}]},"og:locale":"pt_PT","og:site_name":"binauralmedia.org - Rural Based Sound\/Media Arts &amp; Social Research","og:type":"article","og:title":"Evento de celebra\u00e7\u00e3o de atribui\u00e7\u00e3o de Pr\u00e9mio Europa Nostra \u00e0 Rede Tramontana decorre em It\u00e1lia - binauralmedia.org","og:description":"Proje\u00e7\u00f5es | Pesquisas | Testemunhos Evento de celebra\u00e7\u00e3o da atribui\u00e7\u00e3o do Pr\u00e9mio Europa Nostra \u00e0 Rede Tramontana Penna Sant'Andrea (Abruzzo, It\u00e1lia) Sexta-feira, 31 julho \u00e0s 20h45 A Binaural Nodar, atrav\u00e9s do seu coordenador Lu\u00eds Costa, estar\u00e1 com muito gosto presente no primeiro evento p\u00fablico de celebra\u00e7\u00e3o da atribui\u00e7\u00e3o do Pr\u00e9mio Europa Nostra na categoria investiga\u00e7\u00e3o","og:url":"https:\/\/www.binauralmedia.org\/news\/arquivo\/12182","article:published_time":"2020-07-24T11:09:30+00:00","article:modified_time":"2021-08-16T15:41:42+00:00","twitter:card":"summary_large_image","twitter:title":"Evento de celebra\u00e7\u00e3o de atribui\u00e7\u00e3o de Pr\u00e9mio Europa Nostra \u00e0 Rede Tramontana decorre em It\u00e1lia - binauralmedia.org","twitter:description":"Proje\u00e7\u00f5es | Pesquisas | Testemunhos Evento de celebra\u00e7\u00e3o da atribui\u00e7\u00e3o do Pr\u00e9mio Europa Nostra \u00e0 Rede Tramontana Penna Sant'Andrea (Abruzzo, It\u00e1lia) Sexta-feira, 31 julho \u00e0s 20h45 A Binaural Nodar, atrav\u00e9s do seu coordenador Lu\u00eds Costa, estar\u00e1 com muito gosto presente no primeiro evento p\u00fablico de celebra\u00e7\u00e3o da atribui\u00e7\u00e3o do Pr\u00e9mio Europa Nostra na categoria investiga\u00e7\u00e3o"},"aioseo_meta_data":{"post_id":"12182","title":null,"description":null,"keywords":null,"keyphrases":null,"primary_term":null,"canonical_url":null,"og_title":null,"og_description":null,"og_object_type":"default","og_image_type":"default","og_image_custom_url":null,"og_image_custom_fields":null,"og_image_url":null,"og_image_width":null,"og_image_height":null,"og_video":null,"og_custom_url":null,"og_article_section":null,"og_article_tags":null,"twitter_use_og":false,"twitter_card":"default","twitter_image_type":"default","twitter_image_custom_url":null,"twitter_image_custom_fields":null,"twitter_image_url":null,"twitter_title":null,"twitter_description":null,"schema_type":"default","schema_type_options":null,"schema":{"blockGraphs":[],"customGraphs":[],"default":{"data":{"Article":[],"Course":[],"Dataset":[],"FAQPage":[],"Movie":[],"Person":[],"Product":[],"ProductReview":[],"Car":[],"Recipe":[],"Service":[],"SoftwareApplication":[],"WebPage":[]},"graphName":"","isEnabled":true},"graphs":[]},"pillar_content":false,"robots_default":true,"robots_noindex":false,"robots_noarchive":false,"robots_nosnippet":false,"robots_nofollow":false,"robots_noimageindex":false,"robots_noodp":false,"robots_notranslate":false,"robots_max_snippet":null,"robots_max_videopreview":null,"robots_max_imagepreview":"large","priority":null,"frequency":null,"local_seo":null,"limit_modified_date":false,"ai":null,"breadcrumb_settings":null,"seo_analyzer_scan_date":null,"created":"2026-08-05 04:21:53","updated":"2026-08-05 04:21:53","focus_keyword":null,"additional_keywords":null,"truseo_locale":null},"aioseo_breadcrumb":"<div class=\"aioseo-breadcrumbs\"><span class=\"aioseo-breadcrumb\">\n\t\t\t<a href=\"https:\/\/www.binauralmedia.org\/news\" title=\"Home\">Home<\/a>\n\t\t<\/span><span class=\"aioseo-breadcrumb-separator\">&raquo;<\/span><span class=\"aioseo-breadcrumb\">\n\t\t\t<a href=\"https:\/\/www.binauralmedia.org\/news\/arquivo\/category\/news\" title=\"Not\u00edcias\">Not\u00edcias<\/a>\n\t\t<\/span><span class=\"aioseo-breadcrumb-separator\">&raquo;<\/span><span class=\"aioseo-breadcrumb\">\n\t\t\tEvento de celebra\u00e7\u00e3o de atribui\u00e7\u00e3o de Pr\u00e9mio Europa Nostra \u00e0 Rede Tramontana decorre em It\u00e1lia\n\t\t<\/span><\/div>","aioseo_breadcrumb_json":[{"label":"Home","link":"https:\/\/www.binauralmedia.org\/news"},{"label":"Not\u00edcias","link":"https:\/\/www.binauralmedia.org\/news\/arquivo\/category\/news"},{"label":"Evento de celebra\u00e7\u00e3o de atribui\u00e7\u00e3o de Pr\u00e9mio Europa Nostra \u00e0 Rede Tramontana decorre em It\u00e1lia","link":"https:\/\/www.binauralmedia.org\/news\/arquivo\/12182"}],"_links":{"self":[{"href":"https:\/\/www.binauralmedia.org\/news\/wp-json\/wp\/v2\/posts\/12182","targetHints":{"allow":["GET"]}}],"collection":[{"href":"https:\/\/www.binauralmedia.org\/news\/wp-json\/wp\/v2\/posts"}],"about":[{"href":"https:\/\/www.binauralmedia.org\/news\/wp-json\/wp\/v2\/types\/post"}],"author":[{"embeddable":true,"href":"https:\/\/www.binauralmedia.org\/news\/wp-json\/wp\/v2\/users\/2"}],"replies":[{"embeddable":true,"href":"https:\/\/www.binauralmedia.org\/news\/wp-json\/wp\/v2\/comments?post=12182"}],"version-history":[{"count":3,"href":"https:\/\/www.binauralmedia.org\/news\/wp-json\/wp\/v2\/posts\/12182\/revisions"}],"predecessor-version":[{"id":13454,"href":"https:\/\/www.binauralmedia.org\/news\/wp-json\/wp\/v2\/posts\/12182\/revisions\/13454"}],"wp:featuredmedia":[{"embeddable":true,"href":"https:\/\/www.binauralmedia.org\/news\/wp-json\/wp\/v2\/media\/12183"}],"wp:attachment":[{"href":"https:\/\/www.binauralmedia.org\/news\/wp-json\/wp\/v2\/media?parent=12182"}],"wp:term":[{"taxonomy":"category","embeddable":true,"href":"https:\/\/www.binauralmedia.org\/news\/wp-json\/wp\/v2\/categories?post=12182"},{"taxonomy":"post_tag","embeddable":true,"href":"https:\/\/www.binauralmedia.org\/news\/wp-json\/wp\/v2\/tags?post=12182"}],"curies":[{"name":"wp","href":"https:\/\/api.w.org\/{rel}","templated":true}]}}