{"id":12177,"date":"2020-07-21T10:05:51","date_gmt":"2020-07-21T10:05:51","guid":{"rendered":"https:\/\/www.binauralmedia.org\/news\/?p=12177"},"modified":"2021-08-16T15:41:41","modified_gmt":"2021-08-16T15:41:41","slug":"segada-e-malhada-do-centeio-na-relva-monteiras-castro-daire","status":"publish","type":"post","link":"https:\/\/www.binauralmedia.org\/news\/arquivo\/12177","title":{"rendered":"Segada e malhada do centeio na Relva (Monteiras, Castro Daire)"},"content":{"rendered":"<p><strong>SEGADA E MALHADA DO CENTEIO<\/strong><br \/>\nAldeia da Relva (freguesia das Monteiras, concelho de Castro Daire)<br \/>\nS\u00e1bado, 01 de agosto a partir das 08h00.<\/p>\n<p>O Museu na Relva de Il\u00eddio Magueja, a Associa\u00e7\u00e3o Desportiva Cultural e Recreativa Relvense, a Freguesia das Monteiras, o Munic\u00edpio de Castro Daire atrav\u00e9s da sua Biblioteca Municipal e a Binaural Nodar, apresentam a atividade cultural e comunit\u00e1ria \u201cSegada e Malhada do Centeio\u201d, a qual decorrer\u00e1 na aldeia da Relva, no pr\u00f3ximo s\u00e1bado, dia 01 de agosto, a partir das 08h00.<\/p>\n<p>A atividade cumprir\u00e1 todas as recomenda\u00e7\u00f5es sanit\u00e1rias mais recentes da Dire\u00e7\u00e3o Geral da Sa\u00fade e consistir\u00e1 num percurso de trabalho, anima\u00e7\u00e3o e gastronomia atrav\u00e9s de v\u00e1rios pontos da aldeia da Relva, de forma a ser revivido o ancestral esp\u00edrito de entreajuda nas tarefas ligadas ao centeio, tal como existiu nas aldeias serranas do Montemuro at\u00e9 h\u00e1 poucas d\u00e9cadas atr\u00e1s.<\/p>\n<p>Nota: Apenas ser\u00e3o autorizadas fotografias por parte dos participantes, sendo que existir\u00e1 uma equipa de recolhas do projeto Castro Daire &#8211; Mem\u00f3ria Sobre Rodas a registar o evento em \u00e1udio e v\u00eddeo.<\/p>\n<p>\u201cEstamos em pleno Ver\u00e3o, altura da segada do centeio, sendo este o primeiro cereal a ser colhido para encher as caixas onde \u00e9 armazenado para durante o outono e inverno ser o garante do p\u00e3o para a alimenta\u00e7\u00e3o das pessoas, assim como o milho e as batatas e o feij\u00e3o. Todos estes bens alimentares, alguns dos depois de transformados em farinha e posteriormente em p\u00e3o, outros depois de cozinhados, servem de alimenta\u00e7\u00e3o \u00e0s popula\u00e7\u00f5es desta regi\u00e3o. O centeio que agora estamos a segar foi semeado por volta do m\u00eas de setembro, mas antes j\u00e1 houve outras atividades para que possamos ter esta qualidade de gr\u00e3o t\u00e3o bem constitu\u00eddo, durante a primavera e parte do ver\u00e3o, fomos cortando mato carquejas, sarga\u00e7os, queir\u00f3s e at\u00e9 algumas ramas de giesta para estrumar as lojas das vacas, ovelhas, cabras e porcos para agora temos estrume que serve como fertilizante para uma melhor produ\u00e7\u00e3o.<\/p>\n<p>Os dias s\u00e3o grandes, o trabalho \u00e9 de sol a sol e acaba muito para al\u00e9m do ocaso do sol e esta atividade agr\u00edcola \u00e9 a que mais gente envolve e \u00e9 a mais animada. Come\u00e7a-se a fazer a roga das pessoas no fim de junho para que os lavradores possam escolher os melhores dias e o maior n\u00famero de pessoas.<\/p>\n<p>Esta tradi\u00e7\u00e3o manteve-se durante muitos anos, com poucas altera\u00e7\u00f5es, um trabalho que tamb\u00e9m \u00e9 uma festa no final da segada, cantava-se a desgarrada e sempre com um pezinho de dan\u00e7a, as refei\u00e7\u00f5es eram de melhor qualidade e variedade, finda a segada enrolheiravam-se os molhos do centeio alguns dias enquanto se cortava o feno, e s\u00f3 depois do feno arrumado nos palheiros \u00e9 que se fazia a carreta at\u00e9 a fraga onde se erguia a m\u00eada, toda esta \u00e1rea era preenchida todos os moradores erguiam a sua m\u00eada, depois era malhado o centeio uma de cada vez, primeiro as da frente depois as outras. Cada malhada envolvia quase todas as pessoas da aldeia havia uma entre ajuda e colabora\u00e7\u00e3o de todos, uns malhavam, outros colhiam a palha nos palheiros por cima do feno, outros transportavam o cereal para as caixas, outros separavam o colmo, outros tiravam o molhos do centeio da meda, outros at\u00e9 escolmavam se n\u00e3o fossem precisos nas outras atividades referidas.\u201d<\/p>\n<p>Texto citado de Il\u00eddio Bonif\u00e1cio Magueja.<\/p>\n","protected":false},"excerpt":{"rendered":"<p>SEGADA E MALHADA DO CENTEIO Aldeia da Relva (freguesia das  [&#8230;]<\/p>\n","protected":false},"author":2,"featured_media":12178,"comment_status":"closed","ping_status":"closed","sticky":false,"template":"","format":"standard","meta":{"_acf_changed":false,"_bbp_topic_count":0,"_bbp_reply_count":0,"_bbp_total_topic_count":0,"_bbp_total_reply_count":0,"_bbp_voice_count":0,"_bbp_anonymous_reply_count":0,"_bbp_topic_count_hidden":0,"_bbp_reply_count_hidden":0,"_bbp_forum_subforum_count":0,"footnotes":""},"categories":[1158,1],"tags":[],"class_list":["post-12177","post","type-post","status-publish","format-standard","has-post-thumbnail","hentry","category-visual-sound-ethnograhpy","category-news"],"acf":[],"aioseo_notices":[],"aioseo_head":"\n\t\t<!-- All in One SEO 5.0.1.1 - aioseo.com -->\n\t<meta name=\"description\" content=\"SEGADA E MALHADA DO CENTEIO Aldeia da Relva (freguesia das Monteiras, concelho de Castro Daire) S\u00e1bado, 01 de agosto a partir das 08h00. O Museu na Relva de Il\u00eddio Magueja, a Associa\u00e7\u00e3o Desportiva Cultural e Recreativa Relvense, a Freguesia das Monteiras, o Munic\u00edpio de Castro Daire atrav\u00e9s da sua Biblioteca Municipal e a Binaural Nodar,\" \/>\n\t<meta name=\"robots\" content=\"max-image-preview:large\" \/>\n\t<meta name=\"author\" content=\"luiscosta\"\/>\n\t<link rel=\"canonical\" href=\"https:\/\/www.binauralmedia.org\/news\/arquivo\/12177\" \/>\n\t<meta name=\"generator\" content=\"All in One SEO (AIOSEO) 5.0.1.1\" \/>\n\t\t<meta property=\"og:locale\" content=\"pt_PT\" \/>\n\t\t<meta property=\"og:site_name\" content=\"binauralmedia.org - Rural Based Sound\/Media Arts &amp; Social Research\" \/>\n\t\t<meta property=\"og:type\" content=\"article\" \/>\n\t\t<meta property=\"og:title\" content=\"Segada e malhada do centeio na Relva (Monteiras, Castro Daire) - binauralmedia.org\" \/>\n\t\t<meta property=\"og:description\" content=\"SEGADA E MALHADA DO CENTEIO Aldeia da Relva (freguesia das Monteiras, concelho de Castro Daire) S\u00e1bado, 01 de agosto a partir das 08h00. O Museu na Relva de Il\u00eddio Magueja, a Associa\u00e7\u00e3o Desportiva Cultural e Recreativa Relvense, a Freguesia das Monteiras, o Munic\u00edpio de Castro Daire atrav\u00e9s da sua Biblioteca Municipal e a Binaural Nodar,\" \/>\n\t\t<meta property=\"og:url\" content=\"https:\/\/www.binauralmedia.org\/news\/arquivo\/12177\" \/>\n\t\t<meta property=\"article:published_time\" content=\"2020-07-21T10:05:51+00:00\" \/>\n\t\t<meta property=\"article:modified_time\" content=\"2021-08-16T15:41:41+00:00\" \/>\n\t\t<meta name=\"twitter:card\" content=\"summary_large_image\" \/>\n\t\t<meta name=\"twitter:title\" content=\"Segada e malhada do centeio na Relva (Monteiras, Castro Daire) - binauralmedia.org\" \/>\n\t\t<meta name=\"twitter:description\" content=\"SEGADA E MALHADA DO CENTEIO Aldeia da Relva (freguesia das Monteiras, concelho de Castro Daire) S\u00e1bado, 01 de agosto a partir das 08h00. O Museu na Relva de Il\u00eddio Magueja, a Associa\u00e7\u00e3o Desportiva Cultural e Recreativa Relvense, a Freguesia das Monteiras, o Munic\u00edpio de Castro Daire atrav\u00e9s da sua Biblioteca Municipal e a Binaural Nodar,\" \/>\n\t\t<script type=\"application\/ld+json\" class=\"aioseo-schema\">\n\t\t\t{\"@context\":\"https:\\\/\\\/schema.org\",\"@graph\":[{\"@type\":\"BlogPosting\",\"@id\":\"https:\\\/\\\/www.binauralmedia.org\\\/news\\\/arquivo\\\/12177#blogposting\",\"name\":\"Segada e malhada do centeio na Relva (Monteiras, Castro Daire) - binauralmedia.org\",\"headline\":\"Segada e malhada do centeio na Relva (Monteiras, Castro Daire)\",\"author\":{\"@id\":\"https:\\\/\\\/www.binauralmedia.org\\\/news\\\/arquivo\\\/author\\\/luiscosta#author\"},\"publisher\":{\"@id\":\"https:\\\/\\\/www.binauralmedia.org\\\/news\\\/#organization\"},\"image\":{\"@type\":\"ImageObject\",\"url\":\"https:\\\/\\\/www.binauralmedia.org\\\/news\\\/wp-content\\\/uploads\\\/segada-malhada-web.jpg\",\"width\":1200,\"height\":800},\"datePublished\":\"2020-07-21T10:05:51+00:00\",\"dateModified\":\"2021-08-16T15:41:41+00:00\",\"inLanguage\":\"pt-PT\",\"mainEntityOfPage\":{\"@id\":\"https:\\\/\\\/www.binauralmedia.org\\\/news\\\/arquivo\\\/12177#webpage\"},\"isPartOf\":{\"@id\":\"https:\\\/\\\/www.binauralmedia.org\\\/news\\\/arquivo\\\/12177#webpage\"},\"articleSection\":\"Etnografia Sonora e Visual, Not\\u00edcias\"},{\"@type\":\"BreadcrumbList\",\"@id\":\"https:\\\/\\\/www.binauralmedia.org\\\/news\\\/arquivo\\\/12177#breadcrumblist\",\"itemListElement\":[{\"@type\":\"ListItem\",\"@id\":\"https:\\\/\\\/www.binauralmedia.org\\\/news#listItem\",\"position\":1,\"name\":\"Home\",\"item\":\"https:\\\/\\\/www.binauralmedia.org\\\/news\",\"nextItem\":{\"@type\":\"ListItem\",\"@id\":\"https:\\\/\\\/www.binauralmedia.org\\\/news\\\/arquivo\\\/category\\\/news#listItem\",\"name\":\"Not\\u00edcias\"}},{\"@type\":\"ListItem\",\"@id\":\"https:\\\/\\\/www.binauralmedia.org\\\/news\\\/arquivo\\\/category\\\/news#listItem\",\"position\":2,\"name\":\"Not\\u00edcias\",\"item\":\"https:\\\/\\\/www.binauralmedia.org\\\/news\\\/arquivo\\\/category\\\/news\",\"nextItem\":{\"@type\":\"ListItem\",\"@id\":\"https:\\\/\\\/www.binauralmedia.org\\\/news\\\/arquivo\\\/12177#listItem\",\"name\":\"Segada e malhada do centeio na Relva (Monteiras, Castro Daire)\"},\"previousItem\":{\"@type\":\"ListItem\",\"@id\":\"https:\\\/\\\/www.binauralmedia.org\\\/news#listItem\",\"name\":\"Home\"}},{\"@type\":\"ListItem\",\"@id\":\"https:\\\/\\\/www.binauralmedia.org\\\/news\\\/arquivo\\\/12177#listItem\",\"position\":3,\"name\":\"Segada e malhada do centeio na Relva (Monteiras, Castro Daire)\",\"previousItem\":{\"@type\":\"ListItem\",\"@id\":\"https:\\\/\\\/www.binauralmedia.org\\\/news\\\/arquivo\\\/category\\\/news#listItem\",\"name\":\"Not\\u00edcias\"}}]},{\"@type\":\"Organization\",\"@id\":\"https:\\\/\\\/www.binauralmedia.org\\\/news\\\/#organization\",\"name\":\"binauralmedia.org\",\"description\":\"Rural Based Sound\\\/Media Arts & Social Research\",\"url\":\"https:\\\/\\\/www.binauralmedia.org\\\/news\\\/\"},{\"@type\":\"Person\",\"@id\":\"https:\\\/\\\/www.binauralmedia.org\\\/news\\\/arquivo\\\/author\\\/luiscosta#author\",\"url\":\"https:\\\/\\\/www.binauralmedia.org\\\/news\\\/arquivo\\\/author\\\/luiscosta\",\"name\":\"luiscosta\"},{\"@type\":\"WebPage\",\"@id\":\"https:\\\/\\\/www.binauralmedia.org\\\/news\\\/arquivo\\\/12177#webpage\",\"url\":\"https:\\\/\\\/www.binauralmedia.org\\\/news\\\/arquivo\\\/12177\",\"name\":\"Segada e malhada do centeio na Relva (Monteiras, Castro Daire) - binauralmedia.org\",\"description\":\"SEGADA E MALHADA DO CENTEIO Aldeia da Relva (freguesia das Monteiras, concelho de Castro Daire) S\\u00e1bado, 01 de agosto a partir das 08h00. O Museu na Relva de Il\\u00eddio Magueja, a Associa\\u00e7\\u00e3o Desportiva Cultural e Recreativa Relvense, a Freguesia das Monteiras, o Munic\\u00edpio de Castro Daire atrav\\u00e9s da sua Biblioteca Municipal e a Binaural Nodar,\",\"inLanguage\":\"pt-PT\",\"isPartOf\":{\"@id\":\"https:\\\/\\\/www.binauralmedia.org\\\/news\\\/#website\"},\"breadcrumb\":{\"@id\":\"https:\\\/\\\/www.binauralmedia.org\\\/news\\\/arquivo\\\/12177#breadcrumblist\"},\"author\":{\"@id\":\"https:\\\/\\\/www.binauralmedia.org\\\/news\\\/arquivo\\\/author\\\/luiscosta#author\"},\"creator\":{\"@id\":\"https:\\\/\\\/www.binauralmedia.org\\\/news\\\/arquivo\\\/author\\\/luiscosta#author\"},\"image\":{\"@type\":\"ImageObject\",\"url\":\"https:\\\/\\\/www.binauralmedia.org\\\/news\\\/wp-content\\\/uploads\\\/segada-malhada-web.jpg\",\"@id\":\"https:\\\/\\\/www.binauralmedia.org\\\/news\\\/arquivo\\\/12177\\\/#mainImage\",\"width\":1200,\"height\":800},\"primaryImageOfPage\":{\"@id\":\"https:\\\/\\\/www.binauralmedia.org\\\/news\\\/arquivo\\\/12177#mainImage\"},\"datePublished\":\"2020-07-21T10:05:51+00:00\",\"dateModified\":\"2021-08-16T15:41:41+00:00\"},{\"@type\":\"WebSite\",\"@id\":\"https:\\\/\\\/www.binauralmedia.org\\\/news\\\/#website\",\"url\":\"https:\\\/\\\/www.binauralmedia.org\\\/news\\\/\",\"name\":\"binauralmedia.org\",\"description\":\"Rural Based Sound\\\/Media Arts & Social Research\",\"inLanguage\":\"pt-PT\",\"publisher\":{\"@id\":\"https:\\\/\\\/www.binauralmedia.org\\\/news\\\/#organization\"}}]}\n\t\t<\/script>\n\t\t<!-- All in One SEO -->\n\n","aioseo_head_json":{"title":"Segada e malhada do centeio na Relva (Monteiras, Castro Daire) - binauralmedia.org","description":"SEGADA E MALHADA DO CENTEIO Aldeia da Relva (freguesia das Monteiras, concelho de Castro Daire) S\u00e1bado, 01 de agosto a partir das 08h00. O Museu na Relva de Il\u00eddio Magueja, a Associa\u00e7\u00e3o Desportiva Cultural e Recreativa Relvense, a Freguesia das Monteiras, o Munic\u00edpio de Castro Daire atrav\u00e9s da sua Biblioteca Municipal e a Binaural Nodar,","canonical_url":"https:\/\/www.binauralmedia.org\/news\/arquivo\/12177","robots":"max-image-preview:large","keywords":"","webmasterTools":{"miscellaneous":""},"schema":{"@context":"https:\/\/schema.org","@graph":[{"@type":"BlogPosting","@id":"https:\/\/www.binauralmedia.org\/news\/arquivo\/12177#blogposting","name":"Segada e malhada do centeio na Relva (Monteiras, Castro Daire) - binauralmedia.org","headline":"Segada e malhada do centeio na Relva (Monteiras, Castro Daire)","author":{"@id":"https:\/\/www.binauralmedia.org\/news\/arquivo\/author\/luiscosta#author"},"publisher":{"@id":"https:\/\/www.binauralmedia.org\/news\/#organization"},"image":{"@type":"ImageObject","url":"https:\/\/www.binauralmedia.org\/news\/wp-content\/uploads\/segada-malhada-web.jpg","width":1200,"height":800},"datePublished":"2020-07-21T10:05:51+00:00","dateModified":"2021-08-16T15:41:41+00:00","inLanguage":"pt-PT","mainEntityOfPage":{"@id":"https:\/\/www.binauralmedia.org\/news\/arquivo\/12177#webpage"},"isPartOf":{"@id":"https:\/\/www.binauralmedia.org\/news\/arquivo\/12177#webpage"},"articleSection":"Etnografia Sonora e Visual, Not\u00edcias"},{"@type":"BreadcrumbList","@id":"https:\/\/www.binauralmedia.org\/news\/arquivo\/12177#breadcrumblist","itemListElement":[{"@type":"ListItem","@id":"https:\/\/www.binauralmedia.org\/news#listItem","position":1,"name":"Home","item":"https:\/\/www.binauralmedia.org\/news","nextItem":{"@type":"ListItem","@id":"https:\/\/www.binauralmedia.org\/news\/arquivo\/category\/news#listItem","name":"Not\u00edcias"}},{"@type":"ListItem","@id":"https:\/\/www.binauralmedia.org\/news\/arquivo\/category\/news#listItem","position":2,"name":"Not\u00edcias","item":"https:\/\/www.binauralmedia.org\/news\/arquivo\/category\/news","nextItem":{"@type":"ListItem","@id":"https:\/\/www.binauralmedia.org\/news\/arquivo\/12177#listItem","name":"Segada e malhada do centeio na Relva (Monteiras, Castro Daire)"},"previousItem":{"@type":"ListItem","@id":"https:\/\/www.binauralmedia.org\/news#listItem","name":"Home"}},{"@type":"ListItem","@id":"https:\/\/www.binauralmedia.org\/news\/arquivo\/12177#listItem","position":3,"name":"Segada e malhada do centeio na Relva (Monteiras, Castro Daire)","previousItem":{"@type":"ListItem","@id":"https:\/\/www.binauralmedia.org\/news\/arquivo\/category\/news#listItem","name":"Not\u00edcias"}}]},{"@type":"Organization","@id":"https:\/\/www.binauralmedia.org\/news\/#organization","name":"binauralmedia.org","description":"Rural Based Sound\/Media Arts & Social Research","url":"https:\/\/www.binauralmedia.org\/news\/"},{"@type":"Person","@id":"https:\/\/www.binauralmedia.org\/news\/arquivo\/author\/luiscosta#author","url":"https:\/\/www.binauralmedia.org\/news\/arquivo\/author\/luiscosta","name":"luiscosta"},{"@type":"WebPage","@id":"https:\/\/www.binauralmedia.org\/news\/arquivo\/12177#webpage","url":"https:\/\/www.binauralmedia.org\/news\/arquivo\/12177","name":"Segada e malhada do centeio na Relva (Monteiras, Castro Daire) - binauralmedia.org","description":"SEGADA E MALHADA DO CENTEIO Aldeia da Relva (freguesia das Monteiras, concelho de Castro Daire) S\u00e1bado, 01 de agosto a partir das 08h00. O Museu na Relva de Il\u00eddio Magueja, a Associa\u00e7\u00e3o Desportiva Cultural e Recreativa Relvense, a Freguesia das Monteiras, o Munic\u00edpio de Castro Daire atrav\u00e9s da sua Biblioteca Municipal e a Binaural Nodar,","inLanguage":"pt-PT","isPartOf":{"@id":"https:\/\/www.binauralmedia.org\/news\/#website"},"breadcrumb":{"@id":"https:\/\/www.binauralmedia.org\/news\/arquivo\/12177#breadcrumblist"},"author":{"@id":"https:\/\/www.binauralmedia.org\/news\/arquivo\/author\/luiscosta#author"},"creator":{"@id":"https:\/\/www.binauralmedia.org\/news\/arquivo\/author\/luiscosta#author"},"image":{"@type":"ImageObject","url":"https:\/\/www.binauralmedia.org\/news\/wp-content\/uploads\/segada-malhada-web.jpg","@id":"https:\/\/www.binauralmedia.org\/news\/arquivo\/12177\/#mainImage","width":1200,"height":800},"primaryImageOfPage":{"@id":"https:\/\/www.binauralmedia.org\/news\/arquivo\/12177#mainImage"},"datePublished":"2020-07-21T10:05:51+00:00","dateModified":"2021-08-16T15:41:41+00:00"},{"@type":"WebSite","@id":"https:\/\/www.binauralmedia.org\/news\/#website","url":"https:\/\/www.binauralmedia.org\/news\/","name":"binauralmedia.org","description":"Rural Based Sound\/Media Arts & Social Research","inLanguage":"pt-PT","publisher":{"@id":"https:\/\/www.binauralmedia.org\/news\/#organization"}}]},"og:locale":"pt_PT","og:site_name":"binauralmedia.org - Rural Based Sound\/Media Arts &amp; Social Research","og:type":"article","og:title":"Segada e malhada do centeio na Relva (Monteiras, Castro Daire) - binauralmedia.org","og:description":"SEGADA E MALHADA DO CENTEIO Aldeia da Relva (freguesia das Monteiras, concelho de Castro Daire) S\u00e1bado, 01 de agosto a partir das 08h00. O Museu na Relva de Il\u00eddio Magueja, a Associa\u00e7\u00e3o Desportiva Cultural e Recreativa Relvense, a Freguesia das Monteiras, o Munic\u00edpio de Castro Daire atrav\u00e9s da sua Biblioteca Municipal e a Binaural Nodar,","og:url":"https:\/\/www.binauralmedia.org\/news\/arquivo\/12177","article:published_time":"2020-07-21T10:05:51+00:00","article:modified_time":"2021-08-16T15:41:41+00:00","twitter:card":"summary_large_image","twitter:title":"Segada e malhada do centeio na Relva (Monteiras, Castro Daire) - binauralmedia.org","twitter:description":"SEGADA E MALHADA DO CENTEIO Aldeia da Relva (freguesia das Monteiras, concelho de Castro Daire) S\u00e1bado, 01 de agosto a partir das 08h00. O Museu na Relva de Il\u00eddio Magueja, a Associa\u00e7\u00e3o Desportiva Cultural e Recreativa Relvense, a Freguesia das Monteiras, o Munic\u00edpio de Castro Daire atrav\u00e9s da sua Biblioteca Municipal e a Binaural Nodar,"},"aioseo_meta_data":{"post_id":"12177","title":null,"description":null,"keywords":null,"keyphrases":null,"primary_term":null,"canonical_url":null,"og_title":null,"og_description":null,"og_object_type":"default","og_image_type":"default","og_image_custom_url":null,"og_image_custom_fields":null,"og_image_url":null,"og_image_width":null,"og_image_height":null,"og_video":null,"og_custom_url":null,"og_article_section":null,"og_article_tags":null,"twitter_use_og":false,"twitter_card":"default","twitter_image_type":"default","twitter_image_custom_url":null,"twitter_image_custom_fields":null,"twitter_image_url":null,"twitter_title":null,"twitter_description":null,"schema_type":"default","schema_type_options":null,"schema":{"blockGraphs":[],"customGraphs":[],"default":{"data":{"Article":[],"Course":[],"Dataset":[],"FAQPage":[],"Movie":[],"Person":[],"Product":[],"ProductReview":[],"Car":[],"Recipe":[],"Service":[],"SoftwareApplication":[],"WebPage":[]},"graphName":"","isEnabled":true},"graphs":[]},"pillar_content":false,"robots_default":true,"robots_noindex":false,"robots_noarchive":false,"robots_nosnippet":false,"robots_nofollow":false,"robots_noimageindex":false,"robots_noodp":false,"robots_notranslate":false,"robots_max_snippet":null,"robots_max_videopreview":null,"robots_max_imagepreview":"large","priority":null,"frequency":null,"local_seo":null,"limit_modified_date":false,"ai":null,"breadcrumb_settings":null,"seo_analyzer_scan_date":null,"created":"2026-08-05 04:21:53","updated":"2026-08-05 04:21:53","focus_keyword":null,"additional_keywords":null,"truseo_locale":null},"aioseo_breadcrumb":"<div class=\"aioseo-breadcrumbs\"><span class=\"aioseo-breadcrumb\">\n\t\t\t<a href=\"https:\/\/www.binauralmedia.org\/news\" title=\"Home\">Home<\/a>\n\t\t<\/span><span class=\"aioseo-breadcrumb-separator\">&raquo;<\/span><span class=\"aioseo-breadcrumb\">\n\t\t\t<a href=\"https:\/\/www.binauralmedia.org\/news\/arquivo\/category\/news\" title=\"Not\u00edcias\">Not\u00edcias<\/a>\n\t\t<\/span><span class=\"aioseo-breadcrumb-separator\">&raquo;<\/span><span class=\"aioseo-breadcrumb\">\n\t\t\tSegada e malhada do centeio na Relva (Monteiras, Castro Daire)\n\t\t<\/span><\/div>","aioseo_breadcrumb_json":[{"label":"Home","link":"https:\/\/www.binauralmedia.org\/news"},{"label":"Not\u00edcias","link":"https:\/\/www.binauralmedia.org\/news\/arquivo\/category\/news"},{"label":"Segada e malhada do centeio na Relva (Monteiras, Castro Daire)","link":"https:\/\/www.binauralmedia.org\/news\/arquivo\/12177"}],"_links":{"self":[{"href":"https:\/\/www.binauralmedia.org\/news\/wp-json\/wp\/v2\/posts\/12177","targetHints":{"allow":["GET"]}}],"collection":[{"href":"https:\/\/www.binauralmedia.org\/news\/wp-json\/wp\/v2\/posts"}],"about":[{"href":"https:\/\/www.binauralmedia.org\/news\/wp-json\/wp\/v2\/types\/post"}],"author":[{"embeddable":true,"href":"https:\/\/www.binauralmedia.org\/news\/wp-json\/wp\/v2\/users\/2"}],"replies":[{"embeddable":true,"href":"https:\/\/www.binauralmedia.org\/news\/wp-json\/wp\/v2\/comments?post=12177"}],"version-history":[{"count":3,"href":"https:\/\/www.binauralmedia.org\/news\/wp-json\/wp\/v2\/posts\/12177\/revisions"}],"predecessor-version":[{"id":13452,"href":"https:\/\/www.binauralmedia.org\/news\/wp-json\/wp\/v2\/posts\/12177\/revisions\/13452"}],"wp:featuredmedia":[{"embeddable":true,"href":"https:\/\/www.binauralmedia.org\/news\/wp-json\/wp\/v2\/media\/12178"}],"wp:attachment":[{"href":"https:\/\/www.binauralmedia.org\/news\/wp-json\/wp\/v2\/media?parent=12177"}],"wp:term":[{"taxonomy":"category","embeddable":true,"href":"https:\/\/www.binauralmedia.org\/news\/wp-json\/wp\/v2\/categories?post=12177"},{"taxonomy":"post_tag","embeddable":true,"href":"https:\/\/www.binauralmedia.org\/news\/wp-json\/wp\/v2\/tags?post=12177"}],"curies":[{"name":"wp","href":"https:\/\/api.w.org\/{rel}","templated":true}]}}