{"id":12162,"date":"2020-06-18T09:58:40","date_gmt":"2020-06-18T09:58:40","guid":{"rendered":"https:\/\/www.binauralmedia.org\/news\/?p=12162"},"modified":"2021-08-16T15:41:41","modified_gmt":"2021-08-16T15:41:41","slug":"exposicao-virtual-memorias-geologicas-de-bodiosa-viseu","status":"publish","type":"post","link":"https:\/\/www.binauralmedia.org\/news\/arquivo\/12162","title":{"rendered":"Exposi\u00e7\u00e3o virtual &#8220;Mem\u00f3rias geol\u00f3gicas de Bodiosa, Viseu&#8221;"},"content":{"rendered":"<p>A Binaural Nodar, a Junta de Freguesia de Bodiosa e o Munic\u00edpio de Viseu anunciam a inaugura\u00e7\u00e3o no dia 18 junho 2020 da exposi\u00e7\u00e3o virtual \u201cPedras Faladas: Mem\u00f3rias Geol\u00f3gicas de Bodiosa, Viseu\u201d. A exposi\u00e7\u00e3o pode ser visualizada <a href=\"https:\/\/www.binauralmedia.org\/news\/arquivo\/portfolio-items\/virtual-memorias-geologicas-bodiosa\" target=\"_blank\" rel=\"noopener noreferrer\">nesta liga\u00e7\u00e3o<\/a>.<\/p>\n<p>A exposi\u00e7\u00e3o virtual \u201cPedras Faladas: Mem\u00f3rias Geol\u00f3gicas de Bodiosa, Viseu\u201d constitui uma homenagem \u00e0s pessoas concretas que estiveram e\/ou est\u00e3o ligadas ao universo geol\u00f3gico da freguesia: antigos trabalhadores de minas, antigos pedreiros, ex-trabalhadores das empresas separadoras da Bodiosa Industrial Limitada e da Sociedade Mineira do Paiva, ou propriet\u00e1rios das ainda existentes empresas de moldagem art\u00edstica de estanho e de pedreiras de granito, verdadeiras herdeiras atuais de uma magn\u00edfica epopeia mineral.<\/p>\n<p>A exposi\u00e7\u00e3o \u201cPedras Faladas: Mem\u00f3rias Geol\u00f3gicas de Bodiosa, Viseu\u201d foi produzida pela Binaural Nodar, com a autoria de Lu\u00eds Costa, Liliana Silva e de Rui Costa, teve a colabora\u00e7\u00e3o estreita da Junta de Freguesia Bodiosa e \u00e9 parte integrante do projeto Viseu Rural 2.0, co-financiado pelo Programa Viseu Cultura do Munic\u00edpio de Viseu.<\/p>\n<p>Cabe um agradecimento sincero ao Exmo. Presidente da Junta de Freguesia de Bodiosa, Rui Ferreira e \u00e0s pessoas que foram entrevistadas para o projeto: Manuel Silveira, Maria Morais, Leonel Madeira, Amadeu Carvalho, Jos\u00e9 Dion\u00edsio, Ant\u00f3nio Lemos Bento e Jos\u00e9 Santos.<\/p>\n","protected":false},"excerpt":{"rendered":"<p>A Binaural Nodar, a Junta de Freguesia de Bodiosa e  [&#8230;]<\/p>\n","protected":false},"author":2,"featured_media":12154,"comment_status":"closed","ping_status":"closed","sticky":false,"template":"","format":"standard","meta":{"_acf_changed":false,"_bbp_topic_count":0,"_bbp_reply_count":0,"_bbp_total_topic_count":0,"_bbp_total_reply_count":0,"_bbp_voice_count":0,"_bbp_anonymous_reply_count":0,"_bbp_topic_count_hidden":0,"_bbp_reply_count_hidden":0,"_bbp_forum_subforum_count":0,"footnotes":""},"categories":[1161,1],"tags":[],"class_list":["post-12162","post","type-post","status-publish","format-standard","has-post-thumbnail","hentry","category-artistic-creations","category-news"],"acf":[],"aioseo_notices":[],"aioseo_head":"\n\t\t<!-- All in One SEO 5.0.1.1 - aioseo.com -->\n\t<meta name=\"description\" content=\"A Binaural Nodar, a Junta de Freguesia de Bodiosa e o Munic\u00edpio de Viseu anunciam a inaugura\u00e7\u00e3o no dia 18 junho 2020 da exposi\u00e7\u00e3o virtual \u201cPedras Faladas: Mem\u00f3rias Geol\u00f3gicas de Bodiosa, Viseu\u201d. A exposi\u00e7\u00e3o pode ser visualizada nesta liga\u00e7\u00e3o. A exposi\u00e7\u00e3o virtual \u201cPedras Faladas: Mem\u00f3rias Geol\u00f3gicas de Bodiosa, Viseu\u201d constitui uma homenagem \u00e0s pessoas concretas\" \/>\n\t<meta name=\"robots\" content=\"max-image-preview:large\" \/>\n\t<meta name=\"author\" content=\"luiscosta\"\/>\n\t<link rel=\"canonical\" href=\"https:\/\/www.binauralmedia.org\/news\/arquivo\/12162\" \/>\n\t<meta name=\"generator\" content=\"All in One SEO (AIOSEO) 5.0.1.1\" \/>\n\t\t<meta property=\"og:locale\" content=\"pt_PT\" \/>\n\t\t<meta property=\"og:site_name\" content=\"binauralmedia.org - Rural Based Sound\/Media Arts &amp; Social Research\" \/>\n\t\t<meta property=\"og:type\" content=\"article\" \/>\n\t\t<meta property=\"og:title\" content=\"Exposi\u00e7\u00e3o virtual \u201cMem\u00f3rias geol\u00f3gicas de Bodiosa, Viseu\u201d - binauralmedia.org\" \/>\n\t\t<meta property=\"og:description\" content=\"A Binaural Nodar, a Junta de Freguesia de Bodiosa e o Munic\u00edpio de Viseu anunciam a inaugura\u00e7\u00e3o no dia 18 junho 2020 da exposi\u00e7\u00e3o virtual \u201cPedras Faladas: Mem\u00f3rias Geol\u00f3gicas de Bodiosa, Viseu\u201d. A exposi\u00e7\u00e3o pode ser visualizada nesta liga\u00e7\u00e3o. A exposi\u00e7\u00e3o virtual \u201cPedras Faladas: Mem\u00f3rias Geol\u00f3gicas de Bodiosa, Viseu\u201d constitui uma homenagem \u00e0s pessoas concretas\" \/>\n\t\t<meta property=\"og:url\" content=\"https:\/\/www.binauralmedia.org\/news\/arquivo\/12162\" \/>\n\t\t<meta property=\"article:published_time\" content=\"2020-06-18T09:58:40+00:00\" \/>\n\t\t<meta property=\"article:modified_time\" content=\"2021-08-16T15:41:41+00:00\" \/>\n\t\t<meta name=\"twitter:card\" content=\"summary_large_image\" \/>\n\t\t<meta name=\"twitter:title\" content=\"Exposi\u00e7\u00e3o virtual \u201cMem\u00f3rias geol\u00f3gicas de Bodiosa, Viseu\u201d - binauralmedia.org\" \/>\n\t\t<meta name=\"twitter:description\" content=\"A Binaural Nodar, a Junta de Freguesia de Bodiosa e o Munic\u00edpio de Viseu anunciam a inaugura\u00e7\u00e3o no dia 18 junho 2020 da exposi\u00e7\u00e3o virtual \u201cPedras Faladas: Mem\u00f3rias Geol\u00f3gicas de Bodiosa, Viseu\u201d. A exposi\u00e7\u00e3o pode ser visualizada nesta liga\u00e7\u00e3o. A exposi\u00e7\u00e3o virtual \u201cPedras Faladas: Mem\u00f3rias Geol\u00f3gicas de Bodiosa, Viseu\u201d constitui uma homenagem \u00e0s pessoas concretas\" \/>\n\t\t<script type=\"application\/ld+json\" class=\"aioseo-schema\">\n\t\t\t{\"@context\":\"https:\\\/\\\/schema.org\",\"@graph\":[{\"@type\":\"BlogPosting\",\"@id\":\"https:\\\/\\\/www.binauralmedia.org\\\/news\\\/arquivo\\\/12162#blogposting\",\"name\":\"Exposi\\u00e7\\u00e3o virtual \\u201cMem\\u00f3rias geol\\u00f3gicas de Bodiosa, Viseu\\u201d - binauralmedia.org\",\"headline\":\"Exposi\\u00e7\\u00e3o virtual &#8220;Mem\\u00f3rias geol\\u00f3gicas de Bodiosa, Viseu&#8221;\",\"author\":{\"@id\":\"https:\\\/\\\/www.binauralmedia.org\\\/news\\\/arquivo\\\/author\\\/luiscosta#author\"},\"publisher\":{\"@id\":\"https:\\\/\\\/www.binauralmedia.org\\\/news\\\/#organization\"},\"image\":{\"@type\":\"ImageObject\",\"url\":\"https:\\\/\\\/www.binauralmedia.org\\\/news\\\/wp-content\\\/uploads\\\/Exposic\\u0327a\\u0303o-Virtual-Pedras-Faladas-website.jpg\",\"width\":1200,\"height\":800},\"datePublished\":\"2020-06-18T09:58:40+00:00\",\"dateModified\":\"2021-08-16T15:41:41+00:00\",\"inLanguage\":\"pt-PT\",\"mainEntityOfPage\":{\"@id\":\"https:\\\/\\\/www.binauralmedia.org\\\/news\\\/arquivo\\\/12162#webpage\"},\"isPartOf\":{\"@id\":\"https:\\\/\\\/www.binauralmedia.org\\\/news\\\/arquivo\\\/12162#webpage\"},\"articleSection\":\"Cria\\u00e7\\u00f5es Art\\u00edsticas, Not\\u00edcias\"},{\"@type\":\"BreadcrumbList\",\"@id\":\"https:\\\/\\\/www.binauralmedia.org\\\/news\\\/arquivo\\\/12162#breadcrumblist\",\"itemListElement\":[{\"@type\":\"ListItem\",\"@id\":\"https:\\\/\\\/www.binauralmedia.org\\\/news#listItem\",\"position\":1,\"name\":\"Home\",\"item\":\"https:\\\/\\\/www.binauralmedia.org\\\/news\",\"nextItem\":{\"@type\":\"ListItem\",\"@id\":\"https:\\\/\\\/www.binauralmedia.org\\\/news\\\/arquivo\\\/category\\\/news#listItem\",\"name\":\"Not\\u00edcias\"}},{\"@type\":\"ListItem\",\"@id\":\"https:\\\/\\\/www.binauralmedia.org\\\/news\\\/arquivo\\\/category\\\/news#listItem\",\"position\":2,\"name\":\"Not\\u00edcias\",\"item\":\"https:\\\/\\\/www.binauralmedia.org\\\/news\\\/arquivo\\\/category\\\/news\",\"nextItem\":{\"@type\":\"ListItem\",\"@id\":\"https:\\\/\\\/www.binauralmedia.org\\\/news\\\/arquivo\\\/12162#listItem\",\"name\":\"Exposi\\u00e7\\u00e3o virtual &#8220;Mem\\u00f3rias geol\\u00f3gicas de Bodiosa, Viseu&#8221;\"},\"previousItem\":{\"@type\":\"ListItem\",\"@id\":\"https:\\\/\\\/www.binauralmedia.org\\\/news#listItem\",\"name\":\"Home\"}},{\"@type\":\"ListItem\",\"@id\":\"https:\\\/\\\/www.binauralmedia.org\\\/news\\\/arquivo\\\/12162#listItem\",\"position\":3,\"name\":\"Exposi\\u00e7\\u00e3o virtual &#8220;Mem\\u00f3rias geol\\u00f3gicas de Bodiosa, Viseu&#8221;\",\"previousItem\":{\"@type\":\"ListItem\",\"@id\":\"https:\\\/\\\/www.binauralmedia.org\\\/news\\\/arquivo\\\/category\\\/news#listItem\",\"name\":\"Not\\u00edcias\"}}]},{\"@type\":\"Organization\",\"@id\":\"https:\\\/\\\/www.binauralmedia.org\\\/news\\\/#organization\",\"name\":\"binauralmedia.org\",\"description\":\"Rural Based Sound\\\/Media Arts & Social Research\",\"url\":\"https:\\\/\\\/www.binauralmedia.org\\\/news\\\/\"},{\"@type\":\"Person\",\"@id\":\"https:\\\/\\\/www.binauralmedia.org\\\/news\\\/arquivo\\\/author\\\/luiscosta#author\",\"url\":\"https:\\\/\\\/www.binauralmedia.org\\\/news\\\/arquivo\\\/author\\\/luiscosta\",\"name\":\"luiscosta\"},{\"@type\":\"WebPage\",\"@id\":\"https:\\\/\\\/www.binauralmedia.org\\\/news\\\/arquivo\\\/12162#webpage\",\"url\":\"https:\\\/\\\/www.binauralmedia.org\\\/news\\\/arquivo\\\/12162\",\"name\":\"Exposi\\u00e7\\u00e3o virtual \\u201cMem\\u00f3rias geol\\u00f3gicas de Bodiosa, Viseu\\u201d - binauralmedia.org\",\"description\":\"A Binaural Nodar, a Junta de Freguesia de Bodiosa e o Munic\\u00edpio de Viseu anunciam a inaugura\\u00e7\\u00e3o no dia 18 junho 2020 da exposi\\u00e7\\u00e3o virtual \\u201cPedras Faladas: Mem\\u00f3rias Geol\\u00f3gicas de Bodiosa, Viseu\\u201d. A exposi\\u00e7\\u00e3o pode ser visualizada nesta liga\\u00e7\\u00e3o. A exposi\\u00e7\\u00e3o virtual \\u201cPedras Faladas: Mem\\u00f3rias Geol\\u00f3gicas de Bodiosa, Viseu\\u201d constitui uma homenagem \\u00e0s pessoas concretas\",\"inLanguage\":\"pt-PT\",\"isPartOf\":{\"@id\":\"https:\\\/\\\/www.binauralmedia.org\\\/news\\\/#website\"},\"breadcrumb\":{\"@id\":\"https:\\\/\\\/www.binauralmedia.org\\\/news\\\/arquivo\\\/12162#breadcrumblist\"},\"author\":{\"@id\":\"https:\\\/\\\/www.binauralmedia.org\\\/news\\\/arquivo\\\/author\\\/luiscosta#author\"},\"creator\":{\"@id\":\"https:\\\/\\\/www.binauralmedia.org\\\/news\\\/arquivo\\\/author\\\/luiscosta#author\"},\"image\":{\"@type\":\"ImageObject\",\"url\":\"https:\\\/\\\/www.binauralmedia.org\\\/news\\\/wp-content\\\/uploads\\\/Exposic\\u0327a\\u0303o-Virtual-Pedras-Faladas-website.jpg\",\"@id\":\"https:\\\/\\\/www.binauralmedia.org\\\/news\\\/arquivo\\\/12162\\\/#mainImage\",\"width\":1200,\"height\":800},\"primaryImageOfPage\":{\"@id\":\"https:\\\/\\\/www.binauralmedia.org\\\/news\\\/arquivo\\\/12162#mainImage\"},\"datePublished\":\"2020-06-18T09:58:40+00:00\",\"dateModified\":\"2021-08-16T15:41:41+00:00\"},{\"@type\":\"WebSite\",\"@id\":\"https:\\\/\\\/www.binauralmedia.org\\\/news\\\/#website\",\"url\":\"https:\\\/\\\/www.binauralmedia.org\\\/news\\\/\",\"name\":\"binauralmedia.org\",\"description\":\"Rural Based Sound\\\/Media Arts & Social Research\",\"inLanguage\":\"pt-PT\",\"publisher\":{\"@id\":\"https:\\\/\\\/www.binauralmedia.org\\\/news\\\/#organization\"}}]}\n\t\t<\/script>\n\t\t<!-- All in One SEO -->\n\n","aioseo_head_json":{"title":"Exposi\u00e7\u00e3o virtual \u201cMem\u00f3rias geol\u00f3gicas de Bodiosa, Viseu\u201d - binauralmedia.org","description":"A Binaural Nodar, a Junta de Freguesia de Bodiosa e o Munic\u00edpio de Viseu anunciam a inaugura\u00e7\u00e3o no dia 18 junho 2020 da exposi\u00e7\u00e3o virtual \u201cPedras Faladas: Mem\u00f3rias Geol\u00f3gicas de Bodiosa, Viseu\u201d. A exposi\u00e7\u00e3o pode ser visualizada nesta liga\u00e7\u00e3o. A exposi\u00e7\u00e3o virtual \u201cPedras Faladas: Mem\u00f3rias Geol\u00f3gicas de Bodiosa, Viseu\u201d constitui uma homenagem \u00e0s pessoas concretas","canonical_url":"https:\/\/www.binauralmedia.org\/news\/arquivo\/12162","robots":"max-image-preview:large","keywords":"","webmasterTools":{"miscellaneous":""},"schema":{"@context":"https:\/\/schema.org","@graph":[{"@type":"BlogPosting","@id":"https:\/\/www.binauralmedia.org\/news\/arquivo\/12162#blogposting","name":"Exposi\u00e7\u00e3o virtual \u201cMem\u00f3rias geol\u00f3gicas de Bodiosa, Viseu\u201d - binauralmedia.org","headline":"Exposi\u00e7\u00e3o virtual &#8220;Mem\u00f3rias geol\u00f3gicas de Bodiosa, Viseu&#8221;","author":{"@id":"https:\/\/www.binauralmedia.org\/news\/arquivo\/author\/luiscosta#author"},"publisher":{"@id":"https:\/\/www.binauralmedia.org\/news\/#organization"},"image":{"@type":"ImageObject","url":"https:\/\/www.binauralmedia.org\/news\/wp-content\/uploads\/Exposic\u0327a\u0303o-Virtual-Pedras-Faladas-website.jpg","width":1200,"height":800},"datePublished":"2020-06-18T09:58:40+00:00","dateModified":"2021-08-16T15:41:41+00:00","inLanguage":"pt-PT","mainEntityOfPage":{"@id":"https:\/\/www.binauralmedia.org\/news\/arquivo\/12162#webpage"},"isPartOf":{"@id":"https:\/\/www.binauralmedia.org\/news\/arquivo\/12162#webpage"},"articleSection":"Cria\u00e7\u00f5es Art\u00edsticas, Not\u00edcias"},{"@type":"BreadcrumbList","@id":"https:\/\/www.binauralmedia.org\/news\/arquivo\/12162#breadcrumblist","itemListElement":[{"@type":"ListItem","@id":"https:\/\/www.binauralmedia.org\/news#listItem","position":1,"name":"Home","item":"https:\/\/www.binauralmedia.org\/news","nextItem":{"@type":"ListItem","@id":"https:\/\/www.binauralmedia.org\/news\/arquivo\/category\/news#listItem","name":"Not\u00edcias"}},{"@type":"ListItem","@id":"https:\/\/www.binauralmedia.org\/news\/arquivo\/category\/news#listItem","position":2,"name":"Not\u00edcias","item":"https:\/\/www.binauralmedia.org\/news\/arquivo\/category\/news","nextItem":{"@type":"ListItem","@id":"https:\/\/www.binauralmedia.org\/news\/arquivo\/12162#listItem","name":"Exposi\u00e7\u00e3o virtual &#8220;Mem\u00f3rias geol\u00f3gicas de Bodiosa, Viseu&#8221;"},"previousItem":{"@type":"ListItem","@id":"https:\/\/www.binauralmedia.org\/news#listItem","name":"Home"}},{"@type":"ListItem","@id":"https:\/\/www.binauralmedia.org\/news\/arquivo\/12162#listItem","position":3,"name":"Exposi\u00e7\u00e3o virtual &#8220;Mem\u00f3rias geol\u00f3gicas de Bodiosa, Viseu&#8221;","previousItem":{"@type":"ListItem","@id":"https:\/\/www.binauralmedia.org\/news\/arquivo\/category\/news#listItem","name":"Not\u00edcias"}}]},{"@type":"Organization","@id":"https:\/\/www.binauralmedia.org\/news\/#organization","name":"binauralmedia.org","description":"Rural Based Sound\/Media Arts & Social Research","url":"https:\/\/www.binauralmedia.org\/news\/"},{"@type":"Person","@id":"https:\/\/www.binauralmedia.org\/news\/arquivo\/author\/luiscosta#author","url":"https:\/\/www.binauralmedia.org\/news\/arquivo\/author\/luiscosta","name":"luiscosta"},{"@type":"WebPage","@id":"https:\/\/www.binauralmedia.org\/news\/arquivo\/12162#webpage","url":"https:\/\/www.binauralmedia.org\/news\/arquivo\/12162","name":"Exposi\u00e7\u00e3o virtual \u201cMem\u00f3rias geol\u00f3gicas de Bodiosa, Viseu\u201d - binauralmedia.org","description":"A Binaural Nodar, a Junta de Freguesia de Bodiosa e o Munic\u00edpio de Viseu anunciam a inaugura\u00e7\u00e3o no dia 18 junho 2020 da exposi\u00e7\u00e3o virtual \u201cPedras Faladas: Mem\u00f3rias Geol\u00f3gicas de Bodiosa, Viseu\u201d. A exposi\u00e7\u00e3o pode ser visualizada nesta liga\u00e7\u00e3o. A exposi\u00e7\u00e3o virtual \u201cPedras Faladas: Mem\u00f3rias Geol\u00f3gicas de Bodiosa, Viseu\u201d constitui uma homenagem \u00e0s pessoas concretas","inLanguage":"pt-PT","isPartOf":{"@id":"https:\/\/www.binauralmedia.org\/news\/#website"},"breadcrumb":{"@id":"https:\/\/www.binauralmedia.org\/news\/arquivo\/12162#breadcrumblist"},"author":{"@id":"https:\/\/www.binauralmedia.org\/news\/arquivo\/author\/luiscosta#author"},"creator":{"@id":"https:\/\/www.binauralmedia.org\/news\/arquivo\/author\/luiscosta#author"},"image":{"@type":"ImageObject","url":"https:\/\/www.binauralmedia.org\/news\/wp-content\/uploads\/Exposic\u0327a\u0303o-Virtual-Pedras-Faladas-website.jpg","@id":"https:\/\/www.binauralmedia.org\/news\/arquivo\/12162\/#mainImage","width":1200,"height":800},"primaryImageOfPage":{"@id":"https:\/\/www.binauralmedia.org\/news\/arquivo\/12162#mainImage"},"datePublished":"2020-06-18T09:58:40+00:00","dateModified":"2021-08-16T15:41:41+00:00"},{"@type":"WebSite","@id":"https:\/\/www.binauralmedia.org\/news\/#website","url":"https:\/\/www.binauralmedia.org\/news\/","name":"binauralmedia.org","description":"Rural Based Sound\/Media Arts & Social Research","inLanguage":"pt-PT","publisher":{"@id":"https:\/\/www.binauralmedia.org\/news\/#organization"}}]},"og:locale":"pt_PT","og:site_name":"binauralmedia.org - Rural Based Sound\/Media Arts &amp; Social Research","og:type":"article","og:title":"Exposi\u00e7\u00e3o virtual \u201cMem\u00f3rias geol\u00f3gicas de Bodiosa, Viseu\u201d - binauralmedia.org","og:description":"A Binaural Nodar, a Junta de Freguesia de Bodiosa e o Munic\u00edpio de Viseu anunciam a inaugura\u00e7\u00e3o no dia 18 junho 2020 da exposi\u00e7\u00e3o virtual \u201cPedras Faladas: Mem\u00f3rias Geol\u00f3gicas de Bodiosa, Viseu\u201d. A exposi\u00e7\u00e3o pode ser visualizada nesta liga\u00e7\u00e3o. A exposi\u00e7\u00e3o virtual \u201cPedras Faladas: Mem\u00f3rias Geol\u00f3gicas de Bodiosa, Viseu\u201d constitui uma homenagem \u00e0s pessoas concretas","og:url":"https:\/\/www.binauralmedia.org\/news\/arquivo\/12162","article:published_time":"2020-06-18T09:58:40+00:00","article:modified_time":"2021-08-16T15:41:41+00:00","twitter:card":"summary_large_image","twitter:title":"Exposi\u00e7\u00e3o virtual \u201cMem\u00f3rias geol\u00f3gicas de Bodiosa, Viseu\u201d - binauralmedia.org","twitter:description":"A Binaural Nodar, a Junta de Freguesia de Bodiosa e o Munic\u00edpio de Viseu anunciam a inaugura\u00e7\u00e3o no dia 18 junho 2020 da exposi\u00e7\u00e3o virtual \u201cPedras Faladas: Mem\u00f3rias Geol\u00f3gicas de Bodiosa, Viseu\u201d. A exposi\u00e7\u00e3o pode ser visualizada nesta liga\u00e7\u00e3o. A exposi\u00e7\u00e3o virtual \u201cPedras Faladas: Mem\u00f3rias Geol\u00f3gicas de Bodiosa, Viseu\u201d constitui uma homenagem \u00e0s pessoas concretas"},"aioseo_meta_data":{"post_id":"12162","title":null,"description":null,"keywords":null,"keyphrases":null,"primary_term":null,"canonical_url":null,"og_title":null,"og_description":null,"og_object_type":"default","og_image_type":"default","og_image_custom_url":null,"og_image_custom_fields":null,"og_image_url":null,"og_image_width":null,"og_image_height":null,"og_video":null,"og_custom_url":null,"og_article_section":null,"og_article_tags":null,"twitter_use_og":false,"twitter_card":"default","twitter_image_type":"default","twitter_image_custom_url":null,"twitter_image_custom_fields":null,"twitter_image_url":null,"twitter_title":null,"twitter_description":null,"schema_type":"default","schema_type_options":null,"schema":{"blockGraphs":[],"customGraphs":[],"default":{"data":{"Article":[],"Course":[],"Dataset":[],"FAQPage":[],"Movie":[],"Person":[],"Product":[],"ProductReview":[],"Car":[],"Recipe":[],"Service":[],"SoftwareApplication":[],"WebPage":[]},"graphName":"","isEnabled":true},"graphs":[]},"pillar_content":false,"robots_default":true,"robots_noindex":false,"robots_noarchive":false,"robots_nosnippet":false,"robots_nofollow":false,"robots_noimageindex":false,"robots_noodp":false,"robots_notranslate":false,"robots_max_snippet":null,"robots_max_videopreview":null,"robots_max_imagepreview":"large","priority":null,"frequency":null,"local_seo":null,"limit_modified_date":false,"ai":null,"breadcrumb_settings":null,"seo_analyzer_scan_date":null,"created":"2026-08-05 04:20:53","updated":"2026-08-05 04:20:53","focus_keyword":null,"additional_keywords":null,"truseo_locale":null},"aioseo_breadcrumb":"<div class=\"aioseo-breadcrumbs\"><span class=\"aioseo-breadcrumb\">\n\t\t\t<a href=\"https:\/\/www.binauralmedia.org\/news\" title=\"Home\">Home<\/a>\n\t\t<\/span><span class=\"aioseo-breadcrumb-separator\">&raquo;<\/span><span class=\"aioseo-breadcrumb\">\n\t\t\t<a href=\"https:\/\/www.binauralmedia.org\/news\/arquivo\/category\/news\" title=\"Not\u00edcias\">Not\u00edcias<\/a>\n\t\t<\/span><span class=\"aioseo-breadcrumb-separator\">&raquo;<\/span><span class=\"aioseo-breadcrumb\">\n\t\t\tExposi\u00e7\u00e3o virtual \u201cMem\u00f3rias geol\u00f3gicas de Bodiosa, Viseu\u201d\n\t\t<\/span><\/div>","aioseo_breadcrumb_json":[{"label":"Home","link":"https:\/\/www.binauralmedia.org\/news"},{"label":"Not\u00edcias","link":"https:\/\/www.binauralmedia.org\/news\/arquivo\/category\/news"},{"label":"Exposi\u00e7\u00e3o virtual &#8220;Mem\u00f3rias geol\u00f3gicas de Bodiosa, Viseu&#8221;","link":"https:\/\/www.binauralmedia.org\/news\/arquivo\/12162"}],"_links":{"self":[{"href":"https:\/\/www.binauralmedia.org\/news\/wp-json\/wp\/v2\/posts\/12162","targetHints":{"allow":["GET"]}}],"collection":[{"href":"https:\/\/www.binauralmedia.org\/news\/wp-json\/wp\/v2\/posts"}],"about":[{"href":"https:\/\/www.binauralmedia.org\/news\/wp-json\/wp\/v2\/types\/post"}],"author":[{"embeddable":true,"href":"https:\/\/www.binauralmedia.org\/news\/wp-json\/wp\/v2\/users\/2"}],"replies":[{"embeddable":true,"href":"https:\/\/www.binauralmedia.org\/news\/wp-json\/wp\/v2\/comments?post=12162"}],"version-history":[{"count":4,"href":"https:\/\/www.binauralmedia.org\/news\/wp-json\/wp\/v2\/posts\/12162\/revisions"}],"predecessor-version":[{"id":13450,"href":"https:\/\/www.binauralmedia.org\/news\/wp-json\/wp\/v2\/posts\/12162\/revisions\/13450"}],"wp:featuredmedia":[{"embeddable":true,"href":"https:\/\/www.binauralmedia.org\/news\/wp-json\/wp\/v2\/media\/12154"}],"wp:attachment":[{"href":"https:\/\/www.binauralmedia.org\/news\/wp-json\/wp\/v2\/media?parent=12162"}],"wp:term":[{"taxonomy":"category","embeddable":true,"href":"https:\/\/www.binauralmedia.org\/news\/wp-json\/wp\/v2\/categories?post=12162"},{"taxonomy":"post_tag","embeddable":true,"href":"https:\/\/www.binauralmedia.org\/news\/wp-json\/wp\/v2\/tags?post=12162"}],"curies":[{"name":"wp","href":"https:\/\/api.w.org\/{rel}","templated":true}]}}