{"id":12141,"date":"2020-06-16T15:42:15","date_gmt":"2020-06-16T15:42:15","guid":{"rendered":"https:\/\/www.binauralmedia.org\/news\/?p=12141"},"modified":"2021-08-16T15:41:40","modified_gmt":"2021-08-16T15:41:40","slug":"rural-mental-candidatura-aberta-para-residencias-artisticas-em-2021","status":"publish","type":"post","link":"https:\/\/www.binauralmedia.org\/news\/arquivo\/12141","title":{"rendered":"Rural Mental: Candidatura aberta para resid\u00eancias art\u00edsticas em 2021"},"content":{"rendered":"<div class=\"fusion-fullwidth fullwidth-box fusion-builder-row-1 nonhundred-percent-fullwidth non-hundred-percent-height-scrolling\" style=\"--awb-border-radius-top-left:0px;--awb-border-radius-top-right:0px;--awb-border-radius-bottom-right:0px;--awb-border-radius-bottom-left:0px;--awb-flex-wrap:wrap;\" ><div class=\"fusion-builder-row fusion-row\"><div class=\"fusion-layout-column fusion_builder_column fusion-builder-column-0 fusion_builder_column_1_1 1_1 fusion-one-full fusion-column-first fusion-column-last\" style=\"--awb-bg-size:cover;--awb-margin-bottom:0px;\"><div class=\"fusion-column-wrapper fusion-flex-column-wrapper-legacy\"><div class=\"fusion-text fusion-text-1\"><h2>RURAL MENTAL<\/h2>\n<h5>Di\u00e1logos entre o som e a mente num contexto rural<br \/>\n15\u00ba aniversario do programa de resid\u00eancias art\u00edsticas da Binaural Nodar em artes sonoras e media<br \/>\nCandidatura aberta entre 20 de junho e 31 de agosto de 2020 para resid\u00eancias art\u00edsticas em 2021<\/h5>\n<p>Contaram-nos alguns anci\u00e3os em aldeias de montanha da regi\u00e3o portuguesa de Viseu D\u00e3o Laf\u00f5es que antigamente as pessoas n\u00e3o tinham tempo para andarem deprimidas, tal era a intensidade do trabalho agr\u00edcola e pastoril que tinham que executar. Provavelmente esta ideia aparentemente simples pode ser desagregada em m\u00faltiplos aspetos do que seria uma vida de trabalho em comunh\u00e3o com a natureza: o caminhar, o esfor\u00e7o f\u00edsico regular, a quase aus\u00eancia de ansiedades existenciais, a alimenta\u00e7\u00e3o natural, o sol na cara e no corpo, a estreita rela\u00e7\u00e3o comunit\u00e1ria, em resumo, uma vida de proximidade cujos ciclos estavam em harmonia com a paisagem, o tempo cronol\u00f3gico e com as esta\u00e7\u00f5es do ano. Naturalmente, que existia um lado mais negro da equa\u00e7\u00e3o: aspectos como a consanguinidade, o abuso do \u00e1lcool e os limitados cuidados m\u00e9dicos coincidiam na exist\u00eancia de um elevado n\u00famero de pessoas \u201cparticulares\u201d cujas caracter\u00edsticas psicol\u00f3gicas se desviavam do comum.<\/p>\n<p>Por outro lado, em termos contempor\u00e2neos, promove-se o uso das paisagens naturais relacionadas em grande medida com o bem-estar f\u00edsico e psicol\u00f3gico, uma dimens\u00e3o mais utilit\u00e1ria e individual, sendo que alguns autores t\u00eam evidenciado nos \u00faltimos anos a necessidade de incluir aspetos experienciais, sociais e culturais na rela\u00e7\u00e3o estabelecida com os lugares. Por exemplo, nas palavras de Laura Menatti e Ant\u00f3nio Casado da Rocha em \u201cLandscape and Health: Connecting Psychology, Aesthetics, and Philosophy through the Concept of Affordance\u201d:<\/p>\n<blockquote>\n<p><em>\u201cA filosofia e a psicologia assinalam de diferentes formas a import\u00e2ncia da rela\u00e7\u00e3o entre a sa\u00fade e a paisagem: Por exemplo, a psicologia encara esta quest\u00e3o sob uma base conceptual psicoevolutiva orientada para a redu\u00e7\u00e3o do stress, enquanto que a filosofia prop\u00f5e uma abordagem de vincula\u00e7\u00e3o com os lugares, uma que tem por base aspetos derivados da fenomenologia e da geografia humana.\u201d<\/em><\/p>\n<\/blockquote>\n<p>O programa de resid\u00eancias art\u00edsticas da Binaural Nodar para 2021, que celebra quinze anos de acolhimento art\u00edstico em artes sonoras\/media e performance <em>site-specific<\/em> em contextos rurais da regi\u00e3o portuguesa de Viseu D\u00e3o Laf\u00f5es, prop\u00f5e como tema para os projetos a acolher di\u00e1logos art\u00edsticos entre o som e a mente, a serem criados a partir do contacto direto com paisagens e comunidades rurais locais e\/ou emanados de reflex\u00f5es e experi\u00eancias pessoais dos pr\u00f3prios artistas acolhidos.<\/p>\n<p>As candidaturas dever\u00e3o ser enviadas por email para info@binauralmedia.org e incluir os seguintes elementos:<\/p>\n<ol>\n<li>Nome completo, nome art\u00edstico, morada, telefone\/WhatsApp, email e website.<\/li>\n<li>Um texto com a descri\u00e7\u00e3o de um projeto art\u00edstico especificamente concebido para este programa de resid\u00eancias art\u00edsticas, com um m\u00e1ximo de 7.500 caracteres com espa\u00e7os.<\/li>\n<li>Um CV ou biografia art\u00edstica e liga\u00e7\u00f5es para cria\u00e7\u00f5es anteriores que possam ter rela\u00e7\u00e3o com a proposta.<\/li>\n<\/ol>\n<p>As resid\u00eancias art\u00edsticas ser\u00e3o realizadas num de dois poss\u00edveis per\u00edodos de tr\u00eas semanas, um na primavera e outro no outono de 2021.<\/p>\n<p>A organiza\u00e7\u00e3o e os munic\u00edpios parceiros assegurar\u00e3o o cumprimento das medidas de seguran\u00e7a sanit\u00e1ria que estiverem vigor no territ\u00f3rio portugu\u00eas no momento das resid\u00eancias art\u00edsticas, suportar\u00e3o os custos com alojamento, alimenta\u00e7\u00e3o, gastos de produ\u00e7\u00e3o com o limite de 250 euros e um cach\u00ea por projeto art\u00edstico de 500 euros l\u00edquidos.<\/p>\n<p>Ser\u00e3o privilegiados projetos submetidos por artistas que se encontrem numa situa\u00e7\u00e3o de fragilidade psicol\u00f3gica, social e\/ou econ\u00f3mica, sendo que sugerimos nesses casos o envio de uma carta de motiva\u00e7\u00e3o que contextualize o interesse na resid\u00eancia art\u00edstica.<\/p>\n<p>Todas as quest\u00f5es e d\u00favidas podem ser colocadas atrav\u00e9s de email para Lu\u00eds Costa: luis.costa@binauralmedia.org.<\/p>\n<\/div><div class=\"fusion-clearfix\"><\/div><\/div><\/div><\/div><\/div>\n","protected":false},"excerpt":{"rendered":"","protected":false},"author":2,"featured_media":12146,"comment_status":"closed","ping_status":"closed","sticky":false,"template":"","format":"standard","meta":{"_acf_changed":false,"_bbp_topic_count":0,"_bbp_reply_count":0,"_bbp_total_topic_count":0,"_bbp_total_reply_count":0,"_bbp_voice_count":0,"_bbp_anonymous_reply_count":0,"_bbp_topic_count_hidden":0,"_bbp_reply_count_hidden":0,"_bbp_forum_subforum_count":0,"footnotes":""},"categories":[1,676],"tags":[],"class_list":["post-12141","post","type-post","status-publish","format-standard","has-post-thumbnail","hentry","category-news","category-artist-residencies"],"acf":[],"aioseo_notices":[],"aioseo_head":"\n\t\t<!-- All in One SEO 5.0.1.1 - aioseo.com -->\n\t<meta name=\"description\" content=\"RURAL MENTAL Di\u00e1logos entre o som e a mente num contexto rural 15\u00ba aniversario do programa de resid\u00eancias art\u00edsticas da Binaural Nodar em artes sonoras e media Candidatura aberta entre 20 de junho e 31 de agosto de 2020 para resid\u00eancias art\u00edsticas em 2021 Contaram-nos alguns anci\u00e3os em aldeias de montanha da regi\u00e3o portuguesa de\" \/>\n\t<meta name=\"robots\" content=\"max-image-preview:large\" \/>\n\t<meta name=\"author\" content=\"luiscosta\"\/>\n\t<link rel=\"canonical\" href=\"https:\/\/www.binauralmedia.org\/news\/arquivo\/12141\" \/>\n\t<meta name=\"generator\" content=\"All in One SEO (AIOSEO) 5.0.1.1\" \/>\n\t\t<meta property=\"og:locale\" content=\"pt_PT\" \/>\n\t\t<meta property=\"og:site_name\" content=\"binauralmedia.org - Rural Based Sound\/Media Arts &amp; Social Research\" \/>\n\t\t<meta property=\"og:type\" content=\"article\" \/>\n\t\t<meta property=\"og:title\" content=\"Rural Mental: Candidatura aberta para resid\u00eancias art\u00edsticas em 2021 - binauralmedia.org\" \/>\n\t\t<meta property=\"og:description\" content=\"RURAL MENTAL Di\u00e1logos entre o som e a mente num contexto rural 15\u00ba aniversario do programa de resid\u00eancias art\u00edsticas da Binaural Nodar em artes sonoras e media Candidatura aberta entre 20 de junho e 31 de agosto de 2020 para resid\u00eancias art\u00edsticas em 2021 Contaram-nos alguns anci\u00e3os em aldeias de montanha da regi\u00e3o portuguesa de\" \/>\n\t\t<meta property=\"og:url\" content=\"https:\/\/www.binauralmedia.org\/news\/arquivo\/12141\" \/>\n\t\t<meta property=\"article:published_time\" content=\"2020-06-16T15:42:15+00:00\" \/>\n\t\t<meta property=\"article:modified_time\" content=\"2021-08-16T15:41:40+00:00\" \/>\n\t\t<meta name=\"twitter:card\" content=\"summary_large_image\" \/>\n\t\t<meta name=\"twitter:title\" content=\"Rural Mental: Candidatura aberta para resid\u00eancias art\u00edsticas em 2021 - binauralmedia.org\" \/>\n\t\t<meta name=\"twitter:description\" content=\"RURAL MENTAL Di\u00e1logos entre o som e a mente num contexto rural 15\u00ba aniversario do programa de resid\u00eancias art\u00edsticas da Binaural Nodar em artes sonoras e media Candidatura aberta entre 20 de junho e 31 de agosto de 2020 para resid\u00eancias art\u00edsticas em 2021 Contaram-nos alguns anci\u00e3os em aldeias de montanha da regi\u00e3o portuguesa de\" \/>\n\t\t<script type=\"application\/ld+json\" class=\"aioseo-schema\">\n\t\t\t{\"@context\":\"https:\\\/\\\/schema.org\",\"@graph\":[{\"@type\":\"BlogPosting\",\"@id\":\"https:\\\/\\\/www.binauralmedia.org\\\/news\\\/arquivo\\\/12141#blogposting\",\"name\":\"Rural Mental: Candidatura aberta para resid\\u00eancias art\\u00edsticas em 2021 - binauralmedia.org\",\"headline\":\"Rural Mental: Candidatura aberta para resid\\u00eancias art\\u00edsticas em 2021\",\"author\":{\"@id\":\"https:\\\/\\\/www.binauralmedia.org\\\/news\\\/arquivo\\\/author\\\/luiscosta#author\"},\"publisher\":{\"@id\":\"https:\\\/\\\/www.binauralmedia.org\\\/news\\\/#organization\"},\"image\":{\"@type\":\"ImageObject\",\"url\":\"https:\\\/\\\/www.binauralmedia.org\\\/news\\\/wp-content\\\/uploads\\\/Mental-Rural-1200x800-red.jpg\",\"width\":1200,\"height\":800},\"datePublished\":\"2020-06-16T15:42:15+00:00\",\"dateModified\":\"2021-08-16T15:41:40+00:00\",\"inLanguage\":\"pt-PT\",\"mainEntityOfPage\":{\"@id\":\"https:\\\/\\\/www.binauralmedia.org\\\/news\\\/arquivo\\\/12141#webpage\"},\"isPartOf\":{\"@id\":\"https:\\\/\\\/www.binauralmedia.org\\\/news\\\/arquivo\\\/12141#webpage\"},\"articleSection\":\"Not\\u00edcias, Resid\\u00eancias Art\\u00edsticas\"},{\"@type\":\"BreadcrumbList\",\"@id\":\"https:\\\/\\\/www.binauralmedia.org\\\/news\\\/arquivo\\\/12141#breadcrumblist\",\"itemListElement\":[{\"@type\":\"ListItem\",\"@id\":\"https:\\\/\\\/www.binauralmedia.org\\\/news#listItem\",\"position\":1,\"name\":\"Home\",\"item\":\"https:\\\/\\\/www.binauralmedia.org\\\/news\",\"nextItem\":{\"@type\":\"ListItem\",\"@id\":\"https:\\\/\\\/www.binauralmedia.org\\\/news\\\/arquivo\\\/category\\\/news#listItem\",\"name\":\"Not\\u00edcias\"}},{\"@type\":\"ListItem\",\"@id\":\"https:\\\/\\\/www.binauralmedia.org\\\/news\\\/arquivo\\\/category\\\/news#listItem\",\"position\":2,\"name\":\"Not\\u00edcias\",\"item\":\"https:\\\/\\\/www.binauralmedia.org\\\/news\\\/arquivo\\\/category\\\/news\",\"nextItem\":{\"@type\":\"ListItem\",\"@id\":\"https:\\\/\\\/www.binauralmedia.org\\\/news\\\/arquivo\\\/12141#listItem\",\"name\":\"Rural Mental: Candidatura aberta para resid\\u00eancias art\\u00edsticas em 2021\"},\"previousItem\":{\"@type\":\"ListItem\",\"@id\":\"https:\\\/\\\/www.binauralmedia.org\\\/news#listItem\",\"name\":\"Home\"}},{\"@type\":\"ListItem\",\"@id\":\"https:\\\/\\\/www.binauralmedia.org\\\/news\\\/arquivo\\\/12141#listItem\",\"position\":3,\"name\":\"Rural Mental: Candidatura aberta para resid\\u00eancias art\\u00edsticas em 2021\",\"previousItem\":{\"@type\":\"ListItem\",\"@id\":\"https:\\\/\\\/www.binauralmedia.org\\\/news\\\/arquivo\\\/category\\\/news#listItem\",\"name\":\"Not\\u00edcias\"}}]},{\"@type\":\"Organization\",\"@id\":\"https:\\\/\\\/www.binauralmedia.org\\\/news\\\/#organization\",\"name\":\"binauralmedia.org\",\"description\":\"Rural Based Sound\\\/Media Arts & Social Research\",\"url\":\"https:\\\/\\\/www.binauralmedia.org\\\/news\\\/\"},{\"@type\":\"Person\",\"@id\":\"https:\\\/\\\/www.binauralmedia.org\\\/news\\\/arquivo\\\/author\\\/luiscosta#author\",\"url\":\"https:\\\/\\\/www.binauralmedia.org\\\/news\\\/arquivo\\\/author\\\/luiscosta\",\"name\":\"luiscosta\"},{\"@type\":\"WebPage\",\"@id\":\"https:\\\/\\\/www.binauralmedia.org\\\/news\\\/arquivo\\\/12141#webpage\",\"url\":\"https:\\\/\\\/www.binauralmedia.org\\\/news\\\/arquivo\\\/12141\",\"name\":\"Rural Mental: Candidatura aberta para resid\\u00eancias art\\u00edsticas em 2021 - binauralmedia.org\",\"description\":\"RURAL MENTAL Di\\u00e1logos entre o som e a mente num contexto rural 15\\u00ba aniversario do programa de resid\\u00eancias art\\u00edsticas da Binaural Nodar em artes sonoras e media Candidatura aberta entre 20 de junho e 31 de agosto de 2020 para resid\\u00eancias art\\u00edsticas em 2021 Contaram-nos alguns anci\\u00e3os em aldeias de montanha da regi\\u00e3o portuguesa de\",\"inLanguage\":\"pt-PT\",\"isPartOf\":{\"@id\":\"https:\\\/\\\/www.binauralmedia.org\\\/news\\\/#website\"},\"breadcrumb\":{\"@id\":\"https:\\\/\\\/www.binauralmedia.org\\\/news\\\/arquivo\\\/12141#breadcrumblist\"},\"author\":{\"@id\":\"https:\\\/\\\/www.binauralmedia.org\\\/news\\\/arquivo\\\/author\\\/luiscosta#author\"},\"creator\":{\"@id\":\"https:\\\/\\\/www.binauralmedia.org\\\/news\\\/arquivo\\\/author\\\/luiscosta#author\"},\"image\":{\"@type\":\"ImageObject\",\"url\":\"https:\\\/\\\/www.binauralmedia.org\\\/news\\\/wp-content\\\/uploads\\\/Mental-Rural-1200x800-red.jpg\",\"@id\":\"https:\\\/\\\/www.binauralmedia.org\\\/news\\\/arquivo\\\/12141\\\/#mainImage\",\"width\":1200,\"height\":800},\"primaryImageOfPage\":{\"@id\":\"https:\\\/\\\/www.binauralmedia.org\\\/news\\\/arquivo\\\/12141#mainImage\"},\"datePublished\":\"2020-06-16T15:42:15+00:00\",\"dateModified\":\"2021-08-16T15:41:40+00:00\"},{\"@type\":\"WebSite\",\"@id\":\"https:\\\/\\\/www.binauralmedia.org\\\/news\\\/#website\",\"url\":\"https:\\\/\\\/www.binauralmedia.org\\\/news\\\/\",\"name\":\"binauralmedia.org\",\"description\":\"Rural Based Sound\\\/Media Arts & Social Research\",\"inLanguage\":\"pt-PT\",\"publisher\":{\"@id\":\"https:\\\/\\\/www.binauralmedia.org\\\/news\\\/#organization\"}}]}\n\t\t<\/script>\n\t\t<!-- All in One SEO -->\n\n","aioseo_head_json":{"title":"Rural Mental: Candidatura aberta para resid\u00eancias art\u00edsticas em 2021 - binauralmedia.org","description":"RURAL MENTAL Di\u00e1logos entre o som e a mente num contexto rural 15\u00ba aniversario do programa de resid\u00eancias art\u00edsticas da Binaural Nodar em artes sonoras e media Candidatura aberta entre 20 de junho e 31 de agosto de 2020 para resid\u00eancias art\u00edsticas em 2021 Contaram-nos alguns anci\u00e3os em aldeias de montanha da regi\u00e3o portuguesa de","canonical_url":"https:\/\/www.binauralmedia.org\/news\/arquivo\/12141","robots":"max-image-preview:large","keywords":"","webmasterTools":{"miscellaneous":""},"schema":{"@context":"https:\/\/schema.org","@graph":[{"@type":"BlogPosting","@id":"https:\/\/www.binauralmedia.org\/news\/arquivo\/12141#blogposting","name":"Rural Mental: Candidatura aberta para resid\u00eancias art\u00edsticas em 2021 - binauralmedia.org","headline":"Rural Mental: Candidatura aberta para resid\u00eancias art\u00edsticas em 2021","author":{"@id":"https:\/\/www.binauralmedia.org\/news\/arquivo\/author\/luiscosta#author"},"publisher":{"@id":"https:\/\/www.binauralmedia.org\/news\/#organization"},"image":{"@type":"ImageObject","url":"https:\/\/www.binauralmedia.org\/news\/wp-content\/uploads\/Mental-Rural-1200x800-red.jpg","width":1200,"height":800},"datePublished":"2020-06-16T15:42:15+00:00","dateModified":"2021-08-16T15:41:40+00:00","inLanguage":"pt-PT","mainEntityOfPage":{"@id":"https:\/\/www.binauralmedia.org\/news\/arquivo\/12141#webpage"},"isPartOf":{"@id":"https:\/\/www.binauralmedia.org\/news\/arquivo\/12141#webpage"},"articleSection":"Not\u00edcias, Resid\u00eancias Art\u00edsticas"},{"@type":"BreadcrumbList","@id":"https:\/\/www.binauralmedia.org\/news\/arquivo\/12141#breadcrumblist","itemListElement":[{"@type":"ListItem","@id":"https:\/\/www.binauralmedia.org\/news#listItem","position":1,"name":"Home","item":"https:\/\/www.binauralmedia.org\/news","nextItem":{"@type":"ListItem","@id":"https:\/\/www.binauralmedia.org\/news\/arquivo\/category\/news#listItem","name":"Not\u00edcias"}},{"@type":"ListItem","@id":"https:\/\/www.binauralmedia.org\/news\/arquivo\/category\/news#listItem","position":2,"name":"Not\u00edcias","item":"https:\/\/www.binauralmedia.org\/news\/arquivo\/category\/news","nextItem":{"@type":"ListItem","@id":"https:\/\/www.binauralmedia.org\/news\/arquivo\/12141#listItem","name":"Rural Mental: Candidatura aberta para resid\u00eancias art\u00edsticas em 2021"},"previousItem":{"@type":"ListItem","@id":"https:\/\/www.binauralmedia.org\/news#listItem","name":"Home"}},{"@type":"ListItem","@id":"https:\/\/www.binauralmedia.org\/news\/arquivo\/12141#listItem","position":3,"name":"Rural Mental: Candidatura aberta para resid\u00eancias art\u00edsticas em 2021","previousItem":{"@type":"ListItem","@id":"https:\/\/www.binauralmedia.org\/news\/arquivo\/category\/news#listItem","name":"Not\u00edcias"}}]},{"@type":"Organization","@id":"https:\/\/www.binauralmedia.org\/news\/#organization","name":"binauralmedia.org","description":"Rural Based Sound\/Media Arts & Social Research","url":"https:\/\/www.binauralmedia.org\/news\/"},{"@type":"Person","@id":"https:\/\/www.binauralmedia.org\/news\/arquivo\/author\/luiscosta#author","url":"https:\/\/www.binauralmedia.org\/news\/arquivo\/author\/luiscosta","name":"luiscosta"},{"@type":"WebPage","@id":"https:\/\/www.binauralmedia.org\/news\/arquivo\/12141#webpage","url":"https:\/\/www.binauralmedia.org\/news\/arquivo\/12141","name":"Rural Mental: Candidatura aberta para resid\u00eancias art\u00edsticas em 2021 - binauralmedia.org","description":"RURAL MENTAL Di\u00e1logos entre o som e a mente num contexto rural 15\u00ba aniversario do programa de resid\u00eancias art\u00edsticas da Binaural Nodar em artes sonoras e media Candidatura aberta entre 20 de junho e 31 de agosto de 2020 para resid\u00eancias art\u00edsticas em 2021 Contaram-nos alguns anci\u00e3os em aldeias de montanha da regi\u00e3o portuguesa de","inLanguage":"pt-PT","isPartOf":{"@id":"https:\/\/www.binauralmedia.org\/news\/#website"},"breadcrumb":{"@id":"https:\/\/www.binauralmedia.org\/news\/arquivo\/12141#breadcrumblist"},"author":{"@id":"https:\/\/www.binauralmedia.org\/news\/arquivo\/author\/luiscosta#author"},"creator":{"@id":"https:\/\/www.binauralmedia.org\/news\/arquivo\/author\/luiscosta#author"},"image":{"@type":"ImageObject","url":"https:\/\/www.binauralmedia.org\/news\/wp-content\/uploads\/Mental-Rural-1200x800-red.jpg","@id":"https:\/\/www.binauralmedia.org\/news\/arquivo\/12141\/#mainImage","width":1200,"height":800},"primaryImageOfPage":{"@id":"https:\/\/www.binauralmedia.org\/news\/arquivo\/12141#mainImage"},"datePublished":"2020-06-16T15:42:15+00:00","dateModified":"2021-08-16T15:41:40+00:00"},{"@type":"WebSite","@id":"https:\/\/www.binauralmedia.org\/news\/#website","url":"https:\/\/www.binauralmedia.org\/news\/","name":"binauralmedia.org","description":"Rural Based Sound\/Media Arts & Social Research","inLanguage":"pt-PT","publisher":{"@id":"https:\/\/www.binauralmedia.org\/news\/#organization"}}]},"og:locale":"pt_PT","og:site_name":"binauralmedia.org - Rural Based Sound\/Media Arts &amp; Social Research","og:type":"article","og:title":"Rural Mental: Candidatura aberta para resid\u00eancias art\u00edsticas em 2021 - binauralmedia.org","og:description":"RURAL MENTAL Di\u00e1logos entre o som e a mente num contexto rural 15\u00ba aniversario do programa de resid\u00eancias art\u00edsticas da Binaural Nodar em artes sonoras e media Candidatura aberta entre 20 de junho e 31 de agosto de 2020 para resid\u00eancias art\u00edsticas em 2021 Contaram-nos alguns anci\u00e3os em aldeias de montanha da regi\u00e3o portuguesa de","og:url":"https:\/\/www.binauralmedia.org\/news\/arquivo\/12141","article:published_time":"2020-06-16T15:42:15+00:00","article:modified_time":"2021-08-16T15:41:40+00:00","twitter:card":"summary_large_image","twitter:title":"Rural Mental: Candidatura aberta para resid\u00eancias art\u00edsticas em 2021 - binauralmedia.org","twitter:description":"RURAL MENTAL Di\u00e1logos entre o som e a mente num contexto rural 15\u00ba aniversario do programa de resid\u00eancias art\u00edsticas da Binaural Nodar em artes sonoras e media Candidatura aberta entre 20 de junho e 31 de agosto de 2020 para resid\u00eancias art\u00edsticas em 2021 Contaram-nos alguns anci\u00e3os em aldeias de montanha da regi\u00e3o portuguesa de"},"aioseo_meta_data":{"post_id":"12141","title":null,"description":null,"keywords":null,"keyphrases":null,"primary_term":null,"canonical_url":null,"og_title":null,"og_description":null,"og_object_type":"default","og_image_type":"default","og_image_custom_url":null,"og_image_custom_fields":null,"og_image_url":null,"og_image_width":null,"og_image_height":null,"og_video":null,"og_custom_url":null,"og_article_section":null,"og_article_tags":null,"twitter_use_og":false,"twitter_card":"default","twitter_image_type":"default","twitter_image_custom_url":null,"twitter_image_custom_fields":null,"twitter_image_url":null,"twitter_title":null,"twitter_description":null,"schema_type":"default","schema_type_options":null,"schema":{"blockGraphs":[],"customGraphs":[],"default":{"data":{"Article":[],"Course":[],"Dataset":[],"FAQPage":[],"Movie":[],"Person":[],"Product":[],"ProductReview":[],"Car":[],"Recipe":[],"Service":[],"SoftwareApplication":[],"WebPage":[]},"graphName":"","isEnabled":true},"graphs":[]},"pillar_content":false,"robots_default":true,"robots_noindex":false,"robots_noarchive":false,"robots_nosnippet":false,"robots_nofollow":false,"robots_noimageindex":false,"robots_noodp":false,"robots_notranslate":false,"robots_max_snippet":null,"robots_max_videopreview":null,"robots_max_imagepreview":"large","priority":null,"frequency":null,"local_seo":null,"limit_modified_date":false,"ai":null,"breadcrumb_settings":null,"seo_analyzer_scan_date":null,"created":"2026-08-05 04:20:53","updated":"2026-08-05 04:20:53","focus_keyword":null,"additional_keywords":null,"truseo_locale":null},"aioseo_breadcrumb":"<div class=\"aioseo-breadcrumbs\"><span class=\"aioseo-breadcrumb\">\n\t\t\t<a href=\"https:\/\/www.binauralmedia.org\/news\" title=\"Home\">Home<\/a>\n\t\t<\/span><span class=\"aioseo-breadcrumb-separator\">&raquo;<\/span><span class=\"aioseo-breadcrumb\">\n\t\t\t<a href=\"https:\/\/www.binauralmedia.org\/news\/arquivo\/category\/news\" title=\"Not\u00edcias\">Not\u00edcias<\/a>\n\t\t<\/span><span class=\"aioseo-breadcrumb-separator\">&raquo;<\/span><span class=\"aioseo-breadcrumb\">\n\t\t\tRural Mental: Candidatura aberta para resid\u00eancias art\u00edsticas em 2021\n\t\t<\/span><\/div>","aioseo_breadcrumb_json":[{"label":"Home","link":"https:\/\/www.binauralmedia.org\/news"},{"label":"Not\u00edcias","link":"https:\/\/www.binauralmedia.org\/news\/arquivo\/category\/news"},{"label":"Rural Mental: Candidatura aberta para resid\u00eancias art\u00edsticas em 2021","link":"https:\/\/www.binauralmedia.org\/news\/arquivo\/12141"}],"_links":{"self":[{"href":"https:\/\/www.binauralmedia.org\/news\/wp-json\/wp\/v2\/posts\/12141","targetHints":{"allow":["GET"]}}],"collection":[{"href":"https:\/\/www.binauralmedia.org\/news\/wp-json\/wp\/v2\/posts"}],"about":[{"href":"https:\/\/www.binauralmedia.org\/news\/wp-json\/wp\/v2\/types\/post"}],"author":[{"embeddable":true,"href":"https:\/\/www.binauralmedia.org\/news\/wp-json\/wp\/v2\/users\/2"}],"replies":[{"embeddable":true,"href":"https:\/\/www.binauralmedia.org\/news\/wp-json\/wp\/v2\/comments?post=12141"}],"version-history":[{"count":5,"href":"https:\/\/www.binauralmedia.org\/news\/wp-json\/wp\/v2\/posts\/12141\/revisions"}],"predecessor-version":[{"id":13448,"href":"https:\/\/www.binauralmedia.org\/news\/wp-json\/wp\/v2\/posts\/12141\/revisions\/13448"}],"wp:featuredmedia":[{"embeddable":true,"href":"https:\/\/www.binauralmedia.org\/news\/wp-json\/wp\/v2\/media\/12146"}],"wp:attachment":[{"href":"https:\/\/www.binauralmedia.org\/news\/wp-json\/wp\/v2\/media?parent=12141"}],"wp:term":[{"taxonomy":"category","embeddable":true,"href":"https:\/\/www.binauralmedia.org\/news\/wp-json\/wp\/v2\/categories?post=12141"},{"taxonomy":"post_tag","embeddable":true,"href":"https:\/\/www.binauralmedia.org\/news\/wp-json\/wp\/v2\/tags?post=12141"}],"curies":[{"name":"wp","href":"https:\/\/api.w.org\/{rel}","templated":true}]}}