{"id":12083,"date":"2020-05-07T12:28:25","date_gmt":"2020-05-07T12:28:25","guid":{"rendered":"https:\/\/www.binauralmedia.org\/news\/?p=12083"},"modified":"2021-08-16T15:41:39","modified_gmt":"2021-08-16T15:41:39","slug":"projeto-europeu-liderado-pela-binaural-nodar-obtem-premio-europa-nostra","status":"publish","type":"post","link":"https:\/\/www.binauralmedia.org\/news\/arquivo\/12083","title":{"rendered":"Projeto europeu liderado pela Binaural Nodar obt\u00e9m Pr\u00e9mio Europa Nostra"},"content":{"rendered":"<div class=\"fusion-fullwidth fullwidth-box fusion-builder-row-1 nonhundred-percent-fullwidth non-hundred-percent-height-scrolling\" style=\"--awb-border-radius-top-left:0px;--awb-border-radius-top-right:0px;--awb-border-radius-bottom-right:0px;--awb-border-radius-bottom-left:0px;--awb-flex-wrap:wrap;\" ><div class=\"fusion-builder-row fusion-row\"><div class=\"fusion-layout-column fusion_builder_column fusion-builder-column-0 fusion_builder_column_1_1 1_1 fusion-one-full fusion-column-first fusion-column-last\" style=\"--awb-bg-size:cover;--awb-margin-bottom:0px;\"><div class=\"fusion-column-wrapper fusion-flex-column-wrapper-legacy\"><div class=\"fusion-text fusion-text-1\"><p><iframe src=\"https:\/\/www.youtube.com\/embed\/As6OCz_YJUk\" width=\"800\" height=\"500\" frameborder=\"0\" allowfullscreen=\"allowfullscreen\"><\/iframe><\/p>\n<p>REDE TRAMONTANA III, projeto europeu com coordena\u00e7\u00e3o da Binaural \u2013 Associa\u00e7\u00e3o Cultural de Nodar (Viseu D\u00e3o Laf\u00f5es, Portugal) entre os vencedores dos <a href=\"http:\/\/www.europeanheritageawards.eu\/\">Pr\u00e9mios Europeus do Patrim\u00f3nio Cultural<\/a> \/ Pr\u00e9mios Europa Nostra 2020.<\/p>\n<p>A Comiss\u00e3o Europeia e a Europa Nostra anunciam no dia 7 de maio de 2020 os vencedores da edi\u00e7\u00e3o de 2020 dos Pr\u00e9mios Europeus do Patrim\u00f3nio Cultural \/ Pr\u00e9mios Europa Nostra.<\/p>\n<p>A maior distin\u00e7\u00e3o no dom\u00ednio do patrim\u00f3ni<span class=\"text_exposed_show\">o vai para 21 realiza\u00e7\u00f5es exemplares de 15 pa\u00edses, entre os quais a <a href=\"http:\/\/www.re-tramontana.org\" target=\"_blank\" rel=\"noopener noreferrer\">Rede Tramontana III<\/a>, na categoria Investiga\u00e7\u00e3o.<\/span><\/p>\n<div class=\"text_exposed_show\">\n<p>O projeto Tramontana III, apoiado pelo programa Europa Criativa Cultura em 2017, \u00e9 liderado pela BINAURAL &#8211; Associa\u00e7\u00e3o Cultural de Nodar (Portugal) e envolve os seguintes parceiros: Audiolab (Espanha), Nosauts de Big\u00f2rra, Num\u00e9riculture Gascogne e Eth Ostau Comeng\u00e9s (os tr\u00eas de Fran\u00e7a), Bambun e Associazione LEM-Italia (It\u00e1lia) e Akademia Profil (Pol\u00f3nia).<\/p>\n<p>\u201cEste projeto promove a ideia de identidade europeia e, especificamente, do patrim\u00f3nio imaterial de comunidades rurais e de montanha, que \u00e9 comum a toda a Europa. \u00c9 um excelente exemplo de coopera\u00e7\u00e3o internacional entre investigadores com experi\u00eancia em diversas \u00e1reas de estudo. A metodologia usada no projeto \u00e9 replic\u00e1vel noutros contextos europeus e tem potencial para ser aplicada em todo o continente\u201d, afirmou o j\u00fari.<\/p>\n<p>As a\u00e7\u00f5es da Binaural Nodar no \u00e2mbito deste projeto europeu centraram-se em quatro concelhos da regi\u00e3o de Viseu D\u00e3o Laf\u00f5es: Viseu, Vouzela, Castro Daire e S\u00e3o Pedro do Sul, nos quais foram desenvolvidas largas dezenas de iniciativas.<\/p>\n<p>Agradecemos nesta oportunidade aos tr\u00eas munic\u00edpios que mais apoiaram as atividades associadas a este pr\u00e9mio: O munic\u00edpio de Vouzela, onde a Binaural Nodar tem as suas instala\u00e7\u00f5es do Laf\u00f5es Cult Lab, o munic\u00edpio de Viseu com o qual a Binaural Nodar colabora com projetos etnogr\u00e1ficos e multim\u00e9dia no arco rural do concelho e Castro Daire, com o qual em 2018 se estabeleceu uma parceria para um projeto de etnografia itinerante usando o bibliom\u00f3vel da Biblioteca Municipal como est\u00fadio de recolhas audiovisuais, projeto Mem\u00f3ria sobre Rodas que ganhou no ano passado o segundo pr\u00e9mio de Boas Pr\u00e1ticas em Bibliotecas P\u00fablicas atribu\u00eddo pela Dire\u00e7\u00e3o Geral do Livro, Arquivos e Bibliotecas (DGLAB).<\/p>\n<\/div>\n<\/div><div class=\"fusion-clearfix\"><\/div><\/div><\/div><\/div><\/div>\n","protected":false},"excerpt":{"rendered":"","protected":false},"author":2,"featured_media":12084,"comment_status":"closed","ping_status":"closed","sticky":false,"template":"","format":"standard","meta":{"_acf_changed":false,"_bbp_topic_count":0,"_bbp_reply_count":0,"_bbp_total_topic_count":0,"_bbp_total_reply_count":0,"_bbp_voice_count":0,"_bbp_anonymous_reply_count":0,"_bbp_topic_count_hidden":0,"_bbp_reply_count_hidden":0,"_bbp_forum_subforum_count":0,"footnotes":""},"categories":[1158,1],"tags":[],"class_list":["post-12083","post","type-post","status-publish","format-standard","has-post-thumbnail","hentry","category-visual-sound-ethnograhpy","category-news"],"acf":[],"aioseo_notices":[],"aioseo_head":"\n\t\t<!-- All in One SEO 5.0.1.1 - aioseo.com -->\n\t<meta name=\"description\" content=\"REDE TRAMONTANA III, projeto europeu com coordena\u00e7\u00e3o da Binaural \u2013 Associa\u00e7\u00e3o Cultural de Nodar (Viseu D\u00e3o Laf\u00f5es, Portugal) entre os vencedores dos Pr\u00e9mios Europeus do Patrim\u00f3nio Cultural \/ Pr\u00e9mios Europa Nostra 2020. A Comiss\u00e3o Europeia e a Europa Nostra anunciam no dia 7 de maio de 2020 os vencedores da edi\u00e7\u00e3o de 2020 dos Pr\u00e9mios\" \/>\n\t<meta name=\"robots\" content=\"max-image-preview:large\" \/>\n\t<meta name=\"author\" content=\"luiscosta\"\/>\n\t<link rel=\"canonical\" href=\"https:\/\/www.binauralmedia.org\/news\/arquivo\/12083\" \/>\n\t<meta name=\"generator\" content=\"All in One SEO (AIOSEO) 5.0.1.1\" \/>\n\t\t<meta property=\"og:locale\" content=\"pt_PT\" \/>\n\t\t<meta property=\"og:site_name\" content=\"binauralmedia.org - Rural Based Sound\/Media Arts &amp; Social Research\" \/>\n\t\t<meta property=\"og:type\" content=\"article\" \/>\n\t\t<meta property=\"og:title\" content=\"Projeto europeu liderado pela Binaural Nodar obt\u00e9m Pr\u00e9mio Europa Nostra - binauralmedia.org\" \/>\n\t\t<meta property=\"og:description\" content=\"REDE TRAMONTANA III, projeto europeu com coordena\u00e7\u00e3o da Binaural \u2013 Associa\u00e7\u00e3o Cultural de Nodar (Viseu D\u00e3o Laf\u00f5es, Portugal) entre os vencedores dos Pr\u00e9mios Europeus do Patrim\u00f3nio Cultural \/ Pr\u00e9mios Europa Nostra 2020. A Comiss\u00e3o Europeia e a Europa Nostra anunciam no dia 7 de maio de 2020 os vencedores da edi\u00e7\u00e3o de 2020 dos Pr\u00e9mios\" \/>\n\t\t<meta property=\"og:url\" content=\"https:\/\/www.binauralmedia.org\/news\/arquivo\/12083\" \/>\n\t\t<meta property=\"article:published_time\" content=\"2020-05-07T12:28:25+00:00\" \/>\n\t\t<meta property=\"article:modified_time\" content=\"2021-08-16T15:41:39+00:00\" \/>\n\t\t<meta name=\"twitter:card\" content=\"summary_large_image\" \/>\n\t\t<meta name=\"twitter:title\" content=\"Projeto europeu liderado pela Binaural Nodar obt\u00e9m Pr\u00e9mio Europa Nostra - binauralmedia.org\" \/>\n\t\t<meta name=\"twitter:description\" content=\"REDE TRAMONTANA III, projeto europeu com coordena\u00e7\u00e3o da Binaural \u2013 Associa\u00e7\u00e3o Cultural de Nodar (Viseu D\u00e3o Laf\u00f5es, Portugal) entre os vencedores dos Pr\u00e9mios Europeus do Patrim\u00f3nio Cultural \/ Pr\u00e9mios Europa Nostra 2020. A Comiss\u00e3o Europeia e a Europa Nostra anunciam no dia 7 de maio de 2020 os vencedores da edi\u00e7\u00e3o de 2020 dos Pr\u00e9mios\" \/>\n\t\t<script type=\"application\/ld+json\" class=\"aioseo-schema\">\n\t\t\t{\"@context\":\"https:\\\/\\\/schema.org\",\"@graph\":[{\"@type\":\"BlogPosting\",\"@id\":\"https:\\\/\\\/www.binauralmedia.org\\\/news\\\/arquivo\\\/12083#blogposting\",\"name\":\"Projeto europeu liderado pela Binaural Nodar obt\\u00e9m Pr\\u00e9mio Europa Nostra - binauralmedia.org\",\"headline\":\"Projeto europeu liderado pela Binaural Nodar obt\\u00e9m Pr\\u00e9mio Europa Nostra\",\"author\":{\"@id\":\"https:\\\/\\\/www.binauralmedia.org\\\/news\\\/arquivo\\\/author\\\/luiscosta#author\"},\"publisher\":{\"@id\":\"https:\\\/\\\/www.binauralmedia.org\\\/news\\\/#organization\"},\"image\":{\"@type\":\"ImageObject\",\"url\":\"https:\\\/\\\/www.binauralmedia.org\\\/news\\\/wp-content\\\/uploads\\\/Europa-Nostra-Prize-2020-website.jpg\",\"width\":1200,\"height\":800},\"datePublished\":\"2020-05-07T12:28:25+00:00\",\"dateModified\":\"2021-08-16T15:41:39+00:00\",\"inLanguage\":\"pt-PT\",\"mainEntityOfPage\":{\"@id\":\"https:\\\/\\\/www.binauralmedia.org\\\/news\\\/arquivo\\\/12083#webpage\"},\"isPartOf\":{\"@id\":\"https:\\\/\\\/www.binauralmedia.org\\\/news\\\/arquivo\\\/12083#webpage\"},\"articleSection\":\"Etnografia Sonora e Visual, Not\\u00edcias\"},{\"@type\":\"BreadcrumbList\",\"@id\":\"https:\\\/\\\/www.binauralmedia.org\\\/news\\\/arquivo\\\/12083#breadcrumblist\",\"itemListElement\":[{\"@type\":\"ListItem\",\"@id\":\"https:\\\/\\\/www.binauralmedia.org\\\/news#listItem\",\"position\":1,\"name\":\"Home\",\"item\":\"https:\\\/\\\/www.binauralmedia.org\\\/news\",\"nextItem\":{\"@type\":\"ListItem\",\"@id\":\"https:\\\/\\\/www.binauralmedia.org\\\/news\\\/arquivo\\\/category\\\/news#listItem\",\"name\":\"Not\\u00edcias\"}},{\"@type\":\"ListItem\",\"@id\":\"https:\\\/\\\/www.binauralmedia.org\\\/news\\\/arquivo\\\/category\\\/news#listItem\",\"position\":2,\"name\":\"Not\\u00edcias\",\"item\":\"https:\\\/\\\/www.binauralmedia.org\\\/news\\\/arquivo\\\/category\\\/news\",\"nextItem\":{\"@type\":\"ListItem\",\"@id\":\"https:\\\/\\\/www.binauralmedia.org\\\/news\\\/arquivo\\\/12083#listItem\",\"name\":\"Projeto europeu liderado pela Binaural Nodar obt\\u00e9m Pr\\u00e9mio Europa Nostra\"},\"previousItem\":{\"@type\":\"ListItem\",\"@id\":\"https:\\\/\\\/www.binauralmedia.org\\\/news#listItem\",\"name\":\"Home\"}},{\"@type\":\"ListItem\",\"@id\":\"https:\\\/\\\/www.binauralmedia.org\\\/news\\\/arquivo\\\/12083#listItem\",\"position\":3,\"name\":\"Projeto europeu liderado pela Binaural Nodar obt\\u00e9m Pr\\u00e9mio Europa Nostra\",\"previousItem\":{\"@type\":\"ListItem\",\"@id\":\"https:\\\/\\\/www.binauralmedia.org\\\/news\\\/arquivo\\\/category\\\/news#listItem\",\"name\":\"Not\\u00edcias\"}}]},{\"@type\":\"Organization\",\"@id\":\"https:\\\/\\\/www.binauralmedia.org\\\/news\\\/#organization\",\"name\":\"binauralmedia.org\",\"description\":\"Rural Based Sound\\\/Media Arts & Social Research\",\"url\":\"https:\\\/\\\/www.binauralmedia.org\\\/news\\\/\"},{\"@type\":\"Person\",\"@id\":\"https:\\\/\\\/www.binauralmedia.org\\\/news\\\/arquivo\\\/author\\\/luiscosta#author\",\"url\":\"https:\\\/\\\/www.binauralmedia.org\\\/news\\\/arquivo\\\/author\\\/luiscosta\",\"name\":\"luiscosta\"},{\"@type\":\"WebPage\",\"@id\":\"https:\\\/\\\/www.binauralmedia.org\\\/news\\\/arquivo\\\/12083#webpage\",\"url\":\"https:\\\/\\\/www.binauralmedia.org\\\/news\\\/arquivo\\\/12083\",\"name\":\"Projeto europeu liderado pela Binaural Nodar obt\\u00e9m Pr\\u00e9mio Europa Nostra - binauralmedia.org\",\"description\":\"REDE TRAMONTANA III, projeto europeu com coordena\\u00e7\\u00e3o da Binaural \\u2013 Associa\\u00e7\\u00e3o Cultural de Nodar (Viseu D\\u00e3o Laf\\u00f5es, Portugal) entre os vencedores dos Pr\\u00e9mios Europeus do Patrim\\u00f3nio Cultural \\\/ Pr\\u00e9mios Europa Nostra 2020. A Comiss\\u00e3o Europeia e a Europa Nostra anunciam no dia 7 de maio de 2020 os vencedores da edi\\u00e7\\u00e3o de 2020 dos Pr\\u00e9mios\",\"inLanguage\":\"pt-PT\",\"isPartOf\":{\"@id\":\"https:\\\/\\\/www.binauralmedia.org\\\/news\\\/#website\"},\"breadcrumb\":{\"@id\":\"https:\\\/\\\/www.binauralmedia.org\\\/news\\\/arquivo\\\/12083#breadcrumblist\"},\"author\":{\"@id\":\"https:\\\/\\\/www.binauralmedia.org\\\/news\\\/arquivo\\\/author\\\/luiscosta#author\"},\"creator\":{\"@id\":\"https:\\\/\\\/www.binauralmedia.org\\\/news\\\/arquivo\\\/author\\\/luiscosta#author\"},\"image\":{\"@type\":\"ImageObject\",\"url\":\"https:\\\/\\\/www.binauralmedia.org\\\/news\\\/wp-content\\\/uploads\\\/Europa-Nostra-Prize-2020-website.jpg\",\"@id\":\"https:\\\/\\\/www.binauralmedia.org\\\/news\\\/arquivo\\\/12083\\\/#mainImage\",\"width\":1200,\"height\":800},\"primaryImageOfPage\":{\"@id\":\"https:\\\/\\\/www.binauralmedia.org\\\/news\\\/arquivo\\\/12083#mainImage\"},\"datePublished\":\"2020-05-07T12:28:25+00:00\",\"dateModified\":\"2021-08-16T15:41:39+00:00\"},{\"@type\":\"WebSite\",\"@id\":\"https:\\\/\\\/www.binauralmedia.org\\\/news\\\/#website\",\"url\":\"https:\\\/\\\/www.binauralmedia.org\\\/news\\\/\",\"name\":\"binauralmedia.org\",\"description\":\"Rural Based Sound\\\/Media Arts & Social Research\",\"inLanguage\":\"pt-PT\",\"publisher\":{\"@id\":\"https:\\\/\\\/www.binauralmedia.org\\\/news\\\/#organization\"}}]}\n\t\t<\/script>\n\t\t<!-- All in One SEO -->\n\n","aioseo_head_json":{"title":"Projeto europeu liderado pela Binaural Nodar obt\u00e9m Pr\u00e9mio Europa Nostra - binauralmedia.org","description":"REDE TRAMONTANA III, projeto europeu com coordena\u00e7\u00e3o da Binaural \u2013 Associa\u00e7\u00e3o Cultural de Nodar (Viseu D\u00e3o Laf\u00f5es, Portugal) entre os vencedores dos Pr\u00e9mios Europeus do Patrim\u00f3nio Cultural \/ Pr\u00e9mios Europa Nostra 2020. A Comiss\u00e3o Europeia e a Europa Nostra anunciam no dia 7 de maio de 2020 os vencedores da edi\u00e7\u00e3o de 2020 dos Pr\u00e9mios","canonical_url":"https:\/\/www.binauralmedia.org\/news\/arquivo\/12083","robots":"max-image-preview:large","keywords":"","webmasterTools":{"miscellaneous":""},"schema":{"@context":"https:\/\/schema.org","@graph":[{"@type":"BlogPosting","@id":"https:\/\/www.binauralmedia.org\/news\/arquivo\/12083#blogposting","name":"Projeto europeu liderado pela Binaural Nodar obt\u00e9m Pr\u00e9mio Europa Nostra - binauralmedia.org","headline":"Projeto europeu liderado pela Binaural Nodar obt\u00e9m Pr\u00e9mio Europa Nostra","author":{"@id":"https:\/\/www.binauralmedia.org\/news\/arquivo\/author\/luiscosta#author"},"publisher":{"@id":"https:\/\/www.binauralmedia.org\/news\/#organization"},"image":{"@type":"ImageObject","url":"https:\/\/www.binauralmedia.org\/news\/wp-content\/uploads\/Europa-Nostra-Prize-2020-website.jpg","width":1200,"height":800},"datePublished":"2020-05-07T12:28:25+00:00","dateModified":"2021-08-16T15:41:39+00:00","inLanguage":"pt-PT","mainEntityOfPage":{"@id":"https:\/\/www.binauralmedia.org\/news\/arquivo\/12083#webpage"},"isPartOf":{"@id":"https:\/\/www.binauralmedia.org\/news\/arquivo\/12083#webpage"},"articleSection":"Etnografia Sonora e Visual, Not\u00edcias"},{"@type":"BreadcrumbList","@id":"https:\/\/www.binauralmedia.org\/news\/arquivo\/12083#breadcrumblist","itemListElement":[{"@type":"ListItem","@id":"https:\/\/www.binauralmedia.org\/news#listItem","position":1,"name":"Home","item":"https:\/\/www.binauralmedia.org\/news","nextItem":{"@type":"ListItem","@id":"https:\/\/www.binauralmedia.org\/news\/arquivo\/category\/news#listItem","name":"Not\u00edcias"}},{"@type":"ListItem","@id":"https:\/\/www.binauralmedia.org\/news\/arquivo\/category\/news#listItem","position":2,"name":"Not\u00edcias","item":"https:\/\/www.binauralmedia.org\/news\/arquivo\/category\/news","nextItem":{"@type":"ListItem","@id":"https:\/\/www.binauralmedia.org\/news\/arquivo\/12083#listItem","name":"Projeto europeu liderado pela Binaural Nodar obt\u00e9m Pr\u00e9mio Europa Nostra"},"previousItem":{"@type":"ListItem","@id":"https:\/\/www.binauralmedia.org\/news#listItem","name":"Home"}},{"@type":"ListItem","@id":"https:\/\/www.binauralmedia.org\/news\/arquivo\/12083#listItem","position":3,"name":"Projeto europeu liderado pela Binaural Nodar obt\u00e9m Pr\u00e9mio Europa Nostra","previousItem":{"@type":"ListItem","@id":"https:\/\/www.binauralmedia.org\/news\/arquivo\/category\/news#listItem","name":"Not\u00edcias"}}]},{"@type":"Organization","@id":"https:\/\/www.binauralmedia.org\/news\/#organization","name":"binauralmedia.org","description":"Rural Based Sound\/Media Arts & Social Research","url":"https:\/\/www.binauralmedia.org\/news\/"},{"@type":"Person","@id":"https:\/\/www.binauralmedia.org\/news\/arquivo\/author\/luiscosta#author","url":"https:\/\/www.binauralmedia.org\/news\/arquivo\/author\/luiscosta","name":"luiscosta"},{"@type":"WebPage","@id":"https:\/\/www.binauralmedia.org\/news\/arquivo\/12083#webpage","url":"https:\/\/www.binauralmedia.org\/news\/arquivo\/12083","name":"Projeto europeu liderado pela Binaural Nodar obt\u00e9m Pr\u00e9mio Europa Nostra - binauralmedia.org","description":"REDE TRAMONTANA III, projeto europeu com coordena\u00e7\u00e3o da Binaural \u2013 Associa\u00e7\u00e3o Cultural de Nodar (Viseu D\u00e3o Laf\u00f5es, Portugal) entre os vencedores dos Pr\u00e9mios Europeus do Patrim\u00f3nio Cultural \/ Pr\u00e9mios Europa Nostra 2020. A Comiss\u00e3o Europeia e a Europa Nostra anunciam no dia 7 de maio de 2020 os vencedores da edi\u00e7\u00e3o de 2020 dos Pr\u00e9mios","inLanguage":"pt-PT","isPartOf":{"@id":"https:\/\/www.binauralmedia.org\/news\/#website"},"breadcrumb":{"@id":"https:\/\/www.binauralmedia.org\/news\/arquivo\/12083#breadcrumblist"},"author":{"@id":"https:\/\/www.binauralmedia.org\/news\/arquivo\/author\/luiscosta#author"},"creator":{"@id":"https:\/\/www.binauralmedia.org\/news\/arquivo\/author\/luiscosta#author"},"image":{"@type":"ImageObject","url":"https:\/\/www.binauralmedia.org\/news\/wp-content\/uploads\/Europa-Nostra-Prize-2020-website.jpg","@id":"https:\/\/www.binauralmedia.org\/news\/arquivo\/12083\/#mainImage","width":1200,"height":800},"primaryImageOfPage":{"@id":"https:\/\/www.binauralmedia.org\/news\/arquivo\/12083#mainImage"},"datePublished":"2020-05-07T12:28:25+00:00","dateModified":"2021-08-16T15:41:39+00:00"},{"@type":"WebSite","@id":"https:\/\/www.binauralmedia.org\/news\/#website","url":"https:\/\/www.binauralmedia.org\/news\/","name":"binauralmedia.org","description":"Rural Based Sound\/Media Arts & Social Research","inLanguage":"pt-PT","publisher":{"@id":"https:\/\/www.binauralmedia.org\/news\/#organization"}}]},"og:locale":"pt_PT","og:site_name":"binauralmedia.org - Rural Based Sound\/Media Arts &amp; Social Research","og:type":"article","og:title":"Projeto europeu liderado pela Binaural Nodar obt\u00e9m Pr\u00e9mio Europa Nostra - binauralmedia.org","og:description":"REDE TRAMONTANA III, projeto europeu com coordena\u00e7\u00e3o da Binaural \u2013 Associa\u00e7\u00e3o Cultural de Nodar (Viseu D\u00e3o Laf\u00f5es, Portugal) entre os vencedores dos Pr\u00e9mios Europeus do Patrim\u00f3nio Cultural \/ Pr\u00e9mios Europa Nostra 2020. A Comiss\u00e3o Europeia e a Europa Nostra anunciam no dia 7 de maio de 2020 os vencedores da edi\u00e7\u00e3o de 2020 dos Pr\u00e9mios","og:url":"https:\/\/www.binauralmedia.org\/news\/arquivo\/12083","article:published_time":"2020-05-07T12:28:25+00:00","article:modified_time":"2021-08-16T15:41:39+00:00","twitter:card":"summary_large_image","twitter:title":"Projeto europeu liderado pela Binaural Nodar obt\u00e9m Pr\u00e9mio Europa Nostra - binauralmedia.org","twitter:description":"REDE TRAMONTANA III, projeto europeu com coordena\u00e7\u00e3o da Binaural \u2013 Associa\u00e7\u00e3o Cultural de Nodar (Viseu D\u00e3o Laf\u00f5es, Portugal) entre os vencedores dos Pr\u00e9mios Europeus do Patrim\u00f3nio Cultural \/ Pr\u00e9mios Europa Nostra 2020. A Comiss\u00e3o Europeia e a Europa Nostra anunciam no dia 7 de maio de 2020 os vencedores da edi\u00e7\u00e3o de 2020 dos Pr\u00e9mios"},"aioseo_meta_data":{"post_id":"12083","title":null,"description":null,"keywords":null,"keyphrases":null,"primary_term":null,"canonical_url":null,"og_title":null,"og_description":null,"og_object_type":"default","og_image_type":"default","og_image_custom_url":null,"og_image_custom_fields":null,"og_image_url":null,"og_image_width":null,"og_image_height":null,"og_video":null,"og_custom_url":null,"og_article_section":null,"og_article_tags":null,"twitter_use_og":false,"twitter_card":"default","twitter_image_type":"default","twitter_image_custom_url":null,"twitter_image_custom_fields":null,"twitter_image_url":null,"twitter_title":null,"twitter_description":null,"schema_type":"default","schema_type_options":null,"schema":{"blockGraphs":[],"customGraphs":[],"default":{"data":{"Article":[],"Course":[],"Dataset":[],"FAQPage":[],"Movie":[],"Person":[],"Product":[],"ProductReview":[],"Car":[],"Recipe":[],"Service":[],"SoftwareApplication":[],"WebPage":[]},"graphName":"","isEnabled":true},"graphs":[]},"pillar_content":false,"robots_default":true,"robots_noindex":false,"robots_noarchive":false,"robots_nosnippet":false,"robots_nofollow":false,"robots_noimageindex":false,"robots_noodp":false,"robots_notranslate":false,"robots_max_snippet":null,"robots_max_videopreview":null,"robots_max_imagepreview":"large","priority":null,"frequency":null,"local_seo":null,"limit_modified_date":false,"ai":null,"breadcrumb_settings":null,"seo_analyzer_scan_date":null,"created":"2026-08-05 04:20:52","updated":"2026-08-05 04:20:52","focus_keyword":null,"additional_keywords":null,"truseo_locale":null},"aioseo_breadcrumb":"<div class=\"aioseo-breadcrumbs\"><span class=\"aioseo-breadcrumb\">\n\t\t\t<a href=\"https:\/\/www.binauralmedia.org\/news\" title=\"Home\">Home<\/a>\n\t\t<\/span><span class=\"aioseo-breadcrumb-separator\">&raquo;<\/span><span class=\"aioseo-breadcrumb\">\n\t\t\t<a href=\"https:\/\/www.binauralmedia.org\/news\/arquivo\/category\/news\" title=\"Not\u00edcias\">Not\u00edcias<\/a>\n\t\t<\/span><span class=\"aioseo-breadcrumb-separator\">&raquo;<\/span><span class=\"aioseo-breadcrumb\">\n\t\t\tProjeto europeu liderado pela Binaural Nodar obt\u00e9m Pr\u00e9mio Europa Nostra\n\t\t<\/span><\/div>","aioseo_breadcrumb_json":[{"label":"Home","link":"https:\/\/www.binauralmedia.org\/news"},{"label":"Not\u00edcias","link":"https:\/\/www.binauralmedia.org\/news\/arquivo\/category\/news"},{"label":"Projeto europeu liderado pela Binaural Nodar obt\u00e9m Pr\u00e9mio Europa Nostra","link":"https:\/\/www.binauralmedia.org\/news\/arquivo\/12083"}],"_links":{"self":[{"href":"https:\/\/www.binauralmedia.org\/news\/wp-json\/wp\/v2\/posts\/12083","targetHints":{"allow":["GET"]}}],"collection":[{"href":"https:\/\/www.binauralmedia.org\/news\/wp-json\/wp\/v2\/posts"}],"about":[{"href":"https:\/\/www.binauralmedia.org\/news\/wp-json\/wp\/v2\/types\/post"}],"author":[{"embeddable":true,"href":"https:\/\/www.binauralmedia.org\/news\/wp-json\/wp\/v2\/users\/2"}],"replies":[{"embeddable":true,"href":"https:\/\/www.binauralmedia.org\/news\/wp-json\/wp\/v2\/comments?post=12083"}],"version-history":[{"count":5,"href":"https:\/\/www.binauralmedia.org\/news\/wp-json\/wp\/v2\/posts\/12083\/revisions"}],"predecessor-version":[{"id":13444,"href":"https:\/\/www.binauralmedia.org\/news\/wp-json\/wp\/v2\/posts\/12083\/revisions\/13444"}],"wp:featuredmedia":[{"embeddable":true,"href":"https:\/\/www.binauralmedia.org\/news\/wp-json\/wp\/v2\/media\/12084"}],"wp:attachment":[{"href":"https:\/\/www.binauralmedia.org\/news\/wp-json\/wp\/v2\/media?parent=12083"}],"wp:term":[{"taxonomy":"category","embeddable":true,"href":"https:\/\/www.binauralmedia.org\/news\/wp-json\/wp\/v2\/categories?post=12083"},{"taxonomy":"post_tag","embeddable":true,"href":"https:\/\/www.binauralmedia.org\/news\/wp-json\/wp\/v2\/tags?post=12083"}],"curies":[{"name":"wp","href":"https:\/\/api.w.org\/{rel}","templated":true}]}}