{"id":12048,"date":"2020-04-29T11:50:46","date_gmt":"2020-04-29T11:50:46","guid":{"rendered":"https:\/\/www.binauralmedia.org\/news\/?p=12048"},"modified":"2021-08-16T15:41:39","modified_gmt":"2021-08-16T15:41:39","slug":"exposicao-virtual-trinta-e-seis-variacoes-com-tres-materias-rurais-inaugura-no-dia-30-abril","status":"publish","type":"post","link":"https:\/\/www.binauralmedia.org\/news\/arquivo\/12048","title":{"rendered":"Exposi\u00e7\u00e3o virtual &#8220;Trinta e seis varia\u00e7\u00f5es com tr\u00eas mat\u00e9rias rurais&#8221; inaugura no dia 30 abril"},"content":{"rendered":"<div class=\"fusion-fullwidth fullwidth-box fusion-builder-row-1 nonhundred-percent-fullwidth non-hundred-percent-height-scrolling\" style=\"--awb-border-radius-top-left:0px;--awb-border-radius-top-right:0px;--awb-border-radius-bottom-right:0px;--awb-border-radius-bottom-left:0px;--awb-flex-wrap:wrap;\" ><div class=\"fusion-builder-row fusion-row\"><div class=\"fusion-layout-column fusion_builder_column fusion-builder-column-0 fusion_builder_column_1_1 1_1 fusion-one-full fusion-column-first fusion-column-last\" style=\"--awb-bg-size:cover;--awb-margin-bottom:0px;\"><div class=\"fusion-column-wrapper fusion-flex-column-wrapper-legacy\"><div class=\"fusion-text fusion-text-1\"><p><strong>Trinta e seis varia\u00e7\u00f5es com tr\u00eas mat\u00e9rias rurais<\/strong><br \/>\nUma exposi\u00e7\u00e3o virtual da Binaural Nodar<br \/>\ncom a comunidade educativa de Castro Daire<\/p>\n<p>Inaugura\u00e7\u00e3o: 30 de abril \u00e0s 15h00 nesta <a href=\"https:\/\/www.binauralmedia.org\/news\/pt\/arquivo\/portfolio-items\/trinta-e-seis-variacoes\" target=\"_blank\" rel=\"noopener noreferrer\">sala virtual<\/a>.<\/p>\n<p>A Binaural Nodar anuncia a inaugura\u00e7\u00e3o da exposi\u00e7\u00e3o virtual \u201cTrinta e seis varia\u00e7\u00f5es com tr\u00eas mat\u00e9rias rurais\u201d no pr\u00f3ximo dia 30 de abril pelas 15h00. Esta exposi\u00e7\u00e3o \u00e9 composta por uma s\u00e9rie de trinta e seis composi\u00e7\u00f5es fotogr\u00e1ficas e outras tantas pe\u00e7as sonoras e estar\u00e1 dispon\u00edvel no site da associa\u00e7\u00e3o, resultando diretamente de um conjunto de ateli\u00eas realizados no passado m\u00eas de mar\u00e7o com a comunidade educativa do munic\u00edpio de Castro Daire, no \u00e2mbito do Projeto Cultural de Escola do Agrupamento de Escolas de Castro Daire e do Plano Nacional da Artes, uma iniciativa do Governo de Portugal de promo\u00e7\u00e3o da cria\u00e7\u00e3o art\u00edstica junto das escolas portuguesas, atrav\u00e9s de parcerias com artistas, associa\u00e7\u00f5es, munic\u00edpios e outras entidades do territ\u00f3rio.<\/p>\n<p>Os ateli\u00eas desenvolvidos em mar\u00e7o passado tiveram a presen\u00e7a de mais de meio milhar de alunos do concelho de Castro Daire e neles foram trabalhadas, em termos visuais e sonoros, tr\u00eas mat\u00e9rias rurais e correspondentes formas de artesanato intimamente ligadas ao patrim\u00f3nio local: \u00e1rvores e arbustos\/cestaria, argila\/barro preto e l\u00e3\/burel, sendo a exposi\u00e7\u00e3o um reflexo contempor\u00e2neo dos resultados desses ateli\u00eas, podendo a mesma ser desfrutada na forma percurso virtual e interativo que incluir\u00e1:<\/p>\n<p>a) trinta e seis composi\u00e7\u00f5es fotogr\u00e1ficas em fundo negro, correspondentes a outras tantas varia\u00e7\u00f5es em termos de disposi\u00e7\u00e3o espacial das v\u00e1rias mat\u00e9rias rurais, todas propostas pelos alunos e alunas participantes.<\/p>\n<p>b) trinta e seis pe\u00e7as sonoras que estar\u00e3o associadas a cada imagem e que incluem vozes e sons captados pelos alunos e alunas durante os ateli\u00eas, relativos \u00e0 forma como os jovens interpretaram a transforma\u00e7\u00e3o das mat\u00e9rias da paisagem local em pe\u00e7as de artesanato com utilidade pr\u00e1tica e valor est\u00e9tico.<\/p>\n<p>Cabe um agradecimento sincero \u00e0 equipa do Plano Nacional das Artes, ao Munic\u00edpio de Castro Daire e \u00e0 Dire\u00e7\u00e3o do Agrupamento de Escolas de Castro Daire e sua comunidade educativa, cujos professores e alunos contribu\u00edram decisivamente para o resultado final do projeto agora apresentado.<\/p>\n<p>Ficha t\u00e9cnica:<\/p>\n<p>Conceito: Lu\u00eds Costa<br \/>\nCoordena\u00e7\u00e3o dos ateli\u00eas: Lu\u00eds Costa e Liliana Silva<br \/>\nGrava\u00e7\u00f5es sonoras e fotografias: alunos e alunas do Agrupamento de Escolas de Castro Daire<br \/>\nEdi\u00e7\u00e3o fotogr\u00e1fica: Liliana Silva<br \/>\nEdi\u00e7\u00e3o sonora: Lu\u00eds Costa<br \/>\nMontagem da exposi\u00e7\u00e3o virtual e desenho de cartaz: Liliana Silva<\/p>\n<\/div><div class=\"fusion-clearfix\"><\/div><\/div><\/div><\/div><\/div>\n","protected":false},"excerpt":{"rendered":"","protected":false},"author":2,"featured_media":12049,"comment_status":"closed","ping_status":"closed","sticky":false,"template":"","format":"standard","meta":{"_acf_changed":false,"_bbp_topic_count":0,"_bbp_reply_count":0,"_bbp_total_topic_count":0,"_bbp_total_reply_count":0,"_bbp_voice_count":0,"_bbp_anonymous_reply_count":0,"_bbp_topic_count_hidden":0,"_bbp_reply_count_hidden":0,"_bbp_forum_subforum_count":0,"footnotes":""},"categories":[1158,1,1159],"tags":[],"class_list":["post-12048","post","type-post","status-publish","format-standard","has-post-thumbnail","hentry","category-visual-sound-ethnograhpy","category-news","category-educational-programme"],"acf":[],"aioseo_notices":[],"aioseo_head":"\n\t\t<!-- All in One SEO 5.0.1.1 - aioseo.com -->\n\t<meta name=\"description\" content=\"Trinta e seis varia\u00e7\u00f5es com tr\u00eas mat\u00e9rias rurais Uma exposi\u00e7\u00e3o virtual da Binaural Nodar com a comunidade educativa de Castro Daire Inaugura\u00e7\u00e3o: 30 de abril \u00e0s 15h00 nesta sala virtual. A Binaural Nodar anuncia a inaugura\u00e7\u00e3o da exposi\u00e7\u00e3o virtual \u201cTrinta e seis varia\u00e7\u00f5es com tr\u00eas mat\u00e9rias rurais\u201d no pr\u00f3ximo dia 30 de abril pelas 15h00.\" \/>\n\t<meta name=\"robots\" content=\"max-image-preview:large\" \/>\n\t<meta name=\"author\" content=\"luiscosta\"\/>\n\t<link rel=\"canonical\" href=\"https:\/\/www.binauralmedia.org\/news\/arquivo\/12048\" \/>\n\t<meta name=\"generator\" content=\"All in One SEO (AIOSEO) 5.0.1.1\" \/>\n\t\t<meta property=\"og:locale\" content=\"pt_PT\" \/>\n\t\t<meta property=\"og:site_name\" content=\"binauralmedia.org - Rural Based Sound\/Media Arts &amp; Social Research\" \/>\n\t\t<meta property=\"og:type\" content=\"article\" \/>\n\t\t<meta property=\"og:title\" content=\"Exposi\u00e7\u00e3o virtual \u201cTrinta e seis varia\u00e7\u00f5es com tr\u00eas mat\u00e9rias rurais\u201d inaugura no dia 30 abril - binauralmedia.org\" \/>\n\t\t<meta property=\"og:description\" content=\"Trinta e seis varia\u00e7\u00f5es com tr\u00eas mat\u00e9rias rurais Uma exposi\u00e7\u00e3o virtual da Binaural Nodar com a comunidade educativa de Castro Daire Inaugura\u00e7\u00e3o: 30 de abril \u00e0s 15h00 nesta sala virtual. A Binaural Nodar anuncia a inaugura\u00e7\u00e3o da exposi\u00e7\u00e3o virtual \u201cTrinta e seis varia\u00e7\u00f5es com tr\u00eas mat\u00e9rias rurais\u201d no pr\u00f3ximo dia 30 de abril pelas 15h00.\" \/>\n\t\t<meta property=\"og:url\" content=\"https:\/\/www.binauralmedia.org\/news\/arquivo\/12048\" \/>\n\t\t<meta property=\"article:published_time\" content=\"2020-04-29T11:50:46+00:00\" \/>\n\t\t<meta property=\"article:modified_time\" content=\"2021-08-16T15:41:39+00:00\" \/>\n\t\t<meta name=\"twitter:card\" content=\"summary_large_image\" \/>\n\t\t<meta name=\"twitter:title\" content=\"Exposi\u00e7\u00e3o virtual \u201cTrinta e seis varia\u00e7\u00f5es com tr\u00eas mat\u00e9rias rurais\u201d inaugura no dia 30 abril - binauralmedia.org\" \/>\n\t\t<meta name=\"twitter:description\" content=\"Trinta e seis varia\u00e7\u00f5es com tr\u00eas mat\u00e9rias rurais Uma exposi\u00e7\u00e3o virtual da Binaural Nodar com a comunidade educativa de Castro Daire Inaugura\u00e7\u00e3o: 30 de abril \u00e0s 15h00 nesta sala virtual. A Binaural Nodar anuncia a inaugura\u00e7\u00e3o da exposi\u00e7\u00e3o virtual \u201cTrinta e seis varia\u00e7\u00f5es com tr\u00eas mat\u00e9rias rurais\u201d no pr\u00f3ximo dia 30 de abril pelas 15h00.\" \/>\n\t\t<script type=\"application\/ld+json\" class=\"aioseo-schema\">\n\t\t\t{\"@context\":\"https:\\\/\\\/schema.org\",\"@graph\":[{\"@type\":\"BlogPosting\",\"@id\":\"https:\\\/\\\/www.binauralmedia.org\\\/news\\\/arquivo\\\/12048#blogposting\",\"name\":\"Exposi\\u00e7\\u00e3o virtual \\u201cTrinta e seis varia\\u00e7\\u00f5es com tr\\u00eas mat\\u00e9rias rurais\\u201d inaugura no dia 30 abril - binauralmedia.org\",\"headline\":\"Exposi\\u00e7\\u00e3o virtual &#8220;Trinta e seis varia\\u00e7\\u00f5es com tr\\u00eas mat\\u00e9rias rurais&#8221; inaugura no dia 30 abril\",\"author\":{\"@id\":\"https:\\\/\\\/www.binauralmedia.org\\\/news\\\/arquivo\\\/author\\\/luiscosta#author\"},\"publisher\":{\"@id\":\"https:\\\/\\\/www.binauralmedia.org\\\/news\\\/#organization\"},\"image\":{\"@type\":\"ImageObject\",\"url\":\"https:\\\/\\\/www.binauralmedia.org\\\/news\\\/wp-content\\\/uploads\\\/Trinta-e-seis-variac\\u0327o\\u0303es-com-tre\\u0302s-mate\\u0301rias-rurais-website.jpg\",\"width\":1200,\"height\":800},\"datePublished\":\"2020-04-29T11:50:46+00:00\",\"dateModified\":\"2021-08-16T15:41:39+00:00\",\"inLanguage\":\"pt-PT\",\"mainEntityOfPage\":{\"@id\":\"https:\\\/\\\/www.binauralmedia.org\\\/news\\\/arquivo\\\/12048#webpage\"},\"isPartOf\":{\"@id\":\"https:\\\/\\\/www.binauralmedia.org\\\/news\\\/arquivo\\\/12048#webpage\"},\"articleSection\":\"Etnografia Sonora e Visual, Not\\u00edcias, Programa Educativo\"},{\"@type\":\"BreadcrumbList\",\"@id\":\"https:\\\/\\\/www.binauralmedia.org\\\/news\\\/arquivo\\\/12048#breadcrumblist\",\"itemListElement\":[{\"@type\":\"ListItem\",\"@id\":\"https:\\\/\\\/www.binauralmedia.org\\\/news#listItem\",\"position\":1,\"name\":\"Home\",\"item\":\"https:\\\/\\\/www.binauralmedia.org\\\/news\",\"nextItem\":{\"@type\":\"ListItem\",\"@id\":\"https:\\\/\\\/www.binauralmedia.org\\\/news\\\/arquivo\\\/category\\\/news#listItem\",\"name\":\"Not\\u00edcias\"}},{\"@type\":\"ListItem\",\"@id\":\"https:\\\/\\\/www.binauralmedia.org\\\/news\\\/arquivo\\\/category\\\/news#listItem\",\"position\":2,\"name\":\"Not\\u00edcias\",\"item\":\"https:\\\/\\\/www.binauralmedia.org\\\/news\\\/arquivo\\\/category\\\/news\",\"nextItem\":{\"@type\":\"ListItem\",\"@id\":\"https:\\\/\\\/www.binauralmedia.org\\\/news\\\/arquivo\\\/12048#listItem\",\"name\":\"Exposi\\u00e7\\u00e3o virtual &#8220;Trinta e seis varia\\u00e7\\u00f5es com tr\\u00eas mat\\u00e9rias rurais&#8221; inaugura no dia 30 abril\"},\"previousItem\":{\"@type\":\"ListItem\",\"@id\":\"https:\\\/\\\/www.binauralmedia.org\\\/news#listItem\",\"name\":\"Home\"}},{\"@type\":\"ListItem\",\"@id\":\"https:\\\/\\\/www.binauralmedia.org\\\/news\\\/arquivo\\\/12048#listItem\",\"position\":3,\"name\":\"Exposi\\u00e7\\u00e3o virtual &#8220;Trinta e seis varia\\u00e7\\u00f5es com tr\\u00eas mat\\u00e9rias rurais&#8221; inaugura no dia 30 abril\",\"previousItem\":{\"@type\":\"ListItem\",\"@id\":\"https:\\\/\\\/www.binauralmedia.org\\\/news\\\/arquivo\\\/category\\\/news#listItem\",\"name\":\"Not\\u00edcias\"}}]},{\"@type\":\"Organization\",\"@id\":\"https:\\\/\\\/www.binauralmedia.org\\\/news\\\/#organization\",\"name\":\"binauralmedia.org\",\"description\":\"Rural Based Sound\\\/Media Arts & Social Research\",\"url\":\"https:\\\/\\\/www.binauralmedia.org\\\/news\\\/\"},{\"@type\":\"Person\",\"@id\":\"https:\\\/\\\/www.binauralmedia.org\\\/news\\\/arquivo\\\/author\\\/luiscosta#author\",\"url\":\"https:\\\/\\\/www.binauralmedia.org\\\/news\\\/arquivo\\\/author\\\/luiscosta\",\"name\":\"luiscosta\"},{\"@type\":\"WebPage\",\"@id\":\"https:\\\/\\\/www.binauralmedia.org\\\/news\\\/arquivo\\\/12048#webpage\",\"url\":\"https:\\\/\\\/www.binauralmedia.org\\\/news\\\/arquivo\\\/12048\",\"name\":\"Exposi\\u00e7\\u00e3o virtual \\u201cTrinta e seis varia\\u00e7\\u00f5es com tr\\u00eas mat\\u00e9rias rurais\\u201d inaugura no dia 30 abril - binauralmedia.org\",\"description\":\"Trinta e seis varia\\u00e7\\u00f5es com tr\\u00eas mat\\u00e9rias rurais Uma exposi\\u00e7\\u00e3o virtual da Binaural Nodar com a comunidade educativa de Castro Daire Inaugura\\u00e7\\u00e3o: 30 de abril \\u00e0s 15h00 nesta sala virtual. A Binaural Nodar anuncia a inaugura\\u00e7\\u00e3o da exposi\\u00e7\\u00e3o virtual \\u201cTrinta e seis varia\\u00e7\\u00f5es com tr\\u00eas mat\\u00e9rias rurais\\u201d no pr\\u00f3ximo dia 30 de abril pelas 15h00.\",\"inLanguage\":\"pt-PT\",\"isPartOf\":{\"@id\":\"https:\\\/\\\/www.binauralmedia.org\\\/news\\\/#website\"},\"breadcrumb\":{\"@id\":\"https:\\\/\\\/www.binauralmedia.org\\\/news\\\/arquivo\\\/12048#breadcrumblist\"},\"author\":{\"@id\":\"https:\\\/\\\/www.binauralmedia.org\\\/news\\\/arquivo\\\/author\\\/luiscosta#author\"},\"creator\":{\"@id\":\"https:\\\/\\\/www.binauralmedia.org\\\/news\\\/arquivo\\\/author\\\/luiscosta#author\"},\"image\":{\"@type\":\"ImageObject\",\"url\":\"https:\\\/\\\/www.binauralmedia.org\\\/news\\\/wp-content\\\/uploads\\\/Trinta-e-seis-variac\\u0327o\\u0303es-com-tre\\u0302s-mate\\u0301rias-rurais-website.jpg\",\"@id\":\"https:\\\/\\\/www.binauralmedia.org\\\/news\\\/arquivo\\\/12048\\\/#mainImage\",\"width\":1200,\"height\":800},\"primaryImageOfPage\":{\"@id\":\"https:\\\/\\\/www.binauralmedia.org\\\/news\\\/arquivo\\\/12048#mainImage\"},\"datePublished\":\"2020-04-29T11:50:46+00:00\",\"dateModified\":\"2021-08-16T15:41:39+00:00\"},{\"@type\":\"WebSite\",\"@id\":\"https:\\\/\\\/www.binauralmedia.org\\\/news\\\/#website\",\"url\":\"https:\\\/\\\/www.binauralmedia.org\\\/news\\\/\",\"name\":\"binauralmedia.org\",\"description\":\"Rural Based Sound\\\/Media Arts & Social Research\",\"inLanguage\":\"pt-PT\",\"publisher\":{\"@id\":\"https:\\\/\\\/www.binauralmedia.org\\\/news\\\/#organization\"}}]}\n\t\t<\/script>\n\t\t<!-- All in One SEO -->\n\n","aioseo_head_json":{"title":"Exposi\u00e7\u00e3o virtual \u201cTrinta e seis varia\u00e7\u00f5es com tr\u00eas mat\u00e9rias rurais\u201d inaugura no dia 30 abril - binauralmedia.org","description":"Trinta e seis varia\u00e7\u00f5es com tr\u00eas mat\u00e9rias rurais Uma exposi\u00e7\u00e3o virtual da Binaural Nodar com a comunidade educativa de Castro Daire Inaugura\u00e7\u00e3o: 30 de abril \u00e0s 15h00 nesta sala virtual. A Binaural Nodar anuncia a inaugura\u00e7\u00e3o da exposi\u00e7\u00e3o virtual \u201cTrinta e seis varia\u00e7\u00f5es com tr\u00eas mat\u00e9rias rurais\u201d no pr\u00f3ximo dia 30 de abril pelas 15h00.","canonical_url":"https:\/\/www.binauralmedia.org\/news\/arquivo\/12048","robots":"max-image-preview:large","keywords":"","webmasterTools":{"miscellaneous":""},"schema":{"@context":"https:\/\/schema.org","@graph":[{"@type":"BlogPosting","@id":"https:\/\/www.binauralmedia.org\/news\/arquivo\/12048#blogposting","name":"Exposi\u00e7\u00e3o virtual \u201cTrinta e seis varia\u00e7\u00f5es com tr\u00eas mat\u00e9rias rurais\u201d inaugura no dia 30 abril - binauralmedia.org","headline":"Exposi\u00e7\u00e3o virtual &#8220;Trinta e seis varia\u00e7\u00f5es com tr\u00eas mat\u00e9rias rurais&#8221; inaugura no dia 30 abril","author":{"@id":"https:\/\/www.binauralmedia.org\/news\/arquivo\/author\/luiscosta#author"},"publisher":{"@id":"https:\/\/www.binauralmedia.org\/news\/#organization"},"image":{"@type":"ImageObject","url":"https:\/\/www.binauralmedia.org\/news\/wp-content\/uploads\/Trinta-e-seis-variac\u0327o\u0303es-com-tre\u0302s-mate\u0301rias-rurais-website.jpg","width":1200,"height":800},"datePublished":"2020-04-29T11:50:46+00:00","dateModified":"2021-08-16T15:41:39+00:00","inLanguage":"pt-PT","mainEntityOfPage":{"@id":"https:\/\/www.binauralmedia.org\/news\/arquivo\/12048#webpage"},"isPartOf":{"@id":"https:\/\/www.binauralmedia.org\/news\/arquivo\/12048#webpage"},"articleSection":"Etnografia Sonora e Visual, Not\u00edcias, Programa Educativo"},{"@type":"BreadcrumbList","@id":"https:\/\/www.binauralmedia.org\/news\/arquivo\/12048#breadcrumblist","itemListElement":[{"@type":"ListItem","@id":"https:\/\/www.binauralmedia.org\/news#listItem","position":1,"name":"Home","item":"https:\/\/www.binauralmedia.org\/news","nextItem":{"@type":"ListItem","@id":"https:\/\/www.binauralmedia.org\/news\/arquivo\/category\/news#listItem","name":"Not\u00edcias"}},{"@type":"ListItem","@id":"https:\/\/www.binauralmedia.org\/news\/arquivo\/category\/news#listItem","position":2,"name":"Not\u00edcias","item":"https:\/\/www.binauralmedia.org\/news\/arquivo\/category\/news","nextItem":{"@type":"ListItem","@id":"https:\/\/www.binauralmedia.org\/news\/arquivo\/12048#listItem","name":"Exposi\u00e7\u00e3o virtual &#8220;Trinta e seis varia\u00e7\u00f5es com tr\u00eas mat\u00e9rias rurais&#8221; inaugura no dia 30 abril"},"previousItem":{"@type":"ListItem","@id":"https:\/\/www.binauralmedia.org\/news#listItem","name":"Home"}},{"@type":"ListItem","@id":"https:\/\/www.binauralmedia.org\/news\/arquivo\/12048#listItem","position":3,"name":"Exposi\u00e7\u00e3o virtual &#8220;Trinta e seis varia\u00e7\u00f5es com tr\u00eas mat\u00e9rias rurais&#8221; inaugura no dia 30 abril","previousItem":{"@type":"ListItem","@id":"https:\/\/www.binauralmedia.org\/news\/arquivo\/category\/news#listItem","name":"Not\u00edcias"}}]},{"@type":"Organization","@id":"https:\/\/www.binauralmedia.org\/news\/#organization","name":"binauralmedia.org","description":"Rural Based Sound\/Media Arts & Social Research","url":"https:\/\/www.binauralmedia.org\/news\/"},{"@type":"Person","@id":"https:\/\/www.binauralmedia.org\/news\/arquivo\/author\/luiscosta#author","url":"https:\/\/www.binauralmedia.org\/news\/arquivo\/author\/luiscosta","name":"luiscosta"},{"@type":"WebPage","@id":"https:\/\/www.binauralmedia.org\/news\/arquivo\/12048#webpage","url":"https:\/\/www.binauralmedia.org\/news\/arquivo\/12048","name":"Exposi\u00e7\u00e3o virtual \u201cTrinta e seis varia\u00e7\u00f5es com tr\u00eas mat\u00e9rias rurais\u201d inaugura no dia 30 abril - binauralmedia.org","description":"Trinta e seis varia\u00e7\u00f5es com tr\u00eas mat\u00e9rias rurais Uma exposi\u00e7\u00e3o virtual da Binaural Nodar com a comunidade educativa de Castro Daire Inaugura\u00e7\u00e3o: 30 de abril \u00e0s 15h00 nesta sala virtual. A Binaural Nodar anuncia a inaugura\u00e7\u00e3o da exposi\u00e7\u00e3o virtual \u201cTrinta e seis varia\u00e7\u00f5es com tr\u00eas mat\u00e9rias rurais\u201d no pr\u00f3ximo dia 30 de abril pelas 15h00.","inLanguage":"pt-PT","isPartOf":{"@id":"https:\/\/www.binauralmedia.org\/news\/#website"},"breadcrumb":{"@id":"https:\/\/www.binauralmedia.org\/news\/arquivo\/12048#breadcrumblist"},"author":{"@id":"https:\/\/www.binauralmedia.org\/news\/arquivo\/author\/luiscosta#author"},"creator":{"@id":"https:\/\/www.binauralmedia.org\/news\/arquivo\/author\/luiscosta#author"},"image":{"@type":"ImageObject","url":"https:\/\/www.binauralmedia.org\/news\/wp-content\/uploads\/Trinta-e-seis-variac\u0327o\u0303es-com-tre\u0302s-mate\u0301rias-rurais-website.jpg","@id":"https:\/\/www.binauralmedia.org\/news\/arquivo\/12048\/#mainImage","width":1200,"height":800},"primaryImageOfPage":{"@id":"https:\/\/www.binauralmedia.org\/news\/arquivo\/12048#mainImage"},"datePublished":"2020-04-29T11:50:46+00:00","dateModified":"2021-08-16T15:41:39+00:00"},{"@type":"WebSite","@id":"https:\/\/www.binauralmedia.org\/news\/#website","url":"https:\/\/www.binauralmedia.org\/news\/","name":"binauralmedia.org","description":"Rural Based Sound\/Media Arts & Social Research","inLanguage":"pt-PT","publisher":{"@id":"https:\/\/www.binauralmedia.org\/news\/#organization"}}]},"og:locale":"pt_PT","og:site_name":"binauralmedia.org - Rural Based Sound\/Media Arts &amp; Social Research","og:type":"article","og:title":"Exposi\u00e7\u00e3o virtual \u201cTrinta e seis varia\u00e7\u00f5es com tr\u00eas mat\u00e9rias rurais\u201d inaugura no dia 30 abril - binauralmedia.org","og:description":"Trinta e seis varia\u00e7\u00f5es com tr\u00eas mat\u00e9rias rurais Uma exposi\u00e7\u00e3o virtual da Binaural Nodar com a comunidade educativa de Castro Daire Inaugura\u00e7\u00e3o: 30 de abril \u00e0s 15h00 nesta sala virtual. A Binaural Nodar anuncia a inaugura\u00e7\u00e3o da exposi\u00e7\u00e3o virtual \u201cTrinta e seis varia\u00e7\u00f5es com tr\u00eas mat\u00e9rias rurais\u201d no pr\u00f3ximo dia 30 de abril pelas 15h00.","og:url":"https:\/\/www.binauralmedia.org\/news\/arquivo\/12048","article:published_time":"2020-04-29T11:50:46+00:00","article:modified_time":"2021-08-16T15:41:39+00:00","twitter:card":"summary_large_image","twitter:title":"Exposi\u00e7\u00e3o virtual \u201cTrinta e seis varia\u00e7\u00f5es com tr\u00eas mat\u00e9rias rurais\u201d inaugura no dia 30 abril - binauralmedia.org","twitter:description":"Trinta e seis varia\u00e7\u00f5es com tr\u00eas mat\u00e9rias rurais Uma exposi\u00e7\u00e3o virtual da Binaural Nodar com a comunidade educativa de Castro Daire Inaugura\u00e7\u00e3o: 30 de abril \u00e0s 15h00 nesta sala virtual. A Binaural Nodar anuncia a inaugura\u00e7\u00e3o da exposi\u00e7\u00e3o virtual \u201cTrinta e seis varia\u00e7\u00f5es com tr\u00eas mat\u00e9rias rurais\u201d no pr\u00f3ximo dia 30 de abril pelas 15h00."},"aioseo_meta_data":{"post_id":"12048","title":null,"description":null,"keywords":null,"keyphrases":null,"primary_term":null,"canonical_url":null,"og_title":null,"og_description":null,"og_object_type":"default","og_image_type":"default","og_image_custom_url":null,"og_image_custom_fields":null,"og_image_url":null,"og_image_width":null,"og_image_height":null,"og_video":null,"og_custom_url":null,"og_article_section":null,"og_article_tags":null,"twitter_use_og":false,"twitter_card":"default","twitter_image_type":"default","twitter_image_custom_url":null,"twitter_image_custom_fields":null,"twitter_image_url":null,"twitter_title":null,"twitter_description":null,"schema_type":"default","schema_type_options":null,"schema":{"blockGraphs":[],"customGraphs":[],"default":{"data":{"Article":[],"Course":[],"Dataset":[],"FAQPage":[],"Movie":[],"Person":[],"Product":[],"ProductReview":[],"Car":[],"Recipe":[],"Service":[],"SoftwareApplication":[],"WebPage":[]},"graphName":"","isEnabled":true},"graphs":[]},"pillar_content":false,"robots_default":true,"robots_noindex":false,"robots_noarchive":false,"robots_nosnippet":false,"robots_nofollow":false,"robots_noimageindex":false,"robots_noodp":false,"robots_notranslate":false,"robots_max_snippet":null,"robots_max_videopreview":null,"robots_max_imagepreview":"large","priority":null,"frequency":null,"local_seo":null,"limit_modified_date":false,"ai":null,"breadcrumb_settings":null,"seo_analyzer_scan_date":null,"created":"2026-08-05 04:20:52","updated":"2026-08-05 04:20:52","focus_keyword":null,"additional_keywords":null,"truseo_locale":null},"aioseo_breadcrumb":"<div class=\"aioseo-breadcrumbs\"><span class=\"aioseo-breadcrumb\">\n\t\t\t<a href=\"https:\/\/www.binauralmedia.org\/news\" title=\"Home\">Home<\/a>\n\t\t<\/span><span class=\"aioseo-breadcrumb-separator\">&raquo;<\/span><span class=\"aioseo-breadcrumb\">\n\t\t\t<a href=\"https:\/\/www.binauralmedia.org\/news\/arquivo\/category\/news\" title=\"Not\u00edcias\">Not\u00edcias<\/a>\n\t\t<\/span><span class=\"aioseo-breadcrumb-separator\">&raquo;<\/span><span class=\"aioseo-breadcrumb\">\n\t\t\tExposi\u00e7\u00e3o virtual \u201cTrinta e seis varia\u00e7\u00f5es com tr\u00eas mat\u00e9rias rurais\u201d inaugura no dia 30 abril\n\t\t<\/span><\/div>","aioseo_breadcrumb_json":[{"label":"Home","link":"https:\/\/www.binauralmedia.org\/news"},{"label":"Not\u00edcias","link":"https:\/\/www.binauralmedia.org\/news\/arquivo\/category\/news"},{"label":"Exposi\u00e7\u00e3o virtual &#8220;Trinta e seis varia\u00e7\u00f5es com tr\u00eas mat\u00e9rias rurais&#8221; inaugura no dia 30 abril","link":"https:\/\/www.binauralmedia.org\/news\/arquivo\/12048"}],"_links":{"self":[{"href":"https:\/\/www.binauralmedia.org\/news\/wp-json\/wp\/v2\/posts\/12048","targetHints":{"allow":["GET"]}}],"collection":[{"href":"https:\/\/www.binauralmedia.org\/news\/wp-json\/wp\/v2\/posts"}],"about":[{"href":"https:\/\/www.binauralmedia.org\/news\/wp-json\/wp\/v2\/types\/post"}],"author":[{"embeddable":true,"href":"https:\/\/www.binauralmedia.org\/news\/wp-json\/wp\/v2\/users\/2"}],"replies":[{"embeddable":true,"href":"https:\/\/www.binauralmedia.org\/news\/wp-json\/wp\/v2\/comments?post=12048"}],"version-history":[{"count":5,"href":"https:\/\/www.binauralmedia.org\/news\/wp-json\/wp\/v2\/posts\/12048\/revisions"}],"predecessor-version":[{"id":13442,"href":"https:\/\/www.binauralmedia.org\/news\/wp-json\/wp\/v2\/posts\/12048\/revisions\/13442"}],"wp:featuredmedia":[{"embeddable":true,"href":"https:\/\/www.binauralmedia.org\/news\/wp-json\/wp\/v2\/media\/12049"}],"wp:attachment":[{"href":"https:\/\/www.binauralmedia.org\/news\/wp-json\/wp\/v2\/media?parent=12048"}],"wp:term":[{"taxonomy":"category","embeddable":true,"href":"https:\/\/www.binauralmedia.org\/news\/wp-json\/wp\/v2\/categories?post=12048"},{"taxonomy":"post_tag","embeddable":true,"href":"https:\/\/www.binauralmedia.org\/news\/wp-json\/wp\/v2\/tags?post=12048"}],"curies":[{"name":"wp","href":"https:\/\/api.w.org\/{rel}","templated":true}]}}