{"id":11281,"date":"2019-12-04T09:08:15","date_gmt":"2019-12-04T09:08:15","guid":{"rendered":"https:\/\/www.binauralmedia.org\/news\/?p=11281"},"modified":"2021-08-16T15:41:32","modified_gmt":"2021-08-16T15:41:32","slug":"exposicao-o-tempo-que-fomos-o-futuro-que-seremos-em-castro-daire","status":"publish","type":"post","link":"https:\/\/www.binauralmedia.org\/news\/arquivo\/11281","title":{"rendered":"Exposi\u00e7\u00e3o &#8220;O tempo que fomos, o futuro que seremos&#8221; em Castro Daire"},"content":{"rendered":"<p>A Biblioteca Municipal de Castro Daire e a Binaural Nodar anunciam a inaugura\u00e7\u00e3o da exposi\u00e7\u00e3o &#8220;O tempo que fomos, o futuro que seremos&#8221;, a qual est\u00e1 integrada no projeto de recolhas etnogr\u00e1ficas &#8220;Mem\u00f3ria sobre Rodas&#8221; e estar\u00e1 patente at\u00e9 31\/3\/2020.<\/p>\n<p>Esta exposi\u00e7\u00e3o resgata uma parte do universo simb\u00f3lico do que foi a vida artesanal e comercial do concelho de Castro Daire de at\u00e9 h\u00e1 umas d\u00e9cadas atr\u00e1s: um mundo de fabrica\u00e7\u00e3o e venda de proximidade, feito de tamanqueiros, cesteiros, costureiras, latoeiros, ferreiros, tecedeiras, etc. mostrando como era poss\u00edvel um territ\u00f3rio rural ser praticamente autosuficiente com o seu saber, engenho e trabalho, num contexto de grandes dificuldades econ\u00f3micas, nesse sentido em contraponto absoluto \u00e0 sociedade de conforto atual.<\/p>\n","protected":false},"excerpt":{"rendered":"<p>A Biblioteca Municipal de Castro Daire e a Binaural Nodar  [&#8230;]<\/p>\n","protected":false},"author":2,"featured_media":11282,"comment_status":"closed","ping_status":"closed","sticky":false,"template":"","format":"standard","meta":{"_acf_changed":false,"_bbp_topic_count":0,"_bbp_reply_count":0,"_bbp_total_topic_count":0,"_bbp_total_reply_count":0,"_bbp_voice_count":0,"_bbp_anonymous_reply_count":0,"_bbp_topic_count_hidden":0,"_bbp_reply_count_hidden":0,"_bbp_forum_subforum_count":0,"footnotes":""},"categories":[1158,1],"tags":[],"class_list":["post-11281","post","type-post","status-publish","format-standard","has-post-thumbnail","hentry","category-visual-sound-ethnograhpy","category-news"],"acf":[],"aioseo_notices":[],"aioseo_head":"\n\t\t<!-- All in One SEO 5.0.1.1 - aioseo.com -->\n\t<meta name=\"description\" content=\"A Biblioteca Municipal de Castro Daire e a Binaural Nodar anunciam a inaugura\u00e7\u00e3o da exposi\u00e7\u00e3o &quot;O tempo que fomos, o futuro que seremos&quot;, a qual est\u00e1 integrada no projeto de recolhas etnogr\u00e1ficas &quot;Mem\u00f3ria sobre Rodas&quot; e estar\u00e1 patente at\u00e9 31\/3\/2020. Esta exposi\u00e7\u00e3o resgata uma parte do universo simb\u00f3lico do que foi a vida artesanal e\" \/>\n\t<meta name=\"robots\" content=\"max-image-preview:large\" \/>\n\t<meta name=\"author\" content=\"luiscosta\"\/>\n\t<link rel=\"canonical\" href=\"https:\/\/www.binauralmedia.org\/news\/arquivo\/11281\" \/>\n\t<meta name=\"generator\" content=\"All in One SEO (AIOSEO) 5.0.1.1\" \/>\n\t\t<meta property=\"og:locale\" content=\"pt_PT\" \/>\n\t\t<meta property=\"og:site_name\" content=\"binauralmedia.org - Rural Based Sound\/Media Arts &amp; Social Research\" \/>\n\t\t<meta property=\"og:type\" content=\"article\" \/>\n\t\t<meta property=\"og:title\" content=\"Exposi\u00e7\u00e3o \u201cO tempo que fomos, o futuro que seremos\u201d em Castro Daire - binauralmedia.org\" \/>\n\t\t<meta property=\"og:description\" content=\"A Biblioteca Municipal de Castro Daire e a Binaural Nodar anunciam a inaugura\u00e7\u00e3o da exposi\u00e7\u00e3o &quot;O tempo que fomos, o futuro que seremos&quot;, a qual est\u00e1 integrada no projeto de recolhas etnogr\u00e1ficas &quot;Mem\u00f3ria sobre Rodas&quot; e estar\u00e1 patente at\u00e9 31\/3\/2020. Esta exposi\u00e7\u00e3o resgata uma parte do universo simb\u00f3lico do que foi a vida artesanal e\" \/>\n\t\t<meta property=\"og:url\" content=\"https:\/\/www.binauralmedia.org\/news\/arquivo\/11281\" \/>\n\t\t<meta property=\"article:published_time\" content=\"2019-12-04T09:08:15+00:00\" \/>\n\t\t<meta property=\"article:modified_time\" content=\"2021-08-16T15:41:32+00:00\" \/>\n\t\t<meta name=\"twitter:card\" content=\"summary_large_image\" \/>\n\t\t<meta name=\"twitter:title\" content=\"Exposi\u00e7\u00e3o \u201cO tempo que fomos, o futuro que seremos\u201d em Castro Daire - binauralmedia.org\" \/>\n\t\t<meta name=\"twitter:description\" content=\"A Biblioteca Municipal de Castro Daire e a Binaural Nodar anunciam a inaugura\u00e7\u00e3o da exposi\u00e7\u00e3o &quot;O tempo que fomos, o futuro que seremos&quot;, a qual est\u00e1 integrada no projeto de recolhas etnogr\u00e1ficas &quot;Mem\u00f3ria sobre Rodas&quot; e estar\u00e1 patente at\u00e9 31\/3\/2020. Esta exposi\u00e7\u00e3o resgata uma parte do universo simb\u00f3lico do que foi a vida artesanal e\" \/>\n\t\t<script type=\"application\/ld+json\" class=\"aioseo-schema\">\n\t\t\t{\"@context\":\"https:\\\/\\\/schema.org\",\"@graph\":[{\"@type\":\"BlogPosting\",\"@id\":\"https:\\\/\\\/www.binauralmedia.org\\\/news\\\/arquivo\\\/11281#blogposting\",\"name\":\"Exposi\\u00e7\\u00e3o \\u201cO tempo que fomos, o futuro que seremos\\u201d em Castro Daire - binauralmedia.org\",\"headline\":\"Exposi\\u00e7\\u00e3o &#8220;O tempo que fomos, o futuro que seremos&#8221; em Castro Daire\",\"author\":{\"@id\":\"https:\\\/\\\/www.binauralmedia.org\\\/news\\\/arquivo\\\/author\\\/luiscosta#author\"},\"publisher\":{\"@id\":\"https:\\\/\\\/www.binauralmedia.org\\\/news\\\/#organization\"},\"image\":{\"@type\":\"ImageObject\",\"url\":\"https:\\\/\\\/www.binauralmedia.org\\\/news\\\/wp-content\\\/uploads\\\/O-Tempo-que-fomos-o-futuro-que-seremos-website.jpg\",\"width\":1200,\"height\":800},\"datePublished\":\"2019-12-04T09:08:15+00:00\",\"dateModified\":\"2021-08-16T15:41:32+00:00\",\"inLanguage\":\"pt-PT\",\"mainEntityOfPage\":{\"@id\":\"https:\\\/\\\/www.binauralmedia.org\\\/news\\\/arquivo\\\/11281#webpage\"},\"isPartOf\":{\"@id\":\"https:\\\/\\\/www.binauralmedia.org\\\/news\\\/arquivo\\\/11281#webpage\"},\"articleSection\":\"Etnografia Sonora e Visual, Not\\u00edcias\"},{\"@type\":\"BreadcrumbList\",\"@id\":\"https:\\\/\\\/www.binauralmedia.org\\\/news\\\/arquivo\\\/11281#breadcrumblist\",\"itemListElement\":[{\"@type\":\"ListItem\",\"@id\":\"https:\\\/\\\/www.binauralmedia.org\\\/news#listItem\",\"position\":1,\"name\":\"Home\",\"item\":\"https:\\\/\\\/www.binauralmedia.org\\\/news\",\"nextItem\":{\"@type\":\"ListItem\",\"@id\":\"https:\\\/\\\/www.binauralmedia.org\\\/news\\\/arquivo\\\/category\\\/news#listItem\",\"name\":\"Not\\u00edcias\"}},{\"@type\":\"ListItem\",\"@id\":\"https:\\\/\\\/www.binauralmedia.org\\\/news\\\/arquivo\\\/category\\\/news#listItem\",\"position\":2,\"name\":\"Not\\u00edcias\",\"item\":\"https:\\\/\\\/www.binauralmedia.org\\\/news\\\/arquivo\\\/category\\\/news\",\"nextItem\":{\"@type\":\"ListItem\",\"@id\":\"https:\\\/\\\/www.binauralmedia.org\\\/news\\\/arquivo\\\/11281#listItem\",\"name\":\"Exposi\\u00e7\\u00e3o &#8220;O tempo que fomos, o futuro que seremos&#8221; em Castro Daire\"},\"previousItem\":{\"@type\":\"ListItem\",\"@id\":\"https:\\\/\\\/www.binauralmedia.org\\\/news#listItem\",\"name\":\"Home\"}},{\"@type\":\"ListItem\",\"@id\":\"https:\\\/\\\/www.binauralmedia.org\\\/news\\\/arquivo\\\/11281#listItem\",\"position\":3,\"name\":\"Exposi\\u00e7\\u00e3o &#8220;O tempo que fomos, o futuro que seremos&#8221; em Castro Daire\",\"previousItem\":{\"@type\":\"ListItem\",\"@id\":\"https:\\\/\\\/www.binauralmedia.org\\\/news\\\/arquivo\\\/category\\\/news#listItem\",\"name\":\"Not\\u00edcias\"}}]},{\"@type\":\"Organization\",\"@id\":\"https:\\\/\\\/www.binauralmedia.org\\\/news\\\/#organization\",\"name\":\"binauralmedia.org\",\"description\":\"Rural Based Sound\\\/Media Arts & Social Research\",\"url\":\"https:\\\/\\\/www.binauralmedia.org\\\/news\\\/\"},{\"@type\":\"Person\",\"@id\":\"https:\\\/\\\/www.binauralmedia.org\\\/news\\\/arquivo\\\/author\\\/luiscosta#author\",\"url\":\"https:\\\/\\\/www.binauralmedia.org\\\/news\\\/arquivo\\\/author\\\/luiscosta\",\"name\":\"luiscosta\"},{\"@type\":\"WebPage\",\"@id\":\"https:\\\/\\\/www.binauralmedia.org\\\/news\\\/arquivo\\\/11281#webpage\",\"url\":\"https:\\\/\\\/www.binauralmedia.org\\\/news\\\/arquivo\\\/11281\",\"name\":\"Exposi\\u00e7\\u00e3o \\u201cO tempo que fomos, o futuro que seremos\\u201d em Castro Daire - binauralmedia.org\",\"description\":\"A Biblioteca Municipal de Castro Daire e a Binaural Nodar anunciam a inaugura\\u00e7\\u00e3o da exposi\\u00e7\\u00e3o \\\"O tempo que fomos, o futuro que seremos\\\", a qual est\\u00e1 integrada no projeto de recolhas etnogr\\u00e1ficas \\\"Mem\\u00f3ria sobre Rodas\\\" e estar\\u00e1 patente at\\u00e9 31\\\/3\\\/2020. Esta exposi\\u00e7\\u00e3o resgata uma parte do universo simb\\u00f3lico do que foi a vida artesanal e\",\"inLanguage\":\"pt-PT\",\"isPartOf\":{\"@id\":\"https:\\\/\\\/www.binauralmedia.org\\\/news\\\/#website\"},\"breadcrumb\":{\"@id\":\"https:\\\/\\\/www.binauralmedia.org\\\/news\\\/arquivo\\\/11281#breadcrumblist\"},\"author\":{\"@id\":\"https:\\\/\\\/www.binauralmedia.org\\\/news\\\/arquivo\\\/author\\\/luiscosta#author\"},\"creator\":{\"@id\":\"https:\\\/\\\/www.binauralmedia.org\\\/news\\\/arquivo\\\/author\\\/luiscosta#author\"},\"image\":{\"@type\":\"ImageObject\",\"url\":\"https:\\\/\\\/www.binauralmedia.org\\\/news\\\/wp-content\\\/uploads\\\/O-Tempo-que-fomos-o-futuro-que-seremos-website.jpg\",\"@id\":\"https:\\\/\\\/www.binauralmedia.org\\\/news\\\/arquivo\\\/11281\\\/#mainImage\",\"width\":1200,\"height\":800},\"primaryImageOfPage\":{\"@id\":\"https:\\\/\\\/www.binauralmedia.org\\\/news\\\/arquivo\\\/11281#mainImage\"},\"datePublished\":\"2019-12-04T09:08:15+00:00\",\"dateModified\":\"2021-08-16T15:41:32+00:00\"},{\"@type\":\"WebSite\",\"@id\":\"https:\\\/\\\/www.binauralmedia.org\\\/news\\\/#website\",\"url\":\"https:\\\/\\\/www.binauralmedia.org\\\/news\\\/\",\"name\":\"binauralmedia.org\",\"description\":\"Rural Based Sound\\\/Media Arts & Social Research\",\"inLanguage\":\"pt-PT\",\"publisher\":{\"@id\":\"https:\\\/\\\/www.binauralmedia.org\\\/news\\\/#organization\"}}]}\n\t\t<\/script>\n\t\t<!-- All in One SEO -->\n\n","aioseo_head_json":{"title":"Exposi\u00e7\u00e3o \u201cO tempo que fomos, o futuro que seremos\u201d em Castro Daire - binauralmedia.org","description":"A Biblioteca Municipal de Castro Daire e a Binaural Nodar anunciam a inaugura\u00e7\u00e3o da exposi\u00e7\u00e3o \"O tempo que fomos, o futuro que seremos\", a qual est\u00e1 integrada no projeto de recolhas etnogr\u00e1ficas \"Mem\u00f3ria sobre Rodas\" e estar\u00e1 patente at\u00e9 31\/3\/2020. Esta exposi\u00e7\u00e3o resgata uma parte do universo simb\u00f3lico do que foi a vida artesanal e","canonical_url":"https:\/\/www.binauralmedia.org\/news\/arquivo\/11281","robots":"max-image-preview:large","keywords":"","webmasterTools":{"miscellaneous":""},"schema":{"@context":"https:\/\/schema.org","@graph":[{"@type":"BlogPosting","@id":"https:\/\/www.binauralmedia.org\/news\/arquivo\/11281#blogposting","name":"Exposi\u00e7\u00e3o \u201cO tempo que fomos, o futuro que seremos\u201d em Castro Daire - binauralmedia.org","headline":"Exposi\u00e7\u00e3o &#8220;O tempo que fomos, o futuro que seremos&#8221; em Castro Daire","author":{"@id":"https:\/\/www.binauralmedia.org\/news\/arquivo\/author\/luiscosta#author"},"publisher":{"@id":"https:\/\/www.binauralmedia.org\/news\/#organization"},"image":{"@type":"ImageObject","url":"https:\/\/www.binauralmedia.org\/news\/wp-content\/uploads\/O-Tempo-que-fomos-o-futuro-que-seremos-website.jpg","width":1200,"height":800},"datePublished":"2019-12-04T09:08:15+00:00","dateModified":"2021-08-16T15:41:32+00:00","inLanguage":"pt-PT","mainEntityOfPage":{"@id":"https:\/\/www.binauralmedia.org\/news\/arquivo\/11281#webpage"},"isPartOf":{"@id":"https:\/\/www.binauralmedia.org\/news\/arquivo\/11281#webpage"},"articleSection":"Etnografia Sonora e Visual, Not\u00edcias"},{"@type":"BreadcrumbList","@id":"https:\/\/www.binauralmedia.org\/news\/arquivo\/11281#breadcrumblist","itemListElement":[{"@type":"ListItem","@id":"https:\/\/www.binauralmedia.org\/news#listItem","position":1,"name":"Home","item":"https:\/\/www.binauralmedia.org\/news","nextItem":{"@type":"ListItem","@id":"https:\/\/www.binauralmedia.org\/news\/arquivo\/category\/news#listItem","name":"Not\u00edcias"}},{"@type":"ListItem","@id":"https:\/\/www.binauralmedia.org\/news\/arquivo\/category\/news#listItem","position":2,"name":"Not\u00edcias","item":"https:\/\/www.binauralmedia.org\/news\/arquivo\/category\/news","nextItem":{"@type":"ListItem","@id":"https:\/\/www.binauralmedia.org\/news\/arquivo\/11281#listItem","name":"Exposi\u00e7\u00e3o &#8220;O tempo que fomos, o futuro que seremos&#8221; em Castro Daire"},"previousItem":{"@type":"ListItem","@id":"https:\/\/www.binauralmedia.org\/news#listItem","name":"Home"}},{"@type":"ListItem","@id":"https:\/\/www.binauralmedia.org\/news\/arquivo\/11281#listItem","position":3,"name":"Exposi\u00e7\u00e3o &#8220;O tempo que fomos, o futuro que seremos&#8221; em Castro Daire","previousItem":{"@type":"ListItem","@id":"https:\/\/www.binauralmedia.org\/news\/arquivo\/category\/news#listItem","name":"Not\u00edcias"}}]},{"@type":"Organization","@id":"https:\/\/www.binauralmedia.org\/news\/#organization","name":"binauralmedia.org","description":"Rural Based Sound\/Media Arts & Social Research","url":"https:\/\/www.binauralmedia.org\/news\/"},{"@type":"Person","@id":"https:\/\/www.binauralmedia.org\/news\/arquivo\/author\/luiscosta#author","url":"https:\/\/www.binauralmedia.org\/news\/arquivo\/author\/luiscosta","name":"luiscosta"},{"@type":"WebPage","@id":"https:\/\/www.binauralmedia.org\/news\/arquivo\/11281#webpage","url":"https:\/\/www.binauralmedia.org\/news\/arquivo\/11281","name":"Exposi\u00e7\u00e3o \u201cO tempo que fomos, o futuro que seremos\u201d em Castro Daire - binauralmedia.org","description":"A Biblioteca Municipal de Castro Daire e a Binaural Nodar anunciam a inaugura\u00e7\u00e3o da exposi\u00e7\u00e3o \"O tempo que fomos, o futuro que seremos\", a qual est\u00e1 integrada no projeto de recolhas etnogr\u00e1ficas \"Mem\u00f3ria sobre Rodas\" e estar\u00e1 patente at\u00e9 31\/3\/2020. Esta exposi\u00e7\u00e3o resgata uma parte do universo simb\u00f3lico do que foi a vida artesanal e","inLanguage":"pt-PT","isPartOf":{"@id":"https:\/\/www.binauralmedia.org\/news\/#website"},"breadcrumb":{"@id":"https:\/\/www.binauralmedia.org\/news\/arquivo\/11281#breadcrumblist"},"author":{"@id":"https:\/\/www.binauralmedia.org\/news\/arquivo\/author\/luiscosta#author"},"creator":{"@id":"https:\/\/www.binauralmedia.org\/news\/arquivo\/author\/luiscosta#author"},"image":{"@type":"ImageObject","url":"https:\/\/www.binauralmedia.org\/news\/wp-content\/uploads\/O-Tempo-que-fomos-o-futuro-que-seremos-website.jpg","@id":"https:\/\/www.binauralmedia.org\/news\/arquivo\/11281\/#mainImage","width":1200,"height":800},"primaryImageOfPage":{"@id":"https:\/\/www.binauralmedia.org\/news\/arquivo\/11281#mainImage"},"datePublished":"2019-12-04T09:08:15+00:00","dateModified":"2021-08-16T15:41:32+00:00"},{"@type":"WebSite","@id":"https:\/\/www.binauralmedia.org\/news\/#website","url":"https:\/\/www.binauralmedia.org\/news\/","name":"binauralmedia.org","description":"Rural Based Sound\/Media Arts & Social Research","inLanguage":"pt-PT","publisher":{"@id":"https:\/\/www.binauralmedia.org\/news\/#organization"}}]},"og:locale":"pt_PT","og:site_name":"binauralmedia.org - Rural Based Sound\/Media Arts &amp; Social Research","og:type":"article","og:title":"Exposi\u00e7\u00e3o \u201cO tempo que fomos, o futuro que seremos\u201d em Castro Daire - binauralmedia.org","og:description":"A Biblioteca Municipal de Castro Daire e a Binaural Nodar anunciam a inaugura\u00e7\u00e3o da exposi\u00e7\u00e3o &quot;O tempo que fomos, o futuro que seremos&quot;, a qual est\u00e1 integrada no projeto de recolhas etnogr\u00e1ficas &quot;Mem\u00f3ria sobre Rodas&quot; e estar\u00e1 patente at\u00e9 31\/3\/2020. Esta exposi\u00e7\u00e3o resgata uma parte do universo simb\u00f3lico do que foi a vida artesanal e","og:url":"https:\/\/www.binauralmedia.org\/news\/arquivo\/11281","article:published_time":"2019-12-04T09:08:15+00:00","article:modified_time":"2021-08-16T15:41:32+00:00","twitter:card":"summary_large_image","twitter:title":"Exposi\u00e7\u00e3o \u201cO tempo que fomos, o futuro que seremos\u201d em Castro Daire - binauralmedia.org","twitter:description":"A Biblioteca Municipal de Castro Daire e a Binaural Nodar anunciam a inaugura\u00e7\u00e3o da exposi\u00e7\u00e3o &quot;O tempo que fomos, o futuro que seremos&quot;, a qual est\u00e1 integrada no projeto de recolhas etnogr\u00e1ficas &quot;Mem\u00f3ria sobre Rodas&quot; e estar\u00e1 patente at\u00e9 31\/3\/2020. Esta exposi\u00e7\u00e3o resgata uma parte do universo simb\u00f3lico do que foi a vida artesanal e"},"aioseo_meta_data":{"post_id":"11281","title":null,"description":null,"keywords":null,"keyphrases":null,"primary_term":null,"canonical_url":null,"og_title":null,"og_description":null,"og_object_type":"default","og_image_type":"default","og_image_custom_url":null,"og_image_custom_fields":null,"og_image_url":null,"og_image_width":null,"og_image_height":null,"og_video":null,"og_custom_url":null,"og_article_section":null,"og_article_tags":null,"twitter_use_og":false,"twitter_card":"default","twitter_image_type":"default","twitter_image_custom_url":null,"twitter_image_custom_fields":null,"twitter_image_url":null,"twitter_title":null,"twitter_description":null,"schema_type":"default","schema_type_options":null,"schema":{"blockGraphs":[],"customGraphs":[],"default":{"data":{"Article":[],"Course":[],"Dataset":[],"FAQPage":[],"Movie":[],"Person":[],"Product":[],"ProductReview":[],"Car":[],"Recipe":[],"Service":[],"SoftwareApplication":[],"WebPage":[]},"graphName":"","isEnabled":true},"graphs":[]},"pillar_content":false,"robots_default":true,"robots_noindex":false,"robots_noarchive":false,"robots_nosnippet":false,"robots_nofollow":false,"robots_noimageindex":false,"robots_noodp":false,"robots_notranslate":false,"robots_max_snippet":null,"robots_max_videopreview":null,"robots_max_imagepreview":"large","priority":null,"frequency":null,"local_seo":null,"limit_modified_date":false,"ai":null,"breadcrumb_settings":null,"seo_analyzer_scan_date":null,"created":"2026-08-05 04:16:22","updated":"2026-08-05 04:16:22","focus_keyword":null,"additional_keywords":null,"truseo_locale":null},"aioseo_breadcrumb":"<div class=\"aioseo-breadcrumbs\"><span class=\"aioseo-breadcrumb\">\n\t\t\t<a href=\"https:\/\/www.binauralmedia.org\/news\" title=\"Home\">Home<\/a>\n\t\t<\/span><span class=\"aioseo-breadcrumb-separator\">&raquo;<\/span><span class=\"aioseo-breadcrumb\">\n\t\t\t<a href=\"https:\/\/www.binauralmedia.org\/news\/arquivo\/category\/news\" title=\"Not\u00edcias\">Not\u00edcias<\/a>\n\t\t<\/span><span class=\"aioseo-breadcrumb-separator\">&raquo;<\/span><span class=\"aioseo-breadcrumb\">\n\t\t\tExposi\u00e7\u00e3o \u201cO tempo que fomos, o futuro que seremos\u201d em Castro Daire\n\t\t<\/span><\/div>","aioseo_breadcrumb_json":[{"label":"Home","link":"https:\/\/www.binauralmedia.org\/news"},{"label":"Not\u00edcias","link":"https:\/\/www.binauralmedia.org\/news\/arquivo\/category\/news"},{"label":"Exposi\u00e7\u00e3o &#8220;O tempo que fomos, o futuro que seremos&#8221; em Castro Daire","link":"https:\/\/www.binauralmedia.org\/news\/arquivo\/11281"}],"_links":{"self":[{"href":"https:\/\/www.binauralmedia.org\/news\/wp-json\/wp\/v2\/posts\/11281","targetHints":{"allow":["GET"]}}],"collection":[{"href":"https:\/\/www.binauralmedia.org\/news\/wp-json\/wp\/v2\/posts"}],"about":[{"href":"https:\/\/www.binauralmedia.org\/news\/wp-json\/wp\/v2\/types\/post"}],"author":[{"embeddable":true,"href":"https:\/\/www.binauralmedia.org\/news\/wp-json\/wp\/v2\/users\/2"}],"replies":[{"embeddable":true,"href":"https:\/\/www.binauralmedia.org\/news\/wp-json\/wp\/v2\/comments?post=11281"}],"version-history":[{"count":3,"href":"https:\/\/www.binauralmedia.org\/news\/wp-json\/wp\/v2\/posts\/11281\/revisions"}],"predecessor-version":[{"id":13428,"href":"https:\/\/www.binauralmedia.org\/news\/wp-json\/wp\/v2\/posts\/11281\/revisions\/13428"}],"wp:featuredmedia":[{"embeddable":true,"href":"https:\/\/www.binauralmedia.org\/news\/wp-json\/wp\/v2\/media\/11282"}],"wp:attachment":[{"href":"https:\/\/www.binauralmedia.org\/news\/wp-json\/wp\/v2\/media?parent=11281"}],"wp:term":[{"taxonomy":"category","embeddable":true,"href":"https:\/\/www.binauralmedia.org\/news\/wp-json\/wp\/v2\/categories?post=11281"},{"taxonomy":"post_tag","embeddable":true,"href":"https:\/\/www.binauralmedia.org\/news\/wp-json\/wp\/v2\/tags?post=11281"}],"curies":[{"name":"wp","href":"https:\/\/api.w.org\/{rel}","templated":true}]}}