{"id":11200,"date":"2019-11-15T13:01:12","date_gmt":"2019-11-15T13:01:12","guid":{"rendered":"https:\/\/binauralmedia.org\/news\/?p=11200"},"modified":"2021-08-16T15:41:30","modified_gmt":"2021-08-16T15:41:30","slug":"atelie-de-memoria-coletiva-o-meu-mapa-do-bairro","status":"publish","type":"post","link":"https:\/\/www.binauralmedia.org\/news\/arquivo\/11200","title":{"rendered":"Ateli\u00ea de Mem\u00f3ria Coletiva \u201cO meu mapa do bairro\u201d"},"content":{"rendered":"<div class=\"fusion-fullwidth fullwidth-box fusion-builder-row-1 nonhundred-percent-fullwidth non-hundred-percent-height-scrolling\" style=\"--awb-border-radius-top-left:0px;--awb-border-radius-top-right:0px;--awb-border-radius-bottom-right:0px;--awb-border-radius-bottom-left:0px;--awb-flex-wrap:wrap;\" ><div class=\"fusion-builder-row fusion-row\"><div class=\"fusion-layout-column fusion_builder_column fusion-builder-column-0 fusion_builder_column_1_1 1_1 fusion-one-full fusion-column-first fusion-column-last\" style=\"--awb-bg-size:cover;--awb-margin-bottom:0px;\"><div class=\"fusion-column-wrapper fusion-flex-column-wrapper-legacy\"><div class=\"fusion-text fusion-text-1\"><p>Ateli\u00ea de Mem\u00f3ria Coletiva \u201cO meu mapa do bairro\u201d<br \/>\n29 novembro, 10h00-12h30<br \/>\nBiblioteca Municipal de Castro Daire<\/p>\n<p>Milhares de pessoas origin\u00e1rias do concelho de Castro Daire rumaram ao longo do s\u00e9culo XX para a zona oriental de Lisboa para trabalharem em muitas das f\u00e1bricas e armaz\u00e9ns a\u00ed existentes. A maioria deles viveu em bairros de barracas, sendo o mais conhecido o Bairro Chin\u00eas. Como se orientava essa gente num espa\u00e7o que era complexo, pleno de becos, azinhagas, campos e f<span class=\"text_exposed_show\">\u00e1bricas e em que as barracas n\u00e3o apareciam nos mapas oficiais? Que nomes davam as pessoas aos v\u00e1rios lugares do bairro? Onde eram os encontros de fim-de-semana? Que percursos faziam do trabalho para casa e vice-versa?<\/span><\/p>\n<div class=\"text_exposed_show\">\n<p>O ateli\u00ea de mem\u00f3ria coletiva \u201cO meu mapa do bairro\u201d, a realizar na Biblioteca Municipal de Castro Daire no dia 29 de novembro a partir das 10h00, ir\u00e1 precisamente tentar responder a algumas das quest\u00f5es atr\u00e1s colocadas atrav\u00e9s da utiliza\u00e7\u00e3o de ferramentas participativas de mapeamento coletivo. O ateli\u00ea ser\u00e1 dinamizado pela Binaural\/Nodar em co-produ\u00e7\u00e3o com a equipa da biblioteca, estando integrado quer no projeto de recolhas etnogr\u00e1ficas de Castro Daire intitulado \u201cMem\u00f3ria sobre Rodas\u201d quer no projeto \u201cDa Serra para a F\u00e1brica\u201d da rede europeia \u201cOnde a cidade perde o seu nome\u201d a qual inclui a Binaural\/Nodar, a\u00a0LaFundici\u00f3\u00a0(Catalunha, Espanha) e a\u00a0Fundatia Altart\u00a0(Cluj, Rom\u00e9nia).<\/p>\n<p>As inscri\u00e7\u00f5es neste ateli\u00ea podem ser realizadas atrav\u00e9s da Biblioteca Municipal de Castro Daire (Tel. 232 319 150 \/ email: biblioteca@cm-castrodaire.pt) at\u00e9 ao dia 28 de novembro, estando dirigidas a pessoas que viveram ou vivem na zona de Marvila e s\u00e3o origin\u00e1rias do concelho de Castro Daire<\/p>\n<\/div>\n<\/div><div class=\"fusion-clearfix\"><\/div><\/div><\/div><\/div><\/div>\n","protected":false},"excerpt":{"rendered":"","protected":false},"author":2,"featured_media":11243,"comment_status":"closed","ping_status":"closed","sticky":false,"template":"","format":"standard","meta":{"_acf_changed":false,"_bbp_topic_count":0,"_bbp_reply_count":0,"_bbp_total_topic_count":0,"_bbp_total_reply_count":0,"_bbp_voice_count":0,"_bbp_anonymous_reply_count":0,"_bbp_topic_count_hidden":0,"_bbp_reply_count_hidden":0,"_bbp_forum_subforum_count":0,"footnotes":""},"categories":[1158,1],"tags":[],"class_list":["post-11200","post","type-post","status-publish","format-standard","has-post-thumbnail","hentry","category-visual-sound-ethnograhpy","category-news"],"acf":[],"aioseo_notices":[],"aioseo_head":"\n\t\t<!-- All in One SEO 5.0.1.1 - aioseo.com -->\n\t<meta name=\"description\" content=\"Ateli\u00ea de Mem\u00f3ria Coletiva \u201cO meu mapa do bairro\u201d 29 novembro, 10h00-12h30 Biblioteca Municipal de Castro Daire Milhares de pessoas origin\u00e1rias do concelho de Castro Daire rumaram ao longo do s\u00e9culo XX para a zona oriental de Lisboa para trabalharem em muitas das f\u00e1bricas e armaz\u00e9ns a\u00ed existentes. A maioria deles viveu em bairros de\" \/>\n\t<meta name=\"robots\" content=\"max-image-preview:large\" \/>\n\t<meta name=\"author\" content=\"luiscosta\"\/>\n\t<link rel=\"canonical\" href=\"https:\/\/www.binauralmedia.org\/news\/arquivo\/11200\" \/>\n\t<meta name=\"generator\" content=\"All in One SEO (AIOSEO) 5.0.1.1\" \/>\n\t\t<meta property=\"og:locale\" content=\"pt_PT\" \/>\n\t\t<meta property=\"og:site_name\" content=\"binauralmedia.org - Rural Based Sound\/Media Arts &amp; Social Research\" \/>\n\t\t<meta property=\"og:type\" content=\"article\" \/>\n\t\t<meta property=\"og:title\" content=\"Ateli\u00ea de Mem\u00f3ria Coletiva \u201cO meu mapa do bairro\u201d - binauralmedia.org\" \/>\n\t\t<meta property=\"og:description\" content=\"Ateli\u00ea de Mem\u00f3ria Coletiva \u201cO meu mapa do bairro\u201d 29 novembro, 10h00-12h30 Biblioteca Municipal de Castro Daire Milhares de pessoas origin\u00e1rias do concelho de Castro Daire rumaram ao longo do s\u00e9culo XX para a zona oriental de Lisboa para trabalharem em muitas das f\u00e1bricas e armaz\u00e9ns a\u00ed existentes. A maioria deles viveu em bairros de\" \/>\n\t\t<meta property=\"og:url\" content=\"https:\/\/www.binauralmedia.org\/news\/arquivo\/11200\" \/>\n\t\t<meta property=\"article:published_time\" content=\"2019-11-15T13:01:12+00:00\" \/>\n\t\t<meta property=\"article:modified_time\" content=\"2021-08-16T15:41:30+00:00\" \/>\n\t\t<meta name=\"twitter:card\" content=\"summary_large_image\" \/>\n\t\t<meta name=\"twitter:title\" content=\"Ateli\u00ea de Mem\u00f3ria Coletiva \u201cO meu mapa do bairro\u201d - binauralmedia.org\" \/>\n\t\t<meta name=\"twitter:description\" content=\"Ateli\u00ea de Mem\u00f3ria Coletiva \u201cO meu mapa do bairro\u201d 29 novembro, 10h00-12h30 Biblioteca Municipal de Castro Daire Milhares de pessoas origin\u00e1rias do concelho de Castro Daire rumaram ao longo do s\u00e9culo XX para a zona oriental de Lisboa para trabalharem em muitas das f\u00e1bricas e armaz\u00e9ns a\u00ed existentes. A maioria deles viveu em bairros de\" \/>\n\t\t<script type=\"application\/ld+json\" class=\"aioseo-schema\">\n\t\t\t{\"@context\":\"https:\\\/\\\/schema.org\",\"@graph\":[{\"@type\":\"BlogPosting\",\"@id\":\"https:\\\/\\\/www.binauralmedia.org\\\/news\\\/arquivo\\\/11200#blogposting\",\"name\":\"Ateli\\u00ea de Mem\\u00f3ria Coletiva \\u201cO meu mapa do bairro\\u201d - binauralmedia.org\",\"headline\":\"Ateli\\u00ea de Mem\\u00f3ria Coletiva \\u201cO meu mapa do bairro\\u201d\",\"author\":{\"@id\":\"https:\\\/\\\/www.binauralmedia.org\\\/news\\\/arquivo\\\/author\\\/luiscosta#author\"},\"publisher\":{\"@id\":\"https:\\\/\\\/www.binauralmedia.org\\\/news\\\/#organization\"},\"image\":{\"@type\":\"ImageObject\",\"url\":\"https:\\\/\\\/www.binauralmedia.org\\\/news\\\/wp-content\\\/uploads\\\/O-meu-mapa-do-bairro-site.jpg\",\"width\":1200,\"height\":800},\"datePublished\":\"2019-11-15T13:01:12+00:00\",\"dateModified\":\"2021-08-16T15:41:30+00:00\",\"inLanguage\":\"pt-PT\",\"mainEntityOfPage\":{\"@id\":\"https:\\\/\\\/www.binauralmedia.org\\\/news\\\/arquivo\\\/11200#webpage\"},\"isPartOf\":{\"@id\":\"https:\\\/\\\/www.binauralmedia.org\\\/news\\\/arquivo\\\/11200#webpage\"},\"articleSection\":\"Etnografia Sonora e Visual, Not\\u00edcias\"},{\"@type\":\"BreadcrumbList\",\"@id\":\"https:\\\/\\\/www.binauralmedia.org\\\/news\\\/arquivo\\\/11200#breadcrumblist\",\"itemListElement\":[{\"@type\":\"ListItem\",\"@id\":\"https:\\\/\\\/www.binauralmedia.org\\\/news#listItem\",\"position\":1,\"name\":\"Home\",\"item\":\"https:\\\/\\\/www.binauralmedia.org\\\/news\",\"nextItem\":{\"@type\":\"ListItem\",\"@id\":\"https:\\\/\\\/www.binauralmedia.org\\\/news\\\/arquivo\\\/category\\\/news#listItem\",\"name\":\"Not\\u00edcias\"}},{\"@type\":\"ListItem\",\"@id\":\"https:\\\/\\\/www.binauralmedia.org\\\/news\\\/arquivo\\\/category\\\/news#listItem\",\"position\":2,\"name\":\"Not\\u00edcias\",\"item\":\"https:\\\/\\\/www.binauralmedia.org\\\/news\\\/arquivo\\\/category\\\/news\",\"nextItem\":{\"@type\":\"ListItem\",\"@id\":\"https:\\\/\\\/www.binauralmedia.org\\\/news\\\/arquivo\\\/11200#listItem\",\"name\":\"Ateli\\u00ea de Mem\\u00f3ria Coletiva \\u201cO meu mapa do bairro\\u201d\"},\"previousItem\":{\"@type\":\"ListItem\",\"@id\":\"https:\\\/\\\/www.binauralmedia.org\\\/news#listItem\",\"name\":\"Home\"}},{\"@type\":\"ListItem\",\"@id\":\"https:\\\/\\\/www.binauralmedia.org\\\/news\\\/arquivo\\\/11200#listItem\",\"position\":3,\"name\":\"Ateli\\u00ea de Mem\\u00f3ria Coletiva \\u201cO meu mapa do bairro\\u201d\",\"previousItem\":{\"@type\":\"ListItem\",\"@id\":\"https:\\\/\\\/www.binauralmedia.org\\\/news\\\/arquivo\\\/category\\\/news#listItem\",\"name\":\"Not\\u00edcias\"}}]},{\"@type\":\"Organization\",\"@id\":\"https:\\\/\\\/www.binauralmedia.org\\\/news\\\/#organization\",\"name\":\"binauralmedia.org\",\"description\":\"Rural Based Sound\\\/Media Arts & Social Research\",\"url\":\"https:\\\/\\\/www.binauralmedia.org\\\/news\\\/\"},{\"@type\":\"Person\",\"@id\":\"https:\\\/\\\/www.binauralmedia.org\\\/news\\\/arquivo\\\/author\\\/luiscosta#author\",\"url\":\"https:\\\/\\\/www.binauralmedia.org\\\/news\\\/arquivo\\\/author\\\/luiscosta\",\"name\":\"luiscosta\"},{\"@type\":\"WebPage\",\"@id\":\"https:\\\/\\\/www.binauralmedia.org\\\/news\\\/arquivo\\\/11200#webpage\",\"url\":\"https:\\\/\\\/www.binauralmedia.org\\\/news\\\/arquivo\\\/11200\",\"name\":\"Ateli\\u00ea de Mem\\u00f3ria Coletiva \\u201cO meu mapa do bairro\\u201d - binauralmedia.org\",\"description\":\"Ateli\\u00ea de Mem\\u00f3ria Coletiva \\u201cO meu mapa do bairro\\u201d 29 novembro, 10h00-12h30 Biblioteca Municipal de Castro Daire Milhares de pessoas origin\\u00e1rias do concelho de Castro Daire rumaram ao longo do s\\u00e9culo XX para a zona oriental de Lisboa para trabalharem em muitas das f\\u00e1bricas e armaz\\u00e9ns a\\u00ed existentes. A maioria deles viveu em bairros de\",\"inLanguage\":\"pt-PT\",\"isPartOf\":{\"@id\":\"https:\\\/\\\/www.binauralmedia.org\\\/news\\\/#website\"},\"breadcrumb\":{\"@id\":\"https:\\\/\\\/www.binauralmedia.org\\\/news\\\/arquivo\\\/11200#breadcrumblist\"},\"author\":{\"@id\":\"https:\\\/\\\/www.binauralmedia.org\\\/news\\\/arquivo\\\/author\\\/luiscosta#author\"},\"creator\":{\"@id\":\"https:\\\/\\\/www.binauralmedia.org\\\/news\\\/arquivo\\\/author\\\/luiscosta#author\"},\"image\":{\"@type\":\"ImageObject\",\"url\":\"https:\\\/\\\/www.binauralmedia.org\\\/news\\\/wp-content\\\/uploads\\\/O-meu-mapa-do-bairro-site.jpg\",\"@id\":\"https:\\\/\\\/www.binauralmedia.org\\\/news\\\/arquivo\\\/11200\\\/#mainImage\",\"width\":1200,\"height\":800},\"primaryImageOfPage\":{\"@id\":\"https:\\\/\\\/www.binauralmedia.org\\\/news\\\/arquivo\\\/11200#mainImage\"},\"datePublished\":\"2019-11-15T13:01:12+00:00\",\"dateModified\":\"2021-08-16T15:41:30+00:00\"},{\"@type\":\"WebSite\",\"@id\":\"https:\\\/\\\/www.binauralmedia.org\\\/news\\\/#website\",\"url\":\"https:\\\/\\\/www.binauralmedia.org\\\/news\\\/\",\"name\":\"binauralmedia.org\",\"description\":\"Rural Based Sound\\\/Media Arts & Social Research\",\"inLanguage\":\"pt-PT\",\"publisher\":{\"@id\":\"https:\\\/\\\/www.binauralmedia.org\\\/news\\\/#organization\"}}]}\n\t\t<\/script>\n\t\t<!-- All in One SEO -->\n\n","aioseo_head_json":{"title":"Ateli\u00ea de Mem\u00f3ria Coletiva \u201cO meu mapa do bairro\u201d - binauralmedia.org","description":"Ateli\u00ea de Mem\u00f3ria Coletiva \u201cO meu mapa do bairro\u201d 29 novembro, 10h00-12h30 Biblioteca Municipal de Castro Daire Milhares de pessoas origin\u00e1rias do concelho de Castro Daire rumaram ao longo do s\u00e9culo XX para a zona oriental de Lisboa para trabalharem em muitas das f\u00e1bricas e armaz\u00e9ns a\u00ed existentes. A maioria deles viveu em bairros de","canonical_url":"https:\/\/www.binauralmedia.org\/news\/arquivo\/11200","robots":"max-image-preview:large","keywords":"","webmasterTools":{"miscellaneous":""},"schema":{"@context":"https:\/\/schema.org","@graph":[{"@type":"BlogPosting","@id":"https:\/\/www.binauralmedia.org\/news\/arquivo\/11200#blogposting","name":"Ateli\u00ea de Mem\u00f3ria Coletiva \u201cO meu mapa do bairro\u201d - binauralmedia.org","headline":"Ateli\u00ea de Mem\u00f3ria Coletiva \u201cO meu mapa do bairro\u201d","author":{"@id":"https:\/\/www.binauralmedia.org\/news\/arquivo\/author\/luiscosta#author"},"publisher":{"@id":"https:\/\/www.binauralmedia.org\/news\/#organization"},"image":{"@type":"ImageObject","url":"https:\/\/www.binauralmedia.org\/news\/wp-content\/uploads\/O-meu-mapa-do-bairro-site.jpg","width":1200,"height":800},"datePublished":"2019-11-15T13:01:12+00:00","dateModified":"2021-08-16T15:41:30+00:00","inLanguage":"pt-PT","mainEntityOfPage":{"@id":"https:\/\/www.binauralmedia.org\/news\/arquivo\/11200#webpage"},"isPartOf":{"@id":"https:\/\/www.binauralmedia.org\/news\/arquivo\/11200#webpage"},"articleSection":"Etnografia Sonora e Visual, Not\u00edcias"},{"@type":"BreadcrumbList","@id":"https:\/\/www.binauralmedia.org\/news\/arquivo\/11200#breadcrumblist","itemListElement":[{"@type":"ListItem","@id":"https:\/\/www.binauralmedia.org\/news#listItem","position":1,"name":"Home","item":"https:\/\/www.binauralmedia.org\/news","nextItem":{"@type":"ListItem","@id":"https:\/\/www.binauralmedia.org\/news\/arquivo\/category\/news#listItem","name":"Not\u00edcias"}},{"@type":"ListItem","@id":"https:\/\/www.binauralmedia.org\/news\/arquivo\/category\/news#listItem","position":2,"name":"Not\u00edcias","item":"https:\/\/www.binauralmedia.org\/news\/arquivo\/category\/news","nextItem":{"@type":"ListItem","@id":"https:\/\/www.binauralmedia.org\/news\/arquivo\/11200#listItem","name":"Ateli\u00ea de Mem\u00f3ria Coletiva \u201cO meu mapa do bairro\u201d"},"previousItem":{"@type":"ListItem","@id":"https:\/\/www.binauralmedia.org\/news#listItem","name":"Home"}},{"@type":"ListItem","@id":"https:\/\/www.binauralmedia.org\/news\/arquivo\/11200#listItem","position":3,"name":"Ateli\u00ea de Mem\u00f3ria Coletiva \u201cO meu mapa do bairro\u201d","previousItem":{"@type":"ListItem","@id":"https:\/\/www.binauralmedia.org\/news\/arquivo\/category\/news#listItem","name":"Not\u00edcias"}}]},{"@type":"Organization","@id":"https:\/\/www.binauralmedia.org\/news\/#organization","name":"binauralmedia.org","description":"Rural Based Sound\/Media Arts & Social Research","url":"https:\/\/www.binauralmedia.org\/news\/"},{"@type":"Person","@id":"https:\/\/www.binauralmedia.org\/news\/arquivo\/author\/luiscosta#author","url":"https:\/\/www.binauralmedia.org\/news\/arquivo\/author\/luiscosta","name":"luiscosta"},{"@type":"WebPage","@id":"https:\/\/www.binauralmedia.org\/news\/arquivo\/11200#webpage","url":"https:\/\/www.binauralmedia.org\/news\/arquivo\/11200","name":"Ateli\u00ea de Mem\u00f3ria Coletiva \u201cO meu mapa do bairro\u201d - binauralmedia.org","description":"Ateli\u00ea de Mem\u00f3ria Coletiva \u201cO meu mapa do bairro\u201d 29 novembro, 10h00-12h30 Biblioteca Municipal de Castro Daire Milhares de pessoas origin\u00e1rias do concelho de Castro Daire rumaram ao longo do s\u00e9culo XX para a zona oriental de Lisboa para trabalharem em muitas das f\u00e1bricas e armaz\u00e9ns a\u00ed existentes. A maioria deles viveu em bairros de","inLanguage":"pt-PT","isPartOf":{"@id":"https:\/\/www.binauralmedia.org\/news\/#website"},"breadcrumb":{"@id":"https:\/\/www.binauralmedia.org\/news\/arquivo\/11200#breadcrumblist"},"author":{"@id":"https:\/\/www.binauralmedia.org\/news\/arquivo\/author\/luiscosta#author"},"creator":{"@id":"https:\/\/www.binauralmedia.org\/news\/arquivo\/author\/luiscosta#author"},"image":{"@type":"ImageObject","url":"https:\/\/www.binauralmedia.org\/news\/wp-content\/uploads\/O-meu-mapa-do-bairro-site.jpg","@id":"https:\/\/www.binauralmedia.org\/news\/arquivo\/11200\/#mainImage","width":1200,"height":800},"primaryImageOfPage":{"@id":"https:\/\/www.binauralmedia.org\/news\/arquivo\/11200#mainImage"},"datePublished":"2019-11-15T13:01:12+00:00","dateModified":"2021-08-16T15:41:30+00:00"},{"@type":"WebSite","@id":"https:\/\/www.binauralmedia.org\/news\/#website","url":"https:\/\/www.binauralmedia.org\/news\/","name":"binauralmedia.org","description":"Rural Based Sound\/Media Arts & Social Research","inLanguage":"pt-PT","publisher":{"@id":"https:\/\/www.binauralmedia.org\/news\/#organization"}}]},"og:locale":"pt_PT","og:site_name":"binauralmedia.org - Rural Based Sound\/Media Arts &amp; Social Research","og:type":"article","og:title":"Ateli\u00ea de Mem\u00f3ria Coletiva \u201cO meu mapa do bairro\u201d - binauralmedia.org","og:description":"Ateli\u00ea de Mem\u00f3ria Coletiva \u201cO meu mapa do bairro\u201d 29 novembro, 10h00-12h30 Biblioteca Municipal de Castro Daire Milhares de pessoas origin\u00e1rias do concelho de Castro Daire rumaram ao longo do s\u00e9culo XX para a zona oriental de Lisboa para trabalharem em muitas das f\u00e1bricas e armaz\u00e9ns a\u00ed existentes. A maioria deles viveu em bairros de","og:url":"https:\/\/www.binauralmedia.org\/news\/arquivo\/11200","article:published_time":"2019-11-15T13:01:12+00:00","article:modified_time":"2021-08-16T15:41:30+00:00","twitter:card":"summary_large_image","twitter:title":"Ateli\u00ea de Mem\u00f3ria Coletiva \u201cO meu mapa do bairro\u201d - binauralmedia.org","twitter:description":"Ateli\u00ea de Mem\u00f3ria Coletiva \u201cO meu mapa do bairro\u201d 29 novembro, 10h00-12h30 Biblioteca Municipal de Castro Daire Milhares de pessoas origin\u00e1rias do concelho de Castro Daire rumaram ao longo do s\u00e9culo XX para a zona oriental de Lisboa para trabalharem em muitas das f\u00e1bricas e armaz\u00e9ns a\u00ed existentes. A maioria deles viveu em bairros de"},"aioseo_meta_data":{"post_id":"11200","title":null,"description":null,"keywords":null,"keyphrases":null,"primary_term":null,"canonical_url":null,"og_title":null,"og_description":null,"og_object_type":"default","og_image_type":"default","og_image_custom_url":null,"og_image_custom_fields":null,"og_image_url":null,"og_image_width":null,"og_image_height":null,"og_video":null,"og_custom_url":null,"og_article_section":null,"og_article_tags":null,"twitter_use_og":false,"twitter_card":"default","twitter_image_type":"default","twitter_image_custom_url":null,"twitter_image_custom_fields":null,"twitter_image_url":null,"twitter_title":null,"twitter_description":null,"schema_type":"default","schema_type_options":null,"schema":{"blockGraphs":[],"customGraphs":[],"default":{"data":{"Article":[],"Course":[],"Dataset":[],"FAQPage":[],"Movie":[],"Person":[],"Product":[],"ProductReview":[],"Car":[],"Recipe":[],"Service":[],"SoftwareApplication":[],"WebPage":[]},"graphName":"","isEnabled":true},"graphs":[]},"pillar_content":false,"robots_default":true,"robots_noindex":false,"robots_noarchive":false,"robots_nosnippet":false,"robots_nofollow":false,"robots_noimageindex":false,"robots_noodp":false,"robots_notranslate":false,"robots_max_snippet":null,"robots_max_videopreview":null,"robots_max_imagepreview":"large","priority":null,"frequency":null,"local_seo":null,"limit_modified_date":false,"ai":null,"breadcrumb_settings":null,"seo_analyzer_scan_date":null,"created":"2026-08-05 04:16:22","updated":"2026-08-05 04:16:22","focus_keyword":null,"additional_keywords":null,"truseo_locale":null},"aioseo_breadcrumb":"<div class=\"aioseo-breadcrumbs\"><span class=\"aioseo-breadcrumb\">\n\t\t\t<a href=\"https:\/\/www.binauralmedia.org\/news\" title=\"Home\">Home<\/a>\n\t\t<\/span><span class=\"aioseo-breadcrumb-separator\">&raquo;<\/span><span class=\"aioseo-breadcrumb\">\n\t\t\t<a href=\"https:\/\/www.binauralmedia.org\/news\/arquivo\/category\/news\" title=\"Not\u00edcias\">Not\u00edcias<\/a>\n\t\t<\/span><span class=\"aioseo-breadcrumb-separator\">&raquo;<\/span><span class=\"aioseo-breadcrumb\">\n\t\t\tAteli\u00ea de Mem\u00f3ria Coletiva \u201cO meu mapa do bairro\u201d\n\t\t<\/span><\/div>","aioseo_breadcrumb_json":[{"label":"Home","link":"https:\/\/www.binauralmedia.org\/news"},{"label":"Not\u00edcias","link":"https:\/\/www.binauralmedia.org\/news\/arquivo\/category\/news"},{"label":"Ateli\u00ea de Mem\u00f3ria Coletiva \u201cO meu mapa do bairro\u201d","link":"https:\/\/www.binauralmedia.org\/news\/arquivo\/11200"}],"_links":{"self":[{"href":"https:\/\/www.binauralmedia.org\/news\/wp-json\/wp\/v2\/posts\/11200","targetHints":{"allow":["GET"]}}],"collection":[{"href":"https:\/\/www.binauralmedia.org\/news\/wp-json\/wp\/v2\/posts"}],"about":[{"href":"https:\/\/www.binauralmedia.org\/news\/wp-json\/wp\/v2\/types\/post"}],"author":[{"embeddable":true,"href":"https:\/\/www.binauralmedia.org\/news\/wp-json\/wp\/v2\/users\/2"}],"replies":[{"embeddable":true,"href":"https:\/\/www.binauralmedia.org\/news\/wp-json\/wp\/v2\/comments?post=11200"}],"version-history":[{"count":5,"href":"https:\/\/www.binauralmedia.org\/news\/wp-json\/wp\/v2\/posts\/11200\/revisions"}],"predecessor-version":[{"id":13422,"href":"https:\/\/www.binauralmedia.org\/news\/wp-json\/wp\/v2\/posts\/11200\/revisions\/13422"}],"wp:featuredmedia":[{"embeddable":true,"href":"https:\/\/www.binauralmedia.org\/news\/wp-json\/wp\/v2\/media\/11243"}],"wp:attachment":[{"href":"https:\/\/www.binauralmedia.org\/news\/wp-json\/wp\/v2\/media?parent=11200"}],"wp:term":[{"taxonomy":"category","embeddable":true,"href":"https:\/\/www.binauralmedia.org\/news\/wp-json\/wp\/v2\/categories?post=11200"},{"taxonomy":"post_tag","embeddable":true,"href":"https:\/\/www.binauralmedia.org\/news\/wp-json\/wp\/v2\/tags?post=11200"}],"curies":[{"name":"wp","href":"https:\/\/api.w.org\/{rel}","templated":true}]}}