{"id":11190,"date":"2019-10-15T10:47:47","date_gmt":"2019-10-15T10:47:47","guid":{"rendered":"https:\/\/binauralmedia.org\/news\/?p=11190"},"modified":"2021-08-16T15:41:25","modified_gmt":"2021-08-16T15:41:25","slug":"oficina-sonora-memoria-sobre-rodas-em-castro-daire","status":"publish","type":"post","link":"https:\/\/www.binauralmedia.org\/news\/arquivo\/11190","title":{"rendered":"Oficinas sonoras &#8220;Mem\u00f3ria Sobre Rodas&#8221; em Castro Daire"},"content":{"rendered":"<div class=\"fusion-fullwidth fullwidth-box fusion-builder-row-1 nonhundred-percent-fullwidth non-hundred-percent-height-scrolling\" style=\"--awb-border-radius-top-left:0px;--awb-border-radius-top-right:0px;--awb-border-radius-bottom-right:0px;--awb-border-radius-bottom-left:0px;--awb-flex-wrap:wrap;\" ><div class=\"fusion-builder-row fusion-row\"><div class=\"fusion-layout-column fusion_builder_column fusion-builder-column-0 fusion_builder_column_1_1 1_1 fusion-one-full fusion-column-first fusion-column-last\" style=\"--awb-bg-size:cover;--awb-margin-bottom:0px;\"><div class=\"fusion-column-wrapper fusion-flex-column-wrapper-legacy\"><div class=\"fusion-text fusion-text-1\"><p>A Binaural Nodar ir\u00e1 participar com todo o gosto na Semana das Bibliotecas Escolares, atrav\u00e9s de mais uma parceria com a Biblioteca Municipal de Castro Daire.<\/p>\n<p>Assim sendo, nos dias 28 e 29 de outubro ser\u00e3o desenvolvidas nas Bibliotecas das Escolas B\u00e1sicas de Castro Daire e de M\u00f5es quatro sess\u00f5es da oficina sonora &#8220;Mem\u00f3ria sobre Rodas&#8221;, atrav\u00e9s da qual cerca de oitenta crian\u00e7as do terceiro e q<span class=\"text_exposed_show\">uarto anos ter\u00e3o acesso ao est\u00fadio m\u00f3vel de registo sonoro e audiovisual do bibliom\u00f3vel da Biblioteca Municipal de Castro Daire e ir\u00e3o efetuar um conjunto de recolhas no entorno da pr\u00f3pria comunidade escolar.<\/span><\/p>\n<div class=\"text_exposed_show\">\n<p>&#8220;Mem\u00f3ria sobre Rodas&#8221; \u00e9 uma iniciativa integrada de pesquisa etnogr\u00e1fica do patrim\u00f3nio cultural do concelho de Castro Daire lan\u00e7ada no final de 2018 e que encerra, entre outras, a novidade de usar um recurso dispon\u00edvel, o bibliom\u00f3vel da Biblioteca Municipal de Castro Daire, o qual passou tamb\u00e9m a ser um est\u00fadio m\u00f3vel de registo sonoro e audiovisual.<\/p>\n<p>O lema do projeto &#8220;Mem\u00f3ria sobre Rodas&#8221; \u00e9 &#8220;o patrim\u00f3nio somos n\u00f3s&#8221;, uma forma de evidenciar que o conhecimento etnogr\u00e1fico reside em cada aldeia, em cada casa e em cada fam\u00edlia, fazendo parte do fluxo de mem\u00f3rias que v\u00eam dos antepassados, o qual urge cuidar, divulgar e projetar para o futuro de forma a que o munic\u00edpio de Castro Daire seja conhecido cada vez mais pelo seu contexto geogr\u00e1fico e cultural absolutamente \u00fanico.<\/p>\n<\/div>\n<\/div><div class=\"fusion-clearfix\"><\/div><\/div><\/div><\/div><\/div>\n","protected":false},"excerpt":{"rendered":"","protected":false},"author":2,"featured_media":11258,"comment_status":"closed","ping_status":"closed","sticky":false,"template":"","format":"standard","meta":{"_acf_changed":false,"_bbp_topic_count":0,"_bbp_reply_count":0,"_bbp_total_topic_count":0,"_bbp_total_reply_count":0,"_bbp_voice_count":0,"_bbp_anonymous_reply_count":0,"_bbp_topic_count_hidden":0,"_bbp_reply_count_hidden":0,"_bbp_forum_subforum_count":0,"footnotes":""},"categories":[1158,1,1159],"tags":[],"class_list":["post-11190","post","type-post","status-publish","format-standard","has-post-thumbnail","hentry","category-visual-sound-ethnograhpy","category-news","category-educational-programme"],"acf":[],"aioseo_notices":[],"aioseo_head":"\n\t\t<!-- All in One SEO 5.0.1.1 - aioseo.com -->\n\t<meta name=\"description\" content=\"A Binaural Nodar ir\u00e1 participar com todo o gosto na Semana das Bibliotecas Escolares, atrav\u00e9s de mais uma parceria com a Biblioteca Municipal de Castro Daire. Assim sendo, nos dias 28 e 29 de outubro ser\u00e3o desenvolvidas nas Bibliotecas das Escolas B\u00e1sicas de Castro Daire e de M\u00f5es quatro sess\u00f5es da oficina sonora \u201cMem\u00f3ria sobre\" \/>\n\t<meta name=\"robots\" content=\"max-image-preview:large\" \/>\n\t<meta name=\"author\" content=\"luiscosta\"\/>\n\t<link rel=\"canonical\" href=\"https:\/\/www.binauralmedia.org\/news\/arquivo\/11190\" \/>\n\t<meta name=\"generator\" content=\"All in One SEO (AIOSEO) 5.0.1.1\" \/>\n\t\t<meta property=\"og:locale\" content=\"pt_PT\" \/>\n\t\t<meta property=\"og:site_name\" content=\"binauralmedia.org - Rural Based Sound\/Media Arts &amp; Social Research\" \/>\n\t\t<meta property=\"og:type\" content=\"article\" \/>\n\t\t<meta property=\"og:title\" content=\"Oficinas sonoras \u201cMem\u00f3ria Sobre Rodas\u201d em Castro Daire - binauralmedia.org\" \/>\n\t\t<meta property=\"og:description\" content=\"A Binaural Nodar ir\u00e1 participar com todo o gosto na Semana das Bibliotecas Escolares, atrav\u00e9s de mais uma parceria com a Biblioteca Municipal de Castro Daire. Assim sendo, nos dias 28 e 29 de outubro ser\u00e3o desenvolvidas nas Bibliotecas das Escolas B\u00e1sicas de Castro Daire e de M\u00f5es quatro sess\u00f5es da oficina sonora \u201cMem\u00f3ria sobre\" \/>\n\t\t<meta property=\"og:url\" content=\"https:\/\/www.binauralmedia.org\/news\/arquivo\/11190\" \/>\n\t\t<meta property=\"article:published_time\" content=\"2019-10-15T10:47:47+00:00\" \/>\n\t\t<meta property=\"article:modified_time\" content=\"2021-08-16T15:41:25+00:00\" \/>\n\t\t<meta name=\"twitter:card\" content=\"summary_large_image\" \/>\n\t\t<meta name=\"twitter:title\" content=\"Oficinas sonoras \u201cMem\u00f3ria Sobre Rodas\u201d em Castro Daire - binauralmedia.org\" \/>\n\t\t<meta name=\"twitter:description\" content=\"A Binaural Nodar ir\u00e1 participar com todo o gosto na Semana das Bibliotecas Escolares, atrav\u00e9s de mais uma parceria com a Biblioteca Municipal de Castro Daire. Assim sendo, nos dias 28 e 29 de outubro ser\u00e3o desenvolvidas nas Bibliotecas das Escolas B\u00e1sicas de Castro Daire e de M\u00f5es quatro sess\u00f5es da oficina sonora \u201cMem\u00f3ria sobre\" \/>\n\t\t<script type=\"application\/ld+json\" class=\"aioseo-schema\">\n\t\t\t{\"@context\":\"https:\\\/\\\/schema.org\",\"@graph\":[{\"@type\":\"BlogPosting\",\"@id\":\"https:\\\/\\\/www.binauralmedia.org\\\/news\\\/arquivo\\\/11190#blogposting\",\"name\":\"Oficinas sonoras \\u201cMem\\u00f3ria Sobre Rodas\\u201d em Castro Daire - binauralmedia.org\",\"headline\":\"Oficinas sonoras &#8220;Mem\\u00f3ria Sobre Rodas&#8221; em Castro Daire\",\"author\":{\"@id\":\"https:\\\/\\\/www.binauralmedia.org\\\/news\\\/arquivo\\\/author\\\/luiscosta#author\"},\"publisher\":{\"@id\":\"https:\\\/\\\/www.binauralmedia.org\\\/news\\\/#organization\"},\"image\":{\"@type\":\"ImageObject\",\"url\":\"https:\\\/\\\/www.binauralmedia.org\\\/news\\\/wp-content\\\/uploads\\\/memo\\u0301ria-sobre-rodas-website.jpg\",\"width\":1200,\"height\":800},\"datePublished\":\"2019-10-15T10:47:47+00:00\",\"dateModified\":\"2021-08-16T15:41:25+00:00\",\"inLanguage\":\"pt-PT\",\"mainEntityOfPage\":{\"@id\":\"https:\\\/\\\/www.binauralmedia.org\\\/news\\\/arquivo\\\/11190#webpage\"},\"isPartOf\":{\"@id\":\"https:\\\/\\\/www.binauralmedia.org\\\/news\\\/arquivo\\\/11190#webpage\"},\"articleSection\":\"Etnografia Sonora e Visual, Not\\u00edcias, Programa Educativo\"},{\"@type\":\"BreadcrumbList\",\"@id\":\"https:\\\/\\\/www.binauralmedia.org\\\/news\\\/arquivo\\\/11190#breadcrumblist\",\"itemListElement\":[{\"@type\":\"ListItem\",\"@id\":\"https:\\\/\\\/www.binauralmedia.org\\\/news#listItem\",\"position\":1,\"name\":\"Home\",\"item\":\"https:\\\/\\\/www.binauralmedia.org\\\/news\",\"nextItem\":{\"@type\":\"ListItem\",\"@id\":\"https:\\\/\\\/www.binauralmedia.org\\\/news\\\/arquivo\\\/category\\\/news#listItem\",\"name\":\"Not\\u00edcias\"}},{\"@type\":\"ListItem\",\"@id\":\"https:\\\/\\\/www.binauralmedia.org\\\/news\\\/arquivo\\\/category\\\/news#listItem\",\"position\":2,\"name\":\"Not\\u00edcias\",\"item\":\"https:\\\/\\\/www.binauralmedia.org\\\/news\\\/arquivo\\\/category\\\/news\",\"nextItem\":{\"@type\":\"ListItem\",\"@id\":\"https:\\\/\\\/www.binauralmedia.org\\\/news\\\/arquivo\\\/11190#listItem\",\"name\":\"Oficinas sonoras &#8220;Mem\\u00f3ria Sobre Rodas&#8221; em Castro Daire\"},\"previousItem\":{\"@type\":\"ListItem\",\"@id\":\"https:\\\/\\\/www.binauralmedia.org\\\/news#listItem\",\"name\":\"Home\"}},{\"@type\":\"ListItem\",\"@id\":\"https:\\\/\\\/www.binauralmedia.org\\\/news\\\/arquivo\\\/11190#listItem\",\"position\":3,\"name\":\"Oficinas sonoras &#8220;Mem\\u00f3ria Sobre Rodas&#8221; em Castro Daire\",\"previousItem\":{\"@type\":\"ListItem\",\"@id\":\"https:\\\/\\\/www.binauralmedia.org\\\/news\\\/arquivo\\\/category\\\/news#listItem\",\"name\":\"Not\\u00edcias\"}}]},{\"@type\":\"Organization\",\"@id\":\"https:\\\/\\\/www.binauralmedia.org\\\/news\\\/#organization\",\"name\":\"binauralmedia.org\",\"description\":\"Rural Based Sound\\\/Media Arts & Social Research\",\"url\":\"https:\\\/\\\/www.binauralmedia.org\\\/news\\\/\"},{\"@type\":\"Person\",\"@id\":\"https:\\\/\\\/www.binauralmedia.org\\\/news\\\/arquivo\\\/author\\\/luiscosta#author\",\"url\":\"https:\\\/\\\/www.binauralmedia.org\\\/news\\\/arquivo\\\/author\\\/luiscosta\",\"name\":\"luiscosta\"},{\"@type\":\"WebPage\",\"@id\":\"https:\\\/\\\/www.binauralmedia.org\\\/news\\\/arquivo\\\/11190#webpage\",\"url\":\"https:\\\/\\\/www.binauralmedia.org\\\/news\\\/arquivo\\\/11190\",\"name\":\"Oficinas sonoras \\u201cMem\\u00f3ria Sobre Rodas\\u201d em Castro Daire - binauralmedia.org\",\"description\":\"A Binaural Nodar ir\\u00e1 participar com todo o gosto na Semana das Bibliotecas Escolares, atrav\\u00e9s de mais uma parceria com a Biblioteca Municipal de Castro Daire. Assim sendo, nos dias 28 e 29 de outubro ser\\u00e3o desenvolvidas nas Bibliotecas das Escolas B\\u00e1sicas de Castro Daire e de M\\u00f5es quatro sess\\u00f5es da oficina sonora \\u201cMem\\u00f3ria sobre\",\"inLanguage\":\"pt-PT\",\"isPartOf\":{\"@id\":\"https:\\\/\\\/www.binauralmedia.org\\\/news\\\/#website\"},\"breadcrumb\":{\"@id\":\"https:\\\/\\\/www.binauralmedia.org\\\/news\\\/arquivo\\\/11190#breadcrumblist\"},\"author\":{\"@id\":\"https:\\\/\\\/www.binauralmedia.org\\\/news\\\/arquivo\\\/author\\\/luiscosta#author\"},\"creator\":{\"@id\":\"https:\\\/\\\/www.binauralmedia.org\\\/news\\\/arquivo\\\/author\\\/luiscosta#author\"},\"image\":{\"@type\":\"ImageObject\",\"url\":\"https:\\\/\\\/www.binauralmedia.org\\\/news\\\/wp-content\\\/uploads\\\/memo\\u0301ria-sobre-rodas-website.jpg\",\"@id\":\"https:\\\/\\\/www.binauralmedia.org\\\/news\\\/arquivo\\\/11190\\\/#mainImage\",\"width\":1200,\"height\":800},\"primaryImageOfPage\":{\"@id\":\"https:\\\/\\\/www.binauralmedia.org\\\/news\\\/arquivo\\\/11190#mainImage\"},\"datePublished\":\"2019-10-15T10:47:47+00:00\",\"dateModified\":\"2021-08-16T15:41:25+00:00\"},{\"@type\":\"WebSite\",\"@id\":\"https:\\\/\\\/www.binauralmedia.org\\\/news\\\/#website\",\"url\":\"https:\\\/\\\/www.binauralmedia.org\\\/news\\\/\",\"name\":\"binauralmedia.org\",\"description\":\"Rural Based Sound\\\/Media Arts & Social Research\",\"inLanguage\":\"pt-PT\",\"publisher\":{\"@id\":\"https:\\\/\\\/www.binauralmedia.org\\\/news\\\/#organization\"}}]}\n\t\t<\/script>\n\t\t<!-- All in One SEO -->\n\n","aioseo_head_json":{"title":"Oficinas sonoras \u201cMem\u00f3ria Sobre Rodas\u201d em Castro Daire - binauralmedia.org","description":"A Binaural Nodar ir\u00e1 participar com todo o gosto na Semana das Bibliotecas Escolares, atrav\u00e9s de mais uma parceria com a Biblioteca Municipal de Castro Daire. Assim sendo, nos dias 28 e 29 de outubro ser\u00e3o desenvolvidas nas Bibliotecas das Escolas B\u00e1sicas de Castro Daire e de M\u00f5es quatro sess\u00f5es da oficina sonora \u201cMem\u00f3ria sobre","canonical_url":"https:\/\/www.binauralmedia.org\/news\/arquivo\/11190","robots":"max-image-preview:large","keywords":"","webmasterTools":{"miscellaneous":""},"schema":{"@context":"https:\/\/schema.org","@graph":[{"@type":"BlogPosting","@id":"https:\/\/www.binauralmedia.org\/news\/arquivo\/11190#blogposting","name":"Oficinas sonoras \u201cMem\u00f3ria Sobre Rodas\u201d em Castro Daire - binauralmedia.org","headline":"Oficinas sonoras &#8220;Mem\u00f3ria Sobre Rodas&#8221; em Castro Daire","author":{"@id":"https:\/\/www.binauralmedia.org\/news\/arquivo\/author\/luiscosta#author"},"publisher":{"@id":"https:\/\/www.binauralmedia.org\/news\/#organization"},"image":{"@type":"ImageObject","url":"https:\/\/www.binauralmedia.org\/news\/wp-content\/uploads\/memo\u0301ria-sobre-rodas-website.jpg","width":1200,"height":800},"datePublished":"2019-10-15T10:47:47+00:00","dateModified":"2021-08-16T15:41:25+00:00","inLanguage":"pt-PT","mainEntityOfPage":{"@id":"https:\/\/www.binauralmedia.org\/news\/arquivo\/11190#webpage"},"isPartOf":{"@id":"https:\/\/www.binauralmedia.org\/news\/arquivo\/11190#webpage"},"articleSection":"Etnografia Sonora e Visual, Not\u00edcias, Programa Educativo"},{"@type":"BreadcrumbList","@id":"https:\/\/www.binauralmedia.org\/news\/arquivo\/11190#breadcrumblist","itemListElement":[{"@type":"ListItem","@id":"https:\/\/www.binauralmedia.org\/news#listItem","position":1,"name":"Home","item":"https:\/\/www.binauralmedia.org\/news","nextItem":{"@type":"ListItem","@id":"https:\/\/www.binauralmedia.org\/news\/arquivo\/category\/news#listItem","name":"Not\u00edcias"}},{"@type":"ListItem","@id":"https:\/\/www.binauralmedia.org\/news\/arquivo\/category\/news#listItem","position":2,"name":"Not\u00edcias","item":"https:\/\/www.binauralmedia.org\/news\/arquivo\/category\/news","nextItem":{"@type":"ListItem","@id":"https:\/\/www.binauralmedia.org\/news\/arquivo\/11190#listItem","name":"Oficinas sonoras &#8220;Mem\u00f3ria Sobre Rodas&#8221; em Castro Daire"},"previousItem":{"@type":"ListItem","@id":"https:\/\/www.binauralmedia.org\/news#listItem","name":"Home"}},{"@type":"ListItem","@id":"https:\/\/www.binauralmedia.org\/news\/arquivo\/11190#listItem","position":3,"name":"Oficinas sonoras &#8220;Mem\u00f3ria Sobre Rodas&#8221; em Castro Daire","previousItem":{"@type":"ListItem","@id":"https:\/\/www.binauralmedia.org\/news\/arquivo\/category\/news#listItem","name":"Not\u00edcias"}}]},{"@type":"Organization","@id":"https:\/\/www.binauralmedia.org\/news\/#organization","name":"binauralmedia.org","description":"Rural Based Sound\/Media Arts & Social Research","url":"https:\/\/www.binauralmedia.org\/news\/"},{"@type":"Person","@id":"https:\/\/www.binauralmedia.org\/news\/arquivo\/author\/luiscosta#author","url":"https:\/\/www.binauralmedia.org\/news\/arquivo\/author\/luiscosta","name":"luiscosta"},{"@type":"WebPage","@id":"https:\/\/www.binauralmedia.org\/news\/arquivo\/11190#webpage","url":"https:\/\/www.binauralmedia.org\/news\/arquivo\/11190","name":"Oficinas sonoras \u201cMem\u00f3ria Sobre Rodas\u201d em Castro Daire - binauralmedia.org","description":"A Binaural Nodar ir\u00e1 participar com todo o gosto na Semana das Bibliotecas Escolares, atrav\u00e9s de mais uma parceria com a Biblioteca Municipal de Castro Daire. Assim sendo, nos dias 28 e 29 de outubro ser\u00e3o desenvolvidas nas Bibliotecas das Escolas B\u00e1sicas de Castro Daire e de M\u00f5es quatro sess\u00f5es da oficina sonora \u201cMem\u00f3ria sobre","inLanguage":"pt-PT","isPartOf":{"@id":"https:\/\/www.binauralmedia.org\/news\/#website"},"breadcrumb":{"@id":"https:\/\/www.binauralmedia.org\/news\/arquivo\/11190#breadcrumblist"},"author":{"@id":"https:\/\/www.binauralmedia.org\/news\/arquivo\/author\/luiscosta#author"},"creator":{"@id":"https:\/\/www.binauralmedia.org\/news\/arquivo\/author\/luiscosta#author"},"image":{"@type":"ImageObject","url":"https:\/\/www.binauralmedia.org\/news\/wp-content\/uploads\/memo\u0301ria-sobre-rodas-website.jpg","@id":"https:\/\/www.binauralmedia.org\/news\/arquivo\/11190\/#mainImage","width":1200,"height":800},"primaryImageOfPage":{"@id":"https:\/\/www.binauralmedia.org\/news\/arquivo\/11190#mainImage"},"datePublished":"2019-10-15T10:47:47+00:00","dateModified":"2021-08-16T15:41:25+00:00"},{"@type":"WebSite","@id":"https:\/\/www.binauralmedia.org\/news\/#website","url":"https:\/\/www.binauralmedia.org\/news\/","name":"binauralmedia.org","description":"Rural Based Sound\/Media Arts & Social Research","inLanguage":"pt-PT","publisher":{"@id":"https:\/\/www.binauralmedia.org\/news\/#organization"}}]},"og:locale":"pt_PT","og:site_name":"binauralmedia.org - Rural Based Sound\/Media Arts &amp; Social Research","og:type":"article","og:title":"Oficinas sonoras \u201cMem\u00f3ria Sobre Rodas\u201d em Castro Daire - binauralmedia.org","og:description":"A Binaural Nodar ir\u00e1 participar com todo o gosto na Semana das Bibliotecas Escolares, atrav\u00e9s de mais uma parceria com a Biblioteca Municipal de Castro Daire. Assim sendo, nos dias 28 e 29 de outubro ser\u00e3o desenvolvidas nas Bibliotecas das Escolas B\u00e1sicas de Castro Daire e de M\u00f5es quatro sess\u00f5es da oficina sonora \u201cMem\u00f3ria sobre","og:url":"https:\/\/www.binauralmedia.org\/news\/arquivo\/11190","article:published_time":"2019-10-15T10:47:47+00:00","article:modified_time":"2021-08-16T15:41:25+00:00","twitter:card":"summary_large_image","twitter:title":"Oficinas sonoras \u201cMem\u00f3ria Sobre Rodas\u201d em Castro Daire - binauralmedia.org","twitter:description":"A Binaural Nodar ir\u00e1 participar com todo o gosto na Semana das Bibliotecas Escolares, atrav\u00e9s de mais uma parceria com a Biblioteca Municipal de Castro Daire. Assim sendo, nos dias 28 e 29 de outubro ser\u00e3o desenvolvidas nas Bibliotecas das Escolas B\u00e1sicas de Castro Daire e de M\u00f5es quatro sess\u00f5es da oficina sonora \u201cMem\u00f3ria sobre"},"aioseo_meta_data":{"post_id":"11190","title":null,"description":null,"keywords":null,"keyphrases":null,"primary_term":null,"canonical_url":null,"og_title":null,"og_description":null,"og_object_type":"default","og_image_type":"default","og_image_custom_url":null,"og_image_custom_fields":null,"og_image_url":null,"og_image_width":null,"og_image_height":null,"og_video":null,"og_custom_url":null,"og_article_section":null,"og_article_tags":null,"twitter_use_og":false,"twitter_card":"default","twitter_image_type":"default","twitter_image_custom_url":null,"twitter_image_custom_fields":null,"twitter_image_url":null,"twitter_title":null,"twitter_description":null,"schema_type":"default","schema_type_options":null,"schema":{"blockGraphs":[],"customGraphs":[],"default":{"data":{"Article":[],"Course":[],"Dataset":[],"FAQPage":[],"Movie":[],"Person":[],"Product":[],"ProductReview":[],"Car":[],"Recipe":[],"Service":[],"SoftwareApplication":[],"WebPage":[]},"graphName":"","isEnabled":true},"graphs":[]},"pillar_content":false,"robots_default":true,"robots_noindex":false,"robots_noarchive":false,"robots_nosnippet":false,"robots_nofollow":false,"robots_noimageindex":false,"robots_noodp":false,"robots_notranslate":false,"robots_max_snippet":null,"robots_max_videopreview":null,"robots_max_imagepreview":"large","priority":null,"frequency":null,"local_seo":null,"limit_modified_date":false,"ai":null,"breadcrumb_settings":null,"seo_analyzer_scan_date":null,"created":"2026-08-05 04:12:54","updated":"2026-08-05 04:12:54","focus_keyword":null,"additional_keywords":null,"truseo_locale":null},"aioseo_breadcrumb":"<div class=\"aioseo-breadcrumbs\"><span class=\"aioseo-breadcrumb\">\n\t\t\t<a href=\"https:\/\/www.binauralmedia.org\/news\" title=\"Home\">Home<\/a>\n\t\t<\/span><span class=\"aioseo-breadcrumb-separator\">&raquo;<\/span><span class=\"aioseo-breadcrumb\">\n\t\t\t<a href=\"https:\/\/www.binauralmedia.org\/news\/arquivo\/category\/news\" title=\"Not\u00edcias\">Not\u00edcias<\/a>\n\t\t<\/span><span class=\"aioseo-breadcrumb-separator\">&raquo;<\/span><span class=\"aioseo-breadcrumb\">\n\t\t\tOficinas sonoras \u201cMem\u00f3ria Sobre Rodas\u201d em Castro Daire\n\t\t<\/span><\/div>","aioseo_breadcrumb_json":[{"label":"Home","link":"https:\/\/www.binauralmedia.org\/news"},{"label":"Not\u00edcias","link":"https:\/\/www.binauralmedia.org\/news\/arquivo\/category\/news"},{"label":"Oficinas sonoras &#8220;Mem\u00f3ria Sobre Rodas&#8221; em Castro Daire","link":"https:\/\/www.binauralmedia.org\/news\/arquivo\/11190"}],"_links":{"self":[{"href":"https:\/\/www.binauralmedia.org\/news\/wp-json\/wp\/v2\/posts\/11190","targetHints":{"allow":["GET"]}}],"collection":[{"href":"https:\/\/www.binauralmedia.org\/news\/wp-json\/wp\/v2\/posts"}],"about":[{"href":"https:\/\/www.binauralmedia.org\/news\/wp-json\/wp\/v2\/types\/post"}],"author":[{"embeddable":true,"href":"https:\/\/www.binauralmedia.org\/news\/wp-json\/wp\/v2\/users\/2"}],"replies":[{"embeddable":true,"href":"https:\/\/www.binauralmedia.org\/news\/wp-json\/wp\/v2\/comments?post=11190"}],"version-history":[{"count":5,"href":"https:\/\/www.binauralmedia.org\/news\/wp-json\/wp\/v2\/posts\/11190\/revisions"}],"predecessor-version":[{"id":13418,"href":"https:\/\/www.binauralmedia.org\/news\/wp-json\/wp\/v2\/posts\/11190\/revisions\/13418"}],"wp:featuredmedia":[{"embeddable":true,"href":"https:\/\/www.binauralmedia.org\/news\/wp-json\/wp\/v2\/media\/11258"}],"wp:attachment":[{"href":"https:\/\/www.binauralmedia.org\/news\/wp-json\/wp\/v2\/media?parent=11190"}],"wp:term":[{"taxonomy":"category","embeddable":true,"href":"https:\/\/www.binauralmedia.org\/news\/wp-json\/wp\/v2\/categories?post=11190"},{"taxonomy":"post_tag","embeddable":true,"href":"https:\/\/www.binauralmedia.org\/news\/wp-json\/wp\/v2\/tags?post=11190"}],"curies":[{"name":"wp","href":"https:\/\/api.w.org\/{rel}","templated":true}]}}