{"id":11181,"date":"2019-10-09T11:34:19","date_gmt":"2019-10-09T11:34:19","guid":{"rendered":"https:\/\/binauralmedia.org\/news\/?p=11181"},"modified":"2021-08-16T15:41:24","modified_gmt":"2021-08-16T15:41:24","slug":"vouzela-sonora-ouvir-ver-e-tocar-o-entorno-sonoro-10-de-outubro-de-2019","status":"publish","type":"post","link":"https:\/\/www.binauralmedia.org\/news\/arquivo\/11181","title":{"rendered":"Vouzela Sonora: ouvir, ver e tocar o entorno sonoro"},"content":{"rendered":"<div class=\"fusion-fullwidth fullwidth-box fusion-builder-row-1 nonhundred-percent-fullwidth non-hundred-percent-height-scrolling\" style=\"--awb-border-radius-top-left:0px;--awb-border-radius-top-right:0px;--awb-border-radius-bottom-right:0px;--awb-border-radius-bottom-left:0px;--awb-flex-wrap:wrap;\" ><div class=\"fusion-builder-row fusion-row\"><div class=\"fusion-layout-column fusion_builder_column fusion-builder-column-0 fusion_builder_column_1_1 1_1 fusion-one-full fusion-column-first fusion-column-last\" style=\"--awb-bg-size:cover;--awb-margin-bottom:0px;\"><div class=\"fusion-column-wrapper fusion-flex-column-wrapper-legacy\"><div class=\"fusion-text fusion-text-1\"><p>A\u00a0Binaural Nodar\u00a0ir\u00e1 participar com todo o entusiasmo na Semana Cultural da\u00a0ASSOL\u00a0&#8211; Associa\u00e7\u00e3o de Solidariedade Social de Laf\u00f5es, uma institui\u00e7\u00e3o com 30 anos de exist\u00eancia dedicada \u00e0 inclus\u00e3o das pessoas com defici\u00eancia ou doen\u00e7a mental.<\/p>\n<p>Lu\u00eds Costa e\u00a0Ana Rodr\u00edguez\u00a0(coordenadora do\u00a0Mapa sonoro de Uruguay que se encontra em Portugal a desenvolver v\u00e1rios projetos juntamente com a Binaural Nodar) ir\u00e3o desenvolver na pr\u00f3xima quin<span class=\"text_exposed_show\">ta-feira, dia 10 de outubro, uma a\u00e7\u00e3o intitulada &#8220;Vouzela Sonora: Ouvir, ver e tocar o entorno sonoro&#8221; atrav\u00e9s da qual quatro grupos de utentes da ASSOL com diferentes aptid\u00f5es sensoriais ir\u00e3o expressar a capta\u00e7\u00e3o do som do entorno das margens do rio Zela na vila de Vouzela com recurso a v\u00e1rios sentidos complementares.<\/span><\/p>\n<div class=\"text_exposed_show\">\n<p>Cabe um agradecimento \u00e0 Dra. Carla Maia, vereadora do Munic\u00edpio de Vouzela, pela intermedia\u00e7\u00e3o que tornou poss\u00edvel esta colabora\u00e7\u00e3o.<\/p>\n<\/div>\n<\/div><div class=\"fusion-clearfix\"><\/div><\/div><\/div><\/div><\/div>\n","protected":false},"excerpt":{"rendered":"","protected":false},"author":2,"featured_media":11268,"comment_status":"closed","ping_status":"closed","sticky":false,"template":"","format":"standard","meta":{"_acf_changed":false,"_bbp_topic_count":0,"_bbp_reply_count":0,"_bbp_total_topic_count":0,"_bbp_total_reply_count":0,"_bbp_voice_count":0,"_bbp_anonymous_reply_count":0,"_bbp_topic_count_hidden":0,"_bbp_reply_count_hidden":0,"_bbp_forum_subforum_count":0,"footnotes":""},"categories":[1,1159],"tags":[],"class_list":["post-11181","post","type-post","status-publish","format-standard","has-post-thumbnail","hentry","category-news","category-educational-programme"],"acf":[],"aioseo_notices":[],"aioseo_head":"\n\t\t<!-- All in One SEO 5.0.1.1 - aioseo.com -->\n\t<meta name=\"description\" content=\"A Binaural Nodar ir\u00e1 participar com todo o entusiasmo na Semana Cultural da ASSOL \u2013 Associa\u00e7\u00e3o de Solidariedade Social de Laf\u00f5es, uma institui\u00e7\u00e3o com 30 anos de exist\u00eancia dedicada \u00e0 inclus\u00e3o das pessoas com defici\u00eancia ou doen\u00e7a mental. Lu\u00eds Costa e Ana Rodr\u00edguez (coordenadora do Mapa sonoro de Uruguay que se encontra em Portugal a desenvolver v\u00e1rios projetos juntamente com a Binaural\" \/>\n\t<meta name=\"robots\" content=\"max-image-preview:large\" \/>\n\t<meta name=\"author\" content=\"luiscosta\"\/>\n\t<link rel=\"canonical\" href=\"https:\/\/www.binauralmedia.org\/news\/arquivo\/11181\" \/>\n\t<meta name=\"generator\" content=\"All in One SEO (AIOSEO) 5.0.1.1\" \/>\n\t\t<meta property=\"og:locale\" content=\"pt_PT\" \/>\n\t\t<meta property=\"og:site_name\" content=\"binauralmedia.org - Rural Based Sound\/Media Arts &amp; Social Research\" \/>\n\t\t<meta property=\"og:type\" content=\"article\" \/>\n\t\t<meta property=\"og:title\" content=\"Vouzela Sonora: ouvir, ver e tocar o entorno sonoro - binauralmedia.org\" \/>\n\t\t<meta property=\"og:description\" content=\"A Binaural Nodar ir\u00e1 participar com todo o entusiasmo na Semana Cultural da ASSOL \u2013 Associa\u00e7\u00e3o de Solidariedade Social de Laf\u00f5es, uma institui\u00e7\u00e3o com 30 anos de exist\u00eancia dedicada \u00e0 inclus\u00e3o das pessoas com defici\u00eancia ou doen\u00e7a mental. Lu\u00eds Costa e Ana Rodr\u00edguez (coordenadora do Mapa sonoro de Uruguay que se encontra em Portugal a desenvolver v\u00e1rios projetos juntamente com a Binaural\" \/>\n\t\t<meta property=\"og:url\" content=\"https:\/\/www.binauralmedia.org\/news\/arquivo\/11181\" \/>\n\t\t<meta property=\"article:published_time\" content=\"2019-10-09T11:34:19+00:00\" \/>\n\t\t<meta property=\"article:modified_time\" content=\"2021-08-16T15:41:24+00:00\" \/>\n\t\t<meta name=\"twitter:card\" content=\"summary_large_image\" \/>\n\t\t<meta name=\"twitter:title\" content=\"Vouzela Sonora: ouvir, ver e tocar o entorno sonoro - binauralmedia.org\" \/>\n\t\t<meta name=\"twitter:description\" content=\"A Binaural Nodar ir\u00e1 participar com todo o entusiasmo na Semana Cultural da ASSOL \u2013 Associa\u00e7\u00e3o de Solidariedade Social de Laf\u00f5es, uma institui\u00e7\u00e3o com 30 anos de exist\u00eancia dedicada \u00e0 inclus\u00e3o das pessoas com defici\u00eancia ou doen\u00e7a mental. Lu\u00eds Costa e Ana Rodr\u00edguez (coordenadora do Mapa sonoro de Uruguay que se encontra em Portugal a desenvolver v\u00e1rios projetos juntamente com a Binaural\" \/>\n\t\t<script type=\"application\/ld+json\" class=\"aioseo-schema\">\n\t\t\t{\"@context\":\"https:\\\/\\\/schema.org\",\"@graph\":[{\"@type\":\"BlogPosting\",\"@id\":\"https:\\\/\\\/www.binauralmedia.org\\\/news\\\/arquivo\\\/11181#blogposting\",\"name\":\"Vouzela Sonora: ouvir, ver e tocar o entorno sonoro - binauralmedia.org\",\"headline\":\"Vouzela Sonora: ouvir, ver e tocar o entorno sonoro\",\"author\":{\"@id\":\"https:\\\/\\\/www.binauralmedia.org\\\/news\\\/arquivo\\\/author\\\/luiscosta#author\"},\"publisher\":{\"@id\":\"https:\\\/\\\/www.binauralmedia.org\\\/news\\\/#organization\"},\"image\":{\"@type\":\"ImageObject\",\"url\":\"https:\\\/\\\/www.binauralmedia.org\\\/news\\\/wp-content\\\/uploads\\\/vouzela-sonora-ASSOL-website.jpg\",\"width\":1200,\"height\":800},\"datePublished\":\"2019-10-09T11:34:19+00:00\",\"dateModified\":\"2021-08-16T15:41:24+00:00\",\"inLanguage\":\"pt-PT\",\"mainEntityOfPage\":{\"@id\":\"https:\\\/\\\/www.binauralmedia.org\\\/news\\\/arquivo\\\/11181#webpage\"},\"isPartOf\":{\"@id\":\"https:\\\/\\\/www.binauralmedia.org\\\/news\\\/arquivo\\\/11181#webpage\"},\"articleSection\":\"Not\\u00edcias, Programa Educativo\"},{\"@type\":\"BreadcrumbList\",\"@id\":\"https:\\\/\\\/www.binauralmedia.org\\\/news\\\/arquivo\\\/11181#breadcrumblist\",\"itemListElement\":[{\"@type\":\"ListItem\",\"@id\":\"https:\\\/\\\/www.binauralmedia.org\\\/news#listItem\",\"position\":1,\"name\":\"Home\",\"item\":\"https:\\\/\\\/www.binauralmedia.org\\\/news\",\"nextItem\":{\"@type\":\"ListItem\",\"@id\":\"https:\\\/\\\/www.binauralmedia.org\\\/news\\\/arquivo\\\/category\\\/news#listItem\",\"name\":\"Not\\u00edcias\"}},{\"@type\":\"ListItem\",\"@id\":\"https:\\\/\\\/www.binauralmedia.org\\\/news\\\/arquivo\\\/category\\\/news#listItem\",\"position\":2,\"name\":\"Not\\u00edcias\",\"item\":\"https:\\\/\\\/www.binauralmedia.org\\\/news\\\/arquivo\\\/category\\\/news\",\"nextItem\":{\"@type\":\"ListItem\",\"@id\":\"https:\\\/\\\/www.binauralmedia.org\\\/news\\\/arquivo\\\/11181#listItem\",\"name\":\"Vouzela Sonora: ouvir, ver e tocar o entorno sonoro\"},\"previousItem\":{\"@type\":\"ListItem\",\"@id\":\"https:\\\/\\\/www.binauralmedia.org\\\/news#listItem\",\"name\":\"Home\"}},{\"@type\":\"ListItem\",\"@id\":\"https:\\\/\\\/www.binauralmedia.org\\\/news\\\/arquivo\\\/11181#listItem\",\"position\":3,\"name\":\"Vouzela Sonora: ouvir, ver e tocar o entorno sonoro\",\"previousItem\":{\"@type\":\"ListItem\",\"@id\":\"https:\\\/\\\/www.binauralmedia.org\\\/news\\\/arquivo\\\/category\\\/news#listItem\",\"name\":\"Not\\u00edcias\"}}]},{\"@type\":\"Organization\",\"@id\":\"https:\\\/\\\/www.binauralmedia.org\\\/news\\\/#organization\",\"name\":\"binauralmedia.org\",\"description\":\"Rural Based Sound\\\/Media Arts & Social Research\",\"url\":\"https:\\\/\\\/www.binauralmedia.org\\\/news\\\/\"},{\"@type\":\"Person\",\"@id\":\"https:\\\/\\\/www.binauralmedia.org\\\/news\\\/arquivo\\\/author\\\/luiscosta#author\",\"url\":\"https:\\\/\\\/www.binauralmedia.org\\\/news\\\/arquivo\\\/author\\\/luiscosta\",\"name\":\"luiscosta\"},{\"@type\":\"WebPage\",\"@id\":\"https:\\\/\\\/www.binauralmedia.org\\\/news\\\/arquivo\\\/11181#webpage\",\"url\":\"https:\\\/\\\/www.binauralmedia.org\\\/news\\\/arquivo\\\/11181\",\"name\":\"Vouzela Sonora: ouvir, ver e tocar o entorno sonoro - binauralmedia.org\",\"description\":\"A Binaural Nodar ir\\u00e1 participar com todo o entusiasmo na Semana Cultural da ASSOL \\u2013 Associa\\u00e7\\u00e3o de Solidariedade Social de Laf\\u00f5es, uma institui\\u00e7\\u00e3o com 30 anos de exist\\u00eancia dedicada \\u00e0 inclus\\u00e3o das pessoas com defici\\u00eancia ou doen\\u00e7a mental. Lu\\u00eds Costa e Ana Rodr\\u00edguez (coordenadora do Mapa sonoro de Uruguay que se encontra em Portugal a desenvolver v\\u00e1rios projetos juntamente com a Binaural\",\"inLanguage\":\"pt-PT\",\"isPartOf\":{\"@id\":\"https:\\\/\\\/www.binauralmedia.org\\\/news\\\/#website\"},\"breadcrumb\":{\"@id\":\"https:\\\/\\\/www.binauralmedia.org\\\/news\\\/arquivo\\\/11181#breadcrumblist\"},\"author\":{\"@id\":\"https:\\\/\\\/www.binauralmedia.org\\\/news\\\/arquivo\\\/author\\\/luiscosta#author\"},\"creator\":{\"@id\":\"https:\\\/\\\/www.binauralmedia.org\\\/news\\\/arquivo\\\/author\\\/luiscosta#author\"},\"image\":{\"@type\":\"ImageObject\",\"url\":\"https:\\\/\\\/www.binauralmedia.org\\\/news\\\/wp-content\\\/uploads\\\/vouzela-sonora-ASSOL-website.jpg\",\"@id\":\"https:\\\/\\\/www.binauralmedia.org\\\/news\\\/arquivo\\\/11181\\\/#mainImage\",\"width\":1200,\"height\":800},\"primaryImageOfPage\":{\"@id\":\"https:\\\/\\\/www.binauralmedia.org\\\/news\\\/arquivo\\\/11181#mainImage\"},\"datePublished\":\"2019-10-09T11:34:19+00:00\",\"dateModified\":\"2021-08-16T15:41:24+00:00\"},{\"@type\":\"WebSite\",\"@id\":\"https:\\\/\\\/www.binauralmedia.org\\\/news\\\/#website\",\"url\":\"https:\\\/\\\/www.binauralmedia.org\\\/news\\\/\",\"name\":\"binauralmedia.org\",\"description\":\"Rural Based Sound\\\/Media Arts & Social Research\",\"inLanguage\":\"pt-PT\",\"publisher\":{\"@id\":\"https:\\\/\\\/www.binauralmedia.org\\\/news\\\/#organization\"}}]}\n\t\t<\/script>\n\t\t<!-- All in One SEO -->\n\n","aioseo_head_json":{"title":"Vouzela Sonora: ouvir, ver e tocar o entorno sonoro - binauralmedia.org","description":"A Binaural Nodar ir\u00e1 participar com todo o entusiasmo na Semana Cultural da ASSOL \u2013 Associa\u00e7\u00e3o de Solidariedade Social de Laf\u00f5es, uma institui\u00e7\u00e3o com 30 anos de exist\u00eancia dedicada \u00e0 inclus\u00e3o das pessoas com defici\u00eancia ou doen\u00e7a mental. Lu\u00eds Costa e Ana Rodr\u00edguez (coordenadora do Mapa sonoro de Uruguay que se encontra em Portugal a desenvolver v\u00e1rios projetos juntamente com a Binaural","canonical_url":"https:\/\/www.binauralmedia.org\/news\/arquivo\/11181","robots":"max-image-preview:large","keywords":"","webmasterTools":{"miscellaneous":""},"schema":{"@context":"https:\/\/schema.org","@graph":[{"@type":"BlogPosting","@id":"https:\/\/www.binauralmedia.org\/news\/arquivo\/11181#blogposting","name":"Vouzela Sonora: ouvir, ver e tocar o entorno sonoro - binauralmedia.org","headline":"Vouzela Sonora: ouvir, ver e tocar o entorno sonoro","author":{"@id":"https:\/\/www.binauralmedia.org\/news\/arquivo\/author\/luiscosta#author"},"publisher":{"@id":"https:\/\/www.binauralmedia.org\/news\/#organization"},"image":{"@type":"ImageObject","url":"https:\/\/www.binauralmedia.org\/news\/wp-content\/uploads\/vouzela-sonora-ASSOL-website.jpg","width":1200,"height":800},"datePublished":"2019-10-09T11:34:19+00:00","dateModified":"2021-08-16T15:41:24+00:00","inLanguage":"pt-PT","mainEntityOfPage":{"@id":"https:\/\/www.binauralmedia.org\/news\/arquivo\/11181#webpage"},"isPartOf":{"@id":"https:\/\/www.binauralmedia.org\/news\/arquivo\/11181#webpage"},"articleSection":"Not\u00edcias, Programa Educativo"},{"@type":"BreadcrumbList","@id":"https:\/\/www.binauralmedia.org\/news\/arquivo\/11181#breadcrumblist","itemListElement":[{"@type":"ListItem","@id":"https:\/\/www.binauralmedia.org\/news#listItem","position":1,"name":"Home","item":"https:\/\/www.binauralmedia.org\/news","nextItem":{"@type":"ListItem","@id":"https:\/\/www.binauralmedia.org\/news\/arquivo\/category\/news#listItem","name":"Not\u00edcias"}},{"@type":"ListItem","@id":"https:\/\/www.binauralmedia.org\/news\/arquivo\/category\/news#listItem","position":2,"name":"Not\u00edcias","item":"https:\/\/www.binauralmedia.org\/news\/arquivo\/category\/news","nextItem":{"@type":"ListItem","@id":"https:\/\/www.binauralmedia.org\/news\/arquivo\/11181#listItem","name":"Vouzela Sonora: ouvir, ver e tocar o entorno sonoro"},"previousItem":{"@type":"ListItem","@id":"https:\/\/www.binauralmedia.org\/news#listItem","name":"Home"}},{"@type":"ListItem","@id":"https:\/\/www.binauralmedia.org\/news\/arquivo\/11181#listItem","position":3,"name":"Vouzela Sonora: ouvir, ver e tocar o entorno sonoro","previousItem":{"@type":"ListItem","@id":"https:\/\/www.binauralmedia.org\/news\/arquivo\/category\/news#listItem","name":"Not\u00edcias"}}]},{"@type":"Organization","@id":"https:\/\/www.binauralmedia.org\/news\/#organization","name":"binauralmedia.org","description":"Rural Based Sound\/Media Arts & Social Research","url":"https:\/\/www.binauralmedia.org\/news\/"},{"@type":"Person","@id":"https:\/\/www.binauralmedia.org\/news\/arquivo\/author\/luiscosta#author","url":"https:\/\/www.binauralmedia.org\/news\/arquivo\/author\/luiscosta","name":"luiscosta"},{"@type":"WebPage","@id":"https:\/\/www.binauralmedia.org\/news\/arquivo\/11181#webpage","url":"https:\/\/www.binauralmedia.org\/news\/arquivo\/11181","name":"Vouzela Sonora: ouvir, ver e tocar o entorno sonoro - binauralmedia.org","description":"A Binaural Nodar ir\u00e1 participar com todo o entusiasmo na Semana Cultural da ASSOL \u2013 Associa\u00e7\u00e3o de Solidariedade Social de Laf\u00f5es, uma institui\u00e7\u00e3o com 30 anos de exist\u00eancia dedicada \u00e0 inclus\u00e3o das pessoas com defici\u00eancia ou doen\u00e7a mental. Lu\u00eds Costa e Ana Rodr\u00edguez (coordenadora do Mapa sonoro de Uruguay que se encontra em Portugal a desenvolver v\u00e1rios projetos juntamente com a Binaural","inLanguage":"pt-PT","isPartOf":{"@id":"https:\/\/www.binauralmedia.org\/news\/#website"},"breadcrumb":{"@id":"https:\/\/www.binauralmedia.org\/news\/arquivo\/11181#breadcrumblist"},"author":{"@id":"https:\/\/www.binauralmedia.org\/news\/arquivo\/author\/luiscosta#author"},"creator":{"@id":"https:\/\/www.binauralmedia.org\/news\/arquivo\/author\/luiscosta#author"},"image":{"@type":"ImageObject","url":"https:\/\/www.binauralmedia.org\/news\/wp-content\/uploads\/vouzela-sonora-ASSOL-website.jpg","@id":"https:\/\/www.binauralmedia.org\/news\/arquivo\/11181\/#mainImage","width":1200,"height":800},"primaryImageOfPage":{"@id":"https:\/\/www.binauralmedia.org\/news\/arquivo\/11181#mainImage"},"datePublished":"2019-10-09T11:34:19+00:00","dateModified":"2021-08-16T15:41:24+00:00"},{"@type":"WebSite","@id":"https:\/\/www.binauralmedia.org\/news\/#website","url":"https:\/\/www.binauralmedia.org\/news\/","name":"binauralmedia.org","description":"Rural Based Sound\/Media Arts & Social Research","inLanguage":"pt-PT","publisher":{"@id":"https:\/\/www.binauralmedia.org\/news\/#organization"}}]},"og:locale":"pt_PT","og:site_name":"binauralmedia.org - Rural Based Sound\/Media Arts &amp; Social Research","og:type":"article","og:title":"Vouzela Sonora: ouvir, ver e tocar o entorno sonoro - binauralmedia.org","og:description":"A Binaural Nodar ir\u00e1 participar com todo o entusiasmo na Semana Cultural da ASSOL \u2013 Associa\u00e7\u00e3o de Solidariedade Social de Laf\u00f5es, uma institui\u00e7\u00e3o com 30 anos de exist\u00eancia dedicada \u00e0 inclus\u00e3o das pessoas com defici\u00eancia ou doen\u00e7a mental. Lu\u00eds Costa e Ana Rodr\u00edguez (coordenadora do Mapa sonoro de Uruguay que se encontra em Portugal a desenvolver v\u00e1rios projetos juntamente com a Binaural","og:url":"https:\/\/www.binauralmedia.org\/news\/arquivo\/11181","article:published_time":"2019-10-09T11:34:19+00:00","article:modified_time":"2021-08-16T15:41:24+00:00","twitter:card":"summary_large_image","twitter:title":"Vouzela Sonora: ouvir, ver e tocar o entorno sonoro - binauralmedia.org","twitter:description":"A Binaural Nodar ir\u00e1 participar com todo o entusiasmo na Semana Cultural da ASSOL \u2013 Associa\u00e7\u00e3o de Solidariedade Social de Laf\u00f5es, uma institui\u00e7\u00e3o com 30 anos de exist\u00eancia dedicada \u00e0 inclus\u00e3o das pessoas com defici\u00eancia ou doen\u00e7a mental. Lu\u00eds Costa e Ana Rodr\u00edguez (coordenadora do Mapa sonoro de Uruguay que se encontra em Portugal a desenvolver v\u00e1rios projetos juntamente com a Binaural"},"aioseo_meta_data":{"post_id":"11181","title":null,"description":null,"keywords":null,"keyphrases":null,"primary_term":null,"canonical_url":null,"og_title":null,"og_description":null,"og_object_type":"default","og_image_type":"default","og_image_custom_url":null,"og_image_custom_fields":null,"og_image_url":null,"og_image_width":null,"og_image_height":null,"og_video":null,"og_custom_url":null,"og_article_section":null,"og_article_tags":null,"twitter_use_og":false,"twitter_card":"default","twitter_image_type":"default","twitter_image_custom_url":null,"twitter_image_custom_fields":null,"twitter_image_url":null,"twitter_title":null,"twitter_description":null,"schema_type":"default","schema_type_options":null,"schema":{"blockGraphs":[],"customGraphs":[],"default":{"data":{"Article":[],"Course":[],"Dataset":[],"FAQPage":[],"Movie":[],"Person":[],"Product":[],"ProductReview":[],"Car":[],"Recipe":[],"Service":[],"SoftwareApplication":[],"WebPage":[]},"graphName":"","isEnabled":true},"graphs":[]},"pillar_content":false,"robots_default":true,"robots_noindex":false,"robots_noarchive":false,"robots_nosnippet":false,"robots_nofollow":false,"robots_noimageindex":false,"robots_noodp":false,"robots_notranslate":false,"robots_max_snippet":null,"robots_max_videopreview":null,"robots_max_imagepreview":"large","priority":null,"frequency":null,"local_seo":null,"limit_modified_date":false,"ai":null,"breadcrumb_settings":null,"seo_analyzer_scan_date":null,"created":"2026-08-05 04:12:54","updated":"2026-08-05 04:12:54","focus_keyword":null,"additional_keywords":null,"truseo_locale":null},"aioseo_breadcrumb":"<div class=\"aioseo-breadcrumbs\"><span class=\"aioseo-breadcrumb\">\n\t\t\t<a href=\"https:\/\/www.binauralmedia.org\/news\" title=\"Home\">Home<\/a>\n\t\t<\/span><span class=\"aioseo-breadcrumb-separator\">&raquo;<\/span><span class=\"aioseo-breadcrumb\">\n\t\t\t<a href=\"https:\/\/www.binauralmedia.org\/news\/arquivo\/category\/news\" title=\"Not\u00edcias\">Not\u00edcias<\/a>\n\t\t<\/span><span class=\"aioseo-breadcrumb-separator\">&raquo;<\/span><span class=\"aioseo-breadcrumb\">\n\t\t\tVouzela Sonora: ouvir, ver e tocar o entorno sonoro\n\t\t<\/span><\/div>","aioseo_breadcrumb_json":[{"label":"Home","link":"https:\/\/www.binauralmedia.org\/news"},{"label":"Not\u00edcias","link":"https:\/\/www.binauralmedia.org\/news\/arquivo\/category\/news"},{"label":"Vouzela Sonora: ouvir, ver e tocar o entorno sonoro","link":"https:\/\/www.binauralmedia.org\/news\/arquivo\/11181"}],"_links":{"self":[{"href":"https:\/\/www.binauralmedia.org\/news\/wp-json\/wp\/v2\/posts\/11181","targetHints":{"allow":["GET"]}}],"collection":[{"href":"https:\/\/www.binauralmedia.org\/news\/wp-json\/wp\/v2\/posts"}],"about":[{"href":"https:\/\/www.binauralmedia.org\/news\/wp-json\/wp\/v2\/types\/post"}],"author":[{"embeddable":true,"href":"https:\/\/www.binauralmedia.org\/news\/wp-json\/wp\/v2\/users\/2"}],"replies":[{"embeddable":true,"href":"https:\/\/www.binauralmedia.org\/news\/wp-json\/wp\/v2\/comments?post=11181"}],"version-history":[{"count":5,"href":"https:\/\/www.binauralmedia.org\/news\/wp-json\/wp\/v2\/posts\/11181\/revisions"}],"predecessor-version":[{"id":13414,"href":"https:\/\/www.binauralmedia.org\/news\/wp-json\/wp\/v2\/posts\/11181\/revisions\/13414"}],"wp:featuredmedia":[{"embeddable":true,"href":"https:\/\/www.binauralmedia.org\/news\/wp-json\/wp\/v2\/media\/11268"}],"wp:attachment":[{"href":"https:\/\/www.binauralmedia.org\/news\/wp-json\/wp\/v2\/media?parent=11181"}],"wp:term":[{"taxonomy":"category","embeddable":true,"href":"https:\/\/www.binauralmedia.org\/news\/wp-json\/wp\/v2\/categories?post=11181"},{"taxonomy":"post_tag","embeddable":true,"href":"https:\/\/www.binauralmedia.org\/news\/wp-json\/wp\/v2\/tags?post=11181"}],"curies":[{"name":"wp","href":"https:\/\/api.w.org\/{rel}","templated":true}]}}