{"id":11149,"date":"2019-08-09T16:19:52","date_gmt":"2019-08-09T16:19:52","guid":{"rendered":"https:\/\/binauralmedia.org\/news\/?p=11149"},"modified":"2021-08-16T15:41:23","modified_gmt":"2021-08-16T15:41:23","slug":"imersao-sonora-termal","status":"publish","type":"post","link":"https:\/\/www.binauralmedia.org\/news\/arquivo\/11149","title":{"rendered":"Binaural Nodar apresenta a nova cria\u00e7\u00e3o &#8220;Imers\u00e3o Sonora Termal&#8221;"},"content":{"rendered":"<div class=\"fusion-fullwidth fullwidth-box fusion-builder-row-1 nonhundred-percent-fullwidth non-hundred-percent-height-scrolling\" style=\"--awb-border-radius-top-left:0px;--awb-border-radius-top-right:0px;--awb-border-radius-bottom-right:0px;--awb-border-radius-bottom-left:0px;--awb-flex-wrap:wrap;\" ><div class=\"fusion-builder-row fusion-row\"><div class=\"fusion-layout-column fusion_builder_column fusion-builder-column-0 fusion_builder_column_1_1 1_1 fusion-one-full fusion-column-first fusion-column-last\" style=\"--awb-bg-size:cover;--awb-margin-bottom:0px;\"><div class=\"fusion-column-wrapper fusion-flex-column-wrapper-legacy\"><div class=\"fusion-text fusion-text-1\"><p>Imers\u00e3o Sonora Termal<br \/>\nUm espet\u00e1culo multim\u00e9dia da Binaural Nodar<br \/>\nDura\u00e7\u00e3o 45 minutos<\/p>\n<p>Datas:<\/p>\n<p>1 setembro \u00e0s 21h00<span class=\"text_exposed_show\"><br \/>\nTermas S. Pedro do Sul,\u00a0Munic\u00edpio S\u00e3o Pedro do Sul<br \/>\n(integrado na programa\u00e7\u00e3o do\u00a0Festival da \u00c1gua &#8211; Termas de S\u00e3o Pedro do Sul)<\/span><\/p>\n<div class=\"text_exposed_show\">\n<p>7 setembro \u00e0s 21h00<br \/>\nTermas do Carvalhal, Munic\u00edpio de Castro Daire<\/p>\n<p>14 setembro \u00e0s 21h00<br \/>\nCaldas da Felgueira Termas e SPA,\u00a0Munic\u00edpio de Nelas<\/p>\n<p>A\u00a0Binaural Nodar tem o gosto de anunciar o espet\u00e1culo Imers\u00e3o Sonora Termal, produzido no \u00e2mbito da Rede Cultural Viseu D\u00e3o Laf\u00f5es\u00a0dos munic\u00edpios integrados na\u00a0Comunidade Intermunicipal Viseu D\u00e3o Laf\u00f5es.<\/p>\n<p>As termas do territo\u0301rio sa\u0303o espac\u0327os em profunda transformac\u0327a\u0303o em que a beneficiac\u0327a\u0303o que os edifi\u0301cios termais criou um conjunto de oportunidades de amplificac\u0327a\u0303o sensorial da experie\u0302ncia dos aquistas. Porque na\u0303o associar bem estar e criac\u0327a\u0303o arti\u0301stica? Este e\u0301 o repto de Imersa\u0303o Sonora Termal, o qual se materializara\u0301 na criac\u0327a\u0303o ao vivo de ambientes sonoros e visuais imersivos e especi\u0301ficos, ou seja, desenvolvidos a partir das histo\u0301rias e mem\u00f3rias das termas locais.<\/p>\n<p>Ficha t\u00e9cnica:<\/p>\n<p>Uma ideia original de\u00a0Luis Gomes da Costa<br \/>\nCria\u00e7\u00e3o v\u00eddeo:\u00a0Liliana Silva<br \/>\nComposi\u00e7\u00e3o sonora:\u00a0Rui Colbert Costa<br \/>\nTextos e voz: Lu\u00eds Gomes da Costa<br \/>\nVioloncelo e processamento eletr\u00f3nico: Natividad Plasencia<\/p>\n<\/div>\n<\/div><div class=\"fusion-clearfix\"><\/div><\/div><\/div><\/div><\/div>\n","protected":false},"excerpt":{"rendered":"","protected":false},"author":2,"featured_media":11989,"comment_status":"closed","ping_status":"closed","sticky":false,"template":"","format":"standard","meta":{"_acf_changed":false,"_bbp_topic_count":0,"_bbp_reply_count":0,"_bbp_total_topic_count":0,"_bbp_total_reply_count":0,"_bbp_voice_count":0,"_bbp_anonymous_reply_count":0,"_bbp_topic_count_hidden":0,"_bbp_reply_count_hidden":0,"_bbp_forum_subforum_count":0,"footnotes":""},"categories":[1161,1],"tags":[],"class_list":["post-11149","post","type-post","status-publish","format-standard","has-post-thumbnail","hentry","category-artistic-creations","category-news"],"acf":[],"aioseo_notices":[],"aioseo_head":"\n\t\t<!-- All in One SEO 5.0.1.1 - aioseo.com -->\n\t<meta name=\"description\" content=\"Imers\u00e3o Sonora Termal Um espet\u00e1culo multim\u00e9dia da Binaural Nodar Dura\u00e7\u00e3o 45 minutos Datas: 1 setembro \u00e0s 21h00 Termas S. Pedro do Sul, Munic\u00edpio S\u00e3o Pedro do Sul (integrado na programa\u00e7\u00e3o do Festival da \u00c1gua \u2013 Termas de S\u00e3o Pedro do Sul) 7 setembro \u00e0s 21h00 Termas do Carvalhal, Munic\u00edpio de Castro Daire 14 setembro \u00e0s 21h00 Caldas\" \/>\n\t<meta name=\"robots\" content=\"max-image-preview:large\" \/>\n\t<meta name=\"author\" content=\"luiscosta\"\/>\n\t<link rel=\"canonical\" href=\"https:\/\/www.binauralmedia.org\/news\/arquivo\/11149\" \/>\n\t<meta name=\"generator\" content=\"All in One SEO (AIOSEO) 5.0.1.1\" \/>\n\t\t<meta property=\"og:locale\" content=\"pt_PT\" \/>\n\t\t<meta property=\"og:site_name\" content=\"binauralmedia.org - Rural Based Sound\/Media Arts &amp; Social Research\" \/>\n\t\t<meta property=\"og:type\" content=\"article\" \/>\n\t\t<meta property=\"og:title\" content=\"Binaural Nodar apresenta a nova cria\u00e7\u00e3o \u201cImers\u00e3o Sonora Termal\u201d - binauralmedia.org\" \/>\n\t\t<meta property=\"og:description\" content=\"Imers\u00e3o Sonora Termal Um espet\u00e1culo multim\u00e9dia da Binaural Nodar Dura\u00e7\u00e3o 45 minutos Datas: 1 setembro \u00e0s 21h00 Termas S. Pedro do Sul, Munic\u00edpio S\u00e3o Pedro do Sul (integrado na programa\u00e7\u00e3o do Festival da \u00c1gua \u2013 Termas de S\u00e3o Pedro do Sul) 7 setembro \u00e0s 21h00 Termas do Carvalhal, Munic\u00edpio de Castro Daire 14 setembro \u00e0s 21h00 Caldas\" \/>\n\t\t<meta property=\"og:url\" content=\"https:\/\/www.binauralmedia.org\/news\/arquivo\/11149\" \/>\n\t\t<meta property=\"article:published_time\" content=\"2019-08-09T16:19:52+00:00\" \/>\n\t\t<meta property=\"article:modified_time\" content=\"2021-08-16T15:41:23+00:00\" \/>\n\t\t<meta name=\"twitter:card\" content=\"summary_large_image\" \/>\n\t\t<meta name=\"twitter:title\" content=\"Binaural Nodar apresenta a nova cria\u00e7\u00e3o \u201cImers\u00e3o Sonora Termal\u201d - binauralmedia.org\" \/>\n\t\t<meta name=\"twitter:description\" content=\"Imers\u00e3o Sonora Termal Um espet\u00e1culo multim\u00e9dia da Binaural Nodar Dura\u00e7\u00e3o 45 minutos Datas: 1 setembro \u00e0s 21h00 Termas S. Pedro do Sul, Munic\u00edpio S\u00e3o Pedro do Sul (integrado na programa\u00e7\u00e3o do Festival da \u00c1gua \u2013 Termas de S\u00e3o Pedro do Sul) 7 setembro \u00e0s 21h00 Termas do Carvalhal, Munic\u00edpio de Castro Daire 14 setembro \u00e0s 21h00 Caldas\" \/>\n\t\t<script type=\"application\/ld+json\" class=\"aioseo-schema\">\n\t\t\t{\"@context\":\"https:\\\/\\\/schema.org\",\"@graph\":[{\"@type\":\"BlogPosting\",\"@id\":\"https:\\\/\\\/www.binauralmedia.org\\\/news\\\/arquivo\\\/11149#blogposting\",\"name\":\"Binaural Nodar apresenta a nova cria\\u00e7\\u00e3o \\u201cImers\\u00e3o Sonora Termal\\u201d - binauralmedia.org\",\"headline\":\"Binaural Nodar apresenta a nova cria\\u00e7\\u00e3o &#8220;Imers\\u00e3o Sonora Termal&#8221;\",\"author\":{\"@id\":\"https:\\\/\\\/www.binauralmedia.org\\\/news\\\/arquivo\\\/author\\\/luiscosta#author\"},\"publisher\":{\"@id\":\"https:\\\/\\\/www.binauralmedia.org\\\/news\\\/#organization\"},\"image\":{\"@type\":\"ImageObject\",\"url\":\"https:\\\/\\\/www.binauralmedia.org\\\/news\\\/wp-content\\\/uploads\\\/20190704-Vi\\u0301deos-Imersa\\u0303o-sonora-termal-P1260533-scaled-e1587288654753.jpg\",\"width\":1014,\"height\":675},\"datePublished\":\"2019-08-09T16:19:52+00:00\",\"dateModified\":\"2021-08-16T15:41:23+00:00\",\"inLanguage\":\"pt-PT\",\"mainEntityOfPage\":{\"@id\":\"https:\\\/\\\/www.binauralmedia.org\\\/news\\\/arquivo\\\/11149#webpage\"},\"isPartOf\":{\"@id\":\"https:\\\/\\\/www.binauralmedia.org\\\/news\\\/arquivo\\\/11149#webpage\"},\"articleSection\":\"Cria\\u00e7\\u00f5es Art\\u00edsticas, Not\\u00edcias\"},{\"@type\":\"BreadcrumbList\",\"@id\":\"https:\\\/\\\/www.binauralmedia.org\\\/news\\\/arquivo\\\/11149#breadcrumblist\",\"itemListElement\":[{\"@type\":\"ListItem\",\"@id\":\"https:\\\/\\\/www.binauralmedia.org\\\/news#listItem\",\"position\":1,\"name\":\"Home\",\"item\":\"https:\\\/\\\/www.binauralmedia.org\\\/news\",\"nextItem\":{\"@type\":\"ListItem\",\"@id\":\"https:\\\/\\\/www.binauralmedia.org\\\/news\\\/arquivo\\\/category\\\/news#listItem\",\"name\":\"Not\\u00edcias\"}},{\"@type\":\"ListItem\",\"@id\":\"https:\\\/\\\/www.binauralmedia.org\\\/news\\\/arquivo\\\/category\\\/news#listItem\",\"position\":2,\"name\":\"Not\\u00edcias\",\"item\":\"https:\\\/\\\/www.binauralmedia.org\\\/news\\\/arquivo\\\/category\\\/news\",\"nextItem\":{\"@type\":\"ListItem\",\"@id\":\"https:\\\/\\\/www.binauralmedia.org\\\/news\\\/arquivo\\\/11149#listItem\",\"name\":\"Binaural Nodar apresenta a nova cria\\u00e7\\u00e3o &#8220;Imers\\u00e3o Sonora Termal&#8221;\"},\"previousItem\":{\"@type\":\"ListItem\",\"@id\":\"https:\\\/\\\/www.binauralmedia.org\\\/news#listItem\",\"name\":\"Home\"}},{\"@type\":\"ListItem\",\"@id\":\"https:\\\/\\\/www.binauralmedia.org\\\/news\\\/arquivo\\\/11149#listItem\",\"position\":3,\"name\":\"Binaural Nodar apresenta a nova cria\\u00e7\\u00e3o &#8220;Imers\\u00e3o Sonora Termal&#8221;\",\"previousItem\":{\"@type\":\"ListItem\",\"@id\":\"https:\\\/\\\/www.binauralmedia.org\\\/news\\\/arquivo\\\/category\\\/news#listItem\",\"name\":\"Not\\u00edcias\"}}]},{\"@type\":\"Organization\",\"@id\":\"https:\\\/\\\/www.binauralmedia.org\\\/news\\\/#organization\",\"name\":\"binauralmedia.org\",\"description\":\"Rural Based Sound\\\/Media Arts & Social Research\",\"url\":\"https:\\\/\\\/www.binauralmedia.org\\\/news\\\/\"},{\"@type\":\"Person\",\"@id\":\"https:\\\/\\\/www.binauralmedia.org\\\/news\\\/arquivo\\\/author\\\/luiscosta#author\",\"url\":\"https:\\\/\\\/www.binauralmedia.org\\\/news\\\/arquivo\\\/author\\\/luiscosta\",\"name\":\"luiscosta\"},{\"@type\":\"WebPage\",\"@id\":\"https:\\\/\\\/www.binauralmedia.org\\\/news\\\/arquivo\\\/11149#webpage\",\"url\":\"https:\\\/\\\/www.binauralmedia.org\\\/news\\\/arquivo\\\/11149\",\"name\":\"Binaural Nodar apresenta a nova cria\\u00e7\\u00e3o \\u201cImers\\u00e3o Sonora Termal\\u201d - binauralmedia.org\",\"description\":\"Imers\\u00e3o Sonora Termal Um espet\\u00e1culo multim\\u00e9dia da Binaural Nodar Dura\\u00e7\\u00e3o 45 minutos Datas: 1 setembro \\u00e0s 21h00 Termas S. Pedro do Sul, Munic\\u00edpio S\\u00e3o Pedro do Sul (integrado na programa\\u00e7\\u00e3o do Festival da \\u00c1gua \\u2013 Termas de S\\u00e3o Pedro do Sul) 7 setembro \\u00e0s 21h00 Termas do Carvalhal, Munic\\u00edpio de Castro Daire 14 setembro \\u00e0s 21h00 Caldas\",\"inLanguage\":\"pt-PT\",\"isPartOf\":{\"@id\":\"https:\\\/\\\/www.binauralmedia.org\\\/news\\\/#website\"},\"breadcrumb\":{\"@id\":\"https:\\\/\\\/www.binauralmedia.org\\\/news\\\/arquivo\\\/11149#breadcrumblist\"},\"author\":{\"@id\":\"https:\\\/\\\/www.binauralmedia.org\\\/news\\\/arquivo\\\/author\\\/luiscosta#author\"},\"creator\":{\"@id\":\"https:\\\/\\\/www.binauralmedia.org\\\/news\\\/arquivo\\\/author\\\/luiscosta#author\"},\"image\":{\"@type\":\"ImageObject\",\"url\":\"https:\\\/\\\/www.binauralmedia.org\\\/news\\\/wp-content\\\/uploads\\\/20190704-Vi\\u0301deos-Imersa\\u0303o-sonora-termal-P1260533-scaled-e1587288654753.jpg\",\"@id\":\"https:\\\/\\\/www.binauralmedia.org\\\/news\\\/arquivo\\\/11149\\\/#mainImage\",\"width\":1014,\"height\":675},\"primaryImageOfPage\":{\"@id\":\"https:\\\/\\\/www.binauralmedia.org\\\/news\\\/arquivo\\\/11149#mainImage\"},\"datePublished\":\"2019-08-09T16:19:52+00:00\",\"dateModified\":\"2021-08-16T15:41:23+00:00\"},{\"@type\":\"WebSite\",\"@id\":\"https:\\\/\\\/www.binauralmedia.org\\\/news\\\/#website\",\"url\":\"https:\\\/\\\/www.binauralmedia.org\\\/news\\\/\",\"name\":\"binauralmedia.org\",\"description\":\"Rural Based Sound\\\/Media Arts & Social Research\",\"inLanguage\":\"pt-PT\",\"publisher\":{\"@id\":\"https:\\\/\\\/www.binauralmedia.org\\\/news\\\/#organization\"}}]}\n\t\t<\/script>\n\t\t<!-- All in One SEO -->\n\n","aioseo_head_json":{"title":"Binaural Nodar apresenta a nova cria\u00e7\u00e3o \u201cImers\u00e3o Sonora Termal\u201d - binauralmedia.org","description":"Imers\u00e3o Sonora Termal Um espet\u00e1culo multim\u00e9dia da Binaural Nodar Dura\u00e7\u00e3o 45 minutos Datas: 1 setembro \u00e0s 21h00 Termas S. Pedro do Sul, Munic\u00edpio S\u00e3o Pedro do Sul (integrado na programa\u00e7\u00e3o do Festival da \u00c1gua \u2013 Termas de S\u00e3o Pedro do Sul) 7 setembro \u00e0s 21h00 Termas do Carvalhal, Munic\u00edpio de Castro Daire 14 setembro \u00e0s 21h00 Caldas","canonical_url":"https:\/\/www.binauralmedia.org\/news\/arquivo\/11149","robots":"max-image-preview:large","keywords":"","webmasterTools":{"miscellaneous":""},"schema":{"@context":"https:\/\/schema.org","@graph":[{"@type":"BlogPosting","@id":"https:\/\/www.binauralmedia.org\/news\/arquivo\/11149#blogposting","name":"Binaural Nodar apresenta a nova cria\u00e7\u00e3o \u201cImers\u00e3o Sonora Termal\u201d - binauralmedia.org","headline":"Binaural Nodar apresenta a nova cria\u00e7\u00e3o &#8220;Imers\u00e3o Sonora Termal&#8221;","author":{"@id":"https:\/\/www.binauralmedia.org\/news\/arquivo\/author\/luiscosta#author"},"publisher":{"@id":"https:\/\/www.binauralmedia.org\/news\/#organization"},"image":{"@type":"ImageObject","url":"https:\/\/www.binauralmedia.org\/news\/wp-content\/uploads\/20190704-Vi\u0301deos-Imersa\u0303o-sonora-termal-P1260533-scaled-e1587288654753.jpg","width":1014,"height":675},"datePublished":"2019-08-09T16:19:52+00:00","dateModified":"2021-08-16T15:41:23+00:00","inLanguage":"pt-PT","mainEntityOfPage":{"@id":"https:\/\/www.binauralmedia.org\/news\/arquivo\/11149#webpage"},"isPartOf":{"@id":"https:\/\/www.binauralmedia.org\/news\/arquivo\/11149#webpage"},"articleSection":"Cria\u00e7\u00f5es Art\u00edsticas, Not\u00edcias"},{"@type":"BreadcrumbList","@id":"https:\/\/www.binauralmedia.org\/news\/arquivo\/11149#breadcrumblist","itemListElement":[{"@type":"ListItem","@id":"https:\/\/www.binauralmedia.org\/news#listItem","position":1,"name":"Home","item":"https:\/\/www.binauralmedia.org\/news","nextItem":{"@type":"ListItem","@id":"https:\/\/www.binauralmedia.org\/news\/arquivo\/category\/news#listItem","name":"Not\u00edcias"}},{"@type":"ListItem","@id":"https:\/\/www.binauralmedia.org\/news\/arquivo\/category\/news#listItem","position":2,"name":"Not\u00edcias","item":"https:\/\/www.binauralmedia.org\/news\/arquivo\/category\/news","nextItem":{"@type":"ListItem","@id":"https:\/\/www.binauralmedia.org\/news\/arquivo\/11149#listItem","name":"Binaural Nodar apresenta a nova cria\u00e7\u00e3o &#8220;Imers\u00e3o Sonora Termal&#8221;"},"previousItem":{"@type":"ListItem","@id":"https:\/\/www.binauralmedia.org\/news#listItem","name":"Home"}},{"@type":"ListItem","@id":"https:\/\/www.binauralmedia.org\/news\/arquivo\/11149#listItem","position":3,"name":"Binaural Nodar apresenta a nova cria\u00e7\u00e3o &#8220;Imers\u00e3o Sonora Termal&#8221;","previousItem":{"@type":"ListItem","@id":"https:\/\/www.binauralmedia.org\/news\/arquivo\/category\/news#listItem","name":"Not\u00edcias"}}]},{"@type":"Organization","@id":"https:\/\/www.binauralmedia.org\/news\/#organization","name":"binauralmedia.org","description":"Rural Based Sound\/Media Arts & Social Research","url":"https:\/\/www.binauralmedia.org\/news\/"},{"@type":"Person","@id":"https:\/\/www.binauralmedia.org\/news\/arquivo\/author\/luiscosta#author","url":"https:\/\/www.binauralmedia.org\/news\/arquivo\/author\/luiscosta","name":"luiscosta"},{"@type":"WebPage","@id":"https:\/\/www.binauralmedia.org\/news\/arquivo\/11149#webpage","url":"https:\/\/www.binauralmedia.org\/news\/arquivo\/11149","name":"Binaural Nodar apresenta a nova cria\u00e7\u00e3o \u201cImers\u00e3o Sonora Termal\u201d - binauralmedia.org","description":"Imers\u00e3o Sonora Termal Um espet\u00e1culo multim\u00e9dia da Binaural Nodar Dura\u00e7\u00e3o 45 minutos Datas: 1 setembro \u00e0s 21h00 Termas S. Pedro do Sul, Munic\u00edpio S\u00e3o Pedro do Sul (integrado na programa\u00e7\u00e3o do Festival da \u00c1gua \u2013 Termas de S\u00e3o Pedro do Sul) 7 setembro \u00e0s 21h00 Termas do Carvalhal, Munic\u00edpio de Castro Daire 14 setembro \u00e0s 21h00 Caldas","inLanguage":"pt-PT","isPartOf":{"@id":"https:\/\/www.binauralmedia.org\/news\/#website"},"breadcrumb":{"@id":"https:\/\/www.binauralmedia.org\/news\/arquivo\/11149#breadcrumblist"},"author":{"@id":"https:\/\/www.binauralmedia.org\/news\/arquivo\/author\/luiscosta#author"},"creator":{"@id":"https:\/\/www.binauralmedia.org\/news\/arquivo\/author\/luiscosta#author"},"image":{"@type":"ImageObject","url":"https:\/\/www.binauralmedia.org\/news\/wp-content\/uploads\/20190704-Vi\u0301deos-Imersa\u0303o-sonora-termal-P1260533-scaled-e1587288654753.jpg","@id":"https:\/\/www.binauralmedia.org\/news\/arquivo\/11149\/#mainImage","width":1014,"height":675},"primaryImageOfPage":{"@id":"https:\/\/www.binauralmedia.org\/news\/arquivo\/11149#mainImage"},"datePublished":"2019-08-09T16:19:52+00:00","dateModified":"2021-08-16T15:41:23+00:00"},{"@type":"WebSite","@id":"https:\/\/www.binauralmedia.org\/news\/#website","url":"https:\/\/www.binauralmedia.org\/news\/","name":"binauralmedia.org","description":"Rural Based Sound\/Media Arts & Social Research","inLanguage":"pt-PT","publisher":{"@id":"https:\/\/www.binauralmedia.org\/news\/#organization"}}]},"og:locale":"pt_PT","og:site_name":"binauralmedia.org - Rural Based Sound\/Media Arts &amp; Social Research","og:type":"article","og:title":"Binaural Nodar apresenta a nova cria\u00e7\u00e3o \u201cImers\u00e3o Sonora Termal\u201d - binauralmedia.org","og:description":"Imers\u00e3o Sonora Termal Um espet\u00e1culo multim\u00e9dia da Binaural Nodar Dura\u00e7\u00e3o 45 minutos Datas: 1 setembro \u00e0s 21h00 Termas S. Pedro do Sul, Munic\u00edpio S\u00e3o Pedro do Sul (integrado na programa\u00e7\u00e3o do Festival da \u00c1gua \u2013 Termas de S\u00e3o Pedro do Sul) 7 setembro \u00e0s 21h00 Termas do Carvalhal, Munic\u00edpio de Castro Daire 14 setembro \u00e0s 21h00 Caldas","og:url":"https:\/\/www.binauralmedia.org\/news\/arquivo\/11149","article:published_time":"2019-08-09T16:19:52+00:00","article:modified_time":"2021-08-16T15:41:23+00:00","twitter:card":"summary_large_image","twitter:title":"Binaural Nodar apresenta a nova cria\u00e7\u00e3o \u201cImers\u00e3o Sonora Termal\u201d - binauralmedia.org","twitter:description":"Imers\u00e3o Sonora Termal Um espet\u00e1culo multim\u00e9dia da Binaural Nodar Dura\u00e7\u00e3o 45 minutos Datas: 1 setembro \u00e0s 21h00 Termas S. Pedro do Sul, Munic\u00edpio S\u00e3o Pedro do Sul (integrado na programa\u00e7\u00e3o do Festival da \u00c1gua \u2013 Termas de S\u00e3o Pedro do Sul) 7 setembro \u00e0s 21h00 Termas do Carvalhal, Munic\u00edpio de Castro Daire 14 setembro \u00e0s 21h00 Caldas"},"aioseo_meta_data":{"post_id":"11149","title":null,"description":null,"keywords":null,"keyphrases":null,"primary_term":null,"canonical_url":null,"og_title":null,"og_description":null,"og_object_type":"default","og_image_type":"default","og_image_custom_url":null,"og_image_custom_fields":null,"og_image_url":null,"og_image_width":null,"og_image_height":null,"og_video":null,"og_custom_url":null,"og_article_section":null,"og_article_tags":null,"twitter_use_og":false,"twitter_card":"default","twitter_image_type":"default","twitter_image_custom_url":null,"twitter_image_custom_fields":null,"twitter_image_url":null,"twitter_title":null,"twitter_description":null,"schema_type":"default","schema_type_options":null,"schema":{"blockGraphs":[],"customGraphs":[],"default":{"data":{"Article":[],"Course":[],"Dataset":[],"FAQPage":[],"Movie":[],"Person":[],"Product":[],"ProductReview":[],"Car":[],"Recipe":[],"Service":[],"SoftwareApplication":[],"WebPage":[]},"graphName":"","isEnabled":true},"graphs":[]},"pillar_content":false,"robots_default":true,"robots_noindex":false,"robots_noarchive":false,"robots_nosnippet":false,"robots_nofollow":false,"robots_noimageindex":false,"robots_noodp":false,"robots_notranslate":false,"robots_max_snippet":null,"robots_max_videopreview":null,"robots_max_imagepreview":"large","priority":null,"frequency":null,"local_seo":null,"limit_modified_date":false,"ai":null,"breadcrumb_settings":null,"seo_analyzer_scan_date":null,"created":"2026-08-05 04:11:53","updated":"2026-08-05 04:11:53","focus_keyword":null,"additional_keywords":null,"truseo_locale":null},"aioseo_breadcrumb":"<div class=\"aioseo-breadcrumbs\"><span class=\"aioseo-breadcrumb\">\n\t\t\t<a href=\"https:\/\/www.binauralmedia.org\/news\" title=\"Home\">Home<\/a>\n\t\t<\/span><span class=\"aioseo-breadcrumb-separator\">&raquo;<\/span><span class=\"aioseo-breadcrumb\">\n\t\t\t<a href=\"https:\/\/www.binauralmedia.org\/news\/arquivo\/category\/news\" title=\"Not\u00edcias\">Not\u00edcias<\/a>\n\t\t<\/span><span class=\"aioseo-breadcrumb-separator\">&raquo;<\/span><span class=\"aioseo-breadcrumb\">\n\t\t\tBinaural Nodar apresenta a nova cria\u00e7\u00e3o \u201cImers\u00e3o Sonora Termal\u201d\n\t\t<\/span><\/div>","aioseo_breadcrumb_json":[{"label":"Home","link":"https:\/\/www.binauralmedia.org\/news"},{"label":"Not\u00edcias","link":"https:\/\/www.binauralmedia.org\/news\/arquivo\/category\/news"},{"label":"Binaural Nodar apresenta a nova cria\u00e7\u00e3o &#8220;Imers\u00e3o Sonora Termal&#8221;","link":"https:\/\/www.binauralmedia.org\/news\/arquivo\/11149"}],"_links":{"self":[{"href":"https:\/\/www.binauralmedia.org\/news\/wp-json\/wp\/v2\/posts\/11149","targetHints":{"allow":["GET"]}}],"collection":[{"href":"https:\/\/www.binauralmedia.org\/news\/wp-json\/wp\/v2\/posts"}],"about":[{"href":"https:\/\/www.binauralmedia.org\/news\/wp-json\/wp\/v2\/types\/post"}],"author":[{"embeddable":true,"href":"https:\/\/www.binauralmedia.org\/news\/wp-json\/wp\/v2\/users\/2"}],"replies":[{"embeddable":true,"href":"https:\/\/www.binauralmedia.org\/news\/wp-json\/wp\/v2\/comments?post=11149"}],"version-history":[{"count":5,"href":"https:\/\/www.binauralmedia.org\/news\/wp-json\/wp\/v2\/posts\/11149\/revisions"}],"predecessor-version":[{"id":13408,"href":"https:\/\/www.binauralmedia.org\/news\/wp-json\/wp\/v2\/posts\/11149\/revisions\/13408"}],"wp:featuredmedia":[{"embeddable":true,"href":"https:\/\/www.binauralmedia.org\/news\/wp-json\/wp\/v2\/media\/11989"}],"wp:attachment":[{"href":"https:\/\/www.binauralmedia.org\/news\/wp-json\/wp\/v2\/media?parent=11149"}],"wp:term":[{"taxonomy":"category","embeddable":true,"href":"https:\/\/www.binauralmedia.org\/news\/wp-json\/wp\/v2\/categories?post=11149"},{"taxonomy":"post_tag","embeddable":true,"href":"https:\/\/www.binauralmedia.org\/news\/wp-json\/wp\/v2\/tags?post=11149"}],"curies":[{"name":"wp","href":"https:\/\/api.w.org\/{rel}","templated":true}]}}