{"id":11108,"date":"2019-06-04T12:22:48","date_gmt":"2019-06-04T12:22:48","guid":{"rendered":"https:\/\/binauralmedia.org\/news\/?p=11108"},"modified":"2021-08-16T15:41:14","modified_gmt":"2021-08-16T15:41:14","slug":"programa-festival-ocupai-2019","status":"publish","type":"post","link":"https:\/\/www.binauralmedia.org\/news\/arquivo\/11108","title":{"rendered":"Programa Festival Ocupai 2019"},"content":{"rendered":"<div id=\"js_m\" class=\"_5pbx userContent _3576\" data-testid=\"post_message\" data-ft=\"{&quot;tn&quot;:&quot;K&quot;}\">\n<p>OCUPAI &#8211; Festival Ib\u00e9rico de Arte e A\u00e7\u00e3o<br \/>\n22 e 23 Junho 2019 (14h00 &#8211; 20h00)<br \/>\nParque de Lazer do Esp\u00edrito Santo (Cambra, Vouzela)<br \/>\nCoordenada Geogr\u00e1fica: 40.683134, -8.164793<\/p>\n<p>Coorganiza\u00e7\u00e3o:\u00a0Binaural Nodar,\u00a0Munic\u00edpio de Vouzela\u00a0e\u00a0Freguesia de Cambra e Carvalhal de Vermilhas<\/p>\n<p>Financiamento: Governo de Portugal,\u00a0Dire\u00e7\u00e3o-Geral das Artes, ao abrigo de contrato de apoio bienal<\/p>\n<p>O OCUPAI &#8211; Festival Ib\u00e9rico de Arte e A\u00e7\u00e3o volta em 2019 com a sua quinta edi\u00e7\u00e3o, desta vez para se instalar durante dois dias na conflu\u00eancia entre o rio do Couto e o rio Alfusqueiro, num local apraz\u00edvel como poucos: o Parque de Lazer do Esp\u00edrito Santo, espa\u00e7o onde as \u00e1guas frias descem do alto da serra do Caramulo, onde a vegeta\u00e7\u00e3o \u00e9 envolvente, onde se celebram cultos antigos (como o Divino Esp\u00edrito Santo) e onde o trabalho agr\u00edcola est\u00e1 ainda bem presente (lugar rodeado por campos e com um moinho de \u00e1gua ainda a funcionar). \u00c9 com esse esp\u00edrito de proximidade, de refazer comunidade, que o OCUPAI trar\u00e1 duas tardes de tempo sens\u00edvel a ser tranquilamente vivido.<\/p>\n<p>O Festival OCUPAI \u00e9 um pequeno festival para toda a fam\u00edlia, proporcionando um contacto direto entre criadores e p\u00fablico e que prop\u00f5e aproximar a regi\u00e3o de Laf\u00f5es de regi\u00f5es vizinhas, sendo que este ano contamos com representantes das regi\u00f5es de Laf\u00f5es, da Beira Litoral e da regi\u00e3o espanhola de Castela e Le\u00e3o, aquela que fica no seguimento do eixo rodovi\u00e1rio A25, convocando art\u00edsticas que exploram de forma inovadora aspetos da tradi\u00e7\u00e3o oral e do patrim\u00f3nio cultural que s\u00e3o em grande medida comuns.<\/p>\n<p>Desenrolando o fio das propostas que o Festival Ocupai ir\u00e1 acolher, celebrar-se-\u00e1 a longa tradi\u00e7\u00e3o filarm\u00f3nica do concelho de Vouzela, fazendo-o misturando as notas da Filarm\u00f3nica\u00a0Verdi Cambrense\u00a0com o som dos p\u00e1ssaros e o rumor das \u00e1guas do rio; poder-se-\u00e1 ver e ouvir hist\u00f3rias pessoais de amor por Portugal filmadas em Super 8 (document\u00e1rio \u201cNazar\u00e9, 1964\u201d de Fernando Santiago), imagens, contos, can\u00e7\u00f5es e mem\u00f3rias sobre o lobo na tradi\u00e7\u00e3o oral do Noroeste da Pen\u00ednsula Ib\u00e9rica (document\u00e1rio \u201cEsta noche es m\u00eda&#8230;\u201d de\u00a0Victor Casas), relatos, can\u00e7\u00f5es e sons do patrim\u00f3nio do linho na Europa rural (instala\u00e7\u00e3o \u201cHabi-lin\u201d da Binaural\/Nodar), m\u00fasica tradicional ib\u00e9rica herdeira das suas m\u00faltiplas origens (&#8220;M\u00fasica Trashumante&#8221; de Carlos Herrero), teatro regional a fazer lembrar os entremezes rurais de outros tempos (Grupos de teatro das universidades seniores de S\u00e3o Pedro do Sul e de Vouzela e \u201cTia Gra\u00e7a\u201d da\u00a0d&#8217;Orfeu Associa\u00e7\u00e3o Cultural), o magn\u00edfico cancioneiro musical da regi\u00e3o de Laf\u00f5es (Grupo de Trajes e Cantares de Cambra\u201d,\u00a0Os Vouguinhas\u00a0e\u00a0Vozes Da Terra &#8211; Actividades Musicais), sem esquecer a express\u00e3o dirigida aos mais novos, com o magn\u00edfico espet\u00e1culo \u201cHasta las gotas\u201d da companhia salamantina\u00a0La Risa de la Tortuga.<\/p>\n<p>O festival contar\u00e1 com v\u00e1rias atividades paralelas promovidas por v\u00e1rias associa\u00e7\u00f5es e entidades que estar\u00e3o presentes no recinto, assim como um espa\u00e7o infantil e venda de artesanato, do\u00e7aria e de produtos regionais.<\/p>\n<p>Informa\u00e7\u00f5es adicionais:<br \/>\nTel. 232 723 160 | Tlm. 919 257 865 | email: diana.silva@binauralmedia.org<\/p>\n<\/div>\n<div class=\"_3x-2\" data-ft=\"{&quot;tn&quot;:&quot;H&quot;}\">\n<div data-ft=\"{&quot;tn&quot;:&quot;H&quot;}\">\n<div class=\"mtm\">\n<div>\n<div class=\"_1ktf\" data-ft=\"{&quot;tn&quot;:&quot;E&quot;}\"><img decoding=\"async\" class=\"lazyload alignnone size-full wp-image-11109\" src=\"http:\/\/www.binauralmedia.org\/news\/\/wp-content\/uploads\/61707209_2315616255151790_8420180257348255744_n.jpg\" data-orig-src=\"http:\/\/www.binauralmedia.org\/news\/\/wp-content\/uploads\/61707209_2315616255151790_8420180257348255744_n.jpg\" alt=\"\" width=\"680\" height=\"960\" srcset=\"data:image\/svg+xml,%3Csvg%20xmlns%3D%27http%3A%2F%2Fwww.w3.org%2F2000%2Fsvg%27%20width%3D%27680%27%20height%3D%27960%27%20viewBox%3D%270%200%20680%20960%27%3E%3Crect%20width%3D%27680%27%20height%3D%27960%27%20fill-opacity%3D%220%22%2F%3E%3C%2Fsvg%3E\" data-srcset=\"https:\/\/www.binauralmedia.org\/news\/wp-content\/uploads\/61707209_2315616255151790_8420180257348255744_n-200x282.jpg 200w, https:\/\/www.binauralmedia.org\/news\/wp-content\/uploads\/61707209_2315616255151790_8420180257348255744_n-213x300.jpg 213w, https:\/\/www.binauralmedia.org\/news\/wp-content\/uploads\/61707209_2315616255151790_8420180257348255744_n-400x565.jpg 400w, https:\/\/www.binauralmedia.org\/news\/wp-content\/uploads\/61707209_2315616255151790_8420180257348255744_n-500x706.jpg 500w, https:\/\/www.binauralmedia.org\/news\/wp-content\/uploads\/61707209_2315616255151790_8420180257348255744_n-600x847.jpg 600w, https:\/\/www.binauralmedia.org\/news\/wp-content\/uploads\/61707209_2315616255151790_8420180257348255744_n.jpg 680w\" data-sizes=\"auto\" data-orig-sizes=\"(max-width: 680px) 100vw, 680px\" \/><\/div>\n<\/div>\n<\/div>\n<\/div>\n<\/div>\n","protected":false},"excerpt":{"rendered":"<p>OCUPAI &#8211; Festival Ib\u00e9rico de Arte e A\u00e7\u00e3o 22 e  [&#8230;]<\/p>\n","protected":false},"author":2,"featured_media":11110,"comment_status":"closed","ping_status":"closed","sticky":false,"template":"","format":"standard","meta":{"_acf_changed":false,"_bbp_topic_count":0,"_bbp_reply_count":0,"_bbp_total_topic_count":0,"_bbp_total_reply_count":0,"_bbp_voice_count":0,"_bbp_anonymous_reply_count":0,"_bbp_topic_count_hidden":0,"_bbp_reply_count_hidden":0,"_bbp_forum_subforum_count":0,"footnotes":""},"categories":[1,1160],"tags":[],"class_list":["post-11108","post","type-post","status-publish","format-standard","has-post-thumbnail","hentry","category-news","category-symposiums-festivals"],"acf":[],"aioseo_notices":[],"aioseo_head":"\n\t\t<!-- All in One SEO 5.0.1.1 - aioseo.com -->\n\t<meta name=\"description\" content=\"OCUPAI - Festival Ib\u00e9rico de Arte e A\u00e7\u00e3o 22 e 23 Junho 2019 (14h00 - 20h00) Parque de Lazer do Esp\u00edrito Santo (Cambra, Vouzela) Coordenada Geogr\u00e1fica: 40.683134, -8.164793 Coorganiza\u00e7\u00e3o: Binaural Nodar, Munic\u00edpio de Vouzela e Freguesia de Cambra e Carvalhal de Vermilhas Financiamento: Governo de Portugal, Dire\u00e7\u00e3o-Geral das Artes, ao abrigo de contrato de apoio bienal O OCUPAI - Festival\" \/>\n\t<meta name=\"robots\" content=\"max-image-preview:large\" \/>\n\t<meta name=\"author\" content=\"luiscosta\"\/>\n\t<link rel=\"canonical\" href=\"https:\/\/www.binauralmedia.org\/news\/arquivo\/11108\" \/>\n\t<meta name=\"generator\" content=\"All in One SEO (AIOSEO) 5.0.1.1\" \/>\n\t\t<meta property=\"og:locale\" content=\"pt_PT\" \/>\n\t\t<meta property=\"og:site_name\" content=\"binauralmedia.org - Rural Based Sound\/Media Arts &amp; Social Research\" \/>\n\t\t<meta property=\"og:type\" content=\"article\" \/>\n\t\t<meta property=\"og:title\" content=\"Programa Festival Ocupai 2019 - binauralmedia.org\" \/>\n\t\t<meta property=\"og:description\" content=\"OCUPAI - Festival Ib\u00e9rico de Arte e A\u00e7\u00e3o 22 e 23 Junho 2019 (14h00 - 20h00) Parque de Lazer do Esp\u00edrito Santo (Cambra, Vouzela) Coordenada Geogr\u00e1fica: 40.683134, -8.164793 Coorganiza\u00e7\u00e3o: Binaural Nodar, Munic\u00edpio de Vouzela e Freguesia de Cambra e Carvalhal de Vermilhas Financiamento: Governo de Portugal, Dire\u00e7\u00e3o-Geral das Artes, ao abrigo de contrato de apoio bienal O OCUPAI - Festival\" \/>\n\t\t<meta property=\"og:url\" content=\"https:\/\/www.binauralmedia.org\/news\/arquivo\/11108\" \/>\n\t\t<meta property=\"article:published_time\" content=\"2019-06-04T12:22:48+00:00\" \/>\n\t\t<meta property=\"article:modified_time\" content=\"2021-08-16T15:41:14+00:00\" \/>\n\t\t<meta name=\"twitter:card\" content=\"summary_large_image\" \/>\n\t\t<meta name=\"twitter:title\" content=\"Programa Festival Ocupai 2019 - binauralmedia.org\" \/>\n\t\t<meta name=\"twitter:description\" content=\"OCUPAI - Festival Ib\u00e9rico de Arte e A\u00e7\u00e3o 22 e 23 Junho 2019 (14h00 - 20h00) Parque de Lazer do Esp\u00edrito Santo (Cambra, Vouzela) Coordenada Geogr\u00e1fica: 40.683134, -8.164793 Coorganiza\u00e7\u00e3o: Binaural Nodar, Munic\u00edpio de Vouzela e Freguesia de Cambra e Carvalhal de Vermilhas Financiamento: Governo de Portugal, Dire\u00e7\u00e3o-Geral das Artes, ao abrigo de contrato de apoio bienal O OCUPAI - Festival\" \/>\n\t\t<script type=\"application\/ld+json\" class=\"aioseo-schema\">\n\t\t\t{\"@context\":\"https:\\\/\\\/schema.org\",\"@graph\":[{\"@type\":\"BlogPosting\",\"@id\":\"https:\\\/\\\/www.binauralmedia.org\\\/news\\\/arquivo\\\/11108#blogposting\",\"name\":\"Programa Festival Ocupai 2019 - binauralmedia.org\",\"headline\":\"Programa Festival Ocupai 2019\",\"author\":{\"@id\":\"https:\\\/\\\/www.binauralmedia.org\\\/news\\\/arquivo\\\/author\\\/luiscosta#author\"},\"publisher\":{\"@id\":\"https:\\\/\\\/www.binauralmedia.org\\\/news\\\/#organization\"},\"image\":{\"@type\":\"ImageObject\",\"url\":\"https:\\\/\\\/www.binauralmedia.org\\\/news\\\/wp-content\\\/uploads\\\/Capturar-34.jpg\",\"width\":263,\"height\":481},\"datePublished\":\"2019-06-04T12:22:48+00:00\",\"dateModified\":\"2021-08-16T15:41:14+00:00\",\"inLanguage\":\"pt-PT\",\"mainEntityOfPage\":{\"@id\":\"https:\\\/\\\/www.binauralmedia.org\\\/news\\\/arquivo\\\/11108#webpage\"},\"isPartOf\":{\"@id\":\"https:\\\/\\\/www.binauralmedia.org\\\/news\\\/arquivo\\\/11108#webpage\"},\"articleSection\":\"Not\\u00edcias, Simp\\u00f3sios &amp; Festivais\"},{\"@type\":\"BreadcrumbList\",\"@id\":\"https:\\\/\\\/www.binauralmedia.org\\\/news\\\/arquivo\\\/11108#breadcrumblist\",\"itemListElement\":[{\"@type\":\"ListItem\",\"@id\":\"https:\\\/\\\/www.binauralmedia.org\\\/news#listItem\",\"position\":1,\"name\":\"Home\",\"item\":\"https:\\\/\\\/www.binauralmedia.org\\\/news\",\"nextItem\":{\"@type\":\"ListItem\",\"@id\":\"https:\\\/\\\/www.binauralmedia.org\\\/news\\\/arquivo\\\/category\\\/news#listItem\",\"name\":\"Not\\u00edcias\"}},{\"@type\":\"ListItem\",\"@id\":\"https:\\\/\\\/www.binauralmedia.org\\\/news\\\/arquivo\\\/category\\\/news#listItem\",\"position\":2,\"name\":\"Not\\u00edcias\",\"item\":\"https:\\\/\\\/www.binauralmedia.org\\\/news\\\/arquivo\\\/category\\\/news\",\"nextItem\":{\"@type\":\"ListItem\",\"@id\":\"https:\\\/\\\/www.binauralmedia.org\\\/news\\\/arquivo\\\/11108#listItem\",\"name\":\"Programa Festival Ocupai 2019\"},\"previousItem\":{\"@type\":\"ListItem\",\"@id\":\"https:\\\/\\\/www.binauralmedia.org\\\/news#listItem\",\"name\":\"Home\"}},{\"@type\":\"ListItem\",\"@id\":\"https:\\\/\\\/www.binauralmedia.org\\\/news\\\/arquivo\\\/11108#listItem\",\"position\":3,\"name\":\"Programa Festival Ocupai 2019\",\"previousItem\":{\"@type\":\"ListItem\",\"@id\":\"https:\\\/\\\/www.binauralmedia.org\\\/news\\\/arquivo\\\/category\\\/news#listItem\",\"name\":\"Not\\u00edcias\"}}]},{\"@type\":\"Organization\",\"@id\":\"https:\\\/\\\/www.binauralmedia.org\\\/news\\\/#organization\",\"name\":\"binauralmedia.org\",\"description\":\"Rural Based Sound\\\/Media Arts & Social Research\",\"url\":\"https:\\\/\\\/www.binauralmedia.org\\\/news\\\/\"},{\"@type\":\"Person\",\"@id\":\"https:\\\/\\\/www.binauralmedia.org\\\/news\\\/arquivo\\\/author\\\/luiscosta#author\",\"url\":\"https:\\\/\\\/www.binauralmedia.org\\\/news\\\/arquivo\\\/author\\\/luiscosta\",\"name\":\"luiscosta\"},{\"@type\":\"WebPage\",\"@id\":\"https:\\\/\\\/www.binauralmedia.org\\\/news\\\/arquivo\\\/11108#webpage\",\"url\":\"https:\\\/\\\/www.binauralmedia.org\\\/news\\\/arquivo\\\/11108\",\"name\":\"Programa Festival Ocupai 2019 - binauralmedia.org\",\"description\":\"OCUPAI - Festival Ib\\u00e9rico de Arte e A\\u00e7\\u00e3o 22 e 23 Junho 2019 (14h00 - 20h00) Parque de Lazer do Esp\\u00edrito Santo (Cambra, Vouzela) Coordenada Geogr\\u00e1fica: 40.683134, -8.164793 Coorganiza\\u00e7\\u00e3o: Binaural Nodar, Munic\\u00edpio de Vouzela e Freguesia de Cambra e Carvalhal de Vermilhas Financiamento: Governo de Portugal, Dire\\u00e7\\u00e3o-Geral das Artes, ao abrigo de contrato de apoio bienal O OCUPAI - Festival\",\"inLanguage\":\"pt-PT\",\"isPartOf\":{\"@id\":\"https:\\\/\\\/www.binauralmedia.org\\\/news\\\/#website\"},\"breadcrumb\":{\"@id\":\"https:\\\/\\\/www.binauralmedia.org\\\/news\\\/arquivo\\\/11108#breadcrumblist\"},\"author\":{\"@id\":\"https:\\\/\\\/www.binauralmedia.org\\\/news\\\/arquivo\\\/author\\\/luiscosta#author\"},\"creator\":{\"@id\":\"https:\\\/\\\/www.binauralmedia.org\\\/news\\\/arquivo\\\/author\\\/luiscosta#author\"},\"image\":{\"@type\":\"ImageObject\",\"url\":\"https:\\\/\\\/www.binauralmedia.org\\\/news\\\/wp-content\\\/uploads\\\/Capturar-34.jpg\",\"@id\":\"https:\\\/\\\/www.binauralmedia.org\\\/news\\\/arquivo\\\/11108\\\/#mainImage\",\"width\":263,\"height\":481},\"primaryImageOfPage\":{\"@id\":\"https:\\\/\\\/www.binauralmedia.org\\\/news\\\/arquivo\\\/11108#mainImage\"},\"datePublished\":\"2019-06-04T12:22:48+00:00\",\"dateModified\":\"2021-08-16T15:41:14+00:00\"},{\"@type\":\"WebSite\",\"@id\":\"https:\\\/\\\/www.binauralmedia.org\\\/news\\\/#website\",\"url\":\"https:\\\/\\\/www.binauralmedia.org\\\/news\\\/\",\"name\":\"binauralmedia.org\",\"description\":\"Rural Based Sound\\\/Media Arts & Social Research\",\"inLanguage\":\"pt-PT\",\"publisher\":{\"@id\":\"https:\\\/\\\/www.binauralmedia.org\\\/news\\\/#organization\"}}]}\n\t\t<\/script>\n\t\t<!-- All in One SEO -->\n\n","aioseo_head_json":{"title":"Programa Festival Ocupai 2019 - binauralmedia.org","description":"OCUPAI - Festival Ib\u00e9rico de Arte e A\u00e7\u00e3o 22 e 23 Junho 2019 (14h00 - 20h00) Parque de Lazer do Esp\u00edrito Santo (Cambra, Vouzela) Coordenada Geogr\u00e1fica: 40.683134, -8.164793 Coorganiza\u00e7\u00e3o: Binaural Nodar, Munic\u00edpio de Vouzela e Freguesia de Cambra e Carvalhal de Vermilhas Financiamento: Governo de Portugal, Dire\u00e7\u00e3o-Geral das Artes, ao abrigo de contrato de apoio bienal O OCUPAI - Festival","canonical_url":"https:\/\/www.binauralmedia.org\/news\/arquivo\/11108","robots":"max-image-preview:large","keywords":"","webmasterTools":{"miscellaneous":""},"schema":{"@context":"https:\/\/schema.org","@graph":[{"@type":"BlogPosting","@id":"https:\/\/www.binauralmedia.org\/news\/arquivo\/11108#blogposting","name":"Programa Festival Ocupai 2019 - binauralmedia.org","headline":"Programa Festival Ocupai 2019","author":{"@id":"https:\/\/www.binauralmedia.org\/news\/arquivo\/author\/luiscosta#author"},"publisher":{"@id":"https:\/\/www.binauralmedia.org\/news\/#organization"},"image":{"@type":"ImageObject","url":"https:\/\/www.binauralmedia.org\/news\/wp-content\/uploads\/Capturar-34.jpg","width":263,"height":481},"datePublished":"2019-06-04T12:22:48+00:00","dateModified":"2021-08-16T15:41:14+00:00","inLanguage":"pt-PT","mainEntityOfPage":{"@id":"https:\/\/www.binauralmedia.org\/news\/arquivo\/11108#webpage"},"isPartOf":{"@id":"https:\/\/www.binauralmedia.org\/news\/arquivo\/11108#webpage"},"articleSection":"Not\u00edcias, Simp\u00f3sios &amp; Festivais"},{"@type":"BreadcrumbList","@id":"https:\/\/www.binauralmedia.org\/news\/arquivo\/11108#breadcrumblist","itemListElement":[{"@type":"ListItem","@id":"https:\/\/www.binauralmedia.org\/news#listItem","position":1,"name":"Home","item":"https:\/\/www.binauralmedia.org\/news","nextItem":{"@type":"ListItem","@id":"https:\/\/www.binauralmedia.org\/news\/arquivo\/category\/news#listItem","name":"Not\u00edcias"}},{"@type":"ListItem","@id":"https:\/\/www.binauralmedia.org\/news\/arquivo\/category\/news#listItem","position":2,"name":"Not\u00edcias","item":"https:\/\/www.binauralmedia.org\/news\/arquivo\/category\/news","nextItem":{"@type":"ListItem","@id":"https:\/\/www.binauralmedia.org\/news\/arquivo\/11108#listItem","name":"Programa Festival Ocupai 2019"},"previousItem":{"@type":"ListItem","@id":"https:\/\/www.binauralmedia.org\/news#listItem","name":"Home"}},{"@type":"ListItem","@id":"https:\/\/www.binauralmedia.org\/news\/arquivo\/11108#listItem","position":3,"name":"Programa Festival Ocupai 2019","previousItem":{"@type":"ListItem","@id":"https:\/\/www.binauralmedia.org\/news\/arquivo\/category\/news#listItem","name":"Not\u00edcias"}}]},{"@type":"Organization","@id":"https:\/\/www.binauralmedia.org\/news\/#organization","name":"binauralmedia.org","description":"Rural Based Sound\/Media Arts & Social Research","url":"https:\/\/www.binauralmedia.org\/news\/"},{"@type":"Person","@id":"https:\/\/www.binauralmedia.org\/news\/arquivo\/author\/luiscosta#author","url":"https:\/\/www.binauralmedia.org\/news\/arquivo\/author\/luiscosta","name":"luiscosta"},{"@type":"WebPage","@id":"https:\/\/www.binauralmedia.org\/news\/arquivo\/11108#webpage","url":"https:\/\/www.binauralmedia.org\/news\/arquivo\/11108","name":"Programa Festival Ocupai 2019 - binauralmedia.org","description":"OCUPAI - Festival Ib\u00e9rico de Arte e A\u00e7\u00e3o 22 e 23 Junho 2019 (14h00 - 20h00) Parque de Lazer do Esp\u00edrito Santo (Cambra, Vouzela) Coordenada Geogr\u00e1fica: 40.683134, -8.164793 Coorganiza\u00e7\u00e3o: Binaural Nodar, Munic\u00edpio de Vouzela e Freguesia de Cambra e Carvalhal de Vermilhas Financiamento: Governo de Portugal, Dire\u00e7\u00e3o-Geral das Artes, ao abrigo de contrato de apoio bienal O OCUPAI - Festival","inLanguage":"pt-PT","isPartOf":{"@id":"https:\/\/www.binauralmedia.org\/news\/#website"},"breadcrumb":{"@id":"https:\/\/www.binauralmedia.org\/news\/arquivo\/11108#breadcrumblist"},"author":{"@id":"https:\/\/www.binauralmedia.org\/news\/arquivo\/author\/luiscosta#author"},"creator":{"@id":"https:\/\/www.binauralmedia.org\/news\/arquivo\/author\/luiscosta#author"},"image":{"@type":"ImageObject","url":"https:\/\/www.binauralmedia.org\/news\/wp-content\/uploads\/Capturar-34.jpg","@id":"https:\/\/www.binauralmedia.org\/news\/arquivo\/11108\/#mainImage","width":263,"height":481},"primaryImageOfPage":{"@id":"https:\/\/www.binauralmedia.org\/news\/arquivo\/11108#mainImage"},"datePublished":"2019-06-04T12:22:48+00:00","dateModified":"2021-08-16T15:41:14+00:00"},{"@type":"WebSite","@id":"https:\/\/www.binauralmedia.org\/news\/#website","url":"https:\/\/www.binauralmedia.org\/news\/","name":"binauralmedia.org","description":"Rural Based Sound\/Media Arts & Social Research","inLanguage":"pt-PT","publisher":{"@id":"https:\/\/www.binauralmedia.org\/news\/#organization"}}]},"og:locale":"pt_PT","og:site_name":"binauralmedia.org - Rural Based Sound\/Media Arts &amp; Social Research","og:type":"article","og:title":"Programa Festival Ocupai 2019 - binauralmedia.org","og:description":"OCUPAI - Festival Ib\u00e9rico de Arte e A\u00e7\u00e3o 22 e 23 Junho 2019 (14h00 - 20h00) Parque de Lazer do Esp\u00edrito Santo (Cambra, Vouzela) Coordenada Geogr\u00e1fica: 40.683134, -8.164793 Coorganiza\u00e7\u00e3o: Binaural Nodar, Munic\u00edpio de Vouzela e Freguesia de Cambra e Carvalhal de Vermilhas Financiamento: Governo de Portugal, Dire\u00e7\u00e3o-Geral das Artes, ao abrigo de contrato de apoio bienal O OCUPAI - Festival","og:url":"https:\/\/www.binauralmedia.org\/news\/arquivo\/11108","article:published_time":"2019-06-04T12:22:48+00:00","article:modified_time":"2021-08-16T15:41:14+00:00","twitter:card":"summary_large_image","twitter:title":"Programa Festival Ocupai 2019 - binauralmedia.org","twitter:description":"OCUPAI - Festival Ib\u00e9rico de Arte e A\u00e7\u00e3o 22 e 23 Junho 2019 (14h00 - 20h00) Parque de Lazer do Esp\u00edrito Santo (Cambra, Vouzela) Coordenada Geogr\u00e1fica: 40.683134, -8.164793 Coorganiza\u00e7\u00e3o: Binaural Nodar, Munic\u00edpio de Vouzela e Freguesia de Cambra e Carvalhal de Vermilhas Financiamento: Governo de Portugal, Dire\u00e7\u00e3o-Geral das Artes, ao abrigo de contrato de apoio bienal O OCUPAI - Festival"},"aioseo_meta_data":{"post_id":"11108","title":null,"description":null,"keywords":null,"keyphrases":null,"primary_term":null,"canonical_url":null,"og_title":null,"og_description":null,"og_object_type":"default","og_image_type":"default","og_image_custom_url":null,"og_image_custom_fields":null,"og_image_url":null,"og_image_width":null,"og_image_height":null,"og_video":null,"og_custom_url":null,"og_article_section":null,"og_article_tags":null,"twitter_use_og":false,"twitter_card":"default","twitter_image_type":"default","twitter_image_custom_url":null,"twitter_image_custom_fields":null,"twitter_image_url":null,"twitter_title":null,"twitter_description":null,"schema_type":"default","schema_type_options":null,"schema":{"blockGraphs":[],"customGraphs":[],"default":{"data":{"Article":[],"Course":[],"Dataset":[],"FAQPage":[],"Movie":[],"Person":[],"Product":[],"ProductReview":[],"Car":[],"Recipe":[],"Service":[],"SoftwareApplication":[],"WebPage":[]},"graphName":"","isEnabled":true},"graphs":[]},"pillar_content":false,"robots_default":true,"robots_noindex":false,"robots_noarchive":false,"robots_nosnippet":false,"robots_nofollow":false,"robots_noimageindex":false,"robots_noodp":false,"robots_notranslate":false,"robots_max_snippet":null,"robots_max_videopreview":null,"robots_max_imagepreview":"large","priority":null,"frequency":null,"local_seo":null,"limit_modified_date":false,"ai":null,"breadcrumb_settings":null,"seo_analyzer_scan_date":null,"created":"2026-08-05 04:08:16","updated":"2026-08-05 04:08:16","focus_keyword":null,"additional_keywords":null,"truseo_locale":null},"aioseo_breadcrumb":"<div class=\"aioseo-breadcrumbs\"><span class=\"aioseo-breadcrumb\">\n\t\t\t<a href=\"https:\/\/www.binauralmedia.org\/news\" title=\"Home\">Home<\/a>\n\t\t<\/span><span class=\"aioseo-breadcrumb-separator\">&raquo;<\/span><span class=\"aioseo-breadcrumb\">\n\t\t\t<a href=\"https:\/\/www.binauralmedia.org\/news\/arquivo\/category\/news\" title=\"Not\u00edcias\">Not\u00edcias<\/a>\n\t\t<\/span><span class=\"aioseo-breadcrumb-separator\">&raquo;<\/span><span class=\"aioseo-breadcrumb\">\n\t\t\tPrograma Festival Ocupai 2019\n\t\t<\/span><\/div>","aioseo_breadcrumb_json":[{"label":"Home","link":"https:\/\/www.binauralmedia.org\/news"},{"label":"Not\u00edcias","link":"https:\/\/www.binauralmedia.org\/news\/arquivo\/category\/news"},{"label":"Programa Festival Ocupai 2019","link":"https:\/\/www.binauralmedia.org\/news\/arquivo\/11108"}],"_links":{"self":[{"href":"https:\/\/www.binauralmedia.org\/news\/wp-json\/wp\/v2\/posts\/11108","targetHints":{"allow":["GET"]}}],"collection":[{"href":"https:\/\/www.binauralmedia.org\/news\/wp-json\/wp\/v2\/posts"}],"about":[{"href":"https:\/\/www.binauralmedia.org\/news\/wp-json\/wp\/v2\/types\/post"}],"author":[{"embeddable":true,"href":"https:\/\/www.binauralmedia.org\/news\/wp-json\/wp\/v2\/users\/2"}],"replies":[{"embeddable":true,"href":"https:\/\/www.binauralmedia.org\/news\/wp-json\/wp\/v2\/comments?post=11108"}],"version-history":[{"count":2,"href":"https:\/\/www.binauralmedia.org\/news\/wp-json\/wp\/v2\/posts\/11108\/revisions"}],"predecessor-version":[{"id":13392,"href":"https:\/\/www.binauralmedia.org\/news\/wp-json\/wp\/v2\/posts\/11108\/revisions\/13392"}],"wp:featuredmedia":[{"embeddable":true,"href":"https:\/\/www.binauralmedia.org\/news\/wp-json\/wp\/v2\/media\/11110"}],"wp:attachment":[{"href":"https:\/\/www.binauralmedia.org\/news\/wp-json\/wp\/v2\/media?parent=11108"}],"wp:term":[{"taxonomy":"category","embeddable":true,"href":"https:\/\/www.binauralmedia.org\/news\/wp-json\/wp\/v2\/categories?post=11108"},{"taxonomy":"post_tag","embeddable":true,"href":"https:\/\/www.binauralmedia.org\/news\/wp-json\/wp\/v2\/tags?post=11108"}],"curies":[{"name":"wp","href":"https:\/\/api.w.org\/{rel}","templated":true}]}}