{"id":11090,"date":"2019-05-31T11:48:15","date_gmt":"2019-05-31T11:48:15","guid":{"rendered":"https:\/\/binauralmedia.org\/news\/?p=11090"},"modified":"2021-08-16T15:41:14","modified_gmt":"2021-08-16T15:41:14","slug":"atelie-ouco-lembro-sinto-comemoracao-do-dia-da-crianca","status":"publish","type":"post","link":"https:\/\/www.binauralmedia.org\/news\/arquivo\/11090","title":{"rendered":"Ateli\u00ea &#8220;Ou\u00e7o, lembro, sinto&#8221; &#8211; Comemora\u00e7\u00e3o do Dia da Crian\u00e7a"},"content":{"rendered":"<p>A\u00a0Binaural Nodar\u00a0celebrou o Dia Mundial da Crian\u00e7a com o ateli\u00ea &#8220;Ou\u00e7o, Lembro, Sinto&#8221; desenvolvido no Museu do Linho de V\u00e1rzea de Calde (Museus de Viseu) com a participa\u00e7\u00e3o das crian\u00e7as do Jardim de Inf\u00e2ncia de V\u00e1rzea de Calde e da Escola B\u00e1sica de Calde (Junta de Freguesia de Calde) e integrado no Programa Viseu Cultura do\u00a0Munic\u00edpio de Viseu.<\/p>\n<p>O ateli\u00ea usou a metodologia &#8220;Todos somos mem\u00f3ria&#8221; desenvolvida pela\u00a0Binaural Nodar\u00a0e que estimula a consci\u00eancia de que a mem\u00f3ria n\u00e3o \u00e9<span class=\"text_exposed_show\">necessariamente algo externo a que se acede, mas sim parte do lastro individual e coletivo de cada ser humano, tenha a idade, condi\u00e7\u00e3o social e origem geogr\u00e1fica que tiver.<\/span><\/p>\n<div class=\"text_exposed_show\">\n<p>Assim, as crian\u00e7as buscaram no seu pr\u00f3prio ba\u00fa mental relatos do seu (breve) passado e da mem\u00f3ria infantil transmitida pelos seus familiares (pais, tios, av\u00f3s, etc.), gravaram as respectivas vozes e leram excertos de literatura regional de V\u00e1rzea de Calde, tamb\u00e9m esta mem\u00f3ria, com a (subtil) diferen\u00e7a de ter sido marcada a tinta em papel por gente mais velha.<\/p>\n<p>Um agradecimento ao \u00f3timo acolhimento da equipa do Museu do Linho de V\u00e1rzea de Calde, \u00e0s educadoras, professores e auxiliares dos dois estabelecimentos de ensino e, principalmente, \u00e0s crian\u00e7as que participaram no ateli\u00ea, mostrando como a cosmovis\u00e3o infantil pode ser t\u00e3o criativa, livre e improv\u00e1vel.<\/p>\n<p><img decoding=\"async\" class=\"lazyload alignnone size-full wp-image-11091\" src=\"http:\/\/www.binauralmedia.org\/news\/\/wp-content\/uploads\/61113049_2307674812612601_508277536594067456_n.jpg\" data-orig-src=\"http:\/\/www.binauralmedia.org\/news\/\/wp-content\/uploads\/61113049_2307674812612601_508277536594067456_n.jpg\" alt=\"\" width=\"678\" height=\"960\" srcset=\"data:image\/svg+xml,%3Csvg%20xmlns%3D%27http%3A%2F%2Fwww.w3.org%2F2000%2Fsvg%27%20width%3D%27678%27%20height%3D%27960%27%20viewBox%3D%270%200%20678%20960%27%3E%3Crect%20width%3D%27678%27%20height%3D%27960%27%20fill-opacity%3D%220%22%2F%3E%3C%2Fsvg%3E\" data-srcset=\"https:\/\/www.binauralmedia.org\/news\/wp-content\/uploads\/61113049_2307674812612601_508277536594067456_n-200x283.jpg 200w, https:\/\/www.binauralmedia.org\/news\/wp-content\/uploads\/61113049_2307674812612601_508277536594067456_n-212x300.jpg 212w, https:\/\/www.binauralmedia.org\/news\/wp-content\/uploads\/61113049_2307674812612601_508277536594067456_n-400x566.jpg 400w, https:\/\/www.binauralmedia.org\/news\/wp-content\/uploads\/61113049_2307674812612601_508277536594067456_n-500x708.jpg 500w, https:\/\/www.binauralmedia.org\/news\/wp-content\/uploads\/61113049_2307674812612601_508277536594067456_n-600x850.jpg 600w, https:\/\/www.binauralmedia.org\/news\/wp-content\/uploads\/61113049_2307674812612601_508277536594067456_n.jpg 678w\" data-sizes=\"auto\" data-orig-sizes=\"(max-width: 678px) 100vw, 678px\" \/> <img decoding=\"async\" class=\"lazyload alignnone size-full wp-image-11092\" src=\"http:\/\/www.binauralmedia.org\/news\/\/wp-content\/uploads\/61374801_2316066271773455_7144333146597621760_n.jpg\" data-orig-src=\"http:\/\/www.binauralmedia.org\/news\/\/wp-content\/uploads\/61374801_2316066271773455_7144333146597621760_n.jpg\" alt=\"\" width=\"727\" height=\"960\" srcset=\"data:image\/svg+xml,%3Csvg%20xmlns%3D%27http%3A%2F%2Fwww.w3.org%2F2000%2Fsvg%27%20width%3D%27727%27%20height%3D%27960%27%20viewBox%3D%270%200%20727%20960%27%3E%3Crect%20width%3D%27727%27%20height%3D%27960%27%20fill-opacity%3D%220%22%2F%3E%3C%2Fsvg%3E\" data-srcset=\"https:\/\/www.binauralmedia.org\/news\/wp-content\/uploads\/61374801_2316066271773455_7144333146597621760_n-200x264.jpg 200w, https:\/\/www.binauralmedia.org\/news\/wp-content\/uploads\/61374801_2316066271773455_7144333146597621760_n-227x300.jpg 227w, https:\/\/www.binauralmedia.org\/news\/wp-content\/uploads\/61374801_2316066271773455_7144333146597621760_n-400x528.jpg 400w, https:\/\/www.binauralmedia.org\/news\/wp-content\/uploads\/61374801_2316066271773455_7144333146597621760_n-500x660.jpg 500w, https:\/\/www.binauralmedia.org\/news\/wp-content\/uploads\/61374801_2316066271773455_7144333146597621760_n-600x792.jpg 600w, https:\/\/www.binauralmedia.org\/news\/wp-content\/uploads\/61374801_2316066271773455_7144333146597621760_n.jpg 727w\" data-sizes=\"auto\" data-orig-sizes=\"(max-width: 727px) 100vw, 727px\" \/> <img decoding=\"async\" class=\"lazyload alignnone size-full wp-image-11093\" src=\"data:image\/svg+xml,%3Csvg%20xmlns%3D%27http%3A%2F%2Fwww.w3.org%2F2000%2Fsvg%27%20width%3D%27960%27%20height%3D%27540%27%20viewBox%3D%270%200%20960%20540%27%3E%3Crect%20width%3D%27960%27%20height%3D%27540%27%20fill-opacity%3D%220%22%2F%3E%3C%2Fsvg%3E\" data-orig-src=\"http:\/\/www.binauralmedia.org\/news\/\/wp-content\/uploads\/61544304_2316066618440087_1930969252777426944_n.jpg\" alt=\"\" width=\"960\" height=\"540\" \/> <img decoding=\"async\" class=\"lazyload alignnone size-full wp-image-11094\" src=\"http:\/\/www.binauralmedia.org\/news\/\/wp-content\/uploads\/61932037_2316066255106790_6096879284113113088_n.jpg\" data-orig-src=\"http:\/\/www.binauralmedia.org\/news\/\/wp-content\/uploads\/61932037_2316066255106790_6096879284113113088_n.jpg\" alt=\"\" width=\"960\" height=\"540\" srcset=\"data:image\/svg+xml,%3Csvg%20xmlns%3D%27http%3A%2F%2Fwww.w3.org%2F2000%2Fsvg%27%20width%3D%27960%27%20height%3D%27540%27%20viewBox%3D%270%200%20960%20540%27%3E%3Crect%20width%3D%27960%27%20height%3D%27540%27%20fill-opacity%3D%220%22%2F%3E%3C%2Fsvg%3E\" data-srcset=\"https:\/\/www.binauralmedia.org\/news\/wp-content\/uploads\/61932037_2316066255106790_6096879284113113088_n-200x113.jpg 200w, https:\/\/www.binauralmedia.org\/news\/wp-content\/uploads\/61932037_2316066255106790_6096879284113113088_n-400x225.jpg 400w, https:\/\/www.binauralmedia.org\/news\/wp-content\/uploads\/61932037_2316066255106790_6096879284113113088_n-500x281.jpg 500w, https:\/\/www.binauralmedia.org\/news\/wp-content\/uploads\/61932037_2316066255106790_6096879284113113088_n-533x300.jpg 533w, https:\/\/www.binauralmedia.org\/news\/wp-content\/uploads\/61932037_2316066255106790_6096879284113113088_n-600x338.jpg 600w, https:\/\/www.binauralmedia.org\/news\/wp-content\/uploads\/61932037_2316066255106790_6096879284113113088_n-768x432.jpg 768w, https:\/\/www.binauralmedia.org\/news\/wp-content\/uploads\/61932037_2316066255106790_6096879284113113088_n-800x450.jpg 800w, https:\/\/www.binauralmedia.org\/news\/wp-content\/uploads\/61932037_2316066255106790_6096879284113113088_n.jpg 960w\" data-sizes=\"auto\" data-orig-sizes=\"(max-width: 960px) 100vw, 960px\" \/><\/p>\n<\/div>\n","protected":false},"excerpt":{"rendered":"<p>A\u00a0Binaural Nodar\u00a0celebrou o Dia Mundial da Crian\u00e7a com o ateli\u00ea  [&#8230;]<\/p>\n","protected":false},"author":2,"featured_media":11095,"comment_status":"closed","ping_status":"closed","sticky":false,"template":"","format":"standard","meta":{"_acf_changed":false,"_bbp_topic_count":0,"_bbp_reply_count":0,"_bbp_total_topic_count":0,"_bbp_total_reply_count":0,"_bbp_voice_count":0,"_bbp_anonymous_reply_count":0,"_bbp_topic_count_hidden":0,"_bbp_reply_count_hidden":0,"_bbp_forum_subforum_count":0,"footnotes":""},"categories":[1,1159],"tags":[],"class_list":["post-11090","post","type-post","status-publish","format-standard","has-post-thumbnail","hentry","category-news","category-educational-programme"],"acf":[],"aioseo_notices":[],"aioseo_head":"\n\t\t<!-- All in One SEO 5.0.1.1 - aioseo.com -->\n\t<meta name=\"description\" content=\"A Binaural Nodar celebrou o Dia Mundial da Crian\u00e7a com o ateli\u00ea &quot;Ou\u00e7o, Lembro, Sinto&quot; desenvolvido no Museu do Linho de V\u00e1rzea de Calde (Museus de Viseu) com a participa\u00e7\u00e3o das crian\u00e7as do Jardim de Inf\u00e2ncia de V\u00e1rzea de Calde e da Escola B\u00e1sica de Calde (Junta de Freguesia de Calde) e integrado no Programa Viseu Cultura\" \/>\n\t<meta name=\"robots\" content=\"max-image-preview:large\" \/>\n\t<meta name=\"author\" content=\"luiscosta\"\/>\n\t<link rel=\"canonical\" href=\"https:\/\/www.binauralmedia.org\/news\/arquivo\/11090\" \/>\n\t<meta name=\"generator\" content=\"All in One SEO (AIOSEO) 5.0.1.1\" \/>\n\t\t<meta property=\"og:locale\" content=\"pt_PT\" \/>\n\t\t<meta property=\"og:site_name\" content=\"binauralmedia.org - Rural Based Sound\/Media Arts &amp; Social Research\" \/>\n\t\t<meta property=\"og:type\" content=\"article\" \/>\n\t\t<meta property=\"og:title\" content=\"Ateli\u00ea \u201cOu\u00e7o, lembro, sinto\u201d \u2013 Comemora\u00e7\u00e3o do Dia da Crian\u00e7a - binauralmedia.org\" \/>\n\t\t<meta property=\"og:description\" content=\"A Binaural Nodar celebrou o Dia Mundial da Crian\u00e7a com o ateli\u00ea &quot;Ou\u00e7o, Lembro, Sinto&quot; desenvolvido no Museu do Linho de V\u00e1rzea de Calde (Museus de Viseu) com a participa\u00e7\u00e3o das crian\u00e7as do Jardim de Inf\u00e2ncia de V\u00e1rzea de Calde e da Escola B\u00e1sica de Calde (Junta de Freguesia de Calde) e integrado no Programa Viseu Cultura\" \/>\n\t\t<meta property=\"og:url\" content=\"https:\/\/www.binauralmedia.org\/news\/arquivo\/11090\" \/>\n\t\t<meta property=\"article:published_time\" content=\"2019-05-31T11:48:15+00:00\" \/>\n\t\t<meta property=\"article:modified_time\" content=\"2021-08-16T15:41:14+00:00\" \/>\n\t\t<meta name=\"twitter:card\" content=\"summary_large_image\" \/>\n\t\t<meta name=\"twitter:title\" content=\"Ateli\u00ea \u201cOu\u00e7o, lembro, sinto\u201d \u2013 Comemora\u00e7\u00e3o do Dia da Crian\u00e7a - binauralmedia.org\" \/>\n\t\t<meta name=\"twitter:description\" content=\"A Binaural Nodar celebrou o Dia Mundial da Crian\u00e7a com o ateli\u00ea &quot;Ou\u00e7o, Lembro, Sinto&quot; desenvolvido no Museu do Linho de V\u00e1rzea de Calde (Museus de Viseu) com a participa\u00e7\u00e3o das crian\u00e7as do Jardim de Inf\u00e2ncia de V\u00e1rzea de Calde e da Escola B\u00e1sica de Calde (Junta de Freguesia de Calde) e integrado no Programa Viseu Cultura\" \/>\n\t\t<script type=\"application\/ld+json\" class=\"aioseo-schema\">\n\t\t\t{\"@context\":\"https:\\\/\\\/schema.org\",\"@graph\":[{\"@type\":\"BlogPosting\",\"@id\":\"https:\\\/\\\/www.binauralmedia.org\\\/news\\\/arquivo\\\/11090#blogposting\",\"name\":\"Ateli\\u00ea \\u201cOu\\u00e7o, lembro, sinto\\u201d \\u2013 Comemora\\u00e7\\u00e3o do Dia da Crian\\u00e7a - binauralmedia.org\",\"headline\":\"Ateli\\u00ea &#8220;Ou\\u00e7o, lembro, sinto&#8221; &#8211; Comemora\\u00e7\\u00e3o do Dia da Crian\\u00e7a\",\"author\":{\"@id\":\"https:\\\/\\\/www.binauralmedia.org\\\/news\\\/arquivo\\\/author\\\/luiscosta#author\"},\"publisher\":{\"@id\":\"https:\\\/\\\/www.binauralmedia.org\\\/news\\\/#organization\"},\"image\":{\"@type\":\"ImageObject\",\"url\":\"https:\\\/\\\/www.binauralmedia.org\\\/news\\\/wp-content\\\/uploads\\\/Capturar-31.jpg\",\"width\":404,\"height\":309},\"datePublished\":\"2019-05-31T11:48:15+00:00\",\"dateModified\":\"2021-08-16T15:41:14+00:00\",\"inLanguage\":\"pt-PT\",\"mainEntityOfPage\":{\"@id\":\"https:\\\/\\\/www.binauralmedia.org\\\/news\\\/arquivo\\\/11090#webpage\"},\"isPartOf\":{\"@id\":\"https:\\\/\\\/www.binauralmedia.org\\\/news\\\/arquivo\\\/11090#webpage\"},\"articleSection\":\"Not\\u00edcias, Programa Educativo\"},{\"@type\":\"BreadcrumbList\",\"@id\":\"https:\\\/\\\/www.binauralmedia.org\\\/news\\\/arquivo\\\/11090#breadcrumblist\",\"itemListElement\":[{\"@type\":\"ListItem\",\"@id\":\"https:\\\/\\\/www.binauralmedia.org\\\/news#listItem\",\"position\":1,\"name\":\"Home\",\"item\":\"https:\\\/\\\/www.binauralmedia.org\\\/news\",\"nextItem\":{\"@type\":\"ListItem\",\"@id\":\"https:\\\/\\\/www.binauralmedia.org\\\/news\\\/arquivo\\\/category\\\/news#listItem\",\"name\":\"Not\\u00edcias\"}},{\"@type\":\"ListItem\",\"@id\":\"https:\\\/\\\/www.binauralmedia.org\\\/news\\\/arquivo\\\/category\\\/news#listItem\",\"position\":2,\"name\":\"Not\\u00edcias\",\"item\":\"https:\\\/\\\/www.binauralmedia.org\\\/news\\\/arquivo\\\/category\\\/news\",\"nextItem\":{\"@type\":\"ListItem\",\"@id\":\"https:\\\/\\\/www.binauralmedia.org\\\/news\\\/arquivo\\\/11090#listItem\",\"name\":\"Ateli\\u00ea &#8220;Ou\\u00e7o, lembro, sinto&#8221; &#8211; Comemora\\u00e7\\u00e3o do Dia da Crian\\u00e7a\"},\"previousItem\":{\"@type\":\"ListItem\",\"@id\":\"https:\\\/\\\/www.binauralmedia.org\\\/news#listItem\",\"name\":\"Home\"}},{\"@type\":\"ListItem\",\"@id\":\"https:\\\/\\\/www.binauralmedia.org\\\/news\\\/arquivo\\\/11090#listItem\",\"position\":3,\"name\":\"Ateli\\u00ea &#8220;Ou\\u00e7o, lembro, sinto&#8221; &#8211; Comemora\\u00e7\\u00e3o do Dia da Crian\\u00e7a\",\"previousItem\":{\"@type\":\"ListItem\",\"@id\":\"https:\\\/\\\/www.binauralmedia.org\\\/news\\\/arquivo\\\/category\\\/news#listItem\",\"name\":\"Not\\u00edcias\"}}]},{\"@type\":\"Organization\",\"@id\":\"https:\\\/\\\/www.binauralmedia.org\\\/news\\\/#organization\",\"name\":\"binauralmedia.org\",\"description\":\"Rural Based Sound\\\/Media Arts & Social Research\",\"url\":\"https:\\\/\\\/www.binauralmedia.org\\\/news\\\/\"},{\"@type\":\"Person\",\"@id\":\"https:\\\/\\\/www.binauralmedia.org\\\/news\\\/arquivo\\\/author\\\/luiscosta#author\",\"url\":\"https:\\\/\\\/www.binauralmedia.org\\\/news\\\/arquivo\\\/author\\\/luiscosta\",\"name\":\"luiscosta\"},{\"@type\":\"WebPage\",\"@id\":\"https:\\\/\\\/www.binauralmedia.org\\\/news\\\/arquivo\\\/11090#webpage\",\"url\":\"https:\\\/\\\/www.binauralmedia.org\\\/news\\\/arquivo\\\/11090\",\"name\":\"Ateli\\u00ea \\u201cOu\\u00e7o, lembro, sinto\\u201d \\u2013 Comemora\\u00e7\\u00e3o do Dia da Crian\\u00e7a - binauralmedia.org\",\"description\":\"A Binaural Nodar celebrou o Dia Mundial da Crian\\u00e7a com o ateli\\u00ea \\\"Ou\\u00e7o, Lembro, Sinto\\\" desenvolvido no Museu do Linho de V\\u00e1rzea de Calde (Museus de Viseu) com a participa\\u00e7\\u00e3o das crian\\u00e7as do Jardim de Inf\\u00e2ncia de V\\u00e1rzea de Calde e da Escola B\\u00e1sica de Calde (Junta de Freguesia de Calde) e integrado no Programa Viseu Cultura\",\"inLanguage\":\"pt-PT\",\"isPartOf\":{\"@id\":\"https:\\\/\\\/www.binauralmedia.org\\\/news\\\/#website\"},\"breadcrumb\":{\"@id\":\"https:\\\/\\\/www.binauralmedia.org\\\/news\\\/arquivo\\\/11090#breadcrumblist\"},\"author\":{\"@id\":\"https:\\\/\\\/www.binauralmedia.org\\\/news\\\/arquivo\\\/author\\\/luiscosta#author\"},\"creator\":{\"@id\":\"https:\\\/\\\/www.binauralmedia.org\\\/news\\\/arquivo\\\/author\\\/luiscosta#author\"},\"image\":{\"@type\":\"ImageObject\",\"url\":\"https:\\\/\\\/www.binauralmedia.org\\\/news\\\/wp-content\\\/uploads\\\/Capturar-31.jpg\",\"@id\":\"https:\\\/\\\/www.binauralmedia.org\\\/news\\\/arquivo\\\/11090\\\/#mainImage\",\"width\":404,\"height\":309},\"primaryImageOfPage\":{\"@id\":\"https:\\\/\\\/www.binauralmedia.org\\\/news\\\/arquivo\\\/11090#mainImage\"},\"datePublished\":\"2019-05-31T11:48:15+00:00\",\"dateModified\":\"2021-08-16T15:41:14+00:00\"},{\"@type\":\"WebSite\",\"@id\":\"https:\\\/\\\/www.binauralmedia.org\\\/news\\\/#website\",\"url\":\"https:\\\/\\\/www.binauralmedia.org\\\/news\\\/\",\"name\":\"binauralmedia.org\",\"description\":\"Rural Based Sound\\\/Media Arts & Social Research\",\"inLanguage\":\"pt-PT\",\"publisher\":{\"@id\":\"https:\\\/\\\/www.binauralmedia.org\\\/news\\\/#organization\"}}]}\n\t\t<\/script>\n\t\t<!-- All in One SEO -->\n\n","aioseo_head_json":{"title":"Ateli\u00ea \u201cOu\u00e7o, lembro, sinto\u201d \u2013 Comemora\u00e7\u00e3o do Dia da Crian\u00e7a - binauralmedia.org","description":"A Binaural Nodar celebrou o Dia Mundial da Crian\u00e7a com o ateli\u00ea \"Ou\u00e7o, Lembro, Sinto\" desenvolvido no Museu do Linho de V\u00e1rzea de Calde (Museus de Viseu) com a participa\u00e7\u00e3o das crian\u00e7as do Jardim de Inf\u00e2ncia de V\u00e1rzea de Calde e da Escola B\u00e1sica de Calde (Junta de Freguesia de Calde) e integrado no Programa Viseu Cultura","canonical_url":"https:\/\/www.binauralmedia.org\/news\/arquivo\/11090","robots":"max-image-preview:large","keywords":"","webmasterTools":{"miscellaneous":""},"schema":{"@context":"https:\/\/schema.org","@graph":[{"@type":"BlogPosting","@id":"https:\/\/www.binauralmedia.org\/news\/arquivo\/11090#blogposting","name":"Ateli\u00ea \u201cOu\u00e7o, lembro, sinto\u201d \u2013 Comemora\u00e7\u00e3o do Dia da Crian\u00e7a - binauralmedia.org","headline":"Ateli\u00ea &#8220;Ou\u00e7o, lembro, sinto&#8221; &#8211; Comemora\u00e7\u00e3o do Dia da Crian\u00e7a","author":{"@id":"https:\/\/www.binauralmedia.org\/news\/arquivo\/author\/luiscosta#author"},"publisher":{"@id":"https:\/\/www.binauralmedia.org\/news\/#organization"},"image":{"@type":"ImageObject","url":"https:\/\/www.binauralmedia.org\/news\/wp-content\/uploads\/Capturar-31.jpg","width":404,"height":309},"datePublished":"2019-05-31T11:48:15+00:00","dateModified":"2021-08-16T15:41:14+00:00","inLanguage":"pt-PT","mainEntityOfPage":{"@id":"https:\/\/www.binauralmedia.org\/news\/arquivo\/11090#webpage"},"isPartOf":{"@id":"https:\/\/www.binauralmedia.org\/news\/arquivo\/11090#webpage"},"articleSection":"Not\u00edcias, Programa Educativo"},{"@type":"BreadcrumbList","@id":"https:\/\/www.binauralmedia.org\/news\/arquivo\/11090#breadcrumblist","itemListElement":[{"@type":"ListItem","@id":"https:\/\/www.binauralmedia.org\/news#listItem","position":1,"name":"Home","item":"https:\/\/www.binauralmedia.org\/news","nextItem":{"@type":"ListItem","@id":"https:\/\/www.binauralmedia.org\/news\/arquivo\/category\/news#listItem","name":"Not\u00edcias"}},{"@type":"ListItem","@id":"https:\/\/www.binauralmedia.org\/news\/arquivo\/category\/news#listItem","position":2,"name":"Not\u00edcias","item":"https:\/\/www.binauralmedia.org\/news\/arquivo\/category\/news","nextItem":{"@type":"ListItem","@id":"https:\/\/www.binauralmedia.org\/news\/arquivo\/11090#listItem","name":"Ateli\u00ea &#8220;Ou\u00e7o, lembro, sinto&#8221; &#8211; Comemora\u00e7\u00e3o do Dia da Crian\u00e7a"},"previousItem":{"@type":"ListItem","@id":"https:\/\/www.binauralmedia.org\/news#listItem","name":"Home"}},{"@type":"ListItem","@id":"https:\/\/www.binauralmedia.org\/news\/arquivo\/11090#listItem","position":3,"name":"Ateli\u00ea &#8220;Ou\u00e7o, lembro, sinto&#8221; &#8211; Comemora\u00e7\u00e3o do Dia da Crian\u00e7a","previousItem":{"@type":"ListItem","@id":"https:\/\/www.binauralmedia.org\/news\/arquivo\/category\/news#listItem","name":"Not\u00edcias"}}]},{"@type":"Organization","@id":"https:\/\/www.binauralmedia.org\/news\/#organization","name":"binauralmedia.org","description":"Rural Based Sound\/Media Arts & Social Research","url":"https:\/\/www.binauralmedia.org\/news\/"},{"@type":"Person","@id":"https:\/\/www.binauralmedia.org\/news\/arquivo\/author\/luiscosta#author","url":"https:\/\/www.binauralmedia.org\/news\/arquivo\/author\/luiscosta","name":"luiscosta"},{"@type":"WebPage","@id":"https:\/\/www.binauralmedia.org\/news\/arquivo\/11090#webpage","url":"https:\/\/www.binauralmedia.org\/news\/arquivo\/11090","name":"Ateli\u00ea \u201cOu\u00e7o, lembro, sinto\u201d \u2013 Comemora\u00e7\u00e3o do Dia da Crian\u00e7a - binauralmedia.org","description":"A Binaural Nodar celebrou o Dia Mundial da Crian\u00e7a com o ateli\u00ea \"Ou\u00e7o, Lembro, Sinto\" desenvolvido no Museu do Linho de V\u00e1rzea de Calde (Museus de Viseu) com a participa\u00e7\u00e3o das crian\u00e7as do Jardim de Inf\u00e2ncia de V\u00e1rzea de Calde e da Escola B\u00e1sica de Calde (Junta de Freguesia de Calde) e integrado no Programa Viseu Cultura","inLanguage":"pt-PT","isPartOf":{"@id":"https:\/\/www.binauralmedia.org\/news\/#website"},"breadcrumb":{"@id":"https:\/\/www.binauralmedia.org\/news\/arquivo\/11090#breadcrumblist"},"author":{"@id":"https:\/\/www.binauralmedia.org\/news\/arquivo\/author\/luiscosta#author"},"creator":{"@id":"https:\/\/www.binauralmedia.org\/news\/arquivo\/author\/luiscosta#author"},"image":{"@type":"ImageObject","url":"https:\/\/www.binauralmedia.org\/news\/wp-content\/uploads\/Capturar-31.jpg","@id":"https:\/\/www.binauralmedia.org\/news\/arquivo\/11090\/#mainImage","width":404,"height":309},"primaryImageOfPage":{"@id":"https:\/\/www.binauralmedia.org\/news\/arquivo\/11090#mainImage"},"datePublished":"2019-05-31T11:48:15+00:00","dateModified":"2021-08-16T15:41:14+00:00"},{"@type":"WebSite","@id":"https:\/\/www.binauralmedia.org\/news\/#website","url":"https:\/\/www.binauralmedia.org\/news\/","name":"binauralmedia.org","description":"Rural Based Sound\/Media Arts & Social Research","inLanguage":"pt-PT","publisher":{"@id":"https:\/\/www.binauralmedia.org\/news\/#organization"}}]},"og:locale":"pt_PT","og:site_name":"binauralmedia.org - Rural Based Sound\/Media Arts &amp; Social Research","og:type":"article","og:title":"Ateli\u00ea \u201cOu\u00e7o, lembro, sinto\u201d \u2013 Comemora\u00e7\u00e3o do Dia da Crian\u00e7a - binauralmedia.org","og:description":"A Binaural Nodar celebrou o Dia Mundial da Crian\u00e7a com o ateli\u00ea &quot;Ou\u00e7o, Lembro, Sinto&quot; desenvolvido no Museu do Linho de V\u00e1rzea de Calde (Museus de Viseu) com a participa\u00e7\u00e3o das crian\u00e7as do Jardim de Inf\u00e2ncia de V\u00e1rzea de Calde e da Escola B\u00e1sica de Calde (Junta de Freguesia de Calde) e integrado no Programa Viseu Cultura","og:url":"https:\/\/www.binauralmedia.org\/news\/arquivo\/11090","article:published_time":"2019-05-31T11:48:15+00:00","article:modified_time":"2021-08-16T15:41:14+00:00","twitter:card":"summary_large_image","twitter:title":"Ateli\u00ea \u201cOu\u00e7o, lembro, sinto\u201d \u2013 Comemora\u00e7\u00e3o do Dia da Crian\u00e7a - binauralmedia.org","twitter:description":"A Binaural Nodar celebrou o Dia Mundial da Crian\u00e7a com o ateli\u00ea &quot;Ou\u00e7o, Lembro, Sinto&quot; desenvolvido no Museu do Linho de V\u00e1rzea de Calde (Museus de Viseu) com a participa\u00e7\u00e3o das crian\u00e7as do Jardim de Inf\u00e2ncia de V\u00e1rzea de Calde e da Escola B\u00e1sica de Calde (Junta de Freguesia de Calde) e integrado no Programa Viseu Cultura"},"aioseo_meta_data":{"post_id":"11090","title":null,"description":null,"keywords":null,"keyphrases":null,"primary_term":null,"canonical_url":null,"og_title":null,"og_description":null,"og_object_type":"default","og_image_type":"default","og_image_custom_url":null,"og_image_custom_fields":null,"og_image_url":null,"og_image_width":null,"og_image_height":null,"og_video":null,"og_custom_url":null,"og_article_section":null,"og_article_tags":null,"twitter_use_og":false,"twitter_card":"default","twitter_image_type":"default","twitter_image_custom_url":null,"twitter_image_custom_fields":null,"twitter_image_url":null,"twitter_title":null,"twitter_description":null,"schema_type":"default","schema_type_options":null,"schema":{"blockGraphs":[],"customGraphs":[],"default":{"data":{"Article":[],"Course":[],"Dataset":[],"FAQPage":[],"Movie":[],"Person":[],"Product":[],"ProductReview":[],"Car":[],"Recipe":[],"Service":[],"SoftwareApplication":[],"WebPage":[]},"graphName":"","isEnabled":true},"graphs":[]},"pillar_content":false,"robots_default":true,"robots_noindex":false,"robots_noarchive":false,"robots_nosnippet":false,"robots_nofollow":false,"robots_noimageindex":false,"robots_noodp":false,"robots_notranslate":false,"robots_max_snippet":null,"robots_max_videopreview":null,"robots_max_imagepreview":"large","priority":null,"frequency":null,"local_seo":null,"limit_modified_date":false,"ai":null,"breadcrumb_settings":null,"seo_analyzer_scan_date":null,"created":"2026-08-05 04:08:16","updated":"2026-08-05 04:08:16","focus_keyword":null,"additional_keywords":null,"truseo_locale":null},"aioseo_breadcrumb":"<div class=\"aioseo-breadcrumbs\"><span class=\"aioseo-breadcrumb\">\n\t\t\t<a href=\"https:\/\/www.binauralmedia.org\/news\" title=\"Home\">Home<\/a>\n\t\t<\/span><span class=\"aioseo-breadcrumb-separator\">&raquo;<\/span><span class=\"aioseo-breadcrumb\">\n\t\t\t<a href=\"https:\/\/www.binauralmedia.org\/news\/arquivo\/category\/news\" title=\"Not\u00edcias\">Not\u00edcias<\/a>\n\t\t<\/span><span class=\"aioseo-breadcrumb-separator\">&raquo;<\/span><span class=\"aioseo-breadcrumb\">\n\t\t\tAteli\u00ea \u201cOu\u00e7o, lembro, sinto\u201d \u2013 Comemora\u00e7\u00e3o do Dia da Crian\u00e7a\n\t\t<\/span><\/div>","aioseo_breadcrumb_json":[{"label":"Home","link":"https:\/\/www.binauralmedia.org\/news"},{"label":"Not\u00edcias","link":"https:\/\/www.binauralmedia.org\/news\/arquivo\/category\/news"},{"label":"Ateli\u00ea &#8220;Ou\u00e7o, lembro, sinto&#8221; &#8211; Comemora\u00e7\u00e3o do Dia da Crian\u00e7a","link":"https:\/\/www.binauralmedia.org\/news\/arquivo\/11090"}],"_links":{"self":[{"href":"https:\/\/www.binauralmedia.org\/news\/wp-json\/wp\/v2\/posts\/11090","targetHints":{"allow":["GET"]}}],"collection":[{"href":"https:\/\/www.binauralmedia.org\/news\/wp-json\/wp\/v2\/posts"}],"about":[{"href":"https:\/\/www.binauralmedia.org\/news\/wp-json\/wp\/v2\/types\/post"}],"author":[{"embeddable":true,"href":"https:\/\/www.binauralmedia.org\/news\/wp-json\/wp\/v2\/users\/2"}],"replies":[{"embeddable":true,"href":"https:\/\/www.binauralmedia.org\/news\/wp-json\/wp\/v2\/comments?post=11090"}],"version-history":[{"count":2,"href":"https:\/\/www.binauralmedia.org\/news\/wp-json\/wp\/v2\/posts\/11090\/revisions"}],"predecessor-version":[{"id":13390,"href":"https:\/\/www.binauralmedia.org\/news\/wp-json\/wp\/v2\/posts\/11090\/revisions\/13390"}],"wp:featuredmedia":[{"embeddable":true,"href":"https:\/\/www.binauralmedia.org\/news\/wp-json\/wp\/v2\/media\/11095"}],"wp:attachment":[{"href":"https:\/\/www.binauralmedia.org\/news\/wp-json\/wp\/v2\/media?parent=11090"}],"wp:term":[{"taxonomy":"category","embeddable":true,"href":"https:\/\/www.binauralmedia.org\/news\/wp-json\/wp\/v2\/categories?post=11090"},{"taxonomy":"post_tag","embeddable":true,"href":"https:\/\/www.binauralmedia.org\/news\/wp-json\/wp\/v2\/tags?post=11090"}],"curies":[{"name":"wp","href":"https:\/\/api.w.org\/{rel}","templated":true}]}}