{"id":11082,"date":"2019-05-16T10:55:20","date_gmt":"2019-05-16T10:55:20","guid":{"rendered":"https:\/\/binauralmedia.org\/news\/?p=11082"},"modified":"2021-08-16T15:41:13","modified_gmt":"2021-08-16T15:41:13","slug":"5a-edicao-do-festival-ocupai-festival-iberico-de-arte-e-acao","status":"publish","type":"post","link":"https:\/\/www.binauralmedia.org\/news\/arquivo\/11082","title":{"rendered":"5\u00aa Edi\u00e7\u00e3o do Festival Ocupai &#8211; Festival Ib\u00e9rico de Arte e A\u00e7\u00e3o"},"content":{"rendered":"<p>A\u00a0Binaural Nodar, o\u00a0Munic\u00edpio de Vouzela\u00a0e a\u00a0Freguesia de Cambra e Carvalhal de Vermilhas\u00a0anunciam que a quinta edi\u00e7\u00e3o do Festival OCUPAI &#8211; Festival Ib\u00e9rico de Arte e A\u00e7\u00e3o se realizar\u00e1 este ano no Parque de Lazer do Esp\u00edrito Santo, Cambra de Baixo, nos dias 22 e 23 de junho.<\/p>\n<p>O Festival OCUPAI \u00e9 um festival de proximidade entre artistas, p\u00fablico, paisagem e cultura e que visa colocar em liga\u00e7\u00e3o express\u00f5es tradicionais e contempor\u00e2neas dos dois lados da fronteira (regi\u00f5es Centr<span class=\"text_exposed_show\">o e Norte em Portugal e regi\u00f5es espanholas da Galiza, Ast\u00farias e Castilla y Le\u00f3n), propondo o conhecimento, partilha e reinven\u00e7\u00e3o do riqu\u00edssimo patrim\u00f3nio imaterial destas regi\u00f5es pr\u00f3ximas e amigas.<\/span><\/p>\n<div class=\"text_exposed_show\">\n<p>O programa do festival ser\u00e1 anunciado na pr\u00f3xima semana, sendo que se encontram j\u00e1 abertas as inscri\u00e7\u00f5es para expositores de artesanato, do\u00e7aria, produtos e tradi\u00e7\u00f5es regionais, as quais dever\u00e3o ser efetuadas atrav\u00e9s do telefone 232 723 160, por email para diana.silva@binauralmedia.org ou ainda presencialmente no Espa\u00e7o Laf\u00f5es.Cult.Lab na Rua do Seixo n\u00ba 5 em Vouzela (de segunda a sexta-feira das 9h30 \u00e0s 13h00 e das 14h00 \u00e0s 17h30).<\/p>\n<p><img decoding=\"async\" class=\"lazyload alignnone size-full wp-image-11083\" src=\"http:\/\/www.binauralmedia.org\/news\/\/wp-content\/uploads\/60281909_2291710157542400_7805849146308427776_n.jpg\" data-orig-src=\"http:\/\/www.binauralmedia.org\/news\/\/wp-content\/uploads\/60281909_2291710157542400_7805849146308427776_n.jpg\" alt=\"\" width=\"680\" height=\"960\" srcset=\"data:image\/svg+xml,%3Csvg%20xmlns%3D%27http%3A%2F%2Fwww.w3.org%2F2000%2Fsvg%27%20width%3D%27680%27%20height%3D%27960%27%20viewBox%3D%270%200%20680%20960%27%3E%3Crect%20width%3D%27680%27%20height%3D%27960%27%20fill-opacity%3D%220%22%2F%3E%3C%2Fsvg%3E\" data-srcset=\"https:\/\/www.binauralmedia.org\/news\/wp-content\/uploads\/60281909_2291710157542400_7805849146308427776_n-200x282.jpg 200w, https:\/\/www.binauralmedia.org\/news\/wp-content\/uploads\/60281909_2291710157542400_7805849146308427776_n-213x300.jpg 213w, https:\/\/www.binauralmedia.org\/news\/wp-content\/uploads\/60281909_2291710157542400_7805849146308427776_n-400x565.jpg 400w, https:\/\/www.binauralmedia.org\/news\/wp-content\/uploads\/60281909_2291710157542400_7805849146308427776_n-500x706.jpg 500w, https:\/\/www.binauralmedia.org\/news\/wp-content\/uploads\/60281909_2291710157542400_7805849146308427776_n-600x847.jpg 600w, https:\/\/www.binauralmedia.org\/news\/wp-content\/uploads\/60281909_2291710157542400_7805849146308427776_n.jpg 680w\" data-sizes=\"auto\" data-orig-sizes=\"(max-width: 680px) 100vw, 680px\" \/><\/p>\n<\/div>\n","protected":false},"excerpt":{"rendered":"<p>A\u00a0Binaural Nodar, o\u00a0Munic\u00edpio de Vouzela\u00a0e a\u00a0Freguesia de Cambra e Carvalhal  [&#8230;]<\/p>\n","protected":false},"author":2,"featured_media":11084,"comment_status":"closed","ping_status":"closed","sticky":false,"template":"","format":"standard","meta":{"_acf_changed":false,"_bbp_topic_count":0,"_bbp_reply_count":0,"_bbp_total_topic_count":0,"_bbp_total_reply_count":0,"_bbp_voice_count":0,"_bbp_anonymous_reply_count":0,"_bbp_topic_count_hidden":0,"_bbp_reply_count_hidden":0,"_bbp_forum_subforum_count":0,"footnotes":""},"categories":[1,1160],"tags":[],"class_list":["post-11082","post","type-post","status-publish","format-standard","has-post-thumbnail","hentry","category-news","category-symposiums-festivals"],"acf":[],"aioseo_notices":[],"aioseo_head":"\n\t\t<!-- All in One SEO 5.0.1.1 - aioseo.com -->\n\t<meta name=\"description\" content=\"A Binaural Nodar, o Munic\u00edpio de Vouzela e a Freguesia de Cambra e Carvalhal de Vermilhas anunciam que a quinta edi\u00e7\u00e3o do Festival OCUPAI - Festival Ib\u00e9rico de Arte e A\u00e7\u00e3o se realizar\u00e1 este ano no Parque de Lazer do Esp\u00edrito Santo, Cambra de Baixo, nos dias 22 e 23 de junho. O Festival OCUPAI \u00e9 um festival de proximidade\" \/>\n\t<meta name=\"robots\" content=\"max-image-preview:large\" \/>\n\t<meta name=\"author\" content=\"luiscosta\"\/>\n\t<link rel=\"canonical\" href=\"https:\/\/www.binauralmedia.org\/news\/arquivo\/11082\" \/>\n\t<meta name=\"generator\" content=\"All in One SEO (AIOSEO) 5.0.1.1\" \/>\n\t\t<meta property=\"og:locale\" content=\"pt_PT\" \/>\n\t\t<meta property=\"og:site_name\" content=\"binauralmedia.org - Rural Based Sound\/Media Arts &amp; Social Research\" \/>\n\t\t<meta property=\"og:type\" content=\"article\" \/>\n\t\t<meta property=\"og:title\" content=\"5\u00aa Edi\u00e7\u00e3o do Festival Ocupai \u2013 Festival Ib\u00e9rico de Arte e A\u00e7\u00e3o - binauralmedia.org\" \/>\n\t\t<meta property=\"og:description\" content=\"A Binaural Nodar, o Munic\u00edpio de Vouzela e a Freguesia de Cambra e Carvalhal de Vermilhas anunciam que a quinta edi\u00e7\u00e3o do Festival OCUPAI - Festival Ib\u00e9rico de Arte e A\u00e7\u00e3o se realizar\u00e1 este ano no Parque de Lazer do Esp\u00edrito Santo, Cambra de Baixo, nos dias 22 e 23 de junho. O Festival OCUPAI \u00e9 um festival de proximidade\" \/>\n\t\t<meta property=\"og:url\" content=\"https:\/\/www.binauralmedia.org\/news\/arquivo\/11082\" \/>\n\t\t<meta property=\"article:published_time\" content=\"2019-05-16T10:55:20+00:00\" \/>\n\t\t<meta property=\"article:modified_time\" content=\"2021-08-16T15:41:13+00:00\" \/>\n\t\t<meta name=\"twitter:card\" content=\"summary_large_image\" \/>\n\t\t<meta name=\"twitter:title\" content=\"5\u00aa Edi\u00e7\u00e3o do Festival Ocupai \u2013 Festival Ib\u00e9rico de Arte e A\u00e7\u00e3o - binauralmedia.org\" \/>\n\t\t<meta name=\"twitter:description\" content=\"A Binaural Nodar, o Munic\u00edpio de Vouzela e a Freguesia de Cambra e Carvalhal de Vermilhas anunciam que a quinta edi\u00e7\u00e3o do Festival OCUPAI - Festival Ib\u00e9rico de Arte e A\u00e7\u00e3o se realizar\u00e1 este ano no Parque de Lazer do Esp\u00edrito Santo, Cambra de Baixo, nos dias 22 e 23 de junho. O Festival OCUPAI \u00e9 um festival de proximidade\" \/>\n\t\t<script type=\"application\/ld+json\" class=\"aioseo-schema\">\n\t\t\t{\"@context\":\"https:\\\/\\\/schema.org\",\"@graph\":[{\"@type\":\"BlogPosting\",\"@id\":\"https:\\\/\\\/www.binauralmedia.org\\\/news\\\/arquivo\\\/11082#blogposting\",\"name\":\"5\\u00aa Edi\\u00e7\\u00e3o do Festival Ocupai \\u2013 Festival Ib\\u00e9rico de Arte e A\\u00e7\\u00e3o - binauralmedia.org\",\"headline\":\"5\\u00aa Edi\\u00e7\\u00e3o do Festival Ocupai &#8211; Festival Ib\\u00e9rico de Arte e A\\u00e7\\u00e3o\",\"author\":{\"@id\":\"https:\\\/\\\/www.binauralmedia.org\\\/news\\\/arquivo\\\/author\\\/luiscosta#author\"},\"publisher\":{\"@id\":\"https:\\\/\\\/www.binauralmedia.org\\\/news\\\/#organization\"},\"image\":{\"@type\":\"ImageObject\",\"url\":\"https:\\\/\\\/www.binauralmedia.org\\\/news\\\/wp-content\\\/uploads\\\/Capturar-29.jpg\",\"width\":230,\"height\":272},\"datePublished\":\"2019-05-16T10:55:20+00:00\",\"dateModified\":\"2021-08-16T15:41:13+00:00\",\"inLanguage\":\"pt-PT\",\"mainEntityOfPage\":{\"@id\":\"https:\\\/\\\/www.binauralmedia.org\\\/news\\\/arquivo\\\/11082#webpage\"},\"isPartOf\":{\"@id\":\"https:\\\/\\\/www.binauralmedia.org\\\/news\\\/arquivo\\\/11082#webpage\"},\"articleSection\":\"Not\\u00edcias, Simp\\u00f3sios &amp; Festivais\"},{\"@type\":\"BreadcrumbList\",\"@id\":\"https:\\\/\\\/www.binauralmedia.org\\\/news\\\/arquivo\\\/11082#breadcrumblist\",\"itemListElement\":[{\"@type\":\"ListItem\",\"@id\":\"https:\\\/\\\/www.binauralmedia.org\\\/news#listItem\",\"position\":1,\"name\":\"Home\",\"item\":\"https:\\\/\\\/www.binauralmedia.org\\\/news\",\"nextItem\":{\"@type\":\"ListItem\",\"@id\":\"https:\\\/\\\/www.binauralmedia.org\\\/news\\\/arquivo\\\/category\\\/news#listItem\",\"name\":\"Not\\u00edcias\"}},{\"@type\":\"ListItem\",\"@id\":\"https:\\\/\\\/www.binauralmedia.org\\\/news\\\/arquivo\\\/category\\\/news#listItem\",\"position\":2,\"name\":\"Not\\u00edcias\",\"item\":\"https:\\\/\\\/www.binauralmedia.org\\\/news\\\/arquivo\\\/category\\\/news\",\"nextItem\":{\"@type\":\"ListItem\",\"@id\":\"https:\\\/\\\/www.binauralmedia.org\\\/news\\\/arquivo\\\/11082#listItem\",\"name\":\"5\\u00aa Edi\\u00e7\\u00e3o do Festival Ocupai &#8211; Festival Ib\\u00e9rico de Arte e A\\u00e7\\u00e3o\"},\"previousItem\":{\"@type\":\"ListItem\",\"@id\":\"https:\\\/\\\/www.binauralmedia.org\\\/news#listItem\",\"name\":\"Home\"}},{\"@type\":\"ListItem\",\"@id\":\"https:\\\/\\\/www.binauralmedia.org\\\/news\\\/arquivo\\\/11082#listItem\",\"position\":3,\"name\":\"5\\u00aa Edi\\u00e7\\u00e3o do Festival Ocupai &#8211; Festival Ib\\u00e9rico de Arte e A\\u00e7\\u00e3o\",\"previousItem\":{\"@type\":\"ListItem\",\"@id\":\"https:\\\/\\\/www.binauralmedia.org\\\/news\\\/arquivo\\\/category\\\/news#listItem\",\"name\":\"Not\\u00edcias\"}}]},{\"@type\":\"Organization\",\"@id\":\"https:\\\/\\\/www.binauralmedia.org\\\/news\\\/#organization\",\"name\":\"binauralmedia.org\",\"description\":\"Rural Based Sound\\\/Media Arts & Social Research\",\"url\":\"https:\\\/\\\/www.binauralmedia.org\\\/news\\\/\"},{\"@type\":\"Person\",\"@id\":\"https:\\\/\\\/www.binauralmedia.org\\\/news\\\/arquivo\\\/author\\\/luiscosta#author\",\"url\":\"https:\\\/\\\/www.binauralmedia.org\\\/news\\\/arquivo\\\/author\\\/luiscosta\",\"name\":\"luiscosta\"},{\"@type\":\"WebPage\",\"@id\":\"https:\\\/\\\/www.binauralmedia.org\\\/news\\\/arquivo\\\/11082#webpage\",\"url\":\"https:\\\/\\\/www.binauralmedia.org\\\/news\\\/arquivo\\\/11082\",\"name\":\"5\\u00aa Edi\\u00e7\\u00e3o do Festival Ocupai \\u2013 Festival Ib\\u00e9rico de Arte e A\\u00e7\\u00e3o - binauralmedia.org\",\"description\":\"A Binaural Nodar, o Munic\\u00edpio de Vouzela e a Freguesia de Cambra e Carvalhal de Vermilhas anunciam que a quinta edi\\u00e7\\u00e3o do Festival OCUPAI - Festival Ib\\u00e9rico de Arte e A\\u00e7\\u00e3o se realizar\\u00e1 este ano no Parque de Lazer do Esp\\u00edrito Santo, Cambra de Baixo, nos dias 22 e 23 de junho. O Festival OCUPAI \\u00e9 um festival de proximidade\",\"inLanguage\":\"pt-PT\",\"isPartOf\":{\"@id\":\"https:\\\/\\\/www.binauralmedia.org\\\/news\\\/#website\"},\"breadcrumb\":{\"@id\":\"https:\\\/\\\/www.binauralmedia.org\\\/news\\\/arquivo\\\/11082#breadcrumblist\"},\"author\":{\"@id\":\"https:\\\/\\\/www.binauralmedia.org\\\/news\\\/arquivo\\\/author\\\/luiscosta#author\"},\"creator\":{\"@id\":\"https:\\\/\\\/www.binauralmedia.org\\\/news\\\/arquivo\\\/author\\\/luiscosta#author\"},\"image\":{\"@type\":\"ImageObject\",\"url\":\"https:\\\/\\\/www.binauralmedia.org\\\/news\\\/wp-content\\\/uploads\\\/Capturar-29.jpg\",\"@id\":\"https:\\\/\\\/www.binauralmedia.org\\\/news\\\/arquivo\\\/11082\\\/#mainImage\",\"width\":230,\"height\":272},\"primaryImageOfPage\":{\"@id\":\"https:\\\/\\\/www.binauralmedia.org\\\/news\\\/arquivo\\\/11082#mainImage\"},\"datePublished\":\"2019-05-16T10:55:20+00:00\",\"dateModified\":\"2021-08-16T15:41:13+00:00\"},{\"@type\":\"WebSite\",\"@id\":\"https:\\\/\\\/www.binauralmedia.org\\\/news\\\/#website\",\"url\":\"https:\\\/\\\/www.binauralmedia.org\\\/news\\\/\",\"name\":\"binauralmedia.org\",\"description\":\"Rural Based Sound\\\/Media Arts & Social Research\",\"inLanguage\":\"pt-PT\",\"publisher\":{\"@id\":\"https:\\\/\\\/www.binauralmedia.org\\\/news\\\/#organization\"}}]}\n\t\t<\/script>\n\t\t<!-- All in One SEO -->\n\n","aioseo_head_json":{"title":"5\u00aa Edi\u00e7\u00e3o do Festival Ocupai \u2013 Festival Ib\u00e9rico de Arte e A\u00e7\u00e3o - binauralmedia.org","description":"A Binaural Nodar, o Munic\u00edpio de Vouzela e a Freguesia de Cambra e Carvalhal de Vermilhas anunciam que a quinta edi\u00e7\u00e3o do Festival OCUPAI - Festival Ib\u00e9rico de Arte e A\u00e7\u00e3o se realizar\u00e1 este ano no Parque de Lazer do Esp\u00edrito Santo, Cambra de Baixo, nos dias 22 e 23 de junho. O Festival OCUPAI \u00e9 um festival de proximidade","canonical_url":"https:\/\/www.binauralmedia.org\/news\/arquivo\/11082","robots":"max-image-preview:large","keywords":"","webmasterTools":{"miscellaneous":""},"schema":{"@context":"https:\/\/schema.org","@graph":[{"@type":"BlogPosting","@id":"https:\/\/www.binauralmedia.org\/news\/arquivo\/11082#blogposting","name":"5\u00aa Edi\u00e7\u00e3o do Festival Ocupai \u2013 Festival Ib\u00e9rico de Arte e A\u00e7\u00e3o - binauralmedia.org","headline":"5\u00aa Edi\u00e7\u00e3o do Festival Ocupai &#8211; Festival Ib\u00e9rico de Arte e A\u00e7\u00e3o","author":{"@id":"https:\/\/www.binauralmedia.org\/news\/arquivo\/author\/luiscosta#author"},"publisher":{"@id":"https:\/\/www.binauralmedia.org\/news\/#organization"},"image":{"@type":"ImageObject","url":"https:\/\/www.binauralmedia.org\/news\/wp-content\/uploads\/Capturar-29.jpg","width":230,"height":272},"datePublished":"2019-05-16T10:55:20+00:00","dateModified":"2021-08-16T15:41:13+00:00","inLanguage":"pt-PT","mainEntityOfPage":{"@id":"https:\/\/www.binauralmedia.org\/news\/arquivo\/11082#webpage"},"isPartOf":{"@id":"https:\/\/www.binauralmedia.org\/news\/arquivo\/11082#webpage"},"articleSection":"Not\u00edcias, Simp\u00f3sios &amp; Festivais"},{"@type":"BreadcrumbList","@id":"https:\/\/www.binauralmedia.org\/news\/arquivo\/11082#breadcrumblist","itemListElement":[{"@type":"ListItem","@id":"https:\/\/www.binauralmedia.org\/news#listItem","position":1,"name":"Home","item":"https:\/\/www.binauralmedia.org\/news","nextItem":{"@type":"ListItem","@id":"https:\/\/www.binauralmedia.org\/news\/arquivo\/category\/news#listItem","name":"Not\u00edcias"}},{"@type":"ListItem","@id":"https:\/\/www.binauralmedia.org\/news\/arquivo\/category\/news#listItem","position":2,"name":"Not\u00edcias","item":"https:\/\/www.binauralmedia.org\/news\/arquivo\/category\/news","nextItem":{"@type":"ListItem","@id":"https:\/\/www.binauralmedia.org\/news\/arquivo\/11082#listItem","name":"5\u00aa Edi\u00e7\u00e3o do Festival Ocupai &#8211; Festival Ib\u00e9rico de Arte e A\u00e7\u00e3o"},"previousItem":{"@type":"ListItem","@id":"https:\/\/www.binauralmedia.org\/news#listItem","name":"Home"}},{"@type":"ListItem","@id":"https:\/\/www.binauralmedia.org\/news\/arquivo\/11082#listItem","position":3,"name":"5\u00aa Edi\u00e7\u00e3o do Festival Ocupai &#8211; Festival Ib\u00e9rico de Arte e A\u00e7\u00e3o","previousItem":{"@type":"ListItem","@id":"https:\/\/www.binauralmedia.org\/news\/arquivo\/category\/news#listItem","name":"Not\u00edcias"}}]},{"@type":"Organization","@id":"https:\/\/www.binauralmedia.org\/news\/#organization","name":"binauralmedia.org","description":"Rural Based Sound\/Media Arts & Social Research","url":"https:\/\/www.binauralmedia.org\/news\/"},{"@type":"Person","@id":"https:\/\/www.binauralmedia.org\/news\/arquivo\/author\/luiscosta#author","url":"https:\/\/www.binauralmedia.org\/news\/arquivo\/author\/luiscosta","name":"luiscosta"},{"@type":"WebPage","@id":"https:\/\/www.binauralmedia.org\/news\/arquivo\/11082#webpage","url":"https:\/\/www.binauralmedia.org\/news\/arquivo\/11082","name":"5\u00aa Edi\u00e7\u00e3o do Festival Ocupai \u2013 Festival Ib\u00e9rico de Arte e A\u00e7\u00e3o - binauralmedia.org","description":"A Binaural Nodar, o Munic\u00edpio de Vouzela e a Freguesia de Cambra e Carvalhal de Vermilhas anunciam que a quinta edi\u00e7\u00e3o do Festival OCUPAI - Festival Ib\u00e9rico de Arte e A\u00e7\u00e3o se realizar\u00e1 este ano no Parque de Lazer do Esp\u00edrito Santo, Cambra de Baixo, nos dias 22 e 23 de junho. O Festival OCUPAI \u00e9 um festival de proximidade","inLanguage":"pt-PT","isPartOf":{"@id":"https:\/\/www.binauralmedia.org\/news\/#website"},"breadcrumb":{"@id":"https:\/\/www.binauralmedia.org\/news\/arquivo\/11082#breadcrumblist"},"author":{"@id":"https:\/\/www.binauralmedia.org\/news\/arquivo\/author\/luiscosta#author"},"creator":{"@id":"https:\/\/www.binauralmedia.org\/news\/arquivo\/author\/luiscosta#author"},"image":{"@type":"ImageObject","url":"https:\/\/www.binauralmedia.org\/news\/wp-content\/uploads\/Capturar-29.jpg","@id":"https:\/\/www.binauralmedia.org\/news\/arquivo\/11082\/#mainImage","width":230,"height":272},"primaryImageOfPage":{"@id":"https:\/\/www.binauralmedia.org\/news\/arquivo\/11082#mainImage"},"datePublished":"2019-05-16T10:55:20+00:00","dateModified":"2021-08-16T15:41:13+00:00"},{"@type":"WebSite","@id":"https:\/\/www.binauralmedia.org\/news\/#website","url":"https:\/\/www.binauralmedia.org\/news\/","name":"binauralmedia.org","description":"Rural Based Sound\/Media Arts & Social Research","inLanguage":"pt-PT","publisher":{"@id":"https:\/\/www.binauralmedia.org\/news\/#organization"}}]},"og:locale":"pt_PT","og:site_name":"binauralmedia.org - Rural Based Sound\/Media Arts &amp; Social Research","og:type":"article","og:title":"5\u00aa Edi\u00e7\u00e3o do Festival Ocupai \u2013 Festival Ib\u00e9rico de Arte e A\u00e7\u00e3o - binauralmedia.org","og:description":"A Binaural Nodar, o Munic\u00edpio de Vouzela e a Freguesia de Cambra e Carvalhal de Vermilhas anunciam que a quinta edi\u00e7\u00e3o do Festival OCUPAI - Festival Ib\u00e9rico de Arte e A\u00e7\u00e3o se realizar\u00e1 este ano no Parque de Lazer do Esp\u00edrito Santo, Cambra de Baixo, nos dias 22 e 23 de junho. O Festival OCUPAI \u00e9 um festival de proximidade","og:url":"https:\/\/www.binauralmedia.org\/news\/arquivo\/11082","article:published_time":"2019-05-16T10:55:20+00:00","article:modified_time":"2021-08-16T15:41:13+00:00","twitter:card":"summary_large_image","twitter:title":"5\u00aa Edi\u00e7\u00e3o do Festival Ocupai \u2013 Festival Ib\u00e9rico de Arte e A\u00e7\u00e3o - binauralmedia.org","twitter:description":"A Binaural Nodar, o Munic\u00edpio de Vouzela e a Freguesia de Cambra e Carvalhal de Vermilhas anunciam que a quinta edi\u00e7\u00e3o do Festival OCUPAI - Festival Ib\u00e9rico de Arte e A\u00e7\u00e3o se realizar\u00e1 este ano no Parque de Lazer do Esp\u00edrito Santo, Cambra de Baixo, nos dias 22 e 23 de junho. O Festival OCUPAI \u00e9 um festival de proximidade"},"aioseo_meta_data":{"post_id":"11082","title":null,"description":null,"keywords":null,"keyphrases":null,"primary_term":null,"canonical_url":null,"og_title":null,"og_description":null,"og_object_type":"default","og_image_type":"default","og_image_custom_url":null,"og_image_custom_fields":null,"og_image_url":null,"og_image_width":null,"og_image_height":null,"og_video":null,"og_custom_url":null,"og_article_section":null,"og_article_tags":null,"twitter_use_og":false,"twitter_card":"default","twitter_image_type":"default","twitter_image_custom_url":null,"twitter_image_custom_fields":null,"twitter_image_url":null,"twitter_title":null,"twitter_description":null,"schema_type":"default","schema_type_options":null,"schema":{"blockGraphs":[],"customGraphs":[],"default":{"data":{"Article":[],"Course":[],"Dataset":[],"FAQPage":[],"Movie":[],"Person":[],"Product":[],"ProductReview":[],"Car":[],"Recipe":[],"Service":[],"SoftwareApplication":[],"WebPage":[]},"graphName":"","isEnabled":true},"graphs":[]},"pillar_content":false,"robots_default":true,"robots_noindex":false,"robots_noarchive":false,"robots_nosnippet":false,"robots_nofollow":false,"robots_noimageindex":false,"robots_noodp":false,"robots_notranslate":false,"robots_max_snippet":null,"robots_max_videopreview":null,"robots_max_imagepreview":"large","priority":null,"frequency":null,"local_seo":null,"limit_modified_date":false,"ai":null,"breadcrumb_settings":null,"seo_analyzer_scan_date":null,"created":"2026-08-05 04:06:41","updated":"2026-08-05 04:06:41","focus_keyword":null,"additional_keywords":null,"truseo_locale":null},"aioseo_breadcrumb":"<div class=\"aioseo-breadcrumbs\"><span class=\"aioseo-breadcrumb\">\n\t\t\t<a href=\"https:\/\/www.binauralmedia.org\/news\" title=\"Home\">Home<\/a>\n\t\t<\/span><span class=\"aioseo-breadcrumb-separator\">&raquo;<\/span><span class=\"aioseo-breadcrumb\">\n\t\t\t<a href=\"https:\/\/www.binauralmedia.org\/news\/arquivo\/category\/news\" title=\"Not\u00edcias\">Not\u00edcias<\/a>\n\t\t<\/span><span class=\"aioseo-breadcrumb-separator\">&raquo;<\/span><span class=\"aioseo-breadcrumb\">\n\t\t\t5\u00aa Edi\u00e7\u00e3o do Festival Ocupai \u2013 Festival Ib\u00e9rico de Arte e A\u00e7\u00e3o\n\t\t<\/span><\/div>","aioseo_breadcrumb_json":[{"label":"Home","link":"https:\/\/www.binauralmedia.org\/news"},{"label":"Not\u00edcias","link":"https:\/\/www.binauralmedia.org\/news\/arquivo\/category\/news"},{"label":"5\u00aa Edi\u00e7\u00e3o do Festival Ocupai &#8211; Festival Ib\u00e9rico de Arte e A\u00e7\u00e3o","link":"https:\/\/www.binauralmedia.org\/news\/arquivo\/11082"}],"_links":{"self":[{"href":"https:\/\/www.binauralmedia.org\/news\/wp-json\/wp\/v2\/posts\/11082","targetHints":{"allow":["GET"]}}],"collection":[{"href":"https:\/\/www.binauralmedia.org\/news\/wp-json\/wp\/v2\/posts"}],"about":[{"href":"https:\/\/www.binauralmedia.org\/news\/wp-json\/wp\/v2\/types\/post"}],"author":[{"embeddable":true,"href":"https:\/\/www.binauralmedia.org\/news\/wp-json\/wp\/v2\/users\/2"}],"replies":[{"embeddable":true,"href":"https:\/\/www.binauralmedia.org\/news\/wp-json\/wp\/v2\/comments?post=11082"}],"version-history":[{"count":2,"href":"https:\/\/www.binauralmedia.org\/news\/wp-json\/wp\/v2\/posts\/11082\/revisions"}],"predecessor-version":[{"id":13387,"href":"https:\/\/www.binauralmedia.org\/news\/wp-json\/wp\/v2\/posts\/11082\/revisions\/13387"}],"wp:featuredmedia":[{"embeddable":true,"href":"https:\/\/www.binauralmedia.org\/news\/wp-json\/wp\/v2\/media\/11084"}],"wp:attachment":[{"href":"https:\/\/www.binauralmedia.org\/news\/wp-json\/wp\/v2\/media?parent=11082"}],"wp:term":[{"taxonomy":"category","embeddable":true,"href":"https:\/\/www.binauralmedia.org\/news\/wp-json\/wp\/v2\/categories?post=11082"},{"taxonomy":"post_tag","embeddable":true,"href":"https:\/\/www.binauralmedia.org\/news\/wp-json\/wp\/v2\/tags?post=11082"}],"curies":[{"name":"wp","href":"https:\/\/api.w.org\/{rel}","templated":true}]}}