{"id":11064,"date":"2019-05-09T16:38:20","date_gmt":"2019-05-09T16:38:20","guid":{"rendered":"https:\/\/binauralmedia.org\/news\/?p=11064"},"modified":"2021-08-16T15:41:09","modified_gmt":"2021-08-16T15:41:09","slug":"forum-tramontana-em-vouzela","status":"publish","type":"post","link":"https:\/\/www.binauralmedia.org\/news\/arquivo\/11064","title":{"rendered":"F\u00f3rum Tramontana em Vouzela"},"content":{"rendered":"<p>O\u00a0Munic\u00edpio de Vouzela\u00a0ir\u00e1 acolher entre os pr\u00f3ximos dias 23 e 25 de maio um encontro internacional da Rede Tramontana, um projeto Europa Criativa (Centro de Informa\u00e7\u00e3o Europa Criativa) dedicado a documentar, catalogar, expressar e divulgar, atrav\u00e9s de meios inovadores, participativos e din\u00e2micos, o patrim\u00f3nio cultural imaterial de contextos rurais e montanhosos da Europa.<\/p>\n<p>Fundada em 2011, a Rede Tramontana \u00e9 composta atualmente por oito membros de cinco pa\u00edses diferentes:\u00a0B<span class=\"text_exposed_show\">inaural Nodar<\/span><span class=\"text_exposed_show\">\u00a0(Portugal), Audiolab (Pa\u00eds Basco, Espanha)\u00a0Bambun\u00a0(Abruzzo, It\u00e1lia),\u00a0Associazione LEM-Italia(Abruzzo, It\u00e1lia), Nosauts de Big\u00f2rra (Pirin\u00e9us, Fran\u00e7a), Num\u00e9riculture Gascogne (Pirine\u00fas, Fran\u00e7a), Eth Ostau Comeng\u00e9s (Pirin\u00e9us, Fran\u00e7a) e\u00a0Akademia Profil\u00a0(Grodzisk Mazowiecki, Pol\u00f3nia) e desenvolve uma multiplicidade de a\u00e7\u00f5es nos dom\u00ednios do trabalho de campo etnogr\u00e1fico, etnoluingu\u00edstico e etnomusicol\u00f3gico, da arquiv\u00edstica multim\u00e9dia e da difus\u00e3o cultural atrav\u00e9s de ateli\u00eas, confer\u00eancias, exposi\u00e7\u00f5es, artigos cient\u00edficos, publica\u00e7\u00f5es e eventos culturais um pouco por toda a Europa.<\/span><\/p>\n<div class=\"text_exposed_show\">\n<p>Para al\u00e9m das diferentes sess\u00f5es de trabalho que acontecer\u00e3o no espa\u00e7o Laf\u00f5es Cult Lab, os participantes neste encontro ir\u00e3o ter a oportunidade de acompanhar o Festival da Vitela de Laf\u00f5es (entre os dias 24 e 26 de maio) e o espet\u00e1culo da Binaural\/Nodar \u201cPontes Perenes sobre \u00c1guas Tempor\u00e1rias\u201d integrado na\u00a0Rede Cultural Viseu D\u00e3o Laf\u00f5es\u00a0e que decorrer\u00e1 no s\u00e1bado 25 de maio pelas 16h00.<\/p>\n<p><img decoding=\"async\" class=\"lazyload alignnone size-full wp-image-11066\" src=\"http:\/\/www.binauralmedia.org\/news\/\/wp-content\/uploads\/59938219_2278621685517914_8946998622298308608_n.jpg\" data-orig-src=\"http:\/\/www.binauralmedia.org\/news\/\/wp-content\/uploads\/59938219_2278621685517914_8946998622298308608_n.jpg\" alt=\"\" width=\"679\" height=\"960\" srcset=\"data:image\/svg+xml,%3Csvg%20xmlns%3D%27http%3A%2F%2Fwww.w3.org%2F2000%2Fsvg%27%20width%3D%27679%27%20height%3D%27960%27%20viewBox%3D%270%200%20679%20960%27%3E%3Crect%20width%3D%27679%27%20height%3D%27960%27%20fill-opacity%3D%220%22%2F%3E%3C%2Fsvg%3E\" data-srcset=\"https:\/\/www.binauralmedia.org\/news\/wp-content\/uploads\/59938219_2278621685517914_8946998622298308608_n-200x283.jpg 200w, https:\/\/www.binauralmedia.org\/news\/wp-content\/uploads\/59938219_2278621685517914_8946998622298308608_n-212x300.jpg 212w, https:\/\/www.binauralmedia.org\/news\/wp-content\/uploads\/59938219_2278621685517914_8946998622298308608_n-400x566.jpg 400w, https:\/\/www.binauralmedia.org\/news\/wp-content\/uploads\/59938219_2278621685517914_8946998622298308608_n-500x707.jpg 500w, https:\/\/www.binauralmedia.org\/news\/wp-content\/uploads\/59938219_2278621685517914_8946998622298308608_n-600x848.jpg 600w, https:\/\/www.binauralmedia.org\/news\/wp-content\/uploads\/59938219_2278621685517914_8946998622298308608_n.jpg 679w\" data-sizes=\"auto\" data-orig-sizes=\"(max-width: 679px) 100vw, 679px\" \/> <img decoding=\"async\" class=\"lazyload alignnone size-full wp-image-11067\" src=\"http:\/\/www.binauralmedia.org\/news\/\/wp-content\/uploads\/61131505_2309462095767206_5797176122600849408_n.jpg\" data-orig-src=\"http:\/\/www.binauralmedia.org\/news\/\/wp-content\/uploads\/61131505_2309462095767206_5797176122600849408_n.jpg\" alt=\"\" width=\"960\" height=\"720\" srcset=\"data:image\/svg+xml,%3Csvg%20xmlns%3D%27http%3A%2F%2Fwww.w3.org%2F2000%2Fsvg%27%20width%3D%27960%27%20height%3D%27720%27%20viewBox%3D%270%200%20960%20720%27%3E%3Crect%20width%3D%27960%27%20height%3D%27720%27%20fill-opacity%3D%220%22%2F%3E%3C%2Fsvg%3E\" data-srcset=\"https:\/\/www.binauralmedia.org\/news\/wp-content\/uploads\/61131505_2309462095767206_5797176122600849408_n-121x91.jpg 121w, https:\/\/www.binauralmedia.org\/news\/wp-content\/uploads\/61131505_2309462095767206_5797176122600849408_n-200x150.jpg 200w, https:\/\/www.binauralmedia.org\/news\/wp-content\/uploads\/61131505_2309462095767206_5797176122600849408_n-400x300.jpg 400w, https:\/\/www.binauralmedia.org\/news\/wp-content\/uploads\/61131505_2309462095767206_5797176122600849408_n-500x375.jpg 500w, https:\/\/www.binauralmedia.org\/news\/wp-content\/uploads\/61131505_2309462095767206_5797176122600849408_n-600x450.jpg 600w, https:\/\/www.binauralmedia.org\/news\/wp-content\/uploads\/61131505_2309462095767206_5797176122600849408_n-768x576.jpg 768w, https:\/\/www.binauralmedia.org\/news\/wp-content\/uploads\/61131505_2309462095767206_5797176122600849408_n-800x600.jpg 800w, https:\/\/www.binauralmedia.org\/news\/wp-content\/uploads\/61131505_2309462095767206_5797176122600849408_n.jpg 960w\" data-sizes=\"auto\" data-orig-sizes=\"(max-width: 960px) 100vw, 960px\" \/> <img decoding=\"async\" class=\"lazyload alignnone size-full wp-image-11068\" src=\"http:\/\/www.binauralmedia.org\/news\/\/wp-content\/uploads\/61282747_2309466425766773_350360896314277888_n.jpg\" data-orig-src=\"http:\/\/www.binauralmedia.org\/news\/\/wp-content\/uploads\/61282747_2309466425766773_350360896314277888_n.jpg\" alt=\"\" width=\"960\" height=\"540\" srcset=\"data:image\/svg+xml,%3Csvg%20xmlns%3D%27http%3A%2F%2Fwww.w3.org%2F2000%2Fsvg%27%20width%3D%27960%27%20height%3D%27540%27%20viewBox%3D%270%200%20960%20540%27%3E%3Crect%20width%3D%27960%27%20height%3D%27540%27%20fill-opacity%3D%220%22%2F%3E%3C%2Fsvg%3E\" data-srcset=\"https:\/\/www.binauralmedia.org\/news\/wp-content\/uploads\/61282747_2309466425766773_350360896314277888_n-200x113.jpg 200w, https:\/\/www.binauralmedia.org\/news\/wp-content\/uploads\/61282747_2309466425766773_350360896314277888_n-400x225.jpg 400w, https:\/\/www.binauralmedia.org\/news\/wp-content\/uploads\/61282747_2309466425766773_350360896314277888_n-500x281.jpg 500w, https:\/\/www.binauralmedia.org\/news\/wp-content\/uploads\/61282747_2309466425766773_350360896314277888_n-533x300.jpg 533w, https:\/\/www.binauralmedia.org\/news\/wp-content\/uploads\/61282747_2309466425766773_350360896314277888_n-600x338.jpg 600w, https:\/\/www.binauralmedia.org\/news\/wp-content\/uploads\/61282747_2309466425766773_350360896314277888_n-768x432.jpg 768w, https:\/\/www.binauralmedia.org\/news\/wp-content\/uploads\/61282747_2309466425766773_350360896314277888_n-800x450.jpg 800w, https:\/\/www.binauralmedia.org\/news\/wp-content\/uploads\/61282747_2309466425766773_350360896314277888_n.jpg 960w\" data-sizes=\"auto\" data-orig-sizes=\"(max-width: 960px) 100vw, 960px\" \/> <img decoding=\"async\" class=\"lazyload alignnone size-full wp-image-11069\" src=\"http:\/\/www.binauralmedia.org\/news\/\/wp-content\/uploads\/61616584_2309461815767234_3028349399953571840_n.jpg\" data-orig-src=\"http:\/\/www.binauralmedia.org\/news\/\/wp-content\/uploads\/61616584_2309461815767234_3028349399953571840_n.jpg\" alt=\"\" width=\"960\" height=\"720\" srcset=\"data:image\/svg+xml,%3Csvg%20xmlns%3D%27http%3A%2F%2Fwww.w3.org%2F2000%2Fsvg%27%20width%3D%27960%27%20height%3D%27720%27%20viewBox%3D%270%200%20960%20720%27%3E%3Crect%20width%3D%27960%27%20height%3D%27720%27%20fill-opacity%3D%220%22%2F%3E%3C%2Fsvg%3E\" data-srcset=\"https:\/\/www.binauralmedia.org\/news\/wp-content\/uploads\/61616584_2309461815767234_3028349399953571840_n-121x91.jpg 121w, https:\/\/www.binauralmedia.org\/news\/wp-content\/uploads\/61616584_2309461815767234_3028349399953571840_n-200x150.jpg 200w, https:\/\/www.binauralmedia.org\/news\/wp-content\/uploads\/61616584_2309461815767234_3028349399953571840_n-400x300.jpg 400w, https:\/\/www.binauralmedia.org\/news\/wp-content\/uploads\/61616584_2309461815767234_3028349399953571840_n-500x375.jpg 500w, https:\/\/www.binauralmedia.org\/news\/wp-content\/uploads\/61616584_2309461815767234_3028349399953571840_n-600x450.jpg 600w, https:\/\/www.binauralmedia.org\/news\/wp-content\/uploads\/61616584_2309461815767234_3028349399953571840_n-768x576.jpg 768w, https:\/\/www.binauralmedia.org\/news\/wp-content\/uploads\/61616584_2309461815767234_3028349399953571840_n-800x600.jpg 800w, https:\/\/www.binauralmedia.org\/news\/wp-content\/uploads\/61616584_2309461815767234_3028349399953571840_n.jpg 960w\" data-sizes=\"auto\" data-orig-sizes=\"(max-width: 960px) 100vw, 960px\" \/><\/p>\n<\/div>\n","protected":false},"excerpt":{"rendered":"<p>O\u00a0Munic\u00edpio de Vouzela\u00a0ir\u00e1 acolher entre os pr\u00f3ximos dias 23 e  [&#8230;]<\/p>\n","protected":false},"author":2,"featured_media":11065,"comment_status":"closed","ping_status":"closed","sticky":false,"template":"","format":"standard","meta":{"_acf_changed":false,"_bbp_topic_count":0,"_bbp_reply_count":0,"_bbp_total_topic_count":0,"_bbp_total_reply_count":0,"_bbp_voice_count":0,"_bbp_anonymous_reply_count":0,"_bbp_topic_count_hidden":0,"_bbp_reply_count_hidden":0,"_bbp_forum_subforum_count":0,"footnotes":""},"categories":[1158,1],"tags":[],"class_list":["post-11064","post","type-post","status-publish","format-standard","has-post-thumbnail","hentry","category-visual-sound-ethnograhpy","category-news"],"acf":[],"aioseo_notices":[],"aioseo_head":"\n\t\t<!-- All in One SEO 5.0.1.1 - aioseo.com -->\n\t<meta name=\"description\" content=\"O Munic\u00edpio de Vouzela ir\u00e1 acolher entre os pr\u00f3ximos dias 23 e 25 de maio um encontro internacional da Rede Tramontana, um projeto Europa Criativa (Centro de Informa\u00e7\u00e3o Europa Criativa) dedicado a documentar, catalogar, expressar e divulgar, atrav\u00e9s de meios inovadores, participativos e din\u00e2micos, o patrim\u00f3nio cultural imaterial de contextos rurais e montanhosos da Europa. Fundada em\" \/>\n\t<meta name=\"robots\" content=\"max-image-preview:large\" \/>\n\t<meta name=\"author\" content=\"luiscosta\"\/>\n\t<link rel=\"canonical\" href=\"https:\/\/www.binauralmedia.org\/news\/arquivo\/11064\" \/>\n\t<meta name=\"generator\" content=\"All in One SEO (AIOSEO) 5.0.1.1\" \/>\n\t\t<meta property=\"og:locale\" content=\"pt_PT\" \/>\n\t\t<meta property=\"og:site_name\" content=\"binauralmedia.org - Rural Based Sound\/Media Arts &amp; Social Research\" \/>\n\t\t<meta property=\"og:type\" content=\"article\" \/>\n\t\t<meta property=\"og:title\" content=\"F\u00f3rum Tramontana em Vouzela - binauralmedia.org\" \/>\n\t\t<meta property=\"og:description\" content=\"O Munic\u00edpio de Vouzela ir\u00e1 acolher entre os pr\u00f3ximos dias 23 e 25 de maio um encontro internacional da Rede Tramontana, um projeto Europa Criativa (Centro de Informa\u00e7\u00e3o Europa Criativa) dedicado a documentar, catalogar, expressar e divulgar, atrav\u00e9s de meios inovadores, participativos e din\u00e2micos, o patrim\u00f3nio cultural imaterial de contextos rurais e montanhosos da Europa. Fundada em\" \/>\n\t\t<meta property=\"og:url\" content=\"https:\/\/www.binauralmedia.org\/news\/arquivo\/11064\" \/>\n\t\t<meta property=\"article:published_time\" content=\"2019-05-09T16:38:20+00:00\" \/>\n\t\t<meta property=\"article:modified_time\" content=\"2021-08-16T15:41:09+00:00\" \/>\n\t\t<meta name=\"twitter:card\" content=\"summary_large_image\" \/>\n\t\t<meta name=\"twitter:title\" content=\"F\u00f3rum Tramontana em Vouzela - binauralmedia.org\" \/>\n\t\t<meta name=\"twitter:description\" content=\"O Munic\u00edpio de Vouzela ir\u00e1 acolher entre os pr\u00f3ximos dias 23 e 25 de maio um encontro internacional da Rede Tramontana, um projeto Europa Criativa (Centro de Informa\u00e7\u00e3o Europa Criativa) dedicado a documentar, catalogar, expressar e divulgar, atrav\u00e9s de meios inovadores, participativos e din\u00e2micos, o patrim\u00f3nio cultural imaterial de contextos rurais e montanhosos da Europa. Fundada em\" \/>\n\t\t<script type=\"application\/ld+json\" class=\"aioseo-schema\">\n\t\t\t{\"@context\":\"https:\\\/\\\/schema.org\",\"@graph\":[{\"@type\":\"BlogPosting\",\"@id\":\"https:\\\/\\\/www.binauralmedia.org\\\/news\\\/arquivo\\\/11064#blogposting\",\"name\":\"F\\u00f3rum Tramontana em Vouzela - binauralmedia.org\",\"headline\":\"F\\u00f3rum Tramontana em Vouzela\",\"author\":{\"@id\":\"https:\\\/\\\/www.binauralmedia.org\\\/news\\\/arquivo\\\/author\\\/luiscosta#author\"},\"publisher\":{\"@id\":\"https:\\\/\\\/www.binauralmedia.org\\\/news\\\/#organization\"},\"image\":{\"@type\":\"ImageObject\",\"url\":\"https:\\\/\\\/www.binauralmedia.org\\\/news\\\/wp-content\\\/uploads\\\/Capturar-28.jpg\",\"width\":323,\"height\":280},\"datePublished\":\"2019-05-09T16:38:20+00:00\",\"dateModified\":\"2021-08-16T15:41:09+00:00\",\"inLanguage\":\"pt-PT\",\"mainEntityOfPage\":{\"@id\":\"https:\\\/\\\/www.binauralmedia.org\\\/news\\\/arquivo\\\/11064#webpage\"},\"isPartOf\":{\"@id\":\"https:\\\/\\\/www.binauralmedia.org\\\/news\\\/arquivo\\\/11064#webpage\"},\"articleSection\":\"Etnografia Sonora e Visual, Not\\u00edcias\"},{\"@type\":\"BreadcrumbList\",\"@id\":\"https:\\\/\\\/www.binauralmedia.org\\\/news\\\/arquivo\\\/11064#breadcrumblist\",\"itemListElement\":[{\"@type\":\"ListItem\",\"@id\":\"https:\\\/\\\/www.binauralmedia.org\\\/news#listItem\",\"position\":1,\"name\":\"Home\",\"item\":\"https:\\\/\\\/www.binauralmedia.org\\\/news\",\"nextItem\":{\"@type\":\"ListItem\",\"@id\":\"https:\\\/\\\/www.binauralmedia.org\\\/news\\\/arquivo\\\/category\\\/news#listItem\",\"name\":\"Not\\u00edcias\"}},{\"@type\":\"ListItem\",\"@id\":\"https:\\\/\\\/www.binauralmedia.org\\\/news\\\/arquivo\\\/category\\\/news#listItem\",\"position\":2,\"name\":\"Not\\u00edcias\",\"item\":\"https:\\\/\\\/www.binauralmedia.org\\\/news\\\/arquivo\\\/category\\\/news\",\"nextItem\":{\"@type\":\"ListItem\",\"@id\":\"https:\\\/\\\/www.binauralmedia.org\\\/news\\\/arquivo\\\/11064#listItem\",\"name\":\"F\\u00f3rum Tramontana em Vouzela\"},\"previousItem\":{\"@type\":\"ListItem\",\"@id\":\"https:\\\/\\\/www.binauralmedia.org\\\/news#listItem\",\"name\":\"Home\"}},{\"@type\":\"ListItem\",\"@id\":\"https:\\\/\\\/www.binauralmedia.org\\\/news\\\/arquivo\\\/11064#listItem\",\"position\":3,\"name\":\"F\\u00f3rum Tramontana em Vouzela\",\"previousItem\":{\"@type\":\"ListItem\",\"@id\":\"https:\\\/\\\/www.binauralmedia.org\\\/news\\\/arquivo\\\/category\\\/news#listItem\",\"name\":\"Not\\u00edcias\"}}]},{\"@type\":\"Organization\",\"@id\":\"https:\\\/\\\/www.binauralmedia.org\\\/news\\\/#organization\",\"name\":\"binauralmedia.org\",\"description\":\"Rural Based Sound\\\/Media Arts & Social Research\",\"url\":\"https:\\\/\\\/www.binauralmedia.org\\\/news\\\/\"},{\"@type\":\"Person\",\"@id\":\"https:\\\/\\\/www.binauralmedia.org\\\/news\\\/arquivo\\\/author\\\/luiscosta#author\",\"url\":\"https:\\\/\\\/www.binauralmedia.org\\\/news\\\/arquivo\\\/author\\\/luiscosta\",\"name\":\"luiscosta\"},{\"@type\":\"WebPage\",\"@id\":\"https:\\\/\\\/www.binauralmedia.org\\\/news\\\/arquivo\\\/11064#webpage\",\"url\":\"https:\\\/\\\/www.binauralmedia.org\\\/news\\\/arquivo\\\/11064\",\"name\":\"F\\u00f3rum Tramontana em Vouzela - binauralmedia.org\",\"description\":\"O Munic\\u00edpio de Vouzela ir\\u00e1 acolher entre os pr\\u00f3ximos dias 23 e 25 de maio um encontro internacional da Rede Tramontana, um projeto Europa Criativa (Centro de Informa\\u00e7\\u00e3o Europa Criativa) dedicado a documentar, catalogar, expressar e divulgar, atrav\\u00e9s de meios inovadores, participativos e din\\u00e2micos, o patrim\\u00f3nio cultural imaterial de contextos rurais e montanhosos da Europa. Fundada em\",\"inLanguage\":\"pt-PT\",\"isPartOf\":{\"@id\":\"https:\\\/\\\/www.binauralmedia.org\\\/news\\\/#website\"},\"breadcrumb\":{\"@id\":\"https:\\\/\\\/www.binauralmedia.org\\\/news\\\/arquivo\\\/11064#breadcrumblist\"},\"author\":{\"@id\":\"https:\\\/\\\/www.binauralmedia.org\\\/news\\\/arquivo\\\/author\\\/luiscosta#author\"},\"creator\":{\"@id\":\"https:\\\/\\\/www.binauralmedia.org\\\/news\\\/arquivo\\\/author\\\/luiscosta#author\"},\"image\":{\"@type\":\"ImageObject\",\"url\":\"https:\\\/\\\/www.binauralmedia.org\\\/news\\\/wp-content\\\/uploads\\\/Capturar-28.jpg\",\"@id\":\"https:\\\/\\\/www.binauralmedia.org\\\/news\\\/arquivo\\\/11064\\\/#mainImage\",\"width\":323,\"height\":280},\"primaryImageOfPage\":{\"@id\":\"https:\\\/\\\/www.binauralmedia.org\\\/news\\\/arquivo\\\/11064#mainImage\"},\"datePublished\":\"2019-05-09T16:38:20+00:00\",\"dateModified\":\"2021-08-16T15:41:09+00:00\"},{\"@type\":\"WebSite\",\"@id\":\"https:\\\/\\\/www.binauralmedia.org\\\/news\\\/#website\",\"url\":\"https:\\\/\\\/www.binauralmedia.org\\\/news\\\/\",\"name\":\"binauralmedia.org\",\"description\":\"Rural Based Sound\\\/Media Arts & Social Research\",\"inLanguage\":\"pt-PT\",\"publisher\":{\"@id\":\"https:\\\/\\\/www.binauralmedia.org\\\/news\\\/#organization\"}}]}\n\t\t<\/script>\n\t\t<!-- All in One SEO -->\n\n","aioseo_head_json":{"title":"F\u00f3rum Tramontana em Vouzela - binauralmedia.org","description":"O Munic\u00edpio de Vouzela ir\u00e1 acolher entre os pr\u00f3ximos dias 23 e 25 de maio um encontro internacional da Rede Tramontana, um projeto Europa Criativa (Centro de Informa\u00e7\u00e3o Europa Criativa) dedicado a documentar, catalogar, expressar e divulgar, atrav\u00e9s de meios inovadores, participativos e din\u00e2micos, o patrim\u00f3nio cultural imaterial de contextos rurais e montanhosos da Europa. Fundada em","canonical_url":"https:\/\/www.binauralmedia.org\/news\/arquivo\/11064","robots":"max-image-preview:large","keywords":"","webmasterTools":{"miscellaneous":""},"schema":{"@context":"https:\/\/schema.org","@graph":[{"@type":"BlogPosting","@id":"https:\/\/www.binauralmedia.org\/news\/arquivo\/11064#blogposting","name":"F\u00f3rum Tramontana em Vouzela - binauralmedia.org","headline":"F\u00f3rum Tramontana em Vouzela","author":{"@id":"https:\/\/www.binauralmedia.org\/news\/arquivo\/author\/luiscosta#author"},"publisher":{"@id":"https:\/\/www.binauralmedia.org\/news\/#organization"},"image":{"@type":"ImageObject","url":"https:\/\/www.binauralmedia.org\/news\/wp-content\/uploads\/Capturar-28.jpg","width":323,"height":280},"datePublished":"2019-05-09T16:38:20+00:00","dateModified":"2021-08-16T15:41:09+00:00","inLanguage":"pt-PT","mainEntityOfPage":{"@id":"https:\/\/www.binauralmedia.org\/news\/arquivo\/11064#webpage"},"isPartOf":{"@id":"https:\/\/www.binauralmedia.org\/news\/arquivo\/11064#webpage"},"articleSection":"Etnografia Sonora e Visual, Not\u00edcias"},{"@type":"BreadcrumbList","@id":"https:\/\/www.binauralmedia.org\/news\/arquivo\/11064#breadcrumblist","itemListElement":[{"@type":"ListItem","@id":"https:\/\/www.binauralmedia.org\/news#listItem","position":1,"name":"Home","item":"https:\/\/www.binauralmedia.org\/news","nextItem":{"@type":"ListItem","@id":"https:\/\/www.binauralmedia.org\/news\/arquivo\/category\/news#listItem","name":"Not\u00edcias"}},{"@type":"ListItem","@id":"https:\/\/www.binauralmedia.org\/news\/arquivo\/category\/news#listItem","position":2,"name":"Not\u00edcias","item":"https:\/\/www.binauralmedia.org\/news\/arquivo\/category\/news","nextItem":{"@type":"ListItem","@id":"https:\/\/www.binauralmedia.org\/news\/arquivo\/11064#listItem","name":"F\u00f3rum Tramontana em Vouzela"},"previousItem":{"@type":"ListItem","@id":"https:\/\/www.binauralmedia.org\/news#listItem","name":"Home"}},{"@type":"ListItem","@id":"https:\/\/www.binauralmedia.org\/news\/arquivo\/11064#listItem","position":3,"name":"F\u00f3rum Tramontana em Vouzela","previousItem":{"@type":"ListItem","@id":"https:\/\/www.binauralmedia.org\/news\/arquivo\/category\/news#listItem","name":"Not\u00edcias"}}]},{"@type":"Organization","@id":"https:\/\/www.binauralmedia.org\/news\/#organization","name":"binauralmedia.org","description":"Rural Based Sound\/Media Arts & Social Research","url":"https:\/\/www.binauralmedia.org\/news\/"},{"@type":"Person","@id":"https:\/\/www.binauralmedia.org\/news\/arquivo\/author\/luiscosta#author","url":"https:\/\/www.binauralmedia.org\/news\/arquivo\/author\/luiscosta","name":"luiscosta"},{"@type":"WebPage","@id":"https:\/\/www.binauralmedia.org\/news\/arquivo\/11064#webpage","url":"https:\/\/www.binauralmedia.org\/news\/arquivo\/11064","name":"F\u00f3rum Tramontana em Vouzela - binauralmedia.org","description":"O Munic\u00edpio de Vouzela ir\u00e1 acolher entre os pr\u00f3ximos dias 23 e 25 de maio um encontro internacional da Rede Tramontana, um projeto Europa Criativa (Centro de Informa\u00e7\u00e3o Europa Criativa) dedicado a documentar, catalogar, expressar e divulgar, atrav\u00e9s de meios inovadores, participativos e din\u00e2micos, o patrim\u00f3nio cultural imaterial de contextos rurais e montanhosos da Europa. Fundada em","inLanguage":"pt-PT","isPartOf":{"@id":"https:\/\/www.binauralmedia.org\/news\/#website"},"breadcrumb":{"@id":"https:\/\/www.binauralmedia.org\/news\/arquivo\/11064#breadcrumblist"},"author":{"@id":"https:\/\/www.binauralmedia.org\/news\/arquivo\/author\/luiscosta#author"},"creator":{"@id":"https:\/\/www.binauralmedia.org\/news\/arquivo\/author\/luiscosta#author"},"image":{"@type":"ImageObject","url":"https:\/\/www.binauralmedia.org\/news\/wp-content\/uploads\/Capturar-28.jpg","@id":"https:\/\/www.binauralmedia.org\/news\/arquivo\/11064\/#mainImage","width":323,"height":280},"primaryImageOfPage":{"@id":"https:\/\/www.binauralmedia.org\/news\/arquivo\/11064#mainImage"},"datePublished":"2019-05-09T16:38:20+00:00","dateModified":"2021-08-16T15:41:09+00:00"},{"@type":"WebSite","@id":"https:\/\/www.binauralmedia.org\/news\/#website","url":"https:\/\/www.binauralmedia.org\/news\/","name":"binauralmedia.org","description":"Rural Based Sound\/Media Arts & Social Research","inLanguage":"pt-PT","publisher":{"@id":"https:\/\/www.binauralmedia.org\/news\/#organization"}}]},"og:locale":"pt_PT","og:site_name":"binauralmedia.org - Rural Based Sound\/Media Arts &amp; Social Research","og:type":"article","og:title":"F\u00f3rum Tramontana em Vouzela - binauralmedia.org","og:description":"O Munic\u00edpio de Vouzela ir\u00e1 acolher entre os pr\u00f3ximos dias 23 e 25 de maio um encontro internacional da Rede Tramontana, um projeto Europa Criativa (Centro de Informa\u00e7\u00e3o Europa Criativa) dedicado a documentar, catalogar, expressar e divulgar, atrav\u00e9s de meios inovadores, participativos e din\u00e2micos, o patrim\u00f3nio cultural imaterial de contextos rurais e montanhosos da Europa. Fundada em","og:url":"https:\/\/www.binauralmedia.org\/news\/arquivo\/11064","article:published_time":"2019-05-09T16:38:20+00:00","article:modified_time":"2021-08-16T15:41:09+00:00","twitter:card":"summary_large_image","twitter:title":"F\u00f3rum Tramontana em Vouzela - binauralmedia.org","twitter:description":"O Munic\u00edpio de Vouzela ir\u00e1 acolher entre os pr\u00f3ximos dias 23 e 25 de maio um encontro internacional da Rede Tramontana, um projeto Europa Criativa (Centro de Informa\u00e7\u00e3o Europa Criativa) dedicado a documentar, catalogar, expressar e divulgar, atrav\u00e9s de meios inovadores, participativos e din\u00e2micos, o patrim\u00f3nio cultural imaterial de contextos rurais e montanhosos da Europa. Fundada em"},"aioseo_meta_data":{"post_id":"11064","title":null,"description":null,"keywords":null,"keyphrases":null,"primary_term":null,"canonical_url":null,"og_title":null,"og_description":null,"og_object_type":"default","og_image_type":"default","og_image_custom_url":null,"og_image_custom_fields":null,"og_image_url":null,"og_image_width":null,"og_image_height":null,"og_video":null,"og_custom_url":null,"og_article_section":null,"og_article_tags":null,"twitter_use_og":false,"twitter_card":"default","twitter_image_type":"default","twitter_image_custom_url":null,"twitter_image_custom_fields":null,"twitter_image_url":null,"twitter_title":null,"twitter_description":null,"schema_type":"default","schema_type_options":null,"schema":{"blockGraphs":[],"customGraphs":[],"default":{"data":{"Article":[],"Course":[],"Dataset":[],"FAQPage":[],"Movie":[],"Person":[],"Product":[],"ProductReview":[],"Car":[],"Recipe":[],"Service":[],"SoftwareApplication":[],"WebPage":[]},"graphName":"","isEnabled":true},"graphs":[]},"pillar_content":false,"robots_default":true,"robots_noindex":false,"robots_noarchive":false,"robots_nosnippet":false,"robots_nofollow":false,"robots_noimageindex":false,"robots_noodp":false,"robots_notranslate":false,"robots_max_snippet":null,"robots_max_videopreview":null,"robots_max_imagepreview":"large","priority":null,"frequency":null,"local_seo":null,"limit_modified_date":false,"ai":null,"breadcrumb_settings":null,"seo_analyzer_scan_date":null,"created":"2026-08-05 04:06:41","updated":"2026-08-05 04:06:41","focus_keyword":null,"additional_keywords":null,"truseo_locale":null},"aioseo_breadcrumb":"<div class=\"aioseo-breadcrumbs\"><span class=\"aioseo-breadcrumb\">\n\t\t\t<a href=\"https:\/\/www.binauralmedia.org\/news\" title=\"Home\">Home<\/a>\n\t\t<\/span><span class=\"aioseo-breadcrumb-separator\">&raquo;<\/span><span class=\"aioseo-breadcrumb\">\n\t\t\t<a href=\"https:\/\/www.binauralmedia.org\/news\/arquivo\/category\/news\" title=\"Not\u00edcias\">Not\u00edcias<\/a>\n\t\t<\/span><span class=\"aioseo-breadcrumb-separator\">&raquo;<\/span><span class=\"aioseo-breadcrumb\">\n\t\t\tF\u00f3rum Tramontana em Vouzela\n\t\t<\/span><\/div>","aioseo_breadcrumb_json":[{"label":"Home","link":"https:\/\/www.binauralmedia.org\/news"},{"label":"Not\u00edcias","link":"https:\/\/www.binauralmedia.org\/news\/arquivo\/category\/news"},{"label":"F\u00f3rum Tramontana em Vouzela","link":"https:\/\/www.binauralmedia.org\/news\/arquivo\/11064"}],"_links":{"self":[{"href":"https:\/\/www.binauralmedia.org\/news\/wp-json\/wp\/v2\/posts\/11064","targetHints":{"allow":["GET"]}}],"collection":[{"href":"https:\/\/www.binauralmedia.org\/news\/wp-json\/wp\/v2\/posts"}],"about":[{"href":"https:\/\/www.binauralmedia.org\/news\/wp-json\/wp\/v2\/types\/post"}],"author":[{"embeddable":true,"href":"https:\/\/www.binauralmedia.org\/news\/wp-json\/wp\/v2\/users\/2"}],"replies":[{"embeddable":true,"href":"https:\/\/www.binauralmedia.org\/news\/wp-json\/wp\/v2\/comments?post=11064"}],"version-history":[{"count":2,"href":"https:\/\/www.binauralmedia.org\/news\/wp-json\/wp\/v2\/posts\/11064\/revisions"}],"predecessor-version":[{"id":13385,"href":"https:\/\/www.binauralmedia.org\/news\/wp-json\/wp\/v2\/posts\/11064\/revisions\/13385"}],"wp:featuredmedia":[{"embeddable":true,"href":"https:\/\/www.binauralmedia.org\/news\/wp-json\/wp\/v2\/media\/11065"}],"wp:attachment":[{"href":"https:\/\/www.binauralmedia.org\/news\/wp-json\/wp\/v2\/media?parent=11064"}],"wp:term":[{"taxonomy":"category","embeddable":true,"href":"https:\/\/www.binauralmedia.org\/news\/wp-json\/wp\/v2\/categories?post=11064"},{"taxonomy":"post_tag","embeddable":true,"href":"https:\/\/www.binauralmedia.org\/news\/wp-json\/wp\/v2\/tags?post=11064"}],"curies":[{"name":"wp","href":"https:\/\/api.w.org\/{rel}","templated":true}]}}