{"id":11007,"date":"2019-03-29T12:33:47","date_gmt":"2019-03-29T12:33:47","guid":{"rendered":"https:\/\/binauralmedia.org\/news\/?p=11007"},"modified":"2021-08-16T15:41:07","modified_gmt":"2021-08-16T15:41:07","slug":"terceira-sessao-de-lendas-sonoras-de-lafoes","status":"publish","type":"post","link":"https:\/\/www.binauralmedia.org\/news\/arquivo\/11007","title":{"rendered":"Terceira sess\u00e3o de Lendas Sonoras de Laf\u00f5es"},"content":{"rendered":"<p>Hoje 29 de mar\u00e7o, decorreu na\u00a0E.B.I de Santa Cruz da Trapa\u00a0(Agrupamento de Escolas de Santa Cruz da Trapa) a terceira sess\u00e3o de Lendas Sonoras de Laf\u00f5es, um projeto de resgate, sonoriza\u00e7\u00e3o e express\u00e3o de elementos da tradi\u00e7\u00e3o oral dos concelhos de Laf\u00f5es.<\/p>\n<p>Os alunos do Prof. Paulo Fernandes, guiados por\u00a0Luis Gomes da Costa pesquisaram e gravaram sons que ilustrassem seis lendas do concelho de S\u00e3o Pedro do Sul: &#8220;A lenda do diabo&#8221;, &#8220;A cova da serpente&#8221;, &#8220;A estrada assombrada&#8221;, &#8220;<span class=\"text_exposed_show\">A cabra e o lobo&#8221;, &#8220;O morto que matou o vivo&#8221; e &#8220;A Senhora das colmeias&#8221;.<\/span><\/p>\n<div class=\"text_exposed_show\">\n<p>A pr\u00f3xima sess\u00e3o do ateli\u00ea contar\u00e1 com a presen\u00e7a de\u00a0Liliana Silva, a qual ajudar\u00e1 as crian\u00e7as a ilustrarem as referidas lendas.<\/p>\n<p>Um muito obrigado ao Prof. Paulo Fernandes e ao Agrupamento de Escolas Santa Cruz da Trapa pela oportunidade.<\/p>\n<\/div>\n<p><img decoding=\"async\" class=\"lazyload alignnone size-full wp-image-11009\" src=\"http:\/\/www.binauralmedia.org\/news\/\/wp-content\/uploads\/55589270_2219225608124189_8111438749478420480_n.jpg\" data-orig-src=\"http:\/\/www.binauralmedia.org\/news\/\/wp-content\/uploads\/55589270_2219225608124189_8111438749478420480_n.jpg\" alt=\"\" width=\"960\" height=\"540\" srcset=\"data:image\/svg+xml,%3Csvg%20xmlns%3D%27http%3A%2F%2Fwww.w3.org%2F2000%2Fsvg%27%20width%3D%27960%27%20height%3D%27540%27%20viewBox%3D%270%200%20960%20540%27%3E%3Crect%20width%3D%27960%27%20height%3D%27540%27%20fill-opacity%3D%220%22%2F%3E%3C%2Fsvg%3E\" data-srcset=\"https:\/\/www.binauralmedia.org\/news\/wp-content\/uploads\/55589270_2219225608124189_8111438749478420480_n-200x113.jpg 200w, https:\/\/www.binauralmedia.org\/news\/wp-content\/uploads\/55589270_2219225608124189_8111438749478420480_n-400x225.jpg 400w, https:\/\/www.binauralmedia.org\/news\/wp-content\/uploads\/55589270_2219225608124189_8111438749478420480_n-500x281.jpg 500w, https:\/\/www.binauralmedia.org\/news\/wp-content\/uploads\/55589270_2219225608124189_8111438749478420480_n-533x300.jpg 533w, https:\/\/www.binauralmedia.org\/news\/wp-content\/uploads\/55589270_2219225608124189_8111438749478420480_n-600x338.jpg 600w, https:\/\/www.binauralmedia.org\/news\/wp-content\/uploads\/55589270_2219225608124189_8111438749478420480_n-768x432.jpg 768w, https:\/\/www.binauralmedia.org\/news\/wp-content\/uploads\/55589270_2219225608124189_8111438749478420480_n-800x450.jpg 800w, https:\/\/www.binauralmedia.org\/news\/wp-content\/uploads\/55589270_2219225608124189_8111438749478420480_n.jpg 960w\" data-sizes=\"auto\" data-orig-sizes=\"(max-width: 960px) 100vw, 960px\" \/> <img decoding=\"async\" class=\"lazyload alignnone size-full wp-image-11010\" src=\"http:\/\/www.binauralmedia.org\/news\/\/wp-content\/uploads\/55744484_2219225598124190_6657219181613678592_n.jpg\" data-orig-src=\"http:\/\/www.binauralmedia.org\/news\/\/wp-content\/uploads\/55744484_2219225598124190_6657219181613678592_n.jpg\" alt=\"\" width=\"960\" height=\"540\" srcset=\"data:image\/svg+xml,%3Csvg%20xmlns%3D%27http%3A%2F%2Fwww.w3.org%2F2000%2Fsvg%27%20width%3D%27960%27%20height%3D%27540%27%20viewBox%3D%270%200%20960%20540%27%3E%3Crect%20width%3D%27960%27%20height%3D%27540%27%20fill-opacity%3D%220%22%2F%3E%3C%2Fsvg%3E\" data-srcset=\"https:\/\/www.binauralmedia.org\/news\/wp-content\/uploads\/55744484_2219225598124190_6657219181613678592_n-200x113.jpg 200w, https:\/\/www.binauralmedia.org\/news\/wp-content\/uploads\/55744484_2219225598124190_6657219181613678592_n-400x225.jpg 400w, https:\/\/www.binauralmedia.org\/news\/wp-content\/uploads\/55744484_2219225598124190_6657219181613678592_n-500x281.jpg 500w, https:\/\/www.binauralmedia.org\/news\/wp-content\/uploads\/55744484_2219225598124190_6657219181613678592_n-533x300.jpg 533w, https:\/\/www.binauralmedia.org\/news\/wp-content\/uploads\/55744484_2219225598124190_6657219181613678592_n-600x338.jpg 600w, https:\/\/www.binauralmedia.org\/news\/wp-content\/uploads\/55744484_2219225598124190_6657219181613678592_n-768x432.jpg 768w, https:\/\/www.binauralmedia.org\/news\/wp-content\/uploads\/55744484_2219225598124190_6657219181613678592_n-800x450.jpg 800w, https:\/\/www.binauralmedia.org\/news\/wp-content\/uploads\/55744484_2219225598124190_6657219181613678592_n.jpg 960w\" data-sizes=\"auto\" data-orig-sizes=\"(max-width: 960px) 100vw, 960px\" \/> <img decoding=\"async\" class=\"lazyload alignnone size-full wp-image-11011\" src=\"http:\/\/www.binauralmedia.org\/news\/\/wp-content\/uploads\/55875485_2219225691457514_8590578407597670400_n.jpg\" data-orig-src=\"http:\/\/www.binauralmedia.org\/news\/\/wp-content\/uploads\/55875485_2219225691457514_8590578407597670400_n.jpg\" alt=\"\" width=\"960\" height=\"540\" srcset=\"data:image\/svg+xml,%3Csvg%20xmlns%3D%27http%3A%2F%2Fwww.w3.org%2F2000%2Fsvg%27%20width%3D%27960%27%20height%3D%27540%27%20viewBox%3D%270%200%20960%20540%27%3E%3Crect%20width%3D%27960%27%20height%3D%27540%27%20fill-opacity%3D%220%22%2F%3E%3C%2Fsvg%3E\" data-srcset=\"https:\/\/www.binauralmedia.org\/news\/wp-content\/uploads\/55875485_2219225691457514_8590578407597670400_n-200x113.jpg 200w, https:\/\/www.binauralmedia.org\/news\/wp-content\/uploads\/55875485_2219225691457514_8590578407597670400_n-400x225.jpg 400w, https:\/\/www.binauralmedia.org\/news\/wp-content\/uploads\/55875485_2219225691457514_8590578407597670400_n-500x281.jpg 500w, https:\/\/www.binauralmedia.org\/news\/wp-content\/uploads\/55875485_2219225691457514_8590578407597670400_n-533x300.jpg 533w, https:\/\/www.binauralmedia.org\/news\/wp-content\/uploads\/55875485_2219225691457514_8590578407597670400_n-600x338.jpg 600w, https:\/\/www.binauralmedia.org\/news\/wp-content\/uploads\/55875485_2219225691457514_8590578407597670400_n-768x432.jpg 768w, https:\/\/www.binauralmedia.org\/news\/wp-content\/uploads\/55875485_2219225691457514_8590578407597670400_n-800x450.jpg 800w, https:\/\/www.binauralmedia.org\/news\/wp-content\/uploads\/55875485_2219225691457514_8590578407597670400_n.jpg 960w\" data-sizes=\"auto\" data-orig-sizes=\"(max-width: 960px) 100vw, 960px\" \/> <img decoding=\"async\" class=\"lazyload alignnone size-full wp-image-11012\" src=\"http:\/\/www.binauralmedia.org\/news\/\/wp-content\/uploads\/56276037_2219225681457515_6308811275648368640_n.jpg\" data-orig-src=\"http:\/\/www.binauralmedia.org\/news\/\/wp-content\/uploads\/56276037_2219225681457515_6308811275648368640_n.jpg\" alt=\"\" width=\"960\" height=\"540\" srcset=\"data:image\/svg+xml,%3Csvg%20xmlns%3D%27http%3A%2F%2Fwww.w3.org%2F2000%2Fsvg%27%20width%3D%27960%27%20height%3D%27540%27%20viewBox%3D%270%200%20960%20540%27%3E%3Crect%20width%3D%27960%27%20height%3D%27540%27%20fill-opacity%3D%220%22%2F%3E%3C%2Fsvg%3E\" data-srcset=\"https:\/\/www.binauralmedia.org\/news\/wp-content\/uploads\/56276037_2219225681457515_6308811275648368640_n-200x113.jpg 200w, https:\/\/www.binauralmedia.org\/news\/wp-content\/uploads\/56276037_2219225681457515_6308811275648368640_n-400x225.jpg 400w, https:\/\/www.binauralmedia.org\/news\/wp-content\/uploads\/56276037_2219225681457515_6308811275648368640_n-500x281.jpg 500w, https:\/\/www.binauralmedia.org\/news\/wp-content\/uploads\/56276037_2219225681457515_6308811275648368640_n-533x300.jpg 533w, https:\/\/www.binauralmedia.org\/news\/wp-content\/uploads\/56276037_2219225681457515_6308811275648368640_n-600x338.jpg 600w, https:\/\/www.binauralmedia.org\/news\/wp-content\/uploads\/56276037_2219225681457515_6308811275648368640_n-768x432.jpg 768w, https:\/\/www.binauralmedia.org\/news\/wp-content\/uploads\/56276037_2219225681457515_6308811275648368640_n-800x450.jpg 800w, https:\/\/www.binauralmedia.org\/news\/wp-content\/uploads\/56276037_2219225681457515_6308811275648368640_n.jpg 960w\" data-sizes=\"auto\" data-orig-sizes=\"(max-width: 960px) 100vw, 960px\" \/> <img decoding=\"async\" class=\"lazyload alignnone size-full wp-image-11013\" src=\"http:\/\/www.binauralmedia.org\/news\/\/wp-content\/uploads\/56330934_2219225624790854_2212977827635003392_n.jpg\" data-orig-src=\"http:\/\/www.binauralmedia.org\/news\/\/wp-content\/uploads\/56330934_2219225624790854_2212977827635003392_n.jpg\" alt=\"\" width=\"960\" height=\"540\" srcset=\"data:image\/svg+xml,%3Csvg%20xmlns%3D%27http%3A%2F%2Fwww.w3.org%2F2000%2Fsvg%27%20width%3D%27960%27%20height%3D%27540%27%20viewBox%3D%270%200%20960%20540%27%3E%3Crect%20width%3D%27960%27%20height%3D%27540%27%20fill-opacity%3D%220%22%2F%3E%3C%2Fsvg%3E\" data-srcset=\"https:\/\/www.binauralmedia.org\/news\/wp-content\/uploads\/56330934_2219225624790854_2212977827635003392_n-200x113.jpg 200w, https:\/\/www.binauralmedia.org\/news\/wp-content\/uploads\/56330934_2219225624790854_2212977827635003392_n-400x225.jpg 400w, https:\/\/www.binauralmedia.org\/news\/wp-content\/uploads\/56330934_2219225624790854_2212977827635003392_n-500x281.jpg 500w, https:\/\/www.binauralmedia.org\/news\/wp-content\/uploads\/56330934_2219225624790854_2212977827635003392_n-533x300.jpg 533w, https:\/\/www.binauralmedia.org\/news\/wp-content\/uploads\/56330934_2219225624790854_2212977827635003392_n-600x338.jpg 600w, https:\/\/www.binauralmedia.org\/news\/wp-content\/uploads\/56330934_2219225624790854_2212977827635003392_n-768x432.jpg 768w, https:\/\/www.binauralmedia.org\/news\/wp-content\/uploads\/56330934_2219225624790854_2212977827635003392_n-800x450.jpg 800w, https:\/\/www.binauralmedia.org\/news\/wp-content\/uploads\/56330934_2219225624790854_2212977827635003392_n.jpg 960w\" data-sizes=\"auto\" data-orig-sizes=\"(max-width: 960px) 100vw, 960px\" \/><\/p>\n","protected":false},"excerpt":{"rendered":"<p>Hoje 29 de mar\u00e7o, decorreu na\u00a0E.B.I de Santa Cruz da  [&#8230;]<\/p>\n","protected":false},"author":2,"featured_media":11008,"comment_status":"closed","ping_status":"closed","sticky":false,"template":"","format":"standard","meta":{"_acf_changed":false,"_bbp_topic_count":0,"_bbp_reply_count":0,"_bbp_total_topic_count":0,"_bbp_total_reply_count":0,"_bbp_voice_count":0,"_bbp_anonymous_reply_count":0,"_bbp_topic_count_hidden":0,"_bbp_reply_count_hidden":0,"_bbp_forum_subforum_count":0,"footnotes":""},"categories":[1158,1,1159],"tags":[],"class_list":["post-11007","post","type-post","status-publish","format-standard","has-post-thumbnail","hentry","category-visual-sound-ethnograhpy","category-news","category-educational-programme"],"acf":[],"aioseo_notices":[],"aioseo_head":"\n\t\t<!-- All in One SEO 5.0.1.1 - aioseo.com -->\n\t<meta name=\"description\" content=\"Hoje 29 de mar\u00e7o, decorreu na E.B.I de Santa Cruz da Trapa (Agrupamento de Escolas de Santa Cruz da Trapa) a terceira sess\u00e3o de Lendas Sonoras de Laf\u00f5es, um projeto de resgate, sonoriza\u00e7\u00e3o e express\u00e3o de elementos da tradi\u00e7\u00e3o oral dos concelhos de Laf\u00f5es. Os alunos do Prof. Paulo Fernandes, guiados por Luis Gomes da Costa pesquisaram e\" \/>\n\t<meta name=\"robots\" content=\"max-image-preview:large\" \/>\n\t<meta name=\"author\" content=\"luiscosta\"\/>\n\t<link rel=\"canonical\" href=\"https:\/\/www.binauralmedia.org\/news\/arquivo\/11007\" \/>\n\t<meta name=\"generator\" content=\"All in One SEO (AIOSEO) 5.0.1.1\" \/>\n\t\t<meta property=\"og:locale\" content=\"pt_PT\" \/>\n\t\t<meta property=\"og:site_name\" content=\"binauralmedia.org - Rural Based Sound\/Media Arts &amp; Social Research\" \/>\n\t\t<meta property=\"og:type\" content=\"article\" \/>\n\t\t<meta property=\"og:title\" content=\"Terceira sess\u00e3o de Lendas Sonoras de Laf\u00f5es - binauralmedia.org\" \/>\n\t\t<meta property=\"og:description\" content=\"Hoje 29 de mar\u00e7o, decorreu na E.B.I de Santa Cruz da Trapa (Agrupamento de Escolas de Santa Cruz da Trapa) a terceira sess\u00e3o de Lendas Sonoras de Laf\u00f5es, um projeto de resgate, sonoriza\u00e7\u00e3o e express\u00e3o de elementos da tradi\u00e7\u00e3o oral dos concelhos de Laf\u00f5es. Os alunos do Prof. Paulo Fernandes, guiados por Luis Gomes da Costa pesquisaram e\" \/>\n\t\t<meta property=\"og:url\" content=\"https:\/\/www.binauralmedia.org\/news\/arquivo\/11007\" \/>\n\t\t<meta property=\"article:published_time\" content=\"2019-03-29T12:33:47+00:00\" \/>\n\t\t<meta property=\"article:modified_time\" content=\"2021-08-16T15:41:07+00:00\" \/>\n\t\t<meta name=\"twitter:card\" content=\"summary_large_image\" \/>\n\t\t<meta name=\"twitter:title\" content=\"Terceira sess\u00e3o de Lendas Sonoras de Laf\u00f5es - binauralmedia.org\" \/>\n\t\t<meta name=\"twitter:description\" content=\"Hoje 29 de mar\u00e7o, decorreu na E.B.I de Santa Cruz da Trapa (Agrupamento de Escolas de Santa Cruz da Trapa) a terceira sess\u00e3o de Lendas Sonoras de Laf\u00f5es, um projeto de resgate, sonoriza\u00e7\u00e3o e express\u00e3o de elementos da tradi\u00e7\u00e3o oral dos concelhos de Laf\u00f5es. Os alunos do Prof. Paulo Fernandes, guiados por Luis Gomes da Costa pesquisaram e\" \/>\n\t\t<script type=\"application\/ld+json\" class=\"aioseo-schema\">\n\t\t\t{\"@context\":\"https:\\\/\\\/schema.org\",\"@graph\":[{\"@type\":\"BlogPosting\",\"@id\":\"https:\\\/\\\/www.binauralmedia.org\\\/news\\\/arquivo\\\/11007#blogposting\",\"name\":\"Terceira sess\\u00e3o de Lendas Sonoras de Laf\\u00f5es - binauralmedia.org\",\"headline\":\"Terceira sess\\u00e3o de Lendas Sonoras de Laf\\u00f5es\",\"author\":{\"@id\":\"https:\\\/\\\/www.binauralmedia.org\\\/news\\\/arquivo\\\/author\\\/luiscosta#author\"},\"publisher\":{\"@id\":\"https:\\\/\\\/www.binauralmedia.org\\\/news\\\/#organization\"},\"image\":{\"@type\":\"ImageObject\",\"url\":\"https:\\\/\\\/www.binauralmedia.org\\\/news\\\/wp-content\\\/uploads\\\/Capturar-24.jpg\",\"width\":366,\"height\":216},\"datePublished\":\"2019-03-29T12:33:47+00:00\",\"dateModified\":\"2021-08-16T15:41:07+00:00\",\"inLanguage\":\"pt-PT\",\"mainEntityOfPage\":{\"@id\":\"https:\\\/\\\/www.binauralmedia.org\\\/news\\\/arquivo\\\/11007#webpage\"},\"isPartOf\":{\"@id\":\"https:\\\/\\\/www.binauralmedia.org\\\/news\\\/arquivo\\\/11007#webpage\"},\"articleSection\":\"Etnografia Sonora e Visual, Not\\u00edcias, Programa Educativo\"},{\"@type\":\"BreadcrumbList\",\"@id\":\"https:\\\/\\\/www.binauralmedia.org\\\/news\\\/arquivo\\\/11007#breadcrumblist\",\"itemListElement\":[{\"@type\":\"ListItem\",\"@id\":\"https:\\\/\\\/www.binauralmedia.org\\\/news#listItem\",\"position\":1,\"name\":\"Home\",\"item\":\"https:\\\/\\\/www.binauralmedia.org\\\/news\",\"nextItem\":{\"@type\":\"ListItem\",\"@id\":\"https:\\\/\\\/www.binauralmedia.org\\\/news\\\/arquivo\\\/category\\\/news#listItem\",\"name\":\"Not\\u00edcias\"}},{\"@type\":\"ListItem\",\"@id\":\"https:\\\/\\\/www.binauralmedia.org\\\/news\\\/arquivo\\\/category\\\/news#listItem\",\"position\":2,\"name\":\"Not\\u00edcias\",\"item\":\"https:\\\/\\\/www.binauralmedia.org\\\/news\\\/arquivo\\\/category\\\/news\",\"nextItem\":{\"@type\":\"ListItem\",\"@id\":\"https:\\\/\\\/www.binauralmedia.org\\\/news\\\/arquivo\\\/11007#listItem\",\"name\":\"Terceira sess\\u00e3o de Lendas Sonoras de Laf\\u00f5es\"},\"previousItem\":{\"@type\":\"ListItem\",\"@id\":\"https:\\\/\\\/www.binauralmedia.org\\\/news#listItem\",\"name\":\"Home\"}},{\"@type\":\"ListItem\",\"@id\":\"https:\\\/\\\/www.binauralmedia.org\\\/news\\\/arquivo\\\/11007#listItem\",\"position\":3,\"name\":\"Terceira sess\\u00e3o de Lendas Sonoras de Laf\\u00f5es\",\"previousItem\":{\"@type\":\"ListItem\",\"@id\":\"https:\\\/\\\/www.binauralmedia.org\\\/news\\\/arquivo\\\/category\\\/news#listItem\",\"name\":\"Not\\u00edcias\"}}]},{\"@type\":\"Organization\",\"@id\":\"https:\\\/\\\/www.binauralmedia.org\\\/news\\\/#organization\",\"name\":\"binauralmedia.org\",\"description\":\"Rural Based Sound\\\/Media Arts & Social Research\",\"url\":\"https:\\\/\\\/www.binauralmedia.org\\\/news\\\/\"},{\"@type\":\"Person\",\"@id\":\"https:\\\/\\\/www.binauralmedia.org\\\/news\\\/arquivo\\\/author\\\/luiscosta#author\",\"url\":\"https:\\\/\\\/www.binauralmedia.org\\\/news\\\/arquivo\\\/author\\\/luiscosta\",\"name\":\"luiscosta\"},{\"@type\":\"WebPage\",\"@id\":\"https:\\\/\\\/www.binauralmedia.org\\\/news\\\/arquivo\\\/11007#webpage\",\"url\":\"https:\\\/\\\/www.binauralmedia.org\\\/news\\\/arquivo\\\/11007\",\"name\":\"Terceira sess\\u00e3o de Lendas Sonoras de Laf\\u00f5es - binauralmedia.org\",\"description\":\"Hoje 29 de mar\\u00e7o, decorreu na E.B.I de Santa Cruz da Trapa (Agrupamento de Escolas de Santa Cruz da Trapa) a terceira sess\\u00e3o de Lendas Sonoras de Laf\\u00f5es, um projeto de resgate, sonoriza\\u00e7\\u00e3o e express\\u00e3o de elementos da tradi\\u00e7\\u00e3o oral dos concelhos de Laf\\u00f5es. Os alunos do Prof. Paulo Fernandes, guiados por Luis Gomes da Costa pesquisaram e\",\"inLanguage\":\"pt-PT\",\"isPartOf\":{\"@id\":\"https:\\\/\\\/www.binauralmedia.org\\\/news\\\/#website\"},\"breadcrumb\":{\"@id\":\"https:\\\/\\\/www.binauralmedia.org\\\/news\\\/arquivo\\\/11007#breadcrumblist\"},\"author\":{\"@id\":\"https:\\\/\\\/www.binauralmedia.org\\\/news\\\/arquivo\\\/author\\\/luiscosta#author\"},\"creator\":{\"@id\":\"https:\\\/\\\/www.binauralmedia.org\\\/news\\\/arquivo\\\/author\\\/luiscosta#author\"},\"image\":{\"@type\":\"ImageObject\",\"url\":\"https:\\\/\\\/www.binauralmedia.org\\\/news\\\/wp-content\\\/uploads\\\/Capturar-24.jpg\",\"@id\":\"https:\\\/\\\/www.binauralmedia.org\\\/news\\\/arquivo\\\/11007\\\/#mainImage\",\"width\":366,\"height\":216},\"primaryImageOfPage\":{\"@id\":\"https:\\\/\\\/www.binauralmedia.org\\\/news\\\/arquivo\\\/11007#mainImage\"},\"datePublished\":\"2019-03-29T12:33:47+00:00\",\"dateModified\":\"2021-08-16T15:41:07+00:00\"},{\"@type\":\"WebSite\",\"@id\":\"https:\\\/\\\/www.binauralmedia.org\\\/news\\\/#website\",\"url\":\"https:\\\/\\\/www.binauralmedia.org\\\/news\\\/\",\"name\":\"binauralmedia.org\",\"description\":\"Rural Based Sound\\\/Media Arts & Social Research\",\"inLanguage\":\"pt-PT\",\"publisher\":{\"@id\":\"https:\\\/\\\/www.binauralmedia.org\\\/news\\\/#organization\"}}]}\n\t\t<\/script>\n\t\t<!-- All in One SEO -->\n\n","aioseo_head_json":{"title":"Terceira sess\u00e3o de Lendas Sonoras de Laf\u00f5es - binauralmedia.org","description":"Hoje 29 de mar\u00e7o, decorreu na E.B.I de Santa Cruz da Trapa (Agrupamento de Escolas de Santa Cruz da Trapa) a terceira sess\u00e3o de Lendas Sonoras de Laf\u00f5es, um projeto de resgate, sonoriza\u00e7\u00e3o e express\u00e3o de elementos da tradi\u00e7\u00e3o oral dos concelhos de Laf\u00f5es. Os alunos do Prof. Paulo Fernandes, guiados por Luis Gomes da Costa pesquisaram e","canonical_url":"https:\/\/www.binauralmedia.org\/news\/arquivo\/11007","robots":"max-image-preview:large","keywords":"","webmasterTools":{"miscellaneous":""},"schema":{"@context":"https:\/\/schema.org","@graph":[{"@type":"BlogPosting","@id":"https:\/\/www.binauralmedia.org\/news\/arquivo\/11007#blogposting","name":"Terceira sess\u00e3o de Lendas Sonoras de Laf\u00f5es - binauralmedia.org","headline":"Terceira sess\u00e3o de Lendas Sonoras de Laf\u00f5es","author":{"@id":"https:\/\/www.binauralmedia.org\/news\/arquivo\/author\/luiscosta#author"},"publisher":{"@id":"https:\/\/www.binauralmedia.org\/news\/#organization"},"image":{"@type":"ImageObject","url":"https:\/\/www.binauralmedia.org\/news\/wp-content\/uploads\/Capturar-24.jpg","width":366,"height":216},"datePublished":"2019-03-29T12:33:47+00:00","dateModified":"2021-08-16T15:41:07+00:00","inLanguage":"pt-PT","mainEntityOfPage":{"@id":"https:\/\/www.binauralmedia.org\/news\/arquivo\/11007#webpage"},"isPartOf":{"@id":"https:\/\/www.binauralmedia.org\/news\/arquivo\/11007#webpage"},"articleSection":"Etnografia Sonora e Visual, Not\u00edcias, Programa Educativo"},{"@type":"BreadcrumbList","@id":"https:\/\/www.binauralmedia.org\/news\/arquivo\/11007#breadcrumblist","itemListElement":[{"@type":"ListItem","@id":"https:\/\/www.binauralmedia.org\/news#listItem","position":1,"name":"Home","item":"https:\/\/www.binauralmedia.org\/news","nextItem":{"@type":"ListItem","@id":"https:\/\/www.binauralmedia.org\/news\/arquivo\/category\/news#listItem","name":"Not\u00edcias"}},{"@type":"ListItem","@id":"https:\/\/www.binauralmedia.org\/news\/arquivo\/category\/news#listItem","position":2,"name":"Not\u00edcias","item":"https:\/\/www.binauralmedia.org\/news\/arquivo\/category\/news","nextItem":{"@type":"ListItem","@id":"https:\/\/www.binauralmedia.org\/news\/arquivo\/11007#listItem","name":"Terceira sess\u00e3o de Lendas Sonoras de Laf\u00f5es"},"previousItem":{"@type":"ListItem","@id":"https:\/\/www.binauralmedia.org\/news#listItem","name":"Home"}},{"@type":"ListItem","@id":"https:\/\/www.binauralmedia.org\/news\/arquivo\/11007#listItem","position":3,"name":"Terceira sess\u00e3o de Lendas Sonoras de Laf\u00f5es","previousItem":{"@type":"ListItem","@id":"https:\/\/www.binauralmedia.org\/news\/arquivo\/category\/news#listItem","name":"Not\u00edcias"}}]},{"@type":"Organization","@id":"https:\/\/www.binauralmedia.org\/news\/#organization","name":"binauralmedia.org","description":"Rural Based Sound\/Media Arts & Social Research","url":"https:\/\/www.binauralmedia.org\/news\/"},{"@type":"Person","@id":"https:\/\/www.binauralmedia.org\/news\/arquivo\/author\/luiscosta#author","url":"https:\/\/www.binauralmedia.org\/news\/arquivo\/author\/luiscosta","name":"luiscosta"},{"@type":"WebPage","@id":"https:\/\/www.binauralmedia.org\/news\/arquivo\/11007#webpage","url":"https:\/\/www.binauralmedia.org\/news\/arquivo\/11007","name":"Terceira sess\u00e3o de Lendas Sonoras de Laf\u00f5es - binauralmedia.org","description":"Hoje 29 de mar\u00e7o, decorreu na E.B.I de Santa Cruz da Trapa (Agrupamento de Escolas de Santa Cruz da Trapa) a terceira sess\u00e3o de Lendas Sonoras de Laf\u00f5es, um projeto de resgate, sonoriza\u00e7\u00e3o e express\u00e3o de elementos da tradi\u00e7\u00e3o oral dos concelhos de Laf\u00f5es. Os alunos do Prof. Paulo Fernandes, guiados por Luis Gomes da Costa pesquisaram e","inLanguage":"pt-PT","isPartOf":{"@id":"https:\/\/www.binauralmedia.org\/news\/#website"},"breadcrumb":{"@id":"https:\/\/www.binauralmedia.org\/news\/arquivo\/11007#breadcrumblist"},"author":{"@id":"https:\/\/www.binauralmedia.org\/news\/arquivo\/author\/luiscosta#author"},"creator":{"@id":"https:\/\/www.binauralmedia.org\/news\/arquivo\/author\/luiscosta#author"},"image":{"@type":"ImageObject","url":"https:\/\/www.binauralmedia.org\/news\/wp-content\/uploads\/Capturar-24.jpg","@id":"https:\/\/www.binauralmedia.org\/news\/arquivo\/11007\/#mainImage","width":366,"height":216},"primaryImageOfPage":{"@id":"https:\/\/www.binauralmedia.org\/news\/arquivo\/11007#mainImage"},"datePublished":"2019-03-29T12:33:47+00:00","dateModified":"2021-08-16T15:41:07+00:00"},{"@type":"WebSite","@id":"https:\/\/www.binauralmedia.org\/news\/#website","url":"https:\/\/www.binauralmedia.org\/news\/","name":"binauralmedia.org","description":"Rural Based Sound\/Media Arts & Social Research","inLanguage":"pt-PT","publisher":{"@id":"https:\/\/www.binauralmedia.org\/news\/#organization"}}]},"og:locale":"pt_PT","og:site_name":"binauralmedia.org - Rural Based Sound\/Media Arts &amp; Social Research","og:type":"article","og:title":"Terceira sess\u00e3o de Lendas Sonoras de Laf\u00f5es - binauralmedia.org","og:description":"Hoje 29 de mar\u00e7o, decorreu na E.B.I de Santa Cruz da Trapa (Agrupamento de Escolas de Santa Cruz da Trapa) a terceira sess\u00e3o de Lendas Sonoras de Laf\u00f5es, um projeto de resgate, sonoriza\u00e7\u00e3o e express\u00e3o de elementos da tradi\u00e7\u00e3o oral dos concelhos de Laf\u00f5es. Os alunos do Prof. Paulo Fernandes, guiados por Luis Gomes da Costa pesquisaram e","og:url":"https:\/\/www.binauralmedia.org\/news\/arquivo\/11007","article:published_time":"2019-03-29T12:33:47+00:00","article:modified_time":"2021-08-16T15:41:07+00:00","twitter:card":"summary_large_image","twitter:title":"Terceira sess\u00e3o de Lendas Sonoras de Laf\u00f5es - binauralmedia.org","twitter:description":"Hoje 29 de mar\u00e7o, decorreu na E.B.I de Santa Cruz da Trapa (Agrupamento de Escolas de Santa Cruz da Trapa) a terceira sess\u00e3o de Lendas Sonoras de Laf\u00f5es, um projeto de resgate, sonoriza\u00e7\u00e3o e express\u00e3o de elementos da tradi\u00e7\u00e3o oral dos concelhos de Laf\u00f5es. Os alunos do Prof. Paulo Fernandes, guiados por Luis Gomes da Costa pesquisaram e"},"aioseo_meta_data":{"post_id":"11007","title":null,"description":null,"keywords":null,"keyphrases":null,"primary_term":null,"canonical_url":null,"og_title":null,"og_description":null,"og_object_type":"default","og_image_type":"default","og_image_custom_url":null,"og_image_custom_fields":null,"og_image_url":null,"og_image_width":null,"og_image_height":null,"og_video":null,"og_custom_url":null,"og_article_section":null,"og_article_tags":null,"twitter_use_og":false,"twitter_card":"default","twitter_image_type":"default","twitter_image_custom_url":null,"twitter_image_custom_fields":null,"twitter_image_url":null,"twitter_title":null,"twitter_description":null,"schema_type":"default","schema_type_options":null,"schema":{"blockGraphs":[],"customGraphs":[],"default":{"data":{"Article":[],"Course":[],"Dataset":[],"FAQPage":[],"Movie":[],"Person":[],"Product":[],"ProductReview":[],"Car":[],"Recipe":[],"Service":[],"SoftwareApplication":[],"WebPage":[]},"graphName":"","isEnabled":true},"graphs":[]},"pillar_content":false,"robots_default":true,"robots_noindex":false,"robots_noarchive":false,"robots_nosnippet":false,"robots_nofollow":false,"robots_noimageindex":false,"robots_noodp":false,"robots_notranslate":false,"robots_max_snippet":null,"robots_max_videopreview":null,"robots_max_imagepreview":"large","priority":null,"frequency":null,"local_seo":null,"limit_modified_date":false,"ai":null,"breadcrumb_settings":null,"seo_analyzer_scan_date":null,"created":"2026-08-05 04:01:35","updated":"2026-08-05 04:01:35","focus_keyword":null,"additional_keywords":null,"truseo_locale":null},"aioseo_breadcrumb":"<div class=\"aioseo-breadcrumbs\"><span class=\"aioseo-breadcrumb\">\n\t\t\t<a href=\"https:\/\/www.binauralmedia.org\/news\" title=\"Home\">Home<\/a>\n\t\t<\/span><span class=\"aioseo-breadcrumb-separator\">&raquo;<\/span><span class=\"aioseo-breadcrumb\">\n\t\t\t<a href=\"https:\/\/www.binauralmedia.org\/news\/arquivo\/category\/news\" title=\"Not\u00edcias\">Not\u00edcias<\/a>\n\t\t<\/span><span class=\"aioseo-breadcrumb-separator\">&raquo;<\/span><span class=\"aioseo-breadcrumb\">\n\t\t\tTerceira sess\u00e3o de Lendas Sonoras de Laf\u00f5es\n\t\t<\/span><\/div>","aioseo_breadcrumb_json":[{"label":"Home","link":"https:\/\/www.binauralmedia.org\/news"},{"label":"Not\u00edcias","link":"https:\/\/www.binauralmedia.org\/news\/arquivo\/category\/news"},{"label":"Terceira sess\u00e3o de Lendas Sonoras de Laf\u00f5es","link":"https:\/\/www.binauralmedia.org\/news\/arquivo\/11007"}],"_links":{"self":[{"href":"https:\/\/www.binauralmedia.org\/news\/wp-json\/wp\/v2\/posts\/11007","targetHints":{"allow":["GET"]}}],"collection":[{"href":"https:\/\/www.binauralmedia.org\/news\/wp-json\/wp\/v2\/posts"}],"about":[{"href":"https:\/\/www.binauralmedia.org\/news\/wp-json\/wp\/v2\/types\/post"}],"author":[{"embeddable":true,"href":"https:\/\/www.binauralmedia.org\/news\/wp-json\/wp\/v2\/users\/2"}],"replies":[{"embeddable":true,"href":"https:\/\/www.binauralmedia.org\/news\/wp-json\/wp\/v2\/comments?post=11007"}],"version-history":[{"count":2,"href":"https:\/\/www.binauralmedia.org\/news\/wp-json\/wp\/v2\/posts\/11007\/revisions"}],"predecessor-version":[{"id":13377,"href":"https:\/\/www.binauralmedia.org\/news\/wp-json\/wp\/v2\/posts\/11007\/revisions\/13377"}],"wp:featuredmedia":[{"embeddable":true,"href":"https:\/\/www.binauralmedia.org\/news\/wp-json\/wp\/v2\/media\/11008"}],"wp:attachment":[{"href":"https:\/\/www.binauralmedia.org\/news\/wp-json\/wp\/v2\/media?parent=11007"}],"wp:term":[{"taxonomy":"category","embeddable":true,"href":"https:\/\/www.binauralmedia.org\/news\/wp-json\/wp\/v2\/categories?post=11007"},{"taxonomy":"post_tag","embeddable":true,"href":"https:\/\/www.binauralmedia.org\/news\/wp-json\/wp\/v2\/tags?post=11007"}],"curies":[{"name":"wp","href":"https:\/\/api.w.org\/{rel}","templated":true}]}}