{"id":11000,"date":"2019-03-24T12:16:18","date_gmt":"2019-03-24T12:16:18","guid":{"rendered":"https:\/\/binauralmedia.org\/news\/?p=11000"},"modified":"2021-08-16T15:41:02","modified_gmt":"2021-08-16T15:41:02","slug":"binaural-nodar-presente-no-criativarte-organizado-pelo-municipio-de-oliveira-de-frades","status":"publish","type":"post","link":"https:\/\/www.binauralmedia.org\/news\/arquivo\/11000","title":{"rendered":"Binaural\/Nodar presente no Criativ&#8217;Arte organizado pelo Munic\u00edpio de Oliveira de Frades"},"content":{"rendered":"<p>Com muito gosto a\u00a0Binaural Nodar\u00a0esteve hoje, 24 de mar\u00e7o, presente no evento Criativ&#8217;Arte organizado pelo\u00a0Munic\u00edpio de Oliveira de Frades\u00a0para celebrar o dia europeu da criatividade art\u00edstica.<\/p>\n<p>Na ocasi\u00e3o estivemos a divulgar o Arquivo Digital Binaural Nodar (http:\/\/www.archive.binauralmedia.org), um projeto de recolhas sonoras e videogr\u00e1ficas da regi\u00e3o de Viseu D\u00e3o Laf\u00f5es e zonas adjacentes integrado na rede Tramontana de arquivos da mem\u00f3ria de zonas rurais europeias (R\u00e9seau Tramontana).<\/p>\n<p><img decoding=\"async\" class=\"lazyload alignnone size-full wp-image-11002\" src=\"http:\/\/www.binauralmedia.org\/news\/\/wp-content\/uploads\/54519394_2211733055540111_8635393633962426368_n.jpg\" data-orig-src=\"http:\/\/www.binauralmedia.org\/news\/\/wp-content\/uploads\/54519394_2211733055540111_8635393633962426368_n.jpg\" alt=\"\" width=\"960\" height=\"720\" srcset=\"data:image\/svg+xml,%3Csvg%20xmlns%3D%27http%3A%2F%2Fwww.w3.org%2F2000%2Fsvg%27%20width%3D%27960%27%20height%3D%27720%27%20viewBox%3D%270%200%20960%20720%27%3E%3Crect%20width%3D%27960%27%20height%3D%27720%27%20fill-opacity%3D%220%22%2F%3E%3C%2Fsvg%3E\" data-srcset=\"https:\/\/www.binauralmedia.org\/news\/wp-content\/uploads\/54519394_2211733055540111_8635393633962426368_n-121x91.jpg 121w, https:\/\/www.binauralmedia.org\/news\/wp-content\/uploads\/54519394_2211733055540111_8635393633962426368_n-200x150.jpg 200w, https:\/\/www.binauralmedia.org\/news\/wp-content\/uploads\/54519394_2211733055540111_8635393633962426368_n-400x300.jpg 400w, https:\/\/www.binauralmedia.org\/news\/wp-content\/uploads\/54519394_2211733055540111_8635393633962426368_n-500x375.jpg 500w, https:\/\/www.binauralmedia.org\/news\/wp-content\/uploads\/54519394_2211733055540111_8635393633962426368_n-600x450.jpg 600w, https:\/\/www.binauralmedia.org\/news\/wp-content\/uploads\/54519394_2211733055540111_8635393633962426368_n-768x576.jpg 768w, https:\/\/www.binauralmedia.org\/news\/wp-content\/uploads\/54519394_2211733055540111_8635393633962426368_n-800x600.jpg 800w, https:\/\/www.binauralmedia.org\/news\/wp-content\/uploads\/54519394_2211733055540111_8635393633962426368_n.jpg 960w\" data-sizes=\"auto\" data-orig-sizes=\"(max-width: 960px) 100vw, 960px\" \/> <img decoding=\"async\" class=\"lazyload alignnone size-full wp-image-11003\" src=\"http:\/\/www.binauralmedia.org\/news\/\/wp-content\/uploads\/54521184_2211733162206767_7945319490462416896_n.jpg\" data-orig-src=\"http:\/\/www.binauralmedia.org\/news\/\/wp-content\/uploads\/54521184_2211733162206767_7945319490462416896_n.jpg\" alt=\"\" width=\"720\" height=\"960\" srcset=\"data:image\/svg+xml,%3Csvg%20xmlns%3D%27http%3A%2F%2Fwww.w3.org%2F2000%2Fsvg%27%20width%3D%27720%27%20height%3D%27960%27%20viewBox%3D%270%200%20720%20960%27%3E%3Crect%20width%3D%27720%27%20height%3D%27960%27%20fill-opacity%3D%220%22%2F%3E%3C%2Fsvg%3E\" data-srcset=\"https:\/\/www.binauralmedia.org\/news\/wp-content\/uploads\/54521184_2211733162206767_7945319490462416896_n-200x267.jpg 200w, https:\/\/www.binauralmedia.org\/news\/wp-content\/uploads\/54521184_2211733162206767_7945319490462416896_n-225x300.jpg 225w, https:\/\/www.binauralmedia.org\/news\/wp-content\/uploads\/54521184_2211733162206767_7945319490462416896_n-400x533.jpg 400w, https:\/\/www.binauralmedia.org\/news\/wp-content\/uploads\/54521184_2211733162206767_7945319490462416896_n-500x667.jpg 500w, https:\/\/www.binauralmedia.org\/news\/wp-content\/uploads\/54521184_2211733162206767_7945319490462416896_n-600x800.jpg 600w, https:\/\/www.binauralmedia.org\/news\/wp-content\/uploads\/54521184_2211733162206767_7945319490462416896_n.jpg 720w\" data-sizes=\"auto\" data-orig-sizes=\"(max-width: 720px) 100vw, 720px\" \/> <img decoding=\"async\" class=\"lazyload alignnone size-full wp-image-11004\" src=\"http:\/\/www.binauralmedia.org\/news\/\/wp-content\/uploads\/54523460_2211733558873394_1018168791185489920_n.jpg\" data-orig-src=\"http:\/\/www.binauralmedia.org\/news\/\/wp-content\/uploads\/54523460_2211733558873394_1018168791185489920_n.jpg\" alt=\"\" width=\"720\" height=\"960\" srcset=\"data:image\/svg+xml,%3Csvg%20xmlns%3D%27http%3A%2F%2Fwww.w3.org%2F2000%2Fsvg%27%20width%3D%27720%27%20height%3D%27960%27%20viewBox%3D%270%200%20720%20960%27%3E%3Crect%20width%3D%27720%27%20height%3D%27960%27%20fill-opacity%3D%220%22%2F%3E%3C%2Fsvg%3E\" data-srcset=\"https:\/\/www.binauralmedia.org\/news\/wp-content\/uploads\/54523460_2211733558873394_1018168791185489920_n-200x267.jpg 200w, https:\/\/www.binauralmedia.org\/news\/wp-content\/uploads\/54523460_2211733558873394_1018168791185489920_n-225x300.jpg 225w, https:\/\/www.binauralmedia.org\/news\/wp-content\/uploads\/54523460_2211733558873394_1018168791185489920_n-400x533.jpg 400w, https:\/\/www.binauralmedia.org\/news\/wp-content\/uploads\/54523460_2211733558873394_1018168791185489920_n-500x667.jpg 500w, https:\/\/www.binauralmedia.org\/news\/wp-content\/uploads\/54523460_2211733558873394_1018168791185489920_n-600x800.jpg 600w, https:\/\/www.binauralmedia.org\/news\/wp-content\/uploads\/54523460_2211733558873394_1018168791185489920_n.jpg 720w\" data-sizes=\"auto\" data-orig-sizes=\"(max-width: 720px) 100vw, 720px\" \/> <img decoding=\"async\" class=\"lazyload alignnone size-full wp-image-11005\" src=\"http:\/\/www.binauralmedia.org\/news\/\/wp-content\/uploads\/55674620_2211733515540065_6186081296674979840_n.jpg\" data-orig-src=\"http:\/\/www.binauralmedia.org\/news\/\/wp-content\/uploads\/55674620_2211733515540065_6186081296674979840_n.jpg\" alt=\"\" width=\"960\" height=\"720\" srcset=\"data:image\/svg+xml,%3Csvg%20xmlns%3D%27http%3A%2F%2Fwww.w3.org%2F2000%2Fsvg%27%20width%3D%27960%27%20height%3D%27720%27%20viewBox%3D%270%200%20960%20720%27%3E%3Crect%20width%3D%27960%27%20height%3D%27720%27%20fill-opacity%3D%220%22%2F%3E%3C%2Fsvg%3E\" data-srcset=\"https:\/\/www.binauralmedia.org\/news\/wp-content\/uploads\/55674620_2211733515540065_6186081296674979840_n-121x91.jpg 121w, https:\/\/www.binauralmedia.org\/news\/wp-content\/uploads\/55674620_2211733515540065_6186081296674979840_n-200x150.jpg 200w, https:\/\/www.binauralmedia.org\/news\/wp-content\/uploads\/55674620_2211733515540065_6186081296674979840_n-400x300.jpg 400w, https:\/\/www.binauralmedia.org\/news\/wp-content\/uploads\/55674620_2211733515540065_6186081296674979840_n-500x375.jpg 500w, https:\/\/www.binauralmedia.org\/news\/wp-content\/uploads\/55674620_2211733515540065_6186081296674979840_n-600x450.jpg 600w, https:\/\/www.binauralmedia.org\/news\/wp-content\/uploads\/55674620_2211733515540065_6186081296674979840_n-768x576.jpg 768w, https:\/\/www.binauralmedia.org\/news\/wp-content\/uploads\/55674620_2211733515540065_6186081296674979840_n-800x600.jpg 800w, https:\/\/www.binauralmedia.org\/news\/wp-content\/uploads\/55674620_2211733515540065_6186081296674979840_n.jpg 960w\" data-sizes=\"auto\" data-orig-sizes=\"(max-width: 960px) 100vw, 960px\" \/><\/p>\n","protected":false},"excerpt":{"rendered":"<p>Com muito gosto a\u00a0Binaural Nodar\u00a0esteve hoje, 24 de mar\u00e7o, presente  [&#8230;]<\/p>\n","protected":false},"author":2,"featured_media":11001,"comment_status":"closed","ping_status":"closed","sticky":false,"template":"","format":"standard","meta":{"_acf_changed":false,"_bbp_topic_count":0,"_bbp_reply_count":0,"_bbp_total_topic_count":0,"_bbp_total_reply_count":0,"_bbp_voice_count":0,"_bbp_anonymous_reply_count":0,"_bbp_topic_count_hidden":0,"_bbp_reply_count_hidden":0,"_bbp_forum_subforum_count":0,"footnotes":""},"categories":[1158,1],"tags":[],"class_list":["post-11000","post","type-post","status-publish","format-standard","has-post-thumbnail","hentry","category-visual-sound-ethnograhpy","category-news"],"acf":[],"aioseo_notices":[],"aioseo_head":"\n\t\t<!-- All in One SEO 5.0.1.1 - aioseo.com -->\n\t<meta name=\"description\" content=\"Com muito gosto a Binaural Nodar esteve hoje, 24 de mar\u00e7o, presente no evento Criativ&#039;Arte organizado pelo Munic\u00edpio de Oliveira de Frades para celebrar o dia europeu da criatividade art\u00edstica. Na ocasi\u00e3o estivemos a divulgar o Arquivo Digital Binaural Nodar (http:\/\/www.archive.binauralmedia.org), um projeto de recolhas sonoras e videogr\u00e1ficas da regi\u00e3o de Viseu D\u00e3o Laf\u00f5es e zonas adjacentes integrado na\" \/>\n\t<meta name=\"robots\" content=\"max-image-preview:large\" \/>\n\t<meta name=\"author\" content=\"luiscosta\"\/>\n\t<link rel=\"canonical\" href=\"https:\/\/www.binauralmedia.org\/news\/arquivo\/11000\" \/>\n\t<meta name=\"generator\" content=\"All in One SEO (AIOSEO) 5.0.1.1\" \/>\n\t\t<meta property=\"og:locale\" content=\"pt_PT\" \/>\n\t\t<meta property=\"og:site_name\" content=\"binauralmedia.org - Rural Based Sound\/Media Arts &amp; Social Research\" \/>\n\t\t<meta property=\"og:type\" content=\"article\" \/>\n\t\t<meta property=\"og:title\" content=\"Binaural\/Nodar presente no Criativ\u2019Arte organizado pelo Munic\u00edpio de Oliveira de Frades - binauralmedia.org\" \/>\n\t\t<meta property=\"og:description\" content=\"Com muito gosto a Binaural Nodar esteve hoje, 24 de mar\u00e7o, presente no evento Criativ&#039;Arte organizado pelo Munic\u00edpio de Oliveira de Frades para celebrar o dia europeu da criatividade art\u00edstica. Na ocasi\u00e3o estivemos a divulgar o Arquivo Digital Binaural Nodar (http:\/\/www.archive.binauralmedia.org), um projeto de recolhas sonoras e videogr\u00e1ficas da regi\u00e3o de Viseu D\u00e3o Laf\u00f5es e zonas adjacentes integrado na\" \/>\n\t\t<meta property=\"og:url\" content=\"https:\/\/www.binauralmedia.org\/news\/arquivo\/11000\" \/>\n\t\t<meta property=\"article:published_time\" content=\"2019-03-24T12:16:18+00:00\" \/>\n\t\t<meta property=\"article:modified_time\" content=\"2021-08-16T15:41:02+00:00\" \/>\n\t\t<meta name=\"twitter:card\" content=\"summary_large_image\" \/>\n\t\t<meta name=\"twitter:title\" content=\"Binaural\/Nodar presente no Criativ\u2019Arte organizado pelo Munic\u00edpio de Oliveira de Frades - binauralmedia.org\" \/>\n\t\t<meta name=\"twitter:description\" content=\"Com muito gosto a Binaural Nodar esteve hoje, 24 de mar\u00e7o, presente no evento Criativ&#039;Arte organizado pelo Munic\u00edpio de Oliveira de Frades para celebrar o dia europeu da criatividade art\u00edstica. Na ocasi\u00e3o estivemos a divulgar o Arquivo Digital Binaural Nodar (http:\/\/www.archive.binauralmedia.org), um projeto de recolhas sonoras e videogr\u00e1ficas da regi\u00e3o de Viseu D\u00e3o Laf\u00f5es e zonas adjacentes integrado na\" \/>\n\t\t<script type=\"application\/ld+json\" class=\"aioseo-schema\">\n\t\t\t{\"@context\":\"https:\\\/\\\/schema.org\",\"@graph\":[{\"@type\":\"BlogPosting\",\"@id\":\"https:\\\/\\\/www.binauralmedia.org\\\/news\\\/arquivo\\\/11000#blogposting\",\"name\":\"Binaural\\\/Nodar presente no Criativ\\u2019Arte organizado pelo Munic\\u00edpio de Oliveira de Frades - binauralmedia.org\",\"headline\":\"Binaural\\\/Nodar presente no Criativ&#8217;Arte organizado pelo Munic\\u00edpio de Oliveira de Frades\",\"author\":{\"@id\":\"https:\\\/\\\/www.binauralmedia.org\\\/news\\\/arquivo\\\/author\\\/luiscosta#author\"},\"publisher\":{\"@id\":\"https:\\\/\\\/www.binauralmedia.org\\\/news\\\/#organization\"},\"image\":{\"@type\":\"ImageObject\",\"url\":\"https:\\\/\\\/www.binauralmedia.org\\\/news\\\/wp-content\\\/uploads\\\/54432511_2211733375540079_5592374128964272128_n-e1559301897806.jpg\",\"width\":912,\"height\":607},\"datePublished\":\"2019-03-24T12:16:18+00:00\",\"dateModified\":\"2021-08-16T15:41:02+00:00\",\"inLanguage\":\"pt-PT\",\"mainEntityOfPage\":{\"@id\":\"https:\\\/\\\/www.binauralmedia.org\\\/news\\\/arquivo\\\/11000#webpage\"},\"isPartOf\":{\"@id\":\"https:\\\/\\\/www.binauralmedia.org\\\/news\\\/arquivo\\\/11000#webpage\"},\"articleSection\":\"Etnografia Sonora e Visual, Not\\u00edcias\"},{\"@type\":\"BreadcrumbList\",\"@id\":\"https:\\\/\\\/www.binauralmedia.org\\\/news\\\/arquivo\\\/11000#breadcrumblist\",\"itemListElement\":[{\"@type\":\"ListItem\",\"@id\":\"https:\\\/\\\/www.binauralmedia.org\\\/news#listItem\",\"position\":1,\"name\":\"Home\",\"item\":\"https:\\\/\\\/www.binauralmedia.org\\\/news\",\"nextItem\":{\"@type\":\"ListItem\",\"@id\":\"https:\\\/\\\/www.binauralmedia.org\\\/news\\\/arquivo\\\/category\\\/news#listItem\",\"name\":\"Not\\u00edcias\"}},{\"@type\":\"ListItem\",\"@id\":\"https:\\\/\\\/www.binauralmedia.org\\\/news\\\/arquivo\\\/category\\\/news#listItem\",\"position\":2,\"name\":\"Not\\u00edcias\",\"item\":\"https:\\\/\\\/www.binauralmedia.org\\\/news\\\/arquivo\\\/category\\\/news\",\"nextItem\":{\"@type\":\"ListItem\",\"@id\":\"https:\\\/\\\/www.binauralmedia.org\\\/news\\\/arquivo\\\/11000#listItem\",\"name\":\"Binaural\\\/Nodar presente no Criativ&#8217;Arte organizado pelo Munic\\u00edpio de Oliveira de Frades\"},\"previousItem\":{\"@type\":\"ListItem\",\"@id\":\"https:\\\/\\\/www.binauralmedia.org\\\/news#listItem\",\"name\":\"Home\"}},{\"@type\":\"ListItem\",\"@id\":\"https:\\\/\\\/www.binauralmedia.org\\\/news\\\/arquivo\\\/11000#listItem\",\"position\":3,\"name\":\"Binaural\\\/Nodar presente no Criativ&#8217;Arte organizado pelo Munic\\u00edpio de Oliveira de Frades\",\"previousItem\":{\"@type\":\"ListItem\",\"@id\":\"https:\\\/\\\/www.binauralmedia.org\\\/news\\\/arquivo\\\/category\\\/news#listItem\",\"name\":\"Not\\u00edcias\"}}]},{\"@type\":\"Organization\",\"@id\":\"https:\\\/\\\/www.binauralmedia.org\\\/news\\\/#organization\",\"name\":\"binauralmedia.org\",\"description\":\"Rural Based Sound\\\/Media Arts & Social Research\",\"url\":\"https:\\\/\\\/www.binauralmedia.org\\\/news\\\/\"},{\"@type\":\"Person\",\"@id\":\"https:\\\/\\\/www.binauralmedia.org\\\/news\\\/arquivo\\\/author\\\/luiscosta#author\",\"url\":\"https:\\\/\\\/www.binauralmedia.org\\\/news\\\/arquivo\\\/author\\\/luiscosta\",\"name\":\"luiscosta\"},{\"@type\":\"WebPage\",\"@id\":\"https:\\\/\\\/www.binauralmedia.org\\\/news\\\/arquivo\\\/11000#webpage\",\"url\":\"https:\\\/\\\/www.binauralmedia.org\\\/news\\\/arquivo\\\/11000\",\"name\":\"Binaural\\\/Nodar presente no Criativ\\u2019Arte organizado pelo Munic\\u00edpio de Oliveira de Frades - binauralmedia.org\",\"description\":\"Com muito gosto a Binaural Nodar esteve hoje, 24 de mar\\u00e7o, presente no evento Criativ'Arte organizado pelo Munic\\u00edpio de Oliveira de Frades para celebrar o dia europeu da criatividade art\\u00edstica. Na ocasi\\u00e3o estivemos a divulgar o Arquivo Digital Binaural Nodar (http:\\\/\\\/www.archive.binauralmedia.org), um projeto de recolhas sonoras e videogr\\u00e1ficas da regi\\u00e3o de Viseu D\\u00e3o Laf\\u00f5es e zonas adjacentes integrado na\",\"inLanguage\":\"pt-PT\",\"isPartOf\":{\"@id\":\"https:\\\/\\\/www.binauralmedia.org\\\/news\\\/#website\"},\"breadcrumb\":{\"@id\":\"https:\\\/\\\/www.binauralmedia.org\\\/news\\\/arquivo\\\/11000#breadcrumblist\"},\"author\":{\"@id\":\"https:\\\/\\\/www.binauralmedia.org\\\/news\\\/arquivo\\\/author\\\/luiscosta#author\"},\"creator\":{\"@id\":\"https:\\\/\\\/www.binauralmedia.org\\\/news\\\/arquivo\\\/author\\\/luiscosta#author\"},\"image\":{\"@type\":\"ImageObject\",\"url\":\"https:\\\/\\\/www.binauralmedia.org\\\/news\\\/wp-content\\\/uploads\\\/54432511_2211733375540079_5592374128964272128_n-e1559301897806.jpg\",\"@id\":\"https:\\\/\\\/www.binauralmedia.org\\\/news\\\/arquivo\\\/11000\\\/#mainImage\",\"width\":912,\"height\":607},\"primaryImageOfPage\":{\"@id\":\"https:\\\/\\\/www.binauralmedia.org\\\/news\\\/arquivo\\\/11000#mainImage\"},\"datePublished\":\"2019-03-24T12:16:18+00:00\",\"dateModified\":\"2021-08-16T15:41:02+00:00\"},{\"@type\":\"WebSite\",\"@id\":\"https:\\\/\\\/www.binauralmedia.org\\\/news\\\/#website\",\"url\":\"https:\\\/\\\/www.binauralmedia.org\\\/news\\\/\",\"name\":\"binauralmedia.org\",\"description\":\"Rural Based Sound\\\/Media Arts & Social Research\",\"inLanguage\":\"pt-PT\",\"publisher\":{\"@id\":\"https:\\\/\\\/www.binauralmedia.org\\\/news\\\/#organization\"}}]}\n\t\t<\/script>\n\t\t<!-- All in One SEO -->\n\n","aioseo_head_json":{"title":"Binaural\/Nodar presente no Criativ\u2019Arte organizado pelo Munic\u00edpio de Oliveira de Frades - binauralmedia.org","description":"Com muito gosto a Binaural Nodar esteve hoje, 24 de mar\u00e7o, presente no evento Criativ'Arte organizado pelo Munic\u00edpio de Oliveira de Frades para celebrar o dia europeu da criatividade art\u00edstica. Na ocasi\u00e3o estivemos a divulgar o Arquivo Digital Binaural Nodar (http:\/\/www.archive.binauralmedia.org), um projeto de recolhas sonoras e videogr\u00e1ficas da regi\u00e3o de Viseu D\u00e3o Laf\u00f5es e zonas adjacentes integrado na","canonical_url":"https:\/\/www.binauralmedia.org\/news\/arquivo\/11000","robots":"max-image-preview:large","keywords":"","webmasterTools":{"miscellaneous":""},"schema":{"@context":"https:\/\/schema.org","@graph":[{"@type":"BlogPosting","@id":"https:\/\/www.binauralmedia.org\/news\/arquivo\/11000#blogposting","name":"Binaural\/Nodar presente no Criativ\u2019Arte organizado pelo Munic\u00edpio de Oliveira de Frades - binauralmedia.org","headline":"Binaural\/Nodar presente no Criativ&#8217;Arte organizado pelo Munic\u00edpio de Oliveira de Frades","author":{"@id":"https:\/\/www.binauralmedia.org\/news\/arquivo\/author\/luiscosta#author"},"publisher":{"@id":"https:\/\/www.binauralmedia.org\/news\/#organization"},"image":{"@type":"ImageObject","url":"https:\/\/www.binauralmedia.org\/news\/wp-content\/uploads\/54432511_2211733375540079_5592374128964272128_n-e1559301897806.jpg","width":912,"height":607},"datePublished":"2019-03-24T12:16:18+00:00","dateModified":"2021-08-16T15:41:02+00:00","inLanguage":"pt-PT","mainEntityOfPage":{"@id":"https:\/\/www.binauralmedia.org\/news\/arquivo\/11000#webpage"},"isPartOf":{"@id":"https:\/\/www.binauralmedia.org\/news\/arquivo\/11000#webpage"},"articleSection":"Etnografia Sonora e Visual, Not\u00edcias"},{"@type":"BreadcrumbList","@id":"https:\/\/www.binauralmedia.org\/news\/arquivo\/11000#breadcrumblist","itemListElement":[{"@type":"ListItem","@id":"https:\/\/www.binauralmedia.org\/news#listItem","position":1,"name":"Home","item":"https:\/\/www.binauralmedia.org\/news","nextItem":{"@type":"ListItem","@id":"https:\/\/www.binauralmedia.org\/news\/arquivo\/category\/news#listItem","name":"Not\u00edcias"}},{"@type":"ListItem","@id":"https:\/\/www.binauralmedia.org\/news\/arquivo\/category\/news#listItem","position":2,"name":"Not\u00edcias","item":"https:\/\/www.binauralmedia.org\/news\/arquivo\/category\/news","nextItem":{"@type":"ListItem","@id":"https:\/\/www.binauralmedia.org\/news\/arquivo\/11000#listItem","name":"Binaural\/Nodar presente no Criativ&#8217;Arte organizado pelo Munic\u00edpio de Oliveira de Frades"},"previousItem":{"@type":"ListItem","@id":"https:\/\/www.binauralmedia.org\/news#listItem","name":"Home"}},{"@type":"ListItem","@id":"https:\/\/www.binauralmedia.org\/news\/arquivo\/11000#listItem","position":3,"name":"Binaural\/Nodar presente no Criativ&#8217;Arte organizado pelo Munic\u00edpio de Oliveira de Frades","previousItem":{"@type":"ListItem","@id":"https:\/\/www.binauralmedia.org\/news\/arquivo\/category\/news#listItem","name":"Not\u00edcias"}}]},{"@type":"Organization","@id":"https:\/\/www.binauralmedia.org\/news\/#organization","name":"binauralmedia.org","description":"Rural Based Sound\/Media Arts & Social Research","url":"https:\/\/www.binauralmedia.org\/news\/"},{"@type":"Person","@id":"https:\/\/www.binauralmedia.org\/news\/arquivo\/author\/luiscosta#author","url":"https:\/\/www.binauralmedia.org\/news\/arquivo\/author\/luiscosta","name":"luiscosta"},{"@type":"WebPage","@id":"https:\/\/www.binauralmedia.org\/news\/arquivo\/11000#webpage","url":"https:\/\/www.binauralmedia.org\/news\/arquivo\/11000","name":"Binaural\/Nodar presente no Criativ\u2019Arte organizado pelo Munic\u00edpio de Oliveira de Frades - binauralmedia.org","description":"Com muito gosto a Binaural Nodar esteve hoje, 24 de mar\u00e7o, presente no evento Criativ'Arte organizado pelo Munic\u00edpio de Oliveira de Frades para celebrar o dia europeu da criatividade art\u00edstica. Na ocasi\u00e3o estivemos a divulgar o Arquivo Digital Binaural Nodar (http:\/\/www.archive.binauralmedia.org), um projeto de recolhas sonoras e videogr\u00e1ficas da regi\u00e3o de Viseu D\u00e3o Laf\u00f5es e zonas adjacentes integrado na","inLanguage":"pt-PT","isPartOf":{"@id":"https:\/\/www.binauralmedia.org\/news\/#website"},"breadcrumb":{"@id":"https:\/\/www.binauralmedia.org\/news\/arquivo\/11000#breadcrumblist"},"author":{"@id":"https:\/\/www.binauralmedia.org\/news\/arquivo\/author\/luiscosta#author"},"creator":{"@id":"https:\/\/www.binauralmedia.org\/news\/arquivo\/author\/luiscosta#author"},"image":{"@type":"ImageObject","url":"https:\/\/www.binauralmedia.org\/news\/wp-content\/uploads\/54432511_2211733375540079_5592374128964272128_n-e1559301897806.jpg","@id":"https:\/\/www.binauralmedia.org\/news\/arquivo\/11000\/#mainImage","width":912,"height":607},"primaryImageOfPage":{"@id":"https:\/\/www.binauralmedia.org\/news\/arquivo\/11000#mainImage"},"datePublished":"2019-03-24T12:16:18+00:00","dateModified":"2021-08-16T15:41:02+00:00"},{"@type":"WebSite","@id":"https:\/\/www.binauralmedia.org\/news\/#website","url":"https:\/\/www.binauralmedia.org\/news\/","name":"binauralmedia.org","description":"Rural Based Sound\/Media Arts & Social Research","inLanguage":"pt-PT","publisher":{"@id":"https:\/\/www.binauralmedia.org\/news\/#organization"}}]},"og:locale":"pt_PT","og:site_name":"binauralmedia.org - Rural Based Sound\/Media Arts &amp; Social Research","og:type":"article","og:title":"Binaural\/Nodar presente no Criativ\u2019Arte organizado pelo Munic\u00edpio de Oliveira de Frades - binauralmedia.org","og:description":"Com muito gosto a Binaural Nodar esteve hoje, 24 de mar\u00e7o, presente no evento Criativ'Arte organizado pelo Munic\u00edpio de Oliveira de Frades para celebrar o dia europeu da criatividade art\u00edstica. Na ocasi\u00e3o estivemos a divulgar o Arquivo Digital Binaural Nodar (http:\/\/www.archive.binauralmedia.org), um projeto de recolhas sonoras e videogr\u00e1ficas da regi\u00e3o de Viseu D\u00e3o Laf\u00f5es e zonas adjacentes integrado na","og:url":"https:\/\/www.binauralmedia.org\/news\/arquivo\/11000","article:published_time":"2019-03-24T12:16:18+00:00","article:modified_time":"2021-08-16T15:41:02+00:00","twitter:card":"summary_large_image","twitter:title":"Binaural\/Nodar presente no Criativ\u2019Arte organizado pelo Munic\u00edpio de Oliveira de Frades - binauralmedia.org","twitter:description":"Com muito gosto a Binaural Nodar esteve hoje, 24 de mar\u00e7o, presente no evento Criativ'Arte organizado pelo Munic\u00edpio de Oliveira de Frades para celebrar o dia europeu da criatividade art\u00edstica. Na ocasi\u00e3o estivemos a divulgar o Arquivo Digital Binaural Nodar (http:\/\/www.archive.binauralmedia.org), um projeto de recolhas sonoras e videogr\u00e1ficas da regi\u00e3o de Viseu D\u00e3o Laf\u00f5es e zonas adjacentes integrado na"},"aioseo_meta_data":{"post_id":"11000","title":null,"description":null,"keywords":null,"keyphrases":null,"primary_term":null,"canonical_url":null,"og_title":null,"og_description":null,"og_object_type":"default","og_image_type":"default","og_image_custom_url":null,"og_image_custom_fields":null,"og_image_url":null,"og_image_width":null,"og_image_height":null,"og_video":null,"og_custom_url":null,"og_article_section":null,"og_article_tags":null,"twitter_use_og":false,"twitter_card":"default","twitter_image_type":"default","twitter_image_custom_url":null,"twitter_image_custom_fields":null,"twitter_image_url":null,"twitter_title":null,"twitter_description":null,"schema_type":"default","schema_type_options":null,"schema":{"blockGraphs":[],"customGraphs":[],"default":{"data":{"Article":[],"Course":[],"Dataset":[],"FAQPage":[],"Movie":[],"Person":[],"Product":[],"ProductReview":[],"Car":[],"Recipe":[],"Service":[],"SoftwareApplication":[],"WebPage":[]},"graphName":"","isEnabled":true},"graphs":[]},"pillar_content":false,"robots_default":true,"robots_noindex":false,"robots_noarchive":false,"robots_nosnippet":false,"robots_nofollow":false,"robots_noimageindex":false,"robots_noodp":false,"robots_notranslate":false,"robots_max_snippet":null,"robots_max_videopreview":null,"robots_max_imagepreview":"large","priority":null,"frequency":null,"local_seo":null,"limit_modified_date":false,"ai":null,"breadcrumb_settings":null,"seo_analyzer_scan_date":null,"created":"2026-08-05 04:01:35","updated":"2026-08-05 04:01:35","focus_keyword":null,"additional_keywords":null,"truseo_locale":null},"aioseo_breadcrumb":"<div class=\"aioseo-breadcrumbs\"><span class=\"aioseo-breadcrumb\">\n\t\t\t<a href=\"https:\/\/www.binauralmedia.org\/news\" title=\"Home\">Home<\/a>\n\t\t<\/span><span class=\"aioseo-breadcrumb-separator\">&raquo;<\/span><span class=\"aioseo-breadcrumb\">\n\t\t\t<a href=\"https:\/\/www.binauralmedia.org\/news\/arquivo\/category\/news\" title=\"Not\u00edcias\">Not\u00edcias<\/a>\n\t\t<\/span><span class=\"aioseo-breadcrumb-separator\">&raquo;<\/span><span class=\"aioseo-breadcrumb\">\n\t\t\tBinaural\/Nodar presente no Criativ\u2019Arte organizado pelo Munic\u00edpio de Oliveira de Frades\n\t\t<\/span><\/div>","aioseo_breadcrumb_json":[{"label":"Home","link":"https:\/\/www.binauralmedia.org\/news"},{"label":"Not\u00edcias","link":"https:\/\/www.binauralmedia.org\/news\/arquivo\/category\/news"},{"label":"Binaural\/Nodar presente no Criativ&#8217;Arte organizado pelo Munic\u00edpio de Oliveira de Frades","link":"https:\/\/www.binauralmedia.org\/news\/arquivo\/11000"}],"_links":{"self":[{"href":"https:\/\/www.binauralmedia.org\/news\/wp-json\/wp\/v2\/posts\/11000","targetHints":{"allow":["GET"]}}],"collection":[{"href":"https:\/\/www.binauralmedia.org\/news\/wp-json\/wp\/v2\/posts"}],"about":[{"href":"https:\/\/www.binauralmedia.org\/news\/wp-json\/wp\/v2\/types\/post"}],"author":[{"embeddable":true,"href":"https:\/\/www.binauralmedia.org\/news\/wp-json\/wp\/v2\/users\/2"}],"replies":[{"embeddable":true,"href":"https:\/\/www.binauralmedia.org\/news\/wp-json\/wp\/v2\/comments?post=11000"}],"version-history":[{"count":2,"href":"https:\/\/www.binauralmedia.org\/news\/wp-json\/wp\/v2\/posts\/11000\/revisions"}],"predecessor-version":[{"id":13376,"href":"https:\/\/www.binauralmedia.org\/news\/wp-json\/wp\/v2\/posts\/11000\/revisions\/13376"}],"wp:featuredmedia":[{"embeddable":true,"href":"https:\/\/www.binauralmedia.org\/news\/wp-json\/wp\/v2\/media\/11001"}],"wp:attachment":[{"href":"https:\/\/www.binauralmedia.org\/news\/wp-json\/wp\/v2\/media?parent=11000"}],"wp:term":[{"taxonomy":"category","embeddable":true,"href":"https:\/\/www.binauralmedia.org\/news\/wp-json\/wp\/v2\/categories?post=11000"},{"taxonomy":"post_tag","embeddable":true,"href":"https:\/\/www.binauralmedia.org\/news\/wp-json\/wp\/v2\/tags?post=11000"}],"curies":[{"name":"wp","href":"https:\/\/api.w.org\/{rel}","templated":true}]}}