{"id":10993,"date":"2019-03-22T11:39:07","date_gmt":"2019-03-22T11:39:07","guid":{"rendered":"https:\/\/binauralmedia.org\/news\/?p=10993"},"modified":"2021-08-16T15:41:02","modified_gmt":"2021-08-16T15:41:02","slug":"segunda-sessao-de-lendas-sonoras-de-lafoes","status":"publish","type":"post","link":"https:\/\/www.binauralmedia.org\/news\/arquivo\/10993","title":{"rendered":"Segunda sess\u00e3o de Lendas Sonoras de Laf\u00f5es"},"content":{"rendered":"<p>Hoje 22 de mar\u00e7o, decorreu na Escola B\u00e1sica Integrada de Santa Cruz da Trapa (E.B.I de Santa Cruz da Trapa) a segunda sess\u00e3o de Lendas Sonoras de Laf\u00f5es, um projeto de resgate, sonoriza\u00e7\u00e3o e express\u00e3o de elementos da tradi\u00e7\u00e3o oral dos concelhos de Laf\u00f5es.<\/p>\n<p>Os alunos do Prof. Paulo Fernandes, guiados por\u00a0Luis Gomes da Costa leram e gravaram excertos de seis lendas do concelho de S\u00e3o Pedro do Sul: &#8220;A lenda do diabo&#8221;, &#8220;A cova da serpente&#8221;, &#8220;A estrada assombrada&#8221;, &#8220;A cabra e o lob<span class=\"text_exposed_show\">o&#8221;, &#8220;O morto que matou o vivo&#8221; e &#8220;A Senhora das colmeias&#8221;.<\/span><\/p>\n<div class=\"text_exposed_show\">\n<p>A estas leituras coletivas ser\u00e3o acrescentados elementos sonoros da paisagem a serem captados pelos alunos nas pr\u00f3ximas sess\u00f5es.<\/p>\n<p>Um muito obrigado ao Prof. Paulo Fernandes e ao Agrupamento de Escolas Santa Cruz da Trapa pela oportunidade.<\/p>\n<p><img decoding=\"async\" class=\"lazyload alignnone size-full wp-image-10997\" src=\"http:\/\/www.binauralmedia.org\/news\/\/wp-content\/uploads\/54523100_2208872832492800_8520180466232328192_n.jpg\" data-orig-src=\"http:\/\/www.binauralmedia.org\/news\/\/wp-content\/uploads\/54523100_2208872832492800_8520180466232328192_n.jpg\" alt=\"\" width=\"679\" height=\"960\" srcset=\"data:image\/svg+xml,%3Csvg%20xmlns%3D%27http%3A%2F%2Fwww.w3.org%2F2000%2Fsvg%27%20width%3D%27679%27%20height%3D%27960%27%20viewBox%3D%270%200%20679%20960%27%3E%3Crect%20width%3D%27679%27%20height%3D%27960%27%20fill-opacity%3D%220%22%2F%3E%3C%2Fsvg%3E\" data-srcset=\"https:\/\/www.binauralmedia.org\/news\/wp-content\/uploads\/54523100_2208872832492800_8520180466232328192_n-200x283.jpg 200w, https:\/\/www.binauralmedia.org\/news\/wp-content\/uploads\/54523100_2208872832492800_8520180466232328192_n-212x300.jpg 212w, https:\/\/www.binauralmedia.org\/news\/wp-content\/uploads\/54523100_2208872832492800_8520180466232328192_n-400x566.jpg 400w, https:\/\/www.binauralmedia.org\/news\/wp-content\/uploads\/54523100_2208872832492800_8520180466232328192_n-500x707.jpg 500w, https:\/\/www.binauralmedia.org\/news\/wp-content\/uploads\/54523100_2208872832492800_8520180466232328192_n-600x848.jpg 600w, https:\/\/www.binauralmedia.org\/news\/wp-content\/uploads\/54523100_2208872832492800_8520180466232328192_n.jpg 679w\" data-sizes=\"auto\" data-orig-sizes=\"(max-width: 679px) 100vw, 679px\" \/><\/p>\n<\/div>\n<p><img decoding=\"async\" class=\"lazyload alignnone size-full wp-image-10995\" src=\"http:\/\/www.binauralmedia.org\/news\/\/wp-content\/uploads\/54436235_2208872249159525_3538120541489594368_n.jpg\" data-orig-src=\"http:\/\/www.binauralmedia.org\/news\/\/wp-content\/uploads\/54436235_2208872249159525_3538120541489594368_n.jpg\" alt=\"\" width=\"960\" height=\"677\" srcset=\"data:image\/svg+xml,%3Csvg%20xmlns%3D%27http%3A%2F%2Fwww.w3.org%2F2000%2Fsvg%27%20width%3D%27960%27%20height%3D%27677%27%20viewBox%3D%270%200%20960%20677%27%3E%3Crect%20width%3D%27960%27%20height%3D%27677%27%20fill-opacity%3D%220%22%2F%3E%3C%2Fsvg%3E\" data-srcset=\"https:\/\/www.binauralmedia.org\/news\/wp-content\/uploads\/54436235_2208872249159525_3538120541489594368_n-200x141.jpg 200w, https:\/\/www.binauralmedia.org\/news\/wp-content\/uploads\/54436235_2208872249159525_3538120541489594368_n-400x282.jpg 400w, https:\/\/www.binauralmedia.org\/news\/wp-content\/uploads\/54436235_2208872249159525_3538120541489594368_n-425x300.jpg 425w, https:\/\/www.binauralmedia.org\/news\/wp-content\/uploads\/54436235_2208872249159525_3538120541489594368_n-500x353.jpg 500w, https:\/\/www.binauralmedia.org\/news\/wp-content\/uploads\/54436235_2208872249159525_3538120541489594368_n-600x423.jpg 600w, https:\/\/www.binauralmedia.org\/news\/wp-content\/uploads\/54436235_2208872249159525_3538120541489594368_n-768x542.jpg 768w, https:\/\/www.binauralmedia.org\/news\/wp-content\/uploads\/54436235_2208872249159525_3538120541489594368_n-800x564.jpg 800w, https:\/\/www.binauralmedia.org\/news\/wp-content\/uploads\/54436235_2208872249159525_3538120541489594368_n.jpg 960w\" data-sizes=\"auto\" data-orig-sizes=\"(max-width: 960px) 100vw, 960px\" \/> <img decoding=\"async\" class=\"lazyload alignnone size-full wp-image-10996\" src=\"http:\/\/www.binauralmedia.org\/news\/\/wp-content\/uploads\/54514617_2208872172492866_152170931815448576_n.jpg\" data-orig-src=\"http:\/\/www.binauralmedia.org\/news\/\/wp-content\/uploads\/54514617_2208872172492866_152170931815448576_n.jpg\" alt=\"\" width=\"960\" height=\"725\" srcset=\"data:image\/svg+xml,%3Csvg%20xmlns%3D%27http%3A%2F%2Fwww.w3.org%2F2000%2Fsvg%27%20width%3D%27960%27%20height%3D%27725%27%20viewBox%3D%270%200%20960%20725%27%3E%3Crect%20width%3D%27960%27%20height%3D%27725%27%20fill-opacity%3D%220%22%2F%3E%3C%2Fsvg%3E\" data-srcset=\"https:\/\/www.binauralmedia.org\/news\/wp-content\/uploads\/54514617_2208872172492866_152170931815448576_n-121x91.jpg 121w, https:\/\/www.binauralmedia.org\/news\/wp-content\/uploads\/54514617_2208872172492866_152170931815448576_n-200x151.jpg 200w, https:\/\/www.binauralmedia.org\/news\/wp-content\/uploads\/54514617_2208872172492866_152170931815448576_n-397x300.jpg 397w, https:\/\/www.binauralmedia.org\/news\/wp-content\/uploads\/54514617_2208872172492866_152170931815448576_n-400x302.jpg 400w, https:\/\/www.binauralmedia.org\/news\/wp-content\/uploads\/54514617_2208872172492866_152170931815448576_n-500x378.jpg 500w, https:\/\/www.binauralmedia.org\/news\/wp-content\/uploads\/54514617_2208872172492866_152170931815448576_n-600x453.jpg 600w, https:\/\/www.binauralmedia.org\/news\/wp-content\/uploads\/54514617_2208872172492866_152170931815448576_n-768x580.jpg 768w, https:\/\/www.binauralmedia.org\/news\/wp-content\/uploads\/54514617_2208872172492866_152170931815448576_n-800x604.jpg 800w, https:\/\/www.binauralmedia.org\/news\/wp-content\/uploads\/54514617_2208872172492866_152170931815448576_n.jpg 960w\" data-sizes=\"auto\" data-orig-sizes=\"(max-width: 960px) 100vw, 960px\" \/> \u00a0<img decoding=\"async\" class=\"lazyload alignnone size-full wp-image-10998\" src=\"http:\/\/www.binauralmedia.org\/news\/\/wp-content\/uploads\/54728861_2208872125826204_2890525192210087936_n.jpg\" data-orig-src=\"http:\/\/www.binauralmedia.org\/news\/\/wp-content\/uploads\/54728861_2208872125826204_2890525192210087936_n.jpg\" alt=\"\" width=\"960\" height=\"540\" srcset=\"data:image\/svg+xml,%3Csvg%20xmlns%3D%27http%3A%2F%2Fwww.w3.org%2F2000%2Fsvg%27%20width%3D%27960%27%20height%3D%27540%27%20viewBox%3D%270%200%20960%20540%27%3E%3Crect%20width%3D%27960%27%20height%3D%27540%27%20fill-opacity%3D%220%22%2F%3E%3C%2Fsvg%3E\" data-srcset=\"https:\/\/www.binauralmedia.org\/news\/wp-content\/uploads\/54728861_2208872125826204_2890525192210087936_n-200x113.jpg 200w, https:\/\/www.binauralmedia.org\/news\/wp-content\/uploads\/54728861_2208872125826204_2890525192210087936_n-400x225.jpg 400w, https:\/\/www.binauralmedia.org\/news\/wp-content\/uploads\/54728861_2208872125826204_2890525192210087936_n-500x281.jpg 500w, https:\/\/www.binauralmedia.org\/news\/wp-content\/uploads\/54728861_2208872125826204_2890525192210087936_n-533x300.jpg 533w, https:\/\/www.binauralmedia.org\/news\/wp-content\/uploads\/54728861_2208872125826204_2890525192210087936_n-600x338.jpg 600w, https:\/\/www.binauralmedia.org\/news\/wp-content\/uploads\/54728861_2208872125826204_2890525192210087936_n-768x432.jpg 768w, https:\/\/www.binauralmedia.org\/news\/wp-content\/uploads\/54728861_2208872125826204_2890525192210087936_n-800x450.jpg 800w, https:\/\/www.binauralmedia.org\/news\/wp-content\/uploads\/54728861_2208872125826204_2890525192210087936_n.jpg 960w\" data-sizes=\"auto\" data-orig-sizes=\"(max-width: 960px) 100vw, 960px\" \/><\/p>\n","protected":false},"excerpt":{"rendered":"<p>Hoje 22 de mar\u00e7o, decorreu na Escola B\u00e1sica Integrada de  [&#8230;]<\/p>\n","protected":false},"author":2,"featured_media":10994,"comment_status":"closed","ping_status":"closed","sticky":false,"template":"","format":"standard","meta":{"_acf_changed":false,"_bbp_topic_count":0,"_bbp_reply_count":0,"_bbp_total_topic_count":0,"_bbp_total_reply_count":0,"_bbp_voice_count":0,"_bbp_anonymous_reply_count":0,"_bbp_topic_count_hidden":0,"_bbp_reply_count_hidden":0,"_bbp_forum_subforum_count":0,"footnotes":""},"categories":[1158,1,1159],"tags":[],"class_list":["post-10993","post","type-post","status-publish","format-standard","has-post-thumbnail","hentry","category-visual-sound-ethnograhpy","category-news","category-educational-programme"],"acf":[],"aioseo_notices":[],"aioseo_head":"\n\t\t<!-- All in One SEO 5.0.1.1 - aioseo.com -->\n\t<meta name=\"description\" content=\"Hoje 22 de mar\u00e7o, decorreu na Escola B\u00e1sica Integrada de Santa Cruz da Trapa (E.B.I de Santa Cruz da Trapa) a segunda sess\u00e3o de Lendas Sonoras de Laf\u00f5es, um projeto de resgate, sonoriza\u00e7\u00e3o e express\u00e3o de elementos da tradi\u00e7\u00e3o oral dos concelhos de Laf\u00f5es. Os alunos do Prof. Paulo Fernandes, guiados por Luis Gomes da Costa\" \/>\n\t<meta name=\"robots\" content=\"max-image-preview:large\" \/>\n\t<meta name=\"author\" content=\"luiscosta\"\/>\n\t<link rel=\"canonical\" href=\"https:\/\/www.binauralmedia.org\/news\/arquivo\/10993\" \/>\n\t<meta name=\"generator\" content=\"All in One SEO (AIOSEO) 5.0.1.1\" \/>\n\t\t<meta property=\"og:locale\" content=\"pt_PT\" \/>\n\t\t<meta property=\"og:site_name\" content=\"binauralmedia.org - Rural Based Sound\/Media Arts &amp; Social Research\" \/>\n\t\t<meta property=\"og:type\" content=\"article\" \/>\n\t\t<meta property=\"og:title\" content=\"Segunda sess\u00e3o de Lendas Sonoras de Laf\u00f5es - binauralmedia.org\" \/>\n\t\t<meta property=\"og:description\" content=\"Hoje 22 de mar\u00e7o, decorreu na Escola B\u00e1sica Integrada de Santa Cruz da Trapa (E.B.I de Santa Cruz da Trapa) a segunda sess\u00e3o de Lendas Sonoras de Laf\u00f5es, um projeto de resgate, sonoriza\u00e7\u00e3o e express\u00e3o de elementos da tradi\u00e7\u00e3o oral dos concelhos de Laf\u00f5es. Os alunos do Prof. Paulo Fernandes, guiados por Luis Gomes da Costa\" \/>\n\t\t<meta property=\"og:url\" content=\"https:\/\/www.binauralmedia.org\/news\/arquivo\/10993\" \/>\n\t\t<meta property=\"article:published_time\" content=\"2019-03-22T11:39:07+00:00\" \/>\n\t\t<meta property=\"article:modified_time\" content=\"2021-08-16T15:41:02+00:00\" \/>\n\t\t<meta name=\"twitter:card\" content=\"summary_large_image\" \/>\n\t\t<meta name=\"twitter:title\" content=\"Segunda sess\u00e3o de Lendas Sonoras de Laf\u00f5es - binauralmedia.org\" \/>\n\t\t<meta name=\"twitter:description\" content=\"Hoje 22 de mar\u00e7o, decorreu na Escola B\u00e1sica Integrada de Santa Cruz da Trapa (E.B.I de Santa Cruz da Trapa) a segunda sess\u00e3o de Lendas Sonoras de Laf\u00f5es, um projeto de resgate, sonoriza\u00e7\u00e3o e express\u00e3o de elementos da tradi\u00e7\u00e3o oral dos concelhos de Laf\u00f5es. Os alunos do Prof. Paulo Fernandes, guiados por Luis Gomes da Costa\" \/>\n\t\t<script type=\"application\/ld+json\" class=\"aioseo-schema\">\n\t\t\t{\"@context\":\"https:\\\/\\\/schema.org\",\"@graph\":[{\"@type\":\"BlogPosting\",\"@id\":\"https:\\\/\\\/www.binauralmedia.org\\\/news\\\/arquivo\\\/10993#blogposting\",\"name\":\"Segunda sess\\u00e3o de Lendas Sonoras de Laf\\u00f5es - binauralmedia.org\",\"headline\":\"Segunda sess\\u00e3o de Lendas Sonoras de Laf\\u00f5es\",\"author\":{\"@id\":\"https:\\\/\\\/www.binauralmedia.org\\\/news\\\/arquivo\\\/author\\\/luiscosta#author\"},\"publisher\":{\"@id\":\"https:\\\/\\\/www.binauralmedia.org\\\/news\\\/#organization\"},\"image\":{\"@type\":\"ImageObject\",\"url\":\"https:\\\/\\\/www.binauralmedia.org\\\/news\\\/wp-content\\\/uploads\\\/Capturar-23.jpg\",\"width\":312,\"height\":201},\"datePublished\":\"2019-03-22T11:39:07+00:00\",\"dateModified\":\"2021-08-16T15:41:02+00:00\",\"inLanguage\":\"pt-PT\",\"mainEntityOfPage\":{\"@id\":\"https:\\\/\\\/www.binauralmedia.org\\\/news\\\/arquivo\\\/10993#webpage\"},\"isPartOf\":{\"@id\":\"https:\\\/\\\/www.binauralmedia.org\\\/news\\\/arquivo\\\/10993#webpage\"},\"articleSection\":\"Etnografia Sonora e Visual, Not\\u00edcias, Programa Educativo\"},{\"@type\":\"BreadcrumbList\",\"@id\":\"https:\\\/\\\/www.binauralmedia.org\\\/news\\\/arquivo\\\/10993#breadcrumblist\",\"itemListElement\":[{\"@type\":\"ListItem\",\"@id\":\"https:\\\/\\\/www.binauralmedia.org\\\/news#listItem\",\"position\":1,\"name\":\"Home\",\"item\":\"https:\\\/\\\/www.binauralmedia.org\\\/news\",\"nextItem\":{\"@type\":\"ListItem\",\"@id\":\"https:\\\/\\\/www.binauralmedia.org\\\/news\\\/arquivo\\\/category\\\/news#listItem\",\"name\":\"Not\\u00edcias\"}},{\"@type\":\"ListItem\",\"@id\":\"https:\\\/\\\/www.binauralmedia.org\\\/news\\\/arquivo\\\/category\\\/news#listItem\",\"position\":2,\"name\":\"Not\\u00edcias\",\"item\":\"https:\\\/\\\/www.binauralmedia.org\\\/news\\\/arquivo\\\/category\\\/news\",\"nextItem\":{\"@type\":\"ListItem\",\"@id\":\"https:\\\/\\\/www.binauralmedia.org\\\/news\\\/arquivo\\\/10993#listItem\",\"name\":\"Segunda sess\\u00e3o de Lendas Sonoras de Laf\\u00f5es\"},\"previousItem\":{\"@type\":\"ListItem\",\"@id\":\"https:\\\/\\\/www.binauralmedia.org\\\/news#listItem\",\"name\":\"Home\"}},{\"@type\":\"ListItem\",\"@id\":\"https:\\\/\\\/www.binauralmedia.org\\\/news\\\/arquivo\\\/10993#listItem\",\"position\":3,\"name\":\"Segunda sess\\u00e3o de Lendas Sonoras de Laf\\u00f5es\",\"previousItem\":{\"@type\":\"ListItem\",\"@id\":\"https:\\\/\\\/www.binauralmedia.org\\\/news\\\/arquivo\\\/category\\\/news#listItem\",\"name\":\"Not\\u00edcias\"}}]},{\"@type\":\"Organization\",\"@id\":\"https:\\\/\\\/www.binauralmedia.org\\\/news\\\/#organization\",\"name\":\"binauralmedia.org\",\"description\":\"Rural Based Sound\\\/Media Arts & Social Research\",\"url\":\"https:\\\/\\\/www.binauralmedia.org\\\/news\\\/\"},{\"@type\":\"Person\",\"@id\":\"https:\\\/\\\/www.binauralmedia.org\\\/news\\\/arquivo\\\/author\\\/luiscosta#author\",\"url\":\"https:\\\/\\\/www.binauralmedia.org\\\/news\\\/arquivo\\\/author\\\/luiscosta\",\"name\":\"luiscosta\"},{\"@type\":\"WebPage\",\"@id\":\"https:\\\/\\\/www.binauralmedia.org\\\/news\\\/arquivo\\\/10993#webpage\",\"url\":\"https:\\\/\\\/www.binauralmedia.org\\\/news\\\/arquivo\\\/10993\",\"name\":\"Segunda sess\\u00e3o de Lendas Sonoras de Laf\\u00f5es - binauralmedia.org\",\"description\":\"Hoje 22 de mar\\u00e7o, decorreu na Escola B\\u00e1sica Integrada de Santa Cruz da Trapa (E.B.I de Santa Cruz da Trapa) a segunda sess\\u00e3o de Lendas Sonoras de Laf\\u00f5es, um projeto de resgate, sonoriza\\u00e7\\u00e3o e express\\u00e3o de elementos da tradi\\u00e7\\u00e3o oral dos concelhos de Laf\\u00f5es. Os alunos do Prof. Paulo Fernandes, guiados por Luis Gomes da Costa\",\"inLanguage\":\"pt-PT\",\"isPartOf\":{\"@id\":\"https:\\\/\\\/www.binauralmedia.org\\\/news\\\/#website\"},\"breadcrumb\":{\"@id\":\"https:\\\/\\\/www.binauralmedia.org\\\/news\\\/arquivo\\\/10993#breadcrumblist\"},\"author\":{\"@id\":\"https:\\\/\\\/www.binauralmedia.org\\\/news\\\/arquivo\\\/author\\\/luiscosta#author\"},\"creator\":{\"@id\":\"https:\\\/\\\/www.binauralmedia.org\\\/news\\\/arquivo\\\/author\\\/luiscosta#author\"},\"image\":{\"@type\":\"ImageObject\",\"url\":\"https:\\\/\\\/www.binauralmedia.org\\\/news\\\/wp-content\\\/uploads\\\/Capturar-23.jpg\",\"@id\":\"https:\\\/\\\/www.binauralmedia.org\\\/news\\\/arquivo\\\/10993\\\/#mainImage\",\"width\":312,\"height\":201},\"primaryImageOfPage\":{\"@id\":\"https:\\\/\\\/www.binauralmedia.org\\\/news\\\/arquivo\\\/10993#mainImage\"},\"datePublished\":\"2019-03-22T11:39:07+00:00\",\"dateModified\":\"2021-08-16T15:41:02+00:00\"},{\"@type\":\"WebSite\",\"@id\":\"https:\\\/\\\/www.binauralmedia.org\\\/news\\\/#website\",\"url\":\"https:\\\/\\\/www.binauralmedia.org\\\/news\\\/\",\"name\":\"binauralmedia.org\",\"description\":\"Rural Based Sound\\\/Media Arts & Social Research\",\"inLanguage\":\"pt-PT\",\"publisher\":{\"@id\":\"https:\\\/\\\/www.binauralmedia.org\\\/news\\\/#organization\"}}]}\n\t\t<\/script>\n\t\t<!-- All in One SEO -->\n\n","aioseo_head_json":{"title":"Segunda sess\u00e3o de Lendas Sonoras de Laf\u00f5es - binauralmedia.org","description":"Hoje 22 de mar\u00e7o, decorreu na Escola B\u00e1sica Integrada de Santa Cruz da Trapa (E.B.I de Santa Cruz da Trapa) a segunda sess\u00e3o de Lendas Sonoras de Laf\u00f5es, um projeto de resgate, sonoriza\u00e7\u00e3o e express\u00e3o de elementos da tradi\u00e7\u00e3o oral dos concelhos de Laf\u00f5es. Os alunos do Prof. Paulo Fernandes, guiados por Luis Gomes da Costa","canonical_url":"https:\/\/www.binauralmedia.org\/news\/arquivo\/10993","robots":"max-image-preview:large","keywords":"","webmasterTools":{"miscellaneous":""},"schema":{"@context":"https:\/\/schema.org","@graph":[{"@type":"BlogPosting","@id":"https:\/\/www.binauralmedia.org\/news\/arquivo\/10993#blogposting","name":"Segunda sess\u00e3o de Lendas Sonoras de Laf\u00f5es - binauralmedia.org","headline":"Segunda sess\u00e3o de Lendas Sonoras de Laf\u00f5es","author":{"@id":"https:\/\/www.binauralmedia.org\/news\/arquivo\/author\/luiscosta#author"},"publisher":{"@id":"https:\/\/www.binauralmedia.org\/news\/#organization"},"image":{"@type":"ImageObject","url":"https:\/\/www.binauralmedia.org\/news\/wp-content\/uploads\/Capturar-23.jpg","width":312,"height":201},"datePublished":"2019-03-22T11:39:07+00:00","dateModified":"2021-08-16T15:41:02+00:00","inLanguage":"pt-PT","mainEntityOfPage":{"@id":"https:\/\/www.binauralmedia.org\/news\/arquivo\/10993#webpage"},"isPartOf":{"@id":"https:\/\/www.binauralmedia.org\/news\/arquivo\/10993#webpage"},"articleSection":"Etnografia Sonora e Visual, Not\u00edcias, Programa Educativo"},{"@type":"BreadcrumbList","@id":"https:\/\/www.binauralmedia.org\/news\/arquivo\/10993#breadcrumblist","itemListElement":[{"@type":"ListItem","@id":"https:\/\/www.binauralmedia.org\/news#listItem","position":1,"name":"Home","item":"https:\/\/www.binauralmedia.org\/news","nextItem":{"@type":"ListItem","@id":"https:\/\/www.binauralmedia.org\/news\/arquivo\/category\/news#listItem","name":"Not\u00edcias"}},{"@type":"ListItem","@id":"https:\/\/www.binauralmedia.org\/news\/arquivo\/category\/news#listItem","position":2,"name":"Not\u00edcias","item":"https:\/\/www.binauralmedia.org\/news\/arquivo\/category\/news","nextItem":{"@type":"ListItem","@id":"https:\/\/www.binauralmedia.org\/news\/arquivo\/10993#listItem","name":"Segunda sess\u00e3o de Lendas Sonoras de Laf\u00f5es"},"previousItem":{"@type":"ListItem","@id":"https:\/\/www.binauralmedia.org\/news#listItem","name":"Home"}},{"@type":"ListItem","@id":"https:\/\/www.binauralmedia.org\/news\/arquivo\/10993#listItem","position":3,"name":"Segunda sess\u00e3o de Lendas Sonoras de Laf\u00f5es","previousItem":{"@type":"ListItem","@id":"https:\/\/www.binauralmedia.org\/news\/arquivo\/category\/news#listItem","name":"Not\u00edcias"}}]},{"@type":"Organization","@id":"https:\/\/www.binauralmedia.org\/news\/#organization","name":"binauralmedia.org","description":"Rural Based Sound\/Media Arts & Social Research","url":"https:\/\/www.binauralmedia.org\/news\/"},{"@type":"Person","@id":"https:\/\/www.binauralmedia.org\/news\/arquivo\/author\/luiscosta#author","url":"https:\/\/www.binauralmedia.org\/news\/arquivo\/author\/luiscosta","name":"luiscosta"},{"@type":"WebPage","@id":"https:\/\/www.binauralmedia.org\/news\/arquivo\/10993#webpage","url":"https:\/\/www.binauralmedia.org\/news\/arquivo\/10993","name":"Segunda sess\u00e3o de Lendas Sonoras de Laf\u00f5es - binauralmedia.org","description":"Hoje 22 de mar\u00e7o, decorreu na Escola B\u00e1sica Integrada de Santa Cruz da Trapa (E.B.I de Santa Cruz da Trapa) a segunda sess\u00e3o de Lendas Sonoras de Laf\u00f5es, um projeto de resgate, sonoriza\u00e7\u00e3o e express\u00e3o de elementos da tradi\u00e7\u00e3o oral dos concelhos de Laf\u00f5es. Os alunos do Prof. Paulo Fernandes, guiados por Luis Gomes da Costa","inLanguage":"pt-PT","isPartOf":{"@id":"https:\/\/www.binauralmedia.org\/news\/#website"},"breadcrumb":{"@id":"https:\/\/www.binauralmedia.org\/news\/arquivo\/10993#breadcrumblist"},"author":{"@id":"https:\/\/www.binauralmedia.org\/news\/arquivo\/author\/luiscosta#author"},"creator":{"@id":"https:\/\/www.binauralmedia.org\/news\/arquivo\/author\/luiscosta#author"},"image":{"@type":"ImageObject","url":"https:\/\/www.binauralmedia.org\/news\/wp-content\/uploads\/Capturar-23.jpg","@id":"https:\/\/www.binauralmedia.org\/news\/arquivo\/10993\/#mainImage","width":312,"height":201},"primaryImageOfPage":{"@id":"https:\/\/www.binauralmedia.org\/news\/arquivo\/10993#mainImage"},"datePublished":"2019-03-22T11:39:07+00:00","dateModified":"2021-08-16T15:41:02+00:00"},{"@type":"WebSite","@id":"https:\/\/www.binauralmedia.org\/news\/#website","url":"https:\/\/www.binauralmedia.org\/news\/","name":"binauralmedia.org","description":"Rural Based Sound\/Media Arts & Social Research","inLanguage":"pt-PT","publisher":{"@id":"https:\/\/www.binauralmedia.org\/news\/#organization"}}]},"og:locale":"pt_PT","og:site_name":"binauralmedia.org - Rural Based Sound\/Media Arts &amp; Social Research","og:type":"article","og:title":"Segunda sess\u00e3o de Lendas Sonoras de Laf\u00f5es - binauralmedia.org","og:description":"Hoje 22 de mar\u00e7o, decorreu na Escola B\u00e1sica Integrada de Santa Cruz da Trapa (E.B.I de Santa Cruz da Trapa) a segunda sess\u00e3o de Lendas Sonoras de Laf\u00f5es, um projeto de resgate, sonoriza\u00e7\u00e3o e express\u00e3o de elementos da tradi\u00e7\u00e3o oral dos concelhos de Laf\u00f5es. Os alunos do Prof. Paulo Fernandes, guiados por Luis Gomes da Costa","og:url":"https:\/\/www.binauralmedia.org\/news\/arquivo\/10993","article:published_time":"2019-03-22T11:39:07+00:00","article:modified_time":"2021-08-16T15:41:02+00:00","twitter:card":"summary_large_image","twitter:title":"Segunda sess\u00e3o de Lendas Sonoras de Laf\u00f5es - binauralmedia.org","twitter:description":"Hoje 22 de mar\u00e7o, decorreu na Escola B\u00e1sica Integrada de Santa Cruz da Trapa (E.B.I de Santa Cruz da Trapa) a segunda sess\u00e3o de Lendas Sonoras de Laf\u00f5es, um projeto de resgate, sonoriza\u00e7\u00e3o e express\u00e3o de elementos da tradi\u00e7\u00e3o oral dos concelhos de Laf\u00f5es. Os alunos do Prof. Paulo Fernandes, guiados por Luis Gomes da Costa"},"aioseo_meta_data":{"post_id":"10993","title":null,"description":null,"keywords":null,"keyphrases":null,"primary_term":null,"canonical_url":null,"og_title":null,"og_description":null,"og_object_type":"default","og_image_type":"default","og_image_custom_url":null,"og_image_custom_fields":null,"og_image_url":null,"og_image_width":null,"og_image_height":null,"og_video":null,"og_custom_url":null,"og_article_section":null,"og_article_tags":null,"twitter_use_og":false,"twitter_card":"default","twitter_image_type":"default","twitter_image_custom_url":null,"twitter_image_custom_fields":null,"twitter_image_url":null,"twitter_title":null,"twitter_description":null,"schema_type":"default","schema_type_options":null,"schema":{"blockGraphs":[],"customGraphs":[],"default":{"data":{"Article":[],"Course":[],"Dataset":[],"FAQPage":[],"Movie":[],"Person":[],"Product":[],"ProductReview":[],"Car":[],"Recipe":[],"Service":[],"SoftwareApplication":[],"WebPage":[]},"graphName":"","isEnabled":true},"graphs":[]},"pillar_content":false,"robots_default":true,"robots_noindex":false,"robots_noarchive":false,"robots_nosnippet":false,"robots_nofollow":false,"robots_noimageindex":false,"robots_noodp":false,"robots_notranslate":false,"robots_max_snippet":null,"robots_max_videopreview":null,"robots_max_imagepreview":"large","priority":null,"frequency":null,"local_seo":null,"limit_modified_date":false,"ai":null,"breadcrumb_settings":null,"seo_analyzer_scan_date":null,"created":"2026-08-05 04:01:35","updated":"2026-08-05 04:01:35","focus_keyword":null,"additional_keywords":null,"truseo_locale":null},"aioseo_breadcrumb":"<div class=\"aioseo-breadcrumbs\"><span class=\"aioseo-breadcrumb\">\n\t\t\t<a href=\"https:\/\/www.binauralmedia.org\/news\" title=\"Home\">Home<\/a>\n\t\t<\/span><span class=\"aioseo-breadcrumb-separator\">&raquo;<\/span><span class=\"aioseo-breadcrumb\">\n\t\t\t<a href=\"https:\/\/www.binauralmedia.org\/news\/arquivo\/category\/news\" title=\"Not\u00edcias\">Not\u00edcias<\/a>\n\t\t<\/span><span class=\"aioseo-breadcrumb-separator\">&raquo;<\/span><span class=\"aioseo-breadcrumb\">\n\t\t\tSegunda sess\u00e3o de Lendas Sonoras de Laf\u00f5es\n\t\t<\/span><\/div>","aioseo_breadcrumb_json":[{"label":"Home","link":"https:\/\/www.binauralmedia.org\/news"},{"label":"Not\u00edcias","link":"https:\/\/www.binauralmedia.org\/news\/arquivo\/category\/news"},{"label":"Segunda sess\u00e3o de Lendas Sonoras de Laf\u00f5es","link":"https:\/\/www.binauralmedia.org\/news\/arquivo\/10993"}],"_links":{"self":[{"href":"https:\/\/www.binauralmedia.org\/news\/wp-json\/wp\/v2\/posts\/10993","targetHints":{"allow":["GET"]}}],"collection":[{"href":"https:\/\/www.binauralmedia.org\/news\/wp-json\/wp\/v2\/posts"}],"about":[{"href":"https:\/\/www.binauralmedia.org\/news\/wp-json\/wp\/v2\/types\/post"}],"author":[{"embeddable":true,"href":"https:\/\/www.binauralmedia.org\/news\/wp-json\/wp\/v2\/users\/2"}],"replies":[{"embeddable":true,"href":"https:\/\/www.binauralmedia.org\/news\/wp-json\/wp\/v2\/comments?post=10993"}],"version-history":[{"count":2,"href":"https:\/\/www.binauralmedia.org\/news\/wp-json\/wp\/v2\/posts\/10993\/revisions"}],"predecessor-version":[{"id":13375,"href":"https:\/\/www.binauralmedia.org\/news\/wp-json\/wp\/v2\/posts\/10993\/revisions\/13375"}],"wp:featuredmedia":[{"embeddable":true,"href":"https:\/\/www.binauralmedia.org\/news\/wp-json\/wp\/v2\/media\/10994"}],"wp:attachment":[{"href":"https:\/\/www.binauralmedia.org\/news\/wp-json\/wp\/v2\/media?parent=10993"}],"wp:term":[{"taxonomy":"category","embeddable":true,"href":"https:\/\/www.binauralmedia.org\/news\/wp-json\/wp\/v2\/categories?post=10993"},{"taxonomy":"post_tag","embeddable":true,"href":"https:\/\/www.binauralmedia.org\/news\/wp-json\/wp\/v2\/tags?post=10993"}],"curies":[{"name":"wp","href":"https:\/\/api.w.org\/{rel}","templated":true}]}}