{"id":10972,"date":"2019-03-15T12:26:35","date_gmt":"2019-03-15T12:26:35","guid":{"rendered":"https:\/\/binauralmedia.org\/news\/?p=10972"},"modified":"2021-08-16T15:41:01","modified_gmt":"2021-08-16T15:41:01","slug":"rede-cultural-viseu-dao-lafoes-representada-pela-binaural-nodar-na-btl","status":"publish","type":"post","link":"https:\/\/www.binauralmedia.org\/news\/arquivo\/10972","title":{"rendered":"Rede Cultural Viseu D\u00e3o Laf\u00f5es representada pela Binaural\/Nodar na BTL"},"content":{"rendered":"<div id=\"js_xv\" class=\"_5pbx userContent _3576\" data-ft=\"{&quot;tn&quot;:&quot;K&quot;}\">\n<div id=\"id_5c94b98df2f8f0f67034202\" class=\"text_exposed_root text_exposed\">\n<p>A\u00a0Binaural Nodar\u00a0esteve hoje, 15 mar\u00e7o 2019, presente na\u00a0BTL Bolsa de Turismo de Lisboa\u00a0em representa\u00e7\u00e3o da\u00a0Rede Cultural Viseu D\u00e3o Laf\u00f5es para apresentar a estrat\u00e9gia de eventos culturais concebidos em estreita liga\u00e7\u00e3o com as comunidades e elementos patrimoniais do territ\u00f3rio da\u00a0Comunidade Intermunicipal Viseu D\u00e3o Laf\u00f5es.<\/p>\n<p>Luis Gomes da Costa\u00a0aproveitou parara elencar os v\u00e1rios eventos programados para 2019 como &#8220;Hist\u00f3rias que D\u00e3o para ver&#8221; do\u00a0Teatro Regional da Serra do Mont<span class=\"text_exposed_show\">emuro<\/span><span class=\"text_exposed_show\">, &#8220;O Presente de C\u00e9sar&#8221; do\u00a0Teatro Viriato, os cine-concertos do\u00a0Cine Clube de Viseu, &#8220;Imers\u00e3o Sonora Termal&#8221; e &#8220;Pontes Perenes sobre \u00c1guas Tempor\u00e1rias&#8221; da Binaural\/Nodar.<\/span><\/p>\n<div class=\"text_exposed_show\">\n<p>Muito obrigado a todos os presentes, nomeadamente \u00e0 equipa da CIMVDL e aos t\u00e9cnicos e vereadores dos executivos municipais com os quais a Binaural\/Nodar colabora como S\u00e3o Pedro do Sul, Castro Daire, Viseu e Penalva do Castelo.<\/p>\n<\/div>\n<p>&nbsp;<\/p>\n<\/div>\n<\/div>\n<div class=\"_3x-2\" data-ft=\"{&quot;tn&quot;:&quot;H&quot;}\">\n<div data-ft=\"{&quot;tn&quot;:&quot;H&quot;}\">\n<div class=\"mtm\">\n<div class=\"_2a2q _65sr\"><img decoding=\"async\" class=\"lazyload alignnone size-full wp-image-10973\" src=\"http:\/\/www.binauralmedia.org\/news\/\/wp-content\/uploads\/53761014_2198910113489072_4268337605411602432_n.jpg\" data-orig-src=\"http:\/\/www.binauralmedia.org\/news\/\/wp-content\/uploads\/53761014_2198910113489072_4268337605411602432_n.jpg\" alt=\"\" width=\"960\" height=\"720\" srcset=\"data:image\/svg+xml,%3Csvg%20xmlns%3D%27http%3A%2F%2Fwww.w3.org%2F2000%2Fsvg%27%20width%3D%27960%27%20height%3D%27720%27%20viewBox%3D%270%200%20960%20720%27%3E%3Crect%20width%3D%27960%27%20height%3D%27720%27%20fill-opacity%3D%220%22%2F%3E%3C%2Fsvg%3E\" data-srcset=\"https:\/\/www.binauralmedia.org\/news\/wp-content\/uploads\/53761014_2198910113489072_4268337605411602432_n-121x91.jpg 121w, https:\/\/www.binauralmedia.org\/news\/wp-content\/uploads\/53761014_2198910113489072_4268337605411602432_n-200x150.jpg 200w, https:\/\/www.binauralmedia.org\/news\/wp-content\/uploads\/53761014_2198910113489072_4268337605411602432_n-400x300.jpg 400w, https:\/\/www.binauralmedia.org\/news\/wp-content\/uploads\/53761014_2198910113489072_4268337605411602432_n-500x375.jpg 500w, https:\/\/www.binauralmedia.org\/news\/wp-content\/uploads\/53761014_2198910113489072_4268337605411602432_n-600x450.jpg 600w, https:\/\/www.binauralmedia.org\/news\/wp-content\/uploads\/53761014_2198910113489072_4268337605411602432_n-768x576.jpg 768w, https:\/\/www.binauralmedia.org\/news\/wp-content\/uploads\/53761014_2198910113489072_4268337605411602432_n-800x600.jpg 800w, https:\/\/www.binauralmedia.org\/news\/wp-content\/uploads\/53761014_2198910113489072_4268337605411602432_n.jpg 960w\" data-sizes=\"auto\" data-orig-sizes=\"(max-width: 960px) 100vw, 960px\" \/> <img decoding=\"async\" class=\"lazyload alignnone size-full wp-image-10974\" src=\"http:\/\/www.binauralmedia.org\/news\/\/wp-content\/uploads\/53814284_2198909973489086_988401446598737920_n.jpg\" data-orig-src=\"http:\/\/www.binauralmedia.org\/news\/\/wp-content\/uploads\/53814284_2198909973489086_988401446598737920_n.jpg\" alt=\"\" width=\"960\" height=\"720\" srcset=\"data:image\/svg+xml,%3Csvg%20xmlns%3D%27http%3A%2F%2Fwww.w3.org%2F2000%2Fsvg%27%20width%3D%27960%27%20height%3D%27720%27%20viewBox%3D%270%200%20960%20720%27%3E%3Crect%20width%3D%27960%27%20height%3D%27720%27%20fill-opacity%3D%220%22%2F%3E%3C%2Fsvg%3E\" data-srcset=\"https:\/\/www.binauralmedia.org\/news\/wp-content\/uploads\/53814284_2198909973489086_988401446598737920_n-121x91.jpg 121w, https:\/\/www.binauralmedia.org\/news\/wp-content\/uploads\/53814284_2198909973489086_988401446598737920_n-200x150.jpg 200w, https:\/\/www.binauralmedia.org\/news\/wp-content\/uploads\/53814284_2198909973489086_988401446598737920_n-400x300.jpg 400w, https:\/\/www.binauralmedia.org\/news\/wp-content\/uploads\/53814284_2198909973489086_988401446598737920_n-500x375.jpg 500w, https:\/\/www.binauralmedia.org\/news\/wp-content\/uploads\/53814284_2198909973489086_988401446598737920_n-600x450.jpg 600w, https:\/\/www.binauralmedia.org\/news\/wp-content\/uploads\/53814284_2198909973489086_988401446598737920_n-768x576.jpg 768w, https:\/\/www.binauralmedia.org\/news\/wp-content\/uploads\/53814284_2198909973489086_988401446598737920_n-800x600.jpg 800w, https:\/\/www.binauralmedia.org\/news\/wp-content\/uploads\/53814284_2198909973489086_988401446598737920_n.jpg 960w\" data-sizes=\"auto\" data-orig-sizes=\"(max-width: 960px) 100vw, 960px\" \/> <img decoding=\"async\" class=\"lazyload alignnone size-full wp-image-10975\" src=\"http:\/\/www.binauralmedia.org\/news\/\/wp-content\/uploads\/54257750_2198910006822416_4306353250006728704_n.jpg\" data-orig-src=\"http:\/\/www.binauralmedia.org\/news\/\/wp-content\/uploads\/54257750_2198910006822416_4306353250006728704_n.jpg\" alt=\"\" width=\"960\" height=\"720\" srcset=\"data:image\/svg+xml,%3Csvg%20xmlns%3D%27http%3A%2F%2Fwww.w3.org%2F2000%2Fsvg%27%20width%3D%27960%27%20height%3D%27720%27%20viewBox%3D%270%200%20960%20720%27%3E%3Crect%20width%3D%27960%27%20height%3D%27720%27%20fill-opacity%3D%220%22%2F%3E%3C%2Fsvg%3E\" data-srcset=\"https:\/\/www.binauralmedia.org\/news\/wp-content\/uploads\/54257750_2198910006822416_4306353250006728704_n-121x91.jpg 121w, https:\/\/www.binauralmedia.org\/news\/wp-content\/uploads\/54257750_2198910006822416_4306353250006728704_n-200x150.jpg 200w, https:\/\/www.binauralmedia.org\/news\/wp-content\/uploads\/54257750_2198910006822416_4306353250006728704_n-400x300.jpg 400w, https:\/\/www.binauralmedia.org\/news\/wp-content\/uploads\/54257750_2198910006822416_4306353250006728704_n-500x375.jpg 500w, https:\/\/www.binauralmedia.org\/news\/wp-content\/uploads\/54257750_2198910006822416_4306353250006728704_n-600x450.jpg 600w, https:\/\/www.binauralmedia.org\/news\/wp-content\/uploads\/54257750_2198910006822416_4306353250006728704_n-768x576.jpg 768w, https:\/\/www.binauralmedia.org\/news\/wp-content\/uploads\/54257750_2198910006822416_4306353250006728704_n-800x600.jpg 800w, https:\/\/www.binauralmedia.org\/news\/wp-content\/uploads\/54257750_2198910006822416_4306353250006728704_n.jpg 960w\" data-sizes=\"auto\" data-orig-sizes=\"(max-width: 960px) 100vw, 960px\" \/> <img decoding=\"async\" class=\"lazyload alignnone size-full wp-image-10976\" src=\"http:\/\/www.binauralmedia.org\/news\/\/wp-content\/uploads\/54517833_2198910046822412_1543561403086929920_n.jpg\" data-orig-src=\"http:\/\/www.binauralmedia.org\/news\/\/wp-content\/uploads\/54517833_2198910046822412_1543561403086929920_n.jpg\" alt=\"\" width=\"960\" height=\"720\" srcset=\"data:image\/svg+xml,%3Csvg%20xmlns%3D%27http%3A%2F%2Fwww.w3.org%2F2000%2Fsvg%27%20width%3D%27960%27%20height%3D%27720%27%20viewBox%3D%270%200%20960%20720%27%3E%3Crect%20width%3D%27960%27%20height%3D%27720%27%20fill-opacity%3D%220%22%2F%3E%3C%2Fsvg%3E\" data-srcset=\"https:\/\/www.binauralmedia.org\/news\/wp-content\/uploads\/54517833_2198910046822412_1543561403086929920_n-121x91.jpg 121w, https:\/\/www.binauralmedia.org\/news\/wp-content\/uploads\/54517833_2198910046822412_1543561403086929920_n-200x150.jpg 200w, https:\/\/www.binauralmedia.org\/news\/wp-content\/uploads\/54517833_2198910046822412_1543561403086929920_n-400x300.jpg 400w, https:\/\/www.binauralmedia.org\/news\/wp-content\/uploads\/54517833_2198910046822412_1543561403086929920_n-500x375.jpg 500w, https:\/\/www.binauralmedia.org\/news\/wp-content\/uploads\/54517833_2198910046822412_1543561403086929920_n-600x450.jpg 600w, https:\/\/www.binauralmedia.org\/news\/wp-content\/uploads\/54517833_2198910046822412_1543561403086929920_n-768x576.jpg 768w, https:\/\/www.binauralmedia.org\/news\/wp-content\/uploads\/54517833_2198910046822412_1543561403086929920_n-800x600.jpg 800w, https:\/\/www.binauralmedia.org\/news\/wp-content\/uploads\/54517833_2198910046822412_1543561403086929920_n.jpg 960w\" data-sizes=\"auto\" data-orig-sizes=\"(max-width: 960px) 100vw, 960px\" \/><\/div>\n<\/div>\n<\/div>\n<\/div>\n","protected":false},"excerpt":{"rendered":"<p>A\u00a0Binaural Nodar\u00a0esteve hoje, 15 mar\u00e7o 2019, presente na\u00a0BTL Bolsa de  [&#8230;]<\/p>\n","protected":false},"author":2,"featured_media":10977,"comment_status":"closed","ping_status":"closed","sticky":false,"template":"","format":"standard","meta":{"_acf_changed":false,"_bbp_topic_count":0,"_bbp_reply_count":0,"_bbp_total_topic_count":0,"_bbp_total_reply_count":0,"_bbp_voice_count":0,"_bbp_anonymous_reply_count":0,"_bbp_topic_count_hidden":0,"_bbp_reply_count_hidden":0,"_bbp_forum_subforum_count":0,"footnotes":""},"categories":[1161,1],"tags":[],"class_list":["post-10972","post","type-post","status-publish","format-standard","has-post-thumbnail","hentry","category-artistic-creations","category-news"],"acf":[],"aioseo_notices":[],"aioseo_head":"\n\t\t<!-- All in One SEO 5.0.1.1 - aioseo.com -->\n\t<meta name=\"description\" content=\"A Binaural Nodar esteve hoje, 15 mar\u00e7o 2019, presente na BTL Bolsa de Turismo de Lisboa em representa\u00e7\u00e3o da Rede Cultural Viseu D\u00e3o Laf\u00f5es para apresentar a estrat\u00e9gia de eventos culturais concebidos em estreita liga\u00e7\u00e3o com as comunidades e elementos patrimoniais do territ\u00f3rio da Comunidade Intermunicipal Viseu D\u00e3o Laf\u00f5es. Luis Gomes da Costa aproveitou parara elencar os v\u00e1rios eventos programados para 2019\" \/>\n\t<meta name=\"robots\" content=\"max-image-preview:large\" \/>\n\t<meta name=\"author\" content=\"luiscosta\"\/>\n\t<link rel=\"canonical\" href=\"https:\/\/www.binauralmedia.org\/news\/arquivo\/10972\" \/>\n\t<meta name=\"generator\" content=\"All in One SEO (AIOSEO) 5.0.1.1\" \/>\n\t\t<meta property=\"og:locale\" content=\"pt_PT\" \/>\n\t\t<meta property=\"og:site_name\" content=\"binauralmedia.org - Rural Based Sound\/Media Arts &amp; Social Research\" \/>\n\t\t<meta property=\"og:type\" content=\"article\" \/>\n\t\t<meta property=\"og:title\" content=\"Rede Cultural Viseu D\u00e3o Laf\u00f5es representada pela Binaural\/Nodar na BTL - binauralmedia.org\" \/>\n\t\t<meta property=\"og:description\" content=\"A Binaural Nodar esteve hoje, 15 mar\u00e7o 2019, presente na BTL Bolsa de Turismo de Lisboa em representa\u00e7\u00e3o da Rede Cultural Viseu D\u00e3o Laf\u00f5es para apresentar a estrat\u00e9gia de eventos culturais concebidos em estreita liga\u00e7\u00e3o com as comunidades e elementos patrimoniais do territ\u00f3rio da Comunidade Intermunicipal Viseu D\u00e3o Laf\u00f5es. Luis Gomes da Costa aproveitou parara elencar os v\u00e1rios eventos programados para 2019\" \/>\n\t\t<meta property=\"og:url\" content=\"https:\/\/www.binauralmedia.org\/news\/arquivo\/10972\" \/>\n\t\t<meta property=\"article:published_time\" content=\"2019-03-15T12:26:35+00:00\" \/>\n\t\t<meta property=\"article:modified_time\" content=\"2021-08-16T15:41:01+00:00\" \/>\n\t\t<meta name=\"twitter:card\" content=\"summary_large_image\" \/>\n\t\t<meta name=\"twitter:title\" content=\"Rede Cultural Viseu D\u00e3o Laf\u00f5es representada pela Binaural\/Nodar na BTL - binauralmedia.org\" \/>\n\t\t<meta name=\"twitter:description\" content=\"A Binaural Nodar esteve hoje, 15 mar\u00e7o 2019, presente na BTL Bolsa de Turismo de Lisboa em representa\u00e7\u00e3o da Rede Cultural Viseu D\u00e3o Laf\u00f5es para apresentar a estrat\u00e9gia de eventos culturais concebidos em estreita liga\u00e7\u00e3o com as comunidades e elementos patrimoniais do territ\u00f3rio da Comunidade Intermunicipal Viseu D\u00e3o Laf\u00f5es. Luis Gomes da Costa aproveitou parara elencar os v\u00e1rios eventos programados para 2019\" \/>\n\t\t<script type=\"application\/ld+json\" class=\"aioseo-schema\">\n\t\t\t{\"@context\":\"https:\\\/\\\/schema.org\",\"@graph\":[{\"@type\":\"BlogPosting\",\"@id\":\"https:\\\/\\\/www.binauralmedia.org\\\/news\\\/arquivo\\\/10972#blogposting\",\"name\":\"Rede Cultural Viseu D\\u00e3o Laf\\u00f5es representada pela Binaural\\\/Nodar na BTL - binauralmedia.org\",\"headline\":\"Rede Cultural Viseu D\\u00e3o Laf\\u00f5es representada pela Binaural\\\/Nodar na BTL\",\"author\":{\"@id\":\"https:\\\/\\\/www.binauralmedia.org\\\/news\\\/arquivo\\\/author\\\/luiscosta#author\"},\"publisher\":{\"@id\":\"https:\\\/\\\/www.binauralmedia.org\\\/news\\\/#organization\"},\"image\":{\"@type\":\"ImageObject\",\"url\":\"https:\\\/\\\/www.binauralmedia.org\\\/news\\\/wp-content\\\/uploads\\\/Capturar-20.jpg\",\"width\":461,\"height\":481},\"datePublished\":\"2019-03-15T12:26:35+00:00\",\"dateModified\":\"2021-08-16T15:41:01+00:00\",\"inLanguage\":\"pt-PT\",\"mainEntityOfPage\":{\"@id\":\"https:\\\/\\\/www.binauralmedia.org\\\/news\\\/arquivo\\\/10972#webpage\"},\"isPartOf\":{\"@id\":\"https:\\\/\\\/www.binauralmedia.org\\\/news\\\/arquivo\\\/10972#webpage\"},\"articleSection\":\"Cria\\u00e7\\u00f5es Art\\u00edsticas, Not\\u00edcias\"},{\"@type\":\"BreadcrumbList\",\"@id\":\"https:\\\/\\\/www.binauralmedia.org\\\/news\\\/arquivo\\\/10972#breadcrumblist\",\"itemListElement\":[{\"@type\":\"ListItem\",\"@id\":\"https:\\\/\\\/www.binauralmedia.org\\\/news#listItem\",\"position\":1,\"name\":\"Home\",\"item\":\"https:\\\/\\\/www.binauralmedia.org\\\/news\",\"nextItem\":{\"@type\":\"ListItem\",\"@id\":\"https:\\\/\\\/www.binauralmedia.org\\\/news\\\/arquivo\\\/category\\\/news#listItem\",\"name\":\"Not\\u00edcias\"}},{\"@type\":\"ListItem\",\"@id\":\"https:\\\/\\\/www.binauralmedia.org\\\/news\\\/arquivo\\\/category\\\/news#listItem\",\"position\":2,\"name\":\"Not\\u00edcias\",\"item\":\"https:\\\/\\\/www.binauralmedia.org\\\/news\\\/arquivo\\\/category\\\/news\",\"nextItem\":{\"@type\":\"ListItem\",\"@id\":\"https:\\\/\\\/www.binauralmedia.org\\\/news\\\/arquivo\\\/10972#listItem\",\"name\":\"Rede Cultural Viseu D\\u00e3o Laf\\u00f5es representada pela Binaural\\\/Nodar na BTL\"},\"previousItem\":{\"@type\":\"ListItem\",\"@id\":\"https:\\\/\\\/www.binauralmedia.org\\\/news#listItem\",\"name\":\"Home\"}},{\"@type\":\"ListItem\",\"@id\":\"https:\\\/\\\/www.binauralmedia.org\\\/news\\\/arquivo\\\/10972#listItem\",\"position\":3,\"name\":\"Rede Cultural Viseu D\\u00e3o Laf\\u00f5es representada pela Binaural\\\/Nodar na BTL\",\"previousItem\":{\"@type\":\"ListItem\",\"@id\":\"https:\\\/\\\/www.binauralmedia.org\\\/news\\\/arquivo\\\/category\\\/news#listItem\",\"name\":\"Not\\u00edcias\"}}]},{\"@type\":\"Organization\",\"@id\":\"https:\\\/\\\/www.binauralmedia.org\\\/news\\\/#organization\",\"name\":\"binauralmedia.org\",\"description\":\"Rural Based Sound\\\/Media Arts & Social Research\",\"url\":\"https:\\\/\\\/www.binauralmedia.org\\\/news\\\/\"},{\"@type\":\"Person\",\"@id\":\"https:\\\/\\\/www.binauralmedia.org\\\/news\\\/arquivo\\\/author\\\/luiscosta#author\",\"url\":\"https:\\\/\\\/www.binauralmedia.org\\\/news\\\/arquivo\\\/author\\\/luiscosta\",\"name\":\"luiscosta\"},{\"@type\":\"WebPage\",\"@id\":\"https:\\\/\\\/www.binauralmedia.org\\\/news\\\/arquivo\\\/10972#webpage\",\"url\":\"https:\\\/\\\/www.binauralmedia.org\\\/news\\\/arquivo\\\/10972\",\"name\":\"Rede Cultural Viseu D\\u00e3o Laf\\u00f5es representada pela Binaural\\\/Nodar na BTL - binauralmedia.org\",\"description\":\"A Binaural Nodar esteve hoje, 15 mar\\u00e7o 2019, presente na BTL Bolsa de Turismo de Lisboa em representa\\u00e7\\u00e3o da Rede Cultural Viseu D\\u00e3o Laf\\u00f5es para apresentar a estrat\\u00e9gia de eventos culturais concebidos em estreita liga\\u00e7\\u00e3o com as comunidades e elementos patrimoniais do territ\\u00f3rio da Comunidade Intermunicipal Viseu D\\u00e3o Laf\\u00f5es. Luis Gomes da Costa aproveitou parara elencar os v\\u00e1rios eventos programados para 2019\",\"inLanguage\":\"pt-PT\",\"isPartOf\":{\"@id\":\"https:\\\/\\\/www.binauralmedia.org\\\/news\\\/#website\"},\"breadcrumb\":{\"@id\":\"https:\\\/\\\/www.binauralmedia.org\\\/news\\\/arquivo\\\/10972#breadcrumblist\"},\"author\":{\"@id\":\"https:\\\/\\\/www.binauralmedia.org\\\/news\\\/arquivo\\\/author\\\/luiscosta#author\"},\"creator\":{\"@id\":\"https:\\\/\\\/www.binauralmedia.org\\\/news\\\/arquivo\\\/author\\\/luiscosta#author\"},\"image\":{\"@type\":\"ImageObject\",\"url\":\"https:\\\/\\\/www.binauralmedia.org\\\/news\\\/wp-content\\\/uploads\\\/Capturar-20.jpg\",\"@id\":\"https:\\\/\\\/www.binauralmedia.org\\\/news\\\/arquivo\\\/10972\\\/#mainImage\",\"width\":461,\"height\":481},\"primaryImageOfPage\":{\"@id\":\"https:\\\/\\\/www.binauralmedia.org\\\/news\\\/arquivo\\\/10972#mainImage\"},\"datePublished\":\"2019-03-15T12:26:35+00:00\",\"dateModified\":\"2021-08-16T15:41:01+00:00\"},{\"@type\":\"WebSite\",\"@id\":\"https:\\\/\\\/www.binauralmedia.org\\\/news\\\/#website\",\"url\":\"https:\\\/\\\/www.binauralmedia.org\\\/news\\\/\",\"name\":\"binauralmedia.org\",\"description\":\"Rural Based Sound\\\/Media Arts & Social Research\",\"inLanguage\":\"pt-PT\",\"publisher\":{\"@id\":\"https:\\\/\\\/www.binauralmedia.org\\\/news\\\/#organization\"}}]}\n\t\t<\/script>\n\t\t<!-- All in One SEO -->\n\n","aioseo_head_json":{"title":"Rede Cultural Viseu D\u00e3o Laf\u00f5es representada pela Binaural\/Nodar na BTL - binauralmedia.org","description":"A Binaural Nodar esteve hoje, 15 mar\u00e7o 2019, presente na BTL Bolsa de Turismo de Lisboa em representa\u00e7\u00e3o da Rede Cultural Viseu D\u00e3o Laf\u00f5es para apresentar a estrat\u00e9gia de eventos culturais concebidos em estreita liga\u00e7\u00e3o com as comunidades e elementos patrimoniais do territ\u00f3rio da Comunidade Intermunicipal Viseu D\u00e3o Laf\u00f5es. Luis Gomes da Costa aproveitou parara elencar os v\u00e1rios eventos programados para 2019","canonical_url":"https:\/\/www.binauralmedia.org\/news\/arquivo\/10972","robots":"max-image-preview:large","keywords":"","webmasterTools":{"miscellaneous":""},"schema":{"@context":"https:\/\/schema.org","@graph":[{"@type":"BlogPosting","@id":"https:\/\/www.binauralmedia.org\/news\/arquivo\/10972#blogposting","name":"Rede Cultural Viseu D\u00e3o Laf\u00f5es representada pela Binaural\/Nodar na BTL - binauralmedia.org","headline":"Rede Cultural Viseu D\u00e3o Laf\u00f5es representada pela Binaural\/Nodar na BTL","author":{"@id":"https:\/\/www.binauralmedia.org\/news\/arquivo\/author\/luiscosta#author"},"publisher":{"@id":"https:\/\/www.binauralmedia.org\/news\/#organization"},"image":{"@type":"ImageObject","url":"https:\/\/www.binauralmedia.org\/news\/wp-content\/uploads\/Capturar-20.jpg","width":461,"height":481},"datePublished":"2019-03-15T12:26:35+00:00","dateModified":"2021-08-16T15:41:01+00:00","inLanguage":"pt-PT","mainEntityOfPage":{"@id":"https:\/\/www.binauralmedia.org\/news\/arquivo\/10972#webpage"},"isPartOf":{"@id":"https:\/\/www.binauralmedia.org\/news\/arquivo\/10972#webpage"},"articleSection":"Cria\u00e7\u00f5es Art\u00edsticas, Not\u00edcias"},{"@type":"BreadcrumbList","@id":"https:\/\/www.binauralmedia.org\/news\/arquivo\/10972#breadcrumblist","itemListElement":[{"@type":"ListItem","@id":"https:\/\/www.binauralmedia.org\/news#listItem","position":1,"name":"Home","item":"https:\/\/www.binauralmedia.org\/news","nextItem":{"@type":"ListItem","@id":"https:\/\/www.binauralmedia.org\/news\/arquivo\/category\/news#listItem","name":"Not\u00edcias"}},{"@type":"ListItem","@id":"https:\/\/www.binauralmedia.org\/news\/arquivo\/category\/news#listItem","position":2,"name":"Not\u00edcias","item":"https:\/\/www.binauralmedia.org\/news\/arquivo\/category\/news","nextItem":{"@type":"ListItem","@id":"https:\/\/www.binauralmedia.org\/news\/arquivo\/10972#listItem","name":"Rede Cultural Viseu D\u00e3o Laf\u00f5es representada pela Binaural\/Nodar na BTL"},"previousItem":{"@type":"ListItem","@id":"https:\/\/www.binauralmedia.org\/news#listItem","name":"Home"}},{"@type":"ListItem","@id":"https:\/\/www.binauralmedia.org\/news\/arquivo\/10972#listItem","position":3,"name":"Rede Cultural Viseu D\u00e3o Laf\u00f5es representada pela Binaural\/Nodar na BTL","previousItem":{"@type":"ListItem","@id":"https:\/\/www.binauralmedia.org\/news\/arquivo\/category\/news#listItem","name":"Not\u00edcias"}}]},{"@type":"Organization","@id":"https:\/\/www.binauralmedia.org\/news\/#organization","name":"binauralmedia.org","description":"Rural Based Sound\/Media Arts & Social Research","url":"https:\/\/www.binauralmedia.org\/news\/"},{"@type":"Person","@id":"https:\/\/www.binauralmedia.org\/news\/arquivo\/author\/luiscosta#author","url":"https:\/\/www.binauralmedia.org\/news\/arquivo\/author\/luiscosta","name":"luiscosta"},{"@type":"WebPage","@id":"https:\/\/www.binauralmedia.org\/news\/arquivo\/10972#webpage","url":"https:\/\/www.binauralmedia.org\/news\/arquivo\/10972","name":"Rede Cultural Viseu D\u00e3o Laf\u00f5es representada pela Binaural\/Nodar na BTL - binauralmedia.org","description":"A Binaural Nodar esteve hoje, 15 mar\u00e7o 2019, presente na BTL Bolsa de Turismo de Lisboa em representa\u00e7\u00e3o da Rede Cultural Viseu D\u00e3o Laf\u00f5es para apresentar a estrat\u00e9gia de eventos culturais concebidos em estreita liga\u00e7\u00e3o com as comunidades e elementos patrimoniais do territ\u00f3rio da Comunidade Intermunicipal Viseu D\u00e3o Laf\u00f5es. Luis Gomes da Costa aproveitou parara elencar os v\u00e1rios eventos programados para 2019","inLanguage":"pt-PT","isPartOf":{"@id":"https:\/\/www.binauralmedia.org\/news\/#website"},"breadcrumb":{"@id":"https:\/\/www.binauralmedia.org\/news\/arquivo\/10972#breadcrumblist"},"author":{"@id":"https:\/\/www.binauralmedia.org\/news\/arquivo\/author\/luiscosta#author"},"creator":{"@id":"https:\/\/www.binauralmedia.org\/news\/arquivo\/author\/luiscosta#author"},"image":{"@type":"ImageObject","url":"https:\/\/www.binauralmedia.org\/news\/wp-content\/uploads\/Capturar-20.jpg","@id":"https:\/\/www.binauralmedia.org\/news\/arquivo\/10972\/#mainImage","width":461,"height":481},"primaryImageOfPage":{"@id":"https:\/\/www.binauralmedia.org\/news\/arquivo\/10972#mainImage"},"datePublished":"2019-03-15T12:26:35+00:00","dateModified":"2021-08-16T15:41:01+00:00"},{"@type":"WebSite","@id":"https:\/\/www.binauralmedia.org\/news\/#website","url":"https:\/\/www.binauralmedia.org\/news\/","name":"binauralmedia.org","description":"Rural Based Sound\/Media Arts & Social Research","inLanguage":"pt-PT","publisher":{"@id":"https:\/\/www.binauralmedia.org\/news\/#organization"}}]},"og:locale":"pt_PT","og:site_name":"binauralmedia.org - Rural Based Sound\/Media Arts &amp; Social Research","og:type":"article","og:title":"Rede Cultural Viseu D\u00e3o Laf\u00f5es representada pela Binaural\/Nodar na BTL - binauralmedia.org","og:description":"A Binaural Nodar esteve hoje, 15 mar\u00e7o 2019, presente na BTL Bolsa de Turismo de Lisboa em representa\u00e7\u00e3o da Rede Cultural Viseu D\u00e3o Laf\u00f5es para apresentar a estrat\u00e9gia de eventos culturais concebidos em estreita liga\u00e7\u00e3o com as comunidades e elementos patrimoniais do territ\u00f3rio da Comunidade Intermunicipal Viseu D\u00e3o Laf\u00f5es. Luis Gomes da Costa aproveitou parara elencar os v\u00e1rios eventos programados para 2019","og:url":"https:\/\/www.binauralmedia.org\/news\/arquivo\/10972","article:published_time":"2019-03-15T12:26:35+00:00","article:modified_time":"2021-08-16T15:41:01+00:00","twitter:card":"summary_large_image","twitter:title":"Rede Cultural Viseu D\u00e3o Laf\u00f5es representada pela Binaural\/Nodar na BTL - binauralmedia.org","twitter:description":"A Binaural Nodar esteve hoje, 15 mar\u00e7o 2019, presente na BTL Bolsa de Turismo de Lisboa em representa\u00e7\u00e3o da Rede Cultural Viseu D\u00e3o Laf\u00f5es para apresentar a estrat\u00e9gia de eventos culturais concebidos em estreita liga\u00e7\u00e3o com as comunidades e elementos patrimoniais do territ\u00f3rio da Comunidade Intermunicipal Viseu D\u00e3o Laf\u00f5es. Luis Gomes da Costa aproveitou parara elencar os v\u00e1rios eventos programados para 2019"},"aioseo_meta_data":{"post_id":"10972","title":null,"description":null,"keywords":null,"keyphrases":null,"primary_term":null,"canonical_url":null,"og_title":null,"og_description":null,"og_object_type":"default","og_image_type":"default","og_image_custom_url":null,"og_image_custom_fields":null,"og_image_url":null,"og_image_width":null,"og_image_height":null,"og_video":null,"og_custom_url":null,"og_article_section":null,"og_article_tags":null,"twitter_use_og":false,"twitter_card":"default","twitter_image_type":"default","twitter_image_custom_url":null,"twitter_image_custom_fields":null,"twitter_image_url":null,"twitter_title":null,"twitter_description":null,"schema_type":"default","schema_type_options":null,"schema":{"blockGraphs":[],"customGraphs":[],"default":{"data":{"Article":[],"Course":[],"Dataset":[],"FAQPage":[],"Movie":[],"Person":[],"Product":[],"ProductReview":[],"Car":[],"Recipe":[],"Service":[],"SoftwareApplication":[],"WebPage":[]},"graphName":"","isEnabled":true},"graphs":[]},"pillar_content":false,"robots_default":true,"robots_noindex":false,"robots_noarchive":false,"robots_nosnippet":false,"robots_nofollow":false,"robots_noimageindex":false,"robots_noodp":false,"robots_notranslate":false,"robots_max_snippet":null,"robots_max_videopreview":null,"robots_max_imagepreview":"large","priority":null,"frequency":null,"local_seo":null,"limit_modified_date":false,"ai":null,"breadcrumb_settings":null,"seo_analyzer_scan_date":null,"created":"2026-08-05 03:59:12","updated":"2026-08-05 03:59:12","focus_keyword":null,"additional_keywords":null,"truseo_locale":null},"aioseo_breadcrumb":"<div class=\"aioseo-breadcrumbs\"><span class=\"aioseo-breadcrumb\">\n\t\t\t<a href=\"https:\/\/www.binauralmedia.org\/news\" title=\"Home\">Home<\/a>\n\t\t<\/span><span class=\"aioseo-breadcrumb-separator\">&raquo;<\/span><span class=\"aioseo-breadcrumb\">\n\t\t\t<a href=\"https:\/\/www.binauralmedia.org\/news\/arquivo\/category\/news\" title=\"Not\u00edcias\">Not\u00edcias<\/a>\n\t\t<\/span><span class=\"aioseo-breadcrumb-separator\">&raquo;<\/span><span class=\"aioseo-breadcrumb\">\n\t\t\tRede Cultural Viseu D\u00e3o Laf\u00f5es representada pela Binaural\/Nodar na BTL\n\t\t<\/span><\/div>","aioseo_breadcrumb_json":[{"label":"Home","link":"https:\/\/www.binauralmedia.org\/news"},{"label":"Not\u00edcias","link":"https:\/\/www.binauralmedia.org\/news\/arquivo\/category\/news"},{"label":"Rede Cultural Viseu D\u00e3o Laf\u00f5es representada pela Binaural\/Nodar na BTL","link":"https:\/\/www.binauralmedia.org\/news\/arquivo\/10972"}],"_links":{"self":[{"href":"https:\/\/www.binauralmedia.org\/news\/wp-json\/wp\/v2\/posts\/10972","targetHints":{"allow":["GET"]}}],"collection":[{"href":"https:\/\/www.binauralmedia.org\/news\/wp-json\/wp\/v2\/posts"}],"about":[{"href":"https:\/\/www.binauralmedia.org\/news\/wp-json\/wp\/v2\/types\/post"}],"author":[{"embeddable":true,"href":"https:\/\/www.binauralmedia.org\/news\/wp-json\/wp\/v2\/users\/2"}],"replies":[{"embeddable":true,"href":"https:\/\/www.binauralmedia.org\/news\/wp-json\/wp\/v2\/comments?post=10972"}],"version-history":[{"count":2,"href":"https:\/\/www.binauralmedia.org\/news\/wp-json\/wp\/v2\/posts\/10972\/revisions"}],"predecessor-version":[{"id":13372,"href":"https:\/\/www.binauralmedia.org\/news\/wp-json\/wp\/v2\/posts\/10972\/revisions\/13372"}],"wp:featuredmedia":[{"embeddable":true,"href":"https:\/\/www.binauralmedia.org\/news\/wp-json\/wp\/v2\/media\/10977"}],"wp:attachment":[{"href":"https:\/\/www.binauralmedia.org\/news\/wp-json\/wp\/v2\/media?parent=10972"}],"wp:term":[{"taxonomy":"category","embeddable":true,"href":"https:\/\/www.binauralmedia.org\/news\/wp-json\/wp\/v2\/categories?post=10972"},{"taxonomy":"post_tag","embeddable":true,"href":"https:\/\/www.binauralmedia.org\/news\/wp-json\/wp\/v2\/tags?post=10972"}],"curies":[{"name":"wp","href":"https:\/\/api.w.org\/{rel}","templated":true}]}}