{"id":10923,"date":"2018-11-14T18:12:38","date_gmt":"2018-11-14T18:12:38","guid":{"rendered":"https:\/\/binauralmedia.org\/news\/?p=10923"},"modified":"2021-08-16T15:40:55","modified_gmt":"2021-08-16T15:40:55","slug":"binaural-nodar-presente-no-3o-encontro-do-grupo-de-investigacao-praticas-e-politicas-da-cultura-do-cria-centro-em-rede-de-investigacao-em-antropologia","status":"publish","type":"post","link":"https:\/\/www.binauralmedia.org\/news\/arquivo\/10923","title":{"rendered":"Binaural\/Nodar presente no 3\u00ba Encontro do Grupo de Investiga\u00e7\u00e3o Pr\u00e1ticas e Pol\u00edticas da Cultura do CRIA-Centro em Rede de Investiga\u00e7\u00e3o em Antropologia"},"content":{"rendered":"<div class=\"fusion-fullwidth fullwidth-box fusion-builder-row-1 nonhundred-percent-fullwidth non-hundred-percent-height-scrolling\" style=\"--awb-border-radius-top-left:0px;--awb-border-radius-top-right:0px;--awb-border-radius-bottom-right:0px;--awb-border-radius-bottom-left:0px;--awb-flex-wrap:wrap;\" ><div class=\"fusion-builder-row fusion-row\"><div class=\"fusion-layout-column fusion_builder_column fusion-builder-column-0 fusion_builder_column_1_1 1_1 fusion-one-full fusion-column-first fusion-column-last\" style=\"--awb-bg-size:cover;--awb-margin-bottom:0px;\"><div class=\"fusion-column-wrapper fusion-flex-column-wrapper-legacy\"><div class=\"fusion-text fusion-text-1\"><p>A\u00a0Binaural Nodar\u00a0estar\u00e1 presente no 3\u00ba Encontro do Grupo de Investiga\u00e7\u00e3o Pr\u00e1ticas e Pol\u00edticas da Cultura do\u00a0CRIA-Centro em Rede de Investiga\u00e7\u00e3o em Antropologia, este ano integrado nas atividades do\u00a0Ano Europeu do Patrim\u00f3nio Cultural 2018.<\/p>\n<p>O encontro \u00e9 realizado em parceria entre a Escola de Ci\u00eancias Sociais e Humanas do\u00a0ISCTE-IUL, o CRIA e a\u00a0Funda\u00e7\u00e3o para a Ci\u00eancia e a Tecnologia\u00a0e realiza-se no pr\u00f3ximo dia 22 de Novembro, entre as 10h00 e as 18h00, na Sala Sala B2.01 do P\u00f3lo<span class=\"text_exposed_show\">\u00a0Universit\u00e1rio do ISCTE-IUL na Av. das For\u00e7as Armadas em Lisboa.<\/span><\/p>\n<div class=\"text_exposed_show\">\n<p>A mesa redonda em que participar\u00e1 o coordenador da Binaural\/Nodar\u00a0Luis Gomes da Costa\u00a0intitula-se &#8220;Inventa\u0301rios em curso: patrimo\u0301nio, seus processos e desafios&#8221; e decorrer\u00e1 entre as 16h30 e as 18h00, contando tamb\u00e9m com a investigadora Carla Almeida da Universidade do Algarve e a modera\u00e7\u00e3o da investigadora Joana Lucas da Faculdade de Ci\u00eancias Sociais e Humanas da Universidade Nova de Lisboa.<\/p>\n<p>A interven\u00e7\u00e3o de Lu\u00eds Costa est\u00e1 relacionada com o projeto DA SERRA PARA A F\u00c1BRICA, o qual investiga mem\u00f3rias de migra\u00e7\u00f5es beir\u00e3s para a freguesia de Marvila ao longo do S\u00e9culo XX, fazendo parte do Projeto Europa Criativa &#8220;Where the city loses its name&#8221; que re\u00fane a pr\u00f3pria BInaural\/Nodar,\u00a0LaFundici\u00f3\u00a0(Catalunha\/Espanha) e\u00a0Fundatia Altart(Rom\u00e9nia), contando com a parceria acad\u00e9mica do curso de P\u00f3s-Gradua\u00e7\u00e3o em\u00a0Culturas Visuais Digitais\u00a0do ISCTE\/IUL e das parcerias com o Munic\u00edpio de Castro Daire,\u00a0Munic\u00edpio S\u00e3o Pedro do Sul,\u00a0Junta de Freguesia de Marvila\u00a0e\u00a0Casa Concelho Castro Daire\u00a0em Lisboa.<\/p>\n<p><span class=\"_5afx\"><span class=\"_58cl _5afz\" aria-label=\"hashtag\">#<\/span><span class=\"_58cm\">beyondformalcities<\/span><\/span>\u00a0<span class=\"_5afx\"><span class=\"_58cl _5afz\" aria-label=\"hashtag\">#<\/span><span class=\"_58cm\">EuropeforCulture<\/span><\/span>\u00a0<span class=\"_5afx\"><span class=\"_58cl _5afz\" aria-label=\"hashtag\">#<\/span><span class=\"_58cm\">beiroesemmarvila<\/span><\/span><\/p>\n<\/div>\n<p><img decoding=\"async\" class=\"lazyload alignnone size-full wp-image-10924\" src=\"http:\/\/www.binauralmedia.org\/news\/\/wp-content\/uploads\/46146059_2029711503742268_945815179411587072_n.jpg\" data-orig-src=\"http:\/\/www.binauralmedia.org\/news\/\/wp-content\/uploads\/46146059_2029711503742268_945815179411587072_n.jpg\" alt=\"\" width=\"679\" height=\"960\" srcset=\"data:image\/svg+xml,%3Csvg%20xmlns%3D%27http%3A%2F%2Fwww.w3.org%2F2000%2Fsvg%27%20width%3D%27679%27%20height%3D%27960%27%20viewBox%3D%270%200%20679%20960%27%3E%3Crect%20width%3D%27679%27%20height%3D%27960%27%20fill-opacity%3D%220%22%2F%3E%3C%2Fsvg%3E\" data-srcset=\"https:\/\/www.binauralmedia.org\/news\/wp-content\/uploads\/46146059_2029711503742268_945815179411587072_n-200x283.jpg 200w, https:\/\/www.binauralmedia.org\/news\/wp-content\/uploads\/46146059_2029711503742268_945815179411587072_n-212x300.jpg 212w, https:\/\/www.binauralmedia.org\/news\/wp-content\/uploads\/46146059_2029711503742268_945815179411587072_n-400x566.jpg 400w, https:\/\/www.binauralmedia.org\/news\/wp-content\/uploads\/46146059_2029711503742268_945815179411587072_n-500x707.jpg 500w, https:\/\/www.binauralmedia.org\/news\/wp-content\/uploads\/46146059_2029711503742268_945815179411587072_n-600x848.jpg 600w, https:\/\/www.binauralmedia.org\/news\/wp-content\/uploads\/46146059_2029711503742268_945815179411587072_n.jpg 679w\" data-sizes=\"auto\" data-orig-sizes=\"(max-width: 679px) 100vw, 679px\" \/><\/p>\n<div class=\"text_exposed_show\"><\/div>\n<\/div><div class=\"fusion-clearfix\"><\/div><\/div><\/div><\/div><\/div>\n","protected":false},"excerpt":{"rendered":"","protected":false},"author":2,"featured_media":10927,"comment_status":"closed","ping_status":"closed","sticky":false,"template":"","format":"standard","meta":{"_acf_changed":false,"_bbp_topic_count":0,"_bbp_reply_count":0,"_bbp_total_topic_count":0,"_bbp_total_reply_count":0,"_bbp_voice_count":0,"_bbp_anonymous_reply_count":0,"_bbp_topic_count_hidden":0,"_bbp_reply_count_hidden":0,"_bbp_forum_subforum_count":0,"footnotes":""},"categories":[1158,1],"tags":[],"class_list":["post-10923","post","type-post","status-publish","format-standard","has-post-thumbnail","hentry","category-visual-sound-ethnograhpy","category-news"],"acf":[],"aioseo_notices":[],"aioseo_head":"\n\t\t<!-- All in One SEO 5.0.1.1 - aioseo.com -->\n\t<meta name=\"robots\" content=\"max-image-preview:large\" \/>\n\t<meta name=\"author\" content=\"luiscosta\"\/>\n\t<link rel=\"canonical\" href=\"https:\/\/www.binauralmedia.org\/news\/arquivo\/10923\" \/>\n\t<meta name=\"generator\" content=\"All in One SEO (AIOSEO) 5.0.1.1\" \/>\n\t\t<meta property=\"og:locale\" content=\"pt_PT\" \/>\n\t\t<meta property=\"og:site_name\" content=\"binauralmedia.org - Rural Based Sound\/Media Arts &amp; Social Research\" \/>\n\t\t<meta property=\"og:type\" content=\"article\" \/>\n\t\t<meta property=\"og:title\" content=\"Binaural\/Nodar presente no 3\u00ba Encontro do Grupo de Investiga\u00e7\u00e3o Pr\u00e1ticas e Pol\u00edticas da Cultura do CRIA-Centro em Rede de Investiga\u00e7\u00e3o em Antropologia - binauralmedia.org\" \/>\n\t\t<meta property=\"og:url\" content=\"https:\/\/www.binauralmedia.org\/news\/arquivo\/10923\" \/>\n\t\t<meta property=\"article:published_time\" content=\"2018-11-14T18:12:38+00:00\" \/>\n\t\t<meta property=\"article:modified_time\" content=\"2021-08-16T15:40:55+00:00\" \/>\n\t\t<meta name=\"twitter:card\" content=\"summary_large_image\" \/>\n\t\t<meta name=\"twitter:title\" content=\"Binaural\/Nodar presente no 3\u00ba Encontro do Grupo de Investiga\u00e7\u00e3o Pr\u00e1ticas e Pol\u00edticas da Cultura do CRIA-Centro em Rede de Investiga\u00e7\u00e3o em Antropologia - binauralmedia.org\" \/>\n\t\t<script type=\"application\/ld+json\" class=\"aioseo-schema\">\n\t\t\t{\"@context\":\"https:\\\/\\\/schema.org\",\"@graph\":[{\"@type\":\"BlogPosting\",\"@id\":\"https:\\\/\\\/www.binauralmedia.org\\\/news\\\/arquivo\\\/10923#blogposting\",\"name\":\"Binaural\\\/Nodar presente no 3\\u00ba Encontro do Grupo de Investiga\\u00e7\\u00e3o Pr\\u00e1ticas e Pol\\u00edticas da Cultura do CRIA-Centro em Rede de Investiga\\u00e7\\u00e3o em Antropologia - binauralmedia.org\",\"headline\":\"Binaural\\\/Nodar presente no 3\\u00ba Encontro do Grupo de Investiga\\u00e7\\u00e3o Pr\\u00e1ticas e Pol\\u00edticas da Cultura do CRIA-Centro em Rede de Investiga\\u00e7\\u00e3o em Antropologia\",\"author\":{\"@id\":\"https:\\\/\\\/www.binauralmedia.org\\\/news\\\/arquivo\\\/author\\\/luiscosta#author\"},\"publisher\":{\"@id\":\"https:\\\/\\\/www.binauralmedia.org\\\/news\\\/#organization\"},\"image\":{\"@type\":\"ImageObject\",\"url\":\"https:\\\/\\\/www.binauralmedia.org\\\/news\\\/wp-content\\\/uploads\\\/Capturar-14.jpg\",\"width\":248,\"height\":261},\"datePublished\":\"2018-11-14T18:12:38+00:00\",\"dateModified\":\"2021-08-16T15:40:55+00:00\",\"inLanguage\":\"pt-PT\",\"mainEntityOfPage\":{\"@id\":\"https:\\\/\\\/www.binauralmedia.org\\\/news\\\/arquivo\\\/10923#webpage\"},\"isPartOf\":{\"@id\":\"https:\\\/\\\/www.binauralmedia.org\\\/news\\\/arquivo\\\/10923#webpage\"},\"articleSection\":\"Etnografia Sonora e Visual, Not\\u00edcias\"},{\"@type\":\"BreadcrumbList\",\"@id\":\"https:\\\/\\\/www.binauralmedia.org\\\/news\\\/arquivo\\\/10923#breadcrumblist\",\"itemListElement\":[{\"@type\":\"ListItem\",\"@id\":\"https:\\\/\\\/www.binauralmedia.org\\\/news#listItem\",\"position\":1,\"name\":\"Home\",\"item\":\"https:\\\/\\\/www.binauralmedia.org\\\/news\",\"nextItem\":{\"@type\":\"ListItem\",\"@id\":\"https:\\\/\\\/www.binauralmedia.org\\\/news\\\/arquivo\\\/category\\\/news#listItem\",\"name\":\"Not\\u00edcias\"}},{\"@type\":\"ListItem\",\"@id\":\"https:\\\/\\\/www.binauralmedia.org\\\/news\\\/arquivo\\\/category\\\/news#listItem\",\"position\":2,\"name\":\"Not\\u00edcias\",\"item\":\"https:\\\/\\\/www.binauralmedia.org\\\/news\\\/arquivo\\\/category\\\/news\",\"nextItem\":{\"@type\":\"ListItem\",\"@id\":\"https:\\\/\\\/www.binauralmedia.org\\\/news\\\/arquivo\\\/10923#listItem\",\"name\":\"Binaural\\\/Nodar presente no 3\\u00ba Encontro do Grupo de Investiga\\u00e7\\u00e3o Pr\\u00e1ticas e Pol\\u00edticas da Cultura do CRIA-Centro em Rede de Investiga\\u00e7\\u00e3o em Antropologia\"},\"previousItem\":{\"@type\":\"ListItem\",\"@id\":\"https:\\\/\\\/www.binauralmedia.org\\\/news#listItem\",\"name\":\"Home\"}},{\"@type\":\"ListItem\",\"@id\":\"https:\\\/\\\/www.binauralmedia.org\\\/news\\\/arquivo\\\/10923#listItem\",\"position\":3,\"name\":\"Binaural\\\/Nodar presente no 3\\u00ba Encontro do Grupo de Investiga\\u00e7\\u00e3o Pr\\u00e1ticas e Pol\\u00edticas da Cultura do CRIA-Centro em Rede de Investiga\\u00e7\\u00e3o em Antropologia\",\"previousItem\":{\"@type\":\"ListItem\",\"@id\":\"https:\\\/\\\/www.binauralmedia.org\\\/news\\\/arquivo\\\/category\\\/news#listItem\",\"name\":\"Not\\u00edcias\"}}]},{\"@type\":\"Organization\",\"@id\":\"https:\\\/\\\/www.binauralmedia.org\\\/news\\\/#organization\",\"name\":\"binauralmedia.org\",\"description\":\"Rural Based Sound\\\/Media Arts & Social Research\",\"url\":\"https:\\\/\\\/www.binauralmedia.org\\\/news\\\/\"},{\"@type\":\"Person\",\"@id\":\"https:\\\/\\\/www.binauralmedia.org\\\/news\\\/arquivo\\\/author\\\/luiscosta#author\",\"url\":\"https:\\\/\\\/www.binauralmedia.org\\\/news\\\/arquivo\\\/author\\\/luiscosta\",\"name\":\"luiscosta\"},{\"@type\":\"WebPage\",\"@id\":\"https:\\\/\\\/www.binauralmedia.org\\\/news\\\/arquivo\\\/10923#webpage\",\"url\":\"https:\\\/\\\/www.binauralmedia.org\\\/news\\\/arquivo\\\/10923\",\"name\":\"Binaural\\\/Nodar presente no 3\\u00ba Encontro do Grupo de Investiga\\u00e7\\u00e3o Pr\\u00e1ticas e Pol\\u00edticas da Cultura do CRIA-Centro em Rede de Investiga\\u00e7\\u00e3o em Antropologia - binauralmedia.org\",\"inLanguage\":\"pt-PT\",\"isPartOf\":{\"@id\":\"https:\\\/\\\/www.binauralmedia.org\\\/news\\\/#website\"},\"breadcrumb\":{\"@id\":\"https:\\\/\\\/www.binauralmedia.org\\\/news\\\/arquivo\\\/10923#breadcrumblist\"},\"author\":{\"@id\":\"https:\\\/\\\/www.binauralmedia.org\\\/news\\\/arquivo\\\/author\\\/luiscosta#author\"},\"creator\":{\"@id\":\"https:\\\/\\\/www.binauralmedia.org\\\/news\\\/arquivo\\\/author\\\/luiscosta#author\"},\"image\":{\"@type\":\"ImageObject\",\"url\":\"https:\\\/\\\/www.binauralmedia.org\\\/news\\\/wp-content\\\/uploads\\\/Capturar-14.jpg\",\"@id\":\"https:\\\/\\\/www.binauralmedia.org\\\/news\\\/arquivo\\\/10923\\\/#mainImage\",\"width\":248,\"height\":261},\"primaryImageOfPage\":{\"@id\":\"https:\\\/\\\/www.binauralmedia.org\\\/news\\\/arquivo\\\/10923#mainImage\"},\"datePublished\":\"2018-11-14T18:12:38+00:00\",\"dateModified\":\"2021-08-16T15:40:55+00:00\"},{\"@type\":\"WebSite\",\"@id\":\"https:\\\/\\\/www.binauralmedia.org\\\/news\\\/#website\",\"url\":\"https:\\\/\\\/www.binauralmedia.org\\\/news\\\/\",\"name\":\"binauralmedia.org\",\"description\":\"Rural Based Sound\\\/Media Arts & Social Research\",\"inLanguage\":\"pt-PT\",\"publisher\":{\"@id\":\"https:\\\/\\\/www.binauralmedia.org\\\/news\\\/#organization\"}}]}\n\t\t<\/script>\n\t\t<!-- All in One SEO -->\n\n","aioseo_head_json":{"title":"Binaural\/Nodar presente no 3\u00ba Encontro do Grupo de Investiga\u00e7\u00e3o Pr\u00e1ticas e Pol\u00edticas da Cultura do CRIA-Centro em Rede de Investiga\u00e7\u00e3o em Antropologia - binauralmedia.org","description":"","canonical_url":"https:\/\/www.binauralmedia.org\/news\/arquivo\/10923","robots":"max-image-preview:large","keywords":"","webmasterTools":{"miscellaneous":""},"schema":{"@context":"https:\/\/schema.org","@graph":[{"@type":"BlogPosting","@id":"https:\/\/www.binauralmedia.org\/news\/arquivo\/10923#blogposting","name":"Binaural\/Nodar presente no 3\u00ba Encontro do Grupo de Investiga\u00e7\u00e3o Pr\u00e1ticas e Pol\u00edticas da Cultura do CRIA-Centro em Rede de Investiga\u00e7\u00e3o em Antropologia - binauralmedia.org","headline":"Binaural\/Nodar presente no 3\u00ba Encontro do Grupo de Investiga\u00e7\u00e3o Pr\u00e1ticas e Pol\u00edticas da Cultura do CRIA-Centro em Rede de Investiga\u00e7\u00e3o em Antropologia","author":{"@id":"https:\/\/www.binauralmedia.org\/news\/arquivo\/author\/luiscosta#author"},"publisher":{"@id":"https:\/\/www.binauralmedia.org\/news\/#organization"},"image":{"@type":"ImageObject","url":"https:\/\/www.binauralmedia.org\/news\/wp-content\/uploads\/Capturar-14.jpg","width":248,"height":261},"datePublished":"2018-11-14T18:12:38+00:00","dateModified":"2021-08-16T15:40:55+00:00","inLanguage":"pt-PT","mainEntityOfPage":{"@id":"https:\/\/www.binauralmedia.org\/news\/arquivo\/10923#webpage"},"isPartOf":{"@id":"https:\/\/www.binauralmedia.org\/news\/arquivo\/10923#webpage"},"articleSection":"Etnografia Sonora e Visual, Not\u00edcias"},{"@type":"BreadcrumbList","@id":"https:\/\/www.binauralmedia.org\/news\/arquivo\/10923#breadcrumblist","itemListElement":[{"@type":"ListItem","@id":"https:\/\/www.binauralmedia.org\/news#listItem","position":1,"name":"Home","item":"https:\/\/www.binauralmedia.org\/news","nextItem":{"@type":"ListItem","@id":"https:\/\/www.binauralmedia.org\/news\/arquivo\/category\/news#listItem","name":"Not\u00edcias"}},{"@type":"ListItem","@id":"https:\/\/www.binauralmedia.org\/news\/arquivo\/category\/news#listItem","position":2,"name":"Not\u00edcias","item":"https:\/\/www.binauralmedia.org\/news\/arquivo\/category\/news","nextItem":{"@type":"ListItem","@id":"https:\/\/www.binauralmedia.org\/news\/arquivo\/10923#listItem","name":"Binaural\/Nodar presente no 3\u00ba Encontro do Grupo de Investiga\u00e7\u00e3o Pr\u00e1ticas e Pol\u00edticas da Cultura do CRIA-Centro em Rede de Investiga\u00e7\u00e3o em Antropologia"},"previousItem":{"@type":"ListItem","@id":"https:\/\/www.binauralmedia.org\/news#listItem","name":"Home"}},{"@type":"ListItem","@id":"https:\/\/www.binauralmedia.org\/news\/arquivo\/10923#listItem","position":3,"name":"Binaural\/Nodar presente no 3\u00ba Encontro do Grupo de Investiga\u00e7\u00e3o Pr\u00e1ticas e Pol\u00edticas da Cultura do CRIA-Centro em Rede de Investiga\u00e7\u00e3o em Antropologia","previousItem":{"@type":"ListItem","@id":"https:\/\/www.binauralmedia.org\/news\/arquivo\/category\/news#listItem","name":"Not\u00edcias"}}]},{"@type":"Organization","@id":"https:\/\/www.binauralmedia.org\/news\/#organization","name":"binauralmedia.org","description":"Rural Based Sound\/Media Arts & Social Research","url":"https:\/\/www.binauralmedia.org\/news\/"},{"@type":"Person","@id":"https:\/\/www.binauralmedia.org\/news\/arquivo\/author\/luiscosta#author","url":"https:\/\/www.binauralmedia.org\/news\/arquivo\/author\/luiscosta","name":"luiscosta"},{"@type":"WebPage","@id":"https:\/\/www.binauralmedia.org\/news\/arquivo\/10923#webpage","url":"https:\/\/www.binauralmedia.org\/news\/arquivo\/10923","name":"Binaural\/Nodar presente no 3\u00ba Encontro do Grupo de Investiga\u00e7\u00e3o Pr\u00e1ticas e Pol\u00edticas da Cultura do CRIA-Centro em Rede de Investiga\u00e7\u00e3o em Antropologia - binauralmedia.org","inLanguage":"pt-PT","isPartOf":{"@id":"https:\/\/www.binauralmedia.org\/news\/#website"},"breadcrumb":{"@id":"https:\/\/www.binauralmedia.org\/news\/arquivo\/10923#breadcrumblist"},"author":{"@id":"https:\/\/www.binauralmedia.org\/news\/arquivo\/author\/luiscosta#author"},"creator":{"@id":"https:\/\/www.binauralmedia.org\/news\/arquivo\/author\/luiscosta#author"},"image":{"@type":"ImageObject","url":"https:\/\/www.binauralmedia.org\/news\/wp-content\/uploads\/Capturar-14.jpg","@id":"https:\/\/www.binauralmedia.org\/news\/arquivo\/10923\/#mainImage","width":248,"height":261},"primaryImageOfPage":{"@id":"https:\/\/www.binauralmedia.org\/news\/arquivo\/10923#mainImage"},"datePublished":"2018-11-14T18:12:38+00:00","dateModified":"2021-08-16T15:40:55+00:00"},{"@type":"WebSite","@id":"https:\/\/www.binauralmedia.org\/news\/#website","url":"https:\/\/www.binauralmedia.org\/news\/","name":"binauralmedia.org","description":"Rural Based Sound\/Media Arts & Social Research","inLanguage":"pt-PT","publisher":{"@id":"https:\/\/www.binauralmedia.org\/news\/#organization"}}]},"og:locale":"pt_PT","og:site_name":"binauralmedia.org - Rural Based Sound\/Media Arts &amp; Social Research","og:type":"article","og:title":"Binaural\/Nodar presente no 3\u00ba Encontro do Grupo de Investiga\u00e7\u00e3o Pr\u00e1ticas e Pol\u00edticas da Cultura do CRIA-Centro em Rede de Investiga\u00e7\u00e3o em Antropologia - binauralmedia.org","og:url":"https:\/\/www.binauralmedia.org\/news\/arquivo\/10923","article:published_time":"2018-11-14T18:12:38+00:00","article:modified_time":"2021-08-16T15:40:55+00:00","twitter:card":"summary_large_image","twitter:title":"Binaural\/Nodar presente no 3\u00ba Encontro do Grupo de Investiga\u00e7\u00e3o Pr\u00e1ticas e Pol\u00edticas da Cultura do CRIA-Centro em Rede de Investiga\u00e7\u00e3o em Antropologia - binauralmedia.org"},"aioseo_meta_data":{"post_id":"10923","title":null,"description":null,"keywords":null,"keyphrases":null,"primary_term":null,"canonical_url":null,"og_title":null,"og_description":null,"og_object_type":"default","og_image_type":"default","og_image_custom_url":null,"og_image_custom_fields":null,"og_image_url":null,"og_image_width":null,"og_image_height":null,"og_video":null,"og_custom_url":null,"og_article_section":null,"og_article_tags":null,"twitter_use_og":false,"twitter_card":"default","twitter_image_type":"default","twitter_image_custom_url":null,"twitter_image_custom_fields":null,"twitter_image_url":null,"twitter_title":null,"twitter_description":null,"schema_type":"default","schema_type_options":null,"schema":{"blockGraphs":[],"customGraphs":[],"default":{"data":{"Article":[],"Course":[],"Dataset":[],"FAQPage":[],"Movie":[],"Person":[],"Product":[],"ProductReview":[],"Car":[],"Recipe":[],"Service":[],"SoftwareApplication":[],"WebPage":[]},"graphName":"","isEnabled":true},"graphs":[]},"pillar_content":false,"robots_default":true,"robots_noindex":false,"robots_noarchive":false,"robots_nosnippet":false,"robots_nofollow":false,"robots_noimageindex":false,"robots_noodp":false,"robots_notranslate":false,"robots_max_snippet":null,"robots_max_videopreview":null,"robots_max_imagepreview":"large","priority":null,"frequency":null,"local_seo":null,"limit_modified_date":false,"ai":null,"breadcrumb_settings":null,"seo_analyzer_scan_date":null,"created":"2026-08-05 03:54:37","updated":"2026-08-05 03:54:37","focus_keyword":null,"additional_keywords":null,"truseo_locale":null},"aioseo_breadcrumb":"<div class=\"aioseo-breadcrumbs\"><span class=\"aioseo-breadcrumb\">\n\t\t\t<a href=\"https:\/\/www.binauralmedia.org\/news\" title=\"Home\">Home<\/a>\n\t\t<\/span><span class=\"aioseo-breadcrumb-separator\">&raquo;<\/span><span class=\"aioseo-breadcrumb\">\n\t\t\t<a href=\"https:\/\/www.binauralmedia.org\/news\/arquivo\/category\/news\" title=\"Not\u00edcias\">Not\u00edcias<\/a>\n\t\t<\/span><span class=\"aioseo-breadcrumb-separator\">&raquo;<\/span><span class=\"aioseo-breadcrumb\">\n\t\t\tBinaural\/Nodar presente no 3\u00ba Encontro do Grupo de Investiga\u00e7\u00e3o Pr\u00e1ticas e Pol\u00edticas da Cultura do CRIA-Centro em Rede de Investiga\u00e7\u00e3o em Antropologia\n\t\t<\/span><\/div>","aioseo_breadcrumb_json":[{"label":"Home","link":"https:\/\/www.binauralmedia.org\/news"},{"label":"Not\u00edcias","link":"https:\/\/www.binauralmedia.org\/news\/arquivo\/category\/news"},{"label":"Binaural\/Nodar presente no 3\u00ba Encontro do Grupo de Investiga\u00e7\u00e3o Pr\u00e1ticas e Pol\u00edticas da Cultura do CRIA-Centro em Rede de Investiga\u00e7\u00e3o em Antropologia","link":"https:\/\/www.binauralmedia.org\/news\/arquivo\/10923"}],"_links":{"self":[{"href":"https:\/\/www.binauralmedia.org\/news\/wp-json\/wp\/v2\/posts\/10923","targetHints":{"allow":["GET"]}}],"collection":[{"href":"https:\/\/www.binauralmedia.org\/news\/wp-json\/wp\/v2\/posts"}],"about":[{"href":"https:\/\/www.binauralmedia.org\/news\/wp-json\/wp\/v2\/types\/post"}],"author":[{"embeddable":true,"href":"https:\/\/www.binauralmedia.org\/news\/wp-json\/wp\/v2\/users\/2"}],"replies":[{"embeddable":true,"href":"https:\/\/www.binauralmedia.org\/news\/wp-json\/wp\/v2\/comments?post=10923"}],"version-history":[{"count":3,"href":"https:\/\/www.binauralmedia.org\/news\/wp-json\/wp\/v2\/posts\/10923\/revisions"}],"predecessor-version":[{"id":13362,"href":"https:\/\/www.binauralmedia.org\/news\/wp-json\/wp\/v2\/posts\/10923\/revisions\/13362"}],"wp:featuredmedia":[{"embeddable":true,"href":"https:\/\/www.binauralmedia.org\/news\/wp-json\/wp\/v2\/media\/10927"}],"wp:attachment":[{"href":"https:\/\/www.binauralmedia.org\/news\/wp-json\/wp\/v2\/media?parent=10923"}],"wp:term":[{"taxonomy":"category","embeddable":true,"href":"https:\/\/www.binauralmedia.org\/news\/wp-json\/wp\/v2\/categories?post=10923"},{"taxonomy":"post_tag","embeddable":true,"href":"https:\/\/www.binauralmedia.org\/news\/wp-json\/wp\/v2\/tags?post=10923"}],"curies":[{"name":"wp","href":"https:\/\/api.w.org\/{rel}","templated":true}]}}