{"id":10903,"date":"2018-11-10T16:46:50","date_gmt":"2018-11-10T15:46:50","guid":{"rendered":"https:\/\/binauralmedia.org\/news\/?p=10903"},"modified":"2021-08-16T15:40:54","modified_gmt":"2021-08-16T15:40:54","slug":"binaural-nodar-organiza-tertulias-com-comunidades-rurais-do-municipio-de-viseu","status":"publish","type":"post","link":"https:\/\/www.binauralmedia.org\/news\/arquivo\/10903","title":{"rendered":"Binaural Nodar organiza tert\u00falias com comunidades rurais do Munic\u00edpio de Viseu"},"content":{"rendered":"<p>O coordenador da\u00a0Binaural Nodar,\u00a0Luis Gomes da Costa\u00a0e o Presidente da Junta da\u00a0Freguesia de Bodiosa\u00a0(Munic\u00edpio de Viseu), Rui Ferreira, estiveram hoje na Associa\u00e7\u00e3o Folcl\u00f3rica, Cultural e Recreativa de Pereiras de Bodiosa numa das Tert\u00falias Viseu Rural 2.0, com vista a um aprofundamento do trabalho de recolhas a desenvolver no futuro imediato, em estreita parceria com a junta de freguesia, as associa\u00e7\u00f5es e as comunidades locais.<\/p>\n<p>Um bem-haja a todos os que nos receberam de forma calorosa e partilharam as tem\u00e1ticas relevantes da zona: as minas de volfr\u00e2mio e de estanho, a empresa Separadora de Bodiosa, a agricultura, a cria\u00e7\u00e3o de gado bovino e ovino, etc.<\/p>\n<p><img decoding=\"async\" class=\"lazyload alignnone size-full wp-image-10904\" src=\"http:\/\/www.binauralmedia.org\/news\/\/wp-content\/uploads\/45991344_2024929820887103_8124260674260959232_n.jpg\" data-orig-src=\"http:\/\/www.binauralmedia.org\/news\/\/wp-content\/uploads\/45991344_2024929820887103_8124260674260959232_n.jpg\" alt=\"\" width=\"679\" height=\"960\" srcset=\"data:image\/svg+xml,%3Csvg%20xmlns%3D%27http%3A%2F%2Fwww.w3.org%2F2000%2Fsvg%27%20width%3D%27679%27%20height%3D%27960%27%20viewBox%3D%270%200%20679%20960%27%3E%3Crect%20width%3D%27679%27%20height%3D%27960%27%20fill-opacity%3D%220%22%2F%3E%3C%2Fsvg%3E\" data-srcset=\"https:\/\/www.binauralmedia.org\/news\/wp-content\/uploads\/45991344_2024929820887103_8124260674260959232_n-200x283.jpg 200w, https:\/\/www.binauralmedia.org\/news\/wp-content\/uploads\/45991344_2024929820887103_8124260674260959232_n-212x300.jpg 212w, https:\/\/www.binauralmedia.org\/news\/wp-content\/uploads\/45991344_2024929820887103_8124260674260959232_n-400x566.jpg 400w, https:\/\/www.binauralmedia.org\/news\/wp-content\/uploads\/45991344_2024929820887103_8124260674260959232_n-500x707.jpg 500w, https:\/\/www.binauralmedia.org\/news\/wp-content\/uploads\/45991344_2024929820887103_8124260674260959232_n-600x848.jpg 600w, https:\/\/www.binauralmedia.org\/news\/wp-content\/uploads\/45991344_2024929820887103_8124260674260959232_n.jpg 679w\" data-sizes=\"auto\" data-orig-sizes=\"(max-width: 679px) 100vw, 679px\" \/><\/p>\n<p><img decoding=\"async\" class=\"lazyload alignnone size-full wp-image-10906\" src=\"http:\/\/www.binauralmedia.org\/news\/\/wp-content\/uploads\/45776543_2024942614219157_5643854500327325696_n.jpg\" data-orig-src=\"http:\/\/www.binauralmedia.org\/news\/\/wp-content\/uploads\/45776543_2024942614219157_5643854500327325696_n.jpg\" alt=\"\" width=\"960\" height=\"540\" srcset=\"data:image\/svg+xml,%3Csvg%20xmlns%3D%27http%3A%2F%2Fwww.w3.org%2F2000%2Fsvg%27%20width%3D%27960%27%20height%3D%27540%27%20viewBox%3D%270%200%20960%20540%27%3E%3Crect%20width%3D%27960%27%20height%3D%27540%27%20fill-opacity%3D%220%22%2F%3E%3C%2Fsvg%3E\" data-srcset=\"https:\/\/www.binauralmedia.org\/news\/wp-content\/uploads\/45776543_2024942614219157_5643854500327325696_n-200x113.jpg 200w, https:\/\/www.binauralmedia.org\/news\/wp-content\/uploads\/45776543_2024942614219157_5643854500327325696_n-400x225.jpg 400w, https:\/\/www.binauralmedia.org\/news\/wp-content\/uploads\/45776543_2024942614219157_5643854500327325696_n-500x281.jpg 500w, https:\/\/www.binauralmedia.org\/news\/wp-content\/uploads\/45776543_2024942614219157_5643854500327325696_n-533x300.jpg 533w, https:\/\/www.binauralmedia.org\/news\/wp-content\/uploads\/45776543_2024942614219157_5643854500327325696_n-600x338.jpg 600w, https:\/\/www.binauralmedia.org\/news\/wp-content\/uploads\/45776543_2024942614219157_5643854500327325696_n-768x432.jpg 768w, https:\/\/www.binauralmedia.org\/news\/wp-content\/uploads\/45776543_2024942614219157_5643854500327325696_n-800x450.jpg 800w, https:\/\/www.binauralmedia.org\/news\/wp-content\/uploads\/45776543_2024942614219157_5643854500327325696_n.jpg 960w\" data-sizes=\"auto\" data-orig-sizes=\"(max-width: 960px) 100vw, 960px\" \/> <img decoding=\"async\" class=\"lazyload alignnone size-full wp-image-10907\" src=\"http:\/\/www.binauralmedia.org\/news\/\/wp-content\/uploads\/45817980_2024942717552480_9005937599507857408_n.jpg\" data-orig-src=\"http:\/\/www.binauralmedia.org\/news\/\/wp-content\/uploads\/45817980_2024942717552480_9005937599507857408_n.jpg\" alt=\"\" width=\"960\" height=\"540\" srcset=\"data:image\/svg+xml,%3Csvg%20xmlns%3D%27http%3A%2F%2Fwww.w3.org%2F2000%2Fsvg%27%20width%3D%27960%27%20height%3D%27540%27%20viewBox%3D%270%200%20960%20540%27%3E%3Crect%20width%3D%27960%27%20height%3D%27540%27%20fill-opacity%3D%220%22%2F%3E%3C%2Fsvg%3E\" data-srcset=\"https:\/\/www.binauralmedia.org\/news\/wp-content\/uploads\/45817980_2024942717552480_9005937599507857408_n-200x113.jpg 200w, https:\/\/www.binauralmedia.org\/news\/wp-content\/uploads\/45817980_2024942717552480_9005937599507857408_n-400x225.jpg 400w, https:\/\/www.binauralmedia.org\/news\/wp-content\/uploads\/45817980_2024942717552480_9005937599507857408_n-500x281.jpg 500w, https:\/\/www.binauralmedia.org\/news\/wp-content\/uploads\/45817980_2024942717552480_9005937599507857408_n-533x300.jpg 533w, https:\/\/www.binauralmedia.org\/news\/wp-content\/uploads\/45817980_2024942717552480_9005937599507857408_n-600x338.jpg 600w, https:\/\/www.binauralmedia.org\/news\/wp-content\/uploads\/45817980_2024942717552480_9005937599507857408_n-768x432.jpg 768w, https:\/\/www.binauralmedia.org\/news\/wp-content\/uploads\/45817980_2024942717552480_9005937599507857408_n-800x450.jpg 800w, https:\/\/www.binauralmedia.org\/news\/wp-content\/uploads\/45817980_2024942717552480_9005937599507857408_n.jpg 960w\" data-sizes=\"auto\" data-orig-sizes=\"(max-width: 960px) 100vw, 960px\" \/> <img decoding=\"async\" class=\"lazyload alignnone size-full wp-image-10908\" src=\"http:\/\/www.binauralmedia.org\/news\/\/wp-content\/uploads\/45822179_2024942544219164_4643442817635450880_n.jpg\" data-orig-src=\"http:\/\/www.binauralmedia.org\/news\/\/wp-content\/uploads\/45822179_2024942544219164_4643442817635450880_n.jpg\" alt=\"\" width=\"960\" height=\"540\" srcset=\"data:image\/svg+xml,%3Csvg%20xmlns%3D%27http%3A%2F%2Fwww.w3.org%2F2000%2Fsvg%27%20width%3D%27960%27%20height%3D%27540%27%20viewBox%3D%270%200%20960%20540%27%3E%3Crect%20width%3D%27960%27%20height%3D%27540%27%20fill-opacity%3D%220%22%2F%3E%3C%2Fsvg%3E\" data-srcset=\"https:\/\/www.binauralmedia.org\/news\/wp-content\/uploads\/45822179_2024942544219164_4643442817635450880_n-200x113.jpg 200w, https:\/\/www.binauralmedia.org\/news\/wp-content\/uploads\/45822179_2024942544219164_4643442817635450880_n-400x225.jpg 400w, https:\/\/www.binauralmedia.org\/news\/wp-content\/uploads\/45822179_2024942544219164_4643442817635450880_n-500x281.jpg 500w, https:\/\/www.binauralmedia.org\/news\/wp-content\/uploads\/45822179_2024942544219164_4643442817635450880_n-533x300.jpg 533w, https:\/\/www.binauralmedia.org\/news\/wp-content\/uploads\/45822179_2024942544219164_4643442817635450880_n-600x338.jpg 600w, https:\/\/www.binauralmedia.org\/news\/wp-content\/uploads\/45822179_2024942544219164_4643442817635450880_n-768x432.jpg 768w, https:\/\/www.binauralmedia.org\/news\/wp-content\/uploads\/45822179_2024942544219164_4643442817635450880_n-800x450.jpg 800w, https:\/\/www.binauralmedia.org\/news\/wp-content\/uploads\/45822179_2024942544219164_4643442817635450880_n.jpg 960w\" data-sizes=\"auto\" data-orig-sizes=\"(max-width: 960px) 100vw, 960px\" \/><\/p>\n","protected":false},"excerpt":{"rendered":"<p>O coordenador da\u00a0Binaural Nodar,\u00a0Luis Gomes da Costa\u00a0e o Presidente da  [&#8230;]<\/p>\n","protected":false},"author":2,"featured_media":10905,"comment_status":"closed","ping_status":"closed","sticky":false,"template":"","format":"standard","meta":{"_acf_changed":false,"_bbp_topic_count":0,"_bbp_reply_count":0,"_bbp_total_topic_count":0,"_bbp_total_reply_count":0,"_bbp_voice_count":0,"_bbp_anonymous_reply_count":0,"_bbp_topic_count_hidden":0,"_bbp_reply_count_hidden":0,"_bbp_forum_subforum_count":0,"footnotes":""},"categories":[1],"tags":[],"class_list":["post-10903","post","type-post","status-publish","format-standard","has-post-thumbnail","hentry","category-news"],"acf":[],"aioseo_notices":[],"aioseo_head":"\n\t\t<!-- All in One SEO 5.0.1.1 - aioseo.com -->\n\t<meta name=\"description\" content=\"O coordenador da Binaural Nodar, Luis Gomes da Costa e o Presidente da Junta da Freguesia de Bodiosa (Munic\u00edpio de Viseu), Rui Ferreira, estiveram hoje na Associa\u00e7\u00e3o Folcl\u00f3rica, Cultural e Recreativa de Pereiras de Bodiosa numa das Tert\u00falias Viseu Rural 2.0, com vista a um aprofundamento do trabalho de recolhas a desenvolver no futuro imediato, em estreita parceria com a\" \/>\n\t<meta name=\"robots\" content=\"max-image-preview:large\" \/>\n\t<meta name=\"author\" content=\"luiscosta\"\/>\n\t<link rel=\"canonical\" href=\"https:\/\/www.binauralmedia.org\/news\/arquivo\/10903\" \/>\n\t<meta name=\"generator\" content=\"All in One SEO (AIOSEO) 5.0.1.1\" \/>\n\t\t<meta property=\"og:locale\" content=\"pt_PT\" \/>\n\t\t<meta property=\"og:site_name\" content=\"binauralmedia.org - Rural Based Sound\/Media Arts &amp; Social Research\" \/>\n\t\t<meta property=\"og:type\" content=\"article\" \/>\n\t\t<meta property=\"og:title\" content=\"Binaural Nodar organiza tert\u00falias com comunidades rurais do Munic\u00edpio de Viseu - binauralmedia.org\" \/>\n\t\t<meta property=\"og:description\" content=\"O coordenador da Binaural Nodar, Luis Gomes da Costa e o Presidente da Junta da Freguesia de Bodiosa (Munic\u00edpio de Viseu), Rui Ferreira, estiveram hoje na Associa\u00e7\u00e3o Folcl\u00f3rica, Cultural e Recreativa de Pereiras de Bodiosa numa das Tert\u00falias Viseu Rural 2.0, com vista a um aprofundamento do trabalho de recolhas a desenvolver no futuro imediato, em estreita parceria com a\" \/>\n\t\t<meta property=\"og:url\" content=\"https:\/\/www.binauralmedia.org\/news\/arquivo\/10903\" \/>\n\t\t<meta property=\"article:published_time\" content=\"2018-11-10T15:46:50+00:00\" \/>\n\t\t<meta property=\"article:modified_time\" content=\"2021-08-16T15:40:54+00:00\" \/>\n\t\t<meta name=\"twitter:card\" content=\"summary_large_image\" \/>\n\t\t<meta name=\"twitter:title\" content=\"Binaural Nodar organiza tert\u00falias com comunidades rurais do Munic\u00edpio de Viseu - binauralmedia.org\" \/>\n\t\t<meta name=\"twitter:description\" content=\"O coordenador da Binaural Nodar, Luis Gomes da Costa e o Presidente da Junta da Freguesia de Bodiosa (Munic\u00edpio de Viseu), Rui Ferreira, estiveram hoje na Associa\u00e7\u00e3o Folcl\u00f3rica, Cultural e Recreativa de Pereiras de Bodiosa numa das Tert\u00falias Viseu Rural 2.0, com vista a um aprofundamento do trabalho de recolhas a desenvolver no futuro imediato, em estreita parceria com a\" \/>\n\t\t<script type=\"application\/ld+json\" class=\"aioseo-schema\">\n\t\t\t{\"@context\":\"https:\\\/\\\/schema.org\",\"@graph\":[{\"@type\":\"BlogPosting\",\"@id\":\"https:\\\/\\\/www.binauralmedia.org\\\/news\\\/arquivo\\\/10903#blogposting\",\"name\":\"Binaural Nodar organiza tert\\u00falias com comunidades rurais do Munic\\u00edpio de Viseu - binauralmedia.org\",\"headline\":\"Binaural Nodar organiza tert\\u00falias com comunidades rurais do Munic\\u00edpio de Viseu\",\"author\":{\"@id\":\"https:\\\/\\\/www.binauralmedia.org\\\/news\\\/arquivo\\\/author\\\/luiscosta#author\"},\"publisher\":{\"@id\":\"https:\\\/\\\/www.binauralmedia.org\\\/news\\\/#organization\"},\"image\":{\"@type\":\"ImageObject\",\"url\":\"https:\\\/\\\/www.binauralmedia.org\\\/news\\\/wp-content\\\/uploads\\\/Capturar-10.jpg\",\"width\":420,\"height\":303},\"datePublished\":\"2018-11-10T16:46:50+00:00\",\"dateModified\":\"2021-08-16T15:40:54+00:00\",\"inLanguage\":\"pt-PT\",\"mainEntityOfPage\":{\"@id\":\"https:\\\/\\\/www.binauralmedia.org\\\/news\\\/arquivo\\\/10903#webpage\"},\"isPartOf\":{\"@id\":\"https:\\\/\\\/www.binauralmedia.org\\\/news\\\/arquivo\\\/10903#webpage\"},\"articleSection\":\"Not\\u00edcias\"},{\"@type\":\"BreadcrumbList\",\"@id\":\"https:\\\/\\\/www.binauralmedia.org\\\/news\\\/arquivo\\\/10903#breadcrumblist\",\"itemListElement\":[{\"@type\":\"ListItem\",\"@id\":\"https:\\\/\\\/www.binauralmedia.org\\\/news#listItem\",\"position\":1,\"name\":\"Home\",\"item\":\"https:\\\/\\\/www.binauralmedia.org\\\/news\",\"nextItem\":{\"@type\":\"ListItem\",\"@id\":\"https:\\\/\\\/www.binauralmedia.org\\\/news\\\/arquivo\\\/category\\\/news#listItem\",\"name\":\"Not\\u00edcias\"}},{\"@type\":\"ListItem\",\"@id\":\"https:\\\/\\\/www.binauralmedia.org\\\/news\\\/arquivo\\\/category\\\/news#listItem\",\"position\":2,\"name\":\"Not\\u00edcias\",\"item\":\"https:\\\/\\\/www.binauralmedia.org\\\/news\\\/arquivo\\\/category\\\/news\",\"nextItem\":{\"@type\":\"ListItem\",\"@id\":\"https:\\\/\\\/www.binauralmedia.org\\\/news\\\/arquivo\\\/10903#listItem\",\"name\":\"Binaural Nodar organiza tert\\u00falias com comunidades rurais do Munic\\u00edpio de Viseu\"},\"previousItem\":{\"@type\":\"ListItem\",\"@id\":\"https:\\\/\\\/www.binauralmedia.org\\\/news#listItem\",\"name\":\"Home\"}},{\"@type\":\"ListItem\",\"@id\":\"https:\\\/\\\/www.binauralmedia.org\\\/news\\\/arquivo\\\/10903#listItem\",\"position\":3,\"name\":\"Binaural Nodar organiza tert\\u00falias com comunidades rurais do Munic\\u00edpio de Viseu\",\"previousItem\":{\"@type\":\"ListItem\",\"@id\":\"https:\\\/\\\/www.binauralmedia.org\\\/news\\\/arquivo\\\/category\\\/news#listItem\",\"name\":\"Not\\u00edcias\"}}]},{\"@type\":\"Organization\",\"@id\":\"https:\\\/\\\/www.binauralmedia.org\\\/news\\\/#organization\",\"name\":\"binauralmedia.org\",\"description\":\"Rural Based Sound\\\/Media Arts & Social Research\",\"url\":\"https:\\\/\\\/www.binauralmedia.org\\\/news\\\/\"},{\"@type\":\"Person\",\"@id\":\"https:\\\/\\\/www.binauralmedia.org\\\/news\\\/arquivo\\\/author\\\/luiscosta#author\",\"url\":\"https:\\\/\\\/www.binauralmedia.org\\\/news\\\/arquivo\\\/author\\\/luiscosta\",\"name\":\"luiscosta\"},{\"@type\":\"WebPage\",\"@id\":\"https:\\\/\\\/www.binauralmedia.org\\\/news\\\/arquivo\\\/10903#webpage\",\"url\":\"https:\\\/\\\/www.binauralmedia.org\\\/news\\\/arquivo\\\/10903\",\"name\":\"Binaural Nodar organiza tert\\u00falias com comunidades rurais do Munic\\u00edpio de Viseu - binauralmedia.org\",\"description\":\"O coordenador da Binaural Nodar, Luis Gomes da Costa e o Presidente da Junta da Freguesia de Bodiosa (Munic\\u00edpio de Viseu), Rui Ferreira, estiveram hoje na Associa\\u00e7\\u00e3o Folcl\\u00f3rica, Cultural e Recreativa de Pereiras de Bodiosa numa das Tert\\u00falias Viseu Rural 2.0, com vista a um aprofundamento do trabalho de recolhas a desenvolver no futuro imediato, em estreita parceria com a\",\"inLanguage\":\"pt-PT\",\"isPartOf\":{\"@id\":\"https:\\\/\\\/www.binauralmedia.org\\\/news\\\/#website\"},\"breadcrumb\":{\"@id\":\"https:\\\/\\\/www.binauralmedia.org\\\/news\\\/arquivo\\\/10903#breadcrumblist\"},\"author\":{\"@id\":\"https:\\\/\\\/www.binauralmedia.org\\\/news\\\/arquivo\\\/author\\\/luiscosta#author\"},\"creator\":{\"@id\":\"https:\\\/\\\/www.binauralmedia.org\\\/news\\\/arquivo\\\/author\\\/luiscosta#author\"},\"image\":{\"@type\":\"ImageObject\",\"url\":\"https:\\\/\\\/www.binauralmedia.org\\\/news\\\/wp-content\\\/uploads\\\/Capturar-10.jpg\",\"@id\":\"https:\\\/\\\/www.binauralmedia.org\\\/news\\\/arquivo\\\/10903\\\/#mainImage\",\"width\":420,\"height\":303},\"primaryImageOfPage\":{\"@id\":\"https:\\\/\\\/www.binauralmedia.org\\\/news\\\/arquivo\\\/10903#mainImage\"},\"datePublished\":\"2018-11-10T16:46:50+00:00\",\"dateModified\":\"2021-08-16T15:40:54+00:00\"},{\"@type\":\"WebSite\",\"@id\":\"https:\\\/\\\/www.binauralmedia.org\\\/news\\\/#website\",\"url\":\"https:\\\/\\\/www.binauralmedia.org\\\/news\\\/\",\"name\":\"binauralmedia.org\",\"description\":\"Rural Based Sound\\\/Media Arts & Social Research\",\"inLanguage\":\"pt-PT\",\"publisher\":{\"@id\":\"https:\\\/\\\/www.binauralmedia.org\\\/news\\\/#organization\"}}]}\n\t\t<\/script>\n\t\t<!-- All in One SEO -->\n\n","aioseo_head_json":{"title":"Binaural Nodar organiza tert\u00falias com comunidades rurais do Munic\u00edpio de Viseu - binauralmedia.org","description":"O coordenador da Binaural Nodar, Luis Gomes da Costa e o Presidente da Junta da Freguesia de Bodiosa (Munic\u00edpio de Viseu), Rui Ferreira, estiveram hoje na Associa\u00e7\u00e3o Folcl\u00f3rica, Cultural e Recreativa de Pereiras de Bodiosa numa das Tert\u00falias Viseu Rural 2.0, com vista a um aprofundamento do trabalho de recolhas a desenvolver no futuro imediato, em estreita parceria com a","canonical_url":"https:\/\/www.binauralmedia.org\/news\/arquivo\/10903","robots":"max-image-preview:large","keywords":"","webmasterTools":{"miscellaneous":""},"schema":{"@context":"https:\/\/schema.org","@graph":[{"@type":"BlogPosting","@id":"https:\/\/www.binauralmedia.org\/news\/arquivo\/10903#blogposting","name":"Binaural Nodar organiza tert\u00falias com comunidades rurais do Munic\u00edpio de Viseu - binauralmedia.org","headline":"Binaural Nodar organiza tert\u00falias com comunidades rurais do Munic\u00edpio de Viseu","author":{"@id":"https:\/\/www.binauralmedia.org\/news\/arquivo\/author\/luiscosta#author"},"publisher":{"@id":"https:\/\/www.binauralmedia.org\/news\/#organization"},"image":{"@type":"ImageObject","url":"https:\/\/www.binauralmedia.org\/news\/wp-content\/uploads\/Capturar-10.jpg","width":420,"height":303},"datePublished":"2018-11-10T16:46:50+00:00","dateModified":"2021-08-16T15:40:54+00:00","inLanguage":"pt-PT","mainEntityOfPage":{"@id":"https:\/\/www.binauralmedia.org\/news\/arquivo\/10903#webpage"},"isPartOf":{"@id":"https:\/\/www.binauralmedia.org\/news\/arquivo\/10903#webpage"},"articleSection":"Not\u00edcias"},{"@type":"BreadcrumbList","@id":"https:\/\/www.binauralmedia.org\/news\/arquivo\/10903#breadcrumblist","itemListElement":[{"@type":"ListItem","@id":"https:\/\/www.binauralmedia.org\/news#listItem","position":1,"name":"Home","item":"https:\/\/www.binauralmedia.org\/news","nextItem":{"@type":"ListItem","@id":"https:\/\/www.binauralmedia.org\/news\/arquivo\/category\/news#listItem","name":"Not\u00edcias"}},{"@type":"ListItem","@id":"https:\/\/www.binauralmedia.org\/news\/arquivo\/category\/news#listItem","position":2,"name":"Not\u00edcias","item":"https:\/\/www.binauralmedia.org\/news\/arquivo\/category\/news","nextItem":{"@type":"ListItem","@id":"https:\/\/www.binauralmedia.org\/news\/arquivo\/10903#listItem","name":"Binaural Nodar organiza tert\u00falias com comunidades rurais do Munic\u00edpio de Viseu"},"previousItem":{"@type":"ListItem","@id":"https:\/\/www.binauralmedia.org\/news#listItem","name":"Home"}},{"@type":"ListItem","@id":"https:\/\/www.binauralmedia.org\/news\/arquivo\/10903#listItem","position":3,"name":"Binaural Nodar organiza tert\u00falias com comunidades rurais do Munic\u00edpio de Viseu","previousItem":{"@type":"ListItem","@id":"https:\/\/www.binauralmedia.org\/news\/arquivo\/category\/news#listItem","name":"Not\u00edcias"}}]},{"@type":"Organization","@id":"https:\/\/www.binauralmedia.org\/news\/#organization","name":"binauralmedia.org","description":"Rural Based Sound\/Media Arts & Social Research","url":"https:\/\/www.binauralmedia.org\/news\/"},{"@type":"Person","@id":"https:\/\/www.binauralmedia.org\/news\/arquivo\/author\/luiscosta#author","url":"https:\/\/www.binauralmedia.org\/news\/arquivo\/author\/luiscosta","name":"luiscosta"},{"@type":"WebPage","@id":"https:\/\/www.binauralmedia.org\/news\/arquivo\/10903#webpage","url":"https:\/\/www.binauralmedia.org\/news\/arquivo\/10903","name":"Binaural Nodar organiza tert\u00falias com comunidades rurais do Munic\u00edpio de Viseu - binauralmedia.org","description":"O coordenador da Binaural Nodar, Luis Gomes da Costa e o Presidente da Junta da Freguesia de Bodiosa (Munic\u00edpio de Viseu), Rui Ferreira, estiveram hoje na Associa\u00e7\u00e3o Folcl\u00f3rica, Cultural e Recreativa de Pereiras de Bodiosa numa das Tert\u00falias Viseu Rural 2.0, com vista a um aprofundamento do trabalho de recolhas a desenvolver no futuro imediato, em estreita parceria com a","inLanguage":"pt-PT","isPartOf":{"@id":"https:\/\/www.binauralmedia.org\/news\/#website"},"breadcrumb":{"@id":"https:\/\/www.binauralmedia.org\/news\/arquivo\/10903#breadcrumblist"},"author":{"@id":"https:\/\/www.binauralmedia.org\/news\/arquivo\/author\/luiscosta#author"},"creator":{"@id":"https:\/\/www.binauralmedia.org\/news\/arquivo\/author\/luiscosta#author"},"image":{"@type":"ImageObject","url":"https:\/\/www.binauralmedia.org\/news\/wp-content\/uploads\/Capturar-10.jpg","@id":"https:\/\/www.binauralmedia.org\/news\/arquivo\/10903\/#mainImage","width":420,"height":303},"primaryImageOfPage":{"@id":"https:\/\/www.binauralmedia.org\/news\/arquivo\/10903#mainImage"},"datePublished":"2018-11-10T16:46:50+00:00","dateModified":"2021-08-16T15:40:54+00:00"},{"@type":"WebSite","@id":"https:\/\/www.binauralmedia.org\/news\/#website","url":"https:\/\/www.binauralmedia.org\/news\/","name":"binauralmedia.org","description":"Rural Based Sound\/Media Arts & Social Research","inLanguage":"pt-PT","publisher":{"@id":"https:\/\/www.binauralmedia.org\/news\/#organization"}}]},"og:locale":"pt_PT","og:site_name":"binauralmedia.org - Rural Based Sound\/Media Arts &amp; Social Research","og:type":"article","og:title":"Binaural Nodar organiza tert\u00falias com comunidades rurais do Munic\u00edpio de Viseu - binauralmedia.org","og:description":"O coordenador da Binaural Nodar, Luis Gomes da Costa e o Presidente da Junta da Freguesia de Bodiosa (Munic\u00edpio de Viseu), Rui Ferreira, estiveram hoje na Associa\u00e7\u00e3o Folcl\u00f3rica, Cultural e Recreativa de Pereiras de Bodiosa numa das Tert\u00falias Viseu Rural 2.0, com vista a um aprofundamento do trabalho de recolhas a desenvolver no futuro imediato, em estreita parceria com a","og:url":"https:\/\/www.binauralmedia.org\/news\/arquivo\/10903","article:published_time":"2018-11-10T15:46:50+00:00","article:modified_time":"2021-08-16T15:40:54+00:00","twitter:card":"summary_large_image","twitter:title":"Binaural Nodar organiza tert\u00falias com comunidades rurais do Munic\u00edpio de Viseu - binauralmedia.org","twitter:description":"O coordenador da Binaural Nodar, Luis Gomes da Costa e o Presidente da Junta da Freguesia de Bodiosa (Munic\u00edpio de Viseu), Rui Ferreira, estiveram hoje na Associa\u00e7\u00e3o Folcl\u00f3rica, Cultural e Recreativa de Pereiras de Bodiosa numa das Tert\u00falias Viseu Rural 2.0, com vista a um aprofundamento do trabalho de recolhas a desenvolver no futuro imediato, em estreita parceria com a"},"aioseo_meta_data":{"post_id":"10903","title":null,"description":null,"keywords":null,"keyphrases":null,"primary_term":null,"canonical_url":null,"og_title":null,"og_description":null,"og_object_type":"default","og_image_type":"default","og_image_custom_url":null,"og_image_custom_fields":null,"og_image_url":null,"og_image_width":null,"og_image_height":null,"og_video":null,"og_custom_url":null,"og_article_section":null,"og_article_tags":null,"twitter_use_og":false,"twitter_card":"default","twitter_image_type":"default","twitter_image_custom_url":null,"twitter_image_custom_fields":null,"twitter_image_url":null,"twitter_title":null,"twitter_description":null,"schema_type":"default","schema_type_options":null,"schema":{"blockGraphs":[],"customGraphs":[],"default":{"data":{"Article":[],"Course":[],"Dataset":[],"FAQPage":[],"Movie":[],"Person":[],"Product":[],"ProductReview":[],"Car":[],"Recipe":[],"Service":[],"SoftwareApplication":[],"WebPage":[]},"graphName":"","isEnabled":true},"graphs":[]},"pillar_content":false,"robots_default":true,"robots_noindex":false,"robots_noarchive":false,"robots_nosnippet":false,"robots_nofollow":false,"robots_noimageindex":false,"robots_noodp":false,"robots_notranslate":false,"robots_max_snippet":null,"robots_max_videopreview":null,"robots_max_imagepreview":"large","priority":null,"frequency":null,"local_seo":null,"limit_modified_date":false,"ai":null,"breadcrumb_settings":null,"seo_analyzer_scan_date":null,"created":"2026-08-05 03:54:37","updated":"2026-08-05 03:54:37","focus_keyword":null,"additional_keywords":null,"truseo_locale":null},"aioseo_breadcrumb":"<div class=\"aioseo-breadcrumbs\"><span class=\"aioseo-breadcrumb\">\n\t\t\t<a href=\"https:\/\/www.binauralmedia.org\/news\" title=\"Home\">Home<\/a>\n\t\t<\/span><span class=\"aioseo-breadcrumb-separator\">&raquo;<\/span><span class=\"aioseo-breadcrumb\">\n\t\t\t<a href=\"https:\/\/www.binauralmedia.org\/news\/arquivo\/category\/news\" title=\"Not\u00edcias\">Not\u00edcias<\/a>\n\t\t<\/span><span class=\"aioseo-breadcrumb-separator\">&raquo;<\/span><span class=\"aioseo-breadcrumb\">\n\t\t\tBinaural Nodar organiza tert\u00falias com comunidades rurais do Munic\u00edpio de Viseu\n\t\t<\/span><\/div>","aioseo_breadcrumb_json":[{"label":"Home","link":"https:\/\/www.binauralmedia.org\/news"},{"label":"Not\u00edcias","link":"https:\/\/www.binauralmedia.org\/news\/arquivo\/category\/news"},{"label":"Binaural Nodar organiza tert\u00falias com comunidades rurais do Munic\u00edpio de Viseu","link":"https:\/\/www.binauralmedia.org\/news\/arquivo\/10903"}],"_links":{"self":[{"href":"https:\/\/www.binauralmedia.org\/news\/wp-json\/wp\/v2\/posts\/10903","targetHints":{"allow":["GET"]}}],"collection":[{"href":"https:\/\/www.binauralmedia.org\/news\/wp-json\/wp\/v2\/posts"}],"about":[{"href":"https:\/\/www.binauralmedia.org\/news\/wp-json\/wp\/v2\/types\/post"}],"author":[{"embeddable":true,"href":"https:\/\/www.binauralmedia.org\/news\/wp-json\/wp\/v2\/users\/2"}],"replies":[{"embeddable":true,"href":"https:\/\/www.binauralmedia.org\/news\/wp-json\/wp\/v2\/comments?post=10903"}],"version-history":[{"count":2,"href":"https:\/\/www.binauralmedia.org\/news\/wp-json\/wp\/v2\/posts\/10903\/revisions"}],"predecessor-version":[{"id":13360,"href":"https:\/\/www.binauralmedia.org\/news\/wp-json\/wp\/v2\/posts\/10903\/revisions\/13360"}],"wp:featuredmedia":[{"embeddable":true,"href":"https:\/\/www.binauralmedia.org\/news\/wp-json\/wp\/v2\/media\/10905"}],"wp:attachment":[{"href":"https:\/\/www.binauralmedia.org\/news\/wp-json\/wp\/v2\/media?parent=10903"}],"wp:term":[{"taxonomy":"category","embeddable":true,"href":"https:\/\/www.binauralmedia.org\/news\/wp-json\/wp\/v2\/categories?post=10903"},{"taxonomy":"post_tag","embeddable":true,"href":"https:\/\/www.binauralmedia.org\/news\/wp-json\/wp\/v2\/tags?post=10903"}],"curies":[{"name":"wp","href":"https:\/\/api.w.org\/{rel}","templated":true}]}}