{"id":10884,"date":"2018-10-24T10:39:49","date_gmt":"2018-10-24T10:39:49","guid":{"rendered":"https:\/\/binauralmedia.org\/news\/?p=10884"},"modified":"2021-08-16T15:40:53","modified_gmt":"2021-08-16T15:40:53","slug":"projeto-da-serra-para-a-fabrica-apresentado-no-iscte-iul","status":"publish","type":"post","link":"https:\/\/www.binauralmedia.org\/news\/arquivo\/10884","title":{"rendered":"Projeto &#8220;Da Serra para a F\u00e1brica&#8221; apresentado no ISCTE-IUL"},"content":{"rendered":"<p>Na pr\u00f3xima sexta-feira, 26\/10 pelas 18h00 a\u00a0Binaural Nodar\u00a0ir\u00e1 apresentar aos alunos do curso de P\u00f3s-Gradua\u00e7\u00e3o em Culturas Visuais Digitais do\u00a0ISCTE-IUL\u00a0o projeto DA SERRA PARA A F\u00c1BRICA integrado no Programa Europa Criativa associado ao\u00a0Ano Europeu do Patrim\u00f3nio Cultural 2018.<\/p>\n<p>DA SERRA PARA A F\u00c1BRICA resgata, documenta, une e expressa criativamente mem\u00f3rias das migra\u00e7\u00f5es para a zona oriental de Lisboa (Junta de Freguesia de Marvila) durante todo o s\u00e9culo XX, com a particula<span class=\"text_exposed_show\">ridade de a maioria dessa gente ser oriunda da Beira Alta, nomeadamente dos concelhos de Castro Daire e de S\u00e3o Pedro do Sul.<\/span><\/p>\n<div class=\"text_exposed_show\">\n<p>A apresenta\u00e7\u00e3o estar\u00e1 a cargo dos curadores do projeto,\u00a0Luis Gomes da Costa\u00a0e\u00a0Maile Costa Colbert, sendo que, no \u00e2mbito da parceria existente entre a Binaural\/Nodar e o Curso de P\u00f3s-Gradua\u00e7\u00e3o em\u00a0Culturas Visuais Digitais, ser\u00e1 proposto aos alunos um trabalho colaborativo baseado na produ\u00e7\u00e3o de arquivos abertos, em fluxos de trabalho partilhados e em processos de negocia\u00e7\u00e3o de alguns dos seus resultados criativos.<\/p>\n<p>O projeto faz parte da rede cultural Europeia &#8220;Where the city loses its name&#8221;, que tem como parceiros principais os espanh\u00f3is\/catal\u00e3es de\u00a0LaFundici\u00f3, os romenos da\u00a0Fundatia Altart\u00a0e os portugueses da Binaural\/Nodar e \u00e9 dedicada ao resgate de mem\u00f3rias de migra\u00e7\u00f5es para as periferias de cidades, enquanto contextos merecedores de aten\u00e7\u00e3o documental, criativa e comunit\u00e1ria.<\/p>\n<p><span class=\"_5afx\"><span class=\"_58cl _5afz\" aria-label=\"hashtag\">#<\/span><span class=\"_58cm\">beyondformalcities<\/span><\/span>\u00a0<span class=\"_5afx\"><span class=\"_58cl _5afz\" aria-label=\"hashtag\">#<\/span><span class=\"_58cm\">EuropeforCulture<\/span><\/span>\u00a0<span class=\"_5afx\"><span class=\"_58cl _5afz\" aria-label=\"hashtag\">#<\/span><span class=\"_58cm\">beiroesemmarvila<\/span><\/span><\/p>\n<p><img decoding=\"async\" class=\"lazyload alignnone size-full wp-image-10878\" src=\"http:\/\/www.binauralmedia.org\/news\/\/wp-content\/uploads\/44405602_1991045790942173_6495493674141483008_n.jpg\" data-orig-src=\"http:\/\/www.binauralmedia.org\/news\/\/wp-content\/uploads\/44405602_1991045790942173_6495493674141483008_n.jpg\" alt=\"\" width=\"629\" height=\"960\" srcset=\"data:image\/svg+xml,%3Csvg%20xmlns%3D%27http%3A%2F%2Fwww.w3.org%2F2000%2Fsvg%27%20width%3D%27629%27%20height%3D%27960%27%20viewBox%3D%270%200%20629%20960%27%3E%3Crect%20width%3D%27629%27%20height%3D%27960%27%20fill-opacity%3D%220%22%2F%3E%3C%2Fsvg%3E\" data-srcset=\"https:\/\/www.binauralmedia.org\/news\/wp-content\/uploads\/44405602_1991045790942173_6495493674141483008_n-197x300.jpg 197w, https:\/\/www.binauralmedia.org\/news\/wp-content\/uploads\/44405602_1991045790942173_6495493674141483008_n-200x305.jpg 200w, https:\/\/www.binauralmedia.org\/news\/wp-content\/uploads\/44405602_1991045790942173_6495493674141483008_n-400x610.jpg 400w, https:\/\/www.binauralmedia.org\/news\/wp-content\/uploads\/44405602_1991045790942173_6495493674141483008_n-500x763.jpg 500w, https:\/\/www.binauralmedia.org\/news\/wp-content\/uploads\/44405602_1991045790942173_6495493674141483008_n-600x916.jpg 600w, https:\/\/www.binauralmedia.org\/news\/wp-content\/uploads\/44405602_1991045790942173_6495493674141483008_n.jpg 629w\" data-sizes=\"auto\" data-orig-sizes=\"(max-width: 629px) 100vw, 629px\" \/><\/p>\n<\/div>\n","protected":false},"excerpt":{"rendered":"<p>Na pr\u00f3xima sexta-feira, 26\/10 pelas 18h00 a\u00a0Binaural Nodar\u00a0ir\u00e1 apresentar aos  [&#8230;]<\/p>\n","protected":false},"author":2,"featured_media":0,"comment_status":"closed","ping_status":"closed","sticky":false,"template":"","format":"standard","meta":{"_acf_changed":false,"_bbp_topic_count":0,"_bbp_reply_count":0,"_bbp_total_topic_count":0,"_bbp_total_reply_count":0,"_bbp_voice_count":0,"_bbp_anonymous_reply_count":0,"_bbp_topic_count_hidden":0,"_bbp_reply_count_hidden":0,"_bbp_forum_subforum_count":0,"footnotes":""},"categories":[1158,1],"tags":[],"class_list":["post-10884","post","type-post","status-publish","format-standard","hentry","category-visual-sound-ethnograhpy","category-news"],"acf":[],"aioseo_notices":[],"aioseo_head":"\n\t\t<!-- All in One SEO 5.0.1.1 - aioseo.com -->\n\t<meta name=\"description\" content=\"Na pr\u00f3xima sexta-feira, 26\/10 pelas 18h00 a Binaural Nodar ir\u00e1 apresentar aos alunos do curso de P\u00f3s-Gradua\u00e7\u00e3o em Culturas Visuais Digitais do ISCTE-IUL o projeto DA SERRA PARA A F\u00c1BRICA integrado no Programa Europa Criativa associado ao Ano Europeu do Patrim\u00f3nio Cultural 2018. DA SERRA PARA A F\u00c1BRICA resgata, documenta, une e expressa criativamente mem\u00f3rias das migra\u00e7\u00f5es para a zona\" \/>\n\t<meta name=\"robots\" content=\"max-image-preview:large\" \/>\n\t<meta name=\"author\" content=\"luiscosta\"\/>\n\t<link rel=\"canonical\" href=\"https:\/\/www.binauralmedia.org\/news\/arquivo\/10884\" \/>\n\t<meta name=\"generator\" content=\"All in One SEO (AIOSEO) 5.0.1.1\" \/>\n\t\t<meta property=\"og:locale\" content=\"pt_PT\" \/>\n\t\t<meta property=\"og:site_name\" content=\"binauralmedia.org - Rural Based Sound\/Media Arts &amp; Social Research\" \/>\n\t\t<meta property=\"og:type\" content=\"article\" \/>\n\t\t<meta property=\"og:title\" content=\"Projeto \u201cDa Serra para a F\u00e1brica\u201d apresentado no ISCTE-IUL - binauralmedia.org\" \/>\n\t\t<meta property=\"og:description\" content=\"Na pr\u00f3xima sexta-feira, 26\/10 pelas 18h00 a Binaural Nodar ir\u00e1 apresentar aos alunos do curso de P\u00f3s-Gradua\u00e7\u00e3o em Culturas Visuais Digitais do ISCTE-IUL o projeto DA SERRA PARA A F\u00c1BRICA integrado no Programa Europa Criativa associado ao Ano Europeu do Patrim\u00f3nio Cultural 2018. DA SERRA PARA A F\u00c1BRICA resgata, documenta, une e expressa criativamente mem\u00f3rias das migra\u00e7\u00f5es para a zona\" \/>\n\t\t<meta property=\"og:url\" content=\"https:\/\/www.binauralmedia.org\/news\/arquivo\/10884\" \/>\n\t\t<meta property=\"article:published_time\" content=\"2018-10-24T10:39:49+00:00\" \/>\n\t\t<meta property=\"article:modified_time\" content=\"2021-08-16T15:40:53+00:00\" \/>\n\t\t<meta name=\"twitter:card\" content=\"summary_large_image\" \/>\n\t\t<meta name=\"twitter:title\" content=\"Projeto \u201cDa Serra para a F\u00e1brica\u201d apresentado no ISCTE-IUL - binauralmedia.org\" \/>\n\t\t<meta name=\"twitter:description\" content=\"Na pr\u00f3xima sexta-feira, 26\/10 pelas 18h00 a Binaural Nodar ir\u00e1 apresentar aos alunos do curso de P\u00f3s-Gradua\u00e7\u00e3o em Culturas Visuais Digitais do ISCTE-IUL o projeto DA SERRA PARA A F\u00c1BRICA integrado no Programa Europa Criativa associado ao Ano Europeu do Patrim\u00f3nio Cultural 2018. DA SERRA PARA A F\u00c1BRICA resgata, documenta, une e expressa criativamente mem\u00f3rias das migra\u00e7\u00f5es para a zona\" \/>\n\t\t<script type=\"application\/ld+json\" class=\"aioseo-schema\">\n\t\t\t{\"@context\":\"https:\\\/\\\/schema.org\",\"@graph\":[{\"@type\":\"BlogPosting\",\"@id\":\"https:\\\/\\\/www.binauralmedia.org\\\/news\\\/arquivo\\\/10884#blogposting\",\"name\":\"Projeto \\u201cDa Serra para a F\\u00e1brica\\u201d apresentado no ISCTE-IUL - binauralmedia.org\",\"headline\":\"Projeto &#8220;Da Serra para a F\\u00e1brica&#8221; apresentado no ISCTE-IUL\",\"author\":{\"@id\":\"https:\\\/\\\/www.binauralmedia.org\\\/news\\\/arquivo\\\/author\\\/luiscosta#author\"},\"publisher\":{\"@id\":\"https:\\\/\\\/www.binauralmedia.org\\\/news\\\/#organization\"},\"image\":{\"@type\":\"ImageObject\",\"url\":\"http:\\\/\\\/www.binauralmedia.org\\\/news\\\/\\\/wp-content\\\/uploads\\\/44405602_1991045790942173_6495493674141483008_n.jpg\",\"@id\":\"https:\\\/\\\/www.binauralmedia.org\\\/news\\\/arquivo\\\/10884\\\/#articleImage\"},\"datePublished\":\"2018-10-24T10:39:49+00:00\",\"dateModified\":\"2021-08-16T15:40:53+00:00\",\"inLanguage\":\"pt-PT\",\"mainEntityOfPage\":{\"@id\":\"https:\\\/\\\/www.binauralmedia.org\\\/news\\\/arquivo\\\/10884#webpage\"},\"isPartOf\":{\"@id\":\"https:\\\/\\\/www.binauralmedia.org\\\/news\\\/arquivo\\\/10884#webpage\"},\"articleSection\":\"Etnografia Sonora e Visual, Not\\u00edcias\"},{\"@type\":\"BreadcrumbList\",\"@id\":\"https:\\\/\\\/www.binauralmedia.org\\\/news\\\/arquivo\\\/10884#breadcrumblist\",\"itemListElement\":[{\"@type\":\"ListItem\",\"@id\":\"https:\\\/\\\/www.binauralmedia.org\\\/news#listItem\",\"position\":1,\"name\":\"Home\",\"item\":\"https:\\\/\\\/www.binauralmedia.org\\\/news\",\"nextItem\":{\"@type\":\"ListItem\",\"@id\":\"https:\\\/\\\/www.binauralmedia.org\\\/news\\\/arquivo\\\/category\\\/news#listItem\",\"name\":\"Not\\u00edcias\"}},{\"@type\":\"ListItem\",\"@id\":\"https:\\\/\\\/www.binauralmedia.org\\\/news\\\/arquivo\\\/category\\\/news#listItem\",\"position\":2,\"name\":\"Not\\u00edcias\",\"item\":\"https:\\\/\\\/www.binauralmedia.org\\\/news\\\/arquivo\\\/category\\\/news\",\"nextItem\":{\"@type\":\"ListItem\",\"@id\":\"https:\\\/\\\/www.binauralmedia.org\\\/news\\\/arquivo\\\/10884#listItem\",\"name\":\"Projeto &#8220;Da Serra para a F\\u00e1brica&#8221; apresentado no ISCTE-IUL\"},\"previousItem\":{\"@type\":\"ListItem\",\"@id\":\"https:\\\/\\\/www.binauralmedia.org\\\/news#listItem\",\"name\":\"Home\"}},{\"@type\":\"ListItem\",\"@id\":\"https:\\\/\\\/www.binauralmedia.org\\\/news\\\/arquivo\\\/10884#listItem\",\"position\":3,\"name\":\"Projeto &#8220;Da Serra para a F\\u00e1brica&#8221; apresentado no ISCTE-IUL\",\"previousItem\":{\"@type\":\"ListItem\",\"@id\":\"https:\\\/\\\/www.binauralmedia.org\\\/news\\\/arquivo\\\/category\\\/news#listItem\",\"name\":\"Not\\u00edcias\"}}]},{\"@type\":\"Organization\",\"@id\":\"https:\\\/\\\/www.binauralmedia.org\\\/news\\\/#organization\",\"name\":\"binauralmedia.org\",\"description\":\"Rural Based Sound\\\/Media Arts & Social Research\",\"url\":\"https:\\\/\\\/www.binauralmedia.org\\\/news\\\/\"},{\"@type\":\"Person\",\"@id\":\"https:\\\/\\\/www.binauralmedia.org\\\/news\\\/arquivo\\\/author\\\/luiscosta#author\",\"url\":\"https:\\\/\\\/www.binauralmedia.org\\\/news\\\/arquivo\\\/author\\\/luiscosta\",\"name\":\"luiscosta\"},{\"@type\":\"WebPage\",\"@id\":\"https:\\\/\\\/www.binauralmedia.org\\\/news\\\/arquivo\\\/10884#webpage\",\"url\":\"https:\\\/\\\/www.binauralmedia.org\\\/news\\\/arquivo\\\/10884\",\"name\":\"Projeto \\u201cDa Serra para a F\\u00e1brica\\u201d apresentado no ISCTE-IUL - binauralmedia.org\",\"description\":\"Na pr\\u00f3xima sexta-feira, 26\\\/10 pelas 18h00 a Binaural Nodar ir\\u00e1 apresentar aos alunos do curso de P\\u00f3s-Gradua\\u00e7\\u00e3o em Culturas Visuais Digitais do ISCTE-IUL o projeto DA SERRA PARA A F\\u00c1BRICA integrado no Programa Europa Criativa associado ao Ano Europeu do Patrim\\u00f3nio Cultural 2018. DA SERRA PARA A F\\u00c1BRICA resgata, documenta, une e expressa criativamente mem\\u00f3rias das migra\\u00e7\\u00f5es para a zona\",\"inLanguage\":\"pt-PT\",\"isPartOf\":{\"@id\":\"https:\\\/\\\/www.binauralmedia.org\\\/news\\\/#website\"},\"breadcrumb\":{\"@id\":\"https:\\\/\\\/www.binauralmedia.org\\\/news\\\/arquivo\\\/10884#breadcrumblist\"},\"author\":{\"@id\":\"https:\\\/\\\/www.binauralmedia.org\\\/news\\\/arquivo\\\/author\\\/luiscosta#author\"},\"creator\":{\"@id\":\"https:\\\/\\\/www.binauralmedia.org\\\/news\\\/arquivo\\\/author\\\/luiscosta#author\"},\"datePublished\":\"2018-10-24T10:39:49+00:00\",\"dateModified\":\"2021-08-16T15:40:53+00:00\"},{\"@type\":\"WebSite\",\"@id\":\"https:\\\/\\\/www.binauralmedia.org\\\/news\\\/#website\",\"url\":\"https:\\\/\\\/www.binauralmedia.org\\\/news\\\/\",\"name\":\"binauralmedia.org\",\"description\":\"Rural Based Sound\\\/Media Arts & Social Research\",\"inLanguage\":\"pt-PT\",\"publisher\":{\"@id\":\"https:\\\/\\\/www.binauralmedia.org\\\/news\\\/#organization\"}}]}\n\t\t<\/script>\n\t\t<!-- All in One SEO -->\n\n","aioseo_head_json":{"title":"Projeto \u201cDa Serra para a F\u00e1brica\u201d apresentado no ISCTE-IUL - binauralmedia.org","description":"Na pr\u00f3xima sexta-feira, 26\/10 pelas 18h00 a Binaural Nodar ir\u00e1 apresentar aos alunos do curso de P\u00f3s-Gradua\u00e7\u00e3o em Culturas Visuais Digitais do ISCTE-IUL o projeto DA SERRA PARA A F\u00c1BRICA integrado no Programa Europa Criativa associado ao Ano Europeu do Patrim\u00f3nio Cultural 2018. DA SERRA PARA A F\u00c1BRICA resgata, documenta, une e expressa criativamente mem\u00f3rias das migra\u00e7\u00f5es para a zona","canonical_url":"https:\/\/www.binauralmedia.org\/news\/arquivo\/10884","robots":"max-image-preview:large","keywords":"","webmasterTools":{"miscellaneous":""},"schema":{"@context":"https:\/\/schema.org","@graph":[{"@type":"BlogPosting","@id":"https:\/\/www.binauralmedia.org\/news\/arquivo\/10884#blogposting","name":"Projeto \u201cDa Serra para a F\u00e1brica\u201d apresentado no ISCTE-IUL - binauralmedia.org","headline":"Projeto &#8220;Da Serra para a F\u00e1brica&#8221; apresentado no ISCTE-IUL","author":{"@id":"https:\/\/www.binauralmedia.org\/news\/arquivo\/author\/luiscosta#author"},"publisher":{"@id":"https:\/\/www.binauralmedia.org\/news\/#organization"},"image":{"@type":"ImageObject","url":"http:\/\/www.binauralmedia.org\/news\/\/wp-content\/uploads\/44405602_1991045790942173_6495493674141483008_n.jpg","@id":"https:\/\/www.binauralmedia.org\/news\/arquivo\/10884\/#articleImage"},"datePublished":"2018-10-24T10:39:49+00:00","dateModified":"2021-08-16T15:40:53+00:00","inLanguage":"pt-PT","mainEntityOfPage":{"@id":"https:\/\/www.binauralmedia.org\/news\/arquivo\/10884#webpage"},"isPartOf":{"@id":"https:\/\/www.binauralmedia.org\/news\/arquivo\/10884#webpage"},"articleSection":"Etnografia Sonora e Visual, Not\u00edcias"},{"@type":"BreadcrumbList","@id":"https:\/\/www.binauralmedia.org\/news\/arquivo\/10884#breadcrumblist","itemListElement":[{"@type":"ListItem","@id":"https:\/\/www.binauralmedia.org\/news#listItem","position":1,"name":"Home","item":"https:\/\/www.binauralmedia.org\/news","nextItem":{"@type":"ListItem","@id":"https:\/\/www.binauralmedia.org\/news\/arquivo\/category\/news#listItem","name":"Not\u00edcias"}},{"@type":"ListItem","@id":"https:\/\/www.binauralmedia.org\/news\/arquivo\/category\/news#listItem","position":2,"name":"Not\u00edcias","item":"https:\/\/www.binauralmedia.org\/news\/arquivo\/category\/news","nextItem":{"@type":"ListItem","@id":"https:\/\/www.binauralmedia.org\/news\/arquivo\/10884#listItem","name":"Projeto &#8220;Da Serra para a F\u00e1brica&#8221; apresentado no ISCTE-IUL"},"previousItem":{"@type":"ListItem","@id":"https:\/\/www.binauralmedia.org\/news#listItem","name":"Home"}},{"@type":"ListItem","@id":"https:\/\/www.binauralmedia.org\/news\/arquivo\/10884#listItem","position":3,"name":"Projeto &#8220;Da Serra para a F\u00e1brica&#8221; apresentado no ISCTE-IUL","previousItem":{"@type":"ListItem","@id":"https:\/\/www.binauralmedia.org\/news\/arquivo\/category\/news#listItem","name":"Not\u00edcias"}}]},{"@type":"Organization","@id":"https:\/\/www.binauralmedia.org\/news\/#organization","name":"binauralmedia.org","description":"Rural Based Sound\/Media Arts & Social Research","url":"https:\/\/www.binauralmedia.org\/news\/"},{"@type":"Person","@id":"https:\/\/www.binauralmedia.org\/news\/arquivo\/author\/luiscosta#author","url":"https:\/\/www.binauralmedia.org\/news\/arquivo\/author\/luiscosta","name":"luiscosta"},{"@type":"WebPage","@id":"https:\/\/www.binauralmedia.org\/news\/arquivo\/10884#webpage","url":"https:\/\/www.binauralmedia.org\/news\/arquivo\/10884","name":"Projeto \u201cDa Serra para a F\u00e1brica\u201d apresentado no ISCTE-IUL - binauralmedia.org","description":"Na pr\u00f3xima sexta-feira, 26\/10 pelas 18h00 a Binaural Nodar ir\u00e1 apresentar aos alunos do curso de P\u00f3s-Gradua\u00e7\u00e3o em Culturas Visuais Digitais do ISCTE-IUL o projeto DA SERRA PARA A F\u00c1BRICA integrado no Programa Europa Criativa associado ao Ano Europeu do Patrim\u00f3nio Cultural 2018. DA SERRA PARA A F\u00c1BRICA resgata, documenta, une e expressa criativamente mem\u00f3rias das migra\u00e7\u00f5es para a zona","inLanguage":"pt-PT","isPartOf":{"@id":"https:\/\/www.binauralmedia.org\/news\/#website"},"breadcrumb":{"@id":"https:\/\/www.binauralmedia.org\/news\/arquivo\/10884#breadcrumblist"},"author":{"@id":"https:\/\/www.binauralmedia.org\/news\/arquivo\/author\/luiscosta#author"},"creator":{"@id":"https:\/\/www.binauralmedia.org\/news\/arquivo\/author\/luiscosta#author"},"datePublished":"2018-10-24T10:39:49+00:00","dateModified":"2021-08-16T15:40:53+00:00"},{"@type":"WebSite","@id":"https:\/\/www.binauralmedia.org\/news\/#website","url":"https:\/\/www.binauralmedia.org\/news\/","name":"binauralmedia.org","description":"Rural Based Sound\/Media Arts & Social Research","inLanguage":"pt-PT","publisher":{"@id":"https:\/\/www.binauralmedia.org\/news\/#organization"}}]},"og:locale":"pt_PT","og:site_name":"binauralmedia.org - Rural Based Sound\/Media Arts &amp; Social Research","og:type":"article","og:title":"Projeto \u201cDa Serra para a F\u00e1brica\u201d apresentado no ISCTE-IUL - binauralmedia.org","og:description":"Na pr\u00f3xima sexta-feira, 26\/10 pelas 18h00 a Binaural Nodar ir\u00e1 apresentar aos alunos do curso de P\u00f3s-Gradua\u00e7\u00e3o em Culturas Visuais Digitais do ISCTE-IUL o projeto DA SERRA PARA A F\u00c1BRICA integrado no Programa Europa Criativa associado ao Ano Europeu do Patrim\u00f3nio Cultural 2018. DA SERRA PARA A F\u00c1BRICA resgata, documenta, une e expressa criativamente mem\u00f3rias das migra\u00e7\u00f5es para a zona","og:url":"https:\/\/www.binauralmedia.org\/news\/arquivo\/10884","article:published_time":"2018-10-24T10:39:49+00:00","article:modified_time":"2021-08-16T15:40:53+00:00","twitter:card":"summary_large_image","twitter:title":"Projeto \u201cDa Serra para a F\u00e1brica\u201d apresentado no ISCTE-IUL - binauralmedia.org","twitter:description":"Na pr\u00f3xima sexta-feira, 26\/10 pelas 18h00 a Binaural Nodar ir\u00e1 apresentar aos alunos do curso de P\u00f3s-Gradua\u00e7\u00e3o em Culturas Visuais Digitais do ISCTE-IUL o projeto DA SERRA PARA A F\u00c1BRICA integrado no Programa Europa Criativa associado ao Ano Europeu do Patrim\u00f3nio Cultural 2018. DA SERRA PARA A F\u00c1BRICA resgata, documenta, une e expressa criativamente mem\u00f3rias das migra\u00e7\u00f5es para a zona"},"aioseo_meta_data":{"post_id":"10884","title":null,"description":null,"keywords":null,"keyphrases":null,"primary_term":null,"canonical_url":null,"og_title":null,"og_description":null,"og_object_type":"default","og_image_type":"default","og_image_custom_url":null,"og_image_custom_fields":null,"og_image_url":null,"og_image_width":null,"og_image_height":null,"og_video":null,"og_custom_url":null,"og_article_section":null,"og_article_tags":null,"twitter_use_og":false,"twitter_card":"default","twitter_image_type":"default","twitter_image_custom_url":null,"twitter_image_custom_fields":null,"twitter_image_url":null,"twitter_title":null,"twitter_description":null,"schema_type":"default","schema_type_options":null,"schema":{"blockGraphs":[],"customGraphs":[],"default":{"data":{"Article":[],"Course":[],"Dataset":[],"FAQPage":[],"Movie":[],"Person":[],"Product":[],"ProductReview":[],"Car":[],"Recipe":[],"Service":[],"SoftwareApplication":[],"WebPage":[]},"graphName":"","isEnabled":true},"graphs":[]},"pillar_content":false,"robots_default":true,"robots_noindex":false,"robots_noarchive":false,"robots_nosnippet":false,"robots_nofollow":false,"robots_noimageindex":false,"robots_noodp":false,"robots_notranslate":false,"robots_max_snippet":null,"robots_max_videopreview":null,"robots_max_imagepreview":"large","priority":null,"frequency":null,"local_seo":null,"limit_modified_date":false,"ai":null,"breadcrumb_settings":null,"seo_analyzer_scan_date":null,"created":"2026-08-05 03:51:03","updated":"2026-08-05 03:51:03","focus_keyword":null,"additional_keywords":null,"truseo_locale":null},"aioseo_breadcrumb":"<div class=\"aioseo-breadcrumbs\"><span class=\"aioseo-breadcrumb\">\n\t\t\t<a href=\"https:\/\/www.binauralmedia.org\/news\" title=\"Home\">Home<\/a>\n\t\t<\/span><span class=\"aioseo-breadcrumb-separator\">&raquo;<\/span><span class=\"aioseo-breadcrumb\">\n\t\t\t<a href=\"https:\/\/www.binauralmedia.org\/news\/arquivo\/category\/news\" title=\"Not\u00edcias\">Not\u00edcias<\/a>\n\t\t<\/span><span class=\"aioseo-breadcrumb-separator\">&raquo;<\/span><span class=\"aioseo-breadcrumb\">\n\t\t\tProjeto \u201cDa Serra para a F\u00e1brica\u201d apresentado no ISCTE-IUL\n\t\t<\/span><\/div>","aioseo_breadcrumb_json":[{"label":"Home","link":"https:\/\/www.binauralmedia.org\/news"},{"label":"Not\u00edcias","link":"https:\/\/www.binauralmedia.org\/news\/arquivo\/category\/news"},{"label":"Projeto &#8220;Da Serra para a F\u00e1brica&#8221; apresentado no ISCTE-IUL","link":"https:\/\/www.binauralmedia.org\/news\/arquivo\/10884"}],"_links":{"self":[{"href":"https:\/\/www.binauralmedia.org\/news\/wp-json\/wp\/v2\/posts\/10884","targetHints":{"allow":["GET"]}}],"collection":[{"href":"https:\/\/www.binauralmedia.org\/news\/wp-json\/wp\/v2\/posts"}],"about":[{"href":"https:\/\/www.binauralmedia.org\/news\/wp-json\/wp\/v2\/types\/post"}],"author":[{"embeddable":true,"href":"https:\/\/www.binauralmedia.org\/news\/wp-json\/wp\/v2\/users\/2"}],"replies":[{"embeddable":true,"href":"https:\/\/www.binauralmedia.org\/news\/wp-json\/wp\/v2\/comments?post=10884"}],"version-history":[{"count":2,"href":"https:\/\/www.binauralmedia.org\/news\/wp-json\/wp\/v2\/posts\/10884\/revisions"}],"predecessor-version":[{"id":13357,"href":"https:\/\/www.binauralmedia.org\/news\/wp-json\/wp\/v2\/posts\/10884\/revisions\/13357"}],"wp:attachment":[{"href":"https:\/\/www.binauralmedia.org\/news\/wp-json\/wp\/v2\/media?parent=10884"}],"wp:term":[{"taxonomy":"category","embeddable":true,"href":"https:\/\/www.binauralmedia.org\/news\/wp-json\/wp\/v2\/categories?post=10884"},{"taxonomy":"post_tag","embeddable":true,"href":"https:\/\/www.binauralmedia.org\/news\/wp-json\/wp\/v2\/tags?post=10884"}],"curies":[{"name":"wp","href":"https:\/\/api.w.org\/{rel}","templated":true}]}}