{"id":10877,"date":"2018-10-21T10:13:21","date_gmt":"2018-10-21T10:13:21","guid":{"rendered":"https:\/\/binauralmedia.org\/news\/?p=10877"},"modified":"2021-08-16T15:40:50","modified_gmt":"2021-08-16T15:40:50","slug":"binaural-nodar-apresenta-projeto-da-serra-para-a-fabrica","status":"publish","type":"post","link":"https:\/\/www.binauralmedia.org\/news\/arquivo\/10877","title":{"rendered":"Binaural\/Nodar apresenta projeto &#8220;Da Serra para a F\u00e1brica&#8221;"},"content":{"rendered":"<p>Hoje 21\/10, a\u00a0Binaural Nodar\u00a0esteve presente na\u00a0Casa Concelho Castro Daire\u00a0em Lisboa situada na Rua do Vale Formoso de Cima,\u00a0Junta de Freguesia de Marvila, no \u00e2mbito do encontro de homenagem aos escritores castrenses organizado pelo Munic\u00edpio de Castro Daire e pela referida casa.<\/p>\n<p>Luis Gomes da Costa, coordenador da Binaural\/Nodar, apresentou ao muito p\u00fablico presente o projeto &#8220;Da Serra para a F\u00e1brica&#8221; integrado na rede europeia &#8220;Where the city loses its name&#8221; criada no \u00e2mbit<span class=\"text_exposed_show\">o do\u00a0Ano Europeu do Patrim\u00f3nio Cultural 2018\u00a0(programa\u00a0Creative Europe), o qual ir\u00e1 documentar, unir e expressar as mem\u00f3rias de gente de Castro Daire e de S\u00e3o Pedro do Sul que emigrou para a zona oriental de Lisboa (bairro chin\u00eas, Beato, Marvila, etc.) ao longo do s\u00e9culo XX.<\/span><\/p>\n<div class=\"text_exposed_show\">\n<p>Estiveram igualmente presentes v\u00e1rios parceiros do projeto, como a curadora do projeto, a artista multim\u00e9dia Luso-Norte Americana\u00a0Maile Costa Colbert, o Prof. Dr.\u00a0Filipe Reis, coordenador da P\u00f3s-Gradua\u00e7\u00e3o em Culturas Visuais Digitais do\u00a0ISCTE-IUL, o Exmo. Presidente da Junta de Freguesia de Marvila, Jos\u00e9 Ant\u00f3nio Videira, o Exmo. Vereador com o pelouro da cultura do Munic\u00edpio de Castro Daire, Dr.\u00a0Pedro Pontes\u00a0e o Exmo. Presidente da Casa do Concelho de Castro Daire, Dr. Lu\u00eds Esteves.<\/p>\n<p>Os parceiros internacionais desta rede europeia s\u00e3o\u00a0LaFundici\u00f3(Catalunha\/Espanha) e\u00a0Fundatia Altart\u00a0(Rom\u00e9nia).<\/p>\n<p><span class=\"_5afx\"><span class=\"_58cl _5afz\" aria-label=\"hashtag\">#<\/span><span class=\"_58cm\">beyondformalcities<\/span><\/span>\u00a0<span class=\"_5afx\"><span class=\"_58cl _5afz\" aria-label=\"hashtag\">#<\/span><span class=\"_58cm\">beiroesemmarvila<\/span><\/span>\u00a0<span class=\"_5afx\"><span class=\"_58cl _5afz\" aria-label=\"hashtag\">#<\/span><span class=\"_58cm\">EuropeforCulture<\/span><\/span><\/p>\n<p><img decoding=\"async\" class=\"lazyload alignnone size-full wp-image-10878\" src=\"http:\/\/www.binauralmedia.org\/news\/\/wp-content\/uploads\/44405602_1991045790942173_6495493674141483008_n.jpg\" data-orig-src=\"http:\/\/www.binauralmedia.org\/news\/\/wp-content\/uploads\/44405602_1991045790942173_6495493674141483008_n.jpg\" alt=\"\" width=\"629\" height=\"960\" srcset=\"data:image\/svg+xml,%3Csvg%20xmlns%3D%27http%3A%2F%2Fwww.w3.org%2F2000%2Fsvg%27%20width%3D%27629%27%20height%3D%27960%27%20viewBox%3D%270%200%20629%20960%27%3E%3Crect%20width%3D%27629%27%20height%3D%27960%27%20fill-opacity%3D%220%22%2F%3E%3C%2Fsvg%3E\" data-srcset=\"https:\/\/www.binauralmedia.org\/news\/wp-content\/uploads\/44405602_1991045790942173_6495493674141483008_n-197x300.jpg 197w, https:\/\/www.binauralmedia.org\/news\/wp-content\/uploads\/44405602_1991045790942173_6495493674141483008_n-200x305.jpg 200w, https:\/\/www.binauralmedia.org\/news\/wp-content\/uploads\/44405602_1991045790942173_6495493674141483008_n-400x610.jpg 400w, https:\/\/www.binauralmedia.org\/news\/wp-content\/uploads\/44405602_1991045790942173_6495493674141483008_n-500x763.jpg 500w, https:\/\/www.binauralmedia.org\/news\/wp-content\/uploads\/44405602_1991045790942173_6495493674141483008_n-600x916.jpg 600w, https:\/\/www.binauralmedia.org\/news\/wp-content\/uploads\/44405602_1991045790942173_6495493674141483008_n.jpg 629w\" data-sizes=\"auto\" data-orig-sizes=\"(max-width: 629px) 100vw, 629px\" \/> <img decoding=\"async\" class=\"lazyload alignnone size-full wp-image-10879\" src=\"http:\/\/www.binauralmedia.org\/news\/\/wp-content\/uploads\/44455620_1993654267347992_953437170108989440_n.jpg\" data-orig-src=\"http:\/\/www.binauralmedia.org\/news\/\/wp-content\/uploads\/44455620_1993654267347992_953437170108989440_n.jpg\" alt=\"\" width=\"960\" height=\"720\" srcset=\"data:image\/svg+xml,%3Csvg%20xmlns%3D%27http%3A%2F%2Fwww.w3.org%2F2000%2Fsvg%27%20width%3D%27960%27%20height%3D%27720%27%20viewBox%3D%270%200%20960%20720%27%3E%3Crect%20width%3D%27960%27%20height%3D%27720%27%20fill-opacity%3D%220%22%2F%3E%3C%2Fsvg%3E\" data-srcset=\"https:\/\/www.binauralmedia.org\/news\/wp-content\/uploads\/44455620_1993654267347992_953437170108989440_n-121x91.jpg 121w, https:\/\/www.binauralmedia.org\/news\/wp-content\/uploads\/44455620_1993654267347992_953437170108989440_n-200x150.jpg 200w, https:\/\/www.binauralmedia.org\/news\/wp-content\/uploads\/44455620_1993654267347992_953437170108989440_n-400x300.jpg 400w, https:\/\/www.binauralmedia.org\/news\/wp-content\/uploads\/44455620_1993654267347992_953437170108989440_n-500x375.jpg 500w, https:\/\/www.binauralmedia.org\/news\/wp-content\/uploads\/44455620_1993654267347992_953437170108989440_n-600x450.jpg 600w, https:\/\/www.binauralmedia.org\/news\/wp-content\/uploads\/44455620_1993654267347992_953437170108989440_n-768x576.jpg 768w, https:\/\/www.binauralmedia.org\/news\/wp-content\/uploads\/44455620_1993654267347992_953437170108989440_n-800x600.jpg 800w, https:\/\/www.binauralmedia.org\/news\/wp-content\/uploads\/44455620_1993654267347992_953437170108989440_n.jpg 960w\" data-sizes=\"auto\" data-orig-sizes=\"(max-width: 960px) 100vw, 960px\" \/> <img decoding=\"async\" class=\"lazyload alignnone size-full wp-image-10880\" src=\"http:\/\/www.binauralmedia.org\/news\/\/wp-content\/uploads\/44512425_1993654127348006_1470319746695036928_n.jpg\" data-orig-src=\"http:\/\/www.binauralmedia.org\/news\/\/wp-content\/uploads\/44512425_1993654127348006_1470319746695036928_n.jpg\" alt=\"\" width=\"960\" height=\"720\" srcset=\"data:image\/svg+xml,%3Csvg%20xmlns%3D%27http%3A%2F%2Fwww.w3.org%2F2000%2Fsvg%27%20width%3D%27960%27%20height%3D%27720%27%20viewBox%3D%270%200%20960%20720%27%3E%3Crect%20width%3D%27960%27%20height%3D%27720%27%20fill-opacity%3D%220%22%2F%3E%3C%2Fsvg%3E\" data-srcset=\"https:\/\/www.binauralmedia.org\/news\/wp-content\/uploads\/44512425_1993654127348006_1470319746695036928_n-121x91.jpg 121w, https:\/\/www.binauralmedia.org\/news\/wp-content\/uploads\/44512425_1993654127348006_1470319746695036928_n-200x150.jpg 200w, https:\/\/www.binauralmedia.org\/news\/wp-content\/uploads\/44512425_1993654127348006_1470319746695036928_n-400x300.jpg 400w, https:\/\/www.binauralmedia.org\/news\/wp-content\/uploads\/44512425_1993654127348006_1470319746695036928_n-500x375.jpg 500w, https:\/\/www.binauralmedia.org\/news\/wp-content\/uploads\/44512425_1993654127348006_1470319746695036928_n-600x450.jpg 600w, https:\/\/www.binauralmedia.org\/news\/wp-content\/uploads\/44512425_1993654127348006_1470319746695036928_n-768x576.jpg 768w, https:\/\/www.binauralmedia.org\/news\/wp-content\/uploads\/44512425_1993654127348006_1470319746695036928_n-800x600.jpg 800w, https:\/\/www.binauralmedia.org\/news\/wp-content\/uploads\/44512425_1993654127348006_1470319746695036928_n.jpg 960w\" data-sizes=\"auto\" data-orig-sizes=\"(max-width: 960px) 100vw, 960px\" \/> <img decoding=\"async\" class=\"lazyload alignnone size-full wp-image-10881\" src=\"http:\/\/www.binauralmedia.org\/news\/\/wp-content\/uploads\/44574708_1993654734014612_6608808676780146688_n.jpg\" data-orig-src=\"http:\/\/www.binauralmedia.org\/news\/\/wp-content\/uploads\/44574708_1993654734014612_6608808676780146688_n.jpg\" alt=\"\" width=\"960\" height=\"720\" srcset=\"data:image\/svg+xml,%3Csvg%20xmlns%3D%27http%3A%2F%2Fwww.w3.org%2F2000%2Fsvg%27%20width%3D%27960%27%20height%3D%27720%27%20viewBox%3D%270%200%20960%20720%27%3E%3Crect%20width%3D%27960%27%20height%3D%27720%27%20fill-opacity%3D%220%22%2F%3E%3C%2Fsvg%3E\" data-srcset=\"https:\/\/www.binauralmedia.org\/news\/wp-content\/uploads\/44574708_1993654734014612_6608808676780146688_n-121x91.jpg 121w, https:\/\/www.binauralmedia.org\/news\/wp-content\/uploads\/44574708_1993654734014612_6608808676780146688_n-200x150.jpg 200w, https:\/\/www.binauralmedia.org\/news\/wp-content\/uploads\/44574708_1993654734014612_6608808676780146688_n-400x300.jpg 400w, https:\/\/www.binauralmedia.org\/news\/wp-content\/uploads\/44574708_1993654734014612_6608808676780146688_n-500x375.jpg 500w, https:\/\/www.binauralmedia.org\/news\/wp-content\/uploads\/44574708_1993654734014612_6608808676780146688_n-600x450.jpg 600w, https:\/\/www.binauralmedia.org\/news\/wp-content\/uploads\/44574708_1993654734014612_6608808676780146688_n-768x576.jpg 768w, https:\/\/www.binauralmedia.org\/news\/wp-content\/uploads\/44574708_1993654734014612_6608808676780146688_n-800x600.jpg 800w, https:\/\/www.binauralmedia.org\/news\/wp-content\/uploads\/44574708_1993654734014612_6608808676780146688_n.jpg 960w\" data-sizes=\"auto\" data-orig-sizes=\"(max-width: 960px) 100vw, 960px\" \/><\/p>\n<\/div>\n","protected":false},"excerpt":{"rendered":"<p>Hoje 21\/10, a\u00a0Binaural Nodar\u00a0esteve presente na\u00a0Casa Concelho Castro Daire\u00a0em Lisboa  [&#8230;]<\/p>\n","protected":false},"author":2,"featured_media":10882,"comment_status":"closed","ping_status":"closed","sticky":false,"template":"","format":"standard","meta":{"_acf_changed":false,"_bbp_topic_count":0,"_bbp_reply_count":0,"_bbp_total_topic_count":0,"_bbp_total_reply_count":0,"_bbp_voice_count":0,"_bbp_anonymous_reply_count":0,"_bbp_topic_count_hidden":0,"_bbp_reply_count_hidden":0,"_bbp_forum_subforum_count":0,"footnotes":""},"categories":[1158,1],"tags":[],"class_list":["post-10877","post","type-post","status-publish","format-standard","has-post-thumbnail","hentry","category-visual-sound-ethnograhpy","category-news"],"acf":[],"aioseo_notices":[],"aioseo_head":"\n\t\t<!-- All in One SEO 5.0.1.1 - aioseo.com -->\n\t<meta name=\"description\" content=\"Hoje 21\/10, a Binaural Nodar esteve presente na Casa Concelho Castro Daire em Lisboa situada na Rua do Vale Formoso de Cima, Junta de Freguesia de Marvila, no \u00e2mbito do encontro de homenagem aos escritores castrenses organizado pelo Munic\u00edpio de Castro Daire e pela referida casa. Luis Gomes da Costa, coordenador da Binaural\/Nodar, apresentou ao muito p\u00fablico presente o projeto\" \/>\n\t<meta name=\"robots\" content=\"max-image-preview:large\" \/>\n\t<meta name=\"author\" content=\"luiscosta\"\/>\n\t<link rel=\"canonical\" href=\"https:\/\/www.binauralmedia.org\/news\/arquivo\/10877\" \/>\n\t<meta name=\"generator\" content=\"All in One SEO (AIOSEO) 5.0.1.1\" \/>\n\t\t<meta property=\"og:locale\" content=\"pt_PT\" \/>\n\t\t<meta property=\"og:site_name\" content=\"binauralmedia.org - Rural Based Sound\/Media Arts &amp; Social Research\" \/>\n\t\t<meta property=\"og:type\" content=\"article\" \/>\n\t\t<meta property=\"og:title\" content=\"Binaural\/Nodar apresenta projeto \u201cDa Serra para a F\u00e1brica\u201d - binauralmedia.org\" \/>\n\t\t<meta property=\"og:description\" content=\"Hoje 21\/10, a Binaural Nodar esteve presente na Casa Concelho Castro Daire em Lisboa situada na Rua do Vale Formoso de Cima, Junta de Freguesia de Marvila, no \u00e2mbito do encontro de homenagem aos escritores castrenses organizado pelo Munic\u00edpio de Castro Daire e pela referida casa. Luis Gomes da Costa, coordenador da Binaural\/Nodar, apresentou ao muito p\u00fablico presente o projeto\" \/>\n\t\t<meta property=\"og:url\" content=\"https:\/\/www.binauralmedia.org\/news\/arquivo\/10877\" \/>\n\t\t<meta property=\"article:published_time\" content=\"2018-10-21T10:13:21+00:00\" \/>\n\t\t<meta property=\"article:modified_time\" content=\"2021-08-16T15:40:50+00:00\" \/>\n\t\t<meta name=\"twitter:card\" content=\"summary_large_image\" \/>\n\t\t<meta name=\"twitter:title\" content=\"Binaural\/Nodar apresenta projeto \u201cDa Serra para a F\u00e1brica\u201d - binauralmedia.org\" \/>\n\t\t<meta name=\"twitter:description\" content=\"Hoje 21\/10, a Binaural Nodar esteve presente na Casa Concelho Castro Daire em Lisboa situada na Rua do Vale Formoso de Cima, Junta de Freguesia de Marvila, no \u00e2mbito do encontro de homenagem aos escritores castrenses organizado pelo Munic\u00edpio de Castro Daire e pela referida casa. Luis Gomes da Costa, coordenador da Binaural\/Nodar, apresentou ao muito p\u00fablico presente o projeto\" \/>\n\t\t<script type=\"application\/ld+json\" class=\"aioseo-schema\">\n\t\t\t{\"@context\":\"https:\\\/\\\/schema.org\",\"@graph\":[{\"@type\":\"BlogPosting\",\"@id\":\"https:\\\/\\\/www.binauralmedia.org\\\/news\\\/arquivo\\\/10877#blogposting\",\"name\":\"Binaural\\\/Nodar apresenta projeto \\u201cDa Serra para a F\\u00e1brica\\u201d - binauralmedia.org\",\"headline\":\"Binaural\\\/Nodar apresenta projeto &#8220;Da Serra para a F\\u00e1brica&#8221;\",\"author\":{\"@id\":\"https:\\\/\\\/www.binauralmedia.org\\\/news\\\/arquivo\\\/author\\\/luiscosta#author\"},\"publisher\":{\"@id\":\"https:\\\/\\\/www.binauralmedia.org\\\/news\\\/#organization\"},\"image\":{\"@type\":\"ImageObject\",\"url\":\"https:\\\/\\\/www.binauralmedia.org\\\/news\\\/wp-content\\\/uploads\\\/Capturar-12.png\",\"width\":316,\"height\":296},\"datePublished\":\"2018-10-21T10:13:21+00:00\",\"dateModified\":\"2021-08-16T15:40:50+00:00\",\"inLanguage\":\"pt-PT\",\"mainEntityOfPage\":{\"@id\":\"https:\\\/\\\/www.binauralmedia.org\\\/news\\\/arquivo\\\/10877#webpage\"},\"isPartOf\":{\"@id\":\"https:\\\/\\\/www.binauralmedia.org\\\/news\\\/arquivo\\\/10877#webpage\"},\"articleSection\":\"Etnografia Sonora e Visual, Not\\u00edcias\"},{\"@type\":\"BreadcrumbList\",\"@id\":\"https:\\\/\\\/www.binauralmedia.org\\\/news\\\/arquivo\\\/10877#breadcrumblist\",\"itemListElement\":[{\"@type\":\"ListItem\",\"@id\":\"https:\\\/\\\/www.binauralmedia.org\\\/news#listItem\",\"position\":1,\"name\":\"Home\",\"item\":\"https:\\\/\\\/www.binauralmedia.org\\\/news\",\"nextItem\":{\"@type\":\"ListItem\",\"@id\":\"https:\\\/\\\/www.binauralmedia.org\\\/news\\\/arquivo\\\/category\\\/news#listItem\",\"name\":\"Not\\u00edcias\"}},{\"@type\":\"ListItem\",\"@id\":\"https:\\\/\\\/www.binauralmedia.org\\\/news\\\/arquivo\\\/category\\\/news#listItem\",\"position\":2,\"name\":\"Not\\u00edcias\",\"item\":\"https:\\\/\\\/www.binauralmedia.org\\\/news\\\/arquivo\\\/category\\\/news\",\"nextItem\":{\"@type\":\"ListItem\",\"@id\":\"https:\\\/\\\/www.binauralmedia.org\\\/news\\\/arquivo\\\/10877#listItem\",\"name\":\"Binaural\\\/Nodar apresenta projeto &#8220;Da Serra para a F\\u00e1brica&#8221;\"},\"previousItem\":{\"@type\":\"ListItem\",\"@id\":\"https:\\\/\\\/www.binauralmedia.org\\\/news#listItem\",\"name\":\"Home\"}},{\"@type\":\"ListItem\",\"@id\":\"https:\\\/\\\/www.binauralmedia.org\\\/news\\\/arquivo\\\/10877#listItem\",\"position\":3,\"name\":\"Binaural\\\/Nodar apresenta projeto &#8220;Da Serra para a F\\u00e1brica&#8221;\",\"previousItem\":{\"@type\":\"ListItem\",\"@id\":\"https:\\\/\\\/www.binauralmedia.org\\\/news\\\/arquivo\\\/category\\\/news#listItem\",\"name\":\"Not\\u00edcias\"}}]},{\"@type\":\"Organization\",\"@id\":\"https:\\\/\\\/www.binauralmedia.org\\\/news\\\/#organization\",\"name\":\"binauralmedia.org\",\"description\":\"Rural Based Sound\\\/Media Arts & Social Research\",\"url\":\"https:\\\/\\\/www.binauralmedia.org\\\/news\\\/\"},{\"@type\":\"Person\",\"@id\":\"https:\\\/\\\/www.binauralmedia.org\\\/news\\\/arquivo\\\/author\\\/luiscosta#author\",\"url\":\"https:\\\/\\\/www.binauralmedia.org\\\/news\\\/arquivo\\\/author\\\/luiscosta\",\"name\":\"luiscosta\"},{\"@type\":\"WebPage\",\"@id\":\"https:\\\/\\\/www.binauralmedia.org\\\/news\\\/arquivo\\\/10877#webpage\",\"url\":\"https:\\\/\\\/www.binauralmedia.org\\\/news\\\/arquivo\\\/10877\",\"name\":\"Binaural\\\/Nodar apresenta projeto \\u201cDa Serra para a F\\u00e1brica\\u201d - binauralmedia.org\",\"description\":\"Hoje 21\\\/10, a Binaural Nodar esteve presente na Casa Concelho Castro Daire em Lisboa situada na Rua do Vale Formoso de Cima, Junta de Freguesia de Marvila, no \\u00e2mbito do encontro de homenagem aos escritores castrenses organizado pelo Munic\\u00edpio de Castro Daire e pela referida casa. Luis Gomes da Costa, coordenador da Binaural\\\/Nodar, apresentou ao muito p\\u00fablico presente o projeto\",\"inLanguage\":\"pt-PT\",\"isPartOf\":{\"@id\":\"https:\\\/\\\/www.binauralmedia.org\\\/news\\\/#website\"},\"breadcrumb\":{\"@id\":\"https:\\\/\\\/www.binauralmedia.org\\\/news\\\/arquivo\\\/10877#breadcrumblist\"},\"author\":{\"@id\":\"https:\\\/\\\/www.binauralmedia.org\\\/news\\\/arquivo\\\/author\\\/luiscosta#author\"},\"creator\":{\"@id\":\"https:\\\/\\\/www.binauralmedia.org\\\/news\\\/arquivo\\\/author\\\/luiscosta#author\"},\"image\":{\"@type\":\"ImageObject\",\"url\":\"https:\\\/\\\/www.binauralmedia.org\\\/news\\\/wp-content\\\/uploads\\\/Capturar-12.png\",\"@id\":\"https:\\\/\\\/www.binauralmedia.org\\\/news\\\/arquivo\\\/10877\\\/#mainImage\",\"width\":316,\"height\":296},\"primaryImageOfPage\":{\"@id\":\"https:\\\/\\\/www.binauralmedia.org\\\/news\\\/arquivo\\\/10877#mainImage\"},\"datePublished\":\"2018-10-21T10:13:21+00:00\",\"dateModified\":\"2021-08-16T15:40:50+00:00\"},{\"@type\":\"WebSite\",\"@id\":\"https:\\\/\\\/www.binauralmedia.org\\\/news\\\/#website\",\"url\":\"https:\\\/\\\/www.binauralmedia.org\\\/news\\\/\",\"name\":\"binauralmedia.org\",\"description\":\"Rural Based Sound\\\/Media Arts & Social Research\",\"inLanguage\":\"pt-PT\",\"publisher\":{\"@id\":\"https:\\\/\\\/www.binauralmedia.org\\\/news\\\/#organization\"}}]}\n\t\t<\/script>\n\t\t<!-- All in One SEO -->\n\n","aioseo_head_json":{"title":"Binaural\/Nodar apresenta projeto \u201cDa Serra para a F\u00e1brica\u201d - binauralmedia.org","description":"Hoje 21\/10, a Binaural Nodar esteve presente na Casa Concelho Castro Daire em Lisboa situada na Rua do Vale Formoso de Cima, Junta de Freguesia de Marvila, no \u00e2mbito do encontro de homenagem aos escritores castrenses organizado pelo Munic\u00edpio de Castro Daire e pela referida casa. Luis Gomes da Costa, coordenador da Binaural\/Nodar, apresentou ao muito p\u00fablico presente o projeto","canonical_url":"https:\/\/www.binauralmedia.org\/news\/arquivo\/10877","robots":"max-image-preview:large","keywords":"","webmasterTools":{"miscellaneous":""},"schema":{"@context":"https:\/\/schema.org","@graph":[{"@type":"BlogPosting","@id":"https:\/\/www.binauralmedia.org\/news\/arquivo\/10877#blogposting","name":"Binaural\/Nodar apresenta projeto \u201cDa Serra para a F\u00e1brica\u201d - binauralmedia.org","headline":"Binaural\/Nodar apresenta projeto &#8220;Da Serra para a F\u00e1brica&#8221;","author":{"@id":"https:\/\/www.binauralmedia.org\/news\/arquivo\/author\/luiscosta#author"},"publisher":{"@id":"https:\/\/www.binauralmedia.org\/news\/#organization"},"image":{"@type":"ImageObject","url":"https:\/\/www.binauralmedia.org\/news\/wp-content\/uploads\/Capturar-12.png","width":316,"height":296},"datePublished":"2018-10-21T10:13:21+00:00","dateModified":"2021-08-16T15:40:50+00:00","inLanguage":"pt-PT","mainEntityOfPage":{"@id":"https:\/\/www.binauralmedia.org\/news\/arquivo\/10877#webpage"},"isPartOf":{"@id":"https:\/\/www.binauralmedia.org\/news\/arquivo\/10877#webpage"},"articleSection":"Etnografia Sonora e Visual, Not\u00edcias"},{"@type":"BreadcrumbList","@id":"https:\/\/www.binauralmedia.org\/news\/arquivo\/10877#breadcrumblist","itemListElement":[{"@type":"ListItem","@id":"https:\/\/www.binauralmedia.org\/news#listItem","position":1,"name":"Home","item":"https:\/\/www.binauralmedia.org\/news","nextItem":{"@type":"ListItem","@id":"https:\/\/www.binauralmedia.org\/news\/arquivo\/category\/news#listItem","name":"Not\u00edcias"}},{"@type":"ListItem","@id":"https:\/\/www.binauralmedia.org\/news\/arquivo\/category\/news#listItem","position":2,"name":"Not\u00edcias","item":"https:\/\/www.binauralmedia.org\/news\/arquivo\/category\/news","nextItem":{"@type":"ListItem","@id":"https:\/\/www.binauralmedia.org\/news\/arquivo\/10877#listItem","name":"Binaural\/Nodar apresenta projeto &#8220;Da Serra para a F\u00e1brica&#8221;"},"previousItem":{"@type":"ListItem","@id":"https:\/\/www.binauralmedia.org\/news#listItem","name":"Home"}},{"@type":"ListItem","@id":"https:\/\/www.binauralmedia.org\/news\/arquivo\/10877#listItem","position":3,"name":"Binaural\/Nodar apresenta projeto &#8220;Da Serra para a F\u00e1brica&#8221;","previousItem":{"@type":"ListItem","@id":"https:\/\/www.binauralmedia.org\/news\/arquivo\/category\/news#listItem","name":"Not\u00edcias"}}]},{"@type":"Organization","@id":"https:\/\/www.binauralmedia.org\/news\/#organization","name":"binauralmedia.org","description":"Rural Based Sound\/Media Arts & Social Research","url":"https:\/\/www.binauralmedia.org\/news\/"},{"@type":"Person","@id":"https:\/\/www.binauralmedia.org\/news\/arquivo\/author\/luiscosta#author","url":"https:\/\/www.binauralmedia.org\/news\/arquivo\/author\/luiscosta","name":"luiscosta"},{"@type":"WebPage","@id":"https:\/\/www.binauralmedia.org\/news\/arquivo\/10877#webpage","url":"https:\/\/www.binauralmedia.org\/news\/arquivo\/10877","name":"Binaural\/Nodar apresenta projeto \u201cDa Serra para a F\u00e1brica\u201d - binauralmedia.org","description":"Hoje 21\/10, a Binaural Nodar esteve presente na Casa Concelho Castro Daire em Lisboa situada na Rua do Vale Formoso de Cima, Junta de Freguesia de Marvila, no \u00e2mbito do encontro de homenagem aos escritores castrenses organizado pelo Munic\u00edpio de Castro Daire e pela referida casa. Luis Gomes da Costa, coordenador da Binaural\/Nodar, apresentou ao muito p\u00fablico presente o projeto","inLanguage":"pt-PT","isPartOf":{"@id":"https:\/\/www.binauralmedia.org\/news\/#website"},"breadcrumb":{"@id":"https:\/\/www.binauralmedia.org\/news\/arquivo\/10877#breadcrumblist"},"author":{"@id":"https:\/\/www.binauralmedia.org\/news\/arquivo\/author\/luiscosta#author"},"creator":{"@id":"https:\/\/www.binauralmedia.org\/news\/arquivo\/author\/luiscosta#author"},"image":{"@type":"ImageObject","url":"https:\/\/www.binauralmedia.org\/news\/wp-content\/uploads\/Capturar-12.png","@id":"https:\/\/www.binauralmedia.org\/news\/arquivo\/10877\/#mainImage","width":316,"height":296},"primaryImageOfPage":{"@id":"https:\/\/www.binauralmedia.org\/news\/arquivo\/10877#mainImage"},"datePublished":"2018-10-21T10:13:21+00:00","dateModified":"2021-08-16T15:40:50+00:00"},{"@type":"WebSite","@id":"https:\/\/www.binauralmedia.org\/news\/#website","url":"https:\/\/www.binauralmedia.org\/news\/","name":"binauralmedia.org","description":"Rural Based Sound\/Media Arts & Social Research","inLanguage":"pt-PT","publisher":{"@id":"https:\/\/www.binauralmedia.org\/news\/#organization"}}]},"og:locale":"pt_PT","og:site_name":"binauralmedia.org - Rural Based Sound\/Media Arts &amp; Social Research","og:type":"article","og:title":"Binaural\/Nodar apresenta projeto \u201cDa Serra para a F\u00e1brica\u201d - binauralmedia.org","og:description":"Hoje 21\/10, a Binaural Nodar esteve presente na Casa Concelho Castro Daire em Lisboa situada na Rua do Vale Formoso de Cima, Junta de Freguesia de Marvila, no \u00e2mbito do encontro de homenagem aos escritores castrenses organizado pelo Munic\u00edpio de Castro Daire e pela referida casa. Luis Gomes da Costa, coordenador da Binaural\/Nodar, apresentou ao muito p\u00fablico presente o projeto","og:url":"https:\/\/www.binauralmedia.org\/news\/arquivo\/10877","article:published_time":"2018-10-21T10:13:21+00:00","article:modified_time":"2021-08-16T15:40:50+00:00","twitter:card":"summary_large_image","twitter:title":"Binaural\/Nodar apresenta projeto \u201cDa Serra para a F\u00e1brica\u201d - binauralmedia.org","twitter:description":"Hoje 21\/10, a Binaural Nodar esteve presente na Casa Concelho Castro Daire em Lisboa situada na Rua do Vale Formoso de Cima, Junta de Freguesia de Marvila, no \u00e2mbito do encontro de homenagem aos escritores castrenses organizado pelo Munic\u00edpio de Castro Daire e pela referida casa. Luis Gomes da Costa, coordenador da Binaural\/Nodar, apresentou ao muito p\u00fablico presente o projeto"},"aioseo_meta_data":{"post_id":"10877","title":null,"description":null,"keywords":null,"keyphrases":null,"primary_term":null,"canonical_url":null,"og_title":null,"og_description":null,"og_object_type":"default","og_image_type":"default","og_image_custom_url":null,"og_image_custom_fields":null,"og_image_url":null,"og_image_width":null,"og_image_height":null,"og_video":null,"og_custom_url":null,"og_article_section":null,"og_article_tags":null,"twitter_use_og":false,"twitter_card":"default","twitter_image_type":"default","twitter_image_custom_url":null,"twitter_image_custom_fields":null,"twitter_image_url":null,"twitter_title":null,"twitter_description":null,"schema_type":"default","schema_type_options":null,"schema":{"blockGraphs":[],"customGraphs":[],"default":{"data":{"Article":[],"Course":[],"Dataset":[],"FAQPage":[],"Movie":[],"Person":[],"Product":[],"ProductReview":[],"Car":[],"Recipe":[],"Service":[],"SoftwareApplication":[],"WebPage":[]},"graphName":"","isEnabled":true},"graphs":[]},"pillar_content":false,"robots_default":true,"robots_noindex":false,"robots_noarchive":false,"robots_nosnippet":false,"robots_nofollow":false,"robots_noimageindex":false,"robots_noodp":false,"robots_notranslate":false,"robots_max_snippet":null,"robots_max_videopreview":null,"robots_max_imagepreview":"large","priority":null,"frequency":null,"local_seo":null,"limit_modified_date":false,"ai":null,"breadcrumb_settings":null,"seo_analyzer_scan_date":null,"created":"2026-08-05 03:51:03","updated":"2026-08-05 03:51:03","focus_keyword":null,"additional_keywords":null,"truseo_locale":null},"aioseo_breadcrumb":"<div class=\"aioseo-breadcrumbs\"><span class=\"aioseo-breadcrumb\">\n\t\t\t<a href=\"https:\/\/www.binauralmedia.org\/news\" title=\"Home\">Home<\/a>\n\t\t<\/span><span class=\"aioseo-breadcrumb-separator\">&raquo;<\/span><span class=\"aioseo-breadcrumb\">\n\t\t\t<a href=\"https:\/\/www.binauralmedia.org\/news\/arquivo\/category\/news\" title=\"Not\u00edcias\">Not\u00edcias<\/a>\n\t\t<\/span><span class=\"aioseo-breadcrumb-separator\">&raquo;<\/span><span class=\"aioseo-breadcrumb\">\n\t\t\tBinaural\/Nodar apresenta projeto \u201cDa Serra para a F\u00e1brica\u201d\n\t\t<\/span><\/div>","aioseo_breadcrumb_json":[{"label":"Home","link":"https:\/\/www.binauralmedia.org\/news"},{"label":"Not\u00edcias","link":"https:\/\/www.binauralmedia.org\/news\/arquivo\/category\/news"},{"label":"Binaural\/Nodar apresenta projeto &#8220;Da Serra para a F\u00e1brica&#8221;","link":"https:\/\/www.binauralmedia.org\/news\/arquivo\/10877"}],"_links":{"self":[{"href":"https:\/\/www.binauralmedia.org\/news\/wp-json\/wp\/v2\/posts\/10877","targetHints":{"allow":["GET"]}}],"collection":[{"href":"https:\/\/www.binauralmedia.org\/news\/wp-json\/wp\/v2\/posts"}],"about":[{"href":"https:\/\/www.binauralmedia.org\/news\/wp-json\/wp\/v2\/types\/post"}],"author":[{"embeddable":true,"href":"https:\/\/www.binauralmedia.org\/news\/wp-json\/wp\/v2\/users\/2"}],"replies":[{"embeddable":true,"href":"https:\/\/www.binauralmedia.org\/news\/wp-json\/wp\/v2\/comments?post=10877"}],"version-history":[{"count":2,"href":"https:\/\/www.binauralmedia.org\/news\/wp-json\/wp\/v2\/posts\/10877\/revisions"}],"predecessor-version":[{"id":13356,"href":"https:\/\/www.binauralmedia.org\/news\/wp-json\/wp\/v2\/posts\/10877\/revisions\/13356"}],"wp:featuredmedia":[{"embeddable":true,"href":"https:\/\/www.binauralmedia.org\/news\/wp-json\/wp\/v2\/media\/10882"}],"wp:attachment":[{"href":"https:\/\/www.binauralmedia.org\/news\/wp-json\/wp\/v2\/media?parent=10877"}],"wp:term":[{"taxonomy":"category","embeddable":true,"href":"https:\/\/www.binauralmedia.org\/news\/wp-json\/wp\/v2\/categories?post=10877"},{"taxonomy":"post_tag","embeddable":true,"href":"https:\/\/www.binauralmedia.org\/news\/wp-json\/wp\/v2\/tags?post=10877"}],"curies":[{"name":"wp","href":"https:\/\/api.w.org\/{rel}","templated":true}]}}