{"id":10855,"date":"2018-10-07T10:12:06","date_gmt":"2018-10-07T10:12:06","guid":{"rendered":"https:\/\/binauralmedia.org\/news\/?p=10855"},"modified":"2021-08-16T15:40:49","modified_gmt":"2021-08-16T15:40:49","slug":"inauguracao-da-exposicao-arquitectura-em-contexto-rural","status":"publish","type":"post","link":"https:\/\/www.binauralmedia.org\/news\/arquivo\/10855","title":{"rendered":"Inaugura\u00e7\u00e3o da exposi\u00e7\u00e3o &#8220;Arquitectura em Contexto Rural&#8221;"},"content":{"rendered":"<div class=\"fusion-fullwidth fullwidth-box fusion-builder-row-1 nonhundred-percent-fullwidth non-hundred-percent-height-scrolling\" style=\"--awb-border-radius-top-left:0px;--awb-border-radius-top-right:0px;--awb-border-radius-bottom-right:0px;--awb-border-radius-bottom-left:0px;--awb-flex-wrap:wrap;\" ><div class=\"fusion-builder-row fusion-row\"><div class=\"fusion-layout-column fusion_builder_column fusion-builder-column-0 fusion_builder_column_1_1 1_1 fusion-one-full fusion-column-first fusion-column-last\" style=\"--awb-bg-size:cover;--awb-margin-bottom:0px;\"><div class=\"fusion-column-wrapper fusion-flex-column-wrapper-legacy\"><div class=\"fusion-text fusion-text-1\"><p>O Laf\u00f5es Cult Lab, espa\u00e7o da\u00a0Binaural Nodar\u00a0em Vouzela, acolheu no passado dia 4\/10 a inaugura\u00e7\u00e3o da exposi\u00e7\u00e3o &#8220;Arquitectura em Contexto Rural&#8221; com curadoria do\u00a0N\u00facleo de Arquitectos da Regi\u00e3o de Viseu\u00a0e apoio do\u00a0Munic\u00edpio de Vouzela\u00a0e da\u00a0Binaural Nodar, a qual apresenta dezenas de projetos de arquitectura concebidos e implementados em v\u00e1rias zonas rurais do distrito de Viseu.<\/p>\n<p>A inaugura\u00e7\u00e3o contou com a presen\u00e7a do Presidente do\u00a0Munic\u00edpio de Vouzela, Eng\u00ba\u00a0Rui Ladeira\u00a0e muito\u00a0<span class=\"text_exposed_show\">p\u00fablico interessado.<\/span><\/p>\n<div class=\"text_exposed_show\">\n<p>A exposi\u00e7\u00e3o &#8220;Arquitectura em Contexto Rural&#8221; estar\u00e1 patente nos dias \u00fateis das 10h00 \u00e0s 17h00 at\u00e9 31 de outubro, podendo serem organizadas visitas guiadas com a presen\u00e7a de arquitectos do NARV. (contactar 232 723 160 ou diana.silva@binauralmedia.org para marca\u00e7\u00f5es de visitas guiadas).<\/p>\n<p>Fotografias de\u00a0Liliana Silva\u00a0(Binaural\/Nodar).<\/p>\n<p><img decoding=\"async\" class=\"lazyload alignnone size-full wp-image-10856\" src=\"http:\/\/www.binauralmedia.org\/news\/\/wp-content\/uploads\/43206417_1973197536060332_3193650042497925120_n.jpg\" data-orig-src=\"http:\/\/www.binauralmedia.org\/news\/\/wp-content\/uploads\/43206417_1973197536060332_3193650042497925120_n.jpg\" alt=\"\" width=\"960\" height=\"540\" srcset=\"data:image\/svg+xml,%3Csvg%20xmlns%3D%27http%3A%2F%2Fwww.w3.org%2F2000%2Fsvg%27%20width%3D%27960%27%20height%3D%27540%27%20viewBox%3D%270%200%20960%20540%27%3E%3Crect%20width%3D%27960%27%20height%3D%27540%27%20fill-opacity%3D%220%22%2F%3E%3C%2Fsvg%3E\" data-srcset=\"https:\/\/www.binauralmedia.org\/news\/wp-content\/uploads\/43206417_1973197536060332_3193650042497925120_n-200x113.jpg 200w, https:\/\/www.binauralmedia.org\/news\/wp-content\/uploads\/43206417_1973197536060332_3193650042497925120_n-400x225.jpg 400w, https:\/\/www.binauralmedia.org\/news\/wp-content\/uploads\/43206417_1973197536060332_3193650042497925120_n-500x281.jpg 500w, https:\/\/www.binauralmedia.org\/news\/wp-content\/uploads\/43206417_1973197536060332_3193650042497925120_n-533x300.jpg 533w, https:\/\/www.binauralmedia.org\/news\/wp-content\/uploads\/43206417_1973197536060332_3193650042497925120_n-600x338.jpg 600w, https:\/\/www.binauralmedia.org\/news\/wp-content\/uploads\/43206417_1973197536060332_3193650042497925120_n-768x432.jpg 768w, https:\/\/www.binauralmedia.org\/news\/wp-content\/uploads\/43206417_1973197536060332_3193650042497925120_n-800x450.jpg 800w, https:\/\/www.binauralmedia.org\/news\/wp-content\/uploads\/43206417_1973197536060332_3193650042497925120_n.jpg 960w\" data-sizes=\"auto\" data-orig-sizes=\"(max-width: 960px) 100vw, 960px\" \/> <img decoding=\"async\" class=\"lazyload alignnone size-full wp-image-10857\" src=\"http:\/\/www.binauralmedia.org\/news\/\/wp-content\/uploads\/43237170_1973197166060369_8094387183852453888_n.jpg\" data-orig-src=\"http:\/\/www.binauralmedia.org\/news\/\/wp-content\/uploads\/43237170_1973197166060369_8094387183852453888_n.jpg\" alt=\"\" width=\"960\" height=\"540\" srcset=\"data:image\/svg+xml,%3Csvg%20xmlns%3D%27http%3A%2F%2Fwww.w3.org%2F2000%2Fsvg%27%20width%3D%27960%27%20height%3D%27540%27%20viewBox%3D%270%200%20960%20540%27%3E%3Crect%20width%3D%27960%27%20height%3D%27540%27%20fill-opacity%3D%220%22%2F%3E%3C%2Fsvg%3E\" data-srcset=\"https:\/\/www.binauralmedia.org\/news\/wp-content\/uploads\/43237170_1973197166060369_8094387183852453888_n-200x113.jpg 200w, https:\/\/www.binauralmedia.org\/news\/wp-content\/uploads\/43237170_1973197166060369_8094387183852453888_n-400x225.jpg 400w, https:\/\/www.binauralmedia.org\/news\/wp-content\/uploads\/43237170_1973197166060369_8094387183852453888_n-500x281.jpg 500w, https:\/\/www.binauralmedia.org\/news\/wp-content\/uploads\/43237170_1973197166060369_8094387183852453888_n-533x300.jpg 533w, https:\/\/www.binauralmedia.org\/news\/wp-content\/uploads\/43237170_1973197166060369_8094387183852453888_n-600x338.jpg 600w, https:\/\/www.binauralmedia.org\/news\/wp-content\/uploads\/43237170_1973197166060369_8094387183852453888_n-768x432.jpg 768w, https:\/\/www.binauralmedia.org\/news\/wp-content\/uploads\/43237170_1973197166060369_8094387183852453888_n-800x450.jpg 800w, https:\/\/www.binauralmedia.org\/news\/wp-content\/uploads\/43237170_1973197166060369_8094387183852453888_n.jpg 960w\" data-sizes=\"auto\" data-orig-sizes=\"(max-width: 960px) 100vw, 960px\" \/> <img decoding=\"async\" class=\"lazyload alignnone size-full wp-image-10858\" src=\"http:\/\/www.binauralmedia.org\/news\/\/wp-content\/uploads\/43290994_1973196939393725_4565801821947297792_n.jpg\" data-orig-src=\"http:\/\/www.binauralmedia.org\/news\/\/wp-content\/uploads\/43290994_1973196939393725_4565801821947297792_n.jpg\" alt=\"\" width=\"960\" height=\"514\" srcset=\"data:image\/svg+xml,%3Csvg%20xmlns%3D%27http%3A%2F%2Fwww.w3.org%2F2000%2Fsvg%27%20width%3D%27960%27%20height%3D%27514%27%20viewBox%3D%270%200%20960%20514%27%3E%3Crect%20width%3D%27960%27%20height%3D%27514%27%20fill-opacity%3D%220%22%2F%3E%3C%2Fsvg%3E\" data-srcset=\"https:\/\/www.binauralmedia.org\/news\/wp-content\/uploads\/43290994_1973196939393725_4565801821947297792_n-200x107.jpg 200w, https:\/\/www.binauralmedia.org\/news\/wp-content\/uploads\/43290994_1973196939393725_4565801821947297792_n-400x214.jpg 400w, https:\/\/www.binauralmedia.org\/news\/wp-content\/uploads\/43290994_1973196939393725_4565801821947297792_n-500x268.jpg 500w, https:\/\/www.binauralmedia.org\/news\/wp-content\/uploads\/43290994_1973196939393725_4565801821947297792_n-560x300.jpg 560w, https:\/\/www.binauralmedia.org\/news\/wp-content\/uploads\/43290994_1973196939393725_4565801821947297792_n-600x321.jpg 600w, https:\/\/www.binauralmedia.org\/news\/wp-content\/uploads\/43290994_1973196939393725_4565801821947297792_n-768x411.jpg 768w, https:\/\/www.binauralmedia.org\/news\/wp-content\/uploads\/43290994_1973196939393725_4565801821947297792_n-800x428.jpg 800w, https:\/\/www.binauralmedia.org\/news\/wp-content\/uploads\/43290994_1973196939393725_4565801821947297792_n.jpg 960w\" data-sizes=\"auto\" data-orig-sizes=\"(max-width: 960px) 100vw, 960px\" \/><\/p>\n<\/div>\n<\/div><div class=\"fusion-clearfix\"><\/div><\/div><\/div><\/div><\/div>\n","protected":false},"excerpt":{"rendered":"","protected":false},"author":2,"featured_media":10859,"comment_status":"closed","ping_status":"closed","sticky":false,"template":"","format":"standard","meta":{"_acf_changed":false,"_bbp_topic_count":0,"_bbp_reply_count":0,"_bbp_total_topic_count":0,"_bbp_total_reply_count":0,"_bbp_voice_count":0,"_bbp_anonymous_reply_count":0,"_bbp_topic_count_hidden":0,"_bbp_reply_count_hidden":0,"_bbp_forum_subforum_count":0,"footnotes":""},"categories":[1],"tags":[],"class_list":["post-10855","post","type-post","status-publish","format-standard","has-post-thumbnail","hentry","category-news"],"acf":[],"aioseo_notices":[],"aioseo_head":"\n\t\t<!-- All in One SEO 5.0.1.1 - aioseo.com -->\n\t<meta name=\"description\" content=\"O Laf\u00f5es Cult Lab, espa\u00e7o da Binaural Nodar em Vouzela, acolheu no passado dia 4\/10 a inaugura\u00e7\u00e3o da exposi\u00e7\u00e3o \u201cArquitectura em Contexto Rural\u201d com curadoria do N\u00facleo de Arquitectos da Regi\u00e3o de Viseu e apoio do Munic\u00edpio de Vouzela e da Binaural Nodar, a qual apresenta dezenas de projetos de arquitectura concebidos e implementados em v\u00e1rias zonas rurais do distrito de Viseu.\" \/>\n\t<meta name=\"robots\" content=\"max-image-preview:large\" \/>\n\t<meta name=\"author\" content=\"luiscosta\"\/>\n\t<link rel=\"canonical\" href=\"https:\/\/www.binauralmedia.org\/news\/arquivo\/10855\" \/>\n\t<meta name=\"generator\" content=\"All in One SEO (AIOSEO) 5.0.1.1\" \/>\n\t\t<meta property=\"og:locale\" content=\"pt_PT\" \/>\n\t\t<meta property=\"og:site_name\" content=\"binauralmedia.org - Rural Based Sound\/Media Arts &amp; Social Research\" \/>\n\t\t<meta property=\"og:type\" content=\"article\" \/>\n\t\t<meta property=\"og:title\" content=\"Inaugura\u00e7\u00e3o da exposi\u00e7\u00e3o \u201cArquitectura em Contexto Rural\u201d - binauralmedia.org\" \/>\n\t\t<meta property=\"og:description\" content=\"O Laf\u00f5es Cult Lab, espa\u00e7o da Binaural Nodar em Vouzela, acolheu no passado dia 4\/10 a inaugura\u00e7\u00e3o da exposi\u00e7\u00e3o \u201cArquitectura em Contexto Rural\u201d com curadoria do N\u00facleo de Arquitectos da Regi\u00e3o de Viseu e apoio do Munic\u00edpio de Vouzela e da Binaural Nodar, a qual apresenta dezenas de projetos de arquitectura concebidos e implementados em v\u00e1rias zonas rurais do distrito de Viseu.\" \/>\n\t\t<meta property=\"og:url\" content=\"https:\/\/www.binauralmedia.org\/news\/arquivo\/10855\" \/>\n\t\t<meta property=\"article:published_time\" content=\"2018-10-07T10:12:06+00:00\" \/>\n\t\t<meta property=\"article:modified_time\" content=\"2021-08-16T15:40:49+00:00\" \/>\n\t\t<meta name=\"twitter:card\" content=\"summary_large_image\" \/>\n\t\t<meta name=\"twitter:title\" content=\"Inaugura\u00e7\u00e3o da exposi\u00e7\u00e3o \u201cArquitectura em Contexto Rural\u201d - binauralmedia.org\" \/>\n\t\t<meta name=\"twitter:description\" content=\"O Laf\u00f5es Cult Lab, espa\u00e7o da Binaural Nodar em Vouzela, acolheu no passado dia 4\/10 a inaugura\u00e7\u00e3o da exposi\u00e7\u00e3o \u201cArquitectura em Contexto Rural\u201d com curadoria do N\u00facleo de Arquitectos da Regi\u00e3o de Viseu e apoio do Munic\u00edpio de Vouzela e da Binaural Nodar, a qual apresenta dezenas de projetos de arquitectura concebidos e implementados em v\u00e1rias zonas rurais do distrito de Viseu.\" \/>\n\t\t<script type=\"application\/ld+json\" class=\"aioseo-schema\">\n\t\t\t{\"@context\":\"https:\\\/\\\/schema.org\",\"@graph\":[{\"@type\":\"BlogPosting\",\"@id\":\"https:\\\/\\\/www.binauralmedia.org\\\/news\\\/arquivo\\\/10855#blogposting\",\"name\":\"Inaugura\\u00e7\\u00e3o da exposi\\u00e7\\u00e3o \\u201cArquitectura em Contexto Rural\\u201d - binauralmedia.org\",\"headline\":\"Inaugura\\u00e7\\u00e3o da exposi\\u00e7\\u00e3o &#8220;Arquitectura em Contexto Rural&#8221;\",\"author\":{\"@id\":\"https:\\\/\\\/www.binauralmedia.org\\\/news\\\/arquivo\\\/author\\\/luiscosta#author\"},\"publisher\":{\"@id\":\"https:\\\/\\\/www.binauralmedia.org\\\/news\\\/#organization\"},\"image\":{\"@type\":\"ImageObject\",\"url\":\"https:\\\/\\\/www.binauralmedia.org\\\/news\\\/wp-content\\\/uploads\\\/43228406_1973197592726993_1750873633309327360_n.jpg\",\"width\":540,\"height\":960},\"datePublished\":\"2018-10-07T10:12:06+00:00\",\"dateModified\":\"2021-08-16T15:40:49+00:00\",\"inLanguage\":\"pt-PT\",\"mainEntityOfPage\":{\"@id\":\"https:\\\/\\\/www.binauralmedia.org\\\/news\\\/arquivo\\\/10855#webpage\"},\"isPartOf\":{\"@id\":\"https:\\\/\\\/www.binauralmedia.org\\\/news\\\/arquivo\\\/10855#webpage\"},\"articleSection\":\"Not\\u00edcias\"},{\"@type\":\"BreadcrumbList\",\"@id\":\"https:\\\/\\\/www.binauralmedia.org\\\/news\\\/arquivo\\\/10855#breadcrumblist\",\"itemListElement\":[{\"@type\":\"ListItem\",\"@id\":\"https:\\\/\\\/www.binauralmedia.org\\\/news#listItem\",\"position\":1,\"name\":\"Home\",\"item\":\"https:\\\/\\\/www.binauralmedia.org\\\/news\",\"nextItem\":{\"@type\":\"ListItem\",\"@id\":\"https:\\\/\\\/www.binauralmedia.org\\\/news\\\/arquivo\\\/category\\\/news#listItem\",\"name\":\"Not\\u00edcias\"}},{\"@type\":\"ListItem\",\"@id\":\"https:\\\/\\\/www.binauralmedia.org\\\/news\\\/arquivo\\\/category\\\/news#listItem\",\"position\":2,\"name\":\"Not\\u00edcias\",\"item\":\"https:\\\/\\\/www.binauralmedia.org\\\/news\\\/arquivo\\\/category\\\/news\",\"nextItem\":{\"@type\":\"ListItem\",\"@id\":\"https:\\\/\\\/www.binauralmedia.org\\\/news\\\/arquivo\\\/10855#listItem\",\"name\":\"Inaugura\\u00e7\\u00e3o da exposi\\u00e7\\u00e3o &#8220;Arquitectura em Contexto Rural&#8221;\"},\"previousItem\":{\"@type\":\"ListItem\",\"@id\":\"https:\\\/\\\/www.binauralmedia.org\\\/news#listItem\",\"name\":\"Home\"}},{\"@type\":\"ListItem\",\"@id\":\"https:\\\/\\\/www.binauralmedia.org\\\/news\\\/arquivo\\\/10855#listItem\",\"position\":3,\"name\":\"Inaugura\\u00e7\\u00e3o da exposi\\u00e7\\u00e3o &#8220;Arquitectura em Contexto Rural&#8221;\",\"previousItem\":{\"@type\":\"ListItem\",\"@id\":\"https:\\\/\\\/www.binauralmedia.org\\\/news\\\/arquivo\\\/category\\\/news#listItem\",\"name\":\"Not\\u00edcias\"}}]},{\"@type\":\"Organization\",\"@id\":\"https:\\\/\\\/www.binauralmedia.org\\\/news\\\/#organization\",\"name\":\"binauralmedia.org\",\"description\":\"Rural Based Sound\\\/Media Arts & Social Research\",\"url\":\"https:\\\/\\\/www.binauralmedia.org\\\/news\\\/\"},{\"@type\":\"Person\",\"@id\":\"https:\\\/\\\/www.binauralmedia.org\\\/news\\\/arquivo\\\/author\\\/luiscosta#author\",\"url\":\"https:\\\/\\\/www.binauralmedia.org\\\/news\\\/arquivo\\\/author\\\/luiscosta\",\"name\":\"luiscosta\"},{\"@type\":\"WebPage\",\"@id\":\"https:\\\/\\\/www.binauralmedia.org\\\/news\\\/arquivo\\\/10855#webpage\",\"url\":\"https:\\\/\\\/www.binauralmedia.org\\\/news\\\/arquivo\\\/10855\",\"name\":\"Inaugura\\u00e7\\u00e3o da exposi\\u00e7\\u00e3o \\u201cArquitectura em Contexto Rural\\u201d - binauralmedia.org\",\"description\":\"O Laf\\u00f5es Cult Lab, espa\\u00e7o da Binaural Nodar em Vouzela, acolheu no passado dia 4\\\/10 a inaugura\\u00e7\\u00e3o da exposi\\u00e7\\u00e3o \\u201cArquitectura em Contexto Rural\\u201d com curadoria do N\\u00facleo de Arquitectos da Regi\\u00e3o de Viseu e apoio do Munic\\u00edpio de Vouzela e da Binaural Nodar, a qual apresenta dezenas de projetos de arquitectura concebidos e implementados em v\\u00e1rias zonas rurais do distrito de Viseu.\",\"inLanguage\":\"pt-PT\",\"isPartOf\":{\"@id\":\"https:\\\/\\\/www.binauralmedia.org\\\/news\\\/#website\"},\"breadcrumb\":{\"@id\":\"https:\\\/\\\/www.binauralmedia.org\\\/news\\\/arquivo\\\/10855#breadcrumblist\"},\"author\":{\"@id\":\"https:\\\/\\\/www.binauralmedia.org\\\/news\\\/arquivo\\\/author\\\/luiscosta#author\"},\"creator\":{\"@id\":\"https:\\\/\\\/www.binauralmedia.org\\\/news\\\/arquivo\\\/author\\\/luiscosta#author\"},\"image\":{\"@type\":\"ImageObject\",\"url\":\"https:\\\/\\\/www.binauralmedia.org\\\/news\\\/wp-content\\\/uploads\\\/43228406_1973197592726993_1750873633309327360_n.jpg\",\"@id\":\"https:\\\/\\\/www.binauralmedia.org\\\/news\\\/arquivo\\\/10855\\\/#mainImage\",\"width\":540,\"height\":960},\"primaryImageOfPage\":{\"@id\":\"https:\\\/\\\/www.binauralmedia.org\\\/news\\\/arquivo\\\/10855#mainImage\"},\"datePublished\":\"2018-10-07T10:12:06+00:00\",\"dateModified\":\"2021-08-16T15:40:49+00:00\"},{\"@type\":\"WebSite\",\"@id\":\"https:\\\/\\\/www.binauralmedia.org\\\/news\\\/#website\",\"url\":\"https:\\\/\\\/www.binauralmedia.org\\\/news\\\/\",\"name\":\"binauralmedia.org\",\"description\":\"Rural Based Sound\\\/Media Arts & Social Research\",\"inLanguage\":\"pt-PT\",\"publisher\":{\"@id\":\"https:\\\/\\\/www.binauralmedia.org\\\/news\\\/#organization\"}}]}\n\t\t<\/script>\n\t\t<!-- All in One SEO -->\n\n","aioseo_head_json":{"title":"Inaugura\u00e7\u00e3o da exposi\u00e7\u00e3o \u201cArquitectura em Contexto Rural\u201d - binauralmedia.org","description":"O Laf\u00f5es Cult Lab, espa\u00e7o da Binaural Nodar em Vouzela, acolheu no passado dia 4\/10 a inaugura\u00e7\u00e3o da exposi\u00e7\u00e3o \u201cArquitectura em Contexto Rural\u201d com curadoria do N\u00facleo de Arquitectos da Regi\u00e3o de Viseu e apoio do Munic\u00edpio de Vouzela e da Binaural Nodar, a qual apresenta dezenas de projetos de arquitectura concebidos e implementados em v\u00e1rias zonas rurais do distrito de Viseu.","canonical_url":"https:\/\/www.binauralmedia.org\/news\/arquivo\/10855","robots":"max-image-preview:large","keywords":"","webmasterTools":{"miscellaneous":""},"schema":{"@context":"https:\/\/schema.org","@graph":[{"@type":"BlogPosting","@id":"https:\/\/www.binauralmedia.org\/news\/arquivo\/10855#blogposting","name":"Inaugura\u00e7\u00e3o da exposi\u00e7\u00e3o \u201cArquitectura em Contexto Rural\u201d - binauralmedia.org","headline":"Inaugura\u00e7\u00e3o da exposi\u00e7\u00e3o &#8220;Arquitectura em Contexto Rural&#8221;","author":{"@id":"https:\/\/www.binauralmedia.org\/news\/arquivo\/author\/luiscosta#author"},"publisher":{"@id":"https:\/\/www.binauralmedia.org\/news\/#organization"},"image":{"@type":"ImageObject","url":"https:\/\/www.binauralmedia.org\/news\/wp-content\/uploads\/43228406_1973197592726993_1750873633309327360_n.jpg","width":540,"height":960},"datePublished":"2018-10-07T10:12:06+00:00","dateModified":"2021-08-16T15:40:49+00:00","inLanguage":"pt-PT","mainEntityOfPage":{"@id":"https:\/\/www.binauralmedia.org\/news\/arquivo\/10855#webpage"},"isPartOf":{"@id":"https:\/\/www.binauralmedia.org\/news\/arquivo\/10855#webpage"},"articleSection":"Not\u00edcias"},{"@type":"BreadcrumbList","@id":"https:\/\/www.binauralmedia.org\/news\/arquivo\/10855#breadcrumblist","itemListElement":[{"@type":"ListItem","@id":"https:\/\/www.binauralmedia.org\/news#listItem","position":1,"name":"Home","item":"https:\/\/www.binauralmedia.org\/news","nextItem":{"@type":"ListItem","@id":"https:\/\/www.binauralmedia.org\/news\/arquivo\/category\/news#listItem","name":"Not\u00edcias"}},{"@type":"ListItem","@id":"https:\/\/www.binauralmedia.org\/news\/arquivo\/category\/news#listItem","position":2,"name":"Not\u00edcias","item":"https:\/\/www.binauralmedia.org\/news\/arquivo\/category\/news","nextItem":{"@type":"ListItem","@id":"https:\/\/www.binauralmedia.org\/news\/arquivo\/10855#listItem","name":"Inaugura\u00e7\u00e3o da exposi\u00e7\u00e3o &#8220;Arquitectura em Contexto Rural&#8221;"},"previousItem":{"@type":"ListItem","@id":"https:\/\/www.binauralmedia.org\/news#listItem","name":"Home"}},{"@type":"ListItem","@id":"https:\/\/www.binauralmedia.org\/news\/arquivo\/10855#listItem","position":3,"name":"Inaugura\u00e7\u00e3o da exposi\u00e7\u00e3o &#8220;Arquitectura em Contexto Rural&#8221;","previousItem":{"@type":"ListItem","@id":"https:\/\/www.binauralmedia.org\/news\/arquivo\/category\/news#listItem","name":"Not\u00edcias"}}]},{"@type":"Organization","@id":"https:\/\/www.binauralmedia.org\/news\/#organization","name":"binauralmedia.org","description":"Rural Based Sound\/Media Arts & Social Research","url":"https:\/\/www.binauralmedia.org\/news\/"},{"@type":"Person","@id":"https:\/\/www.binauralmedia.org\/news\/arquivo\/author\/luiscosta#author","url":"https:\/\/www.binauralmedia.org\/news\/arquivo\/author\/luiscosta","name":"luiscosta"},{"@type":"WebPage","@id":"https:\/\/www.binauralmedia.org\/news\/arquivo\/10855#webpage","url":"https:\/\/www.binauralmedia.org\/news\/arquivo\/10855","name":"Inaugura\u00e7\u00e3o da exposi\u00e7\u00e3o \u201cArquitectura em Contexto Rural\u201d - binauralmedia.org","description":"O Laf\u00f5es Cult Lab, espa\u00e7o da Binaural Nodar em Vouzela, acolheu no passado dia 4\/10 a inaugura\u00e7\u00e3o da exposi\u00e7\u00e3o \u201cArquitectura em Contexto Rural\u201d com curadoria do N\u00facleo de Arquitectos da Regi\u00e3o de Viseu e apoio do Munic\u00edpio de Vouzela e da Binaural Nodar, a qual apresenta dezenas de projetos de arquitectura concebidos e implementados em v\u00e1rias zonas rurais do distrito de Viseu.","inLanguage":"pt-PT","isPartOf":{"@id":"https:\/\/www.binauralmedia.org\/news\/#website"},"breadcrumb":{"@id":"https:\/\/www.binauralmedia.org\/news\/arquivo\/10855#breadcrumblist"},"author":{"@id":"https:\/\/www.binauralmedia.org\/news\/arquivo\/author\/luiscosta#author"},"creator":{"@id":"https:\/\/www.binauralmedia.org\/news\/arquivo\/author\/luiscosta#author"},"image":{"@type":"ImageObject","url":"https:\/\/www.binauralmedia.org\/news\/wp-content\/uploads\/43228406_1973197592726993_1750873633309327360_n.jpg","@id":"https:\/\/www.binauralmedia.org\/news\/arquivo\/10855\/#mainImage","width":540,"height":960},"primaryImageOfPage":{"@id":"https:\/\/www.binauralmedia.org\/news\/arquivo\/10855#mainImage"},"datePublished":"2018-10-07T10:12:06+00:00","dateModified":"2021-08-16T15:40:49+00:00"},{"@type":"WebSite","@id":"https:\/\/www.binauralmedia.org\/news\/#website","url":"https:\/\/www.binauralmedia.org\/news\/","name":"binauralmedia.org","description":"Rural Based Sound\/Media Arts & Social Research","inLanguage":"pt-PT","publisher":{"@id":"https:\/\/www.binauralmedia.org\/news\/#organization"}}]},"og:locale":"pt_PT","og:site_name":"binauralmedia.org - Rural Based Sound\/Media Arts &amp; Social Research","og:type":"article","og:title":"Inaugura\u00e7\u00e3o da exposi\u00e7\u00e3o \u201cArquitectura em Contexto Rural\u201d - binauralmedia.org","og:description":"O Laf\u00f5es Cult Lab, espa\u00e7o da Binaural Nodar em Vouzela, acolheu no passado dia 4\/10 a inaugura\u00e7\u00e3o da exposi\u00e7\u00e3o \u201cArquitectura em Contexto Rural\u201d com curadoria do N\u00facleo de Arquitectos da Regi\u00e3o de Viseu e apoio do Munic\u00edpio de Vouzela e da Binaural Nodar, a qual apresenta dezenas de projetos de arquitectura concebidos e implementados em v\u00e1rias zonas rurais do distrito de Viseu.","og:url":"https:\/\/www.binauralmedia.org\/news\/arquivo\/10855","article:published_time":"2018-10-07T10:12:06+00:00","article:modified_time":"2021-08-16T15:40:49+00:00","twitter:card":"summary_large_image","twitter:title":"Inaugura\u00e7\u00e3o da exposi\u00e7\u00e3o \u201cArquitectura em Contexto Rural\u201d - binauralmedia.org","twitter:description":"O Laf\u00f5es Cult Lab, espa\u00e7o da Binaural Nodar em Vouzela, acolheu no passado dia 4\/10 a inaugura\u00e7\u00e3o da exposi\u00e7\u00e3o \u201cArquitectura em Contexto Rural\u201d com curadoria do N\u00facleo de Arquitectos da Regi\u00e3o de Viseu e apoio do Munic\u00edpio de Vouzela e da Binaural Nodar, a qual apresenta dezenas de projetos de arquitectura concebidos e implementados em v\u00e1rias zonas rurais do distrito de Viseu."},"aioseo_meta_data":{"post_id":"10855","title":null,"description":null,"keywords":null,"keyphrases":null,"primary_term":null,"canonical_url":null,"og_title":null,"og_description":null,"og_object_type":"default","og_image_type":"default","og_image_custom_url":null,"og_image_custom_fields":null,"og_image_url":null,"og_image_width":null,"og_image_height":null,"og_video":null,"og_custom_url":null,"og_article_section":null,"og_article_tags":null,"twitter_use_og":false,"twitter_card":"default","twitter_image_type":"default","twitter_image_custom_url":null,"twitter_image_custom_fields":null,"twitter_image_url":null,"twitter_title":null,"twitter_description":null,"schema_type":"default","schema_type_options":null,"schema":{"blockGraphs":[],"customGraphs":[],"default":{"data":{"Article":[],"Course":[],"Dataset":[],"FAQPage":[],"Movie":[],"Person":[],"Product":[],"ProductReview":[],"Car":[],"Recipe":[],"Service":[],"SoftwareApplication":[],"WebPage":[]},"graphName":"","isEnabled":true},"graphs":[]},"pillar_content":false,"robots_default":true,"robots_noindex":false,"robots_noarchive":false,"robots_nosnippet":false,"robots_nofollow":false,"robots_noimageindex":false,"robots_noodp":false,"robots_notranslate":false,"robots_max_snippet":null,"robots_max_videopreview":null,"robots_max_imagepreview":"large","priority":null,"frequency":null,"local_seo":null,"limit_modified_date":false,"ai":null,"breadcrumb_settings":null,"seo_analyzer_scan_date":null,"created":"2026-08-05 03:47:34","updated":"2026-08-05 03:47:34","focus_keyword":null,"additional_keywords":null,"truseo_locale":null},"aioseo_breadcrumb":"<div class=\"aioseo-breadcrumbs\"><span class=\"aioseo-breadcrumb\">\n\t\t\t<a href=\"https:\/\/www.binauralmedia.org\/news\" title=\"Home\">Home<\/a>\n\t\t<\/span><span class=\"aioseo-breadcrumb-separator\">&raquo;<\/span><span class=\"aioseo-breadcrumb\">\n\t\t\t<a href=\"https:\/\/www.binauralmedia.org\/news\/arquivo\/category\/news\" title=\"Not\u00edcias\">Not\u00edcias<\/a>\n\t\t<\/span><span class=\"aioseo-breadcrumb-separator\">&raquo;<\/span><span class=\"aioseo-breadcrumb\">\n\t\t\tInaugura\u00e7\u00e3o da exposi\u00e7\u00e3o \u201cArquitectura em Contexto Rural\u201d\n\t\t<\/span><\/div>","aioseo_breadcrumb_json":[{"label":"Home","link":"https:\/\/www.binauralmedia.org\/news"},{"label":"Not\u00edcias","link":"https:\/\/www.binauralmedia.org\/news\/arquivo\/category\/news"},{"label":"Inaugura\u00e7\u00e3o da exposi\u00e7\u00e3o &#8220;Arquitectura em Contexto Rural&#8221;","link":"https:\/\/www.binauralmedia.org\/news\/arquivo\/10855"}],"_links":{"self":[{"href":"https:\/\/www.binauralmedia.org\/news\/wp-json\/wp\/v2\/posts\/10855","targetHints":{"allow":["GET"]}}],"collection":[{"href":"https:\/\/www.binauralmedia.org\/news\/wp-json\/wp\/v2\/posts"}],"about":[{"href":"https:\/\/www.binauralmedia.org\/news\/wp-json\/wp\/v2\/types\/post"}],"author":[{"embeddable":true,"href":"https:\/\/www.binauralmedia.org\/news\/wp-json\/wp\/v2\/users\/2"}],"replies":[{"embeddable":true,"href":"https:\/\/www.binauralmedia.org\/news\/wp-json\/wp\/v2\/comments?post=10855"}],"version-history":[{"count":3,"href":"https:\/\/www.binauralmedia.org\/news\/wp-json\/wp\/v2\/posts\/10855\/revisions"}],"predecessor-version":[{"id":13352,"href":"https:\/\/www.binauralmedia.org\/news\/wp-json\/wp\/v2\/posts\/10855\/revisions\/13352"}],"wp:featuredmedia":[{"embeddable":true,"href":"https:\/\/www.binauralmedia.org\/news\/wp-json\/wp\/v2\/media\/10859"}],"wp:attachment":[{"href":"https:\/\/www.binauralmedia.org\/news\/wp-json\/wp\/v2\/media?parent=10855"}],"wp:term":[{"taxonomy":"category","embeddable":true,"href":"https:\/\/www.binauralmedia.org\/news\/wp-json\/wp\/v2\/categories?post=10855"},{"taxonomy":"post_tag","embeddable":true,"href":"https:\/\/www.binauralmedia.org\/news\/wp-json\/wp\/v2\/tags?post=10855"}],"curies":[{"name":"wp","href":"https:\/\/api.w.org\/{rel}","templated":true}]}}