{"id":10850,"date":"2018-10-01T11:08:16","date_gmt":"2018-10-01T11:08:16","guid":{"rendered":"https:\/\/binauralmedia.org\/news\/?p=10850"},"modified":"2021-08-16T15:40:49","modified_gmt":"2021-08-16T15:40:49","slug":"sons-e-memorias-do-toco-de-sao-francisco","status":"publish","type":"post","link":"https:\/\/www.binauralmedia.org\/news\/arquivo\/10850","title":{"rendered":"&#8220;Sons e Mem\u00f3rias do Toco de S\u00e3o Francisco&#8221;"},"content":{"rendered":"<p>O Museu do Linho de V\u00e1rzea de Calde, associa-se \u00e0 festividade popular da &#8220;Queima do Toco&#8221;, no pr\u00f3ximo dia 3 de outubro, que decorrer\u00e1 no Largo de S. Francisco na mesma localidade, entre 20h30 \u00e0s 23h. Para o efeito, e excecionalmente, o museu estar\u00e1 de portas abertas e a\u00a0Binaural Nodar\u00a0ter\u00e1 dispon\u00edvel para os visitantes o resultado das recolhas sonoras realizadas sobre a tradi\u00e7\u00e3o, na forma do posto de escuta &#8220;Sons e Mem\u00f3rias do Toco de S\u00e3o Francisco&#8221;<\/p>\n<p>A &#8220;Queima do Toco&#8221; celebra<span class=\"text_exposed_show\">-se em honra de S. Francisco, padroeiro da aldeia de V\u00e1rzea de Calde (Junta de Freguesia de Calde,\u00a0Munic\u00edpio de Viseu), consistindo no puxar de um carro de bois carregado de troncos que, segundo dita a tradi\u00e7\u00e3o, dever\u00e3o ser roubados na floresta por homens solteiros. Os troncos, ou tocos, ser\u00e3o ent\u00e3o utilizados para o atear da fogueira no Largo de S. Francisco. A iniciativa repete-se todos os anos, como manda a tradi\u00e7\u00e3o, sendo usado sempre o mesmo carro de bois para carregar os troncos que ser\u00e3o queimados numa enorme fogueira no largo.<\/span><\/p>\n<div class=\"text_exposed_show\">\n<p>Esta \u00e9 uma manifesta\u00e7\u00e3o popular que pertence \u00e0 riqueza cultural e identidade do concelho de Viseu.<\/p>\n<p><img decoding=\"async\" class=\"lazyload alignnone size-full wp-image-10851\" src=\"http:\/\/www.binauralmedia.org\/news\/\/wp-content\/uploads\/42860139_1967579733288779_3866517013706833920_n.jpg\" data-orig-src=\"http:\/\/www.binauralmedia.org\/news\/\/wp-content\/uploads\/42860139_1967579733288779_3866517013706833920_n.jpg\" alt=\"\" width=\"683\" height=\"960\" srcset=\"data:image\/svg+xml,%3Csvg%20xmlns%3D%27http%3A%2F%2Fwww.w3.org%2F2000%2Fsvg%27%20width%3D%27683%27%20height%3D%27960%27%20viewBox%3D%270%200%20683%20960%27%3E%3Crect%20width%3D%27683%27%20height%3D%27960%27%20fill-opacity%3D%220%22%2F%3E%3C%2Fsvg%3E\" data-srcset=\"https:\/\/www.binauralmedia.org\/news\/wp-content\/uploads\/42860139_1967579733288779_3866517013706833920_n-200x281.jpg 200w, https:\/\/www.binauralmedia.org\/news\/wp-content\/uploads\/42860139_1967579733288779_3866517013706833920_n-213x300.jpg 213w, https:\/\/www.binauralmedia.org\/news\/wp-content\/uploads\/42860139_1967579733288779_3866517013706833920_n-400x562.jpg 400w, https:\/\/www.binauralmedia.org\/news\/wp-content\/uploads\/42860139_1967579733288779_3866517013706833920_n-500x703.jpg 500w, https:\/\/www.binauralmedia.org\/news\/wp-content\/uploads\/42860139_1967579733288779_3866517013706833920_n-600x843.jpg 600w, https:\/\/www.binauralmedia.org\/news\/wp-content\/uploads\/42860139_1967579733288779_3866517013706833920_n.jpg 683w\" data-sizes=\"auto\" data-orig-sizes=\"(max-width: 683px) 100vw, 683px\" \/><\/p>\n<\/div>\n","protected":false},"excerpt":{"rendered":"<p>O Museu do Linho de V\u00e1rzea de Calde, associa-se \u00e0  [&#8230;]<\/p>\n","protected":false},"author":2,"featured_media":10852,"comment_status":"closed","ping_status":"closed","sticky":false,"template":"","format":"standard","meta":{"_acf_changed":false,"_bbp_topic_count":0,"_bbp_reply_count":0,"_bbp_total_topic_count":0,"_bbp_total_reply_count":0,"_bbp_voice_count":0,"_bbp_anonymous_reply_count":0,"_bbp_topic_count_hidden":0,"_bbp_reply_count_hidden":0,"_bbp_forum_subforum_count":0,"footnotes":""},"categories":[1158,1],"tags":[],"class_list":["post-10850","post","type-post","status-publish","format-standard","has-post-thumbnail","hentry","category-visual-sound-ethnograhpy","category-news"],"acf":[],"aioseo_notices":[],"aioseo_head":"\n\t\t<!-- All in One SEO 5.0.1.1 - aioseo.com -->\n\t<meta name=\"description\" content=\"O Museu do Linho de V\u00e1rzea de Calde, associa-se \u00e0 festividade popular da &quot;Queima do Toco&quot;, no pr\u00f3ximo dia 3 de outubro, que decorrer\u00e1 no Largo de S. Francisco na mesma localidade, entre 20h30 \u00e0s 23h. Para o efeito, e excecionalmente, o museu estar\u00e1 de portas abertas e a Binaural Nodar ter\u00e1 dispon\u00edvel para os visitantes o\" \/>\n\t<meta name=\"robots\" content=\"max-image-preview:large\" \/>\n\t<meta name=\"author\" content=\"luiscosta\"\/>\n\t<link rel=\"canonical\" href=\"https:\/\/www.binauralmedia.org\/news\/arquivo\/10850\" \/>\n\t<meta name=\"generator\" content=\"All in One SEO (AIOSEO) 5.0.1.1\" \/>\n\t\t<meta property=\"og:locale\" content=\"pt_PT\" \/>\n\t\t<meta property=\"og:site_name\" content=\"binauralmedia.org - Rural Based Sound\/Media Arts &amp; Social Research\" \/>\n\t\t<meta property=\"og:type\" content=\"article\" \/>\n\t\t<meta property=\"og:title\" content=\"\u201cSons e Mem\u00f3rias do Toco de S\u00e3o Francisco\u201d - binauralmedia.org\" \/>\n\t\t<meta property=\"og:description\" content=\"O Museu do Linho de V\u00e1rzea de Calde, associa-se \u00e0 festividade popular da &quot;Queima do Toco&quot;, no pr\u00f3ximo dia 3 de outubro, que decorrer\u00e1 no Largo de S. Francisco na mesma localidade, entre 20h30 \u00e0s 23h. Para o efeito, e excecionalmente, o museu estar\u00e1 de portas abertas e a Binaural Nodar ter\u00e1 dispon\u00edvel para os visitantes o\" \/>\n\t\t<meta property=\"og:url\" content=\"https:\/\/www.binauralmedia.org\/news\/arquivo\/10850\" \/>\n\t\t<meta property=\"article:published_time\" content=\"2018-10-01T11:08:16+00:00\" \/>\n\t\t<meta property=\"article:modified_time\" content=\"2021-08-16T15:40:49+00:00\" \/>\n\t\t<meta name=\"twitter:card\" content=\"summary_large_image\" \/>\n\t\t<meta name=\"twitter:title\" content=\"\u201cSons e Mem\u00f3rias do Toco de S\u00e3o Francisco\u201d - binauralmedia.org\" \/>\n\t\t<meta name=\"twitter:description\" content=\"O Museu do Linho de V\u00e1rzea de Calde, associa-se \u00e0 festividade popular da &quot;Queima do Toco&quot;, no pr\u00f3ximo dia 3 de outubro, que decorrer\u00e1 no Largo de S. Francisco na mesma localidade, entre 20h30 \u00e0s 23h. Para o efeito, e excecionalmente, o museu estar\u00e1 de portas abertas e a Binaural Nodar ter\u00e1 dispon\u00edvel para os visitantes o\" \/>\n\t\t<script type=\"application\/ld+json\" class=\"aioseo-schema\">\n\t\t\t{\"@context\":\"https:\\\/\\\/schema.org\",\"@graph\":[{\"@type\":\"BlogPosting\",\"@id\":\"https:\\\/\\\/www.binauralmedia.org\\\/news\\\/arquivo\\\/10850#blogposting\",\"name\":\"\\u201cSons e Mem\\u00f3rias do Toco de S\\u00e3o Francisco\\u201d - binauralmedia.org\",\"headline\":\"&#8220;Sons e Mem\\u00f3rias do Toco de S\\u00e3o Francisco&#8221;\",\"author\":{\"@id\":\"https:\\\/\\\/www.binauralmedia.org\\\/news\\\/arquivo\\\/author\\\/luiscosta#author\"},\"publisher\":{\"@id\":\"https:\\\/\\\/www.binauralmedia.org\\\/news\\\/#organization\"},\"image\":{\"@type\":\"ImageObject\",\"url\":\"https:\\\/\\\/www.binauralmedia.org\\\/news\\\/wp-content\\\/uploads\\\/Capturar-9.png\",\"width\":392,\"height\":256},\"datePublished\":\"2018-10-01T11:08:16+00:00\",\"dateModified\":\"2021-08-16T15:40:49+00:00\",\"inLanguage\":\"pt-PT\",\"mainEntityOfPage\":{\"@id\":\"https:\\\/\\\/www.binauralmedia.org\\\/news\\\/arquivo\\\/10850#webpage\"},\"isPartOf\":{\"@id\":\"https:\\\/\\\/www.binauralmedia.org\\\/news\\\/arquivo\\\/10850#webpage\"},\"articleSection\":\"Etnografia Sonora e Visual, Not\\u00edcias\"},{\"@type\":\"BreadcrumbList\",\"@id\":\"https:\\\/\\\/www.binauralmedia.org\\\/news\\\/arquivo\\\/10850#breadcrumblist\",\"itemListElement\":[{\"@type\":\"ListItem\",\"@id\":\"https:\\\/\\\/www.binauralmedia.org\\\/news#listItem\",\"position\":1,\"name\":\"Home\",\"item\":\"https:\\\/\\\/www.binauralmedia.org\\\/news\",\"nextItem\":{\"@type\":\"ListItem\",\"@id\":\"https:\\\/\\\/www.binauralmedia.org\\\/news\\\/arquivo\\\/category\\\/news#listItem\",\"name\":\"Not\\u00edcias\"}},{\"@type\":\"ListItem\",\"@id\":\"https:\\\/\\\/www.binauralmedia.org\\\/news\\\/arquivo\\\/category\\\/news#listItem\",\"position\":2,\"name\":\"Not\\u00edcias\",\"item\":\"https:\\\/\\\/www.binauralmedia.org\\\/news\\\/arquivo\\\/category\\\/news\",\"nextItem\":{\"@type\":\"ListItem\",\"@id\":\"https:\\\/\\\/www.binauralmedia.org\\\/news\\\/arquivo\\\/10850#listItem\",\"name\":\"&#8220;Sons e Mem\\u00f3rias do Toco de S\\u00e3o Francisco&#8221;\"},\"previousItem\":{\"@type\":\"ListItem\",\"@id\":\"https:\\\/\\\/www.binauralmedia.org\\\/news#listItem\",\"name\":\"Home\"}},{\"@type\":\"ListItem\",\"@id\":\"https:\\\/\\\/www.binauralmedia.org\\\/news\\\/arquivo\\\/10850#listItem\",\"position\":3,\"name\":\"&#8220;Sons e Mem\\u00f3rias do Toco de S\\u00e3o Francisco&#8221;\",\"previousItem\":{\"@type\":\"ListItem\",\"@id\":\"https:\\\/\\\/www.binauralmedia.org\\\/news\\\/arquivo\\\/category\\\/news#listItem\",\"name\":\"Not\\u00edcias\"}}]},{\"@type\":\"Organization\",\"@id\":\"https:\\\/\\\/www.binauralmedia.org\\\/news\\\/#organization\",\"name\":\"binauralmedia.org\",\"description\":\"Rural Based Sound\\\/Media Arts & Social Research\",\"url\":\"https:\\\/\\\/www.binauralmedia.org\\\/news\\\/\"},{\"@type\":\"Person\",\"@id\":\"https:\\\/\\\/www.binauralmedia.org\\\/news\\\/arquivo\\\/author\\\/luiscosta#author\",\"url\":\"https:\\\/\\\/www.binauralmedia.org\\\/news\\\/arquivo\\\/author\\\/luiscosta\",\"name\":\"luiscosta\"},{\"@type\":\"WebPage\",\"@id\":\"https:\\\/\\\/www.binauralmedia.org\\\/news\\\/arquivo\\\/10850#webpage\",\"url\":\"https:\\\/\\\/www.binauralmedia.org\\\/news\\\/arquivo\\\/10850\",\"name\":\"\\u201cSons e Mem\\u00f3rias do Toco de S\\u00e3o Francisco\\u201d - binauralmedia.org\",\"description\":\"O Museu do Linho de V\\u00e1rzea de Calde, associa-se \\u00e0 festividade popular da \\\"Queima do Toco\\\", no pr\\u00f3ximo dia 3 de outubro, que decorrer\\u00e1 no Largo de S. Francisco na mesma localidade, entre 20h30 \\u00e0s 23h. Para o efeito, e excecionalmente, o museu estar\\u00e1 de portas abertas e a Binaural Nodar ter\\u00e1 dispon\\u00edvel para os visitantes o\",\"inLanguage\":\"pt-PT\",\"isPartOf\":{\"@id\":\"https:\\\/\\\/www.binauralmedia.org\\\/news\\\/#website\"},\"breadcrumb\":{\"@id\":\"https:\\\/\\\/www.binauralmedia.org\\\/news\\\/arquivo\\\/10850#breadcrumblist\"},\"author\":{\"@id\":\"https:\\\/\\\/www.binauralmedia.org\\\/news\\\/arquivo\\\/author\\\/luiscosta#author\"},\"creator\":{\"@id\":\"https:\\\/\\\/www.binauralmedia.org\\\/news\\\/arquivo\\\/author\\\/luiscosta#author\"},\"image\":{\"@type\":\"ImageObject\",\"url\":\"https:\\\/\\\/www.binauralmedia.org\\\/news\\\/wp-content\\\/uploads\\\/Capturar-9.png\",\"@id\":\"https:\\\/\\\/www.binauralmedia.org\\\/news\\\/arquivo\\\/10850\\\/#mainImage\",\"width\":392,\"height\":256},\"primaryImageOfPage\":{\"@id\":\"https:\\\/\\\/www.binauralmedia.org\\\/news\\\/arquivo\\\/10850#mainImage\"},\"datePublished\":\"2018-10-01T11:08:16+00:00\",\"dateModified\":\"2021-08-16T15:40:49+00:00\"},{\"@type\":\"WebSite\",\"@id\":\"https:\\\/\\\/www.binauralmedia.org\\\/news\\\/#website\",\"url\":\"https:\\\/\\\/www.binauralmedia.org\\\/news\\\/\",\"name\":\"binauralmedia.org\",\"description\":\"Rural Based Sound\\\/Media Arts & Social Research\",\"inLanguage\":\"pt-PT\",\"publisher\":{\"@id\":\"https:\\\/\\\/www.binauralmedia.org\\\/news\\\/#organization\"}}]}\n\t\t<\/script>\n\t\t<!-- All in One SEO -->\n\n","aioseo_head_json":{"title":"\u201cSons e Mem\u00f3rias do Toco de S\u00e3o Francisco\u201d - binauralmedia.org","description":"O Museu do Linho de V\u00e1rzea de Calde, associa-se \u00e0 festividade popular da \"Queima do Toco\", no pr\u00f3ximo dia 3 de outubro, que decorrer\u00e1 no Largo de S. Francisco na mesma localidade, entre 20h30 \u00e0s 23h. Para o efeito, e excecionalmente, o museu estar\u00e1 de portas abertas e a Binaural Nodar ter\u00e1 dispon\u00edvel para os visitantes o","canonical_url":"https:\/\/www.binauralmedia.org\/news\/arquivo\/10850","robots":"max-image-preview:large","keywords":"","webmasterTools":{"miscellaneous":""},"schema":{"@context":"https:\/\/schema.org","@graph":[{"@type":"BlogPosting","@id":"https:\/\/www.binauralmedia.org\/news\/arquivo\/10850#blogposting","name":"\u201cSons e Mem\u00f3rias do Toco de S\u00e3o Francisco\u201d - binauralmedia.org","headline":"&#8220;Sons e Mem\u00f3rias do Toco de S\u00e3o Francisco&#8221;","author":{"@id":"https:\/\/www.binauralmedia.org\/news\/arquivo\/author\/luiscosta#author"},"publisher":{"@id":"https:\/\/www.binauralmedia.org\/news\/#organization"},"image":{"@type":"ImageObject","url":"https:\/\/www.binauralmedia.org\/news\/wp-content\/uploads\/Capturar-9.png","width":392,"height":256},"datePublished":"2018-10-01T11:08:16+00:00","dateModified":"2021-08-16T15:40:49+00:00","inLanguage":"pt-PT","mainEntityOfPage":{"@id":"https:\/\/www.binauralmedia.org\/news\/arquivo\/10850#webpage"},"isPartOf":{"@id":"https:\/\/www.binauralmedia.org\/news\/arquivo\/10850#webpage"},"articleSection":"Etnografia Sonora e Visual, Not\u00edcias"},{"@type":"BreadcrumbList","@id":"https:\/\/www.binauralmedia.org\/news\/arquivo\/10850#breadcrumblist","itemListElement":[{"@type":"ListItem","@id":"https:\/\/www.binauralmedia.org\/news#listItem","position":1,"name":"Home","item":"https:\/\/www.binauralmedia.org\/news","nextItem":{"@type":"ListItem","@id":"https:\/\/www.binauralmedia.org\/news\/arquivo\/category\/news#listItem","name":"Not\u00edcias"}},{"@type":"ListItem","@id":"https:\/\/www.binauralmedia.org\/news\/arquivo\/category\/news#listItem","position":2,"name":"Not\u00edcias","item":"https:\/\/www.binauralmedia.org\/news\/arquivo\/category\/news","nextItem":{"@type":"ListItem","@id":"https:\/\/www.binauralmedia.org\/news\/arquivo\/10850#listItem","name":"&#8220;Sons e Mem\u00f3rias do Toco de S\u00e3o Francisco&#8221;"},"previousItem":{"@type":"ListItem","@id":"https:\/\/www.binauralmedia.org\/news#listItem","name":"Home"}},{"@type":"ListItem","@id":"https:\/\/www.binauralmedia.org\/news\/arquivo\/10850#listItem","position":3,"name":"&#8220;Sons e Mem\u00f3rias do Toco de S\u00e3o Francisco&#8221;","previousItem":{"@type":"ListItem","@id":"https:\/\/www.binauralmedia.org\/news\/arquivo\/category\/news#listItem","name":"Not\u00edcias"}}]},{"@type":"Organization","@id":"https:\/\/www.binauralmedia.org\/news\/#organization","name":"binauralmedia.org","description":"Rural Based Sound\/Media Arts & Social Research","url":"https:\/\/www.binauralmedia.org\/news\/"},{"@type":"Person","@id":"https:\/\/www.binauralmedia.org\/news\/arquivo\/author\/luiscosta#author","url":"https:\/\/www.binauralmedia.org\/news\/arquivo\/author\/luiscosta","name":"luiscosta"},{"@type":"WebPage","@id":"https:\/\/www.binauralmedia.org\/news\/arquivo\/10850#webpage","url":"https:\/\/www.binauralmedia.org\/news\/arquivo\/10850","name":"\u201cSons e Mem\u00f3rias do Toco de S\u00e3o Francisco\u201d - binauralmedia.org","description":"O Museu do Linho de V\u00e1rzea de Calde, associa-se \u00e0 festividade popular da \"Queima do Toco\", no pr\u00f3ximo dia 3 de outubro, que decorrer\u00e1 no Largo de S. Francisco na mesma localidade, entre 20h30 \u00e0s 23h. Para o efeito, e excecionalmente, o museu estar\u00e1 de portas abertas e a Binaural Nodar ter\u00e1 dispon\u00edvel para os visitantes o","inLanguage":"pt-PT","isPartOf":{"@id":"https:\/\/www.binauralmedia.org\/news\/#website"},"breadcrumb":{"@id":"https:\/\/www.binauralmedia.org\/news\/arquivo\/10850#breadcrumblist"},"author":{"@id":"https:\/\/www.binauralmedia.org\/news\/arquivo\/author\/luiscosta#author"},"creator":{"@id":"https:\/\/www.binauralmedia.org\/news\/arquivo\/author\/luiscosta#author"},"image":{"@type":"ImageObject","url":"https:\/\/www.binauralmedia.org\/news\/wp-content\/uploads\/Capturar-9.png","@id":"https:\/\/www.binauralmedia.org\/news\/arquivo\/10850\/#mainImage","width":392,"height":256},"primaryImageOfPage":{"@id":"https:\/\/www.binauralmedia.org\/news\/arquivo\/10850#mainImage"},"datePublished":"2018-10-01T11:08:16+00:00","dateModified":"2021-08-16T15:40:49+00:00"},{"@type":"WebSite","@id":"https:\/\/www.binauralmedia.org\/news\/#website","url":"https:\/\/www.binauralmedia.org\/news\/","name":"binauralmedia.org","description":"Rural Based Sound\/Media Arts & Social Research","inLanguage":"pt-PT","publisher":{"@id":"https:\/\/www.binauralmedia.org\/news\/#organization"}}]},"og:locale":"pt_PT","og:site_name":"binauralmedia.org - Rural Based Sound\/Media Arts &amp; Social Research","og:type":"article","og:title":"\u201cSons e Mem\u00f3rias do Toco de S\u00e3o Francisco\u201d - binauralmedia.org","og:description":"O Museu do Linho de V\u00e1rzea de Calde, associa-se \u00e0 festividade popular da &quot;Queima do Toco&quot;, no pr\u00f3ximo dia 3 de outubro, que decorrer\u00e1 no Largo de S. Francisco na mesma localidade, entre 20h30 \u00e0s 23h. Para o efeito, e excecionalmente, o museu estar\u00e1 de portas abertas e a Binaural Nodar ter\u00e1 dispon\u00edvel para os visitantes o","og:url":"https:\/\/www.binauralmedia.org\/news\/arquivo\/10850","article:published_time":"2018-10-01T11:08:16+00:00","article:modified_time":"2021-08-16T15:40:49+00:00","twitter:card":"summary_large_image","twitter:title":"\u201cSons e Mem\u00f3rias do Toco de S\u00e3o Francisco\u201d - binauralmedia.org","twitter:description":"O Museu do Linho de V\u00e1rzea de Calde, associa-se \u00e0 festividade popular da &quot;Queima do Toco&quot;, no pr\u00f3ximo dia 3 de outubro, que decorrer\u00e1 no Largo de S. Francisco na mesma localidade, entre 20h30 \u00e0s 23h. Para o efeito, e excecionalmente, o museu estar\u00e1 de portas abertas e a Binaural Nodar ter\u00e1 dispon\u00edvel para os visitantes o"},"aioseo_meta_data":{"post_id":"10850","title":null,"description":null,"keywords":null,"keyphrases":null,"primary_term":null,"canonical_url":null,"og_title":null,"og_description":null,"og_object_type":"default","og_image_type":"default","og_image_custom_url":null,"og_image_custom_fields":null,"og_image_url":null,"og_image_width":null,"og_image_height":null,"og_video":null,"og_custom_url":null,"og_article_section":null,"og_article_tags":null,"twitter_use_og":false,"twitter_card":"default","twitter_image_type":"default","twitter_image_custom_url":null,"twitter_image_custom_fields":null,"twitter_image_url":null,"twitter_title":null,"twitter_description":null,"schema_type":"default","schema_type_options":null,"schema":{"blockGraphs":[],"customGraphs":[],"default":{"data":{"Article":[],"Course":[],"Dataset":[],"FAQPage":[],"Movie":[],"Person":[],"Product":[],"ProductReview":[],"Car":[],"Recipe":[],"Service":[],"SoftwareApplication":[],"WebPage":[]},"graphName":"","isEnabled":true},"graphs":[]},"pillar_content":false,"robots_default":true,"robots_noindex":false,"robots_noarchive":false,"robots_nosnippet":false,"robots_nofollow":false,"robots_noimageindex":false,"robots_noodp":false,"robots_notranslate":false,"robots_max_snippet":null,"robots_max_videopreview":null,"robots_max_imagepreview":"large","priority":null,"frequency":null,"local_seo":null,"limit_modified_date":false,"ai":null,"breadcrumb_settings":null,"seo_analyzer_scan_date":null,"created":"2026-08-05 03:47:34","updated":"2026-08-05 03:47:34","focus_keyword":null,"additional_keywords":null,"truseo_locale":null},"aioseo_breadcrumb":"<div class=\"aioseo-breadcrumbs\"><span class=\"aioseo-breadcrumb\">\n\t\t\t<a href=\"https:\/\/www.binauralmedia.org\/news\" title=\"Home\">Home<\/a>\n\t\t<\/span><span class=\"aioseo-breadcrumb-separator\">&raquo;<\/span><span class=\"aioseo-breadcrumb\">\n\t\t\t<a href=\"https:\/\/www.binauralmedia.org\/news\/arquivo\/category\/news\" title=\"Not\u00edcias\">Not\u00edcias<\/a>\n\t\t<\/span><span class=\"aioseo-breadcrumb-separator\">&raquo;<\/span><span class=\"aioseo-breadcrumb\">\n\t\t\t\u201cSons e Mem\u00f3rias do Toco de S\u00e3o Francisco\u201d\n\t\t<\/span><\/div>","aioseo_breadcrumb_json":[{"label":"Home","link":"https:\/\/www.binauralmedia.org\/news"},{"label":"Not\u00edcias","link":"https:\/\/www.binauralmedia.org\/news\/arquivo\/category\/news"},{"label":"&#8220;Sons e Mem\u00f3rias do Toco de S\u00e3o Francisco&#8221;","link":"https:\/\/www.binauralmedia.org\/news\/arquivo\/10850"}],"_links":{"self":[{"href":"https:\/\/www.binauralmedia.org\/news\/wp-json\/wp\/v2\/posts\/10850","targetHints":{"allow":["GET"]}}],"collection":[{"href":"https:\/\/www.binauralmedia.org\/news\/wp-json\/wp\/v2\/posts"}],"about":[{"href":"https:\/\/www.binauralmedia.org\/news\/wp-json\/wp\/v2\/types\/post"}],"author":[{"embeddable":true,"href":"https:\/\/www.binauralmedia.org\/news\/wp-json\/wp\/v2\/users\/2"}],"replies":[{"embeddable":true,"href":"https:\/\/www.binauralmedia.org\/news\/wp-json\/wp\/v2\/comments?post=10850"}],"version-history":[{"count":2,"href":"https:\/\/www.binauralmedia.org\/news\/wp-json\/wp\/v2\/posts\/10850\/revisions"}],"predecessor-version":[{"id":13351,"href":"https:\/\/www.binauralmedia.org\/news\/wp-json\/wp\/v2\/posts\/10850\/revisions\/13351"}],"wp:featuredmedia":[{"embeddable":true,"href":"https:\/\/www.binauralmedia.org\/news\/wp-json\/wp\/v2\/media\/10852"}],"wp:attachment":[{"href":"https:\/\/www.binauralmedia.org\/news\/wp-json\/wp\/v2\/media?parent=10850"}],"wp:term":[{"taxonomy":"category","embeddable":true,"href":"https:\/\/www.binauralmedia.org\/news\/wp-json\/wp\/v2\/categories?post=10850"},{"taxonomy":"post_tag","embeddable":true,"href":"https:\/\/www.binauralmedia.org\/news\/wp-json\/wp\/v2\/tags?post=10850"}],"curies":[{"name":"wp","href":"https:\/\/api.w.org\/{rel}","templated":true}]}}