{"id":10845,"date":"2018-09-28T11:02:45","date_gmt":"2018-09-28T11:02:45","guid":{"rendered":"https:\/\/binauralmedia.org\/news\/?p=10845"},"modified":"2021-08-16T15:40:48","modified_gmt":"2021-08-16T15:40:48","slug":"jornadas-europeias-do-patrimonio","status":"publish","type":"post","link":"https:\/\/www.binauralmedia.org\/news\/arquivo\/10845","title":{"rendered":"Jornadas Europeias do Patrim\u00f3nio"},"content":{"rendered":"<p>A\u00a0Binaural Nodar\u00a0participa com entusiasmo nas\u00a0Jornadas Europeias do Patrim\u00f3nio\u00a0de 2018 atrav\u00e9s da colabora\u00e7\u00e3o com o\u00a0Munic\u00edpio de Viseu\u00a0e o Munic\u00edpio de Castro Daire.<\/p>\n<p>Amanh\u00e3 28\/9, a partir das14h00 ser\u00e1 exibida uma pe\u00e7a sonora, intitulada &#8220;Castro Daire, Minha Terra Sonora&#8221;, composta especialmente por\u00a0Luis Gomes da Costa\u00a0para a sess\u00e3o de partilha de mem\u00f3rias a ter lugar na Biblioteca Municipal de Castro Daire.<\/p>\n<p>Para escutar a pe\u00e7a sonora:\u00a0<span class=\"text_exposed_show\"><br \/>\n<a href=\"https:\/\/soundcloud.com\/binauralmedia\/luis-costa-castro-dair-minha-terra-sonora\" target=\"_blank\" rel=\"noopener nofollow noreferrer\" data-ft=\"{&quot;tn&quot;:&quot;-U&quot;}\" data-lynx-mode=\"async\" data-lynx-uri=\"https:\/\/l.facebook.com\/l.php?u=https%3A%2F%2Fsoundcloud.com%2Fbinauralmedia%2Fluis-costa-castro-dair-minha-terra-sonora&amp;h=AT3poE4OWVWBtNzzEgDBSIGslFPWLoj13HYLSsnYV9Ng_RCbOZClK0ANxOeWyCriN9PNqOstAqdthbOOJX29smRptt-STu7BRDZw2jmmFQJmDW2jyIxYA_ePHGpfsRTFaEC4CoNHKOeb4pJIBKG9EQ_qVXlj3xmY4rpdp9ngDrA5tLWn2sbNWQs_0AZbHT9PU8T1vq3g3JvCB_32-sYIUQdpoFejeDtTkVk0ldFGUHAkMaB8YsG-3X0BKtlU5yJh16lO9iJR2MPZ4ANnynZXF9UaMgMAv7Mi9DBEW7v-2mmxiz2CBUmXXsDE8KzcsPTwe5s6oT-fola9K3vuQ8Z0gN-nhi8k0FFQOyljGr-E_dciDzrrxfNk-o_Si7Mt_2Id_KKgrmNVxTqrhKSRrFV-WbypmrMZKg\">https:\/\/soundcloud.com\/\u2026\/luis-costa-castro-dair-minha-terra\u2026<\/a><\/span><\/p>\n<div class=\"text_exposed_show\">\n<p>Por outro lado, o coordenador da Binaural\/Nodar,\u00a0Luis Gomes da Costa\u00a0participar\u00e1 numa tert\u00falia, tamb\u00e9m de partilha de mem\u00f3rias, a ter lugar no Museu de V\u00e1rzea de Calde, Viseu, domingo 30\/9, a partir das 10h30.<\/p>\n<\/div>\n<p><img decoding=\"async\" class=\"lazyload alignnone size-full wp-image-10846\" src=\"http:\/\/www.binauralmedia.org\/news\/\/wp-content\/uploads\/42628529_1963034680409951_2584951544843599872_n.jpg\" data-orig-src=\"http:\/\/www.binauralmedia.org\/news\/\/wp-content\/uploads\/42628529_1963034680409951_2584951544843599872_n.jpg\" alt=\"\" width=\"800\" height=\"439\" srcset=\"data:image\/svg+xml,%3Csvg%20xmlns%3D%27http%3A%2F%2Fwww.w3.org%2F2000%2Fsvg%27%20width%3D%27800%27%20height%3D%27439%27%20viewBox%3D%270%200%20800%20439%27%3E%3Crect%20width%3D%27800%27%20height%3D%27439%27%20fill-opacity%3D%220%22%2F%3E%3C%2Fsvg%3E\" data-srcset=\"https:\/\/www.binauralmedia.org\/news\/wp-content\/uploads\/42628529_1963034680409951_2584951544843599872_n-200x110.jpg 200w, https:\/\/www.binauralmedia.org\/news\/wp-content\/uploads\/42628529_1963034680409951_2584951544843599872_n-400x220.jpg 400w, https:\/\/www.binauralmedia.org\/news\/wp-content\/uploads\/42628529_1963034680409951_2584951544843599872_n-500x274.jpg 500w, https:\/\/www.binauralmedia.org\/news\/wp-content\/uploads\/42628529_1963034680409951_2584951544843599872_n-547x300.jpg 547w, https:\/\/www.binauralmedia.org\/news\/wp-content\/uploads\/42628529_1963034680409951_2584951544843599872_n-600x329.jpg 600w, https:\/\/www.binauralmedia.org\/news\/wp-content\/uploads\/42628529_1963034680409951_2584951544843599872_n-768x421.jpg 768w, https:\/\/www.binauralmedia.org\/news\/wp-content\/uploads\/42628529_1963034680409951_2584951544843599872_n.jpg 800w\" data-sizes=\"auto\" data-orig-sizes=\"(max-width: 800px) 100vw, 800px\" \/> <img decoding=\"async\" class=\"lazyload alignnone size-full wp-image-10847\" src=\"http:\/\/www.binauralmedia.org\/news\/\/wp-content\/uploads\/42665025_1963034850409934_7731307141323030528_n.jpg\" data-orig-src=\"http:\/\/www.binauralmedia.org\/news\/\/wp-content\/uploads\/42665025_1963034850409934_7731307141323030528_n.jpg\" alt=\"\" width=\"960\" height=\"960\" srcset=\"data:image\/svg+xml,%3Csvg%20xmlns%3D%27http%3A%2F%2Fwww.w3.org%2F2000%2Fsvg%27%20width%3D%27960%27%20height%3D%27960%27%20viewBox%3D%270%200%20960%20960%27%3E%3Crect%20width%3D%27960%27%20height%3D%27960%27%20fill-opacity%3D%220%22%2F%3E%3C%2Fsvg%3E\" data-srcset=\"https:\/\/www.binauralmedia.org\/news\/wp-content\/uploads\/42665025_1963034850409934_7731307141323030528_n-48x48.jpg 48w, https:\/\/www.binauralmedia.org\/news\/wp-content\/uploads\/42665025_1963034850409934_7731307141323030528_n-66x66.jpg 66w, https:\/\/www.binauralmedia.org\/news\/wp-content\/uploads\/42665025_1963034850409934_7731307141323030528_n-200x200.jpg 200w, https:\/\/www.binauralmedia.org\/news\/wp-content\/uploads\/42665025_1963034850409934_7731307141323030528_n-300x300.jpg 300w, https:\/\/www.binauralmedia.org\/news\/wp-content\/uploads\/42665025_1963034850409934_7731307141323030528_n-400x400.jpg 400w, https:\/\/www.binauralmedia.org\/news\/wp-content\/uploads\/42665025_1963034850409934_7731307141323030528_n-500x500.jpg 500w, https:\/\/www.binauralmedia.org\/news\/wp-content\/uploads\/42665025_1963034850409934_7731307141323030528_n-600x600.jpg 600w, https:\/\/www.binauralmedia.org\/news\/wp-content\/uploads\/42665025_1963034850409934_7731307141323030528_n-768x768.jpg 768w, https:\/\/www.binauralmedia.org\/news\/wp-content\/uploads\/42665025_1963034850409934_7731307141323030528_n-800x800.jpg 800w, https:\/\/www.binauralmedia.org\/news\/wp-content\/uploads\/42665025_1963034850409934_7731307141323030528_n.jpg 960w\" data-sizes=\"auto\" data-orig-sizes=\"(max-width: 960px) 100vw, 960px\" \/><\/p>\n","protected":false},"excerpt":{"rendered":"<p>A\u00a0Binaural Nodar\u00a0participa com entusiasmo nas\u00a0Jornadas Europeias do Patrim\u00f3nio\u00a0de 2018 atrav\u00e9s  [&#8230;]<\/p>\n","protected":false},"author":2,"featured_media":10848,"comment_status":"closed","ping_status":"closed","sticky":false,"template":"","format":"standard","meta":{"_acf_changed":false,"_bbp_topic_count":0,"_bbp_reply_count":0,"_bbp_total_topic_count":0,"_bbp_total_reply_count":0,"_bbp_voice_count":0,"_bbp_anonymous_reply_count":0,"_bbp_topic_count_hidden":0,"_bbp_reply_count_hidden":0,"_bbp_forum_subforum_count":0,"footnotes":""},"categories":[1158,1],"tags":[],"class_list":["post-10845","post","type-post","status-publish","format-standard","has-post-thumbnail","hentry","category-visual-sound-ethnograhpy","category-news"],"acf":[],"aioseo_notices":[],"aioseo_head":"\n\t\t<!-- All in One SEO 5.0.1.1 - aioseo.com -->\n\t<meta name=\"description\" content=\"A Binaural Nodar participa com entusiasmo nas Jornadas Europeias do Patrim\u00f3nio de 2018 atrav\u00e9s da colabora\u00e7\u00e3o com o Munic\u00edpio de Viseu e o Munic\u00edpio de Castro Daire. Amanh\u00e3 28\/9, a partir das14h00 ser\u00e1 exibida uma pe\u00e7a sonora, intitulada &quot;Castro Daire, Minha Terra Sonora&quot;, composta especialmente por Luis Gomes da Costa para a sess\u00e3o de partilha de mem\u00f3rias a ter lugar na Biblioteca Municipal\" \/>\n\t<meta name=\"robots\" content=\"max-image-preview:large\" \/>\n\t<meta name=\"author\" content=\"luiscosta\"\/>\n\t<link rel=\"canonical\" href=\"https:\/\/www.binauralmedia.org\/news\/arquivo\/10845\" \/>\n\t<meta name=\"generator\" content=\"All in One SEO (AIOSEO) 5.0.1.1\" \/>\n\t\t<meta property=\"og:locale\" content=\"pt_PT\" \/>\n\t\t<meta property=\"og:site_name\" content=\"binauralmedia.org - Rural Based Sound\/Media Arts &amp; Social Research\" \/>\n\t\t<meta property=\"og:type\" content=\"article\" \/>\n\t\t<meta property=\"og:title\" content=\"Jornadas Europeias do Patrim\u00f3nio - binauralmedia.org\" \/>\n\t\t<meta property=\"og:description\" content=\"A Binaural Nodar participa com entusiasmo nas Jornadas Europeias do Patrim\u00f3nio de 2018 atrav\u00e9s da colabora\u00e7\u00e3o com o Munic\u00edpio de Viseu e o Munic\u00edpio de Castro Daire. Amanh\u00e3 28\/9, a partir das14h00 ser\u00e1 exibida uma pe\u00e7a sonora, intitulada &quot;Castro Daire, Minha Terra Sonora&quot;, composta especialmente por Luis Gomes da Costa para a sess\u00e3o de partilha de mem\u00f3rias a ter lugar na Biblioteca Municipal\" \/>\n\t\t<meta property=\"og:url\" content=\"https:\/\/www.binauralmedia.org\/news\/arquivo\/10845\" \/>\n\t\t<meta property=\"article:published_time\" content=\"2018-09-28T11:02:45+00:00\" \/>\n\t\t<meta property=\"article:modified_time\" content=\"2021-08-16T15:40:48+00:00\" \/>\n\t\t<meta name=\"twitter:card\" content=\"summary_large_image\" \/>\n\t\t<meta name=\"twitter:title\" content=\"Jornadas Europeias do Patrim\u00f3nio - binauralmedia.org\" \/>\n\t\t<meta name=\"twitter:description\" content=\"A Binaural Nodar participa com entusiasmo nas Jornadas Europeias do Patrim\u00f3nio de 2018 atrav\u00e9s da colabora\u00e7\u00e3o com o Munic\u00edpio de Viseu e o Munic\u00edpio de Castro Daire. Amanh\u00e3 28\/9, a partir das14h00 ser\u00e1 exibida uma pe\u00e7a sonora, intitulada &quot;Castro Daire, Minha Terra Sonora&quot;, composta especialmente por Luis Gomes da Costa para a sess\u00e3o de partilha de mem\u00f3rias a ter lugar na Biblioteca Municipal\" \/>\n\t\t<script type=\"application\/ld+json\" class=\"aioseo-schema\">\n\t\t\t{\"@context\":\"https:\\\/\\\/schema.org\",\"@graph\":[{\"@type\":\"BlogPosting\",\"@id\":\"https:\\\/\\\/www.binauralmedia.org\\\/news\\\/arquivo\\\/10845#blogposting\",\"name\":\"Jornadas Europeias do Patrim\\u00f3nio - binauralmedia.org\",\"headline\":\"Jornadas Europeias do Patrim\\u00f3nio\",\"author\":{\"@id\":\"https:\\\/\\\/www.binauralmedia.org\\\/news\\\/arquivo\\\/author\\\/luiscosta#author\"},\"publisher\":{\"@id\":\"https:\\\/\\\/www.binauralmedia.org\\\/news\\\/#organization\"},\"image\":{\"@type\":\"ImageObject\",\"url\":\"https:\\\/\\\/www.binauralmedia.org\\\/news\\\/wp-content\\\/uploads\\\/Capturar-8.png\",\"width\":223,\"height\":119},\"datePublished\":\"2018-09-28T11:02:45+00:00\",\"dateModified\":\"2021-08-16T15:40:48+00:00\",\"inLanguage\":\"pt-PT\",\"mainEntityOfPage\":{\"@id\":\"https:\\\/\\\/www.binauralmedia.org\\\/news\\\/arquivo\\\/10845#webpage\"},\"isPartOf\":{\"@id\":\"https:\\\/\\\/www.binauralmedia.org\\\/news\\\/arquivo\\\/10845#webpage\"},\"articleSection\":\"Etnografia Sonora e Visual, Not\\u00edcias\"},{\"@type\":\"BreadcrumbList\",\"@id\":\"https:\\\/\\\/www.binauralmedia.org\\\/news\\\/arquivo\\\/10845#breadcrumblist\",\"itemListElement\":[{\"@type\":\"ListItem\",\"@id\":\"https:\\\/\\\/www.binauralmedia.org\\\/news#listItem\",\"position\":1,\"name\":\"Home\",\"item\":\"https:\\\/\\\/www.binauralmedia.org\\\/news\",\"nextItem\":{\"@type\":\"ListItem\",\"@id\":\"https:\\\/\\\/www.binauralmedia.org\\\/news\\\/arquivo\\\/category\\\/news#listItem\",\"name\":\"Not\\u00edcias\"}},{\"@type\":\"ListItem\",\"@id\":\"https:\\\/\\\/www.binauralmedia.org\\\/news\\\/arquivo\\\/category\\\/news#listItem\",\"position\":2,\"name\":\"Not\\u00edcias\",\"item\":\"https:\\\/\\\/www.binauralmedia.org\\\/news\\\/arquivo\\\/category\\\/news\",\"nextItem\":{\"@type\":\"ListItem\",\"@id\":\"https:\\\/\\\/www.binauralmedia.org\\\/news\\\/arquivo\\\/10845#listItem\",\"name\":\"Jornadas Europeias do Patrim\\u00f3nio\"},\"previousItem\":{\"@type\":\"ListItem\",\"@id\":\"https:\\\/\\\/www.binauralmedia.org\\\/news#listItem\",\"name\":\"Home\"}},{\"@type\":\"ListItem\",\"@id\":\"https:\\\/\\\/www.binauralmedia.org\\\/news\\\/arquivo\\\/10845#listItem\",\"position\":3,\"name\":\"Jornadas Europeias do Patrim\\u00f3nio\",\"previousItem\":{\"@type\":\"ListItem\",\"@id\":\"https:\\\/\\\/www.binauralmedia.org\\\/news\\\/arquivo\\\/category\\\/news#listItem\",\"name\":\"Not\\u00edcias\"}}]},{\"@type\":\"Organization\",\"@id\":\"https:\\\/\\\/www.binauralmedia.org\\\/news\\\/#organization\",\"name\":\"binauralmedia.org\",\"description\":\"Rural Based Sound\\\/Media Arts & Social Research\",\"url\":\"https:\\\/\\\/www.binauralmedia.org\\\/news\\\/\"},{\"@type\":\"Person\",\"@id\":\"https:\\\/\\\/www.binauralmedia.org\\\/news\\\/arquivo\\\/author\\\/luiscosta#author\",\"url\":\"https:\\\/\\\/www.binauralmedia.org\\\/news\\\/arquivo\\\/author\\\/luiscosta\",\"name\":\"luiscosta\"},{\"@type\":\"WebPage\",\"@id\":\"https:\\\/\\\/www.binauralmedia.org\\\/news\\\/arquivo\\\/10845#webpage\",\"url\":\"https:\\\/\\\/www.binauralmedia.org\\\/news\\\/arquivo\\\/10845\",\"name\":\"Jornadas Europeias do Patrim\\u00f3nio - binauralmedia.org\",\"description\":\"A Binaural Nodar participa com entusiasmo nas Jornadas Europeias do Patrim\\u00f3nio de 2018 atrav\\u00e9s da colabora\\u00e7\\u00e3o com o Munic\\u00edpio de Viseu e o Munic\\u00edpio de Castro Daire. Amanh\\u00e3 28\\\/9, a partir das14h00 ser\\u00e1 exibida uma pe\\u00e7a sonora, intitulada \\\"Castro Daire, Minha Terra Sonora\\\", composta especialmente por Luis Gomes da Costa para a sess\\u00e3o de partilha de mem\\u00f3rias a ter lugar na Biblioteca Municipal\",\"inLanguage\":\"pt-PT\",\"isPartOf\":{\"@id\":\"https:\\\/\\\/www.binauralmedia.org\\\/news\\\/#website\"},\"breadcrumb\":{\"@id\":\"https:\\\/\\\/www.binauralmedia.org\\\/news\\\/arquivo\\\/10845#breadcrumblist\"},\"author\":{\"@id\":\"https:\\\/\\\/www.binauralmedia.org\\\/news\\\/arquivo\\\/author\\\/luiscosta#author\"},\"creator\":{\"@id\":\"https:\\\/\\\/www.binauralmedia.org\\\/news\\\/arquivo\\\/author\\\/luiscosta#author\"},\"image\":{\"@type\":\"ImageObject\",\"url\":\"https:\\\/\\\/www.binauralmedia.org\\\/news\\\/wp-content\\\/uploads\\\/Capturar-8.png\",\"@id\":\"https:\\\/\\\/www.binauralmedia.org\\\/news\\\/arquivo\\\/10845\\\/#mainImage\",\"width\":223,\"height\":119},\"primaryImageOfPage\":{\"@id\":\"https:\\\/\\\/www.binauralmedia.org\\\/news\\\/arquivo\\\/10845#mainImage\"},\"datePublished\":\"2018-09-28T11:02:45+00:00\",\"dateModified\":\"2021-08-16T15:40:48+00:00\"},{\"@type\":\"WebSite\",\"@id\":\"https:\\\/\\\/www.binauralmedia.org\\\/news\\\/#website\",\"url\":\"https:\\\/\\\/www.binauralmedia.org\\\/news\\\/\",\"name\":\"binauralmedia.org\",\"description\":\"Rural Based Sound\\\/Media Arts & Social Research\",\"inLanguage\":\"pt-PT\",\"publisher\":{\"@id\":\"https:\\\/\\\/www.binauralmedia.org\\\/news\\\/#organization\"}}]}\n\t\t<\/script>\n\t\t<!-- All in One SEO -->\n\n","aioseo_head_json":{"title":"Jornadas Europeias do Patrim\u00f3nio - binauralmedia.org","description":"A Binaural Nodar participa com entusiasmo nas Jornadas Europeias do Patrim\u00f3nio de 2018 atrav\u00e9s da colabora\u00e7\u00e3o com o Munic\u00edpio de Viseu e o Munic\u00edpio de Castro Daire. Amanh\u00e3 28\/9, a partir das14h00 ser\u00e1 exibida uma pe\u00e7a sonora, intitulada \"Castro Daire, Minha Terra Sonora\", composta especialmente por Luis Gomes da Costa para a sess\u00e3o de partilha de mem\u00f3rias a ter lugar na Biblioteca Municipal","canonical_url":"https:\/\/www.binauralmedia.org\/news\/arquivo\/10845","robots":"max-image-preview:large","keywords":"","webmasterTools":{"miscellaneous":""},"schema":{"@context":"https:\/\/schema.org","@graph":[{"@type":"BlogPosting","@id":"https:\/\/www.binauralmedia.org\/news\/arquivo\/10845#blogposting","name":"Jornadas Europeias do Patrim\u00f3nio - binauralmedia.org","headline":"Jornadas Europeias do Patrim\u00f3nio","author":{"@id":"https:\/\/www.binauralmedia.org\/news\/arquivo\/author\/luiscosta#author"},"publisher":{"@id":"https:\/\/www.binauralmedia.org\/news\/#organization"},"image":{"@type":"ImageObject","url":"https:\/\/www.binauralmedia.org\/news\/wp-content\/uploads\/Capturar-8.png","width":223,"height":119},"datePublished":"2018-09-28T11:02:45+00:00","dateModified":"2021-08-16T15:40:48+00:00","inLanguage":"pt-PT","mainEntityOfPage":{"@id":"https:\/\/www.binauralmedia.org\/news\/arquivo\/10845#webpage"},"isPartOf":{"@id":"https:\/\/www.binauralmedia.org\/news\/arquivo\/10845#webpage"},"articleSection":"Etnografia Sonora e Visual, Not\u00edcias"},{"@type":"BreadcrumbList","@id":"https:\/\/www.binauralmedia.org\/news\/arquivo\/10845#breadcrumblist","itemListElement":[{"@type":"ListItem","@id":"https:\/\/www.binauralmedia.org\/news#listItem","position":1,"name":"Home","item":"https:\/\/www.binauralmedia.org\/news","nextItem":{"@type":"ListItem","@id":"https:\/\/www.binauralmedia.org\/news\/arquivo\/category\/news#listItem","name":"Not\u00edcias"}},{"@type":"ListItem","@id":"https:\/\/www.binauralmedia.org\/news\/arquivo\/category\/news#listItem","position":2,"name":"Not\u00edcias","item":"https:\/\/www.binauralmedia.org\/news\/arquivo\/category\/news","nextItem":{"@type":"ListItem","@id":"https:\/\/www.binauralmedia.org\/news\/arquivo\/10845#listItem","name":"Jornadas Europeias do Patrim\u00f3nio"},"previousItem":{"@type":"ListItem","@id":"https:\/\/www.binauralmedia.org\/news#listItem","name":"Home"}},{"@type":"ListItem","@id":"https:\/\/www.binauralmedia.org\/news\/arquivo\/10845#listItem","position":3,"name":"Jornadas Europeias do Patrim\u00f3nio","previousItem":{"@type":"ListItem","@id":"https:\/\/www.binauralmedia.org\/news\/arquivo\/category\/news#listItem","name":"Not\u00edcias"}}]},{"@type":"Organization","@id":"https:\/\/www.binauralmedia.org\/news\/#organization","name":"binauralmedia.org","description":"Rural Based Sound\/Media Arts & Social Research","url":"https:\/\/www.binauralmedia.org\/news\/"},{"@type":"Person","@id":"https:\/\/www.binauralmedia.org\/news\/arquivo\/author\/luiscosta#author","url":"https:\/\/www.binauralmedia.org\/news\/arquivo\/author\/luiscosta","name":"luiscosta"},{"@type":"WebPage","@id":"https:\/\/www.binauralmedia.org\/news\/arquivo\/10845#webpage","url":"https:\/\/www.binauralmedia.org\/news\/arquivo\/10845","name":"Jornadas Europeias do Patrim\u00f3nio - binauralmedia.org","description":"A Binaural Nodar participa com entusiasmo nas Jornadas Europeias do Patrim\u00f3nio de 2018 atrav\u00e9s da colabora\u00e7\u00e3o com o Munic\u00edpio de Viseu e o Munic\u00edpio de Castro Daire. Amanh\u00e3 28\/9, a partir das14h00 ser\u00e1 exibida uma pe\u00e7a sonora, intitulada \"Castro Daire, Minha Terra Sonora\", composta especialmente por Luis Gomes da Costa para a sess\u00e3o de partilha de mem\u00f3rias a ter lugar na Biblioteca Municipal","inLanguage":"pt-PT","isPartOf":{"@id":"https:\/\/www.binauralmedia.org\/news\/#website"},"breadcrumb":{"@id":"https:\/\/www.binauralmedia.org\/news\/arquivo\/10845#breadcrumblist"},"author":{"@id":"https:\/\/www.binauralmedia.org\/news\/arquivo\/author\/luiscosta#author"},"creator":{"@id":"https:\/\/www.binauralmedia.org\/news\/arquivo\/author\/luiscosta#author"},"image":{"@type":"ImageObject","url":"https:\/\/www.binauralmedia.org\/news\/wp-content\/uploads\/Capturar-8.png","@id":"https:\/\/www.binauralmedia.org\/news\/arquivo\/10845\/#mainImage","width":223,"height":119},"primaryImageOfPage":{"@id":"https:\/\/www.binauralmedia.org\/news\/arquivo\/10845#mainImage"},"datePublished":"2018-09-28T11:02:45+00:00","dateModified":"2021-08-16T15:40:48+00:00"},{"@type":"WebSite","@id":"https:\/\/www.binauralmedia.org\/news\/#website","url":"https:\/\/www.binauralmedia.org\/news\/","name":"binauralmedia.org","description":"Rural Based Sound\/Media Arts & Social Research","inLanguage":"pt-PT","publisher":{"@id":"https:\/\/www.binauralmedia.org\/news\/#organization"}}]},"og:locale":"pt_PT","og:site_name":"binauralmedia.org - Rural Based Sound\/Media Arts &amp; Social Research","og:type":"article","og:title":"Jornadas Europeias do Patrim\u00f3nio - binauralmedia.org","og:description":"A Binaural Nodar participa com entusiasmo nas Jornadas Europeias do Patrim\u00f3nio de 2018 atrav\u00e9s da colabora\u00e7\u00e3o com o Munic\u00edpio de Viseu e o Munic\u00edpio de Castro Daire. Amanh\u00e3 28\/9, a partir das14h00 ser\u00e1 exibida uma pe\u00e7a sonora, intitulada &quot;Castro Daire, Minha Terra Sonora&quot;, composta especialmente por Luis Gomes da Costa para a sess\u00e3o de partilha de mem\u00f3rias a ter lugar na Biblioteca Municipal","og:url":"https:\/\/www.binauralmedia.org\/news\/arquivo\/10845","article:published_time":"2018-09-28T11:02:45+00:00","article:modified_time":"2021-08-16T15:40:48+00:00","twitter:card":"summary_large_image","twitter:title":"Jornadas Europeias do Patrim\u00f3nio - binauralmedia.org","twitter:description":"A Binaural Nodar participa com entusiasmo nas Jornadas Europeias do Patrim\u00f3nio de 2018 atrav\u00e9s da colabora\u00e7\u00e3o com o Munic\u00edpio de Viseu e o Munic\u00edpio de Castro Daire. Amanh\u00e3 28\/9, a partir das14h00 ser\u00e1 exibida uma pe\u00e7a sonora, intitulada &quot;Castro Daire, Minha Terra Sonora&quot;, composta especialmente por Luis Gomes da Costa para a sess\u00e3o de partilha de mem\u00f3rias a ter lugar na Biblioteca Municipal"},"aioseo_meta_data":{"post_id":"10845","title":null,"description":null,"keywords":null,"keyphrases":null,"primary_term":null,"canonical_url":null,"og_title":null,"og_description":null,"og_object_type":"default","og_image_type":"default","og_image_custom_url":null,"og_image_custom_fields":null,"og_image_url":null,"og_image_width":null,"og_image_height":null,"og_video":null,"og_custom_url":null,"og_article_section":null,"og_article_tags":null,"twitter_use_og":false,"twitter_card":"default","twitter_image_type":"default","twitter_image_custom_url":null,"twitter_image_custom_fields":null,"twitter_image_url":null,"twitter_title":null,"twitter_description":null,"schema_type":"default","schema_type_options":null,"schema":{"blockGraphs":[],"customGraphs":[],"default":{"data":{"Article":[],"Course":[],"Dataset":[],"FAQPage":[],"Movie":[],"Person":[],"Product":[],"ProductReview":[],"Car":[],"Recipe":[],"Service":[],"SoftwareApplication":[],"WebPage":[]},"graphName":"","isEnabled":true},"graphs":[]},"pillar_content":false,"robots_default":true,"robots_noindex":false,"robots_noarchive":false,"robots_nosnippet":false,"robots_nofollow":false,"robots_noimageindex":false,"robots_noodp":false,"robots_notranslate":false,"robots_max_snippet":null,"robots_max_videopreview":null,"robots_max_imagepreview":"large","priority":null,"frequency":null,"local_seo":null,"limit_modified_date":false,"ai":null,"breadcrumb_settings":null,"seo_analyzer_scan_date":null,"created":"2026-08-05 03:47:34","updated":"2026-08-05 03:47:34","focus_keyword":null,"additional_keywords":null,"truseo_locale":null},"aioseo_breadcrumb":"<div class=\"aioseo-breadcrumbs\"><span class=\"aioseo-breadcrumb\">\n\t\t\t<a href=\"https:\/\/www.binauralmedia.org\/news\" title=\"Home\">Home<\/a>\n\t\t<\/span><span class=\"aioseo-breadcrumb-separator\">&raquo;<\/span><span class=\"aioseo-breadcrumb\">\n\t\t\t<a href=\"https:\/\/www.binauralmedia.org\/news\/arquivo\/category\/news\" title=\"Not\u00edcias\">Not\u00edcias<\/a>\n\t\t<\/span><span class=\"aioseo-breadcrumb-separator\">&raquo;<\/span><span class=\"aioseo-breadcrumb\">\n\t\t\tJornadas Europeias do Patrim\u00f3nio\n\t\t<\/span><\/div>","aioseo_breadcrumb_json":[{"label":"Home","link":"https:\/\/www.binauralmedia.org\/news"},{"label":"Not\u00edcias","link":"https:\/\/www.binauralmedia.org\/news\/arquivo\/category\/news"},{"label":"Jornadas Europeias do Patrim\u00f3nio","link":"https:\/\/www.binauralmedia.org\/news\/arquivo\/10845"}],"_links":{"self":[{"href":"https:\/\/www.binauralmedia.org\/news\/wp-json\/wp\/v2\/posts\/10845","targetHints":{"allow":["GET"]}}],"collection":[{"href":"https:\/\/www.binauralmedia.org\/news\/wp-json\/wp\/v2\/posts"}],"about":[{"href":"https:\/\/www.binauralmedia.org\/news\/wp-json\/wp\/v2\/types\/post"}],"author":[{"embeddable":true,"href":"https:\/\/www.binauralmedia.org\/news\/wp-json\/wp\/v2\/users\/2"}],"replies":[{"embeddable":true,"href":"https:\/\/www.binauralmedia.org\/news\/wp-json\/wp\/v2\/comments?post=10845"}],"version-history":[{"count":3,"href":"https:\/\/www.binauralmedia.org\/news\/wp-json\/wp\/v2\/posts\/10845\/revisions"}],"predecessor-version":[{"id":13350,"href":"https:\/\/www.binauralmedia.org\/news\/wp-json\/wp\/v2\/posts\/10845\/revisions\/13350"}],"wp:featuredmedia":[{"embeddable":true,"href":"https:\/\/www.binauralmedia.org\/news\/wp-json\/wp\/v2\/media\/10848"}],"wp:attachment":[{"href":"https:\/\/www.binauralmedia.org\/news\/wp-json\/wp\/v2\/media?parent=10845"}],"wp:term":[{"taxonomy":"category","embeddable":true,"href":"https:\/\/www.binauralmedia.org\/news\/wp-json\/wp\/v2\/categories?post=10845"},{"taxonomy":"post_tag","embeddable":true,"href":"https:\/\/www.binauralmedia.org\/news\/wp-json\/wp\/v2\/tags?post=10845"}],"curies":[{"name":"wp","href":"https:\/\/api.w.org\/{rel}","templated":true}]}}