{"id":10834,"date":"2018-09-24T15:12:53","date_gmt":"2018-09-24T15:12:53","guid":{"rendered":"https:\/\/binauralmedia.org\/news\/?p=10834"},"modified":"2021-08-16T15:40:48","modified_gmt":"2021-08-16T15:40:48","slug":"binaural-nodar-homenageada-nas-comemoracoes-do-80o-aniversario-do-folclore-de-manhouce","status":"publish","type":"post","link":"https:\/\/www.binauralmedia.org\/news\/arquivo\/10834","title":{"rendered":"Binaural\/Nodar homenageada nas comemora\u00e7\u00f5es do 80\u00ba Anivers\u00e1rio do Folclore de Manhouce"},"content":{"rendered":"<p>A\u00a0Binaural Nodar\u00a0participou hoje, 23 de setembro, com todo o gosto nas cerim\u00f3nias do 80\u00ba anivers\u00e1rio do folclore de Manhouce, uma bela homenagem \u00e0quela valorosa gente que l\u00e1 longe no tempo come\u00e7ou um caminho de dignifica\u00e7\u00e3o da cultura popular desta freguesia do\u00a0Munic\u00edpio S\u00e3o Pedro do Sul\u00a0situada na serra da Arada.<\/p>\n<p>Durante o evento, o coordenador da\u00a0Binaural Nodar,\u00a0Luis Gomes da Costa\u00a0foi um dos v\u00e1rios agraciados com a medalha comemorativa dos 80 anos do folclore de Manhouce.<\/p>\n<div class=\"text_exposed_show\">\n<p>Gost\u00e1mos de rever velhas amizades que fomos forjando ao longo dos anos de investiga\u00e7\u00e3o, com contacto profundo com aldeias e comunidades como a Bondan\u00e7a, Muro, Vilarinho, Bustarenga, Gestoso, Gestosinho, etc. etc.<\/p>\n<p>O nosso contributo na Binaural\/Nodar \u00e9 apenas uma gota no oceano de aten\u00e7\u00e3o que esta terra merece (assim como outras terras tamb\u00e9m merecem) e estamos em crer que s\u00f3 com coopera\u00e7\u00e3o honesta entre todos (popula\u00e7\u00e3o local, munic\u00edpio, junta de freguesia, grupos de cantares e rancho, associa\u00e7\u00f5es culturais, universidades etc.) \u00e9 poss\u00edvel avan\u00e7ar nessa dignifica\u00e7\u00e3o e valoriza\u00e7\u00e3o do patrim\u00f3nio cultural, aportando cada um o melhor de si, com humildade e esp\u00edrito de entrega.<\/p>\n<p>Um bem-haja ao\u00a0Munic\u00edpio S\u00e3o Pedro do Sul, \u00e0 Junta de Freguesia de Manhouce (Manhouce uma Freguesia para Viver), ao Grupo\u00a0As Vozes de Manhouce\u00a0e ao\u00a0Rancho Folcl\u00f3rico da Casa do Povo de Manhouce pelo sucesso e uni\u00e3o do dia de hoje.<\/p>\n<p><img decoding=\"async\" class=\"lazyload alignnone size-full wp-image-10835\" src=\"http:\/\/www.binauralmedia.org\/news\/\/wp-content\/uploads\/42421088_1958542054192547_4326931546423427072_n.jpg\" data-orig-src=\"http:\/\/www.binauralmedia.org\/news\/\/wp-content\/uploads\/42421088_1958542054192547_4326931546423427072_n.jpg\" alt=\"\" width=\"720\" height=\"960\" srcset=\"data:image\/svg+xml,%3Csvg%20xmlns%3D%27http%3A%2F%2Fwww.w3.org%2F2000%2Fsvg%27%20width%3D%27720%27%20height%3D%27960%27%20viewBox%3D%270%200%20720%20960%27%3E%3Crect%20width%3D%27720%27%20height%3D%27960%27%20fill-opacity%3D%220%22%2F%3E%3C%2Fsvg%3E\" data-srcset=\"https:\/\/www.binauralmedia.org\/news\/wp-content\/uploads\/42421088_1958542054192547_4326931546423427072_n-200x267.jpg 200w, https:\/\/www.binauralmedia.org\/news\/wp-content\/uploads\/42421088_1958542054192547_4326931546423427072_n-225x300.jpg 225w, https:\/\/www.binauralmedia.org\/news\/wp-content\/uploads\/42421088_1958542054192547_4326931546423427072_n-400x533.jpg 400w, https:\/\/www.binauralmedia.org\/news\/wp-content\/uploads\/42421088_1958542054192547_4326931546423427072_n-500x667.jpg 500w, https:\/\/www.binauralmedia.org\/news\/wp-content\/uploads\/42421088_1958542054192547_4326931546423427072_n-600x800.jpg 600w, https:\/\/www.binauralmedia.org\/news\/wp-content\/uploads\/42421088_1958542054192547_4326931546423427072_n.jpg 720w\" data-sizes=\"auto\" data-orig-sizes=\"(max-width: 720px) 100vw, 720px\" \/> <img decoding=\"async\" class=\"lazyload alignnone size-full wp-image-10836\" src=\"http:\/\/www.binauralmedia.org\/news\/\/wp-content\/uploads\/42527733_1958533190860100_7361032762284834816_n.jpg\" data-orig-src=\"http:\/\/www.binauralmedia.org\/news\/\/wp-content\/uploads\/42527733_1958533190860100_7361032762284834816_n.jpg\" alt=\"\" width=\"960\" height=\"742\" srcset=\"data:image\/svg+xml,%3Csvg%20xmlns%3D%27http%3A%2F%2Fwww.w3.org%2F2000%2Fsvg%27%20width%3D%27960%27%20height%3D%27742%27%20viewBox%3D%270%200%20960%20742%27%3E%3Crect%20width%3D%27960%27%20height%3D%27742%27%20fill-opacity%3D%220%22%2F%3E%3C%2Fsvg%3E\" data-srcset=\"https:\/\/www.binauralmedia.org\/news\/wp-content\/uploads\/42527733_1958533190860100_7361032762284834816_n-200x155.jpg 200w, https:\/\/www.binauralmedia.org\/news\/wp-content\/uploads\/42527733_1958533190860100_7361032762284834816_n-388x300.jpg 388w, https:\/\/www.binauralmedia.org\/news\/wp-content\/uploads\/42527733_1958533190860100_7361032762284834816_n-400x309.jpg 400w, https:\/\/www.binauralmedia.org\/news\/wp-content\/uploads\/42527733_1958533190860100_7361032762284834816_n-500x386.jpg 500w, https:\/\/www.binauralmedia.org\/news\/wp-content\/uploads\/42527733_1958533190860100_7361032762284834816_n-600x464.jpg 600w, https:\/\/www.binauralmedia.org\/news\/wp-content\/uploads\/42527733_1958533190860100_7361032762284834816_n-768x594.jpg 768w, https:\/\/www.binauralmedia.org\/news\/wp-content\/uploads\/42527733_1958533190860100_7361032762284834816_n-800x618.jpg 800w, https:\/\/www.binauralmedia.org\/news\/wp-content\/uploads\/42527733_1958533190860100_7361032762284834816_n.jpg 960w\" data-sizes=\"auto\" data-orig-sizes=\"(max-width: 960px) 100vw, 960px\" \/><\/p>\n<\/div>\n","protected":false},"excerpt":{"rendered":"<p>A\u00a0Binaural Nodar\u00a0participou hoje, 23 de setembro, com todo o gosto  [&#8230;]<\/p>\n","protected":false},"author":2,"featured_media":10837,"comment_status":"closed","ping_status":"closed","sticky":false,"template":"","format":"standard","meta":{"_acf_changed":false,"_bbp_topic_count":0,"_bbp_reply_count":0,"_bbp_total_topic_count":0,"_bbp_total_reply_count":0,"_bbp_voice_count":0,"_bbp_anonymous_reply_count":0,"_bbp_topic_count_hidden":0,"_bbp_reply_count_hidden":0,"_bbp_forum_subforum_count":0,"footnotes":""},"categories":[1158,1],"tags":[],"class_list":["post-10834","post","type-post","status-publish","format-standard","has-post-thumbnail","hentry","category-visual-sound-ethnograhpy","category-news"],"acf":[],"aioseo_notices":[],"aioseo_head":"\n\t\t<!-- All in One SEO 5.0.1.1 - aioseo.com -->\n\t<meta name=\"description\" content=\"A Binaural Nodar participou hoje, 23 de setembro, com todo o gosto nas cerim\u00f3nias do 80\u00ba anivers\u00e1rio do folclore de Manhouce, uma bela homenagem \u00e0quela valorosa gente que l\u00e1 longe no tempo come\u00e7ou um caminho de dignifica\u00e7\u00e3o da cultura popular desta freguesia do Munic\u00edpio S\u00e3o Pedro do Sul situada na serra da Arada. Durante o evento, o coordenador da Binaural\" \/>\n\t<meta name=\"robots\" content=\"max-image-preview:large\" \/>\n\t<meta name=\"author\" content=\"luiscosta\"\/>\n\t<link rel=\"canonical\" href=\"https:\/\/www.binauralmedia.org\/news\/arquivo\/10834\" \/>\n\t<meta name=\"generator\" content=\"All in One SEO (AIOSEO) 5.0.1.1\" \/>\n\t\t<meta property=\"og:locale\" content=\"pt_PT\" \/>\n\t\t<meta property=\"og:site_name\" content=\"binauralmedia.org - Rural Based Sound\/Media Arts &amp; Social Research\" \/>\n\t\t<meta property=\"og:type\" content=\"article\" \/>\n\t\t<meta property=\"og:title\" content=\"Binaural\/Nodar homenageada nas comemora\u00e7\u00f5es do 80\u00ba Anivers\u00e1rio do Folclore de Manhouce - binauralmedia.org\" \/>\n\t\t<meta property=\"og:description\" content=\"A Binaural Nodar participou hoje, 23 de setembro, com todo o gosto nas cerim\u00f3nias do 80\u00ba anivers\u00e1rio do folclore de Manhouce, uma bela homenagem \u00e0quela valorosa gente que l\u00e1 longe no tempo come\u00e7ou um caminho de dignifica\u00e7\u00e3o da cultura popular desta freguesia do Munic\u00edpio S\u00e3o Pedro do Sul situada na serra da Arada. Durante o evento, o coordenador da Binaural\" \/>\n\t\t<meta property=\"og:url\" content=\"https:\/\/www.binauralmedia.org\/news\/arquivo\/10834\" \/>\n\t\t<meta property=\"article:published_time\" content=\"2018-09-24T15:12:53+00:00\" \/>\n\t\t<meta property=\"article:modified_time\" content=\"2021-08-16T15:40:48+00:00\" \/>\n\t\t<meta name=\"twitter:card\" content=\"summary_large_image\" \/>\n\t\t<meta name=\"twitter:title\" content=\"Binaural\/Nodar homenageada nas comemora\u00e7\u00f5es do 80\u00ba Anivers\u00e1rio do Folclore de Manhouce - binauralmedia.org\" \/>\n\t\t<meta name=\"twitter:description\" content=\"A Binaural Nodar participou hoje, 23 de setembro, com todo o gosto nas cerim\u00f3nias do 80\u00ba anivers\u00e1rio do folclore de Manhouce, uma bela homenagem \u00e0quela valorosa gente que l\u00e1 longe no tempo come\u00e7ou um caminho de dignifica\u00e7\u00e3o da cultura popular desta freguesia do Munic\u00edpio S\u00e3o Pedro do Sul situada na serra da Arada. Durante o evento, o coordenador da Binaural\" \/>\n\t\t<script type=\"application\/ld+json\" class=\"aioseo-schema\">\n\t\t\t{\"@context\":\"https:\\\/\\\/schema.org\",\"@graph\":[{\"@type\":\"BlogPosting\",\"@id\":\"https:\\\/\\\/www.binauralmedia.org\\\/news\\\/arquivo\\\/10834#blogposting\",\"name\":\"Binaural\\\/Nodar homenageada nas comemora\\u00e7\\u00f5es do 80\\u00ba Anivers\\u00e1rio do Folclore de Manhouce - binauralmedia.org\",\"headline\":\"Binaural\\\/Nodar homenageada nas comemora\\u00e7\\u00f5es do 80\\u00ba Anivers\\u00e1rio do Folclore de Manhouce\",\"author\":{\"@id\":\"https:\\\/\\\/www.binauralmedia.org\\\/news\\\/arquivo\\\/author\\\/luiscosta#author\"},\"publisher\":{\"@id\":\"https:\\\/\\\/www.binauralmedia.org\\\/news\\\/#organization\"},\"image\":{\"@type\":\"ImageObject\",\"url\":\"https:\\\/\\\/www.binauralmedia.org\\\/news\\\/wp-content\\\/uploads\\\/Capturar-6.png\",\"width\":315,\"height\":464},\"datePublished\":\"2018-09-24T15:12:53+00:00\",\"dateModified\":\"2021-08-16T15:40:48+00:00\",\"inLanguage\":\"pt-PT\",\"mainEntityOfPage\":{\"@id\":\"https:\\\/\\\/www.binauralmedia.org\\\/news\\\/arquivo\\\/10834#webpage\"},\"isPartOf\":{\"@id\":\"https:\\\/\\\/www.binauralmedia.org\\\/news\\\/arquivo\\\/10834#webpage\"},\"articleSection\":\"Etnografia Sonora e Visual, Not\\u00edcias\"},{\"@type\":\"BreadcrumbList\",\"@id\":\"https:\\\/\\\/www.binauralmedia.org\\\/news\\\/arquivo\\\/10834#breadcrumblist\",\"itemListElement\":[{\"@type\":\"ListItem\",\"@id\":\"https:\\\/\\\/www.binauralmedia.org\\\/news#listItem\",\"position\":1,\"name\":\"Home\",\"item\":\"https:\\\/\\\/www.binauralmedia.org\\\/news\",\"nextItem\":{\"@type\":\"ListItem\",\"@id\":\"https:\\\/\\\/www.binauralmedia.org\\\/news\\\/arquivo\\\/category\\\/news#listItem\",\"name\":\"Not\\u00edcias\"}},{\"@type\":\"ListItem\",\"@id\":\"https:\\\/\\\/www.binauralmedia.org\\\/news\\\/arquivo\\\/category\\\/news#listItem\",\"position\":2,\"name\":\"Not\\u00edcias\",\"item\":\"https:\\\/\\\/www.binauralmedia.org\\\/news\\\/arquivo\\\/category\\\/news\",\"nextItem\":{\"@type\":\"ListItem\",\"@id\":\"https:\\\/\\\/www.binauralmedia.org\\\/news\\\/arquivo\\\/10834#listItem\",\"name\":\"Binaural\\\/Nodar homenageada nas comemora\\u00e7\\u00f5es do 80\\u00ba Anivers\\u00e1rio do Folclore de Manhouce\"},\"previousItem\":{\"@type\":\"ListItem\",\"@id\":\"https:\\\/\\\/www.binauralmedia.org\\\/news#listItem\",\"name\":\"Home\"}},{\"@type\":\"ListItem\",\"@id\":\"https:\\\/\\\/www.binauralmedia.org\\\/news\\\/arquivo\\\/10834#listItem\",\"position\":3,\"name\":\"Binaural\\\/Nodar homenageada nas comemora\\u00e7\\u00f5es do 80\\u00ba Anivers\\u00e1rio do Folclore de Manhouce\",\"previousItem\":{\"@type\":\"ListItem\",\"@id\":\"https:\\\/\\\/www.binauralmedia.org\\\/news\\\/arquivo\\\/category\\\/news#listItem\",\"name\":\"Not\\u00edcias\"}}]},{\"@type\":\"Organization\",\"@id\":\"https:\\\/\\\/www.binauralmedia.org\\\/news\\\/#organization\",\"name\":\"binauralmedia.org\",\"description\":\"Rural Based Sound\\\/Media Arts & Social Research\",\"url\":\"https:\\\/\\\/www.binauralmedia.org\\\/news\\\/\"},{\"@type\":\"Person\",\"@id\":\"https:\\\/\\\/www.binauralmedia.org\\\/news\\\/arquivo\\\/author\\\/luiscosta#author\",\"url\":\"https:\\\/\\\/www.binauralmedia.org\\\/news\\\/arquivo\\\/author\\\/luiscosta\",\"name\":\"luiscosta\"},{\"@type\":\"WebPage\",\"@id\":\"https:\\\/\\\/www.binauralmedia.org\\\/news\\\/arquivo\\\/10834#webpage\",\"url\":\"https:\\\/\\\/www.binauralmedia.org\\\/news\\\/arquivo\\\/10834\",\"name\":\"Binaural\\\/Nodar homenageada nas comemora\\u00e7\\u00f5es do 80\\u00ba Anivers\\u00e1rio do Folclore de Manhouce - binauralmedia.org\",\"description\":\"A Binaural Nodar participou hoje, 23 de setembro, com todo o gosto nas cerim\\u00f3nias do 80\\u00ba anivers\\u00e1rio do folclore de Manhouce, uma bela homenagem \\u00e0quela valorosa gente que l\\u00e1 longe no tempo come\\u00e7ou um caminho de dignifica\\u00e7\\u00e3o da cultura popular desta freguesia do Munic\\u00edpio S\\u00e3o Pedro do Sul situada na serra da Arada. Durante o evento, o coordenador da Binaural\",\"inLanguage\":\"pt-PT\",\"isPartOf\":{\"@id\":\"https:\\\/\\\/www.binauralmedia.org\\\/news\\\/#website\"},\"breadcrumb\":{\"@id\":\"https:\\\/\\\/www.binauralmedia.org\\\/news\\\/arquivo\\\/10834#breadcrumblist\"},\"author\":{\"@id\":\"https:\\\/\\\/www.binauralmedia.org\\\/news\\\/arquivo\\\/author\\\/luiscosta#author\"},\"creator\":{\"@id\":\"https:\\\/\\\/www.binauralmedia.org\\\/news\\\/arquivo\\\/author\\\/luiscosta#author\"},\"image\":{\"@type\":\"ImageObject\",\"url\":\"https:\\\/\\\/www.binauralmedia.org\\\/news\\\/wp-content\\\/uploads\\\/Capturar-6.png\",\"@id\":\"https:\\\/\\\/www.binauralmedia.org\\\/news\\\/arquivo\\\/10834\\\/#mainImage\",\"width\":315,\"height\":464},\"primaryImageOfPage\":{\"@id\":\"https:\\\/\\\/www.binauralmedia.org\\\/news\\\/arquivo\\\/10834#mainImage\"},\"datePublished\":\"2018-09-24T15:12:53+00:00\",\"dateModified\":\"2021-08-16T15:40:48+00:00\"},{\"@type\":\"WebSite\",\"@id\":\"https:\\\/\\\/www.binauralmedia.org\\\/news\\\/#website\",\"url\":\"https:\\\/\\\/www.binauralmedia.org\\\/news\\\/\",\"name\":\"binauralmedia.org\",\"description\":\"Rural Based Sound\\\/Media Arts & Social Research\",\"inLanguage\":\"pt-PT\",\"publisher\":{\"@id\":\"https:\\\/\\\/www.binauralmedia.org\\\/news\\\/#organization\"}}]}\n\t\t<\/script>\n\t\t<!-- All in One SEO -->\n\n","aioseo_head_json":{"title":"Binaural\/Nodar homenageada nas comemora\u00e7\u00f5es do 80\u00ba Anivers\u00e1rio do Folclore de Manhouce - binauralmedia.org","description":"A Binaural Nodar participou hoje, 23 de setembro, com todo o gosto nas cerim\u00f3nias do 80\u00ba anivers\u00e1rio do folclore de Manhouce, uma bela homenagem \u00e0quela valorosa gente que l\u00e1 longe no tempo come\u00e7ou um caminho de dignifica\u00e7\u00e3o da cultura popular desta freguesia do Munic\u00edpio S\u00e3o Pedro do Sul situada na serra da Arada. Durante o evento, o coordenador da Binaural","canonical_url":"https:\/\/www.binauralmedia.org\/news\/arquivo\/10834","robots":"max-image-preview:large","keywords":"","webmasterTools":{"miscellaneous":""},"schema":{"@context":"https:\/\/schema.org","@graph":[{"@type":"BlogPosting","@id":"https:\/\/www.binauralmedia.org\/news\/arquivo\/10834#blogposting","name":"Binaural\/Nodar homenageada nas comemora\u00e7\u00f5es do 80\u00ba Anivers\u00e1rio do Folclore de Manhouce - binauralmedia.org","headline":"Binaural\/Nodar homenageada nas comemora\u00e7\u00f5es do 80\u00ba Anivers\u00e1rio do Folclore de Manhouce","author":{"@id":"https:\/\/www.binauralmedia.org\/news\/arquivo\/author\/luiscosta#author"},"publisher":{"@id":"https:\/\/www.binauralmedia.org\/news\/#organization"},"image":{"@type":"ImageObject","url":"https:\/\/www.binauralmedia.org\/news\/wp-content\/uploads\/Capturar-6.png","width":315,"height":464},"datePublished":"2018-09-24T15:12:53+00:00","dateModified":"2021-08-16T15:40:48+00:00","inLanguage":"pt-PT","mainEntityOfPage":{"@id":"https:\/\/www.binauralmedia.org\/news\/arquivo\/10834#webpage"},"isPartOf":{"@id":"https:\/\/www.binauralmedia.org\/news\/arquivo\/10834#webpage"},"articleSection":"Etnografia Sonora e Visual, Not\u00edcias"},{"@type":"BreadcrumbList","@id":"https:\/\/www.binauralmedia.org\/news\/arquivo\/10834#breadcrumblist","itemListElement":[{"@type":"ListItem","@id":"https:\/\/www.binauralmedia.org\/news#listItem","position":1,"name":"Home","item":"https:\/\/www.binauralmedia.org\/news","nextItem":{"@type":"ListItem","@id":"https:\/\/www.binauralmedia.org\/news\/arquivo\/category\/news#listItem","name":"Not\u00edcias"}},{"@type":"ListItem","@id":"https:\/\/www.binauralmedia.org\/news\/arquivo\/category\/news#listItem","position":2,"name":"Not\u00edcias","item":"https:\/\/www.binauralmedia.org\/news\/arquivo\/category\/news","nextItem":{"@type":"ListItem","@id":"https:\/\/www.binauralmedia.org\/news\/arquivo\/10834#listItem","name":"Binaural\/Nodar homenageada nas comemora\u00e7\u00f5es do 80\u00ba Anivers\u00e1rio do Folclore de Manhouce"},"previousItem":{"@type":"ListItem","@id":"https:\/\/www.binauralmedia.org\/news#listItem","name":"Home"}},{"@type":"ListItem","@id":"https:\/\/www.binauralmedia.org\/news\/arquivo\/10834#listItem","position":3,"name":"Binaural\/Nodar homenageada nas comemora\u00e7\u00f5es do 80\u00ba Anivers\u00e1rio do Folclore de Manhouce","previousItem":{"@type":"ListItem","@id":"https:\/\/www.binauralmedia.org\/news\/arquivo\/category\/news#listItem","name":"Not\u00edcias"}}]},{"@type":"Organization","@id":"https:\/\/www.binauralmedia.org\/news\/#organization","name":"binauralmedia.org","description":"Rural Based Sound\/Media Arts & Social Research","url":"https:\/\/www.binauralmedia.org\/news\/"},{"@type":"Person","@id":"https:\/\/www.binauralmedia.org\/news\/arquivo\/author\/luiscosta#author","url":"https:\/\/www.binauralmedia.org\/news\/arquivo\/author\/luiscosta","name":"luiscosta"},{"@type":"WebPage","@id":"https:\/\/www.binauralmedia.org\/news\/arquivo\/10834#webpage","url":"https:\/\/www.binauralmedia.org\/news\/arquivo\/10834","name":"Binaural\/Nodar homenageada nas comemora\u00e7\u00f5es do 80\u00ba Anivers\u00e1rio do Folclore de Manhouce - binauralmedia.org","description":"A Binaural Nodar participou hoje, 23 de setembro, com todo o gosto nas cerim\u00f3nias do 80\u00ba anivers\u00e1rio do folclore de Manhouce, uma bela homenagem \u00e0quela valorosa gente que l\u00e1 longe no tempo come\u00e7ou um caminho de dignifica\u00e7\u00e3o da cultura popular desta freguesia do Munic\u00edpio S\u00e3o Pedro do Sul situada na serra da Arada. Durante o evento, o coordenador da Binaural","inLanguage":"pt-PT","isPartOf":{"@id":"https:\/\/www.binauralmedia.org\/news\/#website"},"breadcrumb":{"@id":"https:\/\/www.binauralmedia.org\/news\/arquivo\/10834#breadcrumblist"},"author":{"@id":"https:\/\/www.binauralmedia.org\/news\/arquivo\/author\/luiscosta#author"},"creator":{"@id":"https:\/\/www.binauralmedia.org\/news\/arquivo\/author\/luiscosta#author"},"image":{"@type":"ImageObject","url":"https:\/\/www.binauralmedia.org\/news\/wp-content\/uploads\/Capturar-6.png","@id":"https:\/\/www.binauralmedia.org\/news\/arquivo\/10834\/#mainImage","width":315,"height":464},"primaryImageOfPage":{"@id":"https:\/\/www.binauralmedia.org\/news\/arquivo\/10834#mainImage"},"datePublished":"2018-09-24T15:12:53+00:00","dateModified":"2021-08-16T15:40:48+00:00"},{"@type":"WebSite","@id":"https:\/\/www.binauralmedia.org\/news\/#website","url":"https:\/\/www.binauralmedia.org\/news\/","name":"binauralmedia.org","description":"Rural Based Sound\/Media Arts & Social Research","inLanguage":"pt-PT","publisher":{"@id":"https:\/\/www.binauralmedia.org\/news\/#organization"}}]},"og:locale":"pt_PT","og:site_name":"binauralmedia.org - Rural Based Sound\/Media Arts &amp; Social Research","og:type":"article","og:title":"Binaural\/Nodar homenageada nas comemora\u00e7\u00f5es do 80\u00ba Anivers\u00e1rio do Folclore de Manhouce - binauralmedia.org","og:description":"A Binaural Nodar participou hoje, 23 de setembro, com todo o gosto nas cerim\u00f3nias do 80\u00ba anivers\u00e1rio do folclore de Manhouce, uma bela homenagem \u00e0quela valorosa gente que l\u00e1 longe no tempo come\u00e7ou um caminho de dignifica\u00e7\u00e3o da cultura popular desta freguesia do Munic\u00edpio S\u00e3o Pedro do Sul situada na serra da Arada. Durante o evento, o coordenador da Binaural","og:url":"https:\/\/www.binauralmedia.org\/news\/arquivo\/10834","article:published_time":"2018-09-24T15:12:53+00:00","article:modified_time":"2021-08-16T15:40:48+00:00","twitter:card":"summary_large_image","twitter:title":"Binaural\/Nodar homenageada nas comemora\u00e7\u00f5es do 80\u00ba Anivers\u00e1rio do Folclore de Manhouce - binauralmedia.org","twitter:description":"A Binaural Nodar participou hoje, 23 de setembro, com todo o gosto nas cerim\u00f3nias do 80\u00ba anivers\u00e1rio do folclore de Manhouce, uma bela homenagem \u00e0quela valorosa gente que l\u00e1 longe no tempo come\u00e7ou um caminho de dignifica\u00e7\u00e3o da cultura popular desta freguesia do Munic\u00edpio S\u00e3o Pedro do Sul situada na serra da Arada. Durante o evento, o coordenador da Binaural"},"aioseo_meta_data":{"post_id":"10834","title":null,"description":null,"keywords":null,"keyphrases":null,"primary_term":null,"canonical_url":null,"og_title":null,"og_description":null,"og_object_type":"default","og_image_type":"default","og_image_custom_url":null,"og_image_custom_fields":null,"og_image_url":null,"og_image_width":null,"og_image_height":null,"og_video":null,"og_custom_url":null,"og_article_section":null,"og_article_tags":null,"twitter_use_og":false,"twitter_card":"default","twitter_image_type":"default","twitter_image_custom_url":null,"twitter_image_custom_fields":null,"twitter_image_url":null,"twitter_title":null,"twitter_description":null,"schema_type":"default","schema_type_options":null,"schema":{"blockGraphs":[],"customGraphs":[],"default":{"data":{"Article":[],"Course":[],"Dataset":[],"FAQPage":[],"Movie":[],"Person":[],"Product":[],"ProductReview":[],"Car":[],"Recipe":[],"Service":[],"SoftwareApplication":[],"WebPage":[]},"graphName":"","isEnabled":true},"graphs":[]},"pillar_content":false,"robots_default":true,"robots_noindex":false,"robots_noarchive":false,"robots_nosnippet":false,"robots_nofollow":false,"robots_noimageindex":false,"robots_noodp":false,"robots_notranslate":false,"robots_max_snippet":null,"robots_max_videopreview":null,"robots_max_imagepreview":"large","priority":null,"frequency":null,"local_seo":null,"limit_modified_date":false,"ai":null,"breadcrumb_settings":null,"seo_analyzer_scan_date":null,"created":"2026-08-05 03:47:34","updated":"2026-08-05 03:47:34","focus_keyword":null,"additional_keywords":null,"truseo_locale":null},"aioseo_breadcrumb":"<div class=\"aioseo-breadcrumbs\"><span class=\"aioseo-breadcrumb\">\n\t\t\t<a href=\"https:\/\/www.binauralmedia.org\/news\" title=\"Home\">Home<\/a>\n\t\t<\/span><span class=\"aioseo-breadcrumb-separator\">&raquo;<\/span><span class=\"aioseo-breadcrumb\">\n\t\t\t<a href=\"https:\/\/www.binauralmedia.org\/news\/arquivo\/category\/news\" title=\"Not\u00edcias\">Not\u00edcias<\/a>\n\t\t<\/span><span class=\"aioseo-breadcrumb-separator\">&raquo;<\/span><span class=\"aioseo-breadcrumb\">\n\t\t\tBinaural\/Nodar homenageada nas comemora\u00e7\u00f5es do 80\u00ba Anivers\u00e1rio do Folclore de Manhouce\n\t\t<\/span><\/div>","aioseo_breadcrumb_json":[{"label":"Home","link":"https:\/\/www.binauralmedia.org\/news"},{"label":"Not\u00edcias","link":"https:\/\/www.binauralmedia.org\/news\/arquivo\/category\/news"},{"label":"Binaural\/Nodar homenageada nas comemora\u00e7\u00f5es do 80\u00ba Anivers\u00e1rio do Folclore de Manhouce","link":"https:\/\/www.binauralmedia.org\/news\/arquivo\/10834"}],"_links":{"self":[{"href":"https:\/\/www.binauralmedia.org\/news\/wp-json\/wp\/v2\/posts\/10834","targetHints":{"allow":["GET"]}}],"collection":[{"href":"https:\/\/www.binauralmedia.org\/news\/wp-json\/wp\/v2\/posts"}],"about":[{"href":"https:\/\/www.binauralmedia.org\/news\/wp-json\/wp\/v2\/types\/post"}],"author":[{"embeddable":true,"href":"https:\/\/www.binauralmedia.org\/news\/wp-json\/wp\/v2\/users\/2"}],"replies":[{"embeddable":true,"href":"https:\/\/www.binauralmedia.org\/news\/wp-json\/wp\/v2\/comments?post=10834"}],"version-history":[{"count":2,"href":"https:\/\/www.binauralmedia.org\/news\/wp-json\/wp\/v2\/posts\/10834\/revisions"}],"predecessor-version":[{"id":13348,"href":"https:\/\/www.binauralmedia.org\/news\/wp-json\/wp\/v2\/posts\/10834\/revisions\/13348"}],"wp:featuredmedia":[{"embeddable":true,"href":"https:\/\/www.binauralmedia.org\/news\/wp-json\/wp\/v2\/media\/10837"}],"wp:attachment":[{"href":"https:\/\/www.binauralmedia.org\/news\/wp-json\/wp\/v2\/media?parent=10834"}],"wp:term":[{"taxonomy":"category","embeddable":true,"href":"https:\/\/www.binauralmedia.org\/news\/wp-json\/wp\/v2\/categories?post=10834"},{"taxonomy":"post_tag","embeddable":true,"href":"https:\/\/www.binauralmedia.org\/news\/wp-json\/wp\/v2\/tags?post=10834"}],"curies":[{"name":"wp","href":"https:\/\/api.w.org\/{rel}","templated":true}]}}