{"id":10828,"date":"2018-09-20T15:38:59","date_gmt":"2018-09-20T15:38:59","guid":{"rendered":"https:\/\/binauralmedia.org\/news\/?p=10828"},"modified":"2021-08-16T15:40:47","modified_gmt":"2021-08-16T15:40:47","slug":"lancamento-do-cd-cancioneiro-do-linho-e-da-vida-rural-de-varzea-de-cade","status":"publish","type":"post","link":"https:\/\/www.binauralmedia.org\/news\/arquivo\/10828","title":{"rendered":"Lan\u00e7amento do CD \u201cCancioneiro do Linho e da Vida Rural de V\u00e1rzea de Calde\u201c"},"content":{"rendered":"<p>A\u00a0Binaural Nodar, em parceria com o\u00a0Munic\u00edpio de Viseu, o Museu do Linho e grupo Etnogr\u00e1fico de V\u00e1rzea de Calde, t\u00eam o gosto de anunciar o lan\u00e7amento do CD \u201cCancioneiro do Linho e da Vida Rural de V\u00e1rzea de Cade\u201c do Grupo Etnogr\u00e1fico de V\u00e1rzea de Calde, a ter lugar quarta-feira, 19\/9 pelas 17h30, no Museu do Linho de V\u00e1rzea de Calde (Junta de Freguesia de Calde, Munic\u00edpio de Viseu).<\/p>\n<p>Este CD foi produzido pela Binaural\/Nodar no \u00e2mbito da sua longa investiga\u00e7\u00e3o etnogr\u00e1fica, e c<span class=\"text_exposed_show\">onstitui um exemplo acabado de valoriza\u00e7\u00e3o das tradi\u00e7\u00f5es mais arreigadas de uma comunidade, fazendo-o de forma singular, quer pela demonstra\u00e7\u00e3o exemplar de um cancioneiro especificamente ligado a uma das atividades mais emblem\u00e1ticas da aldeia,<br \/>\na sementeira e processamento da fibra do linho at\u00e9 ao tear, quer pela pan\u00f3plia de cantares rurais que refletem modos de articula\u00e7\u00e3o hol\u00edstica entre paisagem, trabalho e rela\u00e7\u00f5es sociais do mundo rural.<\/span><\/p>\n<div class=\"text_exposed_show\">\n<p>Resta-nos, em nome da dire\u00e7\u00e3o da Binaural Nodar agradecer o apoio empenhado dos v\u00e1rios parceiros que tornaram poss\u00edvel esta edi\u00e7\u00e3o: ao Grupo Etnogr\u00e1fico de V\u00e1rzea de Calde, na pessoa do seu presidente senhor Hermenegildo Gon\u00e7alves, ao Museu do Linho de V\u00e1rzea de Calde, na pessoa da sua diretora Dra. Raquel Greenleaf e ao Munic\u00edpio de Viseu na pessoa do vereador com o pelouro da cultura, Dr. Jorge Sobrado, pelo seu entusiasmo na promo\u00e7\u00e3o da cultura do munic\u00edpio e pela dinamiza\u00e7\u00e3o do Programa Viseu Cultura que cofinanciou esta publica\u00e7\u00e3o.<\/p>\n<p><img decoding=\"async\" class=\"lazyload alignnone size-full wp-image-10829\" src=\"http:\/\/www.binauralmedia.org\/news\/\/wp-content\/uploads\/42143656_1952593834787369_7780887071261982720_n.jpg\" data-orig-src=\"http:\/\/www.binauralmedia.org\/news\/\/wp-content\/uploads\/42143656_1952593834787369_7780887071261982720_n.jpg\" alt=\"\" width=\"960\" height=\"678\" srcset=\"data:image\/svg+xml,%3Csvg%20xmlns%3D%27http%3A%2F%2Fwww.w3.org%2F2000%2Fsvg%27%20width%3D%27960%27%20height%3D%27678%27%20viewBox%3D%270%200%20960%20678%27%3E%3Crect%20width%3D%27960%27%20height%3D%27678%27%20fill-opacity%3D%220%22%2F%3E%3C%2Fsvg%3E\" data-srcset=\"https:\/\/www.binauralmedia.org\/news\/wp-content\/uploads\/42143656_1952593834787369_7780887071261982720_n-200x141.jpg 200w, https:\/\/www.binauralmedia.org\/news\/wp-content\/uploads\/42143656_1952593834787369_7780887071261982720_n-400x283.jpg 400w, https:\/\/www.binauralmedia.org\/news\/wp-content\/uploads\/42143656_1952593834787369_7780887071261982720_n-425x300.jpg 425w, https:\/\/www.binauralmedia.org\/news\/wp-content\/uploads\/42143656_1952593834787369_7780887071261982720_n-500x353.jpg 500w, https:\/\/www.binauralmedia.org\/news\/wp-content\/uploads\/42143656_1952593834787369_7780887071261982720_n-600x424.jpg 600w, https:\/\/www.binauralmedia.org\/news\/wp-content\/uploads\/42143656_1952593834787369_7780887071261982720_n-768x542.jpg 768w, https:\/\/www.binauralmedia.org\/news\/wp-content\/uploads\/42143656_1952593834787369_7780887071261982720_n-800x565.jpg 800w, https:\/\/www.binauralmedia.org\/news\/wp-content\/uploads\/42143656_1952593834787369_7780887071261982720_n.jpg 960w\" data-sizes=\"auto\" data-orig-sizes=\"(max-width: 960px) 100vw, 960px\" \/><\/p>\n<\/div>\n","protected":false},"excerpt":{"rendered":"<p>A\u00a0Binaural Nodar, em parceria com o\u00a0Munic\u00edpio de Viseu, o Museu  [&#8230;]<\/p>\n","protected":false},"author":2,"featured_media":10830,"comment_status":"closed","ping_status":"closed","sticky":false,"template":"","format":"standard","meta":{"_acf_changed":false,"_bbp_topic_count":0,"_bbp_reply_count":0,"_bbp_total_topic_count":0,"_bbp_total_reply_count":0,"_bbp_voice_count":0,"_bbp_anonymous_reply_count":0,"_bbp_topic_count_hidden":0,"_bbp_reply_count_hidden":0,"_bbp_forum_subforum_count":0,"footnotes":""},"categories":[1158,1,1157],"tags":[],"class_list":["post-10828","post","type-post","status-publish","format-standard","has-post-thumbnail","hentry","category-visual-sound-ethnograhpy","category-news","category-publications"],"acf":[],"aioseo_notices":[],"aioseo_head":"\n\t\t<!-- All in One SEO 5.0.1.1 - aioseo.com -->\n\t<meta name=\"description\" content=\"A Binaural Nodar, em parceria com o Munic\u00edpio de Viseu, o Museu do Linho e grupo Etnogr\u00e1fico de V\u00e1rzea de Calde, t\u00eam o gosto de anunciar o lan\u00e7amento do CD \u201cCancioneiro do Linho e da Vida Rural de V\u00e1rzea de Cade\u201c do Grupo Etnogr\u00e1fico de V\u00e1rzea de Calde, a ter lugar quarta-feira, 19\/9 pelas 17h30, no Museu\" \/>\n\t<meta name=\"robots\" content=\"max-image-preview:large\" \/>\n\t<meta name=\"author\" content=\"luiscosta\"\/>\n\t<link rel=\"canonical\" href=\"https:\/\/www.binauralmedia.org\/news\/arquivo\/10828\" \/>\n\t<meta name=\"generator\" content=\"All in One SEO (AIOSEO) 5.0.1.1\" \/>\n\t\t<meta property=\"og:locale\" content=\"pt_PT\" \/>\n\t\t<meta property=\"og:site_name\" content=\"binauralmedia.org - Rural Based Sound\/Media Arts &amp; Social Research\" \/>\n\t\t<meta property=\"og:type\" content=\"article\" \/>\n\t\t<meta property=\"og:title\" content=\"Lan\u00e7amento do CD \u201cCancioneiro do Linho e da Vida Rural de V\u00e1rzea de Calde\u201c - binauralmedia.org\" \/>\n\t\t<meta property=\"og:description\" content=\"A Binaural Nodar, em parceria com o Munic\u00edpio de Viseu, o Museu do Linho e grupo Etnogr\u00e1fico de V\u00e1rzea de Calde, t\u00eam o gosto de anunciar o lan\u00e7amento do CD \u201cCancioneiro do Linho e da Vida Rural de V\u00e1rzea de Cade\u201c do Grupo Etnogr\u00e1fico de V\u00e1rzea de Calde, a ter lugar quarta-feira, 19\/9 pelas 17h30, no Museu\" \/>\n\t\t<meta property=\"og:url\" content=\"https:\/\/www.binauralmedia.org\/news\/arquivo\/10828\" \/>\n\t\t<meta property=\"article:published_time\" content=\"2018-09-20T15:38:59+00:00\" \/>\n\t\t<meta property=\"article:modified_time\" content=\"2021-08-16T15:40:47+00:00\" \/>\n\t\t<meta name=\"twitter:card\" content=\"summary_large_image\" \/>\n\t\t<meta name=\"twitter:title\" content=\"Lan\u00e7amento do CD \u201cCancioneiro do Linho e da Vida Rural de V\u00e1rzea de Calde\u201c - binauralmedia.org\" \/>\n\t\t<meta name=\"twitter:description\" content=\"A Binaural Nodar, em parceria com o Munic\u00edpio de Viseu, o Museu do Linho e grupo Etnogr\u00e1fico de V\u00e1rzea de Calde, t\u00eam o gosto de anunciar o lan\u00e7amento do CD \u201cCancioneiro do Linho e da Vida Rural de V\u00e1rzea de Cade\u201c do Grupo Etnogr\u00e1fico de V\u00e1rzea de Calde, a ter lugar quarta-feira, 19\/9 pelas 17h30, no Museu\" \/>\n\t\t<script type=\"application\/ld+json\" class=\"aioseo-schema\">\n\t\t\t{\"@context\":\"https:\\\/\\\/schema.org\",\"@graph\":[{\"@type\":\"BlogPosting\",\"@id\":\"https:\\\/\\\/www.binauralmedia.org\\\/news\\\/arquivo\\\/10828#blogposting\",\"name\":\"Lan\\u00e7amento do CD \\u201cCancioneiro do Linho e da Vida Rural de V\\u00e1rzea de Calde\\u201c - binauralmedia.org\",\"headline\":\"Lan\\u00e7amento do CD \\u201cCancioneiro do Linho e da Vida Rural de V\\u00e1rzea de Calde\\u201c\",\"author\":{\"@id\":\"https:\\\/\\\/www.binauralmedia.org\\\/news\\\/arquivo\\\/author\\\/luiscosta#author\"},\"publisher\":{\"@id\":\"https:\\\/\\\/www.binauralmedia.org\\\/news\\\/#organization\"},\"image\":{\"@type\":\"ImageObject\",\"url\":\"https:\\\/\\\/www.binauralmedia.org\\\/news\\\/wp-content\\\/uploads\\\/42181842_1954759201237499_9051376738591834112_n.jpg\",\"width\":960,\"height\":540},\"datePublished\":\"2018-09-20T15:38:59+00:00\",\"dateModified\":\"2021-08-16T15:40:47+00:00\",\"inLanguage\":\"pt-PT\",\"mainEntityOfPage\":{\"@id\":\"https:\\\/\\\/www.binauralmedia.org\\\/news\\\/arquivo\\\/10828#webpage\"},\"isPartOf\":{\"@id\":\"https:\\\/\\\/www.binauralmedia.org\\\/news\\\/arquivo\\\/10828#webpage\"},\"articleSection\":\"Etnografia Sonora e Visual, Not\\u00edcias, Publica\\u00e7\\u00f5es\"},{\"@type\":\"BreadcrumbList\",\"@id\":\"https:\\\/\\\/www.binauralmedia.org\\\/news\\\/arquivo\\\/10828#breadcrumblist\",\"itemListElement\":[{\"@type\":\"ListItem\",\"@id\":\"https:\\\/\\\/www.binauralmedia.org\\\/news#listItem\",\"position\":1,\"name\":\"Home\",\"item\":\"https:\\\/\\\/www.binauralmedia.org\\\/news\",\"nextItem\":{\"@type\":\"ListItem\",\"@id\":\"https:\\\/\\\/www.binauralmedia.org\\\/news\\\/arquivo\\\/category\\\/news#listItem\",\"name\":\"Not\\u00edcias\"}},{\"@type\":\"ListItem\",\"@id\":\"https:\\\/\\\/www.binauralmedia.org\\\/news\\\/arquivo\\\/category\\\/news#listItem\",\"position\":2,\"name\":\"Not\\u00edcias\",\"item\":\"https:\\\/\\\/www.binauralmedia.org\\\/news\\\/arquivo\\\/category\\\/news\",\"nextItem\":{\"@type\":\"ListItem\",\"@id\":\"https:\\\/\\\/www.binauralmedia.org\\\/news\\\/arquivo\\\/10828#listItem\",\"name\":\"Lan\\u00e7amento do CD \\u201cCancioneiro do Linho e da Vida Rural de V\\u00e1rzea de Calde\\u201c\"},\"previousItem\":{\"@type\":\"ListItem\",\"@id\":\"https:\\\/\\\/www.binauralmedia.org\\\/news#listItem\",\"name\":\"Home\"}},{\"@type\":\"ListItem\",\"@id\":\"https:\\\/\\\/www.binauralmedia.org\\\/news\\\/arquivo\\\/10828#listItem\",\"position\":3,\"name\":\"Lan\\u00e7amento do CD \\u201cCancioneiro do Linho e da Vida Rural de V\\u00e1rzea de Calde\\u201c\",\"previousItem\":{\"@type\":\"ListItem\",\"@id\":\"https:\\\/\\\/www.binauralmedia.org\\\/news\\\/arquivo\\\/category\\\/news#listItem\",\"name\":\"Not\\u00edcias\"}}]},{\"@type\":\"Organization\",\"@id\":\"https:\\\/\\\/www.binauralmedia.org\\\/news\\\/#organization\",\"name\":\"binauralmedia.org\",\"description\":\"Rural Based Sound\\\/Media Arts & Social Research\",\"url\":\"https:\\\/\\\/www.binauralmedia.org\\\/news\\\/\"},{\"@type\":\"Person\",\"@id\":\"https:\\\/\\\/www.binauralmedia.org\\\/news\\\/arquivo\\\/author\\\/luiscosta#author\",\"url\":\"https:\\\/\\\/www.binauralmedia.org\\\/news\\\/arquivo\\\/author\\\/luiscosta\",\"name\":\"luiscosta\"},{\"@type\":\"WebPage\",\"@id\":\"https:\\\/\\\/www.binauralmedia.org\\\/news\\\/arquivo\\\/10828#webpage\",\"url\":\"https:\\\/\\\/www.binauralmedia.org\\\/news\\\/arquivo\\\/10828\",\"name\":\"Lan\\u00e7amento do CD \\u201cCancioneiro do Linho e da Vida Rural de V\\u00e1rzea de Calde\\u201c - binauralmedia.org\",\"description\":\"A Binaural Nodar, em parceria com o Munic\\u00edpio de Viseu, o Museu do Linho e grupo Etnogr\\u00e1fico de V\\u00e1rzea de Calde, t\\u00eam o gosto de anunciar o lan\\u00e7amento do CD \\u201cCancioneiro do Linho e da Vida Rural de V\\u00e1rzea de Cade\\u201c do Grupo Etnogr\\u00e1fico de V\\u00e1rzea de Calde, a ter lugar quarta-feira, 19\\\/9 pelas 17h30, no Museu\",\"inLanguage\":\"pt-PT\",\"isPartOf\":{\"@id\":\"https:\\\/\\\/www.binauralmedia.org\\\/news\\\/#website\"},\"breadcrumb\":{\"@id\":\"https:\\\/\\\/www.binauralmedia.org\\\/news\\\/arquivo\\\/10828#breadcrumblist\"},\"author\":{\"@id\":\"https:\\\/\\\/www.binauralmedia.org\\\/news\\\/arquivo\\\/author\\\/luiscosta#author\"},\"creator\":{\"@id\":\"https:\\\/\\\/www.binauralmedia.org\\\/news\\\/arquivo\\\/author\\\/luiscosta#author\"},\"image\":{\"@type\":\"ImageObject\",\"url\":\"https:\\\/\\\/www.binauralmedia.org\\\/news\\\/wp-content\\\/uploads\\\/42181842_1954759201237499_9051376738591834112_n.jpg\",\"@id\":\"https:\\\/\\\/www.binauralmedia.org\\\/news\\\/arquivo\\\/10828\\\/#mainImage\",\"width\":960,\"height\":540},\"primaryImageOfPage\":{\"@id\":\"https:\\\/\\\/www.binauralmedia.org\\\/news\\\/arquivo\\\/10828#mainImage\"},\"datePublished\":\"2018-09-20T15:38:59+00:00\",\"dateModified\":\"2021-08-16T15:40:47+00:00\"},{\"@type\":\"WebSite\",\"@id\":\"https:\\\/\\\/www.binauralmedia.org\\\/news\\\/#website\",\"url\":\"https:\\\/\\\/www.binauralmedia.org\\\/news\\\/\",\"name\":\"binauralmedia.org\",\"description\":\"Rural Based Sound\\\/Media Arts & Social Research\",\"inLanguage\":\"pt-PT\",\"publisher\":{\"@id\":\"https:\\\/\\\/www.binauralmedia.org\\\/news\\\/#organization\"}}]}\n\t\t<\/script>\n\t\t<!-- All in One SEO -->\n\n","aioseo_head_json":{"title":"Lan\u00e7amento do CD \u201cCancioneiro do Linho e da Vida Rural de V\u00e1rzea de Calde\u201c - binauralmedia.org","description":"A Binaural Nodar, em parceria com o Munic\u00edpio de Viseu, o Museu do Linho e grupo Etnogr\u00e1fico de V\u00e1rzea de Calde, t\u00eam o gosto de anunciar o lan\u00e7amento do CD \u201cCancioneiro do Linho e da Vida Rural de V\u00e1rzea de Cade\u201c do Grupo Etnogr\u00e1fico de V\u00e1rzea de Calde, a ter lugar quarta-feira, 19\/9 pelas 17h30, no Museu","canonical_url":"https:\/\/www.binauralmedia.org\/news\/arquivo\/10828","robots":"max-image-preview:large","keywords":"","webmasterTools":{"miscellaneous":""},"schema":{"@context":"https:\/\/schema.org","@graph":[{"@type":"BlogPosting","@id":"https:\/\/www.binauralmedia.org\/news\/arquivo\/10828#blogposting","name":"Lan\u00e7amento do CD \u201cCancioneiro do Linho e da Vida Rural de V\u00e1rzea de Calde\u201c - binauralmedia.org","headline":"Lan\u00e7amento do CD \u201cCancioneiro do Linho e da Vida Rural de V\u00e1rzea de Calde\u201c","author":{"@id":"https:\/\/www.binauralmedia.org\/news\/arquivo\/author\/luiscosta#author"},"publisher":{"@id":"https:\/\/www.binauralmedia.org\/news\/#organization"},"image":{"@type":"ImageObject","url":"https:\/\/www.binauralmedia.org\/news\/wp-content\/uploads\/42181842_1954759201237499_9051376738591834112_n.jpg","width":960,"height":540},"datePublished":"2018-09-20T15:38:59+00:00","dateModified":"2021-08-16T15:40:47+00:00","inLanguage":"pt-PT","mainEntityOfPage":{"@id":"https:\/\/www.binauralmedia.org\/news\/arquivo\/10828#webpage"},"isPartOf":{"@id":"https:\/\/www.binauralmedia.org\/news\/arquivo\/10828#webpage"},"articleSection":"Etnografia Sonora e Visual, Not\u00edcias, Publica\u00e7\u00f5es"},{"@type":"BreadcrumbList","@id":"https:\/\/www.binauralmedia.org\/news\/arquivo\/10828#breadcrumblist","itemListElement":[{"@type":"ListItem","@id":"https:\/\/www.binauralmedia.org\/news#listItem","position":1,"name":"Home","item":"https:\/\/www.binauralmedia.org\/news","nextItem":{"@type":"ListItem","@id":"https:\/\/www.binauralmedia.org\/news\/arquivo\/category\/news#listItem","name":"Not\u00edcias"}},{"@type":"ListItem","@id":"https:\/\/www.binauralmedia.org\/news\/arquivo\/category\/news#listItem","position":2,"name":"Not\u00edcias","item":"https:\/\/www.binauralmedia.org\/news\/arquivo\/category\/news","nextItem":{"@type":"ListItem","@id":"https:\/\/www.binauralmedia.org\/news\/arquivo\/10828#listItem","name":"Lan\u00e7amento do CD \u201cCancioneiro do Linho e da Vida Rural de V\u00e1rzea de Calde\u201c"},"previousItem":{"@type":"ListItem","@id":"https:\/\/www.binauralmedia.org\/news#listItem","name":"Home"}},{"@type":"ListItem","@id":"https:\/\/www.binauralmedia.org\/news\/arquivo\/10828#listItem","position":3,"name":"Lan\u00e7amento do CD \u201cCancioneiro do Linho e da Vida Rural de V\u00e1rzea de Calde\u201c","previousItem":{"@type":"ListItem","@id":"https:\/\/www.binauralmedia.org\/news\/arquivo\/category\/news#listItem","name":"Not\u00edcias"}}]},{"@type":"Organization","@id":"https:\/\/www.binauralmedia.org\/news\/#organization","name":"binauralmedia.org","description":"Rural Based Sound\/Media Arts & Social Research","url":"https:\/\/www.binauralmedia.org\/news\/"},{"@type":"Person","@id":"https:\/\/www.binauralmedia.org\/news\/arquivo\/author\/luiscosta#author","url":"https:\/\/www.binauralmedia.org\/news\/arquivo\/author\/luiscosta","name":"luiscosta"},{"@type":"WebPage","@id":"https:\/\/www.binauralmedia.org\/news\/arquivo\/10828#webpage","url":"https:\/\/www.binauralmedia.org\/news\/arquivo\/10828","name":"Lan\u00e7amento do CD \u201cCancioneiro do Linho e da Vida Rural de V\u00e1rzea de Calde\u201c - binauralmedia.org","description":"A Binaural Nodar, em parceria com o Munic\u00edpio de Viseu, o Museu do Linho e grupo Etnogr\u00e1fico de V\u00e1rzea de Calde, t\u00eam o gosto de anunciar o lan\u00e7amento do CD \u201cCancioneiro do Linho e da Vida Rural de V\u00e1rzea de Cade\u201c do Grupo Etnogr\u00e1fico de V\u00e1rzea de Calde, a ter lugar quarta-feira, 19\/9 pelas 17h30, no Museu","inLanguage":"pt-PT","isPartOf":{"@id":"https:\/\/www.binauralmedia.org\/news\/#website"},"breadcrumb":{"@id":"https:\/\/www.binauralmedia.org\/news\/arquivo\/10828#breadcrumblist"},"author":{"@id":"https:\/\/www.binauralmedia.org\/news\/arquivo\/author\/luiscosta#author"},"creator":{"@id":"https:\/\/www.binauralmedia.org\/news\/arquivo\/author\/luiscosta#author"},"image":{"@type":"ImageObject","url":"https:\/\/www.binauralmedia.org\/news\/wp-content\/uploads\/42181842_1954759201237499_9051376738591834112_n.jpg","@id":"https:\/\/www.binauralmedia.org\/news\/arquivo\/10828\/#mainImage","width":960,"height":540},"primaryImageOfPage":{"@id":"https:\/\/www.binauralmedia.org\/news\/arquivo\/10828#mainImage"},"datePublished":"2018-09-20T15:38:59+00:00","dateModified":"2021-08-16T15:40:47+00:00"},{"@type":"WebSite","@id":"https:\/\/www.binauralmedia.org\/news\/#website","url":"https:\/\/www.binauralmedia.org\/news\/","name":"binauralmedia.org","description":"Rural Based Sound\/Media Arts & Social Research","inLanguage":"pt-PT","publisher":{"@id":"https:\/\/www.binauralmedia.org\/news\/#organization"}}]},"og:locale":"pt_PT","og:site_name":"binauralmedia.org - Rural Based Sound\/Media Arts &amp; Social Research","og:type":"article","og:title":"Lan\u00e7amento do CD \u201cCancioneiro do Linho e da Vida Rural de V\u00e1rzea de Calde\u201c - binauralmedia.org","og:description":"A Binaural Nodar, em parceria com o Munic\u00edpio de Viseu, o Museu do Linho e grupo Etnogr\u00e1fico de V\u00e1rzea de Calde, t\u00eam o gosto de anunciar o lan\u00e7amento do CD \u201cCancioneiro do Linho e da Vida Rural de V\u00e1rzea de Cade\u201c do Grupo Etnogr\u00e1fico de V\u00e1rzea de Calde, a ter lugar quarta-feira, 19\/9 pelas 17h30, no Museu","og:url":"https:\/\/www.binauralmedia.org\/news\/arquivo\/10828","article:published_time":"2018-09-20T15:38:59+00:00","article:modified_time":"2021-08-16T15:40:47+00:00","twitter:card":"summary_large_image","twitter:title":"Lan\u00e7amento do CD \u201cCancioneiro do Linho e da Vida Rural de V\u00e1rzea de Calde\u201c - binauralmedia.org","twitter:description":"A Binaural Nodar, em parceria com o Munic\u00edpio de Viseu, o Museu do Linho e grupo Etnogr\u00e1fico de V\u00e1rzea de Calde, t\u00eam o gosto de anunciar o lan\u00e7amento do CD \u201cCancioneiro do Linho e da Vida Rural de V\u00e1rzea de Cade\u201c do Grupo Etnogr\u00e1fico de V\u00e1rzea de Calde, a ter lugar quarta-feira, 19\/9 pelas 17h30, no Museu"},"aioseo_meta_data":{"post_id":"10828","title":null,"description":null,"keywords":null,"keyphrases":null,"primary_term":null,"canonical_url":null,"og_title":null,"og_description":null,"og_object_type":"default","og_image_type":"default","og_image_custom_url":null,"og_image_custom_fields":null,"og_image_url":null,"og_image_width":null,"og_image_height":null,"og_video":null,"og_custom_url":null,"og_article_section":null,"og_article_tags":null,"twitter_use_og":false,"twitter_card":"default","twitter_image_type":"default","twitter_image_custom_url":null,"twitter_image_custom_fields":null,"twitter_image_url":null,"twitter_title":null,"twitter_description":null,"schema_type":"default","schema_type_options":null,"schema":{"blockGraphs":[],"customGraphs":[],"default":{"data":{"Article":[],"Course":[],"Dataset":[],"FAQPage":[],"Movie":[],"Person":[],"Product":[],"ProductReview":[],"Car":[],"Recipe":[],"Service":[],"SoftwareApplication":[],"WebPage":[]},"graphName":"","isEnabled":true},"graphs":[]},"pillar_content":false,"robots_default":true,"robots_noindex":false,"robots_noarchive":false,"robots_nosnippet":false,"robots_nofollow":false,"robots_noimageindex":false,"robots_noodp":false,"robots_notranslate":false,"robots_max_snippet":null,"robots_max_videopreview":null,"robots_max_imagepreview":"large","priority":null,"frequency":null,"local_seo":null,"limit_modified_date":false,"ai":null,"breadcrumb_settings":null,"seo_analyzer_scan_date":null,"created":"2026-08-05 03:46:34","updated":"2026-08-05 03:46:34","focus_keyword":null,"additional_keywords":null,"truseo_locale":null},"aioseo_breadcrumb":"<div class=\"aioseo-breadcrumbs\"><span class=\"aioseo-breadcrumb\">\n\t\t\t<a href=\"https:\/\/www.binauralmedia.org\/news\" title=\"Home\">Home<\/a>\n\t\t<\/span><span class=\"aioseo-breadcrumb-separator\">&raquo;<\/span><span class=\"aioseo-breadcrumb\">\n\t\t\t<a href=\"https:\/\/www.binauralmedia.org\/news\/arquivo\/category\/news\" title=\"Not\u00edcias\">Not\u00edcias<\/a>\n\t\t<\/span><span class=\"aioseo-breadcrumb-separator\">&raquo;<\/span><span class=\"aioseo-breadcrumb\">\n\t\t\tLan\u00e7amento do CD \u201cCancioneiro do Linho e da Vida Rural de V\u00e1rzea de Calde\u201c\n\t\t<\/span><\/div>","aioseo_breadcrumb_json":[{"label":"Home","link":"https:\/\/www.binauralmedia.org\/news"},{"label":"Not\u00edcias","link":"https:\/\/www.binauralmedia.org\/news\/arquivo\/category\/news"},{"label":"Lan\u00e7amento do CD \u201cCancioneiro do Linho e da Vida Rural de V\u00e1rzea de Calde\u201c","link":"https:\/\/www.binauralmedia.org\/news\/arquivo\/10828"}],"_links":{"self":[{"href":"https:\/\/www.binauralmedia.org\/news\/wp-json\/wp\/v2\/posts\/10828","targetHints":{"allow":["GET"]}}],"collection":[{"href":"https:\/\/www.binauralmedia.org\/news\/wp-json\/wp\/v2\/posts"}],"about":[{"href":"https:\/\/www.binauralmedia.org\/news\/wp-json\/wp\/v2\/types\/post"}],"author":[{"embeddable":true,"href":"https:\/\/www.binauralmedia.org\/news\/wp-json\/wp\/v2\/users\/2"}],"replies":[{"embeddable":true,"href":"https:\/\/www.binauralmedia.org\/news\/wp-json\/wp\/v2\/comments?post=10828"}],"version-history":[{"count":3,"href":"https:\/\/www.binauralmedia.org\/news\/wp-json\/wp\/v2\/posts\/10828\/revisions"}],"predecessor-version":[{"id":13347,"href":"https:\/\/www.binauralmedia.org\/news\/wp-json\/wp\/v2\/posts\/10828\/revisions\/13347"}],"wp:featuredmedia":[{"embeddable":true,"href":"https:\/\/www.binauralmedia.org\/news\/wp-json\/wp\/v2\/media\/10830"}],"wp:attachment":[{"href":"https:\/\/www.binauralmedia.org\/news\/wp-json\/wp\/v2\/media?parent=10828"}],"wp:term":[{"taxonomy":"category","embeddable":true,"href":"https:\/\/www.binauralmedia.org\/news\/wp-json\/wp\/v2\/categories?post=10828"},{"taxonomy":"post_tag","embeddable":true,"href":"https:\/\/www.binauralmedia.org\/news\/wp-json\/wp\/v2\/tags?post=10828"}],"curies":[{"name":"wp","href":"https:\/\/api.w.org\/{rel}","templated":true}]}}