{"id":10803,"date":"2018-09-10T09:52:51","date_gmt":"2018-09-10T08:52:51","guid":{"rendered":"https:\/\/binauralmedia.org\/news\/?p=10803"},"modified":"2021-08-16T15:40:44","modified_gmt":"2021-08-16T15:40:44","slug":"segundo-boletim-semestral-do-projeto-europeu-reseau-tramontana-iii","status":"publish","type":"post","link":"https:\/\/www.binauralmedia.org\/news\/arquivo\/10803","title":{"rendered":"Segundo boletim semestral do projeto europeu\u00a0R\u00e9seau Tramontana\u00a0III"},"content":{"rendered":"<p>Temos o prazer de compartilhar o segundo boletim semestral do projeto europeu\u00a0<a id=\"js_7ks\" class=\"profileLink\" href=\"https:\/\/www.facebook.com\/reseautramontana\/?fref=mentions&amp;__xts__%5B0%5D=68.ARArVOBY1TUqJpG5MIGYuDp-mTPVBX0IHiHQBJpknIsEOFsJ9kP9LvnIFWMMUdFH2vTZKI9i9sod7lIPxsmCsoVpELn_aS0N0W9O9d8UmquaXp2tRZ6wNpme5aOhFqg97O0AFoOi-75TA5Yt2U5_3YLrslFM0K6Xmvzy88WGZV8yxVpzh_MgOw&amp;__tn__=K-R\" data-hovercard=\"\/ajax\/hovercard\/page.php?id=1611308852462699&amp;extragetparams=%7B%22fref%22%3A%22mentions%22%7D\" data-hovercard-prefer-more-content-show=\"1\" aria-describedby=\"js_7kr\" aria-owns=\"\">R\u00e9seau Tramontana<\/a>\u00a0III (programa\u00a0<a class=\"profileLink\" href=\"https:\/\/www.facebook.com\/CreativeEuropeEU\/?fref=mentions&amp;__xts__%5B0%5D=68.ARArVOBY1TUqJpG5MIGYuDp-mTPVBX0IHiHQBJpknIsEOFsJ9kP9LvnIFWMMUdFH2vTZKI9i9sod7lIPxsmCsoVpELn_aS0N0W9O9d8UmquaXp2tRZ6wNpme5aOhFqg97O0AFoOi-75TA5Yt2U5_3YLrslFM0K6Xmvzy88WGZV8yxVpzh_MgOw&amp;__tn__=K-R\" data-hovercard=\"\/ajax\/hovercard\/page.php?id=603554766349702&amp;extragetparams=%7B%22fref%22%3A%22mentions%22%7D\" data-hovercard-prefer-more-content-show=\"1\">Creative Europe<\/a>), atualmente liderado pela\u00a0<a class=\"profileLink\" href=\"https:\/\/www.facebook.com\/binauralnodar\/?fref=mentions&amp;__xts__%5B0%5D=68.ARArVOBY1TUqJpG5MIGYuDp-mTPVBX0IHiHQBJpknIsEOFsJ9kP9LvnIFWMMUdFH2vTZKI9i9sod7lIPxsmCsoVpELn_aS0N0W9O9d8UmquaXp2tRZ6wNpme5aOhFqg97O0AFoOi-75TA5Yt2U5_3YLrslFM0K6Xmvzy88WGZV8yxVpzh_MgOw&amp;__tn__=K-R\" data-hovercard=\"\/ajax\/hovercard\/page.php?id=200896253290478&amp;extragetparams=%7B%22fref%22%3A%22mentions%22%7D\" data-hovercard-prefer-more-content-show=\"1\">Binaural Nodar<\/a>, cujo desenvolvimento cobre um per\u00edodo de 1 de julho de 2017 a 30 de junho de 2019, estando relacionado com a documenta\u00e7\u00e3o, cataloga\u00e7\u00e3o, difus\u00e3o e promo\u00e7\u00e3o de aspectos ligados \u00e0s culturas das regi\u00f5es montanhosas europeias, gra\u00e7as ao trabalho de oito entidades culturais: Binaural\/Nodar (Portugal),\u00a0<a class=\"profileLink\" href=\"https:\/\/www.facebook.com\/bambun.abruzzo\/?fref=mentions&amp;__xts__%5B0%5D=68.ARArVOBY1TUqJpG5MIGYuDp-mTPVBX0IHiHQBJpknIsEOFsJ9kP9LvnIFWMMUdFH2vTZKI9i9sod7lIPxsmCsoVpELn_aS0N0W9O9d8UmquaXp2tRZ6wNpme5aOhFqg97O0AFoOi-75TA5Yt2U5_3YLrslFM0K6Xmvzy88WGZV8yxVpzh_MgOw&amp;__tn__=K-R\" data-hovercard=\"\/ajax\/hovercard\/page.php?id=146821965512269&amp;extragetparams=%7B%22fref%22%3A%22mentions%22%7D\" data-hovercard-prefer-more-content-show=\"1\">Bambun<\/a>\u00a0(It\u00e1lia<span class=\"text_exposed_show\">), Nosauts de Big\u00f2rra (Fran\u00e7a), Eth Ostau Comeng\u00e9s (Fran\u00e7a), LEM-Italia (It\u00e1lia),\u00a0<a class=\"profileLink\" href=\"https:\/\/www.facebook.com\/akademiaprofil\/?fref=mentions&amp;__xts__%5B0%5D=68.ARArVOBY1TUqJpG5MIGYuDp-mTPVBX0IHiHQBJpknIsEOFsJ9kP9LvnIFWMMUdFH2vTZKI9i9sod7lIPxsmCsoVpELn_aS0N0W9O9d8UmquaXp2tRZ6wNpme5aOhFqg97O0AFoOi-75TA5Yt2U5_3YLrslFM0K6Xmvzy88WGZV8yxVpzh_MgOw&amp;__tn__=K-R\" data-hovercard=\"\/ajax\/hovercard\/page.php?id=162309463809158&amp;extragetparams=%7B%22fref%22%3A%22mentions%22%7D\" data-hovercard-prefer-more-content-show=\"1\">Akademia Profil<\/a>\u00a0(Pol\u00f3nia), Audiolab (Espanha) e Num\u00e9riculture Gascogne (Fran\u00e7a). Este projeto co-financiado representa o terceiro ciclo de um esfor\u00e7o coletivo em larga escala que come\u00e7ou em 2012.<\/span><\/p>\n<div class=\"text_exposed_show\">\n<p>Anunciamos tamb\u00e9m que o projeto Tramontana III foi selecionado pela Comiss\u00e3o Europeia como uma hist\u00f3ria de sucesso no marco do Ano Europeu do Patrim\u00f3nio Cultural 2018. Nesse sentido, foi produzido um v\u00eddeo para celebrar nosso projeto, mostrando que a Europa rural \u00e9 compat\u00edvel com abordagens culturais contempor\u00e2neas e destacando a diversidade de a\u00e7\u00f5es implementadas.<\/p>\n<p>https:\/\/mailchi.mp\/0c22544194a4\/tramontana-european-network-newsletter-2<\/p>\n<p>&nbsp;<\/p>\n<div class=\"video-shortcode\"><iframe title=\"Success story &#039;Tramontana Network&#039;\" width=\"1100\" height=\"619\" src=\"https:\/\/www.youtube.com\/embed\/mKlyCVteQow?feature=oembed\" frameborder=\"0\" allow=\"accelerometer; autoplay; encrypted-media; gyroscope; picture-in-picture\" allowfullscreen><\/iframe><\/div>\n<p>&nbsp;<\/p>\n<\/div>\n","protected":false},"excerpt":{"rendered":"<p>Temos o prazer de compartilhar o segundo boletim semestral do  [&#8230;]<\/p>\n","protected":false},"author":2,"featured_media":10804,"comment_status":"closed","ping_status":"closed","sticky":false,"template":"","format":"standard","meta":{"_acf_changed":false,"_bbp_topic_count":0,"_bbp_reply_count":0,"_bbp_total_topic_count":0,"_bbp_total_reply_count":0,"_bbp_voice_count":0,"_bbp_anonymous_reply_count":0,"_bbp_topic_count_hidden":0,"_bbp_reply_count_hidden":0,"_bbp_forum_subforum_count":0,"footnotes":""},"categories":[1],"tags":[],"class_list":["post-10803","post","type-post","status-publish","format-standard","has-post-thumbnail","hentry","category-news"],"acf":[],"aioseo_notices":[],"aioseo_head":"\n\t\t<!-- All in One SEO 5.0.1.1 - aioseo.com -->\n\t<meta name=\"description\" content=\"Temos o prazer de compartilhar o segundo boletim semestral do projeto europeu R\u00e9seau Tramontana III (programa Creative Europe), atualmente liderado pela Binaural Nodar, cujo desenvolvimento cobre um per\u00edodo de 1 de julho de 2017 a 30 de junho de 2019, estando relacionado com a documenta\u00e7\u00e3o, cataloga\u00e7\u00e3o, difus\u00e3o e promo\u00e7\u00e3o de aspectos ligados \u00e0s culturas das regi\u00f5es montanhosas europeias, gra\u00e7as\" \/>\n\t<meta name=\"robots\" content=\"max-image-preview:large\" \/>\n\t<meta name=\"author\" content=\"luiscosta\"\/>\n\t<link rel=\"canonical\" href=\"https:\/\/www.binauralmedia.org\/news\/arquivo\/10803\" \/>\n\t<meta name=\"generator\" content=\"All in One SEO (AIOSEO) 5.0.1.1\" \/>\n\t\t<meta property=\"og:locale\" content=\"pt_PT\" \/>\n\t\t<meta property=\"og:site_name\" content=\"binauralmedia.org - Rural Based Sound\/Media Arts &amp; Social Research\" \/>\n\t\t<meta property=\"og:type\" content=\"article\" \/>\n\t\t<meta property=\"og:title\" content=\"Segundo boletim semestral do projeto europeu R\u00e9seau Tramontana III - binauralmedia.org\" \/>\n\t\t<meta property=\"og:description\" content=\"Temos o prazer de compartilhar o segundo boletim semestral do projeto europeu R\u00e9seau Tramontana III (programa Creative Europe), atualmente liderado pela Binaural Nodar, cujo desenvolvimento cobre um per\u00edodo de 1 de julho de 2017 a 30 de junho de 2019, estando relacionado com a documenta\u00e7\u00e3o, cataloga\u00e7\u00e3o, difus\u00e3o e promo\u00e7\u00e3o de aspectos ligados \u00e0s culturas das regi\u00f5es montanhosas europeias, gra\u00e7as\" \/>\n\t\t<meta property=\"og:url\" content=\"https:\/\/www.binauralmedia.org\/news\/arquivo\/10803\" \/>\n\t\t<meta property=\"article:published_time\" content=\"2018-09-10T08:52:51+00:00\" \/>\n\t\t<meta property=\"article:modified_time\" content=\"2021-08-16T15:40:44+00:00\" \/>\n\t\t<meta name=\"twitter:card\" content=\"summary_large_image\" \/>\n\t\t<meta name=\"twitter:title\" content=\"Segundo boletim semestral do projeto europeu R\u00e9seau Tramontana III - binauralmedia.org\" \/>\n\t\t<meta name=\"twitter:description\" content=\"Temos o prazer de compartilhar o segundo boletim semestral do projeto europeu R\u00e9seau Tramontana III (programa Creative Europe), atualmente liderado pela Binaural Nodar, cujo desenvolvimento cobre um per\u00edodo de 1 de julho de 2017 a 30 de junho de 2019, estando relacionado com a documenta\u00e7\u00e3o, cataloga\u00e7\u00e3o, difus\u00e3o e promo\u00e7\u00e3o de aspectos ligados \u00e0s culturas das regi\u00f5es montanhosas europeias, gra\u00e7as\" \/>\n\t\t<script type=\"application\/ld+json\" class=\"aioseo-schema\">\n\t\t\t{\"@context\":\"https:\\\/\\\/schema.org\",\"@graph\":[{\"@type\":\"BlogPosting\",\"@id\":\"https:\\\/\\\/www.binauralmedia.org\\\/news\\\/arquivo\\\/10803#blogposting\",\"name\":\"Segundo boletim semestral do projeto europeu R\\u00e9seau Tramontana III - binauralmedia.org\",\"headline\":\"Segundo boletim semestral do projeto europeu\\u00a0R\\u00e9seau Tramontana\\u00a0III\",\"author\":{\"@id\":\"https:\\\/\\\/www.binauralmedia.org\\\/news\\\/arquivo\\\/author\\\/luiscosta#author\"},\"publisher\":{\"@id\":\"https:\\\/\\\/www.binauralmedia.org\\\/news\\\/#organization\"},\"image\":{\"@type\":\"ImageObject\",\"url\":\"https:\\\/\\\/www.binauralmedia.org\\\/news\\\/wp-content\\\/uploads\\\/Capturar-3.png\",\"width\":261,\"height\":192},\"datePublished\":\"2018-09-10T09:52:51+00:00\",\"dateModified\":\"2021-08-16T15:40:44+00:00\",\"inLanguage\":\"pt-PT\",\"mainEntityOfPage\":{\"@id\":\"https:\\\/\\\/www.binauralmedia.org\\\/news\\\/arquivo\\\/10803#webpage\"},\"isPartOf\":{\"@id\":\"https:\\\/\\\/www.binauralmedia.org\\\/news\\\/arquivo\\\/10803#webpage\"},\"articleSection\":\"Not\\u00edcias\"},{\"@type\":\"BreadcrumbList\",\"@id\":\"https:\\\/\\\/www.binauralmedia.org\\\/news\\\/arquivo\\\/10803#breadcrumblist\",\"itemListElement\":[{\"@type\":\"ListItem\",\"@id\":\"https:\\\/\\\/www.binauralmedia.org\\\/news#listItem\",\"position\":1,\"name\":\"Home\",\"item\":\"https:\\\/\\\/www.binauralmedia.org\\\/news\",\"nextItem\":{\"@type\":\"ListItem\",\"@id\":\"https:\\\/\\\/www.binauralmedia.org\\\/news\\\/arquivo\\\/category\\\/news#listItem\",\"name\":\"Not\\u00edcias\"}},{\"@type\":\"ListItem\",\"@id\":\"https:\\\/\\\/www.binauralmedia.org\\\/news\\\/arquivo\\\/category\\\/news#listItem\",\"position\":2,\"name\":\"Not\\u00edcias\",\"item\":\"https:\\\/\\\/www.binauralmedia.org\\\/news\\\/arquivo\\\/category\\\/news\",\"nextItem\":{\"@type\":\"ListItem\",\"@id\":\"https:\\\/\\\/www.binauralmedia.org\\\/news\\\/arquivo\\\/10803#listItem\",\"name\":\"Segundo boletim semestral do projeto europeu\\u00a0R\\u00e9seau Tramontana\\u00a0III\"},\"previousItem\":{\"@type\":\"ListItem\",\"@id\":\"https:\\\/\\\/www.binauralmedia.org\\\/news#listItem\",\"name\":\"Home\"}},{\"@type\":\"ListItem\",\"@id\":\"https:\\\/\\\/www.binauralmedia.org\\\/news\\\/arquivo\\\/10803#listItem\",\"position\":3,\"name\":\"Segundo boletim semestral do projeto europeu\\u00a0R\\u00e9seau Tramontana\\u00a0III\",\"previousItem\":{\"@type\":\"ListItem\",\"@id\":\"https:\\\/\\\/www.binauralmedia.org\\\/news\\\/arquivo\\\/category\\\/news#listItem\",\"name\":\"Not\\u00edcias\"}}]},{\"@type\":\"Organization\",\"@id\":\"https:\\\/\\\/www.binauralmedia.org\\\/news\\\/#organization\",\"name\":\"binauralmedia.org\",\"description\":\"Rural Based Sound\\\/Media Arts & Social Research\",\"url\":\"https:\\\/\\\/www.binauralmedia.org\\\/news\\\/\"},{\"@type\":\"Person\",\"@id\":\"https:\\\/\\\/www.binauralmedia.org\\\/news\\\/arquivo\\\/author\\\/luiscosta#author\",\"url\":\"https:\\\/\\\/www.binauralmedia.org\\\/news\\\/arquivo\\\/author\\\/luiscosta\",\"name\":\"luiscosta\"},{\"@type\":\"WebPage\",\"@id\":\"https:\\\/\\\/www.binauralmedia.org\\\/news\\\/arquivo\\\/10803#webpage\",\"url\":\"https:\\\/\\\/www.binauralmedia.org\\\/news\\\/arquivo\\\/10803\",\"name\":\"Segundo boletim semestral do projeto europeu R\\u00e9seau Tramontana III - binauralmedia.org\",\"description\":\"Temos o prazer de compartilhar o segundo boletim semestral do projeto europeu R\\u00e9seau Tramontana III (programa Creative Europe), atualmente liderado pela Binaural Nodar, cujo desenvolvimento cobre um per\\u00edodo de 1 de julho de 2017 a 30 de junho de 2019, estando relacionado com a documenta\\u00e7\\u00e3o, cataloga\\u00e7\\u00e3o, difus\\u00e3o e promo\\u00e7\\u00e3o de aspectos ligados \\u00e0s culturas das regi\\u00f5es montanhosas europeias, gra\\u00e7as\",\"inLanguage\":\"pt-PT\",\"isPartOf\":{\"@id\":\"https:\\\/\\\/www.binauralmedia.org\\\/news\\\/#website\"},\"breadcrumb\":{\"@id\":\"https:\\\/\\\/www.binauralmedia.org\\\/news\\\/arquivo\\\/10803#breadcrumblist\"},\"author\":{\"@id\":\"https:\\\/\\\/www.binauralmedia.org\\\/news\\\/arquivo\\\/author\\\/luiscosta#author\"},\"creator\":{\"@id\":\"https:\\\/\\\/www.binauralmedia.org\\\/news\\\/arquivo\\\/author\\\/luiscosta#author\"},\"image\":{\"@type\":\"ImageObject\",\"url\":\"https:\\\/\\\/www.binauralmedia.org\\\/news\\\/wp-content\\\/uploads\\\/Capturar-3.png\",\"@id\":\"https:\\\/\\\/www.binauralmedia.org\\\/news\\\/arquivo\\\/10803\\\/#mainImage\",\"width\":261,\"height\":192},\"primaryImageOfPage\":{\"@id\":\"https:\\\/\\\/www.binauralmedia.org\\\/news\\\/arquivo\\\/10803#mainImage\"},\"datePublished\":\"2018-09-10T09:52:51+00:00\",\"dateModified\":\"2021-08-16T15:40:44+00:00\"},{\"@type\":\"WebSite\",\"@id\":\"https:\\\/\\\/www.binauralmedia.org\\\/news\\\/#website\",\"url\":\"https:\\\/\\\/www.binauralmedia.org\\\/news\\\/\",\"name\":\"binauralmedia.org\",\"description\":\"Rural Based Sound\\\/Media Arts & Social Research\",\"inLanguage\":\"pt-PT\",\"publisher\":{\"@id\":\"https:\\\/\\\/www.binauralmedia.org\\\/news\\\/#organization\"}}]}\n\t\t<\/script>\n\t\t<!-- All in One SEO -->\n\n","aioseo_head_json":{"title":"Segundo boletim semestral do projeto europeu R\u00e9seau Tramontana III - binauralmedia.org","description":"Temos o prazer de compartilhar o segundo boletim semestral do projeto europeu R\u00e9seau Tramontana III (programa Creative Europe), atualmente liderado pela Binaural Nodar, cujo desenvolvimento cobre um per\u00edodo de 1 de julho de 2017 a 30 de junho de 2019, estando relacionado com a documenta\u00e7\u00e3o, cataloga\u00e7\u00e3o, difus\u00e3o e promo\u00e7\u00e3o de aspectos ligados \u00e0s culturas das regi\u00f5es montanhosas europeias, gra\u00e7as","canonical_url":"https:\/\/www.binauralmedia.org\/news\/arquivo\/10803","robots":"max-image-preview:large","keywords":"","webmasterTools":{"miscellaneous":""},"schema":{"@context":"https:\/\/schema.org","@graph":[{"@type":"BlogPosting","@id":"https:\/\/www.binauralmedia.org\/news\/arquivo\/10803#blogposting","name":"Segundo boletim semestral do projeto europeu R\u00e9seau Tramontana III - binauralmedia.org","headline":"Segundo boletim semestral do projeto europeu\u00a0R\u00e9seau Tramontana\u00a0III","author":{"@id":"https:\/\/www.binauralmedia.org\/news\/arquivo\/author\/luiscosta#author"},"publisher":{"@id":"https:\/\/www.binauralmedia.org\/news\/#organization"},"image":{"@type":"ImageObject","url":"https:\/\/www.binauralmedia.org\/news\/wp-content\/uploads\/Capturar-3.png","width":261,"height":192},"datePublished":"2018-09-10T09:52:51+00:00","dateModified":"2021-08-16T15:40:44+00:00","inLanguage":"pt-PT","mainEntityOfPage":{"@id":"https:\/\/www.binauralmedia.org\/news\/arquivo\/10803#webpage"},"isPartOf":{"@id":"https:\/\/www.binauralmedia.org\/news\/arquivo\/10803#webpage"},"articleSection":"Not\u00edcias"},{"@type":"BreadcrumbList","@id":"https:\/\/www.binauralmedia.org\/news\/arquivo\/10803#breadcrumblist","itemListElement":[{"@type":"ListItem","@id":"https:\/\/www.binauralmedia.org\/news#listItem","position":1,"name":"Home","item":"https:\/\/www.binauralmedia.org\/news","nextItem":{"@type":"ListItem","@id":"https:\/\/www.binauralmedia.org\/news\/arquivo\/category\/news#listItem","name":"Not\u00edcias"}},{"@type":"ListItem","@id":"https:\/\/www.binauralmedia.org\/news\/arquivo\/category\/news#listItem","position":2,"name":"Not\u00edcias","item":"https:\/\/www.binauralmedia.org\/news\/arquivo\/category\/news","nextItem":{"@type":"ListItem","@id":"https:\/\/www.binauralmedia.org\/news\/arquivo\/10803#listItem","name":"Segundo boletim semestral do projeto europeu\u00a0R\u00e9seau Tramontana\u00a0III"},"previousItem":{"@type":"ListItem","@id":"https:\/\/www.binauralmedia.org\/news#listItem","name":"Home"}},{"@type":"ListItem","@id":"https:\/\/www.binauralmedia.org\/news\/arquivo\/10803#listItem","position":3,"name":"Segundo boletim semestral do projeto europeu\u00a0R\u00e9seau Tramontana\u00a0III","previousItem":{"@type":"ListItem","@id":"https:\/\/www.binauralmedia.org\/news\/arquivo\/category\/news#listItem","name":"Not\u00edcias"}}]},{"@type":"Organization","@id":"https:\/\/www.binauralmedia.org\/news\/#organization","name":"binauralmedia.org","description":"Rural Based Sound\/Media Arts & Social Research","url":"https:\/\/www.binauralmedia.org\/news\/"},{"@type":"Person","@id":"https:\/\/www.binauralmedia.org\/news\/arquivo\/author\/luiscosta#author","url":"https:\/\/www.binauralmedia.org\/news\/arquivo\/author\/luiscosta","name":"luiscosta"},{"@type":"WebPage","@id":"https:\/\/www.binauralmedia.org\/news\/arquivo\/10803#webpage","url":"https:\/\/www.binauralmedia.org\/news\/arquivo\/10803","name":"Segundo boletim semestral do projeto europeu R\u00e9seau Tramontana III - binauralmedia.org","description":"Temos o prazer de compartilhar o segundo boletim semestral do projeto europeu R\u00e9seau Tramontana III (programa Creative Europe), atualmente liderado pela Binaural Nodar, cujo desenvolvimento cobre um per\u00edodo de 1 de julho de 2017 a 30 de junho de 2019, estando relacionado com a documenta\u00e7\u00e3o, cataloga\u00e7\u00e3o, difus\u00e3o e promo\u00e7\u00e3o de aspectos ligados \u00e0s culturas das regi\u00f5es montanhosas europeias, gra\u00e7as","inLanguage":"pt-PT","isPartOf":{"@id":"https:\/\/www.binauralmedia.org\/news\/#website"},"breadcrumb":{"@id":"https:\/\/www.binauralmedia.org\/news\/arquivo\/10803#breadcrumblist"},"author":{"@id":"https:\/\/www.binauralmedia.org\/news\/arquivo\/author\/luiscosta#author"},"creator":{"@id":"https:\/\/www.binauralmedia.org\/news\/arquivo\/author\/luiscosta#author"},"image":{"@type":"ImageObject","url":"https:\/\/www.binauralmedia.org\/news\/wp-content\/uploads\/Capturar-3.png","@id":"https:\/\/www.binauralmedia.org\/news\/arquivo\/10803\/#mainImage","width":261,"height":192},"primaryImageOfPage":{"@id":"https:\/\/www.binauralmedia.org\/news\/arquivo\/10803#mainImage"},"datePublished":"2018-09-10T09:52:51+00:00","dateModified":"2021-08-16T15:40:44+00:00"},{"@type":"WebSite","@id":"https:\/\/www.binauralmedia.org\/news\/#website","url":"https:\/\/www.binauralmedia.org\/news\/","name":"binauralmedia.org","description":"Rural Based Sound\/Media Arts & Social Research","inLanguage":"pt-PT","publisher":{"@id":"https:\/\/www.binauralmedia.org\/news\/#organization"}}]},"og:locale":"pt_PT","og:site_name":"binauralmedia.org - Rural Based Sound\/Media Arts &amp; Social Research","og:type":"article","og:title":"Segundo boletim semestral do projeto europeu R\u00e9seau Tramontana III - binauralmedia.org","og:description":"Temos o prazer de compartilhar o segundo boletim semestral do projeto europeu R\u00e9seau Tramontana III (programa Creative Europe), atualmente liderado pela Binaural Nodar, cujo desenvolvimento cobre um per\u00edodo de 1 de julho de 2017 a 30 de junho de 2019, estando relacionado com a documenta\u00e7\u00e3o, cataloga\u00e7\u00e3o, difus\u00e3o e promo\u00e7\u00e3o de aspectos ligados \u00e0s culturas das regi\u00f5es montanhosas europeias, gra\u00e7as","og:url":"https:\/\/www.binauralmedia.org\/news\/arquivo\/10803","article:published_time":"2018-09-10T08:52:51+00:00","article:modified_time":"2021-08-16T15:40:44+00:00","twitter:card":"summary_large_image","twitter:title":"Segundo boletim semestral do projeto europeu R\u00e9seau Tramontana III - binauralmedia.org","twitter:description":"Temos o prazer de compartilhar o segundo boletim semestral do projeto europeu R\u00e9seau Tramontana III (programa Creative Europe), atualmente liderado pela Binaural Nodar, cujo desenvolvimento cobre um per\u00edodo de 1 de julho de 2017 a 30 de junho de 2019, estando relacionado com a documenta\u00e7\u00e3o, cataloga\u00e7\u00e3o, difus\u00e3o e promo\u00e7\u00e3o de aspectos ligados \u00e0s culturas das regi\u00f5es montanhosas europeias, gra\u00e7as"},"aioseo_meta_data":{"post_id":"10803","title":null,"description":null,"keywords":null,"keyphrases":null,"primary_term":null,"canonical_url":null,"og_title":null,"og_description":null,"og_object_type":"default","og_image_type":"default","og_image_custom_url":null,"og_image_custom_fields":null,"og_image_url":null,"og_image_width":null,"og_image_height":null,"og_video":null,"og_custom_url":null,"og_article_section":null,"og_article_tags":null,"twitter_use_og":false,"twitter_card":"default","twitter_image_type":"default","twitter_image_custom_url":null,"twitter_image_custom_fields":null,"twitter_image_url":null,"twitter_title":null,"twitter_description":null,"schema_type":"default","schema_type_options":null,"schema":{"blockGraphs":[],"customGraphs":[],"default":{"data":{"Article":[],"Course":[],"Dataset":[],"FAQPage":[],"Movie":[],"Person":[],"Product":[],"ProductReview":[],"Car":[],"Recipe":[],"Service":[],"SoftwareApplication":[],"WebPage":[]},"graphName":"","isEnabled":true},"graphs":[]},"pillar_content":false,"robots_default":true,"robots_noindex":false,"robots_noarchive":false,"robots_nosnippet":false,"robots_nofollow":false,"robots_noimageindex":false,"robots_noodp":false,"robots_notranslate":false,"robots_max_snippet":null,"robots_max_videopreview":null,"robots_max_imagepreview":"large","priority":null,"frequency":null,"local_seo":null,"limit_modified_date":false,"ai":null,"breadcrumb_settings":null,"seo_analyzer_scan_date":null,"created":"2026-08-05 03:46:34","updated":"2026-08-05 03:46:34","focus_keyword":null,"additional_keywords":null,"truseo_locale":null},"aioseo_breadcrumb":"<div class=\"aioseo-breadcrumbs\"><span class=\"aioseo-breadcrumb\">\n\t\t\t<a href=\"https:\/\/www.binauralmedia.org\/news\" title=\"Home\">Home<\/a>\n\t\t<\/span><span class=\"aioseo-breadcrumb-separator\">&raquo;<\/span><span class=\"aioseo-breadcrumb\">\n\t\t\t<a href=\"https:\/\/www.binauralmedia.org\/news\/arquivo\/category\/news\" title=\"Not\u00edcias\">Not\u00edcias<\/a>\n\t\t<\/span><span class=\"aioseo-breadcrumb-separator\">&raquo;<\/span><span class=\"aioseo-breadcrumb\">\n\t\t\tSegundo boletim semestral do projeto europeu R\u00e9seau Tramontana III\n\t\t<\/span><\/div>","aioseo_breadcrumb_json":[{"label":"Home","link":"https:\/\/www.binauralmedia.org\/news"},{"label":"Not\u00edcias","link":"https:\/\/www.binauralmedia.org\/news\/arquivo\/category\/news"},{"label":"Segundo boletim semestral do projeto europeu\u00a0R\u00e9seau Tramontana\u00a0III","link":"https:\/\/www.binauralmedia.org\/news\/arquivo\/10803"}],"_links":{"self":[{"href":"https:\/\/www.binauralmedia.org\/news\/wp-json\/wp\/v2\/posts\/10803","targetHints":{"allow":["GET"]}}],"collection":[{"href":"https:\/\/www.binauralmedia.org\/news\/wp-json\/wp\/v2\/posts"}],"about":[{"href":"https:\/\/www.binauralmedia.org\/news\/wp-json\/wp\/v2\/types\/post"}],"author":[{"embeddable":true,"href":"https:\/\/www.binauralmedia.org\/news\/wp-json\/wp\/v2\/users\/2"}],"replies":[{"embeddable":true,"href":"https:\/\/www.binauralmedia.org\/news\/wp-json\/wp\/v2\/comments?post=10803"}],"version-history":[{"count":2,"href":"https:\/\/www.binauralmedia.org\/news\/wp-json\/wp\/v2\/posts\/10803\/revisions"}],"predecessor-version":[{"id":13344,"href":"https:\/\/www.binauralmedia.org\/news\/wp-json\/wp\/v2\/posts\/10803\/revisions\/13344"}],"wp:featuredmedia":[{"embeddable":true,"href":"https:\/\/www.binauralmedia.org\/news\/wp-json\/wp\/v2\/media\/10804"}],"wp:attachment":[{"href":"https:\/\/www.binauralmedia.org\/news\/wp-json\/wp\/v2\/media?parent=10803"}],"wp:term":[{"taxonomy":"category","embeddable":true,"href":"https:\/\/www.binauralmedia.org\/news\/wp-json\/wp\/v2\/categories?post=10803"},{"taxonomy":"post_tag","embeddable":true,"href":"https:\/\/www.binauralmedia.org\/news\/wp-json\/wp\/v2\/tags?post=10803"}],"curies":[{"name":"wp","href":"https:\/\/api.w.org\/{rel}","templated":true}]}}