{"id":10794,"date":"2018-08-21T16:48:08","date_gmt":"2018-08-21T16:48:08","guid":{"rendered":"https:\/\/binauralmedia.org\/news\/?p=10794"},"modified":"2021-08-16T15:40:43","modified_gmt":"2021-08-16T15:40:43","slug":"exposicao-de-ilustracao-de-liliana-silvabinaural-nodar","status":"publish","type":"post","link":"https:\/\/www.binauralmedia.org\/news\/arquivo\/10794","title":{"rendered":"Exposi\u00e7\u00e3o de Ilustra\u00e7\u00e3o de Liliana Silva|Binaural Nodar"},"content":{"rendered":"<p>A Binaural Nodar tem o gosto de vos convidar para a inaugura\u00e7\u00e3o da exposi\u00e7\u00e3o \u201cOs Instrumentos do Linho\u201d, com ilustra\u00e7\u00f5es de\u00a0<a class=\"profileLink\" href=\"https:\/\/www.facebook.com\/liliana.silva.7355?fref=mentions&amp;__xts__%5B0%5D=68.ARCx4tGpAG6wZ9kh41Hf9R_OV4BTrGrkngLvDWOLexa10TJipbWbFPAGhOJaO5I6GObkSmmnKyp_rBqkQUhQmm6TqlA3sZu8sXnJLex7JsRtUBsXlv2l4u51jgNyl9OyfhWvDFwdYdJNRYOXtX1h-Z3FLDA-d4f5qi0sTdg3ewzGINF9p7ORmg&amp;__tn__=K-R\" data-hovercard=\"\/ajax\/hovercard\/user.php?id=100000405526915&amp;extragetparams=%7B%22fref%22%3A%22mentions%22%7D\" data-hovercard-prefer-more-content-show=\"1\">Liliana Silva<\/a>(<a class=\"profileLink\" href=\"https:\/\/www.facebook.com\/binauralnodar\/?fref=mentions&amp;__xts__%5B0%5D=68.ARCx4tGpAG6wZ9kh41Hf9R_OV4BTrGrkngLvDWOLexa10TJipbWbFPAGhOJaO5I6GObkSmmnKyp_rBqkQUhQmm6TqlA3sZu8sXnJLex7JsRtUBsXlv2l4u51jgNyl9OyfhWvDFwdYdJNRYOXtX1h-Z3FLDA-d4f5qi0sTdg3ewzGINF9p7ORmg&amp;__tn__=K-R\" data-hovercard=\"\/ajax\/hovercard\/page.php?id=200896253290478&amp;extragetparams=%7B%22fref%22%3A%22mentions%22%7D\" data-hovercard-prefer-more-content-show=\"1\">Binaural Nodar<\/a>), que integram o livro \u201cV\u00e1rzea de Calde, uma aldeia tecida a linho\u201d, com a coordena\u00e7\u00e3o de\u00a0<a class=\"profileLink\" href=\"https:\/\/www.facebook.com\/luiscgomesdacosta?fref=mentions&amp;__xts__%5B0%5D=68.ARCx4tGpAG6wZ9kh41Hf9R_OV4BTrGrkngLvDWOLexa10TJipbWbFPAGhOJaO5I6GObkSmmnKyp_rBqkQUhQmm6TqlA3sZu8sXnJLex7JsRtUBsXlv2l4u51jgNyl9OyfhWvDFwdYdJNRYOXtX1h-Z3FLDA-d4f5qi0sTdg3ewzGINF9p7ORmg&amp;__tn__=K-R\" data-hovercard=\"\/ajax\/hovercard\/user.php?id=100009613350007&amp;extragetparams=%7B%22fref%22%3A%22mentions%22%7D\" data-hovercard-prefer-more-content-show=\"1\">Luis Gomes da Costa<\/a>, o qual faz parte do projeto Viseu Rural 2.0, cofinanciado pelo Munic\u00edpio de Viseu , pela Comiss\u00e3o Europeia (programa Europa Criativa &#8211; projeto\u00a0<a class=\"profileLink\" href=\"https:\/\/www.facebook.com\/reseautramontana\/?fref=mentions&amp;__xts__%5B0%5D=68.ARCx4tGpAG6wZ9kh41Hf9R_OV4BTrGrkngLvDWOLexa10TJipbWbFPAGhOJaO5I6GObkSmmnKyp_rBqkQUhQmm6TqlA3sZu8sXnJLex7JsRtUBsXlv2l4u51jgNyl9OyfhWvDFwdYdJNRYOXtX1h-Z3FLDA-d4f5qi0sTdg3ewzGINF9p7ORmg&amp;__tn__=K-R\" data-hovercard=\"\/ajax\/hovercard\/page.php?id=1611308852462699&amp;extragetparams=%7B%22fref%22%3A%22mentions%22%7D\" data-hovercard-prefer-more-content-show=\"1\">R\u00e9seau Tramontana<\/a>) e pela\u00a0<a class=\"profileLink\" href=\"https:\/\/www.facebook.com\/DGArtes\/?fref=mentions&amp;__xts__%5B0%5D=68.ARCx4tGpAG6wZ9kh41Hf9R_OV4BTrGrkngLvDWOLexa10TJipbWbFPAGhOJaO5I6GObkSmmnKyp_rBqkQUhQmm6TqlA3sZu8sXnJLex7JsRtUBsXlv2l4u51jgNyl9OyfhWvDFwdYdJNRYOXtX1h-Z3FLDA-d4f5qi0sTdg3ewzGINF9p7ORmg&amp;__tn__=K-R\" data-hovercard=\"\/ajax\/hovercard\/page.php?id=172524329455693&amp;extragetparams=%7B%22fref%22%3A%22mentions%22%7D\" data-hovercard-prefer-more-content-show=\"1\">Dire\u00e7\u00e3o-Geral das Artes<\/a>.<br \/>\nA apresenta\u00e7\u00e3o ser\u00e1 dia 23 de Agosto, pelas 21H00 na Feira de S\u00e3o Mateus (<a class=\"profileLink\" href=\"https:\/\/www.facebook.com\/municipioviseu\/?fref=mentions&amp;__xts__%5B0%5D=68.ARCx4tGpAG6wZ9kh41Hf9R_OV4BTrGrkngLvDWOLexa10TJipbWbFPAGhOJaO5I6GObkSmmnKyp_rBqkQUhQmm6TqlA3sZu8sXnJLex7JsRtUBsXlv2l4u51jgNyl9OyfhWvDFwdYdJNRYOXtX1h-Z3FLDA-d4f5qi0sTdg3ewzGINF9p7ORmg&amp;__tn__=K-R\" data-hovercard=\"\/ajax\/hovercard\/page.php?id=1427492384135715&amp;extragetparams=%7B%22fref%22%3A%22mentions%22%7D\" data-hovercard-prefer-more-content-show=\"1\">Munic\u00edpio de Viseu<\/a>), dia dedicado ao linho de V\u00e1rzea de Calde. Contamos com a sua presen\u00e7a!<\/p>\n<p><img decoding=\"async\" class=\"lazyload alignnone size-full wp-image-10795\" src=\"http:\/\/www.binauralmedia.org\/news\/\/wp-content\/uploads\/39750221_1918776251502461_6371155865570902016_n.jpg\" data-orig-src=\"http:\/\/www.binauralmedia.org\/news\/\/wp-content\/uploads\/39750221_1918776251502461_6371155865570902016_n.jpg\" alt=\"\" width=\"683\" height=\"960\" srcset=\"data:image\/svg+xml,%3Csvg%20xmlns%3D%27http%3A%2F%2Fwww.w3.org%2F2000%2Fsvg%27%20width%3D%27683%27%20height%3D%27960%27%20viewBox%3D%270%200%20683%20960%27%3E%3Crect%20width%3D%27683%27%20height%3D%27960%27%20fill-opacity%3D%220%22%2F%3E%3C%2Fsvg%3E\" data-srcset=\"https:\/\/www.binauralmedia.org\/news\/wp-content\/uploads\/39750221_1918776251502461_6371155865570902016_n-200x281.jpg 200w, https:\/\/www.binauralmedia.org\/news\/wp-content\/uploads\/39750221_1918776251502461_6371155865570902016_n-213x300.jpg 213w, https:\/\/www.binauralmedia.org\/news\/wp-content\/uploads\/39750221_1918776251502461_6371155865570902016_n-400x562.jpg 400w, https:\/\/www.binauralmedia.org\/news\/wp-content\/uploads\/39750221_1918776251502461_6371155865570902016_n-500x703.jpg 500w, https:\/\/www.binauralmedia.org\/news\/wp-content\/uploads\/39750221_1918776251502461_6371155865570902016_n-600x843.jpg 600w, https:\/\/www.binauralmedia.org\/news\/wp-content\/uploads\/39750221_1918776251502461_6371155865570902016_n.jpg 683w\" data-sizes=\"auto\" data-orig-sizes=\"(max-width: 683px) 100vw, 683px\" \/><\/p>\n","protected":false},"excerpt":{"rendered":"<p>A Binaural Nodar tem o gosto de vos convidar para  [&#8230;]<\/p>\n","protected":false},"author":2,"featured_media":10796,"comment_status":"closed","ping_status":"closed","sticky":false,"template":"","format":"standard","meta":{"_acf_changed":false,"_bbp_topic_count":0,"_bbp_reply_count":0,"_bbp_total_topic_count":0,"_bbp_total_reply_count":0,"_bbp_voice_count":0,"_bbp_anonymous_reply_count":0,"_bbp_topic_count_hidden":0,"_bbp_reply_count_hidden":0,"_bbp_forum_subforum_count":0,"footnotes":""},"categories":[1158,1],"tags":[],"class_list":["post-10794","post","type-post","status-publish","format-standard","has-post-thumbnail","hentry","category-visual-sound-ethnograhpy","category-news"],"acf":[],"aioseo_notices":[],"aioseo_head":"\n\t\t<!-- All in One SEO 5.0.1.1 - aioseo.com -->\n\t<meta name=\"description\" content=\"A Binaural Nodar tem o gosto de vos convidar para a inaugura\u00e7\u00e3o da exposi\u00e7\u00e3o \u201cOs Instrumentos do Linho\u201d, com ilustra\u00e7\u00f5es de Liliana Silva(Binaural Nodar), que integram o livro \u201cV\u00e1rzea de Calde, uma aldeia tecida a linho\u201d, com a coordena\u00e7\u00e3o de Luis Gomes da Costa, o qual faz parte do projeto Viseu Rural 2.0, cofinanciado pelo Munic\u00edpio de\" \/>\n\t<meta name=\"robots\" content=\"max-image-preview:large\" \/>\n\t<meta name=\"author\" content=\"luiscosta\"\/>\n\t<link rel=\"canonical\" href=\"https:\/\/www.binauralmedia.org\/news\/arquivo\/10794\" \/>\n\t<meta name=\"generator\" content=\"All in One SEO (AIOSEO) 5.0.1.1\" \/>\n\t\t<meta property=\"og:locale\" content=\"pt_PT\" \/>\n\t\t<meta property=\"og:site_name\" content=\"binauralmedia.org - Rural Based Sound\/Media Arts &amp; Social Research\" \/>\n\t\t<meta property=\"og:type\" content=\"article\" \/>\n\t\t<meta property=\"og:title\" content=\"Exposi\u00e7\u00e3o de Ilustra\u00e7\u00e3o de Liliana Silva|Binaural Nodar - binauralmedia.org\" \/>\n\t\t<meta property=\"og:description\" content=\"A Binaural Nodar tem o gosto de vos convidar para a inaugura\u00e7\u00e3o da exposi\u00e7\u00e3o \u201cOs Instrumentos do Linho\u201d, com ilustra\u00e7\u00f5es de Liliana Silva(Binaural Nodar), que integram o livro \u201cV\u00e1rzea de Calde, uma aldeia tecida a linho\u201d, com a coordena\u00e7\u00e3o de Luis Gomes da Costa, o qual faz parte do projeto Viseu Rural 2.0, cofinanciado pelo Munic\u00edpio de\" \/>\n\t\t<meta property=\"og:url\" content=\"https:\/\/www.binauralmedia.org\/news\/arquivo\/10794\" \/>\n\t\t<meta property=\"article:published_time\" content=\"2018-08-21T16:48:08+00:00\" \/>\n\t\t<meta property=\"article:modified_time\" content=\"2021-08-16T15:40:43+00:00\" \/>\n\t\t<meta name=\"twitter:card\" content=\"summary_large_image\" \/>\n\t\t<meta name=\"twitter:title\" content=\"Exposi\u00e7\u00e3o de Ilustra\u00e7\u00e3o de Liliana Silva|Binaural Nodar - binauralmedia.org\" \/>\n\t\t<meta name=\"twitter:description\" content=\"A Binaural Nodar tem o gosto de vos convidar para a inaugura\u00e7\u00e3o da exposi\u00e7\u00e3o \u201cOs Instrumentos do Linho\u201d, com ilustra\u00e7\u00f5es de Liliana Silva(Binaural Nodar), que integram o livro \u201cV\u00e1rzea de Calde, uma aldeia tecida a linho\u201d, com a coordena\u00e7\u00e3o de Luis Gomes da Costa, o qual faz parte do projeto Viseu Rural 2.0, cofinanciado pelo Munic\u00edpio de\" \/>\n\t\t<script type=\"application\/ld+json\" class=\"aioseo-schema\">\n\t\t\t{\"@context\":\"https:\\\/\\\/schema.org\",\"@graph\":[{\"@type\":\"BlogPosting\",\"@id\":\"https:\\\/\\\/www.binauralmedia.org\\\/news\\\/arquivo\\\/10794#blogposting\",\"name\":\"Exposi\\u00e7\\u00e3o de Ilustra\\u00e7\\u00e3o de Liliana Silva|Binaural Nodar - binauralmedia.org\",\"headline\":\"Exposi\\u00e7\\u00e3o de Ilustra\\u00e7\\u00e3o de Liliana Silva|Binaural Nodar\",\"author\":{\"@id\":\"https:\\\/\\\/www.binauralmedia.org\\\/news\\\/arquivo\\\/author\\\/luiscosta#author\"},\"publisher\":{\"@id\":\"https:\\\/\\\/www.binauralmedia.org\\\/news\\\/#organization\"},\"image\":{\"@type\":\"ImageObject\",\"url\":\"https:\\\/\\\/www.binauralmedia.org\\\/news\\\/wp-content\\\/uploads\\\/Capturar-2.png\",\"width\":274,\"height\":406},\"datePublished\":\"2018-08-21T16:48:08+00:00\",\"dateModified\":\"2021-08-16T15:40:43+00:00\",\"inLanguage\":\"pt-PT\",\"mainEntityOfPage\":{\"@id\":\"https:\\\/\\\/www.binauralmedia.org\\\/news\\\/arquivo\\\/10794#webpage\"},\"isPartOf\":{\"@id\":\"https:\\\/\\\/www.binauralmedia.org\\\/news\\\/arquivo\\\/10794#webpage\"},\"articleSection\":\"Etnografia Sonora e Visual, Not\\u00edcias\"},{\"@type\":\"BreadcrumbList\",\"@id\":\"https:\\\/\\\/www.binauralmedia.org\\\/news\\\/arquivo\\\/10794#breadcrumblist\",\"itemListElement\":[{\"@type\":\"ListItem\",\"@id\":\"https:\\\/\\\/www.binauralmedia.org\\\/news#listItem\",\"position\":1,\"name\":\"Home\",\"item\":\"https:\\\/\\\/www.binauralmedia.org\\\/news\",\"nextItem\":{\"@type\":\"ListItem\",\"@id\":\"https:\\\/\\\/www.binauralmedia.org\\\/news\\\/arquivo\\\/category\\\/news#listItem\",\"name\":\"Not\\u00edcias\"}},{\"@type\":\"ListItem\",\"@id\":\"https:\\\/\\\/www.binauralmedia.org\\\/news\\\/arquivo\\\/category\\\/news#listItem\",\"position\":2,\"name\":\"Not\\u00edcias\",\"item\":\"https:\\\/\\\/www.binauralmedia.org\\\/news\\\/arquivo\\\/category\\\/news\",\"nextItem\":{\"@type\":\"ListItem\",\"@id\":\"https:\\\/\\\/www.binauralmedia.org\\\/news\\\/arquivo\\\/10794#listItem\",\"name\":\"Exposi\\u00e7\\u00e3o de Ilustra\\u00e7\\u00e3o de Liliana Silva|Binaural Nodar\"},\"previousItem\":{\"@type\":\"ListItem\",\"@id\":\"https:\\\/\\\/www.binauralmedia.org\\\/news#listItem\",\"name\":\"Home\"}},{\"@type\":\"ListItem\",\"@id\":\"https:\\\/\\\/www.binauralmedia.org\\\/news\\\/arquivo\\\/10794#listItem\",\"position\":3,\"name\":\"Exposi\\u00e7\\u00e3o de Ilustra\\u00e7\\u00e3o de Liliana Silva|Binaural Nodar\",\"previousItem\":{\"@type\":\"ListItem\",\"@id\":\"https:\\\/\\\/www.binauralmedia.org\\\/news\\\/arquivo\\\/category\\\/news#listItem\",\"name\":\"Not\\u00edcias\"}}]},{\"@type\":\"Organization\",\"@id\":\"https:\\\/\\\/www.binauralmedia.org\\\/news\\\/#organization\",\"name\":\"binauralmedia.org\",\"description\":\"Rural Based Sound\\\/Media Arts & Social Research\",\"url\":\"https:\\\/\\\/www.binauralmedia.org\\\/news\\\/\"},{\"@type\":\"Person\",\"@id\":\"https:\\\/\\\/www.binauralmedia.org\\\/news\\\/arquivo\\\/author\\\/luiscosta#author\",\"url\":\"https:\\\/\\\/www.binauralmedia.org\\\/news\\\/arquivo\\\/author\\\/luiscosta\",\"name\":\"luiscosta\"},{\"@type\":\"WebPage\",\"@id\":\"https:\\\/\\\/www.binauralmedia.org\\\/news\\\/arquivo\\\/10794#webpage\",\"url\":\"https:\\\/\\\/www.binauralmedia.org\\\/news\\\/arquivo\\\/10794\",\"name\":\"Exposi\\u00e7\\u00e3o de Ilustra\\u00e7\\u00e3o de Liliana Silva|Binaural Nodar - binauralmedia.org\",\"description\":\"A Binaural Nodar tem o gosto de vos convidar para a inaugura\\u00e7\\u00e3o da exposi\\u00e7\\u00e3o \\u201cOs Instrumentos do Linho\\u201d, com ilustra\\u00e7\\u00f5es de Liliana Silva(Binaural Nodar), que integram o livro \\u201cV\\u00e1rzea de Calde, uma aldeia tecida a linho\\u201d, com a coordena\\u00e7\\u00e3o de Luis Gomes da Costa, o qual faz parte do projeto Viseu Rural 2.0, cofinanciado pelo Munic\\u00edpio de\",\"inLanguage\":\"pt-PT\",\"isPartOf\":{\"@id\":\"https:\\\/\\\/www.binauralmedia.org\\\/news\\\/#website\"},\"breadcrumb\":{\"@id\":\"https:\\\/\\\/www.binauralmedia.org\\\/news\\\/arquivo\\\/10794#breadcrumblist\"},\"author\":{\"@id\":\"https:\\\/\\\/www.binauralmedia.org\\\/news\\\/arquivo\\\/author\\\/luiscosta#author\"},\"creator\":{\"@id\":\"https:\\\/\\\/www.binauralmedia.org\\\/news\\\/arquivo\\\/author\\\/luiscosta#author\"},\"image\":{\"@type\":\"ImageObject\",\"url\":\"https:\\\/\\\/www.binauralmedia.org\\\/news\\\/wp-content\\\/uploads\\\/Capturar-2.png\",\"@id\":\"https:\\\/\\\/www.binauralmedia.org\\\/news\\\/arquivo\\\/10794\\\/#mainImage\",\"width\":274,\"height\":406},\"primaryImageOfPage\":{\"@id\":\"https:\\\/\\\/www.binauralmedia.org\\\/news\\\/arquivo\\\/10794#mainImage\"},\"datePublished\":\"2018-08-21T16:48:08+00:00\",\"dateModified\":\"2021-08-16T15:40:43+00:00\"},{\"@type\":\"WebSite\",\"@id\":\"https:\\\/\\\/www.binauralmedia.org\\\/news\\\/#website\",\"url\":\"https:\\\/\\\/www.binauralmedia.org\\\/news\\\/\",\"name\":\"binauralmedia.org\",\"description\":\"Rural Based Sound\\\/Media Arts & Social Research\",\"inLanguage\":\"pt-PT\",\"publisher\":{\"@id\":\"https:\\\/\\\/www.binauralmedia.org\\\/news\\\/#organization\"}}]}\n\t\t<\/script>\n\t\t<!-- All in One SEO -->\n\n","aioseo_head_json":{"title":"Exposi\u00e7\u00e3o de Ilustra\u00e7\u00e3o de Liliana Silva|Binaural Nodar - binauralmedia.org","description":"A Binaural Nodar tem o gosto de vos convidar para a inaugura\u00e7\u00e3o da exposi\u00e7\u00e3o \u201cOs Instrumentos do Linho\u201d, com ilustra\u00e7\u00f5es de Liliana Silva(Binaural Nodar), que integram o livro \u201cV\u00e1rzea de Calde, uma aldeia tecida a linho\u201d, com a coordena\u00e7\u00e3o de Luis Gomes da Costa, o qual faz parte do projeto Viseu Rural 2.0, cofinanciado pelo Munic\u00edpio de","canonical_url":"https:\/\/www.binauralmedia.org\/news\/arquivo\/10794","robots":"max-image-preview:large","keywords":"","webmasterTools":{"miscellaneous":""},"schema":{"@context":"https:\/\/schema.org","@graph":[{"@type":"BlogPosting","@id":"https:\/\/www.binauralmedia.org\/news\/arquivo\/10794#blogposting","name":"Exposi\u00e7\u00e3o de Ilustra\u00e7\u00e3o de Liliana Silva|Binaural Nodar - binauralmedia.org","headline":"Exposi\u00e7\u00e3o de Ilustra\u00e7\u00e3o de Liliana Silva|Binaural Nodar","author":{"@id":"https:\/\/www.binauralmedia.org\/news\/arquivo\/author\/luiscosta#author"},"publisher":{"@id":"https:\/\/www.binauralmedia.org\/news\/#organization"},"image":{"@type":"ImageObject","url":"https:\/\/www.binauralmedia.org\/news\/wp-content\/uploads\/Capturar-2.png","width":274,"height":406},"datePublished":"2018-08-21T16:48:08+00:00","dateModified":"2021-08-16T15:40:43+00:00","inLanguage":"pt-PT","mainEntityOfPage":{"@id":"https:\/\/www.binauralmedia.org\/news\/arquivo\/10794#webpage"},"isPartOf":{"@id":"https:\/\/www.binauralmedia.org\/news\/arquivo\/10794#webpage"},"articleSection":"Etnografia Sonora e Visual, Not\u00edcias"},{"@type":"BreadcrumbList","@id":"https:\/\/www.binauralmedia.org\/news\/arquivo\/10794#breadcrumblist","itemListElement":[{"@type":"ListItem","@id":"https:\/\/www.binauralmedia.org\/news#listItem","position":1,"name":"Home","item":"https:\/\/www.binauralmedia.org\/news","nextItem":{"@type":"ListItem","@id":"https:\/\/www.binauralmedia.org\/news\/arquivo\/category\/news#listItem","name":"Not\u00edcias"}},{"@type":"ListItem","@id":"https:\/\/www.binauralmedia.org\/news\/arquivo\/category\/news#listItem","position":2,"name":"Not\u00edcias","item":"https:\/\/www.binauralmedia.org\/news\/arquivo\/category\/news","nextItem":{"@type":"ListItem","@id":"https:\/\/www.binauralmedia.org\/news\/arquivo\/10794#listItem","name":"Exposi\u00e7\u00e3o de Ilustra\u00e7\u00e3o de Liliana Silva|Binaural Nodar"},"previousItem":{"@type":"ListItem","@id":"https:\/\/www.binauralmedia.org\/news#listItem","name":"Home"}},{"@type":"ListItem","@id":"https:\/\/www.binauralmedia.org\/news\/arquivo\/10794#listItem","position":3,"name":"Exposi\u00e7\u00e3o de Ilustra\u00e7\u00e3o de Liliana Silva|Binaural Nodar","previousItem":{"@type":"ListItem","@id":"https:\/\/www.binauralmedia.org\/news\/arquivo\/category\/news#listItem","name":"Not\u00edcias"}}]},{"@type":"Organization","@id":"https:\/\/www.binauralmedia.org\/news\/#organization","name":"binauralmedia.org","description":"Rural Based Sound\/Media Arts & Social Research","url":"https:\/\/www.binauralmedia.org\/news\/"},{"@type":"Person","@id":"https:\/\/www.binauralmedia.org\/news\/arquivo\/author\/luiscosta#author","url":"https:\/\/www.binauralmedia.org\/news\/arquivo\/author\/luiscosta","name":"luiscosta"},{"@type":"WebPage","@id":"https:\/\/www.binauralmedia.org\/news\/arquivo\/10794#webpage","url":"https:\/\/www.binauralmedia.org\/news\/arquivo\/10794","name":"Exposi\u00e7\u00e3o de Ilustra\u00e7\u00e3o de Liliana Silva|Binaural Nodar - binauralmedia.org","description":"A Binaural Nodar tem o gosto de vos convidar para a inaugura\u00e7\u00e3o da exposi\u00e7\u00e3o \u201cOs Instrumentos do Linho\u201d, com ilustra\u00e7\u00f5es de Liliana Silva(Binaural Nodar), que integram o livro \u201cV\u00e1rzea de Calde, uma aldeia tecida a linho\u201d, com a coordena\u00e7\u00e3o de Luis Gomes da Costa, o qual faz parte do projeto Viseu Rural 2.0, cofinanciado pelo Munic\u00edpio de","inLanguage":"pt-PT","isPartOf":{"@id":"https:\/\/www.binauralmedia.org\/news\/#website"},"breadcrumb":{"@id":"https:\/\/www.binauralmedia.org\/news\/arquivo\/10794#breadcrumblist"},"author":{"@id":"https:\/\/www.binauralmedia.org\/news\/arquivo\/author\/luiscosta#author"},"creator":{"@id":"https:\/\/www.binauralmedia.org\/news\/arquivo\/author\/luiscosta#author"},"image":{"@type":"ImageObject","url":"https:\/\/www.binauralmedia.org\/news\/wp-content\/uploads\/Capturar-2.png","@id":"https:\/\/www.binauralmedia.org\/news\/arquivo\/10794\/#mainImage","width":274,"height":406},"primaryImageOfPage":{"@id":"https:\/\/www.binauralmedia.org\/news\/arquivo\/10794#mainImage"},"datePublished":"2018-08-21T16:48:08+00:00","dateModified":"2021-08-16T15:40:43+00:00"},{"@type":"WebSite","@id":"https:\/\/www.binauralmedia.org\/news\/#website","url":"https:\/\/www.binauralmedia.org\/news\/","name":"binauralmedia.org","description":"Rural Based Sound\/Media Arts & Social Research","inLanguage":"pt-PT","publisher":{"@id":"https:\/\/www.binauralmedia.org\/news\/#organization"}}]},"og:locale":"pt_PT","og:site_name":"binauralmedia.org - Rural Based Sound\/Media Arts &amp; Social Research","og:type":"article","og:title":"Exposi\u00e7\u00e3o de Ilustra\u00e7\u00e3o de Liliana Silva|Binaural Nodar - binauralmedia.org","og:description":"A Binaural Nodar tem o gosto de vos convidar para a inaugura\u00e7\u00e3o da exposi\u00e7\u00e3o \u201cOs Instrumentos do Linho\u201d, com ilustra\u00e7\u00f5es de Liliana Silva(Binaural Nodar), que integram o livro \u201cV\u00e1rzea de Calde, uma aldeia tecida a linho\u201d, com a coordena\u00e7\u00e3o de Luis Gomes da Costa, o qual faz parte do projeto Viseu Rural 2.0, cofinanciado pelo Munic\u00edpio de","og:url":"https:\/\/www.binauralmedia.org\/news\/arquivo\/10794","article:published_time":"2018-08-21T16:48:08+00:00","article:modified_time":"2021-08-16T15:40:43+00:00","twitter:card":"summary_large_image","twitter:title":"Exposi\u00e7\u00e3o de Ilustra\u00e7\u00e3o de Liliana Silva|Binaural Nodar - binauralmedia.org","twitter:description":"A Binaural Nodar tem o gosto de vos convidar para a inaugura\u00e7\u00e3o da exposi\u00e7\u00e3o \u201cOs Instrumentos do Linho\u201d, com ilustra\u00e7\u00f5es de Liliana Silva(Binaural Nodar), que integram o livro \u201cV\u00e1rzea de Calde, uma aldeia tecida a linho\u201d, com a coordena\u00e7\u00e3o de Luis Gomes da Costa, o qual faz parte do projeto Viseu Rural 2.0, cofinanciado pelo Munic\u00edpio de"},"aioseo_meta_data":{"post_id":"10794","title":null,"description":null,"keywords":null,"keyphrases":null,"primary_term":null,"canonical_url":null,"og_title":null,"og_description":null,"og_object_type":"default","og_image_type":"default","og_image_custom_url":null,"og_image_custom_fields":null,"og_image_url":null,"og_image_width":null,"og_image_height":null,"og_video":null,"og_custom_url":null,"og_article_section":null,"og_article_tags":null,"twitter_use_og":false,"twitter_card":"default","twitter_image_type":"default","twitter_image_custom_url":null,"twitter_image_custom_fields":null,"twitter_image_url":null,"twitter_title":null,"twitter_description":null,"schema_type":"default","schema_type_options":null,"schema":{"blockGraphs":[],"customGraphs":[],"default":{"data":{"Article":[],"Course":[],"Dataset":[],"FAQPage":[],"Movie":[],"Person":[],"Product":[],"ProductReview":[],"Car":[],"Recipe":[],"Service":[],"SoftwareApplication":[],"WebPage":[]},"graphName":"","isEnabled":true},"graphs":[]},"pillar_content":false,"robots_default":true,"robots_noindex":false,"robots_noarchive":false,"robots_nosnippet":false,"robots_nofollow":false,"robots_noimageindex":false,"robots_noodp":false,"robots_notranslate":false,"robots_max_snippet":null,"robots_max_videopreview":null,"robots_max_imagepreview":"large","priority":null,"frequency":null,"local_seo":null,"limit_modified_date":false,"ai":null,"breadcrumb_settings":null,"seo_analyzer_scan_date":null,"created":"2026-08-05 03:44:40","updated":"2026-08-05 03:44:40","focus_keyword":null,"additional_keywords":null,"truseo_locale":null},"aioseo_breadcrumb":"<div class=\"aioseo-breadcrumbs\"><span class=\"aioseo-breadcrumb\">\n\t\t\t<a href=\"https:\/\/www.binauralmedia.org\/news\" title=\"Home\">Home<\/a>\n\t\t<\/span><span class=\"aioseo-breadcrumb-separator\">&raquo;<\/span><span class=\"aioseo-breadcrumb\">\n\t\t\t<a href=\"https:\/\/www.binauralmedia.org\/news\/arquivo\/category\/news\" title=\"Not\u00edcias\">Not\u00edcias<\/a>\n\t\t<\/span><span class=\"aioseo-breadcrumb-separator\">&raquo;<\/span><span class=\"aioseo-breadcrumb\">\n\t\t\tExposi\u00e7\u00e3o de Ilustra\u00e7\u00e3o de Liliana Silva|Binaural Nodar\n\t\t<\/span><\/div>","aioseo_breadcrumb_json":[{"label":"Home","link":"https:\/\/www.binauralmedia.org\/news"},{"label":"Not\u00edcias","link":"https:\/\/www.binauralmedia.org\/news\/arquivo\/category\/news"},{"label":"Exposi\u00e7\u00e3o de Ilustra\u00e7\u00e3o de Liliana Silva|Binaural Nodar","link":"https:\/\/www.binauralmedia.org\/news\/arquivo\/10794"}],"_links":{"self":[{"href":"https:\/\/www.binauralmedia.org\/news\/wp-json\/wp\/v2\/posts\/10794","targetHints":{"allow":["GET"]}}],"collection":[{"href":"https:\/\/www.binauralmedia.org\/news\/wp-json\/wp\/v2\/posts"}],"about":[{"href":"https:\/\/www.binauralmedia.org\/news\/wp-json\/wp\/v2\/types\/post"}],"author":[{"embeddable":true,"href":"https:\/\/www.binauralmedia.org\/news\/wp-json\/wp\/v2\/users\/2"}],"replies":[{"embeddable":true,"href":"https:\/\/www.binauralmedia.org\/news\/wp-json\/wp\/v2\/comments?post=10794"}],"version-history":[{"count":2,"href":"https:\/\/www.binauralmedia.org\/news\/wp-json\/wp\/v2\/posts\/10794\/revisions"}],"predecessor-version":[{"id":13342,"href":"https:\/\/www.binauralmedia.org\/news\/wp-json\/wp\/v2\/posts\/10794\/revisions\/13342"}],"wp:featuredmedia":[{"embeddable":true,"href":"https:\/\/www.binauralmedia.org\/news\/wp-json\/wp\/v2\/media\/10796"}],"wp:attachment":[{"href":"https:\/\/www.binauralmedia.org\/news\/wp-json\/wp\/v2\/media?parent=10794"}],"wp:term":[{"taxonomy":"category","embeddable":true,"href":"https:\/\/www.binauralmedia.org\/news\/wp-json\/wp\/v2\/categories?post=10794"},{"taxonomy":"post_tag","embeddable":true,"href":"https:\/\/www.binauralmedia.org\/news\/wp-json\/wp\/v2\/tags?post=10794"}],"curies":[{"name":"wp","href":"https:\/\/api.w.org\/{rel}","templated":true}]}}